{"id":89012,"date":"2026-03-12T14:10:22","date_gmt":"2026-03-12T13:10:22","guid":{"rendered":"https:\/\/vosgesinfo.fr\/gerardmerinfo\/?p=89012"},"modified":"2026-03-14T15:52:56","modified_gmt":"2026-03-14T14:52:56","slug":"vague-de-medaille-pour-lasg-natation","status":"publish","type":"post","link":"https:\/\/vosgesinfo.fr\/gerardmerinfo\/2026\/03\/vague-de-medaille-pour-lasg-natation\/","title":{"rendered":"Vague de m\u00e9daille pour l&rsquo;ASG Natation"},"content":{"rendered":"<p data-pm-slice=\"1 1 []\"><a href=\"https:\/\/vosgesinfo.fr\/app\/uploads\/sites\/6\/2026\/03\/img-20260314-155053.jpg\"><img decoding=\"async\" class=\"aligncenter size-large wp-image-89074\" src=\"https:\/\/vosgesinfo.fr\/app\/uploads\/sites\/6\/2026\/03\/img-20260314-155053-1024x906.jpg\" alt=\"\" width=\"1024\" height=\"906\" srcset=\"https:\/\/vosgesinfo.fr\/app\/uploads\/sites\/6\/2026\/03\/img-20260314-155053-1024x906.jpg 1024w, https:\/\/vosgesinfo.fr\/app\/uploads\/sites\/6\/2026\/03\/img-20260314-155053-300x266.jpg 300w, https:\/\/vosgesinfo.fr\/app\/uploads\/sites\/6\/2026\/03\/img-20260314-155053-768x680.jpg 768w, https:\/\/vosgesinfo.fr\/app\/uploads\/sites\/6\/2026\/03\/img-20260314-155053.jpg 1220w\" sizes=\"(max-width: 1024px) 100vw, 1024px\" \/><\/a> <a href=\"https:\/\/vosgesinfo.fr\/app\/uploads\/sites\/6\/2026\/03\/img-20260314-155048.jpg\"><img decoding=\"async\" class=\"aligncenter size-large wp-image-89075\" src=\"https:\/\/vosgesinfo.fr\/app\/uploads\/sites\/6\/2026\/03\/img-20260314-155048-576x1024.jpg\" alt=\"\" width=\"576\" height=\"1024\" srcset=\"https:\/\/vosgesinfo.fr\/app\/uploads\/sites\/6\/2026\/03\/img-20260314-155048-576x1024.jpg 576w, https:\/\/vosgesinfo.fr\/app\/uploads\/sites\/6\/2026\/03\/img-20260314-155048-169x300.jpg 169w, https:\/\/vosgesinfo.fr\/app\/uploads\/sites\/6\/2026\/03\/img-20260314-155048.jpg 608w\" sizes=\"(max-width: 576px) 100vw, 576px\" \/><\/a><\/p>\n<p data-pm-slice=\"1 1 []\">Cinq filles et trois gar\u00e7ons ont fait le d\u00e9placement \u00e0 Remiremont pour le deuxi\u00e8me VOSG&rsquo;NAT. Accueil sympathique, bonne ambiance, tout \u00e9tait r\u00e9uni pour performer dans le bassin.<\/p>\n<p>Sur cette journ\u00e9e, les nageuses et nageurs de l&rsquo;ASG ont montr\u00e9 leurs talents, \u00e7a nage bien, les chronos sont am\u00e9lior\u00e9s et huit m\u00e9dailles ont \u00e9t\u00e9 r\u00e9colt\u00e9es.<\/p>\n<p>Deux nageurs issus de l&rsquo;\u00e9cole de natation du club et une nageuse du groupe adulte ont particip\u00e9 \u00e0 leur premi\u00e8re comp\u00e9tition.<\/p>\n<p><strong>\u00a0Les podiums :\u00a0<\/strong><\/p>\n<p>Dubois-Lecomte Rosalie : m\u00e9daille d&rsquo;argent sur le 25 m NL et 25 m Dos.<\/p>\n<p>Une sixi\u00e8me place sur 100 m NL (vu son jeune \u00e2ge, \u00e0 six ans la performance est l\u00e0 ! )<\/p>\n<p>Martinez Manon : M\u00e9daille d&rsquo;argent sur 200 m NL ; M\u00e9daille de bronze sur 50 m NL.<\/p>\n<p>De-Nardin Maxime : m\u00e9daille d&rsquo;argent sur 25 m Brasse.<\/p>\n<p>Dubois Aur\u00e9lie : m\u00e9daille de bronze sur 100 m brasse<\/p>\n<p>Rivoalen Hugo : m\u00e9dailles d&rsquo;argent sur 50 m NL et 100 m brasse.<\/p>\n<p>Encouragement pour De-Nardin L\u00e9o engag\u00e9 sur 50 m et 100 m NL.<\/p>\n<p>Merci \u00e0 Poirier Morgane pour sa participation \u00e0 cette journ\u00e9e non pas comme nageuse mais comme officielle Natation course. Elle r\u00e9alise une belle prestation au chronom\u00e9trage. Le club envisage ainsi de lui faire suivre un stage pour officialiser cette fonction. le club tient \u00e9galement \u00e0 remercier les parents qui assistent Jacky Lecoanet au bord du bassin, ainsi que les entraineurs pour le travail accompli.<\/p>\n","protected":false},"excerpt":{"rendered":"<p>Cinq filles et trois gar\u00e7ons ont fait le d\u00e9placement \u00e0 Remiremont pour le deuxi\u00e8me VOSG&rsquo;NAT. Accueil sympathique, bonne ambiance, tout [&hellip;]<\/p>\n","protected":false},"author":391,"featured_media":89075,"comment_status":"open","ping_status":"open","sticky":false,"template":"","format":"standard","meta":{"footnotes":""},"categories":[20,5647],"tags":[527,7264,8487],"class_list":["post-89012","post","type-post","status-publish","format-standard","has-post-thumbnail","hentry","category-a-la-une","category-gerardmer-autres-sites","tag-asg-natation","tag-hugo-rivoalen","tag-manon-martinez"],"acf":[],"yoast_head":"<!-- This site is optimized with the Yoast SEO plugin v22.5 - https:\/\/yoast.com\/wordpress\/plugins\/seo\/ -->\n<title>Vague de m\u00e9daille pour l&#039;ASG Natation - Gerardmer Info<\/title>\n<meta name=\"robots\" content=\"index, follow, max-snippet:-1, max-image-preview:large, max-video-preview:-1\" \/>\n<link rel=\"canonical\" href=\"https:\/\/vosgesinfo.fr\/gerardmerinfo\/2026\/03\/vague-de-medaille-pour-lasg-natation\/\" \/>\n<meta name=\"twitter:card\" content=\"summary_large_image\" \/>\n<meta name=\"twitter:title\" content=\"Vague de m\u00e9daille pour l&#039;ASG Natation - Gerardmer Info\" \/>\n<meta name=\"twitter:description\" content=\"Cinq filles et trois gar\u00e7ons ont fait le d\u00e9placement \u00e0 Remiremont pour le deuxi\u00e8me VOSG&rsquo;NAT. Accueil sympathique, bonne ambiance, tout [&hellip;]\" \/>\n<meta name=\"twitter:image\" content=\"https:\/\/vosgesinfo.fr\/app\/uploads\/sites\/6\/2026\/03\/img-20260314-155048.jpg\" \/>\n<meta name=\"twitter:creator\" content=\"@VosgesInfo88\" \/>\n<meta name=\"twitter:site\" content=\"@VosgesInfo88\" \/>\n<meta name=\"twitter:label1\" content=\"\u00c9crit par\" \/>\n\t<meta name=\"twitter:data1\" content=\"La redaction\" \/>\n\t<meta name=\"twitter:label2\" content=\"Dur\u00e9e de lecture estim\u00e9e\" \/>\n\t<meta name=\"twitter:data2\" content=\"2 minutes\" \/>\n<script type=\"application\/ld+json\" class=\"yoast-schema-graph\">{\"@context\":\"https:\/\/schema.org\",\"@graph\":[{\"@type\":\"Article\",\"@id\":\"https:\/\/vosgesinfo.fr\/gerardmerinfo\/2026\/03\/vague-de-medaille-pour-lasg-natation\/#article\",\"isPartOf\":{\"@id\":\"https:\/\/vosgesinfo.fr\/gerardmerinfo\/2026\/03\/vague-de-medaille-pour-lasg-natation\/\"},\"author\":{\"name\":\"La redaction\",\"@id\":\"https:\/\/vosgesinfo.fr\/gerardmerinfo\/#\/schema\/person\/27a3695b06db98895b354c0765cdfc31\"},\"headline\":\"Vague de m\u00e9daille pour l&rsquo;ASG Natation\",\"datePublished\":\"2026-03-12T13:10:22+00:00\",\"dateModified\":\"2026-03-14T14:52:56+00:00\",\"mainEntityOfPage\":{\"@id\":\"https:\/\/vosgesinfo.fr\/gerardmerinfo\/2026\/03\/vague-de-medaille-pour-lasg-natation\/\"},\"wordCount\":249,\"commentCount\":0,\"publisher\":{\"@id\":\"https:\/\/vosgesinfo.fr\/gerardmerinfo\/#organization\"},\"image\":{\"@id\":\"https:\/\/vosgesinfo.fr\/gerardmerinfo\/2026\/03\/vague-de-medaille-pour-lasg-natation\/#primaryimage\"},\"thumbnailUrl\":\"https:\/\/vosgesinfo.fr\/app\/uploads\/sites\/6\/2026\/03\/img-20260314-155048.jpg\",\"keywords\":[\"asg natation\",\"Hugo Rivoalen\",\"Manon Martinez\"],\"articleSection\":[\"A la une\",\"Gerardmer\"],\"inLanguage\":\"fr-FR\",\"potentialAction\":[{\"@type\":\"CommentAction\",\"name\":\"Comment\",\"target\":[\"https:\/\/vosgesinfo.fr\/gerardmerinfo\/2026\/03\/vague-de-medaille-pour-lasg-natation\/#respond\"]}]},{\"@type\":\"WebPage\",\"@id\":\"https:\/\/vosgesinfo.fr\/gerardmerinfo\/2026\/03\/vague-de-medaille-pour-lasg-natation\/\",\"url\":\"https:\/\/vosgesinfo.fr\/gerardmerinfo\/2026\/03\/vague-de-medaille-pour-lasg-natation\/\",\"name\":\"Vague de m\u00e9daille pour l'ASG Natation - Gerardmer Info\",\"isPartOf\":{\"@id\":\"https:\/\/vosgesinfo.fr\/gerardmerinfo\/#website\"},\"primaryImageOfPage\":{\"@id\":\"https:\/\/vosgesinfo.fr\/gerardmerinfo\/2026\/03\/vague-de-medaille-pour-lasg-natation\/#primaryimage\"},\"image\":{\"@id\":\"https:\/\/vosgesinfo.fr\/gerardmerinfo\/2026\/03\/vague-de-medaille-pour-lasg-natation\/#primaryimage\"},\"thumbnailUrl\":\"https:\/\/vosgesinfo.fr\/app\/uploads\/sites\/6\/2026\/03\/img-20260314-155048.jpg\",\"datePublished\":\"2026-03-12T13:10:22+00:00\",\"dateModified\":\"2026-03-14T14:52:56+00:00\",\"breadcrumb\":{\"@id\":\"https:\/\/vosgesinfo.fr\/gerardmerinfo\/2026\/03\/vague-de-medaille-pour-lasg-natation\/#breadcrumb\"},\"inLanguage\":\"fr-FR\",\"potentialAction\":[{\"@type\":\"ReadAction\",\"target\":[\"https:\/\/vosgesinfo.fr\/gerardmerinfo\/2026\/03\/vague-de-medaille-pour-lasg-natation\/\"]}]},{\"@type\":\"ImageObject\",\"inLanguage\":\"fr-FR\",\"@id\":\"https:\/\/vosgesinfo.fr\/gerardmerinfo\/2026\/03\/vague-de-medaille-pour-lasg-natation\/#primaryimage\",\"url\":\"https:\/\/vosgesinfo.fr\/app\/uploads\/sites\/6\/2026\/03\/img-20260314-155048.jpg\",\"contentUrl\":\"https:\/\/vosgesinfo.fr\/app\/uploads\/sites\/6\/2026\/03\/img-20260314-155048.jpg\",\"width\":608,\"height\":1080},{\"@type\":\"BreadcrumbList\",\"@id\":\"https:\/\/vosgesinfo.fr\/gerardmerinfo\/2026\/03\/vague-de-medaille-pour-lasg-natation\/#breadcrumb\",\"itemListElement\":[{\"@type\":\"ListItem\",\"position\":1,\"name\":\"Home\",\"item\":\"https:\/\/vosgesinfo.fr\/gerardmerinfo\/\"},{\"@type\":\"ListItem\",\"position\":2,\"name\":\"Vague de m\u00e9daille pour l&#8217;ASG Natation\"}]},{\"@type\":\"WebSite\",\"@id\":\"https:\/\/vosgesinfo.fr\/gerardmerinfo\/#website\",\"url\":\"https:\/\/vosgesinfo.fr\/gerardmerinfo\/\",\"name\":\"Gerardmer Info\",\"description\":\"Toute l&#039;actualit\u00e9 de G\u00e9rardmer\",\"publisher\":{\"@id\":\"https:\/\/vosgesinfo.fr\/gerardmerinfo\/#organization\"},\"alternateName\":\"Toute l'actualit\u00e9 de G\u00e9rardmer\",\"potentialAction\":[{\"@type\":\"SearchAction\",\"target\":{\"@type\":\"EntryPoint\",\"urlTemplate\":\"https:\/\/vosgesinfo.fr\/gerardmerinfo\/?s={search_term_string}\"},\"query-input\":\"required name=search_term_string\"}],\"inLanguage\":\"fr-FR\"},{\"@type\":\"Organization\",\"@id\":\"https:\/\/vosgesinfo.fr\/gerardmerinfo\/#organization\",\"name\":\"Gerardmer Info\",\"url\":\"https:\/\/vosgesinfo.fr\/gerardmerinfo\/\",\"logo\":{\"@type\":\"ImageObject\",\"inLanguage\":\"fr-FR\",\"@id\":\"https:\/\/vosgesinfo.fr\/gerardmerinfo\/#\/schema\/logo\/image\/\",\"url\":\"https:\/\/vosgesinfo.fr\/app\/uploads\/sites\/6\/2023\/08\/favicon-gerardmerinfo.png\",\"contentUrl\":\"https:\/\/vosgesinfo.fr\/app\/uploads\/sites\/6\/2023\/08\/favicon-gerardmerinfo.png\",\"width\":512,\"height\":512,\"caption\":\"Gerardmer Info\"},\"image\":{\"@id\":\"https:\/\/vosgesinfo.fr\/gerardmerinfo\/#\/schema\/logo\/image\/\"},\"sameAs\":[\"https:\/\/www.facebook.com\/profile.php?id=100049475262660\",\"https:\/\/x.com\/VosgesInfo88\",\"https:\/\/www.youtube.com\/@vosgesinfo\"]},{\"@type\":\"Person\",\"@id\":\"https:\/\/vosgesinfo.fr\/gerardmerinfo\/#\/schema\/person\/27a3695b06db98895b354c0765cdfc31\",\"name\":\"La redaction\",\"image\":{\"@type\":\"ImageObject\",\"inLanguage\":\"fr-FR\",\"@id\":\"https:\/\/vosgesinfo.fr\/gerardmerinfo\/#\/schema\/person\/image\/\",\"url\":\"https:\/\/secure.gravatar.com\/avatar\/64c76a78e501cedee55736f43f332df901e1896ae9cd8fad269ae2236dd0e8b6?s=96&d=mm&r=g\",\"contentUrl\":\"https:\/\/secure.gravatar.com\/avatar\/64c76a78e501cedee55736f43f332df901e1896ae9cd8fad269ae2236dd0e8b6?s=96&d=mm&r=g\",\"caption\":\"La redaction\"},\"url\":\"https:\/\/vosgesinfo.fr\/gerardmerinfo\/author\/la-redaction\/\"}]}<\/script>\n<!-- \/ Yoast SEO plugin. -->","yoast_head_json":{"title":"Vague de m\u00e9daille pour l'ASG Natation - Gerardmer Info","robots":{"index":"index","follow":"follow","max-snippet":"max-snippet:-1","max-image-preview":"max-image-preview:large","max-video-preview":"max-video-preview:-1"},"canonical":"https:\/\/vosgesinfo.fr\/gerardmerinfo\/2026\/03\/vague-de-medaille-pour-lasg-natation\/","twitter_card":"summary_large_image","twitter_title":"Vague de m\u00e9daille pour l'ASG Natation - Gerardmer Info","twitter_description":"Cinq filles et trois gar\u00e7ons ont fait le d\u00e9placement \u00e0 Remiremont pour le deuxi\u00e8me VOSG&rsquo;NAT. Accueil sympathique, bonne ambiance, tout [&hellip;]","twitter_image":"https:\/\/vosgesinfo.fr\/app\/uploads\/sites\/6\/2026\/03\/img-20260314-155048.jpg","twitter_creator":"@VosgesInfo88","twitter_site":"@VosgesInfo88","twitter_misc":{"\u00c9crit par":"La redaction","Dur\u00e9e de lecture estim\u00e9e":"2 minutes"},"schema":{"@context":"https:\/\/schema.org","@graph":[{"@type":"Article","@id":"https:\/\/vosgesinfo.fr\/gerardmerinfo\/2026\/03\/vague-de-medaille-pour-lasg-natation\/#article","isPartOf":{"@id":"https:\/\/vosgesinfo.fr\/gerardmerinfo\/2026\/03\/vague-de-medaille-pour-lasg-natation\/"},"author":{"name":"La redaction","@id":"https:\/\/vosgesinfo.fr\/gerardmerinfo\/#\/schema\/person\/27a3695b06db98895b354c0765cdfc31"},"headline":"Vague de m\u00e9daille pour l&rsquo;ASG Natation","datePublished":"2026-03-12T13:10:22+00:00","dateModified":"2026-03-14T14:52:56+00:00","mainEntityOfPage":{"@id":"https:\/\/vosgesinfo.fr\/gerardmerinfo\/2026\/03\/vague-de-medaille-pour-lasg-natation\/"},"wordCount":249,"commentCount":0,"publisher":{"@id":"https:\/\/vosgesinfo.fr\/gerardmerinfo\/#organization"},"image":{"@id":"https:\/\/vosgesinfo.fr\/gerardmerinfo\/2026\/03\/vague-de-medaille-pour-lasg-natation\/#primaryimage"},"thumbnailUrl":"https:\/\/vosgesinfo.fr\/app\/uploads\/sites\/6\/2026\/03\/img-20260314-155048.jpg","keywords":["asg natation","Hugo Rivoalen","Manon Martinez"],"articleSection":["A la une","Gerardmer"],"inLanguage":"fr-FR","potentialAction":[{"@type":"CommentAction","name":"Comment","target":["https:\/\/vosgesinfo.fr\/gerardmerinfo\/2026\/03\/vague-de-medaille-pour-lasg-natation\/#respond"]}]},{"@type":"WebPage","@id":"https:\/\/vosgesinfo.fr\/gerardmerinfo\/2026\/03\/vague-de-medaille-pour-lasg-natation\/","url":"https:\/\/vosgesinfo.fr\/gerardmerinfo\/2026\/03\/vague-de-medaille-pour-lasg-natation\/","name":"Vague de m\u00e9daille pour l'ASG Natation - Gerardmer Info","isPartOf":{"@id":"https:\/\/vosgesinfo.fr\/gerardmerinfo\/#website"},"primaryImageOfPage":{"@id":"https:\/\/vosgesinfo.fr\/gerardmerinfo\/2026\/03\/vague-de-medaille-pour-lasg-natation\/#primaryimage"},"image":{"@id":"https:\/\/vosgesinfo.fr\/gerardmerinfo\/2026\/03\/vague-de-medaille-pour-lasg-natation\/#primaryimage"},"thumbnailUrl":"https:\/\/vosgesinfo.fr\/app\/uploads\/sites\/6\/2026\/03\/img-20260314-155048.jpg","datePublished":"2026-03-12T13:10:22+00:00","dateModified":"2026-03-14T14:52:56+00:00","breadcrumb":{"@id":"https:\/\/vosgesinfo.fr\/gerardmerinfo\/2026\/03\/vague-de-medaille-pour-lasg-natation\/#breadcrumb"},"inLanguage":"fr-FR","potentialAction":[{"@type":"ReadAction","target":["https:\/\/vosgesinfo.fr\/gerardmerinfo\/2026\/03\/vague-de-medaille-pour-lasg-natation\/"]}]},{"@type":"ImageObject","inLanguage":"fr-FR","@id":"https:\/\/vosgesinfo.fr\/gerardmerinfo\/2026\/03\/vague-de-medaille-pour-lasg-natation\/#primaryimage","url":"https:\/\/vosgesinfo.fr\/app\/uploads\/sites\/6\/2026\/03\/img-20260314-155048.jpg","contentUrl":"https:\/\/vosgesinfo.fr\/app\/uploads\/sites\/6\/2026\/03\/img-20260314-155048.jpg","width":608,"height":1080},{"@type":"BreadcrumbList","@id":"https:\/\/vosgesinfo.fr\/gerardmerinfo\/2026\/03\/vague-de-medaille-pour-lasg-natation\/#breadcrumb","itemListElement":[{"@type":"ListItem","position":1,"name":"Home","item":"https:\/\/vosgesinfo.fr\/gerardmerinfo\/"},{"@type":"ListItem","position":2,"name":"Vague de m\u00e9daille pour l&#8217;ASG Natation"}]},{"@type":"WebSite","@id":"https:\/\/vosgesinfo.fr\/gerardmerinfo\/#website","url":"https:\/\/vosgesinfo.fr\/gerardmerinfo\/","name":"Gerardmer Info","description":"Toute l&#039;actualit\u00e9 de G\u00e9rardmer","publisher":{"@id":"https:\/\/vosgesinfo.fr\/gerardmerinfo\/#organization"},"alternateName":"Toute l'actualit\u00e9 de G\u00e9rardmer","potentialAction":[{"@type":"SearchAction","target":{"@type":"EntryPoint","urlTemplate":"https:\/\/vosgesinfo.fr\/gerardmerinfo\/?s={search_term_string}"},"query-input":"required name=search_term_string"}],"inLanguage":"fr-FR"},{"@type":"Organization","@id":"https:\/\/vosgesinfo.fr\/gerardmerinfo\/#organization","name":"Gerardmer Info","url":"https:\/\/vosgesinfo.fr\/gerardmerinfo\/","logo":{"@type":"ImageObject","inLanguage":"fr-FR","@id":"https:\/\/vosgesinfo.fr\/gerardmerinfo\/#\/schema\/logo\/image\/","url":"https:\/\/vosgesinfo.fr\/app\/uploads\/sites\/6\/2023\/08\/favicon-gerardmerinfo.png","contentUrl":"https:\/\/vosgesinfo.fr\/app\/uploads\/sites\/6\/2023\/08\/favicon-gerardmerinfo.png","width":512,"height":512,"caption":"Gerardmer Info"},"image":{"@id":"https:\/\/vosgesinfo.fr\/gerardmerinfo\/#\/schema\/logo\/image\/"},"sameAs":["https:\/\/www.facebook.com\/profile.php?id=100049475262660","https:\/\/x.com\/VosgesInfo88","https:\/\/www.youtube.com\/@vosgesinfo"]},{"@type":"Person","@id":"https:\/\/vosgesinfo.fr\/gerardmerinfo\/#\/schema\/person\/27a3695b06db98895b354c0765cdfc31","name":"La redaction","image":{"@type":"ImageObject","inLanguage":"fr-FR","@id":"https:\/\/vosgesinfo.fr\/gerardmerinfo\/#\/schema\/person\/image\/","url":"https:\/\/secure.gravatar.com\/avatar\/64c76a78e501cedee55736f43f332df901e1896ae9cd8fad269ae2236dd0e8b6?s=96&d=mm&r=g","contentUrl":"https:\/\/secure.gravatar.com\/avatar\/64c76a78e501cedee55736f43f332df901e1896ae9cd8fad269ae2236dd0e8b6?s=96&d=mm&r=g","caption":"La redaction"},"url":"https:\/\/vosgesinfo.fr\/gerardmerinfo\/author\/la-redaction\/"}]}},"_links":{"self":[{"href":"https:\/\/vosgesinfo.fr\/gerardmerinfo\/wp-json\/wp\/v2\/posts\/89012","targetHints":{"allow":["GET"]}}],"collection":[{"href":"https:\/\/vosgesinfo.fr\/gerardmerinfo\/wp-json\/wp\/v2\/posts"}],"about":[{"href":"https:\/\/vosgesinfo.fr\/gerardmerinfo\/wp-json\/wp\/v2\/types\/post"}],"author":[{"embeddable":true,"href":"https:\/\/vosgesinfo.fr\/gerardmerinfo\/wp-json\/wp\/v2\/users\/391"}],"replies":[{"embeddable":true,"href":"https:\/\/vosgesinfo.fr\/gerardmerinfo\/wp-json\/wp\/v2\/comments?post=89012"}],"version-history":[{"count":2,"href":"https:\/\/vosgesinfo.fr\/gerardmerinfo\/wp-json\/wp\/v2\/posts\/89012\/revisions"}],"predecessor-version":[{"id":89076,"href":"https:\/\/vosgesinfo.fr\/gerardmerinfo\/wp-json\/wp\/v2\/posts\/89012\/revisions\/89076"}],"wp:featuredmedia":[{"embeddable":true,"href":"https:\/\/vosgesinfo.fr\/gerardmerinfo\/wp-json\/wp\/v2\/media\/89075"}],"wp:attachment":[{"href":"https:\/\/vosgesinfo.fr\/gerardmerinfo\/wp-json\/wp\/v2\/media?parent=89012"}],"wp:term":[{"taxonomy":"category","embeddable":true,"href":"https:\/\/vosgesinfo.fr\/gerardmerinfo\/wp-json\/wp\/v2\/categories?post=89012"},{"taxonomy":"post_tag","embeddable":true,"href":"https:\/\/vosgesinfo.fr\/gerardmerinfo\/wp-json\/wp\/v2\/tags?post=89012"}],"curies":[{"name":"wp","href":"https:\/\/api.w.org\/{rel}","templated":true}]}}