{"id":89030,"date":"2026-03-15T05:55:57","date_gmt":"2026-03-15T04:55:57","guid":{"rendered":"https:\/\/vosgesinfo.fr\/gerardmerinfo\/?p=89030"},"modified":"2026-03-13T14:49:11","modified_gmt":"2026-03-13T13:49:11","slug":"bibliotheques-vivantes-a-la-mcl-dimanche-22-mars-de-14h-a-18h","status":"publish","type":"post","link":"https:\/\/vosgesinfo.fr\/gerardmerinfo\/2026\/03\/bibliotheques-vivantes-a-la-mcl-dimanche-22-mars-de-14h-a-18h\/","title":{"rendered":"Biblioth\u00e8ques vivantes \u00e0 la MCL &#8211; Dimanche 22 mars de 14h \u00e0 18h"},"content":{"rendered":"<div data-olk-copy-source=\"MessageBody\">La Maison de la Culture et des Loisirs de G\u00e9rardmer est un acteur in- contournable de la vie culturelle locale. Association d\u2019\u00e9ducation popu- laire, elle \u0153uvre depuis des ann\u00e9es pour rendre la culture accessible \u00e0 tous, en m\u00ealant cr\u00e9ation artistique, lien social et engagement citoyen. On y vient pour assister \u00e0 un spectacle, d\u00e9couvrir un film Art et essai, pratiquer une activit\u00e9 ou simplement partager un moment convivial. La MCL d\u00e9fend une culture vivante, ouverte et participative, qui accom- pagne les habitants dans leurs envies de d\u00e9couverte, d\u2019expression et de rencontres. Elle d\u00e9veloppe tout au long de l\u2019ann\u00e9e une programmation exi- geante et joyeuse, o\u00f9 se croisent amateurs et professionnels, enfants et adultes, publics fid\u00e8les et nouveaux curieux. C\u2019est un lieu o\u00f9 l\u2019on prend le temps d\u2019explorer, de s\u2019\u00e9mouvoir, d\u2019apprendre et de faire ensemble.<\/div>\n<div><a href=\"https:\/\/vosgesinfo.fr\/app\/uploads\/sites\/6\/2026\/03\/affiche-poster-8-re\u0300gles-positives-de-groupe-simple-illustre\u0301-colore\u0301-1-page-0001.jpg\"><img decoding=\"async\" class=\"alignright size-medium wp-image-89031\" src=\"https:\/\/vosgesinfo.fr\/app\/uploads\/sites\/6\/2026\/03\/affiche-poster-8-re\u0300gles-positives-de-groupe-simple-illustre\u0301-colore\u0301-1-page-0001-211x300.jpg\" alt=\"\" width=\"211\" height=\"300\" srcset=\"https:\/\/vosgesinfo.fr\/app\/uploads\/sites\/6\/2026\/03\/affiche-poster-8-re\u0300gles-positives-de-groupe-simple-illustre\u0301-colore\u0301-1-page-0001-211x300.jpg 211w, https:\/\/vosgesinfo.fr\/app\/uploads\/sites\/6\/2026\/03\/affiche-poster-8-re\u0300gles-positives-de-groupe-simple-illustre\u0301-colore\u0301-1-page-0001-722x1024.jpg 722w, https:\/\/vosgesinfo.fr\/app\/uploads\/sites\/6\/2026\/03\/affiche-poster-8-re\u0300gles-positives-de-groupe-simple-illustre\u0301-colore\u0301-1-page-0001.jpg 761w\" sizes=\"(max-width: 211px) 100vw, 211px\" \/><\/a>Avec la sclerose j\u2019ose<br \/>\nLaurence<br \/>\nC\u2019est ma copine depuis 25 ans. La coquine me fait sortir de ma zone de confort. Elle est\u00a0moteur de toutes mes \u00a0aventures. Avec elle, de surprise en surprise, mon mental n\u2019arrive pas \u00e0 suivre.La v\u00e9ritable histoire<br \/>\ndu p\u00e8re No\u00ebl en Chine<br \/>\nAlain<br \/>\nSuite \u00e0 une rencontre improbable Alain, g\u00e9romois pure souche, se retrouve \u00e0 faire le p\u00e8re No\u00ebl en Chine chaque ann\u00e9e.<\/p>\n<p>De l\u2019autre c\u00f4t\u00e9 de nos montagnes<br \/>\nAbdellah<br \/>\nDepuis l\u2019enfance, l\u2019horizon de la ligne bleue des montagnes autour de G\u00e9rardmer ne cessait de m\u2019interroger. Qu\u2019y a-t-il au-del\u00e0 ? A quatorze ans, j\u2019accompagnais un oncle pour acheter un billet d\u2019avion dans une agence \u00a0de voyage \u00e0 Colmar. Quel voyage ! Le d\u00e9but de plusieurs p\u00e9riples \u00e0 la d\u00e9couverte d\u2019autres pays et cultures o\u00f9 la force de<br \/>\ncaract\u00e8re des gens rencontr\u00e9s s\u2019est ajout\u00e9e \u00e0 la mienne.<\/p>\n<p>Mon enfance pendant la guerre<br \/>\nRoger<br \/>\nJ\u2019avais 10 ans quand les allemands sont arriv\u00e9s \u00e0\u00a0G\u00e9rardmer et \u00a014 ans quand G\u00e9rardmer a br\u00fbl\u00e9.<\/p>\n<p>Mon exode du Kosovo<br \/>\nElona<br \/>\nL\u2019histoire de ma famille \u00a0de 1977 \u00e0 nos jours boulevers\u00e9e par la guerre de 1998 et ses cons\u00e9quences inexorables.<\/p>\n<\/div>\n<div><\/div>\n<div>Entr\u00e9e libre \u00e0 la MCL<\/div>\n<div>Dimanche 22 mars 2026 de 14h \u00e0 18h0<\/div>\n<div>Dans le cadre des journ\u00e9es du patrimoine humain<\/div>\n","protected":false},"excerpt":{"rendered":"<p>La Maison de la Culture et des Loisirs de G\u00e9rardmer est un acteur in- contournable de la vie culturelle locale. [&hellip;]<\/p>\n","protected":false},"author":391,"featured_media":89031,"comment_status":"open","ping_status":"open","sticky":false,"template":"","format":"standard","meta":{"footnotes":""},"categories":[20,5647,64],"tags":[],"class_list":["post-89030","post","type-post","status-publish","format-standard","has-post-thumbnail","hentry","category-a-la-une","category-gerardmer-autres-sites","category-litterature"],"acf":[],"yoast_head":"<!-- This site is optimized with the Yoast SEO plugin v22.5 - https:\/\/yoast.com\/wordpress\/plugins\/seo\/ -->\n<title>Biblioth\u00e8ques vivantes \u00e0 la MCL - Dimanche 22 mars de 14h \u00e0 18h - Gerardmer Info<\/title>\n<meta name=\"robots\" content=\"index, follow, max-snippet:-1, max-image-preview:large, max-video-preview:-1\" \/>\n<link rel=\"canonical\" href=\"https:\/\/vosgesinfo.fr\/gerardmerinfo\/2026\/03\/bibliotheques-vivantes-a-la-mcl-dimanche-22-mars-de-14h-a-18h\/\" \/>\n<meta name=\"twitter:card\" content=\"summary_large_image\" \/>\n<meta name=\"twitter:title\" content=\"Biblioth\u00e8ques vivantes \u00e0 la MCL - Dimanche 22 mars de 14h \u00e0 18h - Gerardmer Info\" \/>\n<meta name=\"twitter:description\" content=\"La Maison de la Culture et des Loisirs de G\u00e9rardmer est un acteur in- contournable de la vie culturelle locale. [&hellip;]\" \/>\n<meta name=\"twitter:image\" content=\"https:\/\/vosgesinfo.fr\/app\/uploads\/sites\/6\/2026\/03\/affiche-poster-8-re\u0300gles-positives-de-groupe-simple-illustre\u0301-colore\u0301-1-page-0001.jpg\" \/>\n<meta name=\"twitter:creator\" content=\"@VosgesInfo88\" \/>\n<meta name=\"twitter:site\" content=\"@VosgesInfo88\" \/>\n<meta name=\"twitter:label1\" content=\"\u00c9crit par\" \/>\n\t<meta name=\"twitter:data1\" content=\"La redaction\" \/>\n\t<meta name=\"twitter:label2\" content=\"Dur\u00e9e de lecture estim\u00e9e\" \/>\n\t<meta name=\"twitter:data2\" content=\"3 minutes\" \/>\n<script type=\"application\/ld+json\" class=\"yoast-schema-graph\">{\"@context\":\"https:\/\/schema.org\",\"@graph\":[{\"@type\":\"Article\",\"@id\":\"https:\/\/vosgesinfo.fr\/gerardmerinfo\/2026\/03\/bibliotheques-vivantes-a-la-mcl-dimanche-22-mars-de-14h-a-18h\/#article\",\"isPartOf\":{\"@id\":\"https:\/\/vosgesinfo.fr\/gerardmerinfo\/2026\/03\/bibliotheques-vivantes-a-la-mcl-dimanche-22-mars-de-14h-a-18h\/\"},\"author\":{\"name\":\"La redaction\",\"@id\":\"https:\/\/vosgesinfo.fr\/gerardmerinfo\/#\/schema\/person\/27a3695b06db98895b354c0765cdfc31\"},\"headline\":\"Biblioth\u00e8ques vivantes \u00e0 la MCL &#8211; Dimanche 22 mars de 14h \u00e0 18h\",\"datePublished\":\"2026-03-15T04:55:57+00:00\",\"dateModified\":\"2026-03-13T13:49:11+00:00\",\"mainEntityOfPage\":{\"@id\":\"https:\/\/vosgesinfo.fr\/gerardmerinfo\/2026\/03\/bibliotheques-vivantes-a-la-mcl-dimanche-22-mars-de-14h-a-18h\/\"},\"wordCount\":389,\"commentCount\":0,\"publisher\":{\"@id\":\"https:\/\/vosgesinfo.fr\/gerardmerinfo\/#organization\"},\"image\":{\"@id\":\"https:\/\/vosgesinfo.fr\/gerardmerinfo\/2026\/03\/bibliotheques-vivantes-a-la-mcl-dimanche-22-mars-de-14h-a-18h\/#primaryimage\"},\"thumbnailUrl\":\"https:\/\/vosgesinfo.fr\/app\/uploads\/sites\/6\/2026\/03\/affiche-poster-8-re\u0300gles-positives-de-groupe-simple-illustre\u0301-colore\u0301-1-page-0001.jpg\",\"articleSection\":[\"A la une\",\"Gerardmer\",\"Litt\u00e9rature\"],\"inLanguage\":\"fr-FR\",\"potentialAction\":[{\"@type\":\"CommentAction\",\"name\":\"Comment\",\"target\":[\"https:\/\/vosgesinfo.fr\/gerardmerinfo\/2026\/03\/bibliotheques-vivantes-a-la-mcl-dimanche-22-mars-de-14h-a-18h\/#respond\"]}]},{\"@type\":\"WebPage\",\"@id\":\"https:\/\/vosgesinfo.fr\/gerardmerinfo\/2026\/03\/bibliotheques-vivantes-a-la-mcl-dimanche-22-mars-de-14h-a-18h\/\",\"url\":\"https:\/\/vosgesinfo.fr\/gerardmerinfo\/2026\/03\/bibliotheques-vivantes-a-la-mcl-dimanche-22-mars-de-14h-a-18h\/\",\"name\":\"Biblioth\u00e8ques vivantes \u00e0 la MCL - Dimanche 22 mars de 14h \u00e0 18h - Gerardmer Info\",\"isPartOf\":{\"@id\":\"https:\/\/vosgesinfo.fr\/gerardmerinfo\/#website\"},\"primaryImageOfPage\":{\"@id\":\"https:\/\/vosgesinfo.fr\/gerardmerinfo\/2026\/03\/bibliotheques-vivantes-a-la-mcl-dimanche-22-mars-de-14h-a-18h\/#primaryimage\"},\"image\":{\"@id\":\"https:\/\/vosgesinfo.fr\/gerardmerinfo\/2026\/03\/bibliotheques-vivantes-a-la-mcl-dimanche-22-mars-de-14h-a-18h\/#primaryimage\"},\"thumbnailUrl\":\"https:\/\/vosgesinfo.fr\/app\/uploads\/sites\/6\/2026\/03\/affiche-poster-8-re\u0300gles-positives-de-groupe-simple-illustre\u0301-colore\u0301-1-page-0001.jpg\",\"datePublished\":\"2026-03-15T04:55:57+00:00\",\"dateModified\":\"2026-03-13T13:49:11+00:00\",\"breadcrumb\":{\"@id\":\"https:\/\/vosgesinfo.fr\/gerardmerinfo\/2026\/03\/bibliotheques-vivantes-a-la-mcl-dimanche-22-mars-de-14h-a-18h\/#breadcrumb\"},\"inLanguage\":\"fr-FR\",\"potentialAction\":[{\"@type\":\"ReadAction\",\"target\":[\"https:\/\/vosgesinfo.fr\/gerardmerinfo\/2026\/03\/bibliotheques-vivantes-a-la-mcl-dimanche-22-mars-de-14h-a-18h\/\"]}]},{\"@type\":\"ImageObject\",\"inLanguage\":\"fr-FR\",\"@id\":\"https:\/\/vosgesinfo.fr\/gerardmerinfo\/2026\/03\/bibliotheques-vivantes-a-la-mcl-dimanche-22-mars-de-14h-a-18h\/#primaryimage\",\"url\":\"https:\/\/vosgesinfo.fr\/app\/uploads\/sites\/6\/2026\/03\/affiche-poster-8-re\u0300gles-positives-de-groupe-simple-illustre\u0301-colore\u0301-1-page-0001.jpg\",\"contentUrl\":\"https:\/\/vosgesinfo.fr\/app\/uploads\/sites\/6\/2026\/03\/affiche-poster-8-re\u0300gles-positives-de-groupe-simple-illustre\u0301-colore\u0301-1-page-0001.jpg\",\"width\":761,\"height\":1080},{\"@type\":\"BreadcrumbList\",\"@id\":\"https:\/\/vosgesinfo.fr\/gerardmerinfo\/2026\/03\/bibliotheques-vivantes-a-la-mcl-dimanche-22-mars-de-14h-a-18h\/#breadcrumb\",\"itemListElement\":[{\"@type\":\"ListItem\",\"position\":1,\"name\":\"Home\",\"item\":\"https:\/\/vosgesinfo.fr\/gerardmerinfo\/\"},{\"@type\":\"ListItem\",\"position\":2,\"name\":\"Biblioth\u00e8ques vivantes \u00e0 la MCL &#8211; Dimanche 22 mars de 14h \u00e0 18h\"}]},{\"@type\":\"WebSite\",\"@id\":\"https:\/\/vosgesinfo.fr\/gerardmerinfo\/#website\",\"url\":\"https:\/\/vosgesinfo.fr\/gerardmerinfo\/\",\"name\":\"Gerardmer Info\",\"description\":\"Toute l&#039;actualit\u00e9 de G\u00e9rardmer\",\"publisher\":{\"@id\":\"https:\/\/vosgesinfo.fr\/gerardmerinfo\/#organization\"},\"alternateName\":\"Toute l'actualit\u00e9 de G\u00e9rardmer\",\"potentialAction\":[{\"@type\":\"SearchAction\",\"target\":{\"@type\":\"EntryPoint\",\"urlTemplate\":\"https:\/\/vosgesinfo.fr\/gerardmerinfo\/?s={search_term_string}\"},\"query-input\":\"required name=search_term_string\"}],\"inLanguage\":\"fr-FR\"},{\"@type\":\"Organization\",\"@id\":\"https:\/\/vosgesinfo.fr\/gerardmerinfo\/#organization\",\"name\":\"Gerardmer Info\",\"url\":\"https:\/\/vosgesinfo.fr\/gerardmerinfo\/\",\"logo\":{\"@type\":\"ImageObject\",\"inLanguage\":\"fr-FR\",\"@id\":\"https:\/\/vosgesinfo.fr\/gerardmerinfo\/#\/schema\/logo\/image\/\",\"url\":\"https:\/\/vosgesinfo.fr\/app\/uploads\/sites\/6\/2023\/08\/favicon-gerardmerinfo.png\",\"contentUrl\":\"https:\/\/vosgesinfo.fr\/app\/uploads\/sites\/6\/2023\/08\/favicon-gerardmerinfo.png\",\"width\":512,\"height\":512,\"caption\":\"Gerardmer Info\"},\"image\":{\"@id\":\"https:\/\/vosgesinfo.fr\/gerardmerinfo\/#\/schema\/logo\/image\/\"},\"sameAs\":[\"https:\/\/www.facebook.com\/profile.php?id=100049475262660\",\"https:\/\/x.com\/VosgesInfo88\",\"https:\/\/www.youtube.com\/@vosgesinfo\"]},{\"@type\":\"Person\",\"@id\":\"https:\/\/vosgesinfo.fr\/gerardmerinfo\/#\/schema\/person\/27a3695b06db98895b354c0765cdfc31\",\"name\":\"La redaction\",\"image\":{\"@type\":\"ImageObject\",\"inLanguage\":\"fr-FR\",\"@id\":\"https:\/\/vosgesinfo.fr\/gerardmerinfo\/#\/schema\/person\/image\/\",\"url\":\"https:\/\/secure.gravatar.com\/avatar\/64c76a78e501cedee55736f43f332df901e1896ae9cd8fad269ae2236dd0e8b6?s=96&d=mm&r=g\",\"contentUrl\":\"https:\/\/secure.gravatar.com\/avatar\/64c76a78e501cedee55736f43f332df901e1896ae9cd8fad269ae2236dd0e8b6?s=96&d=mm&r=g\",\"caption\":\"La redaction\"},\"url\":\"https:\/\/vosgesinfo.fr\/gerardmerinfo\/author\/la-redaction\/\"}]}<\/script>\n<!-- \/ Yoast SEO plugin. -->","yoast_head_json":{"title":"Biblioth\u00e8ques vivantes \u00e0 la MCL - Dimanche 22 mars de 14h \u00e0 18h - Gerardmer Info","robots":{"index":"index","follow":"follow","max-snippet":"max-snippet:-1","max-image-preview":"max-image-preview:large","max-video-preview":"max-video-preview:-1"},"canonical":"https:\/\/vosgesinfo.fr\/gerardmerinfo\/2026\/03\/bibliotheques-vivantes-a-la-mcl-dimanche-22-mars-de-14h-a-18h\/","twitter_card":"summary_large_image","twitter_title":"Biblioth\u00e8ques vivantes \u00e0 la MCL - Dimanche 22 mars de 14h \u00e0 18h - Gerardmer Info","twitter_description":"La Maison de la Culture et des Loisirs de G\u00e9rardmer est un acteur in- contournable de la vie culturelle locale. [&hellip;]","twitter_image":"https:\/\/vosgesinfo.fr\/app\/uploads\/sites\/6\/2026\/03\/affiche-poster-8-re\u0300gles-positives-de-groupe-simple-illustre\u0301-colore\u0301-1-page-0001.jpg","twitter_creator":"@VosgesInfo88","twitter_site":"@VosgesInfo88","twitter_misc":{"\u00c9crit par":"La redaction","Dur\u00e9e de lecture estim\u00e9e":"3 minutes"},"schema":{"@context":"https:\/\/schema.org","@graph":[{"@type":"Article","@id":"https:\/\/vosgesinfo.fr\/gerardmerinfo\/2026\/03\/bibliotheques-vivantes-a-la-mcl-dimanche-22-mars-de-14h-a-18h\/#article","isPartOf":{"@id":"https:\/\/vosgesinfo.fr\/gerardmerinfo\/2026\/03\/bibliotheques-vivantes-a-la-mcl-dimanche-22-mars-de-14h-a-18h\/"},"author":{"name":"La redaction","@id":"https:\/\/vosgesinfo.fr\/gerardmerinfo\/#\/schema\/person\/27a3695b06db98895b354c0765cdfc31"},"headline":"Biblioth\u00e8ques vivantes \u00e0 la MCL &#8211; Dimanche 22 mars de 14h \u00e0 18h","datePublished":"2026-03-15T04:55:57+00:00","dateModified":"2026-03-13T13:49:11+00:00","mainEntityOfPage":{"@id":"https:\/\/vosgesinfo.fr\/gerardmerinfo\/2026\/03\/bibliotheques-vivantes-a-la-mcl-dimanche-22-mars-de-14h-a-18h\/"},"wordCount":389,"commentCount":0,"publisher":{"@id":"https:\/\/vosgesinfo.fr\/gerardmerinfo\/#organization"},"image":{"@id":"https:\/\/vosgesinfo.fr\/gerardmerinfo\/2026\/03\/bibliotheques-vivantes-a-la-mcl-dimanche-22-mars-de-14h-a-18h\/#primaryimage"},"thumbnailUrl":"https:\/\/vosgesinfo.fr\/app\/uploads\/sites\/6\/2026\/03\/affiche-poster-8-re\u0300gles-positives-de-groupe-simple-illustre\u0301-colore\u0301-1-page-0001.jpg","articleSection":["A la une","Gerardmer","Litt\u00e9rature"],"inLanguage":"fr-FR","potentialAction":[{"@type":"CommentAction","name":"Comment","target":["https:\/\/vosgesinfo.fr\/gerardmerinfo\/2026\/03\/bibliotheques-vivantes-a-la-mcl-dimanche-22-mars-de-14h-a-18h\/#respond"]}]},{"@type":"WebPage","@id":"https:\/\/vosgesinfo.fr\/gerardmerinfo\/2026\/03\/bibliotheques-vivantes-a-la-mcl-dimanche-22-mars-de-14h-a-18h\/","url":"https:\/\/vosgesinfo.fr\/gerardmerinfo\/2026\/03\/bibliotheques-vivantes-a-la-mcl-dimanche-22-mars-de-14h-a-18h\/","name":"Biblioth\u00e8ques vivantes \u00e0 la MCL - Dimanche 22 mars de 14h \u00e0 18h - Gerardmer Info","isPartOf":{"@id":"https:\/\/vosgesinfo.fr\/gerardmerinfo\/#website"},"primaryImageOfPage":{"@id":"https:\/\/vosgesinfo.fr\/gerardmerinfo\/2026\/03\/bibliotheques-vivantes-a-la-mcl-dimanche-22-mars-de-14h-a-18h\/#primaryimage"},"image":{"@id":"https:\/\/vosgesinfo.fr\/gerardmerinfo\/2026\/03\/bibliotheques-vivantes-a-la-mcl-dimanche-22-mars-de-14h-a-18h\/#primaryimage"},"thumbnailUrl":"https:\/\/vosgesinfo.fr\/app\/uploads\/sites\/6\/2026\/03\/affiche-poster-8-re\u0300gles-positives-de-groupe-simple-illustre\u0301-colore\u0301-1-page-0001.jpg","datePublished":"2026-03-15T04:55:57+00:00","dateModified":"2026-03-13T13:49:11+00:00","breadcrumb":{"@id":"https:\/\/vosgesinfo.fr\/gerardmerinfo\/2026\/03\/bibliotheques-vivantes-a-la-mcl-dimanche-22-mars-de-14h-a-18h\/#breadcrumb"},"inLanguage":"fr-FR","potentialAction":[{"@type":"ReadAction","target":["https:\/\/vosgesinfo.fr\/gerardmerinfo\/2026\/03\/bibliotheques-vivantes-a-la-mcl-dimanche-22-mars-de-14h-a-18h\/"]}]},{"@type":"ImageObject","inLanguage":"fr-FR","@id":"https:\/\/vosgesinfo.fr\/gerardmerinfo\/2026\/03\/bibliotheques-vivantes-a-la-mcl-dimanche-22-mars-de-14h-a-18h\/#primaryimage","url":"https:\/\/vosgesinfo.fr\/app\/uploads\/sites\/6\/2026\/03\/affiche-poster-8-re\u0300gles-positives-de-groupe-simple-illustre\u0301-colore\u0301-1-page-0001.jpg","contentUrl":"https:\/\/vosgesinfo.fr\/app\/uploads\/sites\/6\/2026\/03\/affiche-poster-8-re\u0300gles-positives-de-groupe-simple-illustre\u0301-colore\u0301-1-page-0001.jpg","width":761,"height":1080},{"@type":"BreadcrumbList","@id":"https:\/\/vosgesinfo.fr\/gerardmerinfo\/2026\/03\/bibliotheques-vivantes-a-la-mcl-dimanche-22-mars-de-14h-a-18h\/#breadcrumb","itemListElement":[{"@type":"ListItem","position":1,"name":"Home","item":"https:\/\/vosgesinfo.fr\/gerardmerinfo\/"},{"@type":"ListItem","position":2,"name":"Biblioth\u00e8ques vivantes \u00e0 la MCL &#8211; Dimanche 22 mars de 14h \u00e0 18h"}]},{"@type":"WebSite","@id":"https:\/\/vosgesinfo.fr\/gerardmerinfo\/#website","url":"https:\/\/vosgesinfo.fr\/gerardmerinfo\/","name":"Gerardmer Info","description":"Toute l&#039;actualit\u00e9 de G\u00e9rardmer","publisher":{"@id":"https:\/\/vosgesinfo.fr\/gerardmerinfo\/#organization"},"alternateName":"Toute l'actualit\u00e9 de G\u00e9rardmer","potentialAction":[{"@type":"SearchAction","target":{"@type":"EntryPoint","urlTemplate":"https:\/\/vosgesinfo.fr\/gerardmerinfo\/?s={search_term_string}"},"query-input":"required name=search_term_string"}],"inLanguage":"fr-FR"},{"@type":"Organization","@id":"https:\/\/vosgesinfo.fr\/gerardmerinfo\/#organization","name":"Gerardmer Info","url":"https:\/\/vosgesinfo.fr\/gerardmerinfo\/","logo":{"@type":"ImageObject","inLanguage":"fr-FR","@id":"https:\/\/vosgesinfo.fr\/gerardmerinfo\/#\/schema\/logo\/image\/","url":"https:\/\/vosgesinfo.fr\/app\/uploads\/sites\/6\/2023\/08\/favicon-gerardmerinfo.png","contentUrl":"https:\/\/vosgesinfo.fr\/app\/uploads\/sites\/6\/2023\/08\/favicon-gerardmerinfo.png","width":512,"height":512,"caption":"Gerardmer Info"},"image":{"@id":"https:\/\/vosgesinfo.fr\/gerardmerinfo\/#\/schema\/logo\/image\/"},"sameAs":["https:\/\/www.facebook.com\/profile.php?id=100049475262660","https:\/\/x.com\/VosgesInfo88","https:\/\/www.youtube.com\/@vosgesinfo"]},{"@type":"Person","@id":"https:\/\/vosgesinfo.fr\/gerardmerinfo\/#\/schema\/person\/27a3695b06db98895b354c0765cdfc31","name":"La redaction","image":{"@type":"ImageObject","inLanguage":"fr-FR","@id":"https:\/\/vosgesinfo.fr\/gerardmerinfo\/#\/schema\/person\/image\/","url":"https:\/\/secure.gravatar.com\/avatar\/64c76a78e501cedee55736f43f332df901e1896ae9cd8fad269ae2236dd0e8b6?s=96&d=mm&r=g","contentUrl":"https:\/\/secure.gravatar.com\/avatar\/64c76a78e501cedee55736f43f332df901e1896ae9cd8fad269ae2236dd0e8b6?s=96&d=mm&r=g","caption":"La redaction"},"url":"https:\/\/vosgesinfo.fr\/gerardmerinfo\/author\/la-redaction\/"}]}},"_links":{"self":[{"href":"https:\/\/vosgesinfo.fr\/gerardmerinfo\/wp-json\/wp\/v2\/posts\/89030","targetHints":{"allow":["GET"]}}],"collection":[{"href":"https:\/\/vosgesinfo.fr\/gerardmerinfo\/wp-json\/wp\/v2\/posts"}],"about":[{"href":"https:\/\/vosgesinfo.fr\/gerardmerinfo\/wp-json\/wp\/v2\/types\/post"}],"author":[{"embeddable":true,"href":"https:\/\/vosgesinfo.fr\/gerardmerinfo\/wp-json\/wp\/v2\/users\/391"}],"replies":[{"embeddable":true,"href":"https:\/\/vosgesinfo.fr\/gerardmerinfo\/wp-json\/wp\/v2\/comments?post=89030"}],"version-history":[{"count":2,"href":"https:\/\/vosgesinfo.fr\/gerardmerinfo\/wp-json\/wp\/v2\/posts\/89030\/revisions"}],"predecessor-version":[{"id":89033,"href":"https:\/\/vosgesinfo.fr\/gerardmerinfo\/wp-json\/wp\/v2\/posts\/89030\/revisions\/89033"}],"wp:featuredmedia":[{"embeddable":true,"href":"https:\/\/vosgesinfo.fr\/gerardmerinfo\/wp-json\/wp\/v2\/media\/89031"}],"wp:attachment":[{"href":"https:\/\/vosgesinfo.fr\/gerardmerinfo\/wp-json\/wp\/v2\/media?parent=89030"}],"wp:term":[{"taxonomy":"category","embeddable":true,"href":"https:\/\/vosgesinfo.fr\/gerardmerinfo\/wp-json\/wp\/v2\/categories?post=89030"},{"taxonomy":"post_tag","embeddable":true,"href":"https:\/\/vosgesinfo.fr\/gerardmerinfo\/wp-json\/wp\/v2\/tags?post=89030"}],"curies":[{"name":"wp","href":"https:\/\/api.w.org\/{rel}","templated":true}]}}