{"id":89038,"date":"2026-03-13T16:23:00","date_gmt":"2026-03-13T15:23:00","guid":{"rendered":"https:\/\/vosgesinfo.fr\/gerardmerinfo\/?p=89038"},"modified":"2026-03-13T16:23:00","modified_gmt":"2026-03-13T15:23:00","slug":"deux-sessions-de-rattrapage-pour-la-murder-party-qui-a-ose-massacrer-jason","status":"publish","type":"post","link":"https:\/\/vosgesinfo.fr\/gerardmerinfo\/2026\/03\/deux-sessions-de-rattrapage-pour-la-murder-party-qui-a-ose-massacrer-jason\/","title":{"rendered":"Deux sessions de rattrapage pour la Murder Party \u00ab Qui a os\u00e9 massacrer Jason ? \u00bb"},"content":{"rendered":"<h2>Pour celles et ceux qui n\u2019auraient pas pu prendre part \u00e0 celle de <strong>Saint-Di\u00e9-des-Vosges<\/strong>, des sessions de rattrapage de la <strong>Murder Party \u00ab Qui a os\u00e9 massacrer Jason ? \u00bb<\/strong> seront propos\u00e9es prochainement. Ce jeu d\u2019enqu\u00eate grandeur nature m\u00eale intrigue polici\u00e8re, jeu de r\u00f4le et improvisation th\u00e9\u00e2trale. Il est organis\u00e9 par le <strong>PETR du Pays de la D\u00e9odatie<\/strong>, en partenariat avec l\u2019association <strong>Il est encore temps en D\u00e9odatie<\/strong> et avec la participation d\u2019acteurs de l\u2019association <strong>ACTE<\/strong>.<\/h2>\n<p><!--more--><\/p>\n<h3><strong>Deux rendez-vous \u00e0 Granges-Aumontzey et Bruy\u00e8res<\/strong><\/h3>\n<p>Une premi\u00e8re session se tiendra <strong>vendredi 27 mars<\/strong>, de 17 h 45 \u00e0 21 h 15, \u00e0 l\u2019h\u00e9bergement collectif Simone Veil, \u00e0 <strong>Granges-Aumontzey<\/strong>. Une seconde se d\u00e9roulera <strong>dimanche 26 avril<\/strong>, de 16 h 45 \u00e0 20 h 15, \u00e0 <strong>Bruy\u00e8res<\/strong>.<\/p>\n<h3><strong>Un jeu gratuit sur inscription<\/strong><\/h3>\n<p>Les parties se joueront en <strong>\u00e9quipes de huit joueurs<\/strong> pour une dur\u00e9e de <strong>trois heures<\/strong>. Le jeu est <strong>gratuit<\/strong> et accessible \u00e0 <strong>partir de 10 ans<\/strong>. Les mineurs de <strong>moins de 15 ans<\/strong> devront \u00eatre accompagn\u00e9s d\u2019un adulte inscrit. Pour s\u2019inscrire, il suffit de passer par le lien d\u00e9di\u00e9. Pour la session de Bruy\u00e8res, l\u2019ouverture de la billetterie est fix\u00e9e au <strong>1er avril<\/strong>.<\/p>\n<h3><strong>Une enqu\u00eate autour de la mort de Jason<\/strong><\/h3>\n<p>\u00ab Hier soir vers 20h30, <strong>Jason<\/strong> a \u00e9t\u00e9 retrouv\u00e9 mort sur le bord de la route de la <strong>petite impasse des Chrysanth\u00e8mes<\/strong>, un quartier r\u00e9sidentiel habituellement tr\u00e8s calme. Aucun doute : il s\u2019agit d\u2019un <strong>meurtre<\/strong>. Mais qui, parmi ces habitants \u00e0 l\u2019apparence si respectable, aurait pu commettre l\u2019<strong>irr\u00e9parable<\/strong> ? \u00bb<\/p>\n<p>Les participants devront faire avancer l\u2019enqu\u00eate dans ce <strong>quartier<\/strong> en apparence sans histoire, o\u00f9 chaque habitant peut devenir <strong>suspect<\/strong>.<\/p>\n<h3><strong>Une affaire compliqu\u00e9e par la temp\u00eate<\/strong><\/h3>\n<p>\u00ab Pour ne rien arranger, la <strong>temp\u00eate<\/strong> de la nuit derni\u00e8re a fait dispara\u00eetre le <strong>rapport du l\u00e9giste<\/strong>, rendu inutilisables les <strong>corps conserv\u00e9s en chambre froide<\/strong> et provoqu\u00e9 une <strong>perte de m\u00e9moire<\/strong> chez le l\u00e9giste lui-m\u00eame, bless\u00e9 en tentant de fermer une fen\u00eatre. Face \u00e0 cette situation chaotique, seuls les meilleurs enqu\u00eateurs peuvent r\u00e9soudre l\u2019affaire : vous, membres de l\u2019<strong>USCCGTPE \u2013 Unit\u00e9 Sp\u00e9ciale des Crimes Commises par les Gens Trop Propres sur Eux<\/strong>. \u00bb<\/p>\n<p>La temp\u00eate a donc boulevers\u00e9 l\u2019enqu\u00eate d\u00e8s son d\u00e9part, en privant les joueurs d\u2019<strong>\u00e9l\u00e9ments essentiels<\/strong> et en compliquant encore davantage la recherche du <strong>coupable<\/strong>.<\/p>\n<h3><strong>Renseignements pratiques<\/strong><\/h3>\n<p>Renseignements compl\u00e9mentaires par courriel \u00e0 <strong><a href=\"mailto:ilestencoretemps.deodatie@gmail.com\" target=\"_blank\" rel=\"noopener\">ilestencoretemps.deodatie@gmail.com<\/a><\/strong> ou par t\u00e9l\u00e9phone au <strong>07-88-32-92-31<\/strong>.<\/p>\n<p><a href=\"https:\/\/vosgesinfo.fr\/app\/uploads\/sites\/4\/2026\/03\/murder-party-petr-pays-deodatie.jpg\"><img decoding=\"async\" class=\"alignnone size-large wp-image-88958\" src=\"https:\/\/vosgesinfo.fr\/app\/uploads\/sites\/4\/2026\/03\/murder-party-petr-pays-deodatie-724x1024.jpg\" alt=\"\" width=\"724\" height=\"1024\" \/><\/a><\/p>\n","protected":false},"excerpt":{"rendered":"<p>Pour celles et ceux qui n\u2019auraient pas pu prendre part \u00e0 celle de Saint-Di\u00e9-des-Vosges, des sessions de rattrapage de la [&hellip;]<\/p>\n","protected":false},"author":46,"featured_media":89039,"comment_status":"open","ping_status":"open","sticky":false,"template":"","format":"standard","meta":{"footnotes":""},"categories":[20,7,25,44,17],"tags":[8495,1451,1729,94,8496,8497,2638,5793,1165,8498,8061],"class_list":["post-89038","post","type-post","status-publish","format-standard","has-post-thumbnail","hentry","category-a-la-une","category-environnement","category-gerardmer","category-loisirs","category-vie-associative","tag-association-acte","tag-bruyeres","tag-deodatie","tag-granges-aumontzey","tag-il-est-encore-temps-en-deodatie","tag-jeu-denquete","tag-murder-party","tag-pays-de-la-deodatie","tag-petr-du-pays-de-la-deodatie","tag-qui-a-ose-massacrer-jason","tag-saint-die-des-vosges"],"acf":[],"yoast_head":"<!-- This site is optimized with the Yoast SEO plugin v22.5 - https:\/\/yoast.com\/wordpress\/plugins\/seo\/ -->\n<title>Deux sessions de rattrapage pour la Murder Party \u00ab Qui a os\u00e9 massacrer Jason ? \u00bb - Gerardmer Info<\/title>\n<meta name=\"robots\" content=\"index, follow, max-snippet:-1, max-image-preview:large, max-video-preview:-1\" \/>\n<link rel=\"canonical\" href=\"https:\/\/vosgesinfo.fr\/gerardmerinfo\/2026\/03\/deux-sessions-de-rattrapage-pour-la-murder-party-qui-a-ose-massacrer-jason\/\" \/>\n<meta name=\"twitter:card\" content=\"summary_large_image\" \/>\n<meta name=\"twitter:title\" content=\"Deux sessions de rattrapage pour la Murder Party \u00ab Qui a os\u00e9 massacrer Jason ? \u00bb - Gerardmer Info\" \/>\n<meta name=\"twitter:description\" content=\"Pour celles et ceux qui n\u2019auraient pas pu prendre part \u00e0 celle de Saint-Di\u00e9-des-Vosges, des sessions de rattrapage de la [&hellip;]\" \/>\n<meta name=\"twitter:image\" content=\"https:\/\/vosgesinfo.fr\/app\/uploads\/sites\/6\/2026\/03\/murder-party-petr-pays-deodatie-1.jpg\" \/>\n<meta name=\"twitter:creator\" content=\"@VosgesInfo88\" \/>\n<meta name=\"twitter:site\" content=\"@VosgesInfo88\" \/>\n<meta name=\"twitter:label1\" content=\"\u00c9crit par\" \/>\n\t<meta name=\"twitter:data1\" content=\"J.J.\" \/>\n\t<meta name=\"twitter:label2\" content=\"Dur\u00e9e de lecture estim\u00e9e\" \/>\n\t<meta name=\"twitter:data2\" content=\"2 minutes\" \/>\n<script type=\"application\/ld+json\" class=\"yoast-schema-graph\">{\"@context\":\"https:\/\/schema.org\",\"@graph\":[{\"@type\":\"Article\",\"@id\":\"https:\/\/vosgesinfo.fr\/gerardmerinfo\/2026\/03\/deux-sessions-de-rattrapage-pour-la-murder-party-qui-a-ose-massacrer-jason\/#article\",\"isPartOf\":{\"@id\":\"https:\/\/vosgesinfo.fr\/gerardmerinfo\/2026\/03\/deux-sessions-de-rattrapage-pour-la-murder-party-qui-a-ose-massacrer-jason\/\"},\"author\":{\"name\":\"J.J.\",\"@id\":\"https:\/\/vosgesinfo.fr\/gerardmerinfo\/#\/schema\/person\/fa73e9f726d67bb88f46d5b7943cb572\"},\"headline\":\"Deux sessions de rattrapage pour la Murder Party \u00ab Qui a os\u00e9 massacrer Jason ? \u00bb\",\"datePublished\":\"2026-03-13T15:23:00+00:00\",\"dateModified\":\"2026-03-13T15:23:00+00:00\",\"mainEntityOfPage\":{\"@id\":\"https:\/\/vosgesinfo.fr\/gerardmerinfo\/2026\/03\/deux-sessions-de-rattrapage-pour-la-murder-party-qui-a-ose-massacrer-jason\/\"},\"wordCount\":434,\"commentCount\":0,\"publisher\":{\"@id\":\"https:\/\/vosgesinfo.fr\/gerardmerinfo\/#organization\"},\"image\":{\"@id\":\"https:\/\/vosgesinfo.fr\/gerardmerinfo\/2026\/03\/deux-sessions-de-rattrapage-pour-la-murder-party-qui-a-ose-massacrer-jason\/#primaryimage\"},\"thumbnailUrl\":\"https:\/\/vosgesinfo.fr\/app\/uploads\/sites\/6\/2026\/03\/murder-party-petr-pays-deodatie-1.jpg\",\"keywords\":[\"Association ACTE\",\"Bruy\u00e8res\",\"d\u00e9odatie\",\"Granges-Aumontzey\",\"Il est encore temps en D\u00e9odatie\",\"jeu d\u2019enqu\u00eate\",\"murder party\",\"Pays de la D\u00e9odatie\",\"PETR du Pays de la D\u00e9odatie\",\"Qui a os\u00e9 massacrer Jason\",\"Saint-Di\u00e9-des-Vosges\"],\"articleSection\":[\"A la une\",\"Environnement\",\"G\u00e9rardmer\",\"Loisirs\",\"Vie Associative\"],\"inLanguage\":\"fr-FR\",\"potentialAction\":[{\"@type\":\"CommentAction\",\"name\":\"Comment\",\"target\":[\"https:\/\/vosgesinfo.fr\/gerardmerinfo\/2026\/03\/deux-sessions-de-rattrapage-pour-la-murder-party-qui-a-ose-massacrer-jason\/#respond\"]}]},{\"@type\":\"WebPage\",\"@id\":\"https:\/\/vosgesinfo.fr\/gerardmerinfo\/2026\/03\/deux-sessions-de-rattrapage-pour-la-murder-party-qui-a-ose-massacrer-jason\/\",\"url\":\"https:\/\/vosgesinfo.fr\/gerardmerinfo\/2026\/03\/deux-sessions-de-rattrapage-pour-la-murder-party-qui-a-ose-massacrer-jason\/\",\"name\":\"Deux sessions de rattrapage pour la Murder Party \u00ab Qui a os\u00e9 massacrer Jason ? \u00bb - Gerardmer Info\",\"isPartOf\":{\"@id\":\"https:\/\/vosgesinfo.fr\/gerardmerinfo\/#website\"},\"primaryImageOfPage\":{\"@id\":\"https:\/\/vosgesinfo.fr\/gerardmerinfo\/2026\/03\/deux-sessions-de-rattrapage-pour-la-murder-party-qui-a-ose-massacrer-jason\/#primaryimage\"},\"image\":{\"@id\":\"https:\/\/vosgesinfo.fr\/gerardmerinfo\/2026\/03\/deux-sessions-de-rattrapage-pour-la-murder-party-qui-a-ose-massacrer-jason\/#primaryimage\"},\"thumbnailUrl\":\"https:\/\/vosgesinfo.fr\/app\/uploads\/sites\/6\/2026\/03\/murder-party-petr-pays-deodatie-1.jpg\",\"datePublished\":\"2026-03-13T15:23:00+00:00\",\"dateModified\":\"2026-03-13T15:23:00+00:00\",\"breadcrumb\":{\"@id\":\"https:\/\/vosgesinfo.fr\/gerardmerinfo\/2026\/03\/deux-sessions-de-rattrapage-pour-la-murder-party-qui-a-ose-massacrer-jason\/#breadcrumb\"},\"inLanguage\":\"fr-FR\",\"potentialAction\":[{\"@type\":\"ReadAction\",\"target\":[\"https:\/\/vosgesinfo.fr\/gerardmerinfo\/2026\/03\/deux-sessions-de-rattrapage-pour-la-murder-party-qui-a-ose-massacrer-jason\/\"]}]},{\"@type\":\"ImageObject\",\"inLanguage\":\"fr-FR\",\"@id\":\"https:\/\/vosgesinfo.fr\/gerardmerinfo\/2026\/03\/deux-sessions-de-rattrapage-pour-la-murder-party-qui-a-ose-massacrer-jason\/#primaryimage\",\"url\":\"https:\/\/vosgesinfo.fr\/app\/uploads\/sites\/6\/2026\/03\/murder-party-petr-pays-deodatie-1.jpg\",\"contentUrl\":\"https:\/\/vosgesinfo.fr\/app\/uploads\/sites\/6\/2026\/03\/murder-party-petr-pays-deodatie-1.jpg\",\"width\":1263,\"height\":786},{\"@type\":\"BreadcrumbList\",\"@id\":\"https:\/\/vosgesinfo.fr\/gerardmerinfo\/2026\/03\/deux-sessions-de-rattrapage-pour-la-murder-party-qui-a-ose-massacrer-jason\/#breadcrumb\",\"itemListElement\":[{\"@type\":\"ListItem\",\"position\":1,\"name\":\"Home\",\"item\":\"https:\/\/vosgesinfo.fr\/gerardmerinfo\/\"},{\"@type\":\"ListItem\",\"position\":2,\"name\":\"Deux sessions de rattrapage pour la Murder Party \u00ab Qui a os\u00e9 massacrer Jason ? \u00bb\"}]},{\"@type\":\"WebSite\",\"@id\":\"https:\/\/vosgesinfo.fr\/gerardmerinfo\/#website\",\"url\":\"https:\/\/vosgesinfo.fr\/gerardmerinfo\/\",\"name\":\"Gerardmer Info\",\"description\":\"Toute l&#039;actualit\u00e9 de G\u00e9rardmer\",\"publisher\":{\"@id\":\"https:\/\/vosgesinfo.fr\/gerardmerinfo\/#organization\"},\"alternateName\":\"Toute l'actualit\u00e9 de G\u00e9rardmer\",\"potentialAction\":[{\"@type\":\"SearchAction\",\"target\":{\"@type\":\"EntryPoint\",\"urlTemplate\":\"https:\/\/vosgesinfo.fr\/gerardmerinfo\/?s={search_term_string}\"},\"query-input\":\"required name=search_term_string\"}],\"inLanguage\":\"fr-FR\"},{\"@type\":\"Organization\",\"@id\":\"https:\/\/vosgesinfo.fr\/gerardmerinfo\/#organization\",\"name\":\"Gerardmer Info\",\"url\":\"https:\/\/vosgesinfo.fr\/gerardmerinfo\/\",\"logo\":{\"@type\":\"ImageObject\",\"inLanguage\":\"fr-FR\",\"@id\":\"https:\/\/vosgesinfo.fr\/gerardmerinfo\/#\/schema\/logo\/image\/\",\"url\":\"https:\/\/vosgesinfo.fr\/app\/uploads\/sites\/6\/2023\/08\/favicon-gerardmerinfo.png\",\"contentUrl\":\"https:\/\/vosgesinfo.fr\/app\/uploads\/sites\/6\/2023\/08\/favicon-gerardmerinfo.png\",\"width\":512,\"height\":512,\"caption\":\"Gerardmer Info\"},\"image\":{\"@id\":\"https:\/\/vosgesinfo.fr\/gerardmerinfo\/#\/schema\/logo\/image\/\"},\"sameAs\":[\"https:\/\/www.facebook.com\/profile.php?id=100049475262660\",\"https:\/\/x.com\/VosgesInfo88\",\"https:\/\/www.youtube.com\/@vosgesinfo\"]},{\"@type\":\"Person\",\"@id\":\"https:\/\/vosgesinfo.fr\/gerardmerinfo\/#\/schema\/person\/fa73e9f726d67bb88f46d5b7943cb572\",\"name\":\"J.J.\",\"image\":{\"@type\":\"ImageObject\",\"inLanguage\":\"fr-FR\",\"@id\":\"https:\/\/vosgesinfo.fr\/gerardmerinfo\/#\/schema\/person\/image\/\",\"url\":\"https:\/\/secure.gravatar.com\/avatar\/219e749e47ffbcca018a360ae4add7d4cdf1cdaaf8bc7676b27efade3fe65615?s=96&d=mm&r=g\",\"contentUrl\":\"https:\/\/secure.gravatar.com\/avatar\/219e749e47ffbcca018a360ae4add7d4cdf1cdaaf8bc7676b27efade3fe65615?s=96&d=mm&r=g\",\"caption\":\"J.J.\"},\"url\":\"https:\/\/vosgesinfo.fr\/gerardmerinfo\/author\/j-j\/\"}]}<\/script>\n<!-- \/ Yoast SEO plugin. -->","yoast_head_json":{"title":"Deux sessions de rattrapage pour la Murder Party \u00ab Qui a os\u00e9 massacrer Jason ? \u00bb - Gerardmer Info","robots":{"index":"index","follow":"follow","max-snippet":"max-snippet:-1","max-image-preview":"max-image-preview:large","max-video-preview":"max-video-preview:-1"},"canonical":"https:\/\/vosgesinfo.fr\/gerardmerinfo\/2026\/03\/deux-sessions-de-rattrapage-pour-la-murder-party-qui-a-ose-massacrer-jason\/","twitter_card":"summary_large_image","twitter_title":"Deux sessions de rattrapage pour la Murder Party \u00ab Qui a os\u00e9 massacrer Jason ? \u00bb - Gerardmer Info","twitter_description":"Pour celles et ceux qui n\u2019auraient pas pu prendre part \u00e0 celle de Saint-Di\u00e9-des-Vosges, des sessions de rattrapage de la [&hellip;]","twitter_image":"https:\/\/vosgesinfo.fr\/app\/uploads\/sites\/6\/2026\/03\/murder-party-petr-pays-deodatie-1.jpg","twitter_creator":"@VosgesInfo88","twitter_site":"@VosgesInfo88","twitter_misc":{"\u00c9crit par":"J.J.","Dur\u00e9e de lecture estim\u00e9e":"2 minutes"},"schema":{"@context":"https:\/\/schema.org","@graph":[{"@type":"Article","@id":"https:\/\/vosgesinfo.fr\/gerardmerinfo\/2026\/03\/deux-sessions-de-rattrapage-pour-la-murder-party-qui-a-ose-massacrer-jason\/#article","isPartOf":{"@id":"https:\/\/vosgesinfo.fr\/gerardmerinfo\/2026\/03\/deux-sessions-de-rattrapage-pour-la-murder-party-qui-a-ose-massacrer-jason\/"},"author":{"name":"J.J.","@id":"https:\/\/vosgesinfo.fr\/gerardmerinfo\/#\/schema\/person\/fa73e9f726d67bb88f46d5b7943cb572"},"headline":"Deux sessions de rattrapage pour la Murder Party \u00ab Qui a os\u00e9 massacrer Jason ? \u00bb","datePublished":"2026-03-13T15:23:00+00:00","dateModified":"2026-03-13T15:23:00+00:00","mainEntityOfPage":{"@id":"https:\/\/vosgesinfo.fr\/gerardmerinfo\/2026\/03\/deux-sessions-de-rattrapage-pour-la-murder-party-qui-a-ose-massacrer-jason\/"},"wordCount":434,"commentCount":0,"publisher":{"@id":"https:\/\/vosgesinfo.fr\/gerardmerinfo\/#organization"},"image":{"@id":"https:\/\/vosgesinfo.fr\/gerardmerinfo\/2026\/03\/deux-sessions-de-rattrapage-pour-la-murder-party-qui-a-ose-massacrer-jason\/#primaryimage"},"thumbnailUrl":"https:\/\/vosgesinfo.fr\/app\/uploads\/sites\/6\/2026\/03\/murder-party-petr-pays-deodatie-1.jpg","keywords":["Association ACTE","Bruy\u00e8res","d\u00e9odatie","Granges-Aumontzey","Il est encore temps en D\u00e9odatie","jeu d\u2019enqu\u00eate","murder party","Pays de la D\u00e9odatie","PETR du Pays de la D\u00e9odatie","Qui a os\u00e9 massacrer Jason","Saint-Di\u00e9-des-Vosges"],"articleSection":["A la une","Environnement","G\u00e9rardmer","Loisirs","Vie Associative"],"inLanguage":"fr-FR","potentialAction":[{"@type":"CommentAction","name":"Comment","target":["https:\/\/vosgesinfo.fr\/gerardmerinfo\/2026\/03\/deux-sessions-de-rattrapage-pour-la-murder-party-qui-a-ose-massacrer-jason\/#respond"]}]},{"@type":"WebPage","@id":"https:\/\/vosgesinfo.fr\/gerardmerinfo\/2026\/03\/deux-sessions-de-rattrapage-pour-la-murder-party-qui-a-ose-massacrer-jason\/","url":"https:\/\/vosgesinfo.fr\/gerardmerinfo\/2026\/03\/deux-sessions-de-rattrapage-pour-la-murder-party-qui-a-ose-massacrer-jason\/","name":"Deux sessions de rattrapage pour la Murder Party \u00ab Qui a os\u00e9 massacrer Jason ? \u00bb - Gerardmer Info","isPartOf":{"@id":"https:\/\/vosgesinfo.fr\/gerardmerinfo\/#website"},"primaryImageOfPage":{"@id":"https:\/\/vosgesinfo.fr\/gerardmerinfo\/2026\/03\/deux-sessions-de-rattrapage-pour-la-murder-party-qui-a-ose-massacrer-jason\/#primaryimage"},"image":{"@id":"https:\/\/vosgesinfo.fr\/gerardmerinfo\/2026\/03\/deux-sessions-de-rattrapage-pour-la-murder-party-qui-a-ose-massacrer-jason\/#primaryimage"},"thumbnailUrl":"https:\/\/vosgesinfo.fr\/app\/uploads\/sites\/6\/2026\/03\/murder-party-petr-pays-deodatie-1.jpg","datePublished":"2026-03-13T15:23:00+00:00","dateModified":"2026-03-13T15:23:00+00:00","breadcrumb":{"@id":"https:\/\/vosgesinfo.fr\/gerardmerinfo\/2026\/03\/deux-sessions-de-rattrapage-pour-la-murder-party-qui-a-ose-massacrer-jason\/#breadcrumb"},"inLanguage":"fr-FR","potentialAction":[{"@type":"ReadAction","target":["https:\/\/vosgesinfo.fr\/gerardmerinfo\/2026\/03\/deux-sessions-de-rattrapage-pour-la-murder-party-qui-a-ose-massacrer-jason\/"]}]},{"@type":"ImageObject","inLanguage":"fr-FR","@id":"https:\/\/vosgesinfo.fr\/gerardmerinfo\/2026\/03\/deux-sessions-de-rattrapage-pour-la-murder-party-qui-a-ose-massacrer-jason\/#primaryimage","url":"https:\/\/vosgesinfo.fr\/app\/uploads\/sites\/6\/2026\/03\/murder-party-petr-pays-deodatie-1.jpg","contentUrl":"https:\/\/vosgesinfo.fr\/app\/uploads\/sites\/6\/2026\/03\/murder-party-petr-pays-deodatie-1.jpg","width":1263,"height":786},{"@type":"BreadcrumbList","@id":"https:\/\/vosgesinfo.fr\/gerardmerinfo\/2026\/03\/deux-sessions-de-rattrapage-pour-la-murder-party-qui-a-ose-massacrer-jason\/#breadcrumb","itemListElement":[{"@type":"ListItem","position":1,"name":"Home","item":"https:\/\/vosgesinfo.fr\/gerardmerinfo\/"},{"@type":"ListItem","position":2,"name":"Deux sessions de rattrapage pour la Murder Party \u00ab Qui a os\u00e9 massacrer Jason ? \u00bb"}]},{"@type":"WebSite","@id":"https:\/\/vosgesinfo.fr\/gerardmerinfo\/#website","url":"https:\/\/vosgesinfo.fr\/gerardmerinfo\/","name":"Gerardmer Info","description":"Toute l&#039;actualit\u00e9 de G\u00e9rardmer","publisher":{"@id":"https:\/\/vosgesinfo.fr\/gerardmerinfo\/#organization"},"alternateName":"Toute l'actualit\u00e9 de G\u00e9rardmer","potentialAction":[{"@type":"SearchAction","target":{"@type":"EntryPoint","urlTemplate":"https:\/\/vosgesinfo.fr\/gerardmerinfo\/?s={search_term_string}"},"query-input":"required name=search_term_string"}],"inLanguage":"fr-FR"},{"@type":"Organization","@id":"https:\/\/vosgesinfo.fr\/gerardmerinfo\/#organization","name":"Gerardmer Info","url":"https:\/\/vosgesinfo.fr\/gerardmerinfo\/","logo":{"@type":"ImageObject","inLanguage":"fr-FR","@id":"https:\/\/vosgesinfo.fr\/gerardmerinfo\/#\/schema\/logo\/image\/","url":"https:\/\/vosgesinfo.fr\/app\/uploads\/sites\/6\/2023\/08\/favicon-gerardmerinfo.png","contentUrl":"https:\/\/vosgesinfo.fr\/app\/uploads\/sites\/6\/2023\/08\/favicon-gerardmerinfo.png","width":512,"height":512,"caption":"Gerardmer Info"},"image":{"@id":"https:\/\/vosgesinfo.fr\/gerardmerinfo\/#\/schema\/logo\/image\/"},"sameAs":["https:\/\/www.facebook.com\/profile.php?id=100049475262660","https:\/\/x.com\/VosgesInfo88","https:\/\/www.youtube.com\/@vosgesinfo"]},{"@type":"Person","@id":"https:\/\/vosgesinfo.fr\/gerardmerinfo\/#\/schema\/person\/fa73e9f726d67bb88f46d5b7943cb572","name":"J.J.","image":{"@type":"ImageObject","inLanguage":"fr-FR","@id":"https:\/\/vosgesinfo.fr\/gerardmerinfo\/#\/schema\/person\/image\/","url":"https:\/\/secure.gravatar.com\/avatar\/219e749e47ffbcca018a360ae4add7d4cdf1cdaaf8bc7676b27efade3fe65615?s=96&d=mm&r=g","contentUrl":"https:\/\/secure.gravatar.com\/avatar\/219e749e47ffbcca018a360ae4add7d4cdf1cdaaf8bc7676b27efade3fe65615?s=96&d=mm&r=g","caption":"J.J."},"url":"https:\/\/vosgesinfo.fr\/gerardmerinfo\/author\/j-j\/"}]}},"_links":{"self":[{"href":"https:\/\/vosgesinfo.fr\/gerardmerinfo\/wp-json\/wp\/v2\/posts\/89038","targetHints":{"allow":["GET"]}}],"collection":[{"href":"https:\/\/vosgesinfo.fr\/gerardmerinfo\/wp-json\/wp\/v2\/posts"}],"about":[{"href":"https:\/\/vosgesinfo.fr\/gerardmerinfo\/wp-json\/wp\/v2\/types\/post"}],"author":[{"embeddable":true,"href":"https:\/\/vosgesinfo.fr\/gerardmerinfo\/wp-json\/wp\/v2\/users\/46"}],"replies":[{"embeddable":true,"href":"https:\/\/vosgesinfo.fr\/gerardmerinfo\/wp-json\/wp\/v2\/comments?post=89038"}],"version-history":[{"count":1,"href":"https:\/\/vosgesinfo.fr\/gerardmerinfo\/wp-json\/wp\/v2\/posts\/89038\/revisions"}],"predecessor-version":[{"id":89040,"href":"https:\/\/vosgesinfo.fr\/gerardmerinfo\/wp-json\/wp\/v2\/posts\/89038\/revisions\/89040"}],"wp:featuredmedia":[{"embeddable":true,"href":"https:\/\/vosgesinfo.fr\/gerardmerinfo\/wp-json\/wp\/v2\/media\/89039"}],"wp:attachment":[{"href":"https:\/\/vosgesinfo.fr\/gerardmerinfo\/wp-json\/wp\/v2\/media?parent=89038"}],"wp:term":[{"taxonomy":"category","embeddable":true,"href":"https:\/\/vosgesinfo.fr\/gerardmerinfo\/wp-json\/wp\/v2\/categories?post=89038"},{"taxonomy":"post_tag","embeddable":true,"href":"https:\/\/vosgesinfo.fr\/gerardmerinfo\/wp-json\/wp\/v2\/tags?post=89038"}],"curies":[{"name":"wp","href":"https:\/\/api.w.org\/{rel}","templated":true}]}}