{"id":89044,"date":"2026-03-14T05:58:19","date_gmt":"2026-03-14T04:58:19","guid":{"rendered":"https:\/\/vosgesinfo.fr\/gerardmerinfo\/?p=89044"},"modified":"2026-03-13T21:01:46","modified_gmt":"2026-03-13T20:01:46","slug":"exposition-dans-lombre-du-regard-de-julien-aubert","status":"publish","type":"post","link":"https:\/\/vosgesinfo.fr\/gerardmerinfo\/2026\/03\/exposition-dans-lombre-du-regard-de-julien-aubert\/","title":{"rendered":"Exposition &#8211; Dans l&rsquo;ombre du regard de Julien Aubert"},"content":{"rendered":"<p data-pm-slice=\"1 1 []\"><a href=\"https:\/\/vosgesinfo.fr\/app\/uploads\/sites\/6\/2026\/03\/expo-julien-aubert-mcl-gerardmer-4.jpg\"><img decoding=\"async\" class=\"aligncenter size-large wp-image-89049\" src=\"https:\/\/vosgesinfo.fr\/app\/uploads\/sites\/6\/2026\/03\/expo-julien-aubert-mcl-gerardmer-4-1024x768.jpg\" alt=\"\" width=\"1024\" height=\"768\" srcset=\"https:\/\/vosgesinfo.fr\/app\/uploads\/sites\/6\/2026\/03\/expo-julien-aubert-mcl-gerardmer-4-1024x768.jpg 1024w, https:\/\/vosgesinfo.fr\/app\/uploads\/sites\/6\/2026\/03\/expo-julien-aubert-mcl-gerardmer-4-300x225.jpg 300w, https:\/\/vosgesinfo.fr\/app\/uploads\/sites\/6\/2026\/03\/expo-julien-aubert-mcl-gerardmer-4-768x576.jpg 768w, https:\/\/vosgesinfo.fr\/app\/uploads\/sites\/6\/2026\/03\/expo-julien-aubert-mcl-gerardmer-4.jpg 1440w\" sizes=\"(max-width: 1024px) 100vw, 1024px\" \/><\/a><\/p>\n<p data-pm-slice=\"1 1 []\">\n<p data-pm-slice=\"1 1 []\"><strong>La saison des expositions poursuit son petit bonhomme de chemin \u00e0 la galerie de la MCL, qui accueille d\u00e9sormais Julien Aubert. Photographe autodidacte de retour au pays, ce dernier vous propose une s\u00e9lection de photographies qui fait la part belle \u00e0 la nature.<\/strong><\/p>\n<div id=\"attachment_89048\" style=\"width: 235px\" class=\"wp-caption alignright\"><a href=\"https:\/\/vosgesinfo.fr\/app\/uploads\/sites\/6\/2026\/03\/expo-julien-aubert-mcl-gerardmer-3.jpg\"><img decoding=\"async\" aria-describedby=\"caption-attachment-89048\" class=\"size-medium wp-image-89048\" src=\"https:\/\/vosgesinfo.fr\/app\/uploads\/sites\/6\/2026\/03\/expo-julien-aubert-mcl-gerardmer-3-225x300.jpg\" alt=\"\" width=\"225\" height=\"300\" srcset=\"https:\/\/vosgesinfo.fr\/app\/uploads\/sites\/6\/2026\/03\/expo-julien-aubert-mcl-gerardmer-3-225x300.jpg 225w, https:\/\/vosgesinfo.fr\/app\/uploads\/sites\/6\/2026\/03\/expo-julien-aubert-mcl-gerardmer-3-768x1024.jpg 768w, https:\/\/vosgesinfo.fr\/app\/uploads\/sites\/6\/2026\/03\/expo-julien-aubert-mcl-gerardmer-3.jpg 810w\" sizes=\"(max-width: 225px) 100vw, 225px\" \/><\/a><p id=\"caption-attachment-89048\" class=\"wp-caption-text\">Julien Aubert<\/p><\/div>\n<p>Originaire de Sapois, Julien Aubert a effectu\u00e9 des \u00e9tudes dans le domaine de l&rsquo;environnement avant de poser ses valises en Suisse suite \u00e0 une s\u00e9rie de voyages. pendant 15 ans, il y a exerc\u00e9 le m\u00e9tier de skiman \u00e0 Champ\u00e9ry, dans le canton du Valais, et d&rsquo;animateur nature. De retour dans les Vosges il y a deux ans et demi, \u00e0 Vagney pour \u00eatre pr\u00e9cis, il a repris son activit\u00e9 de skiman \u00e0 La Bresse et fait partie de l&rsquo;\u00e9quipe menuiserie aux Eurock\u00e9ennes, sans oublier ses activit\u00e9s en lien avec les enfants puisqu&rsquo;il a effectu\u00e9 deux saisons d&rsquo;\u00e9t\u00e9 en tant qu&rsquo;animateur \u00e0 la MCL.<\/p>\n<p>C&rsquo;est \u00e0 la suite d&rsquo;un voyage en Su\u00e8de que Julien Aubert a r\u00e9ellement commenc\u00e9 \u00e0 s&rsquo;int\u00e9resser \u00e0 la photographie, notamment \u00e0 travers l&rsquo;observation des oiseaux. Photographe amateur, naturaliste de formation mais aussi et \u00e9galement naturaliste par passion, il a progressivement affin\u00e9 son regard en le portant sur les insectes pour la vari\u00e9t\u00e9 et les couleurs qu&rsquo;ils offrent, puis sur les ambiances foresti\u00e8res en les captant en noir et blanc. Il fait ainsi le lien entre la Suisse et les Vosges \u00e0 travers cette exposition, sa cinqui\u00e8me et la premi\u00e8re \u00e0 la MCL. Julien ne fait aucune retouche sur ces photos et essaye de retranscrire au mieux l\u2019ambiance et l\u2019atmosph\u00e8re qui s\u2019offrent \u00e0 lui au moment de prendre la photographie.<\/p>\n<p><strong><a href=\"https:\/\/vosgesinfo.fr\/app\/uploads\/sites\/6\/2026\/03\/expo-julien-aubert-mcl-gerardmer-2.jpg\"><img decoding=\"async\" class=\"alignright size-medium wp-image-89047\" src=\"https:\/\/vosgesinfo.fr\/app\/uploads\/sites\/6\/2026\/03\/expo-julien-aubert-mcl-gerardmer-2-225x300.jpg\" alt=\"\" width=\"225\" height=\"300\" srcset=\"https:\/\/vosgesinfo.fr\/app\/uploads\/sites\/6\/2026\/03\/expo-julien-aubert-mcl-gerardmer-2-225x300.jpg 225w, https:\/\/vosgesinfo.fr\/app\/uploads\/sites\/6\/2026\/03\/expo-julien-aubert-mcl-gerardmer-2-768x1024.jpg 768w, https:\/\/vosgesinfo.fr\/app\/uploads\/sites\/6\/2026\/03\/expo-julien-aubert-mcl-gerardmer-2.jpg 810w\" sizes=\"(max-width: 225px) 100vw, 225px\" \/><\/a>Pr\u00e9sence de l\u2019artiste dans la galerie expo pour \u00e9changer sur son travail :<\/strong><br \/>\nLes lundis de 17h00 \u00e0 19h00<br \/>\nLes mercredis de 16h30 \u00e0 18h30<br \/>\nLes dimanches de 17h00 \u00e0 19h00 (sauf le 8 mars)<br \/>\n<strong>Animation cartes postales v\u00e9g\u00e9tales avec les enfants de l\u2019Accueil de loisirs le mercredi 18 mars de 14h00 \u00e0 16h00.<\/strong><br \/>\n<strong>Venez d\u00e9couvrir ses cr\u00e9ations photographi\u00e9es au c\u0153ur de la for\u00eat vosgienne<\/strong><\/p>\n<p>Exposition visible du <b>06<\/b> au <b>27 Mars<\/b> 2026\u00e0 la galerie de la MCL<\/p>\n<p><strong>Entr\u00e9e libre aux horaires d&rsquo;ouverture de la Maison.<\/strong><\/p>\n<p>Venez nombreux !<\/p>\n<p><a href=\"https:\/\/vosgesinfo.fr\/app\/uploads\/sites\/6\/2026\/03\/expo-julien-aubert-mcl-gerardmer-1.jpg\"><img decoding=\"async\" class=\"aligncenter size-large wp-image-89046\" src=\"https:\/\/vosgesinfo.fr\/app\/uploads\/sites\/6\/2026\/03\/expo-julien-aubert-mcl-gerardmer-1-1024x768.jpg\" alt=\"\" width=\"1024\" height=\"768\" srcset=\"https:\/\/vosgesinfo.fr\/app\/uploads\/sites\/6\/2026\/03\/expo-julien-aubert-mcl-gerardmer-1-1024x768.jpg 1024w, https:\/\/vosgesinfo.fr\/app\/uploads\/sites\/6\/2026\/03\/expo-julien-aubert-mcl-gerardmer-1-300x225.jpg 300w, https:\/\/vosgesinfo.fr\/app\/uploads\/sites\/6\/2026\/03\/expo-julien-aubert-mcl-gerardmer-1-768x576.jpg 768w, https:\/\/vosgesinfo.fr\/app\/uploads\/sites\/6\/2026\/03\/expo-julien-aubert-mcl-gerardmer-1.jpg 1440w\" sizes=\"(max-width: 1024px) 100vw, 1024px\" \/><\/a><\/p>\n","protected":false},"excerpt":{"rendered":"<p>La saison des expositions poursuit son petit bonhomme de chemin \u00e0 la galerie de la MCL, qui accueille d\u00e9sormais Julien [&hellip;]<\/p>\n","protected":false},"author":42,"featured_media":89049,"comment_status":"open","ping_status":"open","sticky":false,"template":"","format":"standard","meta":{"footnotes":""},"categories":[20,4,25,5647],"tags":[8500,103],"class_list":["post-89044","post","type-post","status-publish","format-standard","has-post-thumbnail","hentry","category-a-la-une","category-culture","category-gerardmer","category-gerardmer-autres-sites","tag-julien-aubert","tag-mcl-gerardmer"],"acf":[],"yoast_head":"<!-- This site is optimized with the Yoast SEO plugin v22.5 - https:\/\/yoast.com\/wordpress\/plugins\/seo\/ -->\n<title>Exposition - Dans l&#039;ombre du regard de Julien Aubert - Gerardmer Info<\/title>\n<meta name=\"robots\" content=\"index, follow, max-snippet:-1, max-image-preview:large, max-video-preview:-1\" \/>\n<link rel=\"canonical\" href=\"https:\/\/vosgesinfo.fr\/gerardmerinfo\/2026\/03\/exposition-dans-lombre-du-regard-de-julien-aubert\/\" \/>\n<meta name=\"twitter:card\" content=\"summary_large_image\" \/>\n<meta name=\"twitter:title\" content=\"Exposition - Dans l&#039;ombre du regard de Julien Aubert - Gerardmer Info\" \/>\n<meta name=\"twitter:description\" content=\"La saison des expositions poursuit son petit bonhomme de chemin \u00e0 la galerie de la MCL, qui accueille d\u00e9sormais Julien [&hellip;]\" \/>\n<meta name=\"twitter:image\" content=\"https:\/\/vosgesinfo.fr\/app\/uploads\/sites\/6\/2026\/03\/expo-julien-aubert-mcl-gerardmer-4.jpg\" \/>\n<meta name=\"twitter:creator\" content=\"@VosgesInfo88\" \/>\n<meta name=\"twitter:site\" content=\"@VosgesInfo88\" \/>\n<meta name=\"twitter:label1\" content=\"\u00c9crit par\" \/>\n\t<meta name=\"twitter:data1\" content=\"QG\" \/>\n\t<meta name=\"twitter:label2\" content=\"Dur\u00e9e de lecture estim\u00e9e\" \/>\n\t<meta name=\"twitter:data2\" content=\"3 minutes\" \/>\n<script type=\"application\/ld+json\" class=\"yoast-schema-graph\">{\"@context\":\"https:\/\/schema.org\",\"@graph\":[{\"@type\":\"Article\",\"@id\":\"https:\/\/vosgesinfo.fr\/gerardmerinfo\/2026\/03\/exposition-dans-lombre-du-regard-de-julien-aubert\/#article\",\"isPartOf\":{\"@id\":\"https:\/\/vosgesinfo.fr\/gerardmerinfo\/2026\/03\/exposition-dans-lombre-du-regard-de-julien-aubert\/\"},\"author\":{\"name\":\"QG\",\"@id\":\"https:\/\/vosgesinfo.fr\/gerardmerinfo\/#\/schema\/person\/db5605779a843dad16b5368f3e7613a5\"},\"headline\":\"Exposition &#8211; Dans l&rsquo;ombre du regard de Julien Aubert\",\"datePublished\":\"2026-03-14T04:58:19+00:00\",\"dateModified\":\"2026-03-13T20:01:46+00:00\",\"mainEntityOfPage\":{\"@id\":\"https:\/\/vosgesinfo.fr\/gerardmerinfo\/2026\/03\/exposition-dans-lombre-du-regard-de-julien-aubert\/\"},\"wordCount\":390,\"commentCount\":0,\"publisher\":{\"@id\":\"https:\/\/vosgesinfo.fr\/gerardmerinfo\/#organization\"},\"image\":{\"@id\":\"https:\/\/vosgesinfo.fr\/gerardmerinfo\/2026\/03\/exposition-dans-lombre-du-regard-de-julien-aubert\/#primaryimage\"},\"thumbnailUrl\":\"https:\/\/vosgesinfo.fr\/app\/uploads\/sites\/6\/2026\/03\/expo-julien-aubert-mcl-gerardmer-4.jpg\",\"keywords\":[\"Julien Aubert\",\"MCL G\u00e9rardmer\"],\"articleSection\":[\"A la une\",\"Culture\",\"G\u00e9rardmer\",\"Gerardmer\"],\"inLanguage\":\"fr-FR\",\"potentialAction\":[{\"@type\":\"CommentAction\",\"name\":\"Comment\",\"target\":[\"https:\/\/vosgesinfo.fr\/gerardmerinfo\/2026\/03\/exposition-dans-lombre-du-regard-de-julien-aubert\/#respond\"]}]},{\"@type\":\"WebPage\",\"@id\":\"https:\/\/vosgesinfo.fr\/gerardmerinfo\/2026\/03\/exposition-dans-lombre-du-regard-de-julien-aubert\/\",\"url\":\"https:\/\/vosgesinfo.fr\/gerardmerinfo\/2026\/03\/exposition-dans-lombre-du-regard-de-julien-aubert\/\",\"name\":\"Exposition - Dans l'ombre du regard de Julien Aubert - Gerardmer Info\",\"isPartOf\":{\"@id\":\"https:\/\/vosgesinfo.fr\/gerardmerinfo\/#website\"},\"primaryImageOfPage\":{\"@id\":\"https:\/\/vosgesinfo.fr\/gerardmerinfo\/2026\/03\/exposition-dans-lombre-du-regard-de-julien-aubert\/#primaryimage\"},\"image\":{\"@id\":\"https:\/\/vosgesinfo.fr\/gerardmerinfo\/2026\/03\/exposition-dans-lombre-du-regard-de-julien-aubert\/#primaryimage\"},\"thumbnailUrl\":\"https:\/\/vosgesinfo.fr\/app\/uploads\/sites\/6\/2026\/03\/expo-julien-aubert-mcl-gerardmer-4.jpg\",\"datePublished\":\"2026-03-14T04:58:19+00:00\",\"dateModified\":\"2026-03-13T20:01:46+00:00\",\"breadcrumb\":{\"@id\":\"https:\/\/vosgesinfo.fr\/gerardmerinfo\/2026\/03\/exposition-dans-lombre-du-regard-de-julien-aubert\/#breadcrumb\"},\"inLanguage\":\"fr-FR\",\"potentialAction\":[{\"@type\":\"ReadAction\",\"target\":[\"https:\/\/vosgesinfo.fr\/gerardmerinfo\/2026\/03\/exposition-dans-lombre-du-regard-de-julien-aubert\/\"]}]},{\"@type\":\"ImageObject\",\"inLanguage\":\"fr-FR\",\"@id\":\"https:\/\/vosgesinfo.fr\/gerardmerinfo\/2026\/03\/exposition-dans-lombre-du-regard-de-julien-aubert\/#primaryimage\",\"url\":\"https:\/\/vosgesinfo.fr\/app\/uploads\/sites\/6\/2026\/03\/expo-julien-aubert-mcl-gerardmer-4.jpg\",\"contentUrl\":\"https:\/\/vosgesinfo.fr\/app\/uploads\/sites\/6\/2026\/03\/expo-julien-aubert-mcl-gerardmer-4.jpg\",\"width\":1440,\"height\":1080},{\"@type\":\"BreadcrumbList\",\"@id\":\"https:\/\/vosgesinfo.fr\/gerardmerinfo\/2026\/03\/exposition-dans-lombre-du-regard-de-julien-aubert\/#breadcrumb\",\"itemListElement\":[{\"@type\":\"ListItem\",\"position\":1,\"name\":\"Home\",\"item\":\"https:\/\/vosgesinfo.fr\/gerardmerinfo\/\"},{\"@type\":\"ListItem\",\"position\":2,\"name\":\"Exposition &#8211; Dans l&rsquo;ombre du regard de Julien Aubert\"}]},{\"@type\":\"WebSite\",\"@id\":\"https:\/\/vosgesinfo.fr\/gerardmerinfo\/#website\",\"url\":\"https:\/\/vosgesinfo.fr\/gerardmerinfo\/\",\"name\":\"Gerardmer Info\",\"description\":\"Toute l&#039;actualit\u00e9 de G\u00e9rardmer\",\"publisher\":{\"@id\":\"https:\/\/vosgesinfo.fr\/gerardmerinfo\/#organization\"},\"alternateName\":\"Toute l'actualit\u00e9 de G\u00e9rardmer\",\"potentialAction\":[{\"@type\":\"SearchAction\",\"target\":{\"@type\":\"EntryPoint\",\"urlTemplate\":\"https:\/\/vosgesinfo.fr\/gerardmerinfo\/?s={search_term_string}\"},\"query-input\":\"required name=search_term_string\"}],\"inLanguage\":\"fr-FR\"},{\"@type\":\"Organization\",\"@id\":\"https:\/\/vosgesinfo.fr\/gerardmerinfo\/#organization\",\"name\":\"Gerardmer Info\",\"url\":\"https:\/\/vosgesinfo.fr\/gerardmerinfo\/\",\"logo\":{\"@type\":\"ImageObject\",\"inLanguage\":\"fr-FR\",\"@id\":\"https:\/\/vosgesinfo.fr\/gerardmerinfo\/#\/schema\/logo\/image\/\",\"url\":\"https:\/\/vosgesinfo.fr\/app\/uploads\/sites\/6\/2023\/08\/favicon-gerardmerinfo.png\",\"contentUrl\":\"https:\/\/vosgesinfo.fr\/app\/uploads\/sites\/6\/2023\/08\/favicon-gerardmerinfo.png\",\"width\":512,\"height\":512,\"caption\":\"Gerardmer Info\"},\"image\":{\"@id\":\"https:\/\/vosgesinfo.fr\/gerardmerinfo\/#\/schema\/logo\/image\/\"},\"sameAs\":[\"https:\/\/www.facebook.com\/profile.php?id=100049475262660\",\"https:\/\/x.com\/VosgesInfo88\",\"https:\/\/www.youtube.com\/@vosgesinfo\"]},{\"@type\":\"Person\",\"@id\":\"https:\/\/vosgesinfo.fr\/gerardmerinfo\/#\/schema\/person\/db5605779a843dad16b5368f3e7613a5\",\"name\":\"QG\",\"image\":{\"@type\":\"ImageObject\",\"inLanguage\":\"fr-FR\",\"@id\":\"https:\/\/vosgesinfo.fr\/gerardmerinfo\/#\/schema\/person\/image\/\",\"url\":\"https:\/\/secure.gravatar.com\/avatar\/ea80c42c204b534408512832fde52504ecabb9706bcb6151cf6175e5b64e6793?s=96&d=mm&r=g\",\"contentUrl\":\"https:\/\/secure.gravatar.com\/avatar\/ea80c42c204b534408512832fde52504ecabb9706bcb6151cf6175e5b64e6793?s=96&d=mm&r=g\",\"caption\":\"QG\"},\"url\":\"https:\/\/vosgesinfo.fr\/gerardmerinfo\/author\/quentin88\/\"}]}<\/script>\n<!-- \/ Yoast SEO plugin. -->","yoast_head_json":{"title":"Exposition - Dans l'ombre du regard de Julien Aubert - Gerardmer Info","robots":{"index":"index","follow":"follow","max-snippet":"max-snippet:-1","max-image-preview":"max-image-preview:large","max-video-preview":"max-video-preview:-1"},"canonical":"https:\/\/vosgesinfo.fr\/gerardmerinfo\/2026\/03\/exposition-dans-lombre-du-regard-de-julien-aubert\/","twitter_card":"summary_large_image","twitter_title":"Exposition - Dans l'ombre du regard de Julien Aubert - Gerardmer Info","twitter_description":"La saison des expositions poursuit son petit bonhomme de chemin \u00e0 la galerie de la MCL, qui accueille d\u00e9sormais Julien [&hellip;]","twitter_image":"https:\/\/vosgesinfo.fr\/app\/uploads\/sites\/6\/2026\/03\/expo-julien-aubert-mcl-gerardmer-4.jpg","twitter_creator":"@VosgesInfo88","twitter_site":"@VosgesInfo88","twitter_misc":{"\u00c9crit par":"QG","Dur\u00e9e de lecture estim\u00e9e":"3 minutes"},"schema":{"@context":"https:\/\/schema.org","@graph":[{"@type":"Article","@id":"https:\/\/vosgesinfo.fr\/gerardmerinfo\/2026\/03\/exposition-dans-lombre-du-regard-de-julien-aubert\/#article","isPartOf":{"@id":"https:\/\/vosgesinfo.fr\/gerardmerinfo\/2026\/03\/exposition-dans-lombre-du-regard-de-julien-aubert\/"},"author":{"name":"QG","@id":"https:\/\/vosgesinfo.fr\/gerardmerinfo\/#\/schema\/person\/db5605779a843dad16b5368f3e7613a5"},"headline":"Exposition &#8211; Dans l&rsquo;ombre du regard de Julien Aubert","datePublished":"2026-03-14T04:58:19+00:00","dateModified":"2026-03-13T20:01:46+00:00","mainEntityOfPage":{"@id":"https:\/\/vosgesinfo.fr\/gerardmerinfo\/2026\/03\/exposition-dans-lombre-du-regard-de-julien-aubert\/"},"wordCount":390,"commentCount":0,"publisher":{"@id":"https:\/\/vosgesinfo.fr\/gerardmerinfo\/#organization"},"image":{"@id":"https:\/\/vosgesinfo.fr\/gerardmerinfo\/2026\/03\/exposition-dans-lombre-du-regard-de-julien-aubert\/#primaryimage"},"thumbnailUrl":"https:\/\/vosgesinfo.fr\/app\/uploads\/sites\/6\/2026\/03\/expo-julien-aubert-mcl-gerardmer-4.jpg","keywords":["Julien Aubert","MCL G\u00e9rardmer"],"articleSection":["A la une","Culture","G\u00e9rardmer","Gerardmer"],"inLanguage":"fr-FR","potentialAction":[{"@type":"CommentAction","name":"Comment","target":["https:\/\/vosgesinfo.fr\/gerardmerinfo\/2026\/03\/exposition-dans-lombre-du-regard-de-julien-aubert\/#respond"]}]},{"@type":"WebPage","@id":"https:\/\/vosgesinfo.fr\/gerardmerinfo\/2026\/03\/exposition-dans-lombre-du-regard-de-julien-aubert\/","url":"https:\/\/vosgesinfo.fr\/gerardmerinfo\/2026\/03\/exposition-dans-lombre-du-regard-de-julien-aubert\/","name":"Exposition - Dans l'ombre du regard de Julien Aubert - Gerardmer Info","isPartOf":{"@id":"https:\/\/vosgesinfo.fr\/gerardmerinfo\/#website"},"primaryImageOfPage":{"@id":"https:\/\/vosgesinfo.fr\/gerardmerinfo\/2026\/03\/exposition-dans-lombre-du-regard-de-julien-aubert\/#primaryimage"},"image":{"@id":"https:\/\/vosgesinfo.fr\/gerardmerinfo\/2026\/03\/exposition-dans-lombre-du-regard-de-julien-aubert\/#primaryimage"},"thumbnailUrl":"https:\/\/vosgesinfo.fr\/app\/uploads\/sites\/6\/2026\/03\/expo-julien-aubert-mcl-gerardmer-4.jpg","datePublished":"2026-03-14T04:58:19+00:00","dateModified":"2026-03-13T20:01:46+00:00","breadcrumb":{"@id":"https:\/\/vosgesinfo.fr\/gerardmerinfo\/2026\/03\/exposition-dans-lombre-du-regard-de-julien-aubert\/#breadcrumb"},"inLanguage":"fr-FR","potentialAction":[{"@type":"ReadAction","target":["https:\/\/vosgesinfo.fr\/gerardmerinfo\/2026\/03\/exposition-dans-lombre-du-regard-de-julien-aubert\/"]}]},{"@type":"ImageObject","inLanguage":"fr-FR","@id":"https:\/\/vosgesinfo.fr\/gerardmerinfo\/2026\/03\/exposition-dans-lombre-du-regard-de-julien-aubert\/#primaryimage","url":"https:\/\/vosgesinfo.fr\/app\/uploads\/sites\/6\/2026\/03\/expo-julien-aubert-mcl-gerardmer-4.jpg","contentUrl":"https:\/\/vosgesinfo.fr\/app\/uploads\/sites\/6\/2026\/03\/expo-julien-aubert-mcl-gerardmer-4.jpg","width":1440,"height":1080},{"@type":"BreadcrumbList","@id":"https:\/\/vosgesinfo.fr\/gerardmerinfo\/2026\/03\/exposition-dans-lombre-du-regard-de-julien-aubert\/#breadcrumb","itemListElement":[{"@type":"ListItem","position":1,"name":"Home","item":"https:\/\/vosgesinfo.fr\/gerardmerinfo\/"},{"@type":"ListItem","position":2,"name":"Exposition &#8211; Dans l&rsquo;ombre du regard de Julien Aubert"}]},{"@type":"WebSite","@id":"https:\/\/vosgesinfo.fr\/gerardmerinfo\/#website","url":"https:\/\/vosgesinfo.fr\/gerardmerinfo\/","name":"Gerardmer Info","description":"Toute l&#039;actualit\u00e9 de G\u00e9rardmer","publisher":{"@id":"https:\/\/vosgesinfo.fr\/gerardmerinfo\/#organization"},"alternateName":"Toute l'actualit\u00e9 de G\u00e9rardmer","potentialAction":[{"@type":"SearchAction","target":{"@type":"EntryPoint","urlTemplate":"https:\/\/vosgesinfo.fr\/gerardmerinfo\/?s={search_term_string}"},"query-input":"required name=search_term_string"}],"inLanguage":"fr-FR"},{"@type":"Organization","@id":"https:\/\/vosgesinfo.fr\/gerardmerinfo\/#organization","name":"Gerardmer Info","url":"https:\/\/vosgesinfo.fr\/gerardmerinfo\/","logo":{"@type":"ImageObject","inLanguage":"fr-FR","@id":"https:\/\/vosgesinfo.fr\/gerardmerinfo\/#\/schema\/logo\/image\/","url":"https:\/\/vosgesinfo.fr\/app\/uploads\/sites\/6\/2023\/08\/favicon-gerardmerinfo.png","contentUrl":"https:\/\/vosgesinfo.fr\/app\/uploads\/sites\/6\/2023\/08\/favicon-gerardmerinfo.png","width":512,"height":512,"caption":"Gerardmer Info"},"image":{"@id":"https:\/\/vosgesinfo.fr\/gerardmerinfo\/#\/schema\/logo\/image\/"},"sameAs":["https:\/\/www.facebook.com\/profile.php?id=100049475262660","https:\/\/x.com\/VosgesInfo88","https:\/\/www.youtube.com\/@vosgesinfo"]},{"@type":"Person","@id":"https:\/\/vosgesinfo.fr\/gerardmerinfo\/#\/schema\/person\/db5605779a843dad16b5368f3e7613a5","name":"QG","image":{"@type":"ImageObject","inLanguage":"fr-FR","@id":"https:\/\/vosgesinfo.fr\/gerardmerinfo\/#\/schema\/person\/image\/","url":"https:\/\/secure.gravatar.com\/avatar\/ea80c42c204b534408512832fde52504ecabb9706bcb6151cf6175e5b64e6793?s=96&d=mm&r=g","contentUrl":"https:\/\/secure.gravatar.com\/avatar\/ea80c42c204b534408512832fde52504ecabb9706bcb6151cf6175e5b64e6793?s=96&d=mm&r=g","caption":"QG"},"url":"https:\/\/vosgesinfo.fr\/gerardmerinfo\/author\/quentin88\/"}]}},"_links":{"self":[{"href":"https:\/\/vosgesinfo.fr\/gerardmerinfo\/wp-json\/wp\/v2\/posts\/89044","targetHints":{"allow":["GET"]}}],"collection":[{"href":"https:\/\/vosgesinfo.fr\/gerardmerinfo\/wp-json\/wp\/v2\/posts"}],"about":[{"href":"https:\/\/vosgesinfo.fr\/gerardmerinfo\/wp-json\/wp\/v2\/types\/post"}],"author":[{"embeddable":true,"href":"https:\/\/vosgesinfo.fr\/gerardmerinfo\/wp-json\/wp\/v2\/users\/42"}],"replies":[{"embeddable":true,"href":"https:\/\/vosgesinfo.fr\/gerardmerinfo\/wp-json\/wp\/v2\/comments?post=89044"}],"version-history":[{"count":3,"href":"https:\/\/vosgesinfo.fr\/gerardmerinfo\/wp-json\/wp\/v2\/posts\/89044\/revisions"}],"predecessor-version":[{"id":89051,"href":"https:\/\/vosgesinfo.fr\/gerardmerinfo\/wp-json\/wp\/v2\/posts\/89044\/revisions\/89051"}],"wp:featuredmedia":[{"embeddable":true,"href":"https:\/\/vosgesinfo.fr\/gerardmerinfo\/wp-json\/wp\/v2\/media\/89049"}],"wp:attachment":[{"href":"https:\/\/vosgesinfo.fr\/gerardmerinfo\/wp-json\/wp\/v2\/media?parent=89044"}],"wp:term":[{"taxonomy":"category","embeddable":true,"href":"https:\/\/vosgesinfo.fr\/gerardmerinfo\/wp-json\/wp\/v2\/categories?post=89044"},{"taxonomy":"post_tag","embeddable":true,"href":"https:\/\/vosgesinfo.fr\/gerardmerinfo\/wp-json\/wp\/v2\/tags?post=89044"}],"curies":[{"name":"wp","href":"https:\/\/api.w.org\/{rel}","templated":true}]}}