{"id":89067,"date":"2026-03-15T05:56:15","date_gmt":"2026-03-15T04:56:15","guid":{"rendered":"https:\/\/vosgesinfo.fr\/gerardmerinfo\/?p=89067"},"modified":"2026-03-14T13:53:45","modified_gmt":"2026-03-14T12:53:45","slug":"la-bosse-des-maths-en-musique","status":"publish","type":"post","link":"https:\/\/vosgesinfo.fr\/gerardmerinfo\/2026\/03\/la-bosse-des-maths-en-musique\/","title":{"rendered":"La bosse des maths en musique"},"content":{"rendered":"<h3><a href=\"https:\/\/vosgesinfo.fr\/app\/uploads\/sites\/6\/2026\/03\/soiree-des-maths-gerardmer-1.jpg\"><img decoding=\"async\" class=\"aligncenter size-large wp-image-89069\" src=\"https:\/\/vosgesinfo.fr\/app\/uploads\/sites\/6\/2026\/03\/soiree-des-maths-gerardmer-1-1024x768.jpg\" alt=\"\" width=\"1024\" height=\"768\" srcset=\"https:\/\/vosgesinfo.fr\/app\/uploads\/sites\/6\/2026\/03\/soiree-des-maths-gerardmer-1-1024x768.jpg 1024w, https:\/\/vosgesinfo.fr\/app\/uploads\/sites\/6\/2026\/03\/soiree-des-maths-gerardmer-1-300x225.jpg 300w, https:\/\/vosgesinfo.fr\/app\/uploads\/sites\/6\/2026\/03\/soiree-des-maths-gerardmer-1-768x576.jpg 768w, https:\/\/vosgesinfo.fr\/app\/uploads\/sites\/6\/2026\/03\/soiree-des-maths-gerardmer-1.jpg 1440w\" sizes=\"(max-width: 1024px) 100vw, 1024px\" \/><\/a><\/h3>\n<h3><\/h3>\n<h3>Vendredi en fin de journ\u00e9e, le coll\u00e8ge de La Haie Griselle et l\u2019\u00e9cole de musique intercommunale ont \u00e0 nouveau propos\u00e9 une soir\u00e9e m\u00ealant expos\u00e9s d\u2019\u00e9l\u00e8ves et interm\u00e8des musicaux \u00e0 l\u2019occasion de la Semaine des math\u00e9matiques.<\/h3>\n<p>&nbsp;<\/p>\n<p data-start=\"317\" data-end=\"702\">\u00c0 l\u2019auditorium de l\u2019\u00e9cole de musique intercommunale, les math\u00e9matiques ont quitt\u00e9 les salles de classe pour se partager avec le public lors d\u2019une soir\u00e9e originale organis\u00e9e par le coll\u00e8ge de Coll\u00e8ge de La Haie Griselle. L\u2019\u00e9v\u00e9nement s\u2019inscrivait dans la 15\u1d49 \u00e9dition de la Semaine des math\u00e9matiques, plac\u00e9e cette ann\u00e9e sous le th\u00e8me \u00ab \u00c9galit\u00e9s \u00bb.<\/p>\n<p data-start=\"704\" data-end=\"1117\"><a href=\"https:\/\/vosgesinfo.fr\/app\/uploads\/sites\/6\/2026\/03\/soiree-des-maths-gerardmer-2.jpg\"><img decoding=\"async\" class=\"alignright size-medium wp-image-89068\" src=\"https:\/\/vosgesinfo.fr\/app\/uploads\/sites\/6\/2026\/03\/soiree-des-maths-gerardmer-2-300x225.jpg\" alt=\"\" width=\"300\" height=\"225\" srcset=\"https:\/\/vosgesinfo.fr\/app\/uploads\/sites\/6\/2026\/03\/soiree-des-maths-gerardmer-2-300x225.jpg 300w, https:\/\/vosgesinfo.fr\/app\/uploads\/sites\/6\/2026\/03\/soiree-des-maths-gerardmer-2-1024x768.jpg 1024w, https:\/\/vosgesinfo.fr\/app\/uploads\/sites\/6\/2026\/03\/soiree-des-maths-gerardmer-2-768x576.jpg 768w, https:\/\/vosgesinfo.fr\/app\/uploads\/sites\/6\/2026\/03\/soiree-des-maths-gerardmer-2.jpg 1440w\" sizes=\"(max-width: 300px) 100vw, 300px\" \/><\/a>Devant un auditoire attentif, les \u00e9l\u00e8ves ont montr\u00e9 combien les math\u00e9matiques participent \u00e0 la construction de la pens\u00e9e rationnelle et \u00e0 la recherche de justice et d\u2019\u00e9galit\u00e9 des chances. La soir\u00e9e a \u00e9galement mis en lumi\u00e8re les liens \u00e9troits qui unissent depuis longtemps math\u00e9matiques et musique, des r\u00e9flexions de <span class=\"hover:entity-accent entity-underline inline cursor-pointer align-baseline\"><span class=\"whitespace-normal\">Pythagore<\/span><\/span> aux compositions de <span class=\"hover:entity-accent entity-underline inline cursor-pointer align-baseline\"><span class=\"whitespace-normal\">Johann Sebastian Bach<\/span><\/span>.<\/p>\n<p data-start=\"1119\" data-end=\"1691\">Tout au long de la soir\u00e9e, les pr\u00e9sentations des coll\u00e9giens ont \u00e9t\u00e9 ponctu\u00e9es d\u2019interm\u00e8des musicaux interpr\u00e9t\u00e9s par les \u00e9l\u00e8ves de l\u2019\u00e9cole de musique. Le public a notamment appr\u00e9ci\u00e9 la <em data-start=\"1303\" data-end=\"1319\">Danse paysanne<\/em> de <span class=\"hover:entity-accent entity-underline inline cursor-pointer align-baseline\"><span class=\"whitespace-normal\">Carl Orff<\/span><\/span>, jou\u00e9e \u00e0 la trompette par Maxime et au cor par Fran\u00e7oise. D\u2019autres moments musicaux ont rythm\u00e9 la rencontre, comme une improvisation \u00e0 l\u2019orgue propos\u00e9e par Robin, des pi\u00e8ces interpr\u00e9t\u00e9es \u00e0 l\u2019orgue \u00e0 quatre mains par Marie-Claire et Val\u00e9rie, ou encore des passages \u00e0 la fl\u00fbte par Loriane et Charlotte, accompagn\u00e9es aux percussions.<\/p>\n<p data-start=\"1119\" data-end=\"1691\"><strong>Archim\u00e8de, Descartes, Nightingale &amp; Co<\/strong><\/p>\n<p data-start=\"1693\" data-end=\"2054\">Cette soir\u00e9e, pr\u00e9par\u00e9e par la professeure de math\u00e9matiques Anne-Marie Drouin et mise en musique par J\u00e9r\u00e9my Marchal, a \u00e9galement permis un voyage dans l\u2019histoire des sciences. La pr\u00e9sentation conduite par Prisca Rudatis, professeure et documentaliste, a entra\u00een\u00e9 le public des premiers calculs de l\u2019\u00c9gypte antique jusqu\u2019aux fondements des math\u00e9matiques modernes.<\/p>\n<p data-start=\"1693\" data-end=\"2054\"><strong>Des stats et des maths<\/strong><\/p>\n<p data-start=\"2056\" data-end=\"2530\">Les spectateurs ont ainsi d\u00e9couvert l\u2019histoire du scribe \u00e9gyptien <span class=\"hover:entity-accent entity-underline inline cursor-pointer align-baseline\"><span class=\"whitespace-normal\">Ahmes<\/span><\/span>, qui consignait d\u00e9j\u00e0 sur papyrus des m\u00e9thodes pour calculer l\u2019aire d\u2019un disque, avant d\u2019\u00e9voquer les travaux de <span class=\"hover:entity-accent entity-underline inline cursor-pointer align-baseline\"><span class=\"whitespace-normal\">Thal\u00e8s de Milet<\/span><\/span> et de <span class=\"hover:entity-accent entity-underline inline cursor-pointer align-baseline\"><span class=\"whitespace-normal\">Archim\u00e8de<\/span><\/span>. La soir\u00e9e s\u2019est poursuivie avec la pens\u00e9e de <span class=\"hover:entity-accent entity-underline inline cursor-pointer align-baseline\"><span class=\"whitespace-normal\">Ren\u00e9 Descartes<\/span><\/span>, \u00e0 qui l\u2019on doit l\u2019introduction des lettres x, y et z pour repr\u00e9senter des valeurs inconnues. Le public a aussi d\u00e9couvert la figure de <span class=\"hover:entity-accent entity-underline inline cursor-pointer align-baseline\"><span class=\"whitespace-normal\">George Boole<\/span><\/span>, dont l\u2019alg\u00e8bre constitue aujourd\u2019hui l\u2019un des fondements de l\u2019informatique moderne. Entre anecdotes historiques, d\u00e9monstrations et m\u00eame une initiation \u00e0 la num\u00e9ration \u00e9gyptienne, la soir\u00e9e a offert un moment aussi instructif que convivial.<\/p>\n<p data-start=\"2853\" data-end=\"3093\" data-is-last-node=\"\" data-is-only-node=\"\">Pendant pr\u00e8s d\u2019une heure, musique et math\u00e9matiques se sont ainsi r\u00e9pondues dans l\u2019auditorium. Un rendez-vous appr\u00e9ci\u00e9 par le public, ravi de ressortir enrichi d\u2019une culture math\u00e9matique pr\u00e9sent\u00e9e de mani\u00e8re \u00e0 la fois p\u00e9dagogique et ludique.<\/p>\n","protected":false},"excerpt":{"rendered":"<p>Vendredi en fin de journ\u00e9e, le coll\u00e8ge de La Haie Griselle et l\u2019\u00e9cole de musique intercommunale ont \u00e0 nouveau propos\u00e9 [&hellip;]<\/p>\n","protected":false},"author":42,"featured_media":89068,"comment_status":"open","ping_status":"open","sticky":false,"template":"","format":"standard","meta":{"footnotes":""},"categories":[20,4,6,5647],"tags":[386],"class_list":["post-89067","post","type-post","status-publish","format-standard","has-post-thumbnail","hentry","category-a-la-une","category-culture","category-education","category-gerardmer-autres-sites","tag-college-la-haie-griselle"],"acf":[],"yoast_head":"<!-- This site is optimized with the Yoast SEO plugin v22.5 - https:\/\/yoast.com\/wordpress\/plugins\/seo\/ -->\n<title>La bosse des maths en musique - Gerardmer Info<\/title>\n<meta name=\"robots\" content=\"index, follow, max-snippet:-1, max-image-preview:large, max-video-preview:-1\" \/>\n<link rel=\"canonical\" href=\"https:\/\/vosgesinfo.fr\/gerardmerinfo\/2026\/03\/la-bosse-des-maths-en-musique\/\" \/>\n<meta name=\"twitter:card\" content=\"summary_large_image\" \/>\n<meta name=\"twitter:title\" content=\"La bosse des maths en musique - Gerardmer Info\" \/>\n<meta name=\"twitter:description\" content=\"Vendredi en fin de journ\u00e9e, le coll\u00e8ge de La Haie Griselle et l\u2019\u00e9cole de musique intercommunale ont \u00e0 nouveau propos\u00e9 [&hellip;]\" \/>\n<meta name=\"twitter:image\" content=\"https:\/\/vosgesinfo.fr\/app\/uploads\/sites\/6\/2026\/03\/soiree-des-maths-gerardmer-2.jpg\" \/>\n<meta name=\"twitter:creator\" content=\"@VosgesInfo88\" \/>\n<meta name=\"twitter:site\" content=\"@VosgesInfo88\" \/>\n<meta name=\"twitter:label1\" content=\"\u00c9crit par\" \/>\n\t<meta name=\"twitter:data1\" content=\"QG\" \/>\n\t<meta name=\"twitter:label2\" content=\"Dur\u00e9e de lecture estim\u00e9e\" \/>\n\t<meta name=\"twitter:data2\" content=\"3 minutes\" \/>\n<script type=\"application\/ld+json\" class=\"yoast-schema-graph\">{\"@context\":\"https:\/\/schema.org\",\"@graph\":[{\"@type\":\"Article\",\"@id\":\"https:\/\/vosgesinfo.fr\/gerardmerinfo\/2026\/03\/la-bosse-des-maths-en-musique\/#article\",\"isPartOf\":{\"@id\":\"https:\/\/vosgesinfo.fr\/gerardmerinfo\/2026\/03\/la-bosse-des-maths-en-musique\/\"},\"author\":{\"name\":\"QG\",\"@id\":\"https:\/\/vosgesinfo.fr\/gerardmerinfo\/#\/schema\/person\/db5605779a843dad16b5368f3e7613a5\"},\"headline\":\"La bosse des maths en musique\",\"datePublished\":\"2026-03-15T04:56:15+00:00\",\"dateModified\":\"2026-03-14T12:53:45+00:00\",\"mainEntityOfPage\":{\"@id\":\"https:\/\/vosgesinfo.fr\/gerardmerinfo\/2026\/03\/la-bosse-des-maths-en-musique\/\"},\"wordCount\":527,\"commentCount\":0,\"publisher\":{\"@id\":\"https:\/\/vosgesinfo.fr\/gerardmerinfo\/#organization\"},\"image\":{\"@id\":\"https:\/\/vosgesinfo.fr\/gerardmerinfo\/2026\/03\/la-bosse-des-maths-en-musique\/#primaryimage\"},\"thumbnailUrl\":\"https:\/\/vosgesinfo.fr\/app\/uploads\/sites\/6\/2026\/03\/soiree-des-maths-gerardmer-2.jpg\",\"keywords\":[\"coll\u00e9ge la haie griselle\"],\"articleSection\":[\"A la une\",\"Culture\",\"\u00c9ducation\",\"Gerardmer\"],\"inLanguage\":\"fr-FR\",\"potentialAction\":[{\"@type\":\"CommentAction\",\"name\":\"Comment\",\"target\":[\"https:\/\/vosgesinfo.fr\/gerardmerinfo\/2026\/03\/la-bosse-des-maths-en-musique\/#respond\"]}]},{\"@type\":\"WebPage\",\"@id\":\"https:\/\/vosgesinfo.fr\/gerardmerinfo\/2026\/03\/la-bosse-des-maths-en-musique\/\",\"url\":\"https:\/\/vosgesinfo.fr\/gerardmerinfo\/2026\/03\/la-bosse-des-maths-en-musique\/\",\"name\":\"La bosse des maths en musique - Gerardmer Info\",\"isPartOf\":{\"@id\":\"https:\/\/vosgesinfo.fr\/gerardmerinfo\/#website\"},\"primaryImageOfPage\":{\"@id\":\"https:\/\/vosgesinfo.fr\/gerardmerinfo\/2026\/03\/la-bosse-des-maths-en-musique\/#primaryimage\"},\"image\":{\"@id\":\"https:\/\/vosgesinfo.fr\/gerardmerinfo\/2026\/03\/la-bosse-des-maths-en-musique\/#primaryimage\"},\"thumbnailUrl\":\"https:\/\/vosgesinfo.fr\/app\/uploads\/sites\/6\/2026\/03\/soiree-des-maths-gerardmer-2.jpg\",\"datePublished\":\"2026-03-15T04:56:15+00:00\",\"dateModified\":\"2026-03-14T12:53:45+00:00\",\"breadcrumb\":{\"@id\":\"https:\/\/vosgesinfo.fr\/gerardmerinfo\/2026\/03\/la-bosse-des-maths-en-musique\/#breadcrumb\"},\"inLanguage\":\"fr-FR\",\"potentialAction\":[{\"@type\":\"ReadAction\",\"target\":[\"https:\/\/vosgesinfo.fr\/gerardmerinfo\/2026\/03\/la-bosse-des-maths-en-musique\/\"]}]},{\"@type\":\"ImageObject\",\"inLanguage\":\"fr-FR\",\"@id\":\"https:\/\/vosgesinfo.fr\/gerardmerinfo\/2026\/03\/la-bosse-des-maths-en-musique\/#primaryimage\",\"url\":\"https:\/\/vosgesinfo.fr\/app\/uploads\/sites\/6\/2026\/03\/soiree-des-maths-gerardmer-2.jpg\",\"contentUrl\":\"https:\/\/vosgesinfo.fr\/app\/uploads\/sites\/6\/2026\/03\/soiree-des-maths-gerardmer-2.jpg\",\"width\":1440,\"height\":1080},{\"@type\":\"BreadcrumbList\",\"@id\":\"https:\/\/vosgesinfo.fr\/gerardmerinfo\/2026\/03\/la-bosse-des-maths-en-musique\/#breadcrumb\",\"itemListElement\":[{\"@type\":\"ListItem\",\"position\":1,\"name\":\"Home\",\"item\":\"https:\/\/vosgesinfo.fr\/gerardmerinfo\/\"},{\"@type\":\"ListItem\",\"position\":2,\"name\":\"La bosse des maths en musique\"}]},{\"@type\":\"WebSite\",\"@id\":\"https:\/\/vosgesinfo.fr\/gerardmerinfo\/#website\",\"url\":\"https:\/\/vosgesinfo.fr\/gerardmerinfo\/\",\"name\":\"Gerardmer Info\",\"description\":\"Toute l&#039;actualit\u00e9 de G\u00e9rardmer\",\"publisher\":{\"@id\":\"https:\/\/vosgesinfo.fr\/gerardmerinfo\/#organization\"},\"alternateName\":\"Toute l'actualit\u00e9 de G\u00e9rardmer\",\"potentialAction\":[{\"@type\":\"SearchAction\",\"target\":{\"@type\":\"EntryPoint\",\"urlTemplate\":\"https:\/\/vosgesinfo.fr\/gerardmerinfo\/?s={search_term_string}\"},\"query-input\":\"required name=search_term_string\"}],\"inLanguage\":\"fr-FR\"},{\"@type\":\"Organization\",\"@id\":\"https:\/\/vosgesinfo.fr\/gerardmerinfo\/#organization\",\"name\":\"Gerardmer Info\",\"url\":\"https:\/\/vosgesinfo.fr\/gerardmerinfo\/\",\"logo\":{\"@type\":\"ImageObject\",\"inLanguage\":\"fr-FR\",\"@id\":\"https:\/\/vosgesinfo.fr\/gerardmerinfo\/#\/schema\/logo\/image\/\",\"url\":\"https:\/\/vosgesinfo.fr\/app\/uploads\/sites\/6\/2023\/08\/favicon-gerardmerinfo.png\",\"contentUrl\":\"https:\/\/vosgesinfo.fr\/app\/uploads\/sites\/6\/2023\/08\/favicon-gerardmerinfo.png\",\"width\":512,\"height\":512,\"caption\":\"Gerardmer Info\"},\"image\":{\"@id\":\"https:\/\/vosgesinfo.fr\/gerardmerinfo\/#\/schema\/logo\/image\/\"},\"sameAs\":[\"https:\/\/www.facebook.com\/profile.php?id=100049475262660\",\"https:\/\/x.com\/VosgesInfo88\",\"https:\/\/www.youtube.com\/@vosgesinfo\"]},{\"@type\":\"Person\",\"@id\":\"https:\/\/vosgesinfo.fr\/gerardmerinfo\/#\/schema\/person\/db5605779a843dad16b5368f3e7613a5\",\"name\":\"QG\",\"image\":{\"@type\":\"ImageObject\",\"inLanguage\":\"fr-FR\",\"@id\":\"https:\/\/vosgesinfo.fr\/gerardmerinfo\/#\/schema\/person\/image\/\",\"url\":\"https:\/\/secure.gravatar.com\/avatar\/ea80c42c204b534408512832fde52504ecabb9706bcb6151cf6175e5b64e6793?s=96&d=mm&r=g\",\"contentUrl\":\"https:\/\/secure.gravatar.com\/avatar\/ea80c42c204b534408512832fde52504ecabb9706bcb6151cf6175e5b64e6793?s=96&d=mm&r=g\",\"caption\":\"QG\"},\"url\":\"https:\/\/vosgesinfo.fr\/gerardmerinfo\/author\/quentin88\/\"}]}<\/script>\n<!-- \/ Yoast SEO plugin. -->","yoast_head_json":{"title":"La bosse des maths en musique - Gerardmer Info","robots":{"index":"index","follow":"follow","max-snippet":"max-snippet:-1","max-image-preview":"max-image-preview:large","max-video-preview":"max-video-preview:-1"},"canonical":"https:\/\/vosgesinfo.fr\/gerardmerinfo\/2026\/03\/la-bosse-des-maths-en-musique\/","twitter_card":"summary_large_image","twitter_title":"La bosse des maths en musique - Gerardmer Info","twitter_description":"Vendredi en fin de journ\u00e9e, le coll\u00e8ge de La Haie Griselle et l\u2019\u00e9cole de musique intercommunale ont \u00e0 nouveau propos\u00e9 [&hellip;]","twitter_image":"https:\/\/vosgesinfo.fr\/app\/uploads\/sites\/6\/2026\/03\/soiree-des-maths-gerardmer-2.jpg","twitter_creator":"@VosgesInfo88","twitter_site":"@VosgesInfo88","twitter_misc":{"\u00c9crit par":"QG","Dur\u00e9e de lecture estim\u00e9e":"3 minutes"},"schema":{"@context":"https:\/\/schema.org","@graph":[{"@type":"Article","@id":"https:\/\/vosgesinfo.fr\/gerardmerinfo\/2026\/03\/la-bosse-des-maths-en-musique\/#article","isPartOf":{"@id":"https:\/\/vosgesinfo.fr\/gerardmerinfo\/2026\/03\/la-bosse-des-maths-en-musique\/"},"author":{"name":"QG","@id":"https:\/\/vosgesinfo.fr\/gerardmerinfo\/#\/schema\/person\/db5605779a843dad16b5368f3e7613a5"},"headline":"La bosse des maths en musique","datePublished":"2026-03-15T04:56:15+00:00","dateModified":"2026-03-14T12:53:45+00:00","mainEntityOfPage":{"@id":"https:\/\/vosgesinfo.fr\/gerardmerinfo\/2026\/03\/la-bosse-des-maths-en-musique\/"},"wordCount":527,"commentCount":0,"publisher":{"@id":"https:\/\/vosgesinfo.fr\/gerardmerinfo\/#organization"},"image":{"@id":"https:\/\/vosgesinfo.fr\/gerardmerinfo\/2026\/03\/la-bosse-des-maths-en-musique\/#primaryimage"},"thumbnailUrl":"https:\/\/vosgesinfo.fr\/app\/uploads\/sites\/6\/2026\/03\/soiree-des-maths-gerardmer-2.jpg","keywords":["coll\u00e9ge la haie griselle"],"articleSection":["A la une","Culture","\u00c9ducation","Gerardmer"],"inLanguage":"fr-FR","potentialAction":[{"@type":"CommentAction","name":"Comment","target":["https:\/\/vosgesinfo.fr\/gerardmerinfo\/2026\/03\/la-bosse-des-maths-en-musique\/#respond"]}]},{"@type":"WebPage","@id":"https:\/\/vosgesinfo.fr\/gerardmerinfo\/2026\/03\/la-bosse-des-maths-en-musique\/","url":"https:\/\/vosgesinfo.fr\/gerardmerinfo\/2026\/03\/la-bosse-des-maths-en-musique\/","name":"La bosse des maths en musique - Gerardmer Info","isPartOf":{"@id":"https:\/\/vosgesinfo.fr\/gerardmerinfo\/#website"},"primaryImageOfPage":{"@id":"https:\/\/vosgesinfo.fr\/gerardmerinfo\/2026\/03\/la-bosse-des-maths-en-musique\/#primaryimage"},"image":{"@id":"https:\/\/vosgesinfo.fr\/gerardmerinfo\/2026\/03\/la-bosse-des-maths-en-musique\/#primaryimage"},"thumbnailUrl":"https:\/\/vosgesinfo.fr\/app\/uploads\/sites\/6\/2026\/03\/soiree-des-maths-gerardmer-2.jpg","datePublished":"2026-03-15T04:56:15+00:00","dateModified":"2026-03-14T12:53:45+00:00","breadcrumb":{"@id":"https:\/\/vosgesinfo.fr\/gerardmerinfo\/2026\/03\/la-bosse-des-maths-en-musique\/#breadcrumb"},"inLanguage":"fr-FR","potentialAction":[{"@type":"ReadAction","target":["https:\/\/vosgesinfo.fr\/gerardmerinfo\/2026\/03\/la-bosse-des-maths-en-musique\/"]}]},{"@type":"ImageObject","inLanguage":"fr-FR","@id":"https:\/\/vosgesinfo.fr\/gerardmerinfo\/2026\/03\/la-bosse-des-maths-en-musique\/#primaryimage","url":"https:\/\/vosgesinfo.fr\/app\/uploads\/sites\/6\/2026\/03\/soiree-des-maths-gerardmer-2.jpg","contentUrl":"https:\/\/vosgesinfo.fr\/app\/uploads\/sites\/6\/2026\/03\/soiree-des-maths-gerardmer-2.jpg","width":1440,"height":1080},{"@type":"BreadcrumbList","@id":"https:\/\/vosgesinfo.fr\/gerardmerinfo\/2026\/03\/la-bosse-des-maths-en-musique\/#breadcrumb","itemListElement":[{"@type":"ListItem","position":1,"name":"Home","item":"https:\/\/vosgesinfo.fr\/gerardmerinfo\/"},{"@type":"ListItem","position":2,"name":"La bosse des maths en musique"}]},{"@type":"WebSite","@id":"https:\/\/vosgesinfo.fr\/gerardmerinfo\/#website","url":"https:\/\/vosgesinfo.fr\/gerardmerinfo\/","name":"Gerardmer Info","description":"Toute l&#039;actualit\u00e9 de G\u00e9rardmer","publisher":{"@id":"https:\/\/vosgesinfo.fr\/gerardmerinfo\/#organization"},"alternateName":"Toute l'actualit\u00e9 de G\u00e9rardmer","potentialAction":[{"@type":"SearchAction","target":{"@type":"EntryPoint","urlTemplate":"https:\/\/vosgesinfo.fr\/gerardmerinfo\/?s={search_term_string}"},"query-input":"required name=search_term_string"}],"inLanguage":"fr-FR"},{"@type":"Organization","@id":"https:\/\/vosgesinfo.fr\/gerardmerinfo\/#organization","name":"Gerardmer Info","url":"https:\/\/vosgesinfo.fr\/gerardmerinfo\/","logo":{"@type":"ImageObject","inLanguage":"fr-FR","@id":"https:\/\/vosgesinfo.fr\/gerardmerinfo\/#\/schema\/logo\/image\/","url":"https:\/\/vosgesinfo.fr\/app\/uploads\/sites\/6\/2023\/08\/favicon-gerardmerinfo.png","contentUrl":"https:\/\/vosgesinfo.fr\/app\/uploads\/sites\/6\/2023\/08\/favicon-gerardmerinfo.png","width":512,"height":512,"caption":"Gerardmer Info"},"image":{"@id":"https:\/\/vosgesinfo.fr\/gerardmerinfo\/#\/schema\/logo\/image\/"},"sameAs":["https:\/\/www.facebook.com\/profile.php?id=100049475262660","https:\/\/x.com\/VosgesInfo88","https:\/\/www.youtube.com\/@vosgesinfo"]},{"@type":"Person","@id":"https:\/\/vosgesinfo.fr\/gerardmerinfo\/#\/schema\/person\/db5605779a843dad16b5368f3e7613a5","name":"QG","image":{"@type":"ImageObject","inLanguage":"fr-FR","@id":"https:\/\/vosgesinfo.fr\/gerardmerinfo\/#\/schema\/person\/image\/","url":"https:\/\/secure.gravatar.com\/avatar\/ea80c42c204b534408512832fde52504ecabb9706bcb6151cf6175e5b64e6793?s=96&d=mm&r=g","contentUrl":"https:\/\/secure.gravatar.com\/avatar\/ea80c42c204b534408512832fde52504ecabb9706bcb6151cf6175e5b64e6793?s=96&d=mm&r=g","caption":"QG"},"url":"https:\/\/vosgesinfo.fr\/gerardmerinfo\/author\/quentin88\/"}]}},"_links":{"self":[{"href":"https:\/\/vosgesinfo.fr\/gerardmerinfo\/wp-json\/wp\/v2\/posts\/89067","targetHints":{"allow":["GET"]}}],"collection":[{"href":"https:\/\/vosgesinfo.fr\/gerardmerinfo\/wp-json\/wp\/v2\/posts"}],"about":[{"href":"https:\/\/vosgesinfo.fr\/gerardmerinfo\/wp-json\/wp\/v2\/types\/post"}],"author":[{"embeddable":true,"href":"https:\/\/vosgesinfo.fr\/gerardmerinfo\/wp-json\/wp\/v2\/users\/42"}],"replies":[{"embeddable":true,"href":"https:\/\/vosgesinfo.fr\/gerardmerinfo\/wp-json\/wp\/v2\/comments?post=89067"}],"version-history":[{"count":4,"href":"https:\/\/vosgesinfo.fr\/gerardmerinfo\/wp-json\/wp\/v2\/posts\/89067\/revisions"}],"predecessor-version":[{"id":89073,"href":"https:\/\/vosgesinfo.fr\/gerardmerinfo\/wp-json\/wp\/v2\/posts\/89067\/revisions\/89073"}],"wp:featuredmedia":[{"embeddable":true,"href":"https:\/\/vosgesinfo.fr\/gerardmerinfo\/wp-json\/wp\/v2\/media\/89068"}],"wp:attachment":[{"href":"https:\/\/vosgesinfo.fr\/gerardmerinfo\/wp-json\/wp\/v2\/media?parent=89067"}],"wp:term":[{"taxonomy":"category","embeddable":true,"href":"https:\/\/vosgesinfo.fr\/gerardmerinfo\/wp-json\/wp\/v2\/categories?post=89067"},{"taxonomy":"post_tag","embeddable":true,"href":"https:\/\/vosgesinfo.fr\/gerardmerinfo\/wp-json\/wp\/v2\/tags?post=89067"}],"curies":[{"name":"wp","href":"https:\/\/api.w.org\/{rel}","templated":true}]}}