{"id":89083,"date":"2026-03-15T20:21:32","date_gmt":"2026-03-15T19:21:32","guid":{"rendered":"https:\/\/vosgesinfo.fr\/gerardmerinfo\/?p=89083"},"modified":"2026-03-16T07:40:01","modified_gmt":"2026-03-16T06:40:01","slug":"elections-a-gerardmer-la-liste-menee-par-thomas-gion-plebiscitee-et-elue-des-le-1er-tour","status":"publish","type":"post","link":"https:\/\/vosgesinfo.fr\/gerardmerinfo\/2026\/03\/elections-a-gerardmer-la-liste-menee-par-thomas-gion-plebiscitee-et-elue-des-le-1er-tour\/","title":{"rendered":"\u00c9lections \u00e0 G\u00e9rardmer &#8211; La liste men\u00e9e par Thomas Gion pl\u00e9biscit\u00e9e et  \u00e9lue d\u00e8s le 1er tour"},"content":{"rendered":"<p><a href=\"https:\/\/vosgesinfo.fr\/app\/uploads\/sites\/6\/2026\/03\/image00000011.jpg\"><img decoding=\"async\" class=\"alignnone size-full wp-image-89084\" src=\"https:\/\/vosgesinfo.fr\/app\/uploads\/sites\/6\/2026\/03\/image00000011.jpg\" alt=\"\" width=\"1440\" height=\"1080\" srcset=\"https:\/\/vosgesinfo.fr\/app\/uploads\/sites\/6\/2026\/03\/image00000011.jpg 1440w, https:\/\/vosgesinfo.fr\/app\/uploads\/sites\/6\/2026\/03\/image00000011-300x225.jpg 300w, https:\/\/vosgesinfo.fr\/app\/uploads\/sites\/6\/2026\/03\/image00000011-1024x768.jpg 1024w, https:\/\/vosgesinfo.fr\/app\/uploads\/sites\/6\/2026\/03\/image00000011-768x576.jpg 768w\" sizes=\"(max-width: 1440px) 100vw, 1440px\" \/><\/a>C&rsquo;est un v\u00e9ritable coup de tonnerre qui s&rsquo;est abattu sur la ville de G\u00e9rardmer en fin de journ\u00e9e \u00e0 la suite du 1er tour des \u00e9lections municipales. La Liste men\u00e9e par Thomas Gion, \u00ab\u00a0G\u00e9rardmer c&rsquo;est Vous\u00a0\u00bb a r\u00e9colt\u00e9 pas moins de 60,87% des voix contre 19,59% pour la liste de Eric Defranould \u00ab\u00a0G\u00e9rardmer Nature et Solidarit\u00e9s\u00a0\u00bb. Le maire sortant Stessy Speissmann Mozas et les membres de sa liste\u00a0 \u00ab\u00a0G\u00e9rardmer Une Ville Pour Tous\u00a0\u00bb\u00a0 arrivent en 3\u00e8me position.avec 19,54% des suffrages exprim\u00e9s.<\/p>\n<p>A noter, l&rsquo;Union de la gauche \u00e9tait aux commandes de la ville depuis 1989. C&rsquo;est une page qui se tourne.<\/p>\n<p>A suivre les interview des candidats&#8230;<\/p>\n<p><a href=\"https:\/\/vosgesinfo.fr\/app\/uploads\/sites\/6\/2026\/03\/image00000012.jpg\"><img decoding=\"async\" class=\"alignnone size-full wp-image-89093\" src=\"https:\/\/vosgesinfo.fr\/app\/uploads\/sites\/6\/2026\/03\/image00000012.jpg\" alt=\"\" width=\"1560\" height=\"820\" srcset=\"https:\/\/vosgesinfo.fr\/app\/uploads\/sites\/6\/2026\/03\/image00000012.jpg 1560w, https:\/\/vosgesinfo.fr\/app\/uploads\/sites\/6\/2026\/03\/image00000012-300x158.jpg 300w, https:\/\/vosgesinfo.fr\/app\/uploads\/sites\/6\/2026\/03\/image00000012-1024x538.jpg 1024w, https:\/\/vosgesinfo.fr\/app\/uploads\/sites\/6\/2026\/03\/image00000012-768x404.jpg 768w, https:\/\/vosgesinfo.fr\/app\/uploads\/sites\/6\/2026\/03\/image00000012-1536x807.jpg 1536w\" sizes=\"(max-width: 1560px) 100vw, 1560px\" \/><\/a><\/p>\n","protected":false},"excerpt":{"rendered":"<p>C&rsquo;est un v\u00e9ritable coup de tonnerre qui s&rsquo;est abattu sur la ville de G\u00e9rardmer en fin de journ\u00e9e \u00e0 la [&hellip;]<\/p>\n","protected":false},"author":39,"featured_media":89084,"comment_status":"closed","ping_status":"closed","sticky":false,"template":"","format":"standard","meta":{"footnotes":""},"categories":[20,10],"tags":[7945,1039,8511,8510,8512],"class_list":["post-89083","post","type-post","status-publish","format-standard","has-post-thumbnail","hentry","category-a-la-une","category-politique","tag-elections-municipales","tag-gerardmer","tag-gion","tag-maire","tag-speissmann-battu"],"acf":[],"yoast_head":"<!-- This site is optimized with the Yoast SEO plugin v22.5 - https:\/\/yoast.com\/wordpress\/plugins\/seo\/ -->\n<title>\u00c9lections \u00e0 G\u00e9rardmer - La liste men\u00e9e par Thomas Gion pl\u00e9biscit\u00e9e et \u00e9lue d\u00e8s le 1er tour - Gerardmer Info<\/title>\n<meta name=\"robots\" content=\"index, follow, max-snippet:-1, max-image-preview:large, max-video-preview:-1\" \/>\n<link rel=\"canonical\" href=\"https:\/\/vosgesinfo.fr\/gerardmerinfo\/2026\/03\/elections-a-gerardmer-la-liste-menee-par-thomas-gion-plebiscitee-et-elue-des-le-1er-tour\/\" \/>\n<meta name=\"twitter:card\" content=\"summary_large_image\" \/>\n<meta name=\"twitter:title\" content=\"\u00c9lections \u00e0 G\u00e9rardmer - La liste men\u00e9e par Thomas Gion pl\u00e9biscit\u00e9e et \u00e9lue d\u00e8s le 1er tour - Gerardmer Info\" \/>\n<meta name=\"twitter:description\" content=\"C&rsquo;est un v\u00e9ritable coup de tonnerre qui s&rsquo;est abattu sur la ville de G\u00e9rardmer en fin de journ\u00e9e \u00e0 la [&hellip;]\" \/>\n<meta name=\"twitter:image\" content=\"https:\/\/vosgesinfo.fr\/app\/uploads\/sites\/6\/2026\/03\/image00000011.jpg\" \/>\n<meta name=\"twitter:creator\" content=\"@VosgesInfo88\" \/>\n<meta name=\"twitter:site\" content=\"@VosgesInfo88\" \/>\n<meta name=\"twitter:label1\" content=\"\u00c9crit par\" \/>\n\t<meta name=\"twitter:data1\" content=\"Phj\" \/>\n\t<meta name=\"twitter:label2\" content=\"Dur\u00e9e de lecture estim\u00e9e\" \/>\n\t<meta name=\"twitter:data2\" content=\"2 minutes\" \/>\n<script type=\"application\/ld+json\" class=\"yoast-schema-graph\">{\"@context\":\"https:\/\/schema.org\",\"@graph\":[{\"@type\":\"Article\",\"@id\":\"https:\/\/vosgesinfo.fr\/gerardmerinfo\/2026\/03\/elections-a-gerardmer-la-liste-menee-par-thomas-gion-plebiscitee-et-elue-des-le-1er-tour\/#article\",\"isPartOf\":{\"@id\":\"https:\/\/vosgesinfo.fr\/gerardmerinfo\/2026\/03\/elections-a-gerardmer-la-liste-menee-par-thomas-gion-plebiscitee-et-elue-des-le-1er-tour\/\"},\"author\":{\"name\":\"Phj\",\"@id\":\"https:\/\/vosgesinfo.fr\/gerardmerinfo\/#\/schema\/person\/4f57dc393faf2ac8b9f1cab30ad79250\"},\"headline\":\"\u00c9lections \u00e0 G\u00e9rardmer &#8211; La liste men\u00e9e par Thomas Gion pl\u00e9biscit\u00e9e et \u00e9lue d\u00e8s le 1er tour\",\"datePublished\":\"2026-03-15T19:21:32+00:00\",\"dateModified\":\"2026-03-16T06:40:01+00:00\",\"mainEntityOfPage\":{\"@id\":\"https:\/\/vosgesinfo.fr\/gerardmerinfo\/2026\/03\/elections-a-gerardmer-la-liste-menee-par-thomas-gion-plebiscitee-et-elue-des-le-1er-tour\/\"},\"wordCount\":139,\"publisher\":{\"@id\":\"https:\/\/vosgesinfo.fr\/gerardmerinfo\/#organization\"},\"image\":{\"@id\":\"https:\/\/vosgesinfo.fr\/gerardmerinfo\/2026\/03\/elections-a-gerardmer-la-liste-menee-par-thomas-gion-plebiscitee-et-elue-des-le-1er-tour\/#primaryimage\"},\"thumbnailUrl\":\"https:\/\/vosgesinfo.fr\/app\/uploads\/sites\/6\/2026\/03\/image00000011.jpg\",\"keywords\":[\"\u00e9lections municipales\",\"G\u00e9rardmer\",\"Gion\",\"maire\",\"Speissmann battu\"],\"articleSection\":[\"A la une\",\"Politique\"],\"inLanguage\":\"fr-FR\"},{\"@type\":\"WebPage\",\"@id\":\"https:\/\/vosgesinfo.fr\/gerardmerinfo\/2026\/03\/elections-a-gerardmer-la-liste-menee-par-thomas-gion-plebiscitee-et-elue-des-le-1er-tour\/\",\"url\":\"https:\/\/vosgesinfo.fr\/gerardmerinfo\/2026\/03\/elections-a-gerardmer-la-liste-menee-par-thomas-gion-plebiscitee-et-elue-des-le-1er-tour\/\",\"name\":\"\u00c9lections \u00e0 G\u00e9rardmer - La liste men\u00e9e par Thomas Gion pl\u00e9biscit\u00e9e et \u00e9lue d\u00e8s le 1er tour - Gerardmer Info\",\"isPartOf\":{\"@id\":\"https:\/\/vosgesinfo.fr\/gerardmerinfo\/#website\"},\"primaryImageOfPage\":{\"@id\":\"https:\/\/vosgesinfo.fr\/gerardmerinfo\/2026\/03\/elections-a-gerardmer-la-liste-menee-par-thomas-gion-plebiscitee-et-elue-des-le-1er-tour\/#primaryimage\"},\"image\":{\"@id\":\"https:\/\/vosgesinfo.fr\/gerardmerinfo\/2026\/03\/elections-a-gerardmer-la-liste-menee-par-thomas-gion-plebiscitee-et-elue-des-le-1er-tour\/#primaryimage\"},\"thumbnailUrl\":\"https:\/\/vosgesinfo.fr\/app\/uploads\/sites\/6\/2026\/03\/image00000011.jpg\",\"datePublished\":\"2026-03-15T19:21:32+00:00\",\"dateModified\":\"2026-03-16T06:40:01+00:00\",\"breadcrumb\":{\"@id\":\"https:\/\/vosgesinfo.fr\/gerardmerinfo\/2026\/03\/elections-a-gerardmer-la-liste-menee-par-thomas-gion-plebiscitee-et-elue-des-le-1er-tour\/#breadcrumb\"},\"inLanguage\":\"fr-FR\",\"potentialAction\":[{\"@type\":\"ReadAction\",\"target\":[\"https:\/\/vosgesinfo.fr\/gerardmerinfo\/2026\/03\/elections-a-gerardmer-la-liste-menee-par-thomas-gion-plebiscitee-et-elue-des-le-1er-tour\/\"]}]},{\"@type\":\"ImageObject\",\"inLanguage\":\"fr-FR\",\"@id\":\"https:\/\/vosgesinfo.fr\/gerardmerinfo\/2026\/03\/elections-a-gerardmer-la-liste-menee-par-thomas-gion-plebiscitee-et-elue-des-le-1er-tour\/#primaryimage\",\"url\":\"https:\/\/vosgesinfo.fr\/app\/uploads\/sites\/6\/2026\/03\/image00000011.jpg\",\"contentUrl\":\"https:\/\/vosgesinfo.fr\/app\/uploads\/sites\/6\/2026\/03\/image00000011.jpg\",\"width\":1440,\"height\":1080},{\"@type\":\"BreadcrumbList\",\"@id\":\"https:\/\/vosgesinfo.fr\/gerardmerinfo\/2026\/03\/elections-a-gerardmer-la-liste-menee-par-thomas-gion-plebiscitee-et-elue-des-le-1er-tour\/#breadcrumb\",\"itemListElement\":[{\"@type\":\"ListItem\",\"position\":1,\"name\":\"Home\",\"item\":\"https:\/\/vosgesinfo.fr\/gerardmerinfo\/\"},{\"@type\":\"ListItem\",\"position\":2,\"name\":\"\u00c9lections \u00e0 G\u00e9rardmer &#8211; La liste men\u00e9e par Thomas Gion pl\u00e9biscit\u00e9e et \u00e9lue d\u00e8s le 1er tour\"}]},{\"@type\":\"WebSite\",\"@id\":\"https:\/\/vosgesinfo.fr\/gerardmerinfo\/#website\",\"url\":\"https:\/\/vosgesinfo.fr\/gerardmerinfo\/\",\"name\":\"Gerardmer Info\",\"description\":\"Toute l&#039;actualit\u00e9 de G\u00e9rardmer\",\"publisher\":{\"@id\":\"https:\/\/vosgesinfo.fr\/gerardmerinfo\/#organization\"},\"alternateName\":\"Toute l'actualit\u00e9 de G\u00e9rardmer\",\"potentialAction\":[{\"@type\":\"SearchAction\",\"target\":{\"@type\":\"EntryPoint\",\"urlTemplate\":\"https:\/\/vosgesinfo.fr\/gerardmerinfo\/?s={search_term_string}\"},\"query-input\":\"required name=search_term_string\"}],\"inLanguage\":\"fr-FR\"},{\"@type\":\"Organization\",\"@id\":\"https:\/\/vosgesinfo.fr\/gerardmerinfo\/#organization\",\"name\":\"Gerardmer Info\",\"url\":\"https:\/\/vosgesinfo.fr\/gerardmerinfo\/\",\"logo\":{\"@type\":\"ImageObject\",\"inLanguage\":\"fr-FR\",\"@id\":\"https:\/\/vosgesinfo.fr\/gerardmerinfo\/#\/schema\/logo\/image\/\",\"url\":\"https:\/\/vosgesinfo.fr\/app\/uploads\/sites\/6\/2023\/08\/favicon-gerardmerinfo.png\",\"contentUrl\":\"https:\/\/vosgesinfo.fr\/app\/uploads\/sites\/6\/2023\/08\/favicon-gerardmerinfo.png\",\"width\":512,\"height\":512,\"caption\":\"Gerardmer Info\"},\"image\":{\"@id\":\"https:\/\/vosgesinfo.fr\/gerardmerinfo\/#\/schema\/logo\/image\/\"},\"sameAs\":[\"https:\/\/www.facebook.com\/profile.php?id=100049475262660\",\"https:\/\/x.com\/VosgesInfo88\",\"https:\/\/www.youtube.com\/@vosgesinfo\"]},{\"@type\":\"Person\",\"@id\":\"https:\/\/vosgesinfo.fr\/gerardmerinfo\/#\/schema\/person\/4f57dc393faf2ac8b9f1cab30ad79250\",\"name\":\"Phj\",\"image\":{\"@type\":\"ImageObject\",\"inLanguage\":\"fr-FR\",\"@id\":\"https:\/\/vosgesinfo.fr\/gerardmerinfo\/#\/schema\/person\/image\/\",\"url\":\"https:\/\/secure.gravatar.com\/avatar\/ada60265080fb9a89c9809bf0abb1f448a128cb85db1c08905baa5038fbe3cfe?s=96&d=mm&r=g\",\"contentUrl\":\"https:\/\/secure.gravatar.com\/avatar\/ada60265080fb9a89c9809bf0abb1f448a128cb85db1c08905baa5038fbe3cfe?s=96&d=mm&r=g\",\"caption\":\"Phj\"},\"url\":\"https:\/\/vosgesinfo.fr\/gerardmerinfo\/author\/phj\/\"}]}<\/script>\n<!-- \/ Yoast SEO plugin. -->","yoast_head_json":{"title":"\u00c9lections \u00e0 G\u00e9rardmer - La liste men\u00e9e par Thomas Gion pl\u00e9biscit\u00e9e et \u00e9lue d\u00e8s le 1er tour - Gerardmer Info","robots":{"index":"index","follow":"follow","max-snippet":"max-snippet:-1","max-image-preview":"max-image-preview:large","max-video-preview":"max-video-preview:-1"},"canonical":"https:\/\/vosgesinfo.fr\/gerardmerinfo\/2026\/03\/elections-a-gerardmer-la-liste-menee-par-thomas-gion-plebiscitee-et-elue-des-le-1er-tour\/","twitter_card":"summary_large_image","twitter_title":"\u00c9lections \u00e0 G\u00e9rardmer - La liste men\u00e9e par Thomas Gion pl\u00e9biscit\u00e9e et \u00e9lue d\u00e8s le 1er tour - Gerardmer Info","twitter_description":"C&rsquo;est un v\u00e9ritable coup de tonnerre qui s&rsquo;est abattu sur la ville de G\u00e9rardmer en fin de journ\u00e9e \u00e0 la [&hellip;]","twitter_image":"https:\/\/vosgesinfo.fr\/app\/uploads\/sites\/6\/2026\/03\/image00000011.jpg","twitter_creator":"@VosgesInfo88","twitter_site":"@VosgesInfo88","twitter_misc":{"\u00c9crit par":"Phj","Dur\u00e9e de lecture estim\u00e9e":"2 minutes"},"schema":{"@context":"https:\/\/schema.org","@graph":[{"@type":"Article","@id":"https:\/\/vosgesinfo.fr\/gerardmerinfo\/2026\/03\/elections-a-gerardmer-la-liste-menee-par-thomas-gion-plebiscitee-et-elue-des-le-1er-tour\/#article","isPartOf":{"@id":"https:\/\/vosgesinfo.fr\/gerardmerinfo\/2026\/03\/elections-a-gerardmer-la-liste-menee-par-thomas-gion-plebiscitee-et-elue-des-le-1er-tour\/"},"author":{"name":"Phj","@id":"https:\/\/vosgesinfo.fr\/gerardmerinfo\/#\/schema\/person\/4f57dc393faf2ac8b9f1cab30ad79250"},"headline":"\u00c9lections \u00e0 G\u00e9rardmer &#8211; La liste men\u00e9e par Thomas Gion pl\u00e9biscit\u00e9e et \u00e9lue d\u00e8s le 1er tour","datePublished":"2026-03-15T19:21:32+00:00","dateModified":"2026-03-16T06:40:01+00:00","mainEntityOfPage":{"@id":"https:\/\/vosgesinfo.fr\/gerardmerinfo\/2026\/03\/elections-a-gerardmer-la-liste-menee-par-thomas-gion-plebiscitee-et-elue-des-le-1er-tour\/"},"wordCount":139,"publisher":{"@id":"https:\/\/vosgesinfo.fr\/gerardmerinfo\/#organization"},"image":{"@id":"https:\/\/vosgesinfo.fr\/gerardmerinfo\/2026\/03\/elections-a-gerardmer-la-liste-menee-par-thomas-gion-plebiscitee-et-elue-des-le-1er-tour\/#primaryimage"},"thumbnailUrl":"https:\/\/vosgesinfo.fr\/app\/uploads\/sites\/6\/2026\/03\/image00000011.jpg","keywords":["\u00e9lections municipales","G\u00e9rardmer","Gion","maire","Speissmann battu"],"articleSection":["A la une","Politique"],"inLanguage":"fr-FR"},{"@type":"WebPage","@id":"https:\/\/vosgesinfo.fr\/gerardmerinfo\/2026\/03\/elections-a-gerardmer-la-liste-menee-par-thomas-gion-plebiscitee-et-elue-des-le-1er-tour\/","url":"https:\/\/vosgesinfo.fr\/gerardmerinfo\/2026\/03\/elections-a-gerardmer-la-liste-menee-par-thomas-gion-plebiscitee-et-elue-des-le-1er-tour\/","name":"\u00c9lections \u00e0 G\u00e9rardmer - La liste men\u00e9e par Thomas Gion pl\u00e9biscit\u00e9e et \u00e9lue d\u00e8s le 1er tour - Gerardmer Info","isPartOf":{"@id":"https:\/\/vosgesinfo.fr\/gerardmerinfo\/#website"},"primaryImageOfPage":{"@id":"https:\/\/vosgesinfo.fr\/gerardmerinfo\/2026\/03\/elections-a-gerardmer-la-liste-menee-par-thomas-gion-plebiscitee-et-elue-des-le-1er-tour\/#primaryimage"},"image":{"@id":"https:\/\/vosgesinfo.fr\/gerardmerinfo\/2026\/03\/elections-a-gerardmer-la-liste-menee-par-thomas-gion-plebiscitee-et-elue-des-le-1er-tour\/#primaryimage"},"thumbnailUrl":"https:\/\/vosgesinfo.fr\/app\/uploads\/sites\/6\/2026\/03\/image00000011.jpg","datePublished":"2026-03-15T19:21:32+00:00","dateModified":"2026-03-16T06:40:01+00:00","breadcrumb":{"@id":"https:\/\/vosgesinfo.fr\/gerardmerinfo\/2026\/03\/elections-a-gerardmer-la-liste-menee-par-thomas-gion-plebiscitee-et-elue-des-le-1er-tour\/#breadcrumb"},"inLanguage":"fr-FR","potentialAction":[{"@type":"ReadAction","target":["https:\/\/vosgesinfo.fr\/gerardmerinfo\/2026\/03\/elections-a-gerardmer-la-liste-menee-par-thomas-gion-plebiscitee-et-elue-des-le-1er-tour\/"]}]},{"@type":"ImageObject","inLanguage":"fr-FR","@id":"https:\/\/vosgesinfo.fr\/gerardmerinfo\/2026\/03\/elections-a-gerardmer-la-liste-menee-par-thomas-gion-plebiscitee-et-elue-des-le-1er-tour\/#primaryimage","url":"https:\/\/vosgesinfo.fr\/app\/uploads\/sites\/6\/2026\/03\/image00000011.jpg","contentUrl":"https:\/\/vosgesinfo.fr\/app\/uploads\/sites\/6\/2026\/03\/image00000011.jpg","width":1440,"height":1080},{"@type":"BreadcrumbList","@id":"https:\/\/vosgesinfo.fr\/gerardmerinfo\/2026\/03\/elections-a-gerardmer-la-liste-menee-par-thomas-gion-plebiscitee-et-elue-des-le-1er-tour\/#breadcrumb","itemListElement":[{"@type":"ListItem","position":1,"name":"Home","item":"https:\/\/vosgesinfo.fr\/gerardmerinfo\/"},{"@type":"ListItem","position":2,"name":"\u00c9lections \u00e0 G\u00e9rardmer &#8211; La liste men\u00e9e par Thomas Gion pl\u00e9biscit\u00e9e et \u00e9lue d\u00e8s le 1er tour"}]},{"@type":"WebSite","@id":"https:\/\/vosgesinfo.fr\/gerardmerinfo\/#website","url":"https:\/\/vosgesinfo.fr\/gerardmerinfo\/","name":"Gerardmer Info","description":"Toute l&#039;actualit\u00e9 de G\u00e9rardmer","publisher":{"@id":"https:\/\/vosgesinfo.fr\/gerardmerinfo\/#organization"},"alternateName":"Toute l'actualit\u00e9 de G\u00e9rardmer","potentialAction":[{"@type":"SearchAction","target":{"@type":"EntryPoint","urlTemplate":"https:\/\/vosgesinfo.fr\/gerardmerinfo\/?s={search_term_string}"},"query-input":"required name=search_term_string"}],"inLanguage":"fr-FR"},{"@type":"Organization","@id":"https:\/\/vosgesinfo.fr\/gerardmerinfo\/#organization","name":"Gerardmer Info","url":"https:\/\/vosgesinfo.fr\/gerardmerinfo\/","logo":{"@type":"ImageObject","inLanguage":"fr-FR","@id":"https:\/\/vosgesinfo.fr\/gerardmerinfo\/#\/schema\/logo\/image\/","url":"https:\/\/vosgesinfo.fr\/app\/uploads\/sites\/6\/2023\/08\/favicon-gerardmerinfo.png","contentUrl":"https:\/\/vosgesinfo.fr\/app\/uploads\/sites\/6\/2023\/08\/favicon-gerardmerinfo.png","width":512,"height":512,"caption":"Gerardmer Info"},"image":{"@id":"https:\/\/vosgesinfo.fr\/gerardmerinfo\/#\/schema\/logo\/image\/"},"sameAs":["https:\/\/www.facebook.com\/profile.php?id=100049475262660","https:\/\/x.com\/VosgesInfo88","https:\/\/www.youtube.com\/@vosgesinfo"]},{"@type":"Person","@id":"https:\/\/vosgesinfo.fr\/gerardmerinfo\/#\/schema\/person\/4f57dc393faf2ac8b9f1cab30ad79250","name":"Phj","image":{"@type":"ImageObject","inLanguage":"fr-FR","@id":"https:\/\/vosgesinfo.fr\/gerardmerinfo\/#\/schema\/person\/image\/","url":"https:\/\/secure.gravatar.com\/avatar\/ada60265080fb9a89c9809bf0abb1f448a128cb85db1c08905baa5038fbe3cfe?s=96&d=mm&r=g","contentUrl":"https:\/\/secure.gravatar.com\/avatar\/ada60265080fb9a89c9809bf0abb1f448a128cb85db1c08905baa5038fbe3cfe?s=96&d=mm&r=g","caption":"Phj"},"url":"https:\/\/vosgesinfo.fr\/gerardmerinfo\/author\/phj\/"}]}},"_links":{"self":[{"href":"https:\/\/vosgesinfo.fr\/gerardmerinfo\/wp-json\/wp\/v2\/posts\/89083","targetHints":{"allow":["GET"]}}],"collection":[{"href":"https:\/\/vosgesinfo.fr\/gerardmerinfo\/wp-json\/wp\/v2\/posts"}],"about":[{"href":"https:\/\/vosgesinfo.fr\/gerardmerinfo\/wp-json\/wp\/v2\/types\/post"}],"author":[{"embeddable":true,"href":"https:\/\/vosgesinfo.fr\/gerardmerinfo\/wp-json\/wp\/v2\/users\/39"}],"replies":[{"embeddable":true,"href":"https:\/\/vosgesinfo.fr\/gerardmerinfo\/wp-json\/wp\/v2\/comments?post=89083"}],"version-history":[{"count":7,"href":"https:\/\/vosgesinfo.fr\/gerardmerinfo\/wp-json\/wp\/v2\/posts\/89083\/revisions"}],"predecessor-version":[{"id":89109,"href":"https:\/\/vosgesinfo.fr\/gerardmerinfo\/wp-json\/wp\/v2\/posts\/89083\/revisions\/89109"}],"wp:featuredmedia":[{"embeddable":true,"href":"https:\/\/vosgesinfo.fr\/gerardmerinfo\/wp-json\/wp\/v2\/media\/89084"}],"wp:attachment":[{"href":"https:\/\/vosgesinfo.fr\/gerardmerinfo\/wp-json\/wp\/v2\/media?parent=89083"}],"wp:term":[{"taxonomy":"category","embeddable":true,"href":"https:\/\/vosgesinfo.fr\/gerardmerinfo\/wp-json\/wp\/v2\/categories?post=89083"},{"taxonomy":"post_tag","embeddable":true,"href":"https:\/\/vosgesinfo.fr\/gerardmerinfo\/wp-json\/wp\/v2\/tags?post=89083"}],"curies":[{"name":"wp","href":"https:\/\/api.w.org\/{rel}","templated":true}]}}