{"id":89087,"date":"2026-03-15T20:08:22","date_gmt":"2026-03-15T19:08:22","guid":{"rendered":"https:\/\/vosgesinfo.fr\/gerardmerinfo\/?p=89087"},"modified":"2026-03-16T07:40:58","modified_gmt":"2026-03-16T06:40:58","slug":"elections-a-xonrupt-longemer-la-liste-menee-par-eric-mougel-elue-des-le-1er-tour","status":"publish","type":"post","link":"https:\/\/vosgesinfo.fr\/gerardmerinfo\/2026\/03\/elections-a-xonrupt-longemer-la-liste-menee-par-eric-mougel-elue-des-le-1er-tour\/","title":{"rendered":"\u00c9lections \u00e0 Xonrupt-Longemer &#8211; La liste men\u00e9e par Eric Mougel \u00e9lue d\u00e8s le 1er tour"},"content":{"rendered":"<p><strong>Les jeux sont fait \u00e0 Xonrupt-Longemer. La liste \u00ab\u00a0AGIR pour XONRUPT avec TRANSPARENCE et PROXIMITE\u00a0\u00bb men\u00e9e par Eric Mougel est \u00e9lue d\u00e8s le 1er tour des \u00e9lections municipales.\u00a0<\/strong><\/p>\n<p><strong>Les vainqueurs ont obtenu 580 voix soit 64 % des suffrages exprim\u00e9s.<\/strong><\/p>\n<p><strong>La liste de Patrick Viry 327 voix soit 36%<\/strong><\/p>\n<p><a href=\"https:\/\/vosgesinfo.fr\/app\/uploads\/sites\/6\/2026\/02\/photo-liste-agir-pour-xonrupt-e-mougel.jpg\"><img decoding=\"async\" class=\"alignnone size-full wp-image-87763\" src=\"https:\/\/vosgesinfo.fr\/app\/uploads\/sites\/6\/2026\/02\/photo-liste-agir-pour-xonrupt-e-mougel.jpg\" alt=\"\" width=\"1920\" height=\"788\" srcset=\"https:\/\/vosgesinfo.fr\/app\/uploads\/sites\/6\/2026\/02\/photo-liste-agir-pour-xonrupt-e-mougel.jpg 1920w, https:\/\/vosgesinfo.fr\/app\/uploads\/sites\/6\/2026\/02\/photo-liste-agir-pour-xonrupt-e-mougel-300x123.jpg 300w, https:\/\/vosgesinfo.fr\/app\/uploads\/sites\/6\/2026\/02\/photo-liste-agir-pour-xonrupt-e-mougel-1024x420.jpg 1024w, https:\/\/vosgesinfo.fr\/app\/uploads\/sites\/6\/2026\/02\/photo-liste-agir-pour-xonrupt-e-mougel-768x315.jpg 768w, https:\/\/vosgesinfo.fr\/app\/uploads\/sites\/6\/2026\/02\/photo-liste-agir-pour-xonrupt-e-mougel-1536x630.jpg 1536w\" sizes=\"(max-width: 1920px) 100vw, 1920px\" \/><\/a><\/p>\n","protected":false},"excerpt":{"rendered":"<p>Les jeux sont fait \u00e0 Xonrupt-Longemer. La liste \u00ab\u00a0AGIR pour XONRUPT avec TRANSPARENCE et PROXIMITE\u00a0\u00bb men\u00e9e par Eric Mougel est [&hellip;]<\/p>\n","protected":false},"author":39,"featured_media":87763,"comment_status":"closed","ping_status":"open","sticky":false,"template":"","format":"standard","meta":{"footnotes":""},"categories":[1],"tags":[7945,8513,8510,1582],"class_list":["post-89087","post","type-post","status-publish","format-standard","has-post-thumbnail","hentry","category-non-classe","tag-elections-municipales","tag-eric-mougel","tag-maire","tag-xonrupt"],"acf":[],"yoast_head":"<!-- This site is optimized with the Yoast SEO plugin v22.5 - https:\/\/yoast.com\/wordpress\/plugins\/seo\/ -->\n<title>\u00c9lections \u00e0 Xonrupt-Longemer - La liste men\u00e9e par Eric Mougel \u00e9lue d\u00e8s le 1er tour - Gerardmer Info<\/title>\n<meta name=\"robots\" content=\"index, follow, max-snippet:-1, max-image-preview:large, max-video-preview:-1\" \/>\n<link rel=\"canonical\" href=\"https:\/\/vosgesinfo.fr\/gerardmerinfo\/2026\/03\/elections-a-xonrupt-longemer-la-liste-menee-par-eric-mougel-elue-des-le-1er-tour\/\" \/>\n<meta name=\"twitter:card\" content=\"summary_large_image\" \/>\n<meta name=\"twitter:title\" content=\"\u00c9lections \u00e0 Xonrupt-Longemer - La liste men\u00e9e par Eric Mougel \u00e9lue d\u00e8s le 1er tour - Gerardmer Info\" \/>\n<meta name=\"twitter:description\" content=\"Les jeux sont fait \u00e0 Xonrupt-Longemer. La liste \u00ab\u00a0AGIR pour XONRUPT avec TRANSPARENCE et PROXIMITE\u00a0\u00bb men\u00e9e par Eric Mougel est [&hellip;]\" \/>\n<meta name=\"twitter:image\" content=\"https:\/\/vosgesinfo.fr\/app\/uploads\/sites\/6\/2026\/02\/photo-liste-agir-pour-xonrupt-e-mougel.jpg\" \/>\n<meta name=\"twitter:creator\" content=\"@VosgesInfo88\" \/>\n<meta name=\"twitter:site\" content=\"@VosgesInfo88\" \/>\n<meta name=\"twitter:label1\" content=\"\u00c9crit par\" \/>\n\t<meta name=\"twitter:data1\" content=\"Phj\" \/>\n\t<meta name=\"twitter:label2\" content=\"Dur\u00e9e de lecture estim\u00e9e\" \/>\n\t<meta name=\"twitter:data2\" content=\"1 minute\" \/>\n<script type=\"application\/ld+json\" class=\"yoast-schema-graph\">{\"@context\":\"https:\/\/schema.org\",\"@graph\":[{\"@type\":\"Article\",\"@id\":\"https:\/\/vosgesinfo.fr\/gerardmerinfo\/2026\/03\/elections-a-xonrupt-longemer-la-liste-menee-par-eric-mougel-elue-des-le-1er-tour\/#article\",\"isPartOf\":{\"@id\":\"https:\/\/vosgesinfo.fr\/gerardmerinfo\/2026\/03\/elections-a-xonrupt-longemer-la-liste-menee-par-eric-mougel-elue-des-le-1er-tour\/\"},\"author\":{\"name\":\"Phj\",\"@id\":\"https:\/\/vosgesinfo.fr\/gerardmerinfo\/#\/schema\/person\/4f57dc393faf2ac8b9f1cab30ad79250\"},\"headline\":\"\u00c9lections \u00e0 Xonrupt-Longemer &#8211; La liste men\u00e9e par Eric Mougel \u00e9lue d\u00e8s le 1er tour\",\"datePublished\":\"2026-03-15T19:08:22+00:00\",\"dateModified\":\"2026-03-16T06:40:58+00:00\",\"mainEntityOfPage\":{\"@id\":\"https:\/\/vosgesinfo.fr\/gerardmerinfo\/2026\/03\/elections-a-xonrupt-longemer-la-liste-menee-par-eric-mougel-elue-des-le-1er-tour\/\"},\"wordCount\":62,\"publisher\":{\"@id\":\"https:\/\/vosgesinfo.fr\/gerardmerinfo\/#organization\"},\"image\":{\"@id\":\"https:\/\/vosgesinfo.fr\/gerardmerinfo\/2026\/03\/elections-a-xonrupt-longemer-la-liste-menee-par-eric-mougel-elue-des-le-1er-tour\/#primaryimage\"},\"thumbnailUrl\":\"https:\/\/vosgesinfo.fr\/app\/uploads\/sites\/6\/2026\/02\/photo-liste-agir-pour-xonrupt-e-mougel.jpg\",\"keywords\":[\"\u00e9lections municipales\",\"Eric Mougel\",\"maire\",\"xonrupt\"],\"inLanguage\":\"fr-FR\"},{\"@type\":\"WebPage\",\"@id\":\"https:\/\/vosgesinfo.fr\/gerardmerinfo\/2026\/03\/elections-a-xonrupt-longemer-la-liste-menee-par-eric-mougel-elue-des-le-1er-tour\/\",\"url\":\"https:\/\/vosgesinfo.fr\/gerardmerinfo\/2026\/03\/elections-a-xonrupt-longemer-la-liste-menee-par-eric-mougel-elue-des-le-1er-tour\/\",\"name\":\"\u00c9lections \u00e0 Xonrupt-Longemer - La liste men\u00e9e par Eric Mougel \u00e9lue d\u00e8s le 1er tour - Gerardmer Info\",\"isPartOf\":{\"@id\":\"https:\/\/vosgesinfo.fr\/gerardmerinfo\/#website\"},\"primaryImageOfPage\":{\"@id\":\"https:\/\/vosgesinfo.fr\/gerardmerinfo\/2026\/03\/elections-a-xonrupt-longemer-la-liste-menee-par-eric-mougel-elue-des-le-1er-tour\/#primaryimage\"},\"image\":{\"@id\":\"https:\/\/vosgesinfo.fr\/gerardmerinfo\/2026\/03\/elections-a-xonrupt-longemer-la-liste-menee-par-eric-mougel-elue-des-le-1er-tour\/#primaryimage\"},\"thumbnailUrl\":\"https:\/\/vosgesinfo.fr\/app\/uploads\/sites\/6\/2026\/02\/photo-liste-agir-pour-xonrupt-e-mougel.jpg\",\"datePublished\":\"2026-03-15T19:08:22+00:00\",\"dateModified\":\"2026-03-16T06:40:58+00:00\",\"breadcrumb\":{\"@id\":\"https:\/\/vosgesinfo.fr\/gerardmerinfo\/2026\/03\/elections-a-xonrupt-longemer-la-liste-menee-par-eric-mougel-elue-des-le-1er-tour\/#breadcrumb\"},\"inLanguage\":\"fr-FR\",\"potentialAction\":[{\"@type\":\"ReadAction\",\"target\":[\"https:\/\/vosgesinfo.fr\/gerardmerinfo\/2026\/03\/elections-a-xonrupt-longemer-la-liste-menee-par-eric-mougel-elue-des-le-1er-tour\/\"]}]},{\"@type\":\"ImageObject\",\"inLanguage\":\"fr-FR\",\"@id\":\"https:\/\/vosgesinfo.fr\/gerardmerinfo\/2026\/03\/elections-a-xonrupt-longemer-la-liste-menee-par-eric-mougel-elue-des-le-1er-tour\/#primaryimage\",\"url\":\"https:\/\/vosgesinfo.fr\/app\/uploads\/sites\/6\/2026\/02\/photo-liste-agir-pour-xonrupt-e-mougel.jpg\",\"contentUrl\":\"https:\/\/vosgesinfo.fr\/app\/uploads\/sites\/6\/2026\/02\/photo-liste-agir-pour-xonrupt-e-mougel.jpg\",\"width\":1920,\"height\":788},{\"@type\":\"BreadcrumbList\",\"@id\":\"https:\/\/vosgesinfo.fr\/gerardmerinfo\/2026\/03\/elections-a-xonrupt-longemer-la-liste-menee-par-eric-mougel-elue-des-le-1er-tour\/#breadcrumb\",\"itemListElement\":[{\"@type\":\"ListItem\",\"position\":1,\"name\":\"Home\",\"item\":\"https:\/\/vosgesinfo.fr\/gerardmerinfo\/\"},{\"@type\":\"ListItem\",\"position\":2,\"name\":\"\u00c9lections \u00e0 Xonrupt-Longemer &#8211; La liste men\u00e9e par Eric Mougel \u00e9lue d\u00e8s le 1er tour\"}]},{\"@type\":\"WebSite\",\"@id\":\"https:\/\/vosgesinfo.fr\/gerardmerinfo\/#website\",\"url\":\"https:\/\/vosgesinfo.fr\/gerardmerinfo\/\",\"name\":\"Gerardmer Info\",\"description\":\"Toute l&#039;actualit\u00e9 de G\u00e9rardmer\",\"publisher\":{\"@id\":\"https:\/\/vosgesinfo.fr\/gerardmerinfo\/#organization\"},\"alternateName\":\"Toute l'actualit\u00e9 de G\u00e9rardmer\",\"potentialAction\":[{\"@type\":\"SearchAction\",\"target\":{\"@type\":\"EntryPoint\",\"urlTemplate\":\"https:\/\/vosgesinfo.fr\/gerardmerinfo\/?s={search_term_string}\"},\"query-input\":\"required name=search_term_string\"}],\"inLanguage\":\"fr-FR\"},{\"@type\":\"Organization\",\"@id\":\"https:\/\/vosgesinfo.fr\/gerardmerinfo\/#organization\",\"name\":\"Gerardmer Info\",\"url\":\"https:\/\/vosgesinfo.fr\/gerardmerinfo\/\",\"logo\":{\"@type\":\"ImageObject\",\"inLanguage\":\"fr-FR\",\"@id\":\"https:\/\/vosgesinfo.fr\/gerardmerinfo\/#\/schema\/logo\/image\/\",\"url\":\"https:\/\/vosgesinfo.fr\/app\/uploads\/sites\/6\/2023\/08\/favicon-gerardmerinfo.png\",\"contentUrl\":\"https:\/\/vosgesinfo.fr\/app\/uploads\/sites\/6\/2023\/08\/favicon-gerardmerinfo.png\",\"width\":512,\"height\":512,\"caption\":\"Gerardmer Info\"},\"image\":{\"@id\":\"https:\/\/vosgesinfo.fr\/gerardmerinfo\/#\/schema\/logo\/image\/\"},\"sameAs\":[\"https:\/\/www.facebook.com\/profile.php?id=100049475262660\",\"https:\/\/x.com\/VosgesInfo88\",\"https:\/\/www.youtube.com\/@vosgesinfo\"]},{\"@type\":\"Person\",\"@id\":\"https:\/\/vosgesinfo.fr\/gerardmerinfo\/#\/schema\/person\/4f57dc393faf2ac8b9f1cab30ad79250\",\"name\":\"Phj\",\"image\":{\"@type\":\"ImageObject\",\"inLanguage\":\"fr-FR\",\"@id\":\"https:\/\/vosgesinfo.fr\/gerardmerinfo\/#\/schema\/person\/image\/\",\"url\":\"https:\/\/secure.gravatar.com\/avatar\/ada60265080fb9a89c9809bf0abb1f448a128cb85db1c08905baa5038fbe3cfe?s=96&d=mm&r=g\",\"contentUrl\":\"https:\/\/secure.gravatar.com\/avatar\/ada60265080fb9a89c9809bf0abb1f448a128cb85db1c08905baa5038fbe3cfe?s=96&d=mm&r=g\",\"caption\":\"Phj\"},\"url\":\"https:\/\/vosgesinfo.fr\/gerardmerinfo\/author\/phj\/\"}]}<\/script>\n<!-- \/ Yoast SEO plugin. -->","yoast_head_json":{"title":"\u00c9lections \u00e0 Xonrupt-Longemer - La liste men\u00e9e par Eric Mougel \u00e9lue d\u00e8s le 1er tour - Gerardmer Info","robots":{"index":"index","follow":"follow","max-snippet":"max-snippet:-1","max-image-preview":"max-image-preview:large","max-video-preview":"max-video-preview:-1"},"canonical":"https:\/\/vosgesinfo.fr\/gerardmerinfo\/2026\/03\/elections-a-xonrupt-longemer-la-liste-menee-par-eric-mougel-elue-des-le-1er-tour\/","twitter_card":"summary_large_image","twitter_title":"\u00c9lections \u00e0 Xonrupt-Longemer - La liste men\u00e9e par Eric Mougel \u00e9lue d\u00e8s le 1er tour - Gerardmer Info","twitter_description":"Les jeux sont fait \u00e0 Xonrupt-Longemer. La liste \u00ab\u00a0AGIR pour XONRUPT avec TRANSPARENCE et PROXIMITE\u00a0\u00bb men\u00e9e par Eric Mougel est [&hellip;]","twitter_image":"https:\/\/vosgesinfo.fr\/app\/uploads\/sites\/6\/2026\/02\/photo-liste-agir-pour-xonrupt-e-mougel.jpg","twitter_creator":"@VosgesInfo88","twitter_site":"@VosgesInfo88","twitter_misc":{"\u00c9crit par":"Phj","Dur\u00e9e de lecture estim\u00e9e":"1 minute"},"schema":{"@context":"https:\/\/schema.org","@graph":[{"@type":"Article","@id":"https:\/\/vosgesinfo.fr\/gerardmerinfo\/2026\/03\/elections-a-xonrupt-longemer-la-liste-menee-par-eric-mougel-elue-des-le-1er-tour\/#article","isPartOf":{"@id":"https:\/\/vosgesinfo.fr\/gerardmerinfo\/2026\/03\/elections-a-xonrupt-longemer-la-liste-menee-par-eric-mougel-elue-des-le-1er-tour\/"},"author":{"name":"Phj","@id":"https:\/\/vosgesinfo.fr\/gerardmerinfo\/#\/schema\/person\/4f57dc393faf2ac8b9f1cab30ad79250"},"headline":"\u00c9lections \u00e0 Xonrupt-Longemer &#8211; La liste men\u00e9e par Eric Mougel \u00e9lue d\u00e8s le 1er tour","datePublished":"2026-03-15T19:08:22+00:00","dateModified":"2026-03-16T06:40:58+00:00","mainEntityOfPage":{"@id":"https:\/\/vosgesinfo.fr\/gerardmerinfo\/2026\/03\/elections-a-xonrupt-longemer-la-liste-menee-par-eric-mougel-elue-des-le-1er-tour\/"},"wordCount":62,"publisher":{"@id":"https:\/\/vosgesinfo.fr\/gerardmerinfo\/#organization"},"image":{"@id":"https:\/\/vosgesinfo.fr\/gerardmerinfo\/2026\/03\/elections-a-xonrupt-longemer-la-liste-menee-par-eric-mougel-elue-des-le-1er-tour\/#primaryimage"},"thumbnailUrl":"https:\/\/vosgesinfo.fr\/app\/uploads\/sites\/6\/2026\/02\/photo-liste-agir-pour-xonrupt-e-mougel.jpg","keywords":["\u00e9lections municipales","Eric Mougel","maire","xonrupt"],"inLanguage":"fr-FR"},{"@type":"WebPage","@id":"https:\/\/vosgesinfo.fr\/gerardmerinfo\/2026\/03\/elections-a-xonrupt-longemer-la-liste-menee-par-eric-mougel-elue-des-le-1er-tour\/","url":"https:\/\/vosgesinfo.fr\/gerardmerinfo\/2026\/03\/elections-a-xonrupt-longemer-la-liste-menee-par-eric-mougel-elue-des-le-1er-tour\/","name":"\u00c9lections \u00e0 Xonrupt-Longemer - La liste men\u00e9e par Eric Mougel \u00e9lue d\u00e8s le 1er tour - Gerardmer Info","isPartOf":{"@id":"https:\/\/vosgesinfo.fr\/gerardmerinfo\/#website"},"primaryImageOfPage":{"@id":"https:\/\/vosgesinfo.fr\/gerardmerinfo\/2026\/03\/elections-a-xonrupt-longemer-la-liste-menee-par-eric-mougel-elue-des-le-1er-tour\/#primaryimage"},"image":{"@id":"https:\/\/vosgesinfo.fr\/gerardmerinfo\/2026\/03\/elections-a-xonrupt-longemer-la-liste-menee-par-eric-mougel-elue-des-le-1er-tour\/#primaryimage"},"thumbnailUrl":"https:\/\/vosgesinfo.fr\/app\/uploads\/sites\/6\/2026\/02\/photo-liste-agir-pour-xonrupt-e-mougel.jpg","datePublished":"2026-03-15T19:08:22+00:00","dateModified":"2026-03-16T06:40:58+00:00","breadcrumb":{"@id":"https:\/\/vosgesinfo.fr\/gerardmerinfo\/2026\/03\/elections-a-xonrupt-longemer-la-liste-menee-par-eric-mougel-elue-des-le-1er-tour\/#breadcrumb"},"inLanguage":"fr-FR","potentialAction":[{"@type":"ReadAction","target":["https:\/\/vosgesinfo.fr\/gerardmerinfo\/2026\/03\/elections-a-xonrupt-longemer-la-liste-menee-par-eric-mougel-elue-des-le-1er-tour\/"]}]},{"@type":"ImageObject","inLanguage":"fr-FR","@id":"https:\/\/vosgesinfo.fr\/gerardmerinfo\/2026\/03\/elections-a-xonrupt-longemer-la-liste-menee-par-eric-mougel-elue-des-le-1er-tour\/#primaryimage","url":"https:\/\/vosgesinfo.fr\/app\/uploads\/sites\/6\/2026\/02\/photo-liste-agir-pour-xonrupt-e-mougel.jpg","contentUrl":"https:\/\/vosgesinfo.fr\/app\/uploads\/sites\/6\/2026\/02\/photo-liste-agir-pour-xonrupt-e-mougel.jpg","width":1920,"height":788},{"@type":"BreadcrumbList","@id":"https:\/\/vosgesinfo.fr\/gerardmerinfo\/2026\/03\/elections-a-xonrupt-longemer-la-liste-menee-par-eric-mougel-elue-des-le-1er-tour\/#breadcrumb","itemListElement":[{"@type":"ListItem","position":1,"name":"Home","item":"https:\/\/vosgesinfo.fr\/gerardmerinfo\/"},{"@type":"ListItem","position":2,"name":"\u00c9lections \u00e0 Xonrupt-Longemer &#8211; La liste men\u00e9e par Eric Mougel \u00e9lue d\u00e8s le 1er tour"}]},{"@type":"WebSite","@id":"https:\/\/vosgesinfo.fr\/gerardmerinfo\/#website","url":"https:\/\/vosgesinfo.fr\/gerardmerinfo\/","name":"Gerardmer Info","description":"Toute l&#039;actualit\u00e9 de G\u00e9rardmer","publisher":{"@id":"https:\/\/vosgesinfo.fr\/gerardmerinfo\/#organization"},"alternateName":"Toute l'actualit\u00e9 de G\u00e9rardmer","potentialAction":[{"@type":"SearchAction","target":{"@type":"EntryPoint","urlTemplate":"https:\/\/vosgesinfo.fr\/gerardmerinfo\/?s={search_term_string}"},"query-input":"required name=search_term_string"}],"inLanguage":"fr-FR"},{"@type":"Organization","@id":"https:\/\/vosgesinfo.fr\/gerardmerinfo\/#organization","name":"Gerardmer Info","url":"https:\/\/vosgesinfo.fr\/gerardmerinfo\/","logo":{"@type":"ImageObject","inLanguage":"fr-FR","@id":"https:\/\/vosgesinfo.fr\/gerardmerinfo\/#\/schema\/logo\/image\/","url":"https:\/\/vosgesinfo.fr\/app\/uploads\/sites\/6\/2023\/08\/favicon-gerardmerinfo.png","contentUrl":"https:\/\/vosgesinfo.fr\/app\/uploads\/sites\/6\/2023\/08\/favicon-gerardmerinfo.png","width":512,"height":512,"caption":"Gerardmer Info"},"image":{"@id":"https:\/\/vosgesinfo.fr\/gerardmerinfo\/#\/schema\/logo\/image\/"},"sameAs":["https:\/\/www.facebook.com\/profile.php?id=100049475262660","https:\/\/x.com\/VosgesInfo88","https:\/\/www.youtube.com\/@vosgesinfo"]},{"@type":"Person","@id":"https:\/\/vosgesinfo.fr\/gerardmerinfo\/#\/schema\/person\/4f57dc393faf2ac8b9f1cab30ad79250","name":"Phj","image":{"@type":"ImageObject","inLanguage":"fr-FR","@id":"https:\/\/vosgesinfo.fr\/gerardmerinfo\/#\/schema\/person\/image\/","url":"https:\/\/secure.gravatar.com\/avatar\/ada60265080fb9a89c9809bf0abb1f448a128cb85db1c08905baa5038fbe3cfe?s=96&d=mm&r=g","contentUrl":"https:\/\/secure.gravatar.com\/avatar\/ada60265080fb9a89c9809bf0abb1f448a128cb85db1c08905baa5038fbe3cfe?s=96&d=mm&r=g","caption":"Phj"},"url":"https:\/\/vosgesinfo.fr\/gerardmerinfo\/author\/phj\/"}]}},"_links":{"self":[{"href":"https:\/\/vosgesinfo.fr\/gerardmerinfo\/wp-json\/wp\/v2\/posts\/89087","targetHints":{"allow":["GET"]}}],"collection":[{"href":"https:\/\/vosgesinfo.fr\/gerardmerinfo\/wp-json\/wp\/v2\/posts"}],"about":[{"href":"https:\/\/vosgesinfo.fr\/gerardmerinfo\/wp-json\/wp\/v2\/types\/post"}],"author":[{"embeddable":true,"href":"https:\/\/vosgesinfo.fr\/gerardmerinfo\/wp-json\/wp\/v2\/users\/39"}],"replies":[{"embeddable":true,"href":"https:\/\/vosgesinfo.fr\/gerardmerinfo\/wp-json\/wp\/v2\/comments?post=89087"}],"version-history":[{"count":2,"href":"https:\/\/vosgesinfo.fr\/gerardmerinfo\/wp-json\/wp\/v2\/posts\/89087\/revisions"}],"predecessor-version":[{"id":89089,"href":"https:\/\/vosgesinfo.fr\/gerardmerinfo\/wp-json\/wp\/v2\/posts\/89087\/revisions\/89089"}],"wp:featuredmedia":[{"embeddable":true,"href":"https:\/\/vosgesinfo.fr\/gerardmerinfo\/wp-json\/wp\/v2\/media\/87763"}],"wp:attachment":[{"href":"https:\/\/vosgesinfo.fr\/gerardmerinfo\/wp-json\/wp\/v2\/media?parent=89087"}],"wp:term":[{"taxonomy":"category","embeddable":true,"href":"https:\/\/vosgesinfo.fr\/gerardmerinfo\/wp-json\/wp\/v2\/categories?post=89087"},{"taxonomy":"post_tag","embeddable":true,"href":"https:\/\/vosgesinfo.fr\/gerardmerinfo\/wp-json\/wp\/v2\/tags?post=89087"}],"curies":[{"name":"wp","href":"https:\/\/api.w.org\/{rel}","templated":true}]}}