{"id":89095,"date":"2026-03-15T21:18:06","date_gmt":"2026-03-15T20:18:06","guid":{"rendered":"https:\/\/vosgesinfo.fr\/gerardmerinfo\/?p=89095"},"modified":"2026-03-16T07:47:10","modified_gmt":"2026-03-16T06:47:10","slug":"municipales-2026-a-gerardmer-les-reactions-des-candidats","status":"publish","type":"post","link":"https:\/\/vosgesinfo.fr\/gerardmerinfo\/2026\/03\/municipales-2026-a-gerardmer-les-reactions-des-candidats\/","title":{"rendered":"Municipales 2026 \u00e0 G\u00e9rardmer : les r\u00e9actions des candidats"},"content":{"rendered":"<p><a href=\"https:\/\/vosgesinfo.fr\/app\/uploads\/sites\/6\/2026\/03\/elections-municipales-gerardmer-2026-4.jpg\"><img decoding=\"async\" class=\"aligncenter size-large wp-image-89100\" src=\"https:\/\/vosgesinfo.fr\/app\/uploads\/sites\/6\/2026\/03\/elections-municipales-gerardmer-2026-4-1024x768.jpg\" alt=\"\" width=\"1024\" height=\"768\" srcset=\"https:\/\/vosgesinfo.fr\/app\/uploads\/sites\/6\/2026\/03\/elections-municipales-gerardmer-2026-4-1024x768.jpg 1024w, https:\/\/vosgesinfo.fr\/app\/uploads\/sites\/6\/2026\/03\/elections-municipales-gerardmer-2026-4-300x225.jpg 300w, https:\/\/vosgesinfo.fr\/app\/uploads\/sites\/6\/2026\/03\/elections-municipales-gerardmer-2026-4-768x576.jpg 768w, https:\/\/vosgesinfo.fr\/app\/uploads\/sites\/6\/2026\/03\/elections-municipales-gerardmer-2026-4.jpg 1440w\" sizes=\"(max-width: 1024px) 100vw, 1024px\" \/><\/a><\/p>\n\n\t\t<style type=\"text\/css\">\n\t\t\t#gallery-1 {\n\t\t\t\tmargin: auto;\n\t\t\t}\n\t\t\t#gallery-1 .gallery-item {\n\t\t\t\tfloat: left;\n\t\t\t\tmargin-top: 10px;\n\t\t\t\ttext-align: center;\n\t\t\t\twidth: 50%;\n\t\t\t}\n\t\t\t#gallery-1 img {\n\t\t\t\tborder: 2px solid #cfcfcf;\n\t\t\t}\n\t\t\t#gallery-1 .gallery-caption {\n\t\t\t\tmargin-left: 0;\n\t\t\t}\n\t\t\t\/* see gallery_shortcode() in wp-includes\/media.php *\/\n\t\t<\/style>\n\t\t<div id='gallery-1' class='gallery galleryid-89095 gallery-columns-2 gallery-size-medium'><dl class='gallery-item'>\n\t\t\t<dt class='gallery-icon landscape'>\n\t\t\t\t<a href='https:\/\/vosgesinfo.fr\/app\/uploads\/sites\/6\/2026\/03\/elections-municipales-gerardmer-2026-6.jpg'><img decoding=\"async\" width=\"300\" height=\"225\" src=\"https:\/\/vosgesinfo.fr\/app\/uploads\/sites\/6\/2026\/03\/elections-municipales-gerardmer-2026-6-300x225.jpg\" class=\"attachment-medium size-medium\" alt=\"\" srcset=\"https:\/\/vosgesinfo.fr\/app\/uploads\/sites\/6\/2026\/03\/elections-municipales-gerardmer-2026-6-300x225.jpg 300w, https:\/\/vosgesinfo.fr\/app\/uploads\/sites\/6\/2026\/03\/elections-municipales-gerardmer-2026-6-1024x768.jpg 1024w, https:\/\/vosgesinfo.fr\/app\/uploads\/sites\/6\/2026\/03\/elections-municipales-gerardmer-2026-6-768x576.jpg 768w, https:\/\/vosgesinfo.fr\/app\/uploads\/sites\/6\/2026\/03\/elections-municipales-gerardmer-2026-6.jpg 1440w\" sizes=\"(max-width: 300px) 100vw, 300px\" \/><\/a>\n\t\t\t<\/dt><\/dl><dl class='gallery-item'>\n\t\t\t<dt class='gallery-icon landscape'>\n\t\t\t\t<a href='https:\/\/vosgesinfo.fr\/app\/uploads\/sites\/6\/2026\/03\/elections-municipales-gerardmer-2026-5.jpg'><img decoding=\"async\" width=\"300\" height=\"225\" src=\"https:\/\/vosgesinfo.fr\/app\/uploads\/sites\/6\/2026\/03\/elections-municipales-gerardmer-2026-5-300x225.jpg\" class=\"attachment-medium size-medium\" alt=\"\" srcset=\"https:\/\/vosgesinfo.fr\/app\/uploads\/sites\/6\/2026\/03\/elections-municipales-gerardmer-2026-5-300x225.jpg 300w, https:\/\/vosgesinfo.fr\/app\/uploads\/sites\/6\/2026\/03\/elections-municipales-gerardmer-2026-5-1024x768.jpg 1024w, https:\/\/vosgesinfo.fr\/app\/uploads\/sites\/6\/2026\/03\/elections-municipales-gerardmer-2026-5-768x576.jpg 768w, https:\/\/vosgesinfo.fr\/app\/uploads\/sites\/6\/2026\/03\/elections-municipales-gerardmer-2026-5.jpg 1440w\" sizes=\"(max-width: 300px) 100vw, 300px\" \/><\/a>\n\t\t\t<\/dt><\/dl><br style=\"clear: both\" \/><dl class='gallery-item'>\n\t\t\t<dt class='gallery-icon landscape'>\n\t\t\t\t<a href='https:\/\/vosgesinfo.fr\/app\/uploads\/sites\/6\/2026\/03\/elections-municipales-gerardmer-2026-1.jpg'><img decoding=\"async\" width=\"300\" height=\"225\" src=\"https:\/\/vosgesinfo.fr\/app\/uploads\/sites\/6\/2026\/03\/elections-municipales-gerardmer-2026-1-300x225.jpg\" class=\"attachment-medium size-medium\" alt=\"\" srcset=\"https:\/\/vosgesinfo.fr\/app\/uploads\/sites\/6\/2026\/03\/elections-municipales-gerardmer-2026-1-300x225.jpg 300w, https:\/\/vosgesinfo.fr\/app\/uploads\/sites\/6\/2026\/03\/elections-municipales-gerardmer-2026-1-1024x768.jpg 1024w, https:\/\/vosgesinfo.fr\/app\/uploads\/sites\/6\/2026\/03\/elections-municipales-gerardmer-2026-1-768x576.jpg 768w, https:\/\/vosgesinfo.fr\/app\/uploads\/sites\/6\/2026\/03\/elections-municipales-gerardmer-2026-1.jpg 1440w\" sizes=\"(max-width: 300px) 100vw, 300px\" \/><\/a>\n\t\t\t<\/dt><\/dl><dl class='gallery-item'>\n\t\t\t<dt class='gallery-icon landscape'>\n\t\t\t\t<a href='https:\/\/vosgesinfo.fr\/app\/uploads\/sites\/6\/2026\/03\/elections-municipales-gerardmer-2026-3.jpg'><img decoding=\"async\" width=\"300\" height=\"225\" src=\"https:\/\/vosgesinfo.fr\/app\/uploads\/sites\/6\/2026\/03\/elections-municipales-gerardmer-2026-3-300x225.jpg\" class=\"attachment-medium size-medium\" alt=\"\" srcset=\"https:\/\/vosgesinfo.fr\/app\/uploads\/sites\/6\/2026\/03\/elections-municipales-gerardmer-2026-3-300x225.jpg 300w, https:\/\/vosgesinfo.fr\/app\/uploads\/sites\/6\/2026\/03\/elections-municipales-gerardmer-2026-3-1024x768.jpg 1024w, https:\/\/vosgesinfo.fr\/app\/uploads\/sites\/6\/2026\/03\/elections-municipales-gerardmer-2026-3-768x576.jpg 768w, https:\/\/vosgesinfo.fr\/app\/uploads\/sites\/6\/2026\/03\/elections-municipales-gerardmer-2026-3.jpg 1440w\" sizes=\"(max-width: 300px) 100vw, 300px\" \/><\/a>\n\t\t\t<\/dt><\/dl><br style=\"clear: both\" \/>\n\t\t<\/div>\n\n<p>&nbsp;<\/p>\n<p data-pm-slice=\"1 1 []\">Coup de tonnerre \u00e0 l&rsquo;espace Tilleul ce dimanche soir \u00e0 l&rsquo;annonce des r\u00e9sultats du premier tour des municipales : la tendance a \u00e9t\u00e9 confirm\u00e9e avec une large victoire de Thomas Gion et de sa liste \u00ab\u00a0G\u00e9rardmer, c&rsquo;est vous\u00a0\u00bb qui vont pouvoir c\u00e9l\u00e9brer d\u00e8s ce soir. Le plus jeune des trois candidats a pris le micro (voir vid\u00e9o ci-dessous) afin de remercier ses \u00e9lecteurs, l&rsquo;\u00e9quipe sortante, ses adversaires du jour ainsi que son comit\u00e9 de soutien et ses colistiers avec qui il a h\u00e2te de se mettre au travail \u00ab\u00a0<strong><em>avec de la communication et de la passion\u00a0\u00bb.<\/em><\/strong><\/p>\n<p><a href=\"https:\/\/vosgesinfo.fr\/app\/uploads\/sites\/6\/2026\/03\/elections-municipales-gerardmer-2026-2.jpg\"><img decoding=\"async\" class=\"alignright size-medium wp-image-89098\" src=\"https:\/\/vosgesinfo.fr\/app\/uploads\/sites\/6\/2026\/03\/elections-municipales-gerardmer-2026-2-225x300.jpg\" alt=\"\" width=\"225\" height=\"300\" srcset=\"https:\/\/vosgesinfo.fr\/app\/uploads\/sites\/6\/2026\/03\/elections-municipales-gerardmer-2026-2-225x300.jpg 225w, https:\/\/vosgesinfo.fr\/app\/uploads\/sites\/6\/2026\/03\/elections-municipales-gerardmer-2026-2-768x1024.jpg 768w, https:\/\/vosgesinfo.fr\/app\/uploads\/sites\/6\/2026\/03\/elections-municipales-gerardmer-2026-2.jpg 810w\" sizes=\"(max-width: 225px) 100vw, 225px\" \/><\/a>Et il sera en cela attendu par Eric Defranould et le groupe \u00ab\u00a0G\u00e9rardmer, nature, solidarit\u00e9\u00a0\u00bb, qui a tout de m\u00eame am\u00e9lior\u00e9 son pr\u00e9c\u00e9dent score et devrait donc b\u00e9n\u00e9ficier de deux \u00e0 trois si\u00e8ges au sein du nouveau conseil. \u00ab\u00a0<strong><em>On constate un d\u00e9saveu clair et net de la pr\u00e9c\u00e9dente majorit\u00e9 qui profite \u00e0 Thomas Gion. On a fait le travail et on continuera \u00e0 le faire, sans concession, comme on l&rsquo;a toujours fait. (&#8230;) Concernant la nouvelle majorit\u00e9 et son programme, on jugera sur pi\u00e8ce, notamment en ce qui concerne les grands sujets comme la station de ski ou la d\u00e9mocratie participative, on attend de voir. Concernant les grands projets, on les votera ou on les d\u00e9noncera, comme on a toujours fait\u00a0\u00bb<\/em><\/strong> a-t-il d\u00e9clar\u00e9 ce dimanche soir.<\/p>\n<p>Du c\u00f4t\u00e9 du maire sortant, la d\u00e9ception \u00e9tait grande, sans doute \u00e0 la hauteur de l&rsquo;investissement qu&rsquo;aura \u00e9t\u00e9 le sien pendant ses deux mandats. Plus encore : \u00ab\u00a0<strong><em>Il y a beaucoup de tristesse et d&rsquo;incompr\u00e9hension. Le travail a pourtant \u00e9t\u00e9 fait et bien fait pendant 12 ans. (&#8230;) Nous avons fait face \u00e0 une campagne o\u00f9 de nombreuses inexactitudes, voire des mensonges, ont \u00e9t\u00e9 diffus\u00e9s sur les r\u00e9seaux notamment, et qui ont \u00e9t\u00e9 pris pour argent comptant par certains \u00e9lecteurs, sans doute\u00a0\u00bb<\/em><\/strong> regrette Stessy Speissmann Mozas. \u00ab\u00a0<em><strong>Certains candidats n&rsquo;ont pas eu de positions tranch\u00e9es sur plusieurs th\u00e8mes. Le candidat vainqueur aujourd&rsquo;hui a volontairement men\u00e9 une campagne floue et ambigu\u00eb sur son engagement politique\u00a0\u00bb<\/strong><\/em>, ajoute-t-il. Et de conclure : \u00ab\u00a0<strong><em>En tant qu&rsquo;homme, je m&rsquo;attends \u00e0 tout, mais pas de mani\u00e8re aussi violente\u2026\u00a0\u00bb<\/em><\/strong><\/p>\n<p>Le maire sortant a \u00e9galement annonc\u00e9 qu&rsquo;avec son groupe, il se laisserait quelques jours pour d\u00e9cider qui si\u00e9gerait dans l&rsquo;opposition au sein de la municipalit\u00e9 qui sera prochainement mise en place<strong><em>.<\/em><\/strong><\/p>\n<p>&nbsp;<\/p>\n<p><iframe loading=\"lazy\" style=\"border: none; overflow: hidden;\" src=\"https:\/\/www.facebook.com\/plugins\/video.php?height=476&amp;href=https%3A%2F%2Fwww.facebook.com%2Freel%2F2815310902182637%2F&amp;show_text=false&amp;width=267&amp;t=0\" width=\"267\" height=\"476\" frameborder=\"0\" scrolling=\"no\" allowfullscreen=\"allowfullscreen\"><\/iframe><\/p>\n","protected":false},"excerpt":{"rendered":"<p>&nbsp; Coup de tonnerre \u00e0 l&rsquo;espace Tilleul ce dimanche soir \u00e0 l&rsquo;annonce des r\u00e9sultats du premier tour des municipales : [&hellip;]<\/p>\n","protected":false},"author":42,"featured_media":89100,"comment_status":"closed","ping_status":"open","sticky":false,"template":"","format":"standard","meta":{"footnotes":""},"categories":[20,5647,25,10],"tags":[8509,344,6338,112],"class_list":["post-89095","post","type-post","status-publish","format-standard","has-post-thumbnail","hentry","category-a-la-une","category-gerardmer-autres-sites","category-gerardmer","category-politique","tag-elections-municipales-gerardmer","tag-eric-defranould","tag-stessy-speissmann-mozas","tag-thomas-gion"],"acf":[],"yoast_head":"<!-- This site is optimized with the Yoast SEO plugin v22.5 - https:\/\/yoast.com\/wordpress\/plugins\/seo\/ -->\n<title>Municipales 2026 \u00e0 G\u00e9rardmer : les r\u00e9actions des candidats - Gerardmer Info<\/title>\n<meta name=\"robots\" content=\"index, follow, max-snippet:-1, max-image-preview:large, max-video-preview:-1\" \/>\n<link rel=\"canonical\" href=\"https:\/\/vosgesinfo.fr\/gerardmerinfo\/2026\/03\/municipales-2026-a-gerardmer-les-reactions-des-candidats\/\" \/>\n<meta name=\"twitter:card\" content=\"summary_large_image\" \/>\n<meta name=\"twitter:title\" content=\"Municipales 2026 \u00e0 G\u00e9rardmer : les r\u00e9actions des candidats - Gerardmer Info\" \/>\n<meta name=\"twitter:description\" content=\"&nbsp; Coup de tonnerre \u00e0 l&rsquo;espace Tilleul ce dimanche soir \u00e0 l&rsquo;annonce des r\u00e9sultats du premier tour des municipales : [&hellip;]\" \/>\n<meta name=\"twitter:image\" content=\"https:\/\/vosgesinfo.fr\/app\/uploads\/sites\/6\/2026\/03\/elections-municipales-gerardmer-2026-4.jpg\" \/>\n<meta name=\"twitter:creator\" content=\"@VosgesInfo88\" \/>\n<meta name=\"twitter:site\" content=\"@VosgesInfo88\" \/>\n<meta name=\"twitter:label1\" content=\"\u00c9crit par\" \/>\n\t<meta name=\"twitter:data1\" content=\"QG\" \/>\n\t<meta name=\"twitter:label2\" content=\"Dur\u00e9e de lecture estim\u00e9e\" \/>\n\t<meta name=\"twitter:data2\" content=\"3 minutes\" \/>\n<script type=\"application\/ld+json\" class=\"yoast-schema-graph\">{\"@context\":\"https:\/\/schema.org\",\"@graph\":[{\"@type\":\"Article\",\"@id\":\"https:\/\/vosgesinfo.fr\/gerardmerinfo\/2026\/03\/municipales-2026-a-gerardmer-les-reactions-des-candidats\/#article\",\"isPartOf\":{\"@id\":\"https:\/\/vosgesinfo.fr\/gerardmerinfo\/2026\/03\/municipales-2026-a-gerardmer-les-reactions-des-candidats\/\"},\"author\":{\"name\":\"QG\",\"@id\":\"https:\/\/vosgesinfo.fr\/gerardmerinfo\/#\/schema\/person\/db5605779a843dad16b5368f3e7613a5\"},\"headline\":\"Municipales 2026 \u00e0 G\u00e9rardmer : les r\u00e9actions des candidats\",\"datePublished\":\"2026-03-15T20:18:06+00:00\",\"dateModified\":\"2026-03-16T06:47:10+00:00\",\"mainEntityOfPage\":{\"@id\":\"https:\/\/vosgesinfo.fr\/gerardmerinfo\/2026\/03\/municipales-2026-a-gerardmer-les-reactions-des-candidats\/\"},\"wordCount\":434,\"publisher\":{\"@id\":\"https:\/\/vosgesinfo.fr\/gerardmerinfo\/#organization\"},\"image\":{\"@id\":\"https:\/\/vosgesinfo.fr\/gerardmerinfo\/2026\/03\/municipales-2026-a-gerardmer-les-reactions-des-candidats\/#primaryimage\"},\"thumbnailUrl\":\"https:\/\/vosgesinfo.fr\/app\/uploads\/sites\/6\/2026\/03\/elections-municipales-gerardmer-2026-4.jpg\",\"keywords\":[\"\u00e9lections municipales G\u00e9rardmer\",\"Eric defranould\",\"Stessy Speissmann Mozas\",\"Thomas Gion\"],\"articleSection\":[\"A la une\",\"Gerardmer\",\"G\u00e9rardmer\",\"Politique\"],\"inLanguage\":\"fr-FR\"},{\"@type\":\"WebPage\",\"@id\":\"https:\/\/vosgesinfo.fr\/gerardmerinfo\/2026\/03\/municipales-2026-a-gerardmer-les-reactions-des-candidats\/\",\"url\":\"https:\/\/vosgesinfo.fr\/gerardmerinfo\/2026\/03\/municipales-2026-a-gerardmer-les-reactions-des-candidats\/\",\"name\":\"Municipales 2026 \u00e0 G\u00e9rardmer : les r\u00e9actions des candidats - Gerardmer Info\",\"isPartOf\":{\"@id\":\"https:\/\/vosgesinfo.fr\/gerardmerinfo\/#website\"},\"primaryImageOfPage\":{\"@id\":\"https:\/\/vosgesinfo.fr\/gerardmerinfo\/2026\/03\/municipales-2026-a-gerardmer-les-reactions-des-candidats\/#primaryimage\"},\"image\":{\"@id\":\"https:\/\/vosgesinfo.fr\/gerardmerinfo\/2026\/03\/municipales-2026-a-gerardmer-les-reactions-des-candidats\/#primaryimage\"},\"thumbnailUrl\":\"https:\/\/vosgesinfo.fr\/app\/uploads\/sites\/6\/2026\/03\/elections-municipales-gerardmer-2026-4.jpg\",\"datePublished\":\"2026-03-15T20:18:06+00:00\",\"dateModified\":\"2026-03-16T06:47:10+00:00\",\"breadcrumb\":{\"@id\":\"https:\/\/vosgesinfo.fr\/gerardmerinfo\/2026\/03\/municipales-2026-a-gerardmer-les-reactions-des-candidats\/#breadcrumb\"},\"inLanguage\":\"fr-FR\",\"potentialAction\":[{\"@type\":\"ReadAction\",\"target\":[\"https:\/\/vosgesinfo.fr\/gerardmerinfo\/2026\/03\/municipales-2026-a-gerardmer-les-reactions-des-candidats\/\"]}]},{\"@type\":\"ImageObject\",\"inLanguage\":\"fr-FR\",\"@id\":\"https:\/\/vosgesinfo.fr\/gerardmerinfo\/2026\/03\/municipales-2026-a-gerardmer-les-reactions-des-candidats\/#primaryimage\",\"url\":\"https:\/\/vosgesinfo.fr\/app\/uploads\/sites\/6\/2026\/03\/elections-municipales-gerardmer-2026-4.jpg\",\"contentUrl\":\"https:\/\/vosgesinfo.fr\/app\/uploads\/sites\/6\/2026\/03\/elections-municipales-gerardmer-2026-4.jpg\",\"width\":1440,\"height\":1080},{\"@type\":\"BreadcrumbList\",\"@id\":\"https:\/\/vosgesinfo.fr\/gerardmerinfo\/2026\/03\/municipales-2026-a-gerardmer-les-reactions-des-candidats\/#breadcrumb\",\"itemListElement\":[{\"@type\":\"ListItem\",\"position\":1,\"name\":\"Home\",\"item\":\"https:\/\/vosgesinfo.fr\/gerardmerinfo\/\"},{\"@type\":\"ListItem\",\"position\":2,\"name\":\"Municipales 2026 \u00e0 G\u00e9rardmer : les r\u00e9actions des candidats\"}]},{\"@type\":\"WebSite\",\"@id\":\"https:\/\/vosgesinfo.fr\/gerardmerinfo\/#website\",\"url\":\"https:\/\/vosgesinfo.fr\/gerardmerinfo\/\",\"name\":\"Gerardmer Info\",\"description\":\"Toute l&#039;actualit\u00e9 de G\u00e9rardmer\",\"publisher\":{\"@id\":\"https:\/\/vosgesinfo.fr\/gerardmerinfo\/#organization\"},\"alternateName\":\"Toute l'actualit\u00e9 de G\u00e9rardmer\",\"potentialAction\":[{\"@type\":\"SearchAction\",\"target\":{\"@type\":\"EntryPoint\",\"urlTemplate\":\"https:\/\/vosgesinfo.fr\/gerardmerinfo\/?s={search_term_string}\"},\"query-input\":\"required name=search_term_string\"}],\"inLanguage\":\"fr-FR\"},{\"@type\":\"Organization\",\"@id\":\"https:\/\/vosgesinfo.fr\/gerardmerinfo\/#organization\",\"name\":\"Gerardmer Info\",\"url\":\"https:\/\/vosgesinfo.fr\/gerardmerinfo\/\",\"logo\":{\"@type\":\"ImageObject\",\"inLanguage\":\"fr-FR\",\"@id\":\"https:\/\/vosgesinfo.fr\/gerardmerinfo\/#\/schema\/logo\/image\/\",\"url\":\"https:\/\/vosgesinfo.fr\/app\/uploads\/sites\/6\/2023\/08\/favicon-gerardmerinfo.png\",\"contentUrl\":\"https:\/\/vosgesinfo.fr\/app\/uploads\/sites\/6\/2023\/08\/favicon-gerardmerinfo.png\",\"width\":512,\"height\":512,\"caption\":\"Gerardmer Info\"},\"image\":{\"@id\":\"https:\/\/vosgesinfo.fr\/gerardmerinfo\/#\/schema\/logo\/image\/\"},\"sameAs\":[\"https:\/\/www.facebook.com\/profile.php?id=100049475262660\",\"https:\/\/x.com\/VosgesInfo88\",\"https:\/\/www.youtube.com\/@vosgesinfo\"]},{\"@type\":\"Person\",\"@id\":\"https:\/\/vosgesinfo.fr\/gerardmerinfo\/#\/schema\/person\/db5605779a843dad16b5368f3e7613a5\",\"name\":\"QG\",\"image\":{\"@type\":\"ImageObject\",\"inLanguage\":\"fr-FR\",\"@id\":\"https:\/\/vosgesinfo.fr\/gerardmerinfo\/#\/schema\/person\/image\/\",\"url\":\"https:\/\/secure.gravatar.com\/avatar\/ea80c42c204b534408512832fde52504ecabb9706bcb6151cf6175e5b64e6793?s=96&d=mm&r=g\",\"contentUrl\":\"https:\/\/secure.gravatar.com\/avatar\/ea80c42c204b534408512832fde52504ecabb9706bcb6151cf6175e5b64e6793?s=96&d=mm&r=g\",\"caption\":\"QG\"},\"url\":\"https:\/\/vosgesinfo.fr\/gerardmerinfo\/author\/quentin88\/\"}]}<\/script>\n<!-- \/ Yoast SEO plugin. -->","yoast_head_json":{"title":"Municipales 2026 \u00e0 G\u00e9rardmer : les r\u00e9actions des candidats - Gerardmer Info","robots":{"index":"index","follow":"follow","max-snippet":"max-snippet:-1","max-image-preview":"max-image-preview:large","max-video-preview":"max-video-preview:-1"},"canonical":"https:\/\/vosgesinfo.fr\/gerardmerinfo\/2026\/03\/municipales-2026-a-gerardmer-les-reactions-des-candidats\/","twitter_card":"summary_large_image","twitter_title":"Municipales 2026 \u00e0 G\u00e9rardmer : les r\u00e9actions des candidats - Gerardmer Info","twitter_description":"&nbsp; Coup de tonnerre \u00e0 l&rsquo;espace Tilleul ce dimanche soir \u00e0 l&rsquo;annonce des r\u00e9sultats du premier tour des municipales : [&hellip;]","twitter_image":"https:\/\/vosgesinfo.fr\/app\/uploads\/sites\/6\/2026\/03\/elections-municipales-gerardmer-2026-4.jpg","twitter_creator":"@VosgesInfo88","twitter_site":"@VosgesInfo88","twitter_misc":{"\u00c9crit par":"QG","Dur\u00e9e de lecture estim\u00e9e":"3 minutes"},"schema":{"@context":"https:\/\/schema.org","@graph":[{"@type":"Article","@id":"https:\/\/vosgesinfo.fr\/gerardmerinfo\/2026\/03\/municipales-2026-a-gerardmer-les-reactions-des-candidats\/#article","isPartOf":{"@id":"https:\/\/vosgesinfo.fr\/gerardmerinfo\/2026\/03\/municipales-2026-a-gerardmer-les-reactions-des-candidats\/"},"author":{"name":"QG","@id":"https:\/\/vosgesinfo.fr\/gerardmerinfo\/#\/schema\/person\/db5605779a843dad16b5368f3e7613a5"},"headline":"Municipales 2026 \u00e0 G\u00e9rardmer : les r\u00e9actions des candidats","datePublished":"2026-03-15T20:18:06+00:00","dateModified":"2026-03-16T06:47:10+00:00","mainEntityOfPage":{"@id":"https:\/\/vosgesinfo.fr\/gerardmerinfo\/2026\/03\/municipales-2026-a-gerardmer-les-reactions-des-candidats\/"},"wordCount":434,"publisher":{"@id":"https:\/\/vosgesinfo.fr\/gerardmerinfo\/#organization"},"image":{"@id":"https:\/\/vosgesinfo.fr\/gerardmerinfo\/2026\/03\/municipales-2026-a-gerardmer-les-reactions-des-candidats\/#primaryimage"},"thumbnailUrl":"https:\/\/vosgesinfo.fr\/app\/uploads\/sites\/6\/2026\/03\/elections-municipales-gerardmer-2026-4.jpg","keywords":["\u00e9lections municipales G\u00e9rardmer","Eric defranould","Stessy Speissmann Mozas","Thomas Gion"],"articleSection":["A la une","Gerardmer","G\u00e9rardmer","Politique"],"inLanguage":"fr-FR"},{"@type":"WebPage","@id":"https:\/\/vosgesinfo.fr\/gerardmerinfo\/2026\/03\/municipales-2026-a-gerardmer-les-reactions-des-candidats\/","url":"https:\/\/vosgesinfo.fr\/gerardmerinfo\/2026\/03\/municipales-2026-a-gerardmer-les-reactions-des-candidats\/","name":"Municipales 2026 \u00e0 G\u00e9rardmer : les r\u00e9actions des candidats - Gerardmer Info","isPartOf":{"@id":"https:\/\/vosgesinfo.fr\/gerardmerinfo\/#website"},"primaryImageOfPage":{"@id":"https:\/\/vosgesinfo.fr\/gerardmerinfo\/2026\/03\/municipales-2026-a-gerardmer-les-reactions-des-candidats\/#primaryimage"},"image":{"@id":"https:\/\/vosgesinfo.fr\/gerardmerinfo\/2026\/03\/municipales-2026-a-gerardmer-les-reactions-des-candidats\/#primaryimage"},"thumbnailUrl":"https:\/\/vosgesinfo.fr\/app\/uploads\/sites\/6\/2026\/03\/elections-municipales-gerardmer-2026-4.jpg","datePublished":"2026-03-15T20:18:06+00:00","dateModified":"2026-03-16T06:47:10+00:00","breadcrumb":{"@id":"https:\/\/vosgesinfo.fr\/gerardmerinfo\/2026\/03\/municipales-2026-a-gerardmer-les-reactions-des-candidats\/#breadcrumb"},"inLanguage":"fr-FR","potentialAction":[{"@type":"ReadAction","target":["https:\/\/vosgesinfo.fr\/gerardmerinfo\/2026\/03\/municipales-2026-a-gerardmer-les-reactions-des-candidats\/"]}]},{"@type":"ImageObject","inLanguage":"fr-FR","@id":"https:\/\/vosgesinfo.fr\/gerardmerinfo\/2026\/03\/municipales-2026-a-gerardmer-les-reactions-des-candidats\/#primaryimage","url":"https:\/\/vosgesinfo.fr\/app\/uploads\/sites\/6\/2026\/03\/elections-municipales-gerardmer-2026-4.jpg","contentUrl":"https:\/\/vosgesinfo.fr\/app\/uploads\/sites\/6\/2026\/03\/elections-municipales-gerardmer-2026-4.jpg","width":1440,"height":1080},{"@type":"BreadcrumbList","@id":"https:\/\/vosgesinfo.fr\/gerardmerinfo\/2026\/03\/municipales-2026-a-gerardmer-les-reactions-des-candidats\/#breadcrumb","itemListElement":[{"@type":"ListItem","position":1,"name":"Home","item":"https:\/\/vosgesinfo.fr\/gerardmerinfo\/"},{"@type":"ListItem","position":2,"name":"Municipales 2026 \u00e0 G\u00e9rardmer : les r\u00e9actions des candidats"}]},{"@type":"WebSite","@id":"https:\/\/vosgesinfo.fr\/gerardmerinfo\/#website","url":"https:\/\/vosgesinfo.fr\/gerardmerinfo\/","name":"Gerardmer Info","description":"Toute l&#039;actualit\u00e9 de G\u00e9rardmer","publisher":{"@id":"https:\/\/vosgesinfo.fr\/gerardmerinfo\/#organization"},"alternateName":"Toute l'actualit\u00e9 de G\u00e9rardmer","potentialAction":[{"@type":"SearchAction","target":{"@type":"EntryPoint","urlTemplate":"https:\/\/vosgesinfo.fr\/gerardmerinfo\/?s={search_term_string}"},"query-input":"required name=search_term_string"}],"inLanguage":"fr-FR"},{"@type":"Organization","@id":"https:\/\/vosgesinfo.fr\/gerardmerinfo\/#organization","name":"Gerardmer Info","url":"https:\/\/vosgesinfo.fr\/gerardmerinfo\/","logo":{"@type":"ImageObject","inLanguage":"fr-FR","@id":"https:\/\/vosgesinfo.fr\/gerardmerinfo\/#\/schema\/logo\/image\/","url":"https:\/\/vosgesinfo.fr\/app\/uploads\/sites\/6\/2023\/08\/favicon-gerardmerinfo.png","contentUrl":"https:\/\/vosgesinfo.fr\/app\/uploads\/sites\/6\/2023\/08\/favicon-gerardmerinfo.png","width":512,"height":512,"caption":"Gerardmer Info"},"image":{"@id":"https:\/\/vosgesinfo.fr\/gerardmerinfo\/#\/schema\/logo\/image\/"},"sameAs":["https:\/\/www.facebook.com\/profile.php?id=100049475262660","https:\/\/x.com\/VosgesInfo88","https:\/\/www.youtube.com\/@vosgesinfo"]},{"@type":"Person","@id":"https:\/\/vosgesinfo.fr\/gerardmerinfo\/#\/schema\/person\/db5605779a843dad16b5368f3e7613a5","name":"QG","image":{"@type":"ImageObject","inLanguage":"fr-FR","@id":"https:\/\/vosgesinfo.fr\/gerardmerinfo\/#\/schema\/person\/image\/","url":"https:\/\/secure.gravatar.com\/avatar\/ea80c42c204b534408512832fde52504ecabb9706bcb6151cf6175e5b64e6793?s=96&d=mm&r=g","contentUrl":"https:\/\/secure.gravatar.com\/avatar\/ea80c42c204b534408512832fde52504ecabb9706bcb6151cf6175e5b64e6793?s=96&d=mm&r=g","caption":"QG"},"url":"https:\/\/vosgesinfo.fr\/gerardmerinfo\/author\/quentin88\/"}]}},"_links":{"self":[{"href":"https:\/\/vosgesinfo.fr\/gerardmerinfo\/wp-json\/wp\/v2\/posts\/89095","targetHints":{"allow":["GET"]}}],"collection":[{"href":"https:\/\/vosgesinfo.fr\/gerardmerinfo\/wp-json\/wp\/v2\/posts"}],"about":[{"href":"https:\/\/vosgesinfo.fr\/gerardmerinfo\/wp-json\/wp\/v2\/types\/post"}],"author":[{"embeddable":true,"href":"https:\/\/vosgesinfo.fr\/gerardmerinfo\/wp-json\/wp\/v2\/users\/42"}],"replies":[{"embeddable":true,"href":"https:\/\/vosgesinfo.fr\/gerardmerinfo\/wp-json\/wp\/v2\/comments?post=89095"}],"version-history":[{"count":8,"href":"https:\/\/vosgesinfo.fr\/gerardmerinfo\/wp-json\/wp\/v2\/posts\/89095\/revisions"}],"predecessor-version":[{"id":89113,"href":"https:\/\/vosgesinfo.fr\/gerardmerinfo\/wp-json\/wp\/v2\/posts\/89095\/revisions\/89113"}],"wp:featuredmedia":[{"embeddable":true,"href":"https:\/\/vosgesinfo.fr\/gerardmerinfo\/wp-json\/wp\/v2\/media\/89100"}],"wp:attachment":[{"href":"https:\/\/vosgesinfo.fr\/gerardmerinfo\/wp-json\/wp\/v2\/media?parent=89095"}],"wp:term":[{"taxonomy":"category","embeddable":true,"href":"https:\/\/vosgesinfo.fr\/gerardmerinfo\/wp-json\/wp\/v2\/categories?post=89095"},{"taxonomy":"post_tag","embeddable":true,"href":"https:\/\/vosgesinfo.fr\/gerardmerinfo\/wp-json\/wp\/v2\/tags?post=89095"}],"curies":[{"name":"wp","href":"https:\/\/api.w.org\/{rel}","templated":true}]}}