{"id":89134,"date":"2026-03-16T18:55:36","date_gmt":"2026-03-16T17:55:36","guid":{"rendered":"https:\/\/vosgesinfo.fr\/gerardmerinfo\/?p=89134"},"modified":"2026-03-16T18:35:34","modified_gmt":"2026-03-16T17:35:34","slug":"quels-projets-participatifs-pour-gerardmer-entre-elus-associations-et-citoyens","status":"publish","type":"post","link":"https:\/\/vosgesinfo.fr\/gerardmerinfo\/2026\/03\/quels-projets-participatifs-pour-gerardmer-entre-elus-associations-et-citoyens\/","title":{"rendered":"Quels projets participatifs pour G\u00e9rardmer, entre \u00e9lus, associations et citoyens ?"},"content":{"rendered":"<p data-pm-slice=\"1 1 []\"><a href=\"https:\/\/vosgesinfo.fr\/app\/uploads\/sites\/6\/2026\/03\/carte-visite.png\"><img decoding=\"async\" class=\"aligncenter size-full wp-image-89135\" src=\"https:\/\/vosgesinfo.fr\/app\/uploads\/sites\/6\/2026\/03\/carte-visite.png\" alt=\"\" width=\"416\" height=\"218\" srcset=\"https:\/\/vosgesinfo.fr\/app\/uploads\/sites\/6\/2026\/03\/carte-visite.png 416w, https:\/\/vosgesinfo.fr\/app\/uploads\/sites\/6\/2026\/03\/carte-visite-300x157.png 300w\" sizes=\"(max-width: 416px) 100vw, 416px\" \/><\/a><\/p>\n<p><strong>Le collectif Hautes Vosges 2050\u00a0regroupe plusieurs repr\u00e9sentants d&rsquo;associations et des citoyens, tous int\u00e9ress\u00e9s par l&rsquo;id\u00e9e d&rsquo;agir ensemble pour \u00ab\u00a0concilier montagne \u00e0 vivre et montagne sauvage\u00a0\u00bb, et pr\u00e9server :<\/strong><\/p>\n<p>\u2013 nos biens communs ou \u00e9cosyst\u00e8mes que sont l&rsquo;eau, les sols, la for\u00eat et les prairies (qui constituent presque 90 % de notre territoire et sont notre richesse), les autres milieux naturels comme les lacs, les tourbi\u00e8res et les \u00e9tangs, etc., et toute la biodiversit\u00e9 qui les compose.<\/p>\n<p>\u2013 la sant\u00e9 des humains avec une alimentation saine, mais aussi avec du lien social pour d\u00e9passer nos diff\u00e9rences, r\u00e9unir le meilleur de chacun, travailler ensemble pour prot\u00e9ger ce que nous aimons et ce qui est vital,\u00a0et nous rapprocher pour \u00eatre plus forts face \u00e0 un avenir complexe et angoissant\u00a0si on le regarde en face, sans y travailler ensemble. \u00c9changer et agir est vital aussi.<\/p>\n<p>Plusieurs actions de sensibilisation ont \u00e9t\u00e9 men\u00e9es ces 6 derniers mois (dont les ateliers \u00ab\u00a02030 glorieuses\u00a0\u00bb, les conf\u00e9rences de Fiona Mille, pr\u00e9sidente de MW France, et\u00a0de Jean-Pierre Piela, maire d&rsquo;une commune en transition \u00e9cologique depuis plus de 30 ans, qui est pr\u00eat \u00e0\u00a0rencontrer \u00e0 nouveau le collectif et les futurs \u00e9lus).<\/p>\n<p>Dans le cadre de ces actions, le collectif a envoy\u00e9 une lettre adress\u00e9e \u00e0 tous les candidats aux \u00e9lections municipales de la communaut\u00e9 de communes de G\u00e9rardmer.<\/p>\n<p>Cette lettre les\u00a0invitait tous \u00e0 inscrire\u00a0dans leur programme ces engagements reconnus essentiels aujourd&rsquo;hui (au regard des objectifs de HV2050 cit\u00e9s ci-dessus).<\/p>\n<p>Le collectif est conscient des difficult\u00e9s et sinc\u00e8re dans son envie d&rsquo;essayer de comprendre les probl\u00e8mes de budget ou autres probl\u00e9matiques d&rsquo;une commune, mais souhaite que les \u00e9lus s&rsquo;appuient, entre autres,\u00a0pour mener leur programme, sur l&rsquo;expertise d&rsquo;associations d\u00e9j\u00e0 impliqu\u00e9es de longue date sur ces probl\u00e9matiques comme Mountain Wilderness pour la transition des stations de montagne, comme Oiseaux Nature pour la biodiversit\u00e9, comme le GAB 88 (Groupement des agriculteurs bio) pour aller vers une alimentation saine et locale, comme les Shifters pour la d\u00e9carbonation.<\/p>\n<p>Toutes les alternatives existent d\u00e9j\u00e0, il suffit d&rsquo;une volont\u00e9 politique clairvoyante et engag\u00e9e pour lancer cette dynamique.<\/p>\n<p><em>Les associations locales ont une r\u00e9elle expertise et connaissance du territoire, elles peuvent\u00a0apporter un vrai support aux \u00e9lus, et pourraient \u00e9viter de relancer des \u00e9tudes couteuses de cabinet d&rsquo;\u00e9tudes (comme certaines qui n&rsquo;ont pas forc\u00e9ment donn\u00e9 suite).<\/em><\/p>\n<p>Dans cette lettre,\u00a0le collectif a sollicit\u00e9 des candidats pour une rencontre afin qu&rsquo;ils expriment ce qu&rsquo;ils avaient retenu de ces propositions. Nous n&rsquo;avons pas pu rencontrer le maire sortant\u00a0au vu de sa d\u00e9claration tardive d&rsquo;\u00eatre candidat.<\/p>\n<p>Trois rencontres ont eu lieu :\u00a0avec\u00a0M. Gion, avec M. Defranould, et avec M. Descoups (maire de Liezey).<\/p>\n<p>Rencontres toutes enrichissantes pour le collectif, qui a pu ainsi d\u00e9couvrir 3 candidats pr\u00eats \u00e0 travailler avec des associations partenaires de protection de l&rsquo;environnement. Voici un aper\u00e7u de ces \u00e9changes :<\/p>\n<p>1) M. Gion a confirm\u00e9 qu\u2019il adh\u00e8re \u00e0 l\u2019esprit et aux propositions de la lettre en insistant sur le fait qu\u2019il est \u00e0 l\u2019\u00e9coute des citoyens. Ses priorit\u00e9s\u00a0sont l\u2019eau, la sant\u00e9, l\u2019\u00e9ducation et g\u00e9rer le d\u00e9ficit budg\u00e9taire. Pour chacun des points suivants de la lettre, il donne des exemples de ses projets :<\/p>\n<p>\u2013 Mobilit\u00e9s :\u00a0optimiser le parking de la Ray\u00e9e \u00e0 l\u2019usage des touristes, en mettant en place des navettes pour d\u00e9sengorger la ville. Instaurer un r\u00e9seau de solidarit\u00e9 pour que des b\u00e9n\u00e9voles puissent utiliser les voitures de la ville pour conduire des personnes \u00e2g\u00e9es isol\u00e9es. D\u00e9velopper un r\u00e9seau de transport en commun avec de plus petits bus innovants qui aient un confort identique \u00e0 celui des TGV pour permettre notamment le t\u00e9l\u00e9travail. Organiser les r\u00e9seaux de covoiturage, par exemple pour les randonneurs, comme cela se fait d\u00e9j\u00e0 pour les parapentes sur d\u2019autres massifs. \u00c9tudier l\u2019am\u00e9nagement pour les transports avec et pour les \u00e9tablissements scolaires\u00a0: p\u00e9dibus, v\u00e9lobus, etc.<\/p>\n<p>\u2013 Agriculture et alimentation : transformer les serres municipales en mara\u00eechage ; d\u00e9velopper les circuits courts ; faire un \u00e9tat des lieux des terres agricoles sur la commune pour envisager l\u2019installation de mara\u00eechers, paysans ; revoir le syst\u00e8me d\u2019entretien de la station et revoir le fauchage pour le remplacer par des animaux (yacks, lamas\u2026).<\/p>\n<p>\u2013 Transition \u00e9nerg\u00e9tique :\u00a0faire de G\u00e9rardmer une commune exemplaire en termes de transition \u00e9cologique et de sobri\u00e9t\u00e9. Un exemple simple qui serait rapidement mis en place, par exemple avec des v\u00e9los cargos pour r\u00e9cup\u00e9rer\u00a0les d\u00e9chets alimentaires des restaurants pour le compost municipal.<\/p>\n<p>Il\u00a0imagine un appel \u00e0 projets par quartier pour\u00a0soutenir des initiatives collectives d\u2019int\u00e9r\u00eat g\u00e9n\u00e9ral, afin que les habitants puissent s\u2019impliquer davantage dans la vie collective.<\/p>\n<p>\u2013 Lien social et d\u00e9mocratie : ce sera un principe transversal du programme pour impliquer les citoyens dans un projet durable et d\u00e9terminer le cap de l\u2019\u00e9quipe municipale.<\/p>\n<p>Il confirme ainsi son d\u00e9sir de concr\u00e9tiser que\u2026 \u00ab\u00a0G\u00e9rardmer, c&rsquo;est vous !\u00a0\u00bb<\/p>\n<p>2) M. Defranould souhaite \u00ab\u00a0s&rsquo;attaquer aux nombreux gaspillages d&rsquo;argent public\u00a0\u00bb.<\/p>\n<p>Entre autres exemples : 1,4 million d&rsquo;euros a \u00e9t\u00e9 d\u00e9pens\u00e9 pour la r\u00e9introduction du grand t\u00e9tras et c&rsquo;est un \u00e9chec (d\u00e9nonc\u00e9 par de nombreuses associations environnementalistes).<\/p>\n<p>Eric Defranould a insist\u00e9 sur l&rsquo;importance de travailler avec les habitants et les associations \u00e0 propos de l&rsquo;utilisation de l&rsquo;argent public : en particulier afin de r\u00e9aliser\u00a0des projets visant \u00e0 anticiper les probl\u00e8mes li\u00e9s au r\u00e9chauffement climatique,\u00a0\u00e0 la sant\u00e9 et au cadre de vie :<\/p>\n<p>mise en place de la loi Lemeur,<\/p>\n<p>v\u00e9g\u00e9talisation des \u00e9coles, des rues, s\u00e9curisation d&rsquo;itin\u00e9raires v\u00e9los et pi\u00e9tons, en particulier vers les \u00e9coles afin de favoriser les d\u00e9placements \u00e0 v\u00e9lo pour lutter contre la s\u00e9dentarit\u00e9 et l&rsquo;ob\u00e9sit\u00e9, probl\u00e8mes de sant\u00e9 publique aujourd&rsquo;hui.<\/p>\n<p>Pour lui aussi, eau, agriculture et alimentation sont des points fondamentaux. Il travaillerait avec les associations GAB 88 et l&rsquo;association (\u00e0 la fois aussi fonci\u00e8re et fondation), \u00ab\u00a0Terre de liens\u00a0\u00bb, pour l&rsquo;installation d&rsquo;agriculteurs ou \u00e9leveurs bio, rejoignant ainsi les imp\u00e9ratifs du plan alimentaire territorial (PAT).<\/p>\n<p>R\u00e9habiliter les serres municipales pour fournir des cantines en l\u00e9gumes bio est aussi une id\u00e9e qu&rsquo;il d\u00e9veloppe depuis longtemps.<\/p>\n<p>Reprenant les r\u00e9ussites de la commune de Breitenbach,\u00a0G\u00e9rardmer Nature Solidarit\u00e9s proposerait des projets et des fonds participatifs avec \u00e9galement des appels \u00e0 subventions (le Commissariat au massif veut soutenir les Ecoterritoires), projets nous r\u00e9unissant par des \u00e9changes et un\u00a0travail constructifs pour notre communaut\u00e9 de communes.<\/p>\n<p>Des exemples : la transformation de la ferme de Grouvelin en une ferme p\u00e9dagogique, des chantiers de r\u00e9habilitation de milieux naturels, etc.<\/p>\n<p>Les mots \u00ab\u00a0nature\u00a0\u00bb et \u00ab\u00a0solidarit\u00e9s\u00a0\u00bb ont donc toute leur place dans les propositions\u00a0de la liste \u00ab\u00a0G\u00e9rardmer Nature Solidarit\u00e9s\u00a0\u00bb.<\/p>\n<p>\u2013 M. Descoups. Pr\u00e9sident de la commission eau \u00e0 la communaut\u00e9 de communes, passionn\u00e9 par cette probl\u00e9matique vitale de l&rsquo;eau,\u00a0et d\u00e9j\u00e0 bien engag\u00e9, sur sa commune, dans des projets \u00e9cologiques et en lien avec des associations,\u00a0nous a assur\u00e9 d&rsquo;une prochaine rencontre pour une action en rapport avec l&rsquo;eau (conf\u00e9rence,\u00a0travail \u00e9ventuel avec le collectif Pfasvosges).<\/p>\n<p>La transformation d&rsquo;une ancienne ferme de Liezey en un habitat r\u00e9habilit\u00e9 \u00e9cologiquement et offrant 4 appartements pour des r\u00e9sidences principales est une tr\u00e8s belle et inspirante r\u00e9alisation !<\/p>\n<p>Qu&rsquo;un beau prochain mandat pour cette liste unique vive sur Liezey !<\/p>\n<p>Le collectif remercie les 3 candidats pour le temps que chacun lui a consacr\u00e9 et pour la qualit\u00e9 de ces \u00e9changes tr\u00e8s sympathiques.<\/p>\n<p>Puissent-ils aussi travailler ensemble pour r\u00e9aliser les meilleurs de tous ces projets, r\u00e9unir toutes leurs comp\u00e9tences au service du bien public, et nous montrer l&rsquo;exemple de la d\u00e9mocratie participative\u2026<\/p>\n<p>Pour le rejoindre\u00a0et cr\u00e9er une dynamique de d\u00e9mocratie participative avec nos\u00a0\u00e9lus sur les Hautes-Vosges,\u00a0le collectif HV2050 peut \u00eatre contact\u00e9 \u00e0 l&rsquo;adresse suivante : <a class=\"qbe-widget\" href=\"mailto:contact.hv50@gmail.com\" target=\"_blank\" rel=\"noopener noreferrer\">contact.hv50@gmail.com<\/a>.<\/p>\n","protected":false},"excerpt":{"rendered":"<p>Le collectif Hautes Vosges 2050\u00a0regroupe plusieurs repr\u00e9sentants d&rsquo;associations et des citoyens, tous int\u00e9ress\u00e9s par l&rsquo;id\u00e9e d&rsquo;agir ensemble pour \u00ab\u00a0concilier montagne [&hellip;]<\/p>\n","protected":false},"author":391,"featured_media":89136,"comment_status":"closed","ping_status":"open","sticky":false,"template":"","format":"standard","meta":{"footnotes":""},"categories":[20,7,5647,10],"tags":[8289,8048],"class_list":["post-89134","post","type-post","status-publish","format-standard","has-post-thumbnail","hentry","category-a-la-une","category-environnement","category-gerardmer-autres-sites","category-politique","tag-hautes-vosges-2050","tag-mountain-wilderness-france"],"acf":[],"yoast_head":"<!-- This site is optimized with the Yoast SEO plugin v22.5 - https:\/\/yoast.com\/wordpress\/plugins\/seo\/ -->\n<title>Quels projets participatifs pour G\u00e9rardmer, entre \u00e9lus, associations et citoyens ? - Gerardmer Info<\/title>\n<meta name=\"robots\" content=\"index, follow, max-snippet:-1, max-image-preview:large, max-video-preview:-1\" \/>\n<link rel=\"canonical\" href=\"https:\/\/vosgesinfo.fr\/gerardmerinfo\/2026\/03\/quels-projets-participatifs-pour-gerardmer-entre-elus-associations-et-citoyens\/\" \/>\n<meta name=\"twitter:card\" content=\"summary_large_image\" \/>\n<meta name=\"twitter:title\" content=\"Quels projets participatifs pour G\u00e9rardmer, entre \u00e9lus, associations et citoyens ? - Gerardmer Info\" \/>\n<meta name=\"twitter:description\" content=\"Le collectif Hautes Vosges 2050\u00a0regroupe plusieurs repr\u00e9sentants d&rsquo;associations et des citoyens, tous int\u00e9ress\u00e9s par l&rsquo;id\u00e9e d&rsquo;agir ensemble pour \u00ab\u00a0concilier montagne [&hellip;]\" \/>\n<meta name=\"twitter:image\" content=\"https:\/\/vosgesinfo.fr\/app\/uploads\/sites\/6\/2026\/03\/montagne-gerardmer-vosges-2.jpg\" \/>\n<meta name=\"twitter:creator\" content=\"@VosgesInfo88\" \/>\n<meta name=\"twitter:site\" content=\"@VosgesInfo88\" \/>\n<meta name=\"twitter:label1\" content=\"\u00c9crit par\" \/>\n\t<meta name=\"twitter:data1\" content=\"La redaction\" \/>\n\t<meta name=\"twitter:label2\" content=\"Dur\u00e9e de lecture estim\u00e9e\" \/>\n\t<meta name=\"twitter:data2\" content=\"7 minutes\" \/>\n<script type=\"application\/ld+json\" class=\"yoast-schema-graph\">{\"@context\":\"https:\/\/schema.org\",\"@graph\":[{\"@type\":\"Article\",\"@id\":\"https:\/\/vosgesinfo.fr\/gerardmerinfo\/2026\/03\/quels-projets-participatifs-pour-gerardmer-entre-elus-associations-et-citoyens\/#article\",\"isPartOf\":{\"@id\":\"https:\/\/vosgesinfo.fr\/gerardmerinfo\/2026\/03\/quels-projets-participatifs-pour-gerardmer-entre-elus-associations-et-citoyens\/\"},\"author\":{\"name\":\"La redaction\",\"@id\":\"https:\/\/vosgesinfo.fr\/gerardmerinfo\/#\/schema\/person\/27a3695b06db98895b354c0765cdfc31\"},\"headline\":\"Quels projets participatifs pour G\u00e9rardmer, entre \u00e9lus, associations et citoyens ?\",\"datePublished\":\"2026-03-16T17:55:36+00:00\",\"dateModified\":\"2026-03-16T17:35:34+00:00\",\"mainEntityOfPage\":{\"@id\":\"https:\/\/vosgesinfo.fr\/gerardmerinfo\/2026\/03\/quels-projets-participatifs-pour-gerardmer-entre-elus-associations-et-citoyens\/\"},\"wordCount\":1386,\"publisher\":{\"@id\":\"https:\/\/vosgesinfo.fr\/gerardmerinfo\/#organization\"},\"image\":{\"@id\":\"https:\/\/vosgesinfo.fr\/gerardmerinfo\/2026\/03\/quels-projets-participatifs-pour-gerardmer-entre-elus-associations-et-citoyens\/#primaryimage\"},\"thumbnailUrl\":\"https:\/\/vosgesinfo.fr\/app\/uploads\/sites\/6\/2026\/03\/montagne-gerardmer-vosges-2.jpg\",\"keywords\":[\"Hautes Vosges 2050\",\"Mountain Wilderness France\"],\"articleSection\":[\"A la une\",\"Environnement\",\"Gerardmer\",\"Politique\"],\"inLanguage\":\"fr-FR\"},{\"@type\":\"WebPage\",\"@id\":\"https:\/\/vosgesinfo.fr\/gerardmerinfo\/2026\/03\/quels-projets-participatifs-pour-gerardmer-entre-elus-associations-et-citoyens\/\",\"url\":\"https:\/\/vosgesinfo.fr\/gerardmerinfo\/2026\/03\/quels-projets-participatifs-pour-gerardmer-entre-elus-associations-et-citoyens\/\",\"name\":\"Quels projets participatifs pour G\u00e9rardmer, entre \u00e9lus, associations et citoyens ? - Gerardmer Info\",\"isPartOf\":{\"@id\":\"https:\/\/vosgesinfo.fr\/gerardmerinfo\/#website\"},\"primaryImageOfPage\":{\"@id\":\"https:\/\/vosgesinfo.fr\/gerardmerinfo\/2026\/03\/quels-projets-participatifs-pour-gerardmer-entre-elus-associations-et-citoyens\/#primaryimage\"},\"image\":{\"@id\":\"https:\/\/vosgesinfo.fr\/gerardmerinfo\/2026\/03\/quels-projets-participatifs-pour-gerardmer-entre-elus-associations-et-citoyens\/#primaryimage\"},\"thumbnailUrl\":\"https:\/\/vosgesinfo.fr\/app\/uploads\/sites\/6\/2026\/03\/montagne-gerardmer-vosges-2.jpg\",\"datePublished\":\"2026-03-16T17:55:36+00:00\",\"dateModified\":\"2026-03-16T17:35:34+00:00\",\"breadcrumb\":{\"@id\":\"https:\/\/vosgesinfo.fr\/gerardmerinfo\/2026\/03\/quels-projets-participatifs-pour-gerardmer-entre-elus-associations-et-citoyens\/#breadcrumb\"},\"inLanguage\":\"fr-FR\",\"potentialAction\":[{\"@type\":\"ReadAction\",\"target\":[\"https:\/\/vosgesinfo.fr\/gerardmerinfo\/2026\/03\/quels-projets-participatifs-pour-gerardmer-entre-elus-associations-et-citoyens\/\"]}]},{\"@type\":\"ImageObject\",\"inLanguage\":\"fr-FR\",\"@id\":\"https:\/\/vosgesinfo.fr\/gerardmerinfo\/2026\/03\/quels-projets-participatifs-pour-gerardmer-entre-elus-associations-et-citoyens\/#primaryimage\",\"url\":\"https:\/\/vosgesinfo.fr\/app\/uploads\/sites\/6\/2026\/03\/montagne-gerardmer-vosges-2.jpg\",\"contentUrl\":\"https:\/\/vosgesinfo.fr\/app\/uploads\/sites\/6\/2026\/03\/montagne-gerardmer-vosges-2.jpg\",\"width\":1920,\"height\":864},{\"@type\":\"BreadcrumbList\",\"@id\":\"https:\/\/vosgesinfo.fr\/gerardmerinfo\/2026\/03\/quels-projets-participatifs-pour-gerardmer-entre-elus-associations-et-citoyens\/#breadcrumb\",\"itemListElement\":[{\"@type\":\"ListItem\",\"position\":1,\"name\":\"Home\",\"item\":\"https:\/\/vosgesinfo.fr\/gerardmerinfo\/\"},{\"@type\":\"ListItem\",\"position\":2,\"name\":\"Quels projets participatifs pour G\u00e9rardmer, entre \u00e9lus, associations et citoyens ?\"}]},{\"@type\":\"WebSite\",\"@id\":\"https:\/\/vosgesinfo.fr\/gerardmerinfo\/#website\",\"url\":\"https:\/\/vosgesinfo.fr\/gerardmerinfo\/\",\"name\":\"Gerardmer Info\",\"description\":\"Toute l&#039;actualit\u00e9 de G\u00e9rardmer\",\"publisher\":{\"@id\":\"https:\/\/vosgesinfo.fr\/gerardmerinfo\/#organization\"},\"alternateName\":\"Toute l'actualit\u00e9 de G\u00e9rardmer\",\"potentialAction\":[{\"@type\":\"SearchAction\",\"target\":{\"@type\":\"EntryPoint\",\"urlTemplate\":\"https:\/\/vosgesinfo.fr\/gerardmerinfo\/?s={search_term_string}\"},\"query-input\":\"required name=search_term_string\"}],\"inLanguage\":\"fr-FR\"},{\"@type\":\"Organization\",\"@id\":\"https:\/\/vosgesinfo.fr\/gerardmerinfo\/#organization\",\"name\":\"Gerardmer Info\",\"url\":\"https:\/\/vosgesinfo.fr\/gerardmerinfo\/\",\"logo\":{\"@type\":\"ImageObject\",\"inLanguage\":\"fr-FR\",\"@id\":\"https:\/\/vosgesinfo.fr\/gerardmerinfo\/#\/schema\/logo\/image\/\",\"url\":\"https:\/\/vosgesinfo.fr\/app\/uploads\/sites\/6\/2023\/08\/favicon-gerardmerinfo.png\",\"contentUrl\":\"https:\/\/vosgesinfo.fr\/app\/uploads\/sites\/6\/2023\/08\/favicon-gerardmerinfo.png\",\"width\":512,\"height\":512,\"caption\":\"Gerardmer Info\"},\"image\":{\"@id\":\"https:\/\/vosgesinfo.fr\/gerardmerinfo\/#\/schema\/logo\/image\/\"},\"sameAs\":[\"https:\/\/www.facebook.com\/profile.php?id=100049475262660\",\"https:\/\/x.com\/VosgesInfo88\",\"https:\/\/www.youtube.com\/@vosgesinfo\"]},{\"@type\":\"Person\",\"@id\":\"https:\/\/vosgesinfo.fr\/gerardmerinfo\/#\/schema\/person\/27a3695b06db98895b354c0765cdfc31\",\"name\":\"La redaction\",\"image\":{\"@type\":\"ImageObject\",\"inLanguage\":\"fr-FR\",\"@id\":\"https:\/\/vosgesinfo.fr\/gerardmerinfo\/#\/schema\/person\/image\/\",\"url\":\"https:\/\/secure.gravatar.com\/avatar\/64c76a78e501cedee55736f43f332df901e1896ae9cd8fad269ae2236dd0e8b6?s=96&d=mm&r=g\",\"contentUrl\":\"https:\/\/secure.gravatar.com\/avatar\/64c76a78e501cedee55736f43f332df901e1896ae9cd8fad269ae2236dd0e8b6?s=96&d=mm&r=g\",\"caption\":\"La redaction\"},\"url\":\"https:\/\/vosgesinfo.fr\/gerardmerinfo\/author\/la-redaction\/\"}]}<\/script>\n<!-- \/ Yoast SEO plugin. -->","yoast_head_json":{"title":"Quels projets participatifs pour G\u00e9rardmer, entre \u00e9lus, associations et citoyens ? - Gerardmer Info","robots":{"index":"index","follow":"follow","max-snippet":"max-snippet:-1","max-image-preview":"max-image-preview:large","max-video-preview":"max-video-preview:-1"},"canonical":"https:\/\/vosgesinfo.fr\/gerardmerinfo\/2026\/03\/quels-projets-participatifs-pour-gerardmer-entre-elus-associations-et-citoyens\/","twitter_card":"summary_large_image","twitter_title":"Quels projets participatifs pour G\u00e9rardmer, entre \u00e9lus, associations et citoyens ? - Gerardmer Info","twitter_description":"Le collectif Hautes Vosges 2050\u00a0regroupe plusieurs repr\u00e9sentants d&rsquo;associations et des citoyens, tous int\u00e9ress\u00e9s par l&rsquo;id\u00e9e d&rsquo;agir ensemble pour \u00ab\u00a0concilier montagne [&hellip;]","twitter_image":"https:\/\/vosgesinfo.fr\/app\/uploads\/sites\/6\/2026\/03\/montagne-gerardmer-vosges-2.jpg","twitter_creator":"@VosgesInfo88","twitter_site":"@VosgesInfo88","twitter_misc":{"\u00c9crit par":"La redaction","Dur\u00e9e de lecture estim\u00e9e":"7 minutes"},"schema":{"@context":"https:\/\/schema.org","@graph":[{"@type":"Article","@id":"https:\/\/vosgesinfo.fr\/gerardmerinfo\/2026\/03\/quels-projets-participatifs-pour-gerardmer-entre-elus-associations-et-citoyens\/#article","isPartOf":{"@id":"https:\/\/vosgesinfo.fr\/gerardmerinfo\/2026\/03\/quels-projets-participatifs-pour-gerardmer-entre-elus-associations-et-citoyens\/"},"author":{"name":"La redaction","@id":"https:\/\/vosgesinfo.fr\/gerardmerinfo\/#\/schema\/person\/27a3695b06db98895b354c0765cdfc31"},"headline":"Quels projets participatifs pour G\u00e9rardmer, entre \u00e9lus, associations et citoyens ?","datePublished":"2026-03-16T17:55:36+00:00","dateModified":"2026-03-16T17:35:34+00:00","mainEntityOfPage":{"@id":"https:\/\/vosgesinfo.fr\/gerardmerinfo\/2026\/03\/quels-projets-participatifs-pour-gerardmer-entre-elus-associations-et-citoyens\/"},"wordCount":1386,"publisher":{"@id":"https:\/\/vosgesinfo.fr\/gerardmerinfo\/#organization"},"image":{"@id":"https:\/\/vosgesinfo.fr\/gerardmerinfo\/2026\/03\/quels-projets-participatifs-pour-gerardmer-entre-elus-associations-et-citoyens\/#primaryimage"},"thumbnailUrl":"https:\/\/vosgesinfo.fr\/app\/uploads\/sites\/6\/2026\/03\/montagne-gerardmer-vosges-2.jpg","keywords":["Hautes Vosges 2050","Mountain Wilderness France"],"articleSection":["A la une","Environnement","Gerardmer","Politique"],"inLanguage":"fr-FR"},{"@type":"WebPage","@id":"https:\/\/vosgesinfo.fr\/gerardmerinfo\/2026\/03\/quels-projets-participatifs-pour-gerardmer-entre-elus-associations-et-citoyens\/","url":"https:\/\/vosgesinfo.fr\/gerardmerinfo\/2026\/03\/quels-projets-participatifs-pour-gerardmer-entre-elus-associations-et-citoyens\/","name":"Quels projets participatifs pour G\u00e9rardmer, entre \u00e9lus, associations et citoyens ? - Gerardmer Info","isPartOf":{"@id":"https:\/\/vosgesinfo.fr\/gerardmerinfo\/#website"},"primaryImageOfPage":{"@id":"https:\/\/vosgesinfo.fr\/gerardmerinfo\/2026\/03\/quels-projets-participatifs-pour-gerardmer-entre-elus-associations-et-citoyens\/#primaryimage"},"image":{"@id":"https:\/\/vosgesinfo.fr\/gerardmerinfo\/2026\/03\/quels-projets-participatifs-pour-gerardmer-entre-elus-associations-et-citoyens\/#primaryimage"},"thumbnailUrl":"https:\/\/vosgesinfo.fr\/app\/uploads\/sites\/6\/2026\/03\/montagne-gerardmer-vosges-2.jpg","datePublished":"2026-03-16T17:55:36+00:00","dateModified":"2026-03-16T17:35:34+00:00","breadcrumb":{"@id":"https:\/\/vosgesinfo.fr\/gerardmerinfo\/2026\/03\/quels-projets-participatifs-pour-gerardmer-entre-elus-associations-et-citoyens\/#breadcrumb"},"inLanguage":"fr-FR","potentialAction":[{"@type":"ReadAction","target":["https:\/\/vosgesinfo.fr\/gerardmerinfo\/2026\/03\/quels-projets-participatifs-pour-gerardmer-entre-elus-associations-et-citoyens\/"]}]},{"@type":"ImageObject","inLanguage":"fr-FR","@id":"https:\/\/vosgesinfo.fr\/gerardmerinfo\/2026\/03\/quels-projets-participatifs-pour-gerardmer-entre-elus-associations-et-citoyens\/#primaryimage","url":"https:\/\/vosgesinfo.fr\/app\/uploads\/sites\/6\/2026\/03\/montagne-gerardmer-vosges-2.jpg","contentUrl":"https:\/\/vosgesinfo.fr\/app\/uploads\/sites\/6\/2026\/03\/montagne-gerardmer-vosges-2.jpg","width":1920,"height":864},{"@type":"BreadcrumbList","@id":"https:\/\/vosgesinfo.fr\/gerardmerinfo\/2026\/03\/quels-projets-participatifs-pour-gerardmer-entre-elus-associations-et-citoyens\/#breadcrumb","itemListElement":[{"@type":"ListItem","position":1,"name":"Home","item":"https:\/\/vosgesinfo.fr\/gerardmerinfo\/"},{"@type":"ListItem","position":2,"name":"Quels projets participatifs pour G\u00e9rardmer, entre \u00e9lus, associations et citoyens ?"}]},{"@type":"WebSite","@id":"https:\/\/vosgesinfo.fr\/gerardmerinfo\/#website","url":"https:\/\/vosgesinfo.fr\/gerardmerinfo\/","name":"Gerardmer Info","description":"Toute l&#039;actualit\u00e9 de G\u00e9rardmer","publisher":{"@id":"https:\/\/vosgesinfo.fr\/gerardmerinfo\/#organization"},"alternateName":"Toute l'actualit\u00e9 de G\u00e9rardmer","potentialAction":[{"@type":"SearchAction","target":{"@type":"EntryPoint","urlTemplate":"https:\/\/vosgesinfo.fr\/gerardmerinfo\/?s={search_term_string}"},"query-input":"required name=search_term_string"}],"inLanguage":"fr-FR"},{"@type":"Organization","@id":"https:\/\/vosgesinfo.fr\/gerardmerinfo\/#organization","name":"Gerardmer Info","url":"https:\/\/vosgesinfo.fr\/gerardmerinfo\/","logo":{"@type":"ImageObject","inLanguage":"fr-FR","@id":"https:\/\/vosgesinfo.fr\/gerardmerinfo\/#\/schema\/logo\/image\/","url":"https:\/\/vosgesinfo.fr\/app\/uploads\/sites\/6\/2023\/08\/favicon-gerardmerinfo.png","contentUrl":"https:\/\/vosgesinfo.fr\/app\/uploads\/sites\/6\/2023\/08\/favicon-gerardmerinfo.png","width":512,"height":512,"caption":"Gerardmer Info"},"image":{"@id":"https:\/\/vosgesinfo.fr\/gerardmerinfo\/#\/schema\/logo\/image\/"},"sameAs":["https:\/\/www.facebook.com\/profile.php?id=100049475262660","https:\/\/x.com\/VosgesInfo88","https:\/\/www.youtube.com\/@vosgesinfo"]},{"@type":"Person","@id":"https:\/\/vosgesinfo.fr\/gerardmerinfo\/#\/schema\/person\/27a3695b06db98895b354c0765cdfc31","name":"La redaction","image":{"@type":"ImageObject","inLanguage":"fr-FR","@id":"https:\/\/vosgesinfo.fr\/gerardmerinfo\/#\/schema\/person\/image\/","url":"https:\/\/secure.gravatar.com\/avatar\/64c76a78e501cedee55736f43f332df901e1896ae9cd8fad269ae2236dd0e8b6?s=96&d=mm&r=g","contentUrl":"https:\/\/secure.gravatar.com\/avatar\/64c76a78e501cedee55736f43f332df901e1896ae9cd8fad269ae2236dd0e8b6?s=96&d=mm&r=g","caption":"La redaction"},"url":"https:\/\/vosgesinfo.fr\/gerardmerinfo\/author\/la-redaction\/"}]}},"_links":{"self":[{"href":"https:\/\/vosgesinfo.fr\/gerardmerinfo\/wp-json\/wp\/v2\/posts\/89134","targetHints":{"allow":["GET"]}}],"collection":[{"href":"https:\/\/vosgesinfo.fr\/gerardmerinfo\/wp-json\/wp\/v2\/posts"}],"about":[{"href":"https:\/\/vosgesinfo.fr\/gerardmerinfo\/wp-json\/wp\/v2\/types\/post"}],"author":[{"embeddable":true,"href":"https:\/\/vosgesinfo.fr\/gerardmerinfo\/wp-json\/wp\/v2\/users\/391"}],"replies":[{"embeddable":true,"href":"https:\/\/vosgesinfo.fr\/gerardmerinfo\/wp-json\/wp\/v2\/comments?post=89134"}],"version-history":[{"count":1,"href":"https:\/\/vosgesinfo.fr\/gerardmerinfo\/wp-json\/wp\/v2\/posts\/89134\/revisions"}],"predecessor-version":[{"id":89138,"href":"https:\/\/vosgesinfo.fr\/gerardmerinfo\/wp-json\/wp\/v2\/posts\/89134\/revisions\/89138"}],"wp:featuredmedia":[{"embeddable":true,"href":"https:\/\/vosgesinfo.fr\/gerardmerinfo\/wp-json\/wp\/v2\/media\/89136"}],"wp:attachment":[{"href":"https:\/\/vosgesinfo.fr\/gerardmerinfo\/wp-json\/wp\/v2\/media?parent=89134"}],"wp:term":[{"taxonomy":"category","embeddable":true,"href":"https:\/\/vosgesinfo.fr\/gerardmerinfo\/wp-json\/wp\/v2\/categories?post=89134"},{"taxonomy":"post_tag","embeddable":true,"href":"https:\/\/vosgesinfo.fr\/gerardmerinfo\/wp-json\/wp\/v2\/tags?post=89134"}],"curies":[{"name":"wp","href":"https:\/\/api.w.org\/{rel}","templated":true}]}}