{"id":89139,"date":"2026-03-17T05:59:39","date_gmt":"2026-03-17T04:59:39","guid":{"rendered":"https:\/\/vosgesinfo.fr\/gerardmerinfo\/?p=89139"},"modified":"2026-03-16T19:55:55","modified_gmt":"2026-03-16T18:55:55","slug":"retrospective-du-projet-transition-verte-quel-avenir-pour-nos-moyennes-montagnes","status":"publish","type":"post","link":"https:\/\/vosgesinfo.fr\/gerardmerinfo\/2026\/03\/retrospective-du-projet-transition-verte-quel-avenir-pour-nos-moyennes-montagnes\/","title":{"rendered":"R\u00e9trospective du projet \u00ab\u00a0Transition Verte, quel avenir pour nos moyennes montagnes ?\u00a0\u00bb"},"content":{"rendered":"<h3>Bastien et Gabin organisent une soir\u00e9e suite \u00e0 leur p\u00e9riple en v\u00e9lo \u00ab\u00a0Transition Verte &#8211; Quel avenir pour nos moyennes montagnes ?\u00a0\u00bb o\u00f9 ils sont partis de G\u00e9rardmer (88) pour arriver \u00e0 Lamoura (39).<\/h3>\n<h3>Ils auront le plaisir de pr\u00e9senter leur vid\u00e9o r\u00e9trospective, qui sera ensuite suivie d&rsquo;un temps d&rsquo;\u00e9change.<\/h3>\n<div><\/div>\n<div>Cette r\u00e9trospective de leur p\u00e9riple aura lieu :<\/div>\n<div><b>Le vendredi 20 mars \u00e0 19h30<\/b><\/div>\n<div><b>A la Maison de la Culture et des Loisirs<\/b><\/div>\n<div><b>\u00c0 G\u00e9rardmer\u00a0<\/b><\/div>\n<div><a href=\"https:\/\/vosgesinfo.fr\/app\/uploads\/sites\/6\/2026\/03\/20-mars-2026-soiree-transition-verte.jpg\"><img decoding=\"async\" class=\"aligncenter size-large wp-image-89140\" src=\"https:\/\/vosgesinfo.fr\/app\/uploads\/sites\/6\/2026\/03\/20-mars-2026-soiree-transition-verte-683x1024.jpg\" alt=\"\" width=\"683\" height=\"1024\" srcset=\"https:\/\/vosgesinfo.fr\/app\/uploads\/sites\/6\/2026\/03\/20-mars-2026-soiree-transition-verte-683x1024.jpg 683w, https:\/\/vosgesinfo.fr\/app\/uploads\/sites\/6\/2026\/03\/20-mars-2026-soiree-transition-verte-200x300.jpg 200w, https:\/\/vosgesinfo.fr\/app\/uploads\/sites\/6\/2026\/03\/20-mars-2026-soiree-transition-verte.jpg 720w\" sizes=\"(max-width: 683px) 100vw, 683px\" \/><\/a><\/div>\n","protected":false},"excerpt":{"rendered":"<p>Bastien et Gabin organisent une soir\u00e9e suite \u00e0 leur p\u00e9riple en v\u00e9lo \u00ab\u00a0Transition Verte &#8211; Quel avenir pour nos moyennes [&hellip;]<\/p>\n","protected":false},"author":391,"featured_media":89140,"comment_status":"open","ping_status":"open","sticky":false,"template":"","format":"standard","meta":{"footnotes":""},"categories":[20,7,5647],"tags":[7358],"class_list":["post-89139","post","type-post","status-publish","format-standard","has-post-thumbnail","hentry","category-a-la-une","category-environnement","category-gerardmer-autres-sites","tag-transition-verte"],"acf":[],"yoast_head":"<!-- This site is optimized with the Yoast SEO plugin v22.5 - https:\/\/yoast.com\/wordpress\/plugins\/seo\/ -->\n<title>R\u00e9trospective du projet &quot;Transition Verte, quel avenir pour nos moyennes montagnes ?&quot; - Gerardmer Info<\/title>\n<meta name=\"robots\" content=\"index, follow, max-snippet:-1, max-image-preview:large, max-video-preview:-1\" \/>\n<link rel=\"canonical\" href=\"https:\/\/vosgesinfo.fr\/gerardmerinfo\/2026\/03\/retrospective-du-projet-transition-verte-quel-avenir-pour-nos-moyennes-montagnes\/\" \/>\n<meta name=\"twitter:card\" content=\"summary_large_image\" \/>\n<meta name=\"twitter:title\" content=\"R\u00e9trospective du projet &quot;Transition Verte, quel avenir pour nos moyennes montagnes ?&quot; - Gerardmer Info\" \/>\n<meta name=\"twitter:description\" content=\"Bastien et Gabin organisent une soir\u00e9e suite \u00e0 leur p\u00e9riple en v\u00e9lo \u00ab\u00a0Transition Verte &#8211; Quel avenir pour nos moyennes [&hellip;]\" \/>\n<meta name=\"twitter:image\" content=\"https:\/\/vosgesinfo.fr\/app\/uploads\/sites\/6\/2026\/03\/20-mars-2026-soiree-transition-verte.jpg\" \/>\n<meta name=\"twitter:creator\" content=\"@VosgesInfo88\" \/>\n<meta name=\"twitter:site\" content=\"@VosgesInfo88\" \/>\n<meta name=\"twitter:label1\" content=\"\u00c9crit par\" \/>\n\t<meta name=\"twitter:data1\" content=\"La redaction\" \/>\n\t<meta name=\"twitter:label2\" content=\"Dur\u00e9e de lecture estim\u00e9e\" \/>\n\t<meta name=\"twitter:data2\" content=\"1 minute\" \/>\n<script type=\"application\/ld+json\" class=\"yoast-schema-graph\">{\"@context\":\"https:\/\/schema.org\",\"@graph\":[{\"@type\":\"Article\",\"@id\":\"https:\/\/vosgesinfo.fr\/gerardmerinfo\/2026\/03\/retrospective-du-projet-transition-verte-quel-avenir-pour-nos-moyennes-montagnes\/#article\",\"isPartOf\":{\"@id\":\"https:\/\/vosgesinfo.fr\/gerardmerinfo\/2026\/03\/retrospective-du-projet-transition-verte-quel-avenir-pour-nos-moyennes-montagnes\/\"},\"author\":{\"name\":\"La redaction\",\"@id\":\"https:\/\/vosgesinfo.fr\/gerardmerinfo\/#\/schema\/person\/27a3695b06db98895b354c0765cdfc31\"},\"headline\":\"R\u00e9trospective du projet \u00ab\u00a0Transition Verte, quel avenir pour nos moyennes montagnes ?\u00a0\u00bb\",\"datePublished\":\"2026-03-17T04:59:39+00:00\",\"dateModified\":\"2026-03-16T18:55:55+00:00\",\"mainEntityOfPage\":{\"@id\":\"https:\/\/vosgesinfo.fr\/gerardmerinfo\/2026\/03\/retrospective-du-projet-transition-verte-quel-avenir-pour-nos-moyennes-montagnes\/\"},\"wordCount\":90,\"commentCount\":0,\"publisher\":{\"@id\":\"https:\/\/vosgesinfo.fr\/gerardmerinfo\/#organization\"},\"image\":{\"@id\":\"https:\/\/vosgesinfo.fr\/gerardmerinfo\/2026\/03\/retrospective-du-projet-transition-verte-quel-avenir-pour-nos-moyennes-montagnes\/#primaryimage\"},\"thumbnailUrl\":\"https:\/\/vosgesinfo.fr\/app\/uploads\/sites\/6\/2026\/03\/20-mars-2026-soiree-transition-verte.jpg\",\"keywords\":[\"Transition Verte\"],\"articleSection\":[\"A la une\",\"Environnement\",\"Gerardmer\"],\"inLanguage\":\"fr-FR\",\"potentialAction\":[{\"@type\":\"CommentAction\",\"name\":\"Comment\",\"target\":[\"https:\/\/vosgesinfo.fr\/gerardmerinfo\/2026\/03\/retrospective-du-projet-transition-verte-quel-avenir-pour-nos-moyennes-montagnes\/#respond\"]}]},{\"@type\":\"WebPage\",\"@id\":\"https:\/\/vosgesinfo.fr\/gerardmerinfo\/2026\/03\/retrospective-du-projet-transition-verte-quel-avenir-pour-nos-moyennes-montagnes\/\",\"url\":\"https:\/\/vosgesinfo.fr\/gerardmerinfo\/2026\/03\/retrospective-du-projet-transition-verte-quel-avenir-pour-nos-moyennes-montagnes\/\",\"name\":\"R\u00e9trospective du projet \\\"Transition Verte, quel avenir pour nos moyennes montagnes ?\\\" - Gerardmer Info\",\"isPartOf\":{\"@id\":\"https:\/\/vosgesinfo.fr\/gerardmerinfo\/#website\"},\"primaryImageOfPage\":{\"@id\":\"https:\/\/vosgesinfo.fr\/gerardmerinfo\/2026\/03\/retrospective-du-projet-transition-verte-quel-avenir-pour-nos-moyennes-montagnes\/#primaryimage\"},\"image\":{\"@id\":\"https:\/\/vosgesinfo.fr\/gerardmerinfo\/2026\/03\/retrospective-du-projet-transition-verte-quel-avenir-pour-nos-moyennes-montagnes\/#primaryimage\"},\"thumbnailUrl\":\"https:\/\/vosgesinfo.fr\/app\/uploads\/sites\/6\/2026\/03\/20-mars-2026-soiree-transition-verte.jpg\",\"datePublished\":\"2026-03-17T04:59:39+00:00\",\"dateModified\":\"2026-03-16T18:55:55+00:00\",\"breadcrumb\":{\"@id\":\"https:\/\/vosgesinfo.fr\/gerardmerinfo\/2026\/03\/retrospective-du-projet-transition-verte-quel-avenir-pour-nos-moyennes-montagnes\/#breadcrumb\"},\"inLanguage\":\"fr-FR\",\"potentialAction\":[{\"@type\":\"ReadAction\",\"target\":[\"https:\/\/vosgesinfo.fr\/gerardmerinfo\/2026\/03\/retrospective-du-projet-transition-verte-quel-avenir-pour-nos-moyennes-montagnes\/\"]}]},{\"@type\":\"ImageObject\",\"inLanguage\":\"fr-FR\",\"@id\":\"https:\/\/vosgesinfo.fr\/gerardmerinfo\/2026\/03\/retrospective-du-projet-transition-verte-quel-avenir-pour-nos-moyennes-montagnes\/#primaryimage\",\"url\":\"https:\/\/vosgesinfo.fr\/app\/uploads\/sites\/6\/2026\/03\/20-mars-2026-soiree-transition-verte.jpg\",\"contentUrl\":\"https:\/\/vosgesinfo.fr\/app\/uploads\/sites\/6\/2026\/03\/20-mars-2026-soiree-transition-verte.jpg\",\"width\":720,\"height\":1080},{\"@type\":\"BreadcrumbList\",\"@id\":\"https:\/\/vosgesinfo.fr\/gerardmerinfo\/2026\/03\/retrospective-du-projet-transition-verte-quel-avenir-pour-nos-moyennes-montagnes\/#breadcrumb\",\"itemListElement\":[{\"@type\":\"ListItem\",\"position\":1,\"name\":\"Home\",\"item\":\"https:\/\/vosgesinfo.fr\/gerardmerinfo\/\"},{\"@type\":\"ListItem\",\"position\":2,\"name\":\"R\u00e9trospective du projet \u00ab\u00a0Transition Verte, quel avenir pour nos moyennes montagnes ?\u00a0\u00bb\"}]},{\"@type\":\"WebSite\",\"@id\":\"https:\/\/vosgesinfo.fr\/gerardmerinfo\/#website\",\"url\":\"https:\/\/vosgesinfo.fr\/gerardmerinfo\/\",\"name\":\"Gerardmer Info\",\"description\":\"Toute l&#039;actualit\u00e9 de G\u00e9rardmer\",\"publisher\":{\"@id\":\"https:\/\/vosgesinfo.fr\/gerardmerinfo\/#organization\"},\"alternateName\":\"Toute l'actualit\u00e9 de G\u00e9rardmer\",\"potentialAction\":[{\"@type\":\"SearchAction\",\"target\":{\"@type\":\"EntryPoint\",\"urlTemplate\":\"https:\/\/vosgesinfo.fr\/gerardmerinfo\/?s={search_term_string}\"},\"query-input\":\"required name=search_term_string\"}],\"inLanguage\":\"fr-FR\"},{\"@type\":\"Organization\",\"@id\":\"https:\/\/vosgesinfo.fr\/gerardmerinfo\/#organization\",\"name\":\"Gerardmer Info\",\"url\":\"https:\/\/vosgesinfo.fr\/gerardmerinfo\/\",\"logo\":{\"@type\":\"ImageObject\",\"inLanguage\":\"fr-FR\",\"@id\":\"https:\/\/vosgesinfo.fr\/gerardmerinfo\/#\/schema\/logo\/image\/\",\"url\":\"https:\/\/vosgesinfo.fr\/app\/uploads\/sites\/6\/2023\/08\/favicon-gerardmerinfo.png\",\"contentUrl\":\"https:\/\/vosgesinfo.fr\/app\/uploads\/sites\/6\/2023\/08\/favicon-gerardmerinfo.png\",\"width\":512,\"height\":512,\"caption\":\"Gerardmer Info\"},\"image\":{\"@id\":\"https:\/\/vosgesinfo.fr\/gerardmerinfo\/#\/schema\/logo\/image\/\"},\"sameAs\":[\"https:\/\/www.facebook.com\/profile.php?id=100049475262660\",\"https:\/\/x.com\/VosgesInfo88\",\"https:\/\/www.youtube.com\/@vosgesinfo\"]},{\"@type\":\"Person\",\"@id\":\"https:\/\/vosgesinfo.fr\/gerardmerinfo\/#\/schema\/person\/27a3695b06db98895b354c0765cdfc31\",\"name\":\"La redaction\",\"image\":{\"@type\":\"ImageObject\",\"inLanguage\":\"fr-FR\",\"@id\":\"https:\/\/vosgesinfo.fr\/gerardmerinfo\/#\/schema\/person\/image\/\",\"url\":\"https:\/\/secure.gravatar.com\/avatar\/64c76a78e501cedee55736f43f332df901e1896ae9cd8fad269ae2236dd0e8b6?s=96&d=mm&r=g\",\"contentUrl\":\"https:\/\/secure.gravatar.com\/avatar\/64c76a78e501cedee55736f43f332df901e1896ae9cd8fad269ae2236dd0e8b6?s=96&d=mm&r=g\",\"caption\":\"La redaction\"},\"url\":\"https:\/\/vosgesinfo.fr\/gerardmerinfo\/author\/la-redaction\/\"}]}<\/script>\n<!-- \/ Yoast SEO plugin. -->","yoast_head_json":{"title":"R\u00e9trospective du projet \"Transition Verte, quel avenir pour nos moyennes montagnes ?\" - Gerardmer Info","robots":{"index":"index","follow":"follow","max-snippet":"max-snippet:-1","max-image-preview":"max-image-preview:large","max-video-preview":"max-video-preview:-1"},"canonical":"https:\/\/vosgesinfo.fr\/gerardmerinfo\/2026\/03\/retrospective-du-projet-transition-verte-quel-avenir-pour-nos-moyennes-montagnes\/","twitter_card":"summary_large_image","twitter_title":"R\u00e9trospective du projet \"Transition Verte, quel avenir pour nos moyennes montagnes ?\" - Gerardmer Info","twitter_description":"Bastien et Gabin organisent une soir\u00e9e suite \u00e0 leur p\u00e9riple en v\u00e9lo \u00ab\u00a0Transition Verte &#8211; Quel avenir pour nos moyennes [&hellip;]","twitter_image":"https:\/\/vosgesinfo.fr\/app\/uploads\/sites\/6\/2026\/03\/20-mars-2026-soiree-transition-verte.jpg","twitter_creator":"@VosgesInfo88","twitter_site":"@VosgesInfo88","twitter_misc":{"\u00c9crit par":"La redaction","Dur\u00e9e de lecture estim\u00e9e":"1 minute"},"schema":{"@context":"https:\/\/schema.org","@graph":[{"@type":"Article","@id":"https:\/\/vosgesinfo.fr\/gerardmerinfo\/2026\/03\/retrospective-du-projet-transition-verte-quel-avenir-pour-nos-moyennes-montagnes\/#article","isPartOf":{"@id":"https:\/\/vosgesinfo.fr\/gerardmerinfo\/2026\/03\/retrospective-du-projet-transition-verte-quel-avenir-pour-nos-moyennes-montagnes\/"},"author":{"name":"La redaction","@id":"https:\/\/vosgesinfo.fr\/gerardmerinfo\/#\/schema\/person\/27a3695b06db98895b354c0765cdfc31"},"headline":"R\u00e9trospective du projet \u00ab\u00a0Transition Verte, quel avenir pour nos moyennes montagnes ?\u00a0\u00bb","datePublished":"2026-03-17T04:59:39+00:00","dateModified":"2026-03-16T18:55:55+00:00","mainEntityOfPage":{"@id":"https:\/\/vosgesinfo.fr\/gerardmerinfo\/2026\/03\/retrospective-du-projet-transition-verte-quel-avenir-pour-nos-moyennes-montagnes\/"},"wordCount":90,"commentCount":0,"publisher":{"@id":"https:\/\/vosgesinfo.fr\/gerardmerinfo\/#organization"},"image":{"@id":"https:\/\/vosgesinfo.fr\/gerardmerinfo\/2026\/03\/retrospective-du-projet-transition-verte-quel-avenir-pour-nos-moyennes-montagnes\/#primaryimage"},"thumbnailUrl":"https:\/\/vosgesinfo.fr\/app\/uploads\/sites\/6\/2026\/03\/20-mars-2026-soiree-transition-verte.jpg","keywords":["Transition Verte"],"articleSection":["A la une","Environnement","Gerardmer"],"inLanguage":"fr-FR","potentialAction":[{"@type":"CommentAction","name":"Comment","target":["https:\/\/vosgesinfo.fr\/gerardmerinfo\/2026\/03\/retrospective-du-projet-transition-verte-quel-avenir-pour-nos-moyennes-montagnes\/#respond"]}]},{"@type":"WebPage","@id":"https:\/\/vosgesinfo.fr\/gerardmerinfo\/2026\/03\/retrospective-du-projet-transition-verte-quel-avenir-pour-nos-moyennes-montagnes\/","url":"https:\/\/vosgesinfo.fr\/gerardmerinfo\/2026\/03\/retrospective-du-projet-transition-verte-quel-avenir-pour-nos-moyennes-montagnes\/","name":"R\u00e9trospective du projet \"Transition Verte, quel avenir pour nos moyennes montagnes ?\" - Gerardmer Info","isPartOf":{"@id":"https:\/\/vosgesinfo.fr\/gerardmerinfo\/#website"},"primaryImageOfPage":{"@id":"https:\/\/vosgesinfo.fr\/gerardmerinfo\/2026\/03\/retrospective-du-projet-transition-verte-quel-avenir-pour-nos-moyennes-montagnes\/#primaryimage"},"image":{"@id":"https:\/\/vosgesinfo.fr\/gerardmerinfo\/2026\/03\/retrospective-du-projet-transition-verte-quel-avenir-pour-nos-moyennes-montagnes\/#primaryimage"},"thumbnailUrl":"https:\/\/vosgesinfo.fr\/app\/uploads\/sites\/6\/2026\/03\/20-mars-2026-soiree-transition-verte.jpg","datePublished":"2026-03-17T04:59:39+00:00","dateModified":"2026-03-16T18:55:55+00:00","breadcrumb":{"@id":"https:\/\/vosgesinfo.fr\/gerardmerinfo\/2026\/03\/retrospective-du-projet-transition-verte-quel-avenir-pour-nos-moyennes-montagnes\/#breadcrumb"},"inLanguage":"fr-FR","potentialAction":[{"@type":"ReadAction","target":["https:\/\/vosgesinfo.fr\/gerardmerinfo\/2026\/03\/retrospective-du-projet-transition-verte-quel-avenir-pour-nos-moyennes-montagnes\/"]}]},{"@type":"ImageObject","inLanguage":"fr-FR","@id":"https:\/\/vosgesinfo.fr\/gerardmerinfo\/2026\/03\/retrospective-du-projet-transition-verte-quel-avenir-pour-nos-moyennes-montagnes\/#primaryimage","url":"https:\/\/vosgesinfo.fr\/app\/uploads\/sites\/6\/2026\/03\/20-mars-2026-soiree-transition-verte.jpg","contentUrl":"https:\/\/vosgesinfo.fr\/app\/uploads\/sites\/6\/2026\/03\/20-mars-2026-soiree-transition-verte.jpg","width":720,"height":1080},{"@type":"BreadcrumbList","@id":"https:\/\/vosgesinfo.fr\/gerardmerinfo\/2026\/03\/retrospective-du-projet-transition-verte-quel-avenir-pour-nos-moyennes-montagnes\/#breadcrumb","itemListElement":[{"@type":"ListItem","position":1,"name":"Home","item":"https:\/\/vosgesinfo.fr\/gerardmerinfo\/"},{"@type":"ListItem","position":2,"name":"R\u00e9trospective du projet \u00ab\u00a0Transition Verte, quel avenir pour nos moyennes montagnes ?\u00a0\u00bb"}]},{"@type":"WebSite","@id":"https:\/\/vosgesinfo.fr\/gerardmerinfo\/#website","url":"https:\/\/vosgesinfo.fr\/gerardmerinfo\/","name":"Gerardmer Info","description":"Toute l&#039;actualit\u00e9 de G\u00e9rardmer","publisher":{"@id":"https:\/\/vosgesinfo.fr\/gerardmerinfo\/#organization"},"alternateName":"Toute l'actualit\u00e9 de G\u00e9rardmer","potentialAction":[{"@type":"SearchAction","target":{"@type":"EntryPoint","urlTemplate":"https:\/\/vosgesinfo.fr\/gerardmerinfo\/?s={search_term_string}"},"query-input":"required name=search_term_string"}],"inLanguage":"fr-FR"},{"@type":"Organization","@id":"https:\/\/vosgesinfo.fr\/gerardmerinfo\/#organization","name":"Gerardmer Info","url":"https:\/\/vosgesinfo.fr\/gerardmerinfo\/","logo":{"@type":"ImageObject","inLanguage":"fr-FR","@id":"https:\/\/vosgesinfo.fr\/gerardmerinfo\/#\/schema\/logo\/image\/","url":"https:\/\/vosgesinfo.fr\/app\/uploads\/sites\/6\/2023\/08\/favicon-gerardmerinfo.png","contentUrl":"https:\/\/vosgesinfo.fr\/app\/uploads\/sites\/6\/2023\/08\/favicon-gerardmerinfo.png","width":512,"height":512,"caption":"Gerardmer Info"},"image":{"@id":"https:\/\/vosgesinfo.fr\/gerardmerinfo\/#\/schema\/logo\/image\/"},"sameAs":["https:\/\/www.facebook.com\/profile.php?id=100049475262660","https:\/\/x.com\/VosgesInfo88","https:\/\/www.youtube.com\/@vosgesinfo"]},{"@type":"Person","@id":"https:\/\/vosgesinfo.fr\/gerardmerinfo\/#\/schema\/person\/27a3695b06db98895b354c0765cdfc31","name":"La redaction","image":{"@type":"ImageObject","inLanguage":"fr-FR","@id":"https:\/\/vosgesinfo.fr\/gerardmerinfo\/#\/schema\/person\/image\/","url":"https:\/\/secure.gravatar.com\/avatar\/64c76a78e501cedee55736f43f332df901e1896ae9cd8fad269ae2236dd0e8b6?s=96&d=mm&r=g","contentUrl":"https:\/\/secure.gravatar.com\/avatar\/64c76a78e501cedee55736f43f332df901e1896ae9cd8fad269ae2236dd0e8b6?s=96&d=mm&r=g","caption":"La redaction"},"url":"https:\/\/vosgesinfo.fr\/gerardmerinfo\/author\/la-redaction\/"}]}},"_links":{"self":[{"href":"https:\/\/vosgesinfo.fr\/gerardmerinfo\/wp-json\/wp\/v2\/posts\/89139","targetHints":{"allow":["GET"]}}],"collection":[{"href":"https:\/\/vosgesinfo.fr\/gerardmerinfo\/wp-json\/wp\/v2\/posts"}],"about":[{"href":"https:\/\/vosgesinfo.fr\/gerardmerinfo\/wp-json\/wp\/v2\/types\/post"}],"author":[{"embeddable":true,"href":"https:\/\/vosgesinfo.fr\/gerardmerinfo\/wp-json\/wp\/v2\/users\/391"}],"replies":[{"embeddable":true,"href":"https:\/\/vosgesinfo.fr\/gerardmerinfo\/wp-json\/wp\/v2\/comments?post=89139"}],"version-history":[{"count":4,"href":"https:\/\/vosgesinfo.fr\/gerardmerinfo\/wp-json\/wp\/v2\/posts\/89139\/revisions"}],"predecessor-version":[{"id":89146,"href":"https:\/\/vosgesinfo.fr\/gerardmerinfo\/wp-json\/wp\/v2\/posts\/89139\/revisions\/89146"}],"wp:featuredmedia":[{"embeddable":true,"href":"https:\/\/vosgesinfo.fr\/gerardmerinfo\/wp-json\/wp\/v2\/media\/89140"}],"wp:attachment":[{"href":"https:\/\/vosgesinfo.fr\/gerardmerinfo\/wp-json\/wp\/v2\/media?parent=89139"}],"wp:term":[{"taxonomy":"category","embeddable":true,"href":"https:\/\/vosgesinfo.fr\/gerardmerinfo\/wp-json\/wp\/v2\/categories?post=89139"},{"taxonomy":"post_tag","embeddable":true,"href":"https:\/\/vosgesinfo.fr\/gerardmerinfo\/wp-json\/wp\/v2\/tags?post=89139"}],"curies":[{"name":"wp","href":"https:\/\/api.w.org\/{rel}","templated":true}]}}