{"id":89142,"date":"2026-03-16T19:22:22","date_gmt":"2026-03-16T18:22:22","guid":{"rendered":"https:\/\/vosgesinfo.fr\/gerardmerinfo\/2026\/03\/guide-michelin-2026-les-vosges-brillent-avec-une-nouvelle-table-etoilee\/"},"modified":"2026-03-16T19:22:22","modified_gmt":"2026-03-16T18:22:22","slug":"guide-michelin-2026-les-vosges-brillent-avec-une-nouvelle-table-etoilee","status":"publish","type":"post","link":"https:\/\/vosgesinfo.fr\/gerardmerinfo\/2026\/03\/guide-michelin-2026-les-vosges-brillent-avec-une-nouvelle-table-etoilee\/","title":{"rendered":"Guide Michelin 2026 : les Vosges brillent avec une nouvelle table \u00e9toil\u00e9e"},"content":{"rendered":"<div id=\"attachment_140655\" style=\"width: 1546px\" class=\"wp-caption aligncenter\"><a href=\"https:\/\/vosgesinfo.fr\/app\/uploads\/sites\/3\/2026\/03\/e6bdcddd-8c0b-414f-96dc-2020c82f4d3c.jpg\"><img decoding=\"async\" aria-describedby=\"caption-attachment-140655\" class=\"size-full wp-image-140655\" src=\"https:\/\/vosgesinfo.fr\/app\/uploads\/sites\/3\/2026\/03\/e6bdcddd-8c0b-414f-96dc-2020c82f4d3c.jpg\" alt=\"\" width=\"1536\" height=\"1024\" \/><\/a><p id=\"caption-attachment-140655\" class=\"wp-caption-text\">illustration<\/p><\/div>\n<h2 data-start=\"87\" data-end=\"498\"><strong>La c\u00e9r\u00e9monie du <span class=\"hover:entity-accent entity-underline inline cursor-pointer align-baseline\"><span class=\"whitespace-normal\">Guide Michelin<\/span><\/span> 2026, organis\u00e9e le 16 mars \u00e0 <span class=\"hover:entity-accent entity-underline inline cursor-pointer align-baseline\"><span class=\"whitespace-normal\">Monaco<\/span><\/span>, a une nouvelle fois mis en lumi\u00e8re la gastronomie du Grand Est. Si plusieurs restaurants lorrains ont \u00e9t\u00e9 distingu\u00e9s cette ann\u00e9e, les Vosges tirent particuli\u00e8rement leur \u00e9pingle du jeu avec une nouvelle \u00e9toile et la confirmation d\u2019une sc\u00e8ne culinaire de plus en plus dynamique.<\/strong><\/h2>\n<p data-start=\"500\" data-end=\"691\">Au total, la Lorraine compte d\u00e9sormais 14 restaurants une \u00e9toile, dont trois situ\u00e9s dans les Vosges, un d\u00e9partement qui continue de s\u00e9duire les inspecteurs du c\u00e9l\u00e8bre guide rouge.<\/p>\n<h3 data-section-id=\"1xceif3\" data-start=\"698\" data-end=\"752\">Ventron d\u00e9croche une \u00e9toile avec le restaurant Le M<\/h3>\n<p data-start=\"754\" data-end=\"926\">La grande nouveaut\u00e9 de cette \u00e9dition 2026 concerne les Vosges. Le restaurant Le M, install\u00e9 au c\u0153ur du Chalet Fr\u00e8re Joseph, obtient sa premi\u00e8re \u00e9toile Michelin.<\/p>\n<p data-start=\"928\" data-end=\"1226\">La table est port\u00e9e par le chef <span class=\"hover:entity-accent entity-underline inline cursor-pointer align-baseline\"><span class=\"whitespace-normal\">Benoit Potdevin<\/span><\/span>, d\u00e9j\u00e0 r\u00e9compens\u00e9 pour son travail au restaurant Le K, au sein du <span class=\"hover:entity-accent entity-underline inline cursor-pointer align-baseline\"><span class=\"whitespace-normal\">Domaine de la Klauss<\/span><\/span>. Sur place, la cuisine est orchestr\u00e9e au quotidien par le chef de site <span class=\"hover:entity-accent entity-underline inline cursor-pointer align-baseline\"><span class=\"whitespace-normal\">Maximilian Troebs<\/span><\/span>.<\/p>\n<p data-start=\"1228\" data-end=\"1511\">Dans ce cadre montagnard au c\u0153ur du massif vosgien, la cuisine met \u00e0 l\u2019honneur les produits de saison et l\u2019environnement naturel exceptionnel de la vall\u00e9e de Ventron. L\u2019\u00e9tablissement confirme ainsi la mont\u00e9e en gamme de l\u2019offre gastronomique dans les stations de montagne vosgiennes.<\/p>\n<h3 data-section-id=\"1qezz4z\" data-start=\"1518\" data-end=\"1574\">Les Vosges, un territoire gastronomique qui s\u2019affirme<\/h3>\n<p data-start=\"1576\" data-end=\"1669\">Avec cette nouvelle distinction, les Vosges comptent d\u00e9sormais trois restaurants \u00e9toil\u00e9s.<\/p>\n<p data-start=\"1671\" data-end=\"1852\">\u00c0 <span class=\"hover:entity-accent entity-underline inline cursor-pointer align-baseline\"><span class=\"whitespace-normal\">\u00c9pinal<\/span><\/span>, le restaurant Les Ducs de Lorraine continue de repr\u00e9senter une valeur s\u00fbre de la gastronomie locale, m\u00ealant tradition et cr\u00e9ativit\u00e9.<\/p>\n<p data-start=\"1854\" data-end=\"2037\">Dans la plaine vosgienne, le Restaurant Burnel conserve \u00e9galement son \u00e9toile, confirmant la r\u00e9gularit\u00e9 d\u2019une maison r\u00e9put\u00e9e pour sa cuisine \u00e9l\u00e9gante et son attachement au terroir.<\/p>\n<p data-start=\"2039\" data-end=\"2237\">Avec Le M, ces deux \u00e9tablissements forment d\u00e9sormais un trio \u00e9toil\u00e9 qui illustre la diversit\u00e9 culinaire du d\u00e9partement, entre gastronomie urbaine, tables de tradition et cuisine de montagne.<\/p>\n<h3 data-section-id=\"1nxbaff\" data-start=\"2244\" data-end=\"2293\">Une dynamique r\u00e9gionale port\u00e9e par la Lorraine<\/h3>\n<p data-start=\"2295\" data-end=\"2421\">Cette \u00e9dition 2026 du <span class=\"hover:entity-accent entity-underline inline cursor-pointer align-baseline\"><span class=\"whitespace-normal\">Guide Michelin<\/span><\/span> a \u00e9galement r\u00e9compens\u00e9 deux nouveaux restaurants en Moselle.<\/p>\n<p data-start=\"2423\" data-end=\"2639\">\u00c0 <span class=\"hover:entity-accent entity-underline inline cursor-pointer align-baseline\"><span class=\"whitespace-normal\">Metz<\/span><\/span>, le restaurant Timilia, tenu par le chef <span class=\"hover:entity-accent entity-underline inline cursor-pointer align-baseline\"><span class=\"whitespace-normal\">Olivier Parise<\/span><\/span>, propose une cuisine gastronomique italienne inspir\u00e9e de ses racines siciliennes.<\/p>\n<p data-start=\"2641\" data-end=\"2872\">Autre distinction : le restaurant Restaurant Alexis Baudin, o\u00f9 le chef <span class=\"hover:entity-accent entity-underline inline cursor-pointer align-baseline\"><span class=\"whitespace-normal\">Alexis Baudin<\/span><\/span> valorise les produits du terroir dans des menus \u00ab carte blanche \u00bb, faisant la part belle aux producteurs locaux.<\/p>\n<h3 data-section-id=\"b3xqwz\" data-start=\"2879\" data-end=\"2929\">Les 14 restaurants \u00e9toil\u00e9s Michelin en Lorraine<\/h3>\n<p data-start=\"2931\" data-end=\"2998\">La r\u00e9gion Lorraine compte d\u00e9sormais <strong data-start=\"2967\" data-end=\"2996\">14 restaurants une \u00e9toile<\/strong> :<\/p>\n<ul>\n<li><strong>Restaurant Burnel,<\/strong> \u00e0\u00a0Rouvres-en-Xaintois (88)<\/li>\n<li><strong>Les Ducs de Lorraine<\/strong>, \u00e0 \u00c9pinal (88)<\/li>\n<li><strong>Le M<\/strong>, \u00e0 Ventron (88)<\/li>\n<li><strong>Le Ch\u00e2teau d&rsquo;Adom\u00e9nil<\/strong>, \u00e0 Lun\u00e9ville (54)<\/li>\n<li><strong>La Maison dans le Parc <\/strong>\u00e0 Nancy (54)<\/li>\n<li><strong>L&rsquo;Arnsbourg<\/strong>, \u00e0 Baerenthal (57)<\/li>\n<li><strong>Le Quai des Saveurs<\/strong>, \u00e0 Hagondange (57)<\/li>\n<li><strong>Yozora, <\/strong>\u00e0 Metz (57)<\/li>\n<li><strong>Toya<\/strong>, \u00e0 Faulquemont (57)<\/li>\n<li><strong>Chez Mich\u00e8le<\/strong>, \u00e0 Languimberg (57)<\/li>\n<li><strong>L&rsquo;Auberge St-Walfrid<\/strong>, \u00e0 Sarreguemines (57)<\/li>\n<li><strong>Le K,<\/strong> \u00e0 Montenach (57)<\/li>\n<li><strong>Timilia<\/strong>, \u00e0 Metz (57)<\/li>\n<li><strong>Restaurant Alexis Baudin<\/strong>, \u00e0 (Malling (57)<\/li>\n<\/ul>\n<h3 data-section-id=\"1yx2eux\" data-start=\"3298\" data-end=\"3359\"><\/h3>\n<h3 data-section-id=\"1yx2eux\" data-start=\"3298\" data-end=\"3359\">Une reconnaissance qui renforce l\u2019attractivit\u00e9 des Vosges<\/h3>\n<p data-start=\"3361\" data-end=\"3570\">Avec d\u00e9sormais trois tables \u00e9toil\u00e9es, les Vosges confirment leur attractivit\u00e9 gastronomique. Entre montagnes, for\u00eats et produits de terroir, le d\u00e9partement continue de s\u00e9duire les chefs comme les gourmets.<\/p>\n<p data-start=\"3572\" data-end=\"3742\" data-is-last-node=\"\" data-is-only-node=\"\">La nouvelle \u00e9toile attribu\u00e9e \u00e0 Le M illustre cette dynamique : celle d\u2019une gastronomie vosgienne moderne, ancr\u00e9e dans son territoire et tourn\u00e9e vers l\u2019excellence.<\/p>\n","protected":false},"excerpt":{"rendered":"<p>La c\u00e9r\u00e9monie du Guide Michelin 2026, organis\u00e9e le 16 mars \u00e0 Monaco, a une nouvelle fois mis en lumi\u00e8re la [&hellip;]<\/p>\n","protected":false},"author":52,"featured_media":89143,"comment_status":"open","ping_status":"open","sticky":false,"template":"","format":"standard","meta":{"footnotes":""},"categories":[20,5911,878,25,328,868,946],"tags":[],"class_list":["post-89142","post","type-post","status-publish","format-standard","has-post-thumbnail","hentry","category-a-la-une","category-cuisine","category-epinal","category-gerardmer","category-la-plaine-des-vosges","category-remiremont","category-saint-die"],"acf":[],"yoast_head":"<!-- This site is optimized with the Yoast SEO plugin v22.5 - https:\/\/yoast.com\/wordpress\/plugins\/seo\/ -->\n<title>Guide Michelin 2026 : les Vosges brillent avec une nouvelle table \u00e9toil\u00e9e - Gerardmer Info<\/title>\n<meta name=\"robots\" content=\"index, follow, max-snippet:-1, max-image-preview:large, max-video-preview:-1\" \/>\n<link rel=\"canonical\" href=\"https:\/\/vosgesinfo.fr\/gerardmerinfo\/2026\/03\/guide-michelin-2026-les-vosges-brillent-avec-une-nouvelle-table-etoilee\/\" \/>\n<meta name=\"twitter:card\" content=\"summary_large_image\" \/>\n<meta name=\"twitter:title\" content=\"Guide Michelin 2026 : les Vosges brillent avec une nouvelle table \u00e9toil\u00e9e - Gerardmer Info\" \/>\n<meta name=\"twitter:description\" content=\"La c\u00e9r\u00e9monie du Guide Michelin 2026, organis\u00e9e le 16 mars \u00e0 Monaco, a une nouvelle fois mis en lumi\u00e8re la [&hellip;]\" \/>\n<meta name=\"twitter:image\" content=\"https:\/\/vosgesinfo.fr\/app\/uploads\/sites\/6\/2026\/03\/e6bdcddd-8c0b-414f-96dc-2020c82f4d3c.jpg\" \/>\n<meta name=\"twitter:creator\" content=\"@VosgesInfo88\" \/>\n<meta name=\"twitter:site\" content=\"@VosgesInfo88\" \/>\n<meta name=\"twitter:label1\" content=\"\u00c9crit par\" \/>\n\t<meta name=\"twitter:data1\" content=\"C.K.\" \/>\n\t<meta name=\"twitter:label2\" content=\"Dur\u00e9e de lecture estim\u00e9e\" \/>\n\t<meta name=\"twitter:data2\" content=\"3 minutes\" \/>\n<script type=\"application\/ld+json\" class=\"yoast-schema-graph\">{\"@context\":\"https:\/\/schema.org\",\"@graph\":[{\"@type\":\"Article\",\"@id\":\"https:\/\/vosgesinfo.fr\/gerardmerinfo\/2026\/03\/guide-michelin-2026-les-vosges-brillent-avec-une-nouvelle-table-etoilee\/#article\",\"isPartOf\":{\"@id\":\"https:\/\/vosgesinfo.fr\/gerardmerinfo\/2026\/03\/guide-michelin-2026-les-vosges-brillent-avec-une-nouvelle-table-etoilee\/\"},\"author\":{\"name\":\"C.K.\",\"@id\":\"https:\/\/vosgesinfo.fr\/gerardmerinfo\/#\/schema\/person\/6f9a650eeea99d969b6c4ab78fccbe81\"},\"headline\":\"Guide Michelin 2026 : les Vosges brillent avec une nouvelle table \u00e9toil\u00e9e\",\"datePublished\":\"2026-03-16T18:22:22+00:00\",\"dateModified\":\"2026-03-16T18:22:22+00:00\",\"mainEntityOfPage\":{\"@id\":\"https:\/\/vosgesinfo.fr\/gerardmerinfo\/2026\/03\/guide-michelin-2026-les-vosges-brillent-avec-une-nouvelle-table-etoilee\/\"},\"wordCount\":564,\"commentCount\":0,\"publisher\":{\"@id\":\"https:\/\/vosgesinfo.fr\/gerardmerinfo\/#organization\"},\"image\":{\"@id\":\"https:\/\/vosgesinfo.fr\/gerardmerinfo\/2026\/03\/guide-michelin-2026-les-vosges-brillent-avec-une-nouvelle-table-etoilee\/#primaryimage\"},\"thumbnailUrl\":\"https:\/\/vosgesinfo.fr\/app\/uploads\/sites\/6\/2026\/03\/e6bdcddd-8c0b-414f-96dc-2020c82f4d3c.jpg\",\"articleSection\":[\"A la une\",\"cuisine\",\"Epinal\",\"G\u00e9rardmer\",\"La plaine des vosges\",\"Remiremont\",\"Saint-di\u00e9\"],\"inLanguage\":\"fr-FR\",\"potentialAction\":[{\"@type\":\"CommentAction\",\"name\":\"Comment\",\"target\":[\"https:\/\/vosgesinfo.fr\/gerardmerinfo\/2026\/03\/guide-michelin-2026-les-vosges-brillent-avec-une-nouvelle-table-etoilee\/#respond\"]}]},{\"@type\":\"WebPage\",\"@id\":\"https:\/\/vosgesinfo.fr\/gerardmerinfo\/2026\/03\/guide-michelin-2026-les-vosges-brillent-avec-une-nouvelle-table-etoilee\/\",\"url\":\"https:\/\/vosgesinfo.fr\/gerardmerinfo\/2026\/03\/guide-michelin-2026-les-vosges-brillent-avec-une-nouvelle-table-etoilee\/\",\"name\":\"Guide Michelin 2026 : les Vosges brillent avec une nouvelle table \u00e9toil\u00e9e - Gerardmer Info\",\"isPartOf\":{\"@id\":\"https:\/\/vosgesinfo.fr\/gerardmerinfo\/#website\"},\"primaryImageOfPage\":{\"@id\":\"https:\/\/vosgesinfo.fr\/gerardmerinfo\/2026\/03\/guide-michelin-2026-les-vosges-brillent-avec-une-nouvelle-table-etoilee\/#primaryimage\"},\"image\":{\"@id\":\"https:\/\/vosgesinfo.fr\/gerardmerinfo\/2026\/03\/guide-michelin-2026-les-vosges-brillent-avec-une-nouvelle-table-etoilee\/#primaryimage\"},\"thumbnailUrl\":\"https:\/\/vosgesinfo.fr\/app\/uploads\/sites\/6\/2026\/03\/e6bdcddd-8c0b-414f-96dc-2020c82f4d3c.jpg\",\"datePublished\":\"2026-03-16T18:22:22+00:00\",\"dateModified\":\"2026-03-16T18:22:22+00:00\",\"breadcrumb\":{\"@id\":\"https:\/\/vosgesinfo.fr\/gerardmerinfo\/2026\/03\/guide-michelin-2026-les-vosges-brillent-avec-une-nouvelle-table-etoilee\/#breadcrumb\"},\"inLanguage\":\"fr-FR\",\"potentialAction\":[{\"@type\":\"ReadAction\",\"target\":[\"https:\/\/vosgesinfo.fr\/gerardmerinfo\/2026\/03\/guide-michelin-2026-les-vosges-brillent-avec-une-nouvelle-table-etoilee\/\"]}]},{\"@type\":\"ImageObject\",\"inLanguage\":\"fr-FR\",\"@id\":\"https:\/\/vosgesinfo.fr\/gerardmerinfo\/2026\/03\/guide-michelin-2026-les-vosges-brillent-avec-une-nouvelle-table-etoilee\/#primaryimage\",\"url\":\"https:\/\/vosgesinfo.fr\/app\/uploads\/sites\/6\/2026\/03\/e6bdcddd-8c0b-414f-96dc-2020c82f4d3c.jpg\",\"contentUrl\":\"https:\/\/vosgesinfo.fr\/app\/uploads\/sites\/6\/2026\/03\/e6bdcddd-8c0b-414f-96dc-2020c82f4d3c.jpg\",\"width\":1536,\"height\":1024},{\"@type\":\"BreadcrumbList\",\"@id\":\"https:\/\/vosgesinfo.fr\/gerardmerinfo\/2026\/03\/guide-michelin-2026-les-vosges-brillent-avec-une-nouvelle-table-etoilee\/#breadcrumb\",\"itemListElement\":[{\"@type\":\"ListItem\",\"position\":1,\"name\":\"Home\",\"item\":\"https:\/\/vosgesinfo.fr\/gerardmerinfo\/\"},{\"@type\":\"ListItem\",\"position\":2,\"name\":\"Guide Michelin 2026 : les Vosges brillent avec une nouvelle table \u00e9toil\u00e9e\"}]},{\"@type\":\"WebSite\",\"@id\":\"https:\/\/vosgesinfo.fr\/gerardmerinfo\/#website\",\"url\":\"https:\/\/vosgesinfo.fr\/gerardmerinfo\/\",\"name\":\"Gerardmer Info\",\"description\":\"Toute l&#039;actualit\u00e9 de G\u00e9rardmer\",\"publisher\":{\"@id\":\"https:\/\/vosgesinfo.fr\/gerardmerinfo\/#organization\"},\"alternateName\":\"Toute l'actualit\u00e9 de G\u00e9rardmer\",\"potentialAction\":[{\"@type\":\"SearchAction\",\"target\":{\"@type\":\"EntryPoint\",\"urlTemplate\":\"https:\/\/vosgesinfo.fr\/gerardmerinfo\/?s={search_term_string}\"},\"query-input\":\"required name=search_term_string\"}],\"inLanguage\":\"fr-FR\"},{\"@type\":\"Organization\",\"@id\":\"https:\/\/vosgesinfo.fr\/gerardmerinfo\/#organization\",\"name\":\"Gerardmer Info\",\"url\":\"https:\/\/vosgesinfo.fr\/gerardmerinfo\/\",\"logo\":{\"@type\":\"ImageObject\",\"inLanguage\":\"fr-FR\",\"@id\":\"https:\/\/vosgesinfo.fr\/gerardmerinfo\/#\/schema\/logo\/image\/\",\"url\":\"https:\/\/vosgesinfo.fr\/app\/uploads\/sites\/6\/2023\/08\/favicon-gerardmerinfo.png\",\"contentUrl\":\"https:\/\/vosgesinfo.fr\/app\/uploads\/sites\/6\/2023\/08\/favicon-gerardmerinfo.png\",\"width\":512,\"height\":512,\"caption\":\"Gerardmer Info\"},\"image\":{\"@id\":\"https:\/\/vosgesinfo.fr\/gerardmerinfo\/#\/schema\/logo\/image\/\"},\"sameAs\":[\"https:\/\/www.facebook.com\/profile.php?id=100049475262660\",\"https:\/\/x.com\/VosgesInfo88\",\"https:\/\/www.youtube.com\/@vosgesinfo\"]},{\"@type\":\"Person\",\"@id\":\"https:\/\/vosgesinfo.fr\/gerardmerinfo\/#\/schema\/person\/6f9a650eeea99d969b6c4ab78fccbe81\",\"name\":\"C.K.\",\"image\":{\"@type\":\"ImageObject\",\"inLanguage\":\"fr-FR\",\"@id\":\"https:\/\/vosgesinfo.fr\/gerardmerinfo\/#\/schema\/person\/image\/\",\"url\":\"https:\/\/secure.gravatar.com\/avatar\/48e3fc7f8421ba8942be6b74a2b7f014ca39bc00dece156b7a8e098ae7dc87bf?s=96&d=mm&r=g\",\"contentUrl\":\"https:\/\/secure.gravatar.com\/avatar\/48e3fc7f8421ba8942be6b74a2b7f014ca39bc00dece156b7a8e098ae7dc87bf?s=96&d=mm&r=g\",\"caption\":\"C.K.\"},\"url\":\"https:\/\/vosgesinfo.fr\/gerardmerinfo\/author\/celia-k-n\/\"}]}<\/script>\n<!-- \/ Yoast SEO plugin. -->","yoast_head_json":{"title":"Guide Michelin 2026 : les Vosges brillent avec une nouvelle table \u00e9toil\u00e9e - Gerardmer Info","robots":{"index":"index","follow":"follow","max-snippet":"max-snippet:-1","max-image-preview":"max-image-preview:large","max-video-preview":"max-video-preview:-1"},"canonical":"https:\/\/vosgesinfo.fr\/gerardmerinfo\/2026\/03\/guide-michelin-2026-les-vosges-brillent-avec-une-nouvelle-table-etoilee\/","twitter_card":"summary_large_image","twitter_title":"Guide Michelin 2026 : les Vosges brillent avec une nouvelle table \u00e9toil\u00e9e - Gerardmer Info","twitter_description":"La c\u00e9r\u00e9monie du Guide Michelin 2026, organis\u00e9e le 16 mars \u00e0 Monaco, a une nouvelle fois mis en lumi\u00e8re la [&hellip;]","twitter_image":"https:\/\/vosgesinfo.fr\/app\/uploads\/sites\/6\/2026\/03\/e6bdcddd-8c0b-414f-96dc-2020c82f4d3c.jpg","twitter_creator":"@VosgesInfo88","twitter_site":"@VosgesInfo88","twitter_misc":{"\u00c9crit par":"C.K.","Dur\u00e9e de lecture estim\u00e9e":"3 minutes"},"schema":{"@context":"https:\/\/schema.org","@graph":[{"@type":"Article","@id":"https:\/\/vosgesinfo.fr\/gerardmerinfo\/2026\/03\/guide-michelin-2026-les-vosges-brillent-avec-une-nouvelle-table-etoilee\/#article","isPartOf":{"@id":"https:\/\/vosgesinfo.fr\/gerardmerinfo\/2026\/03\/guide-michelin-2026-les-vosges-brillent-avec-une-nouvelle-table-etoilee\/"},"author":{"name":"C.K.","@id":"https:\/\/vosgesinfo.fr\/gerardmerinfo\/#\/schema\/person\/6f9a650eeea99d969b6c4ab78fccbe81"},"headline":"Guide Michelin 2026 : les Vosges brillent avec une nouvelle table \u00e9toil\u00e9e","datePublished":"2026-03-16T18:22:22+00:00","dateModified":"2026-03-16T18:22:22+00:00","mainEntityOfPage":{"@id":"https:\/\/vosgesinfo.fr\/gerardmerinfo\/2026\/03\/guide-michelin-2026-les-vosges-brillent-avec-une-nouvelle-table-etoilee\/"},"wordCount":564,"commentCount":0,"publisher":{"@id":"https:\/\/vosgesinfo.fr\/gerardmerinfo\/#organization"},"image":{"@id":"https:\/\/vosgesinfo.fr\/gerardmerinfo\/2026\/03\/guide-michelin-2026-les-vosges-brillent-avec-une-nouvelle-table-etoilee\/#primaryimage"},"thumbnailUrl":"https:\/\/vosgesinfo.fr\/app\/uploads\/sites\/6\/2026\/03\/e6bdcddd-8c0b-414f-96dc-2020c82f4d3c.jpg","articleSection":["A la une","cuisine","Epinal","G\u00e9rardmer","La plaine des vosges","Remiremont","Saint-di\u00e9"],"inLanguage":"fr-FR","potentialAction":[{"@type":"CommentAction","name":"Comment","target":["https:\/\/vosgesinfo.fr\/gerardmerinfo\/2026\/03\/guide-michelin-2026-les-vosges-brillent-avec-une-nouvelle-table-etoilee\/#respond"]}]},{"@type":"WebPage","@id":"https:\/\/vosgesinfo.fr\/gerardmerinfo\/2026\/03\/guide-michelin-2026-les-vosges-brillent-avec-une-nouvelle-table-etoilee\/","url":"https:\/\/vosgesinfo.fr\/gerardmerinfo\/2026\/03\/guide-michelin-2026-les-vosges-brillent-avec-une-nouvelle-table-etoilee\/","name":"Guide Michelin 2026 : les Vosges brillent avec une nouvelle table \u00e9toil\u00e9e - Gerardmer Info","isPartOf":{"@id":"https:\/\/vosgesinfo.fr\/gerardmerinfo\/#website"},"primaryImageOfPage":{"@id":"https:\/\/vosgesinfo.fr\/gerardmerinfo\/2026\/03\/guide-michelin-2026-les-vosges-brillent-avec-une-nouvelle-table-etoilee\/#primaryimage"},"image":{"@id":"https:\/\/vosgesinfo.fr\/gerardmerinfo\/2026\/03\/guide-michelin-2026-les-vosges-brillent-avec-une-nouvelle-table-etoilee\/#primaryimage"},"thumbnailUrl":"https:\/\/vosgesinfo.fr\/app\/uploads\/sites\/6\/2026\/03\/e6bdcddd-8c0b-414f-96dc-2020c82f4d3c.jpg","datePublished":"2026-03-16T18:22:22+00:00","dateModified":"2026-03-16T18:22:22+00:00","breadcrumb":{"@id":"https:\/\/vosgesinfo.fr\/gerardmerinfo\/2026\/03\/guide-michelin-2026-les-vosges-brillent-avec-une-nouvelle-table-etoilee\/#breadcrumb"},"inLanguage":"fr-FR","potentialAction":[{"@type":"ReadAction","target":["https:\/\/vosgesinfo.fr\/gerardmerinfo\/2026\/03\/guide-michelin-2026-les-vosges-brillent-avec-une-nouvelle-table-etoilee\/"]}]},{"@type":"ImageObject","inLanguage":"fr-FR","@id":"https:\/\/vosgesinfo.fr\/gerardmerinfo\/2026\/03\/guide-michelin-2026-les-vosges-brillent-avec-une-nouvelle-table-etoilee\/#primaryimage","url":"https:\/\/vosgesinfo.fr\/app\/uploads\/sites\/6\/2026\/03\/e6bdcddd-8c0b-414f-96dc-2020c82f4d3c.jpg","contentUrl":"https:\/\/vosgesinfo.fr\/app\/uploads\/sites\/6\/2026\/03\/e6bdcddd-8c0b-414f-96dc-2020c82f4d3c.jpg","width":1536,"height":1024},{"@type":"BreadcrumbList","@id":"https:\/\/vosgesinfo.fr\/gerardmerinfo\/2026\/03\/guide-michelin-2026-les-vosges-brillent-avec-une-nouvelle-table-etoilee\/#breadcrumb","itemListElement":[{"@type":"ListItem","position":1,"name":"Home","item":"https:\/\/vosgesinfo.fr\/gerardmerinfo\/"},{"@type":"ListItem","position":2,"name":"Guide Michelin 2026 : les Vosges brillent avec une nouvelle table \u00e9toil\u00e9e"}]},{"@type":"WebSite","@id":"https:\/\/vosgesinfo.fr\/gerardmerinfo\/#website","url":"https:\/\/vosgesinfo.fr\/gerardmerinfo\/","name":"Gerardmer Info","description":"Toute l&#039;actualit\u00e9 de G\u00e9rardmer","publisher":{"@id":"https:\/\/vosgesinfo.fr\/gerardmerinfo\/#organization"},"alternateName":"Toute l'actualit\u00e9 de G\u00e9rardmer","potentialAction":[{"@type":"SearchAction","target":{"@type":"EntryPoint","urlTemplate":"https:\/\/vosgesinfo.fr\/gerardmerinfo\/?s={search_term_string}"},"query-input":"required name=search_term_string"}],"inLanguage":"fr-FR"},{"@type":"Organization","@id":"https:\/\/vosgesinfo.fr\/gerardmerinfo\/#organization","name":"Gerardmer Info","url":"https:\/\/vosgesinfo.fr\/gerardmerinfo\/","logo":{"@type":"ImageObject","inLanguage":"fr-FR","@id":"https:\/\/vosgesinfo.fr\/gerardmerinfo\/#\/schema\/logo\/image\/","url":"https:\/\/vosgesinfo.fr\/app\/uploads\/sites\/6\/2023\/08\/favicon-gerardmerinfo.png","contentUrl":"https:\/\/vosgesinfo.fr\/app\/uploads\/sites\/6\/2023\/08\/favicon-gerardmerinfo.png","width":512,"height":512,"caption":"Gerardmer Info"},"image":{"@id":"https:\/\/vosgesinfo.fr\/gerardmerinfo\/#\/schema\/logo\/image\/"},"sameAs":["https:\/\/www.facebook.com\/profile.php?id=100049475262660","https:\/\/x.com\/VosgesInfo88","https:\/\/www.youtube.com\/@vosgesinfo"]},{"@type":"Person","@id":"https:\/\/vosgesinfo.fr\/gerardmerinfo\/#\/schema\/person\/6f9a650eeea99d969b6c4ab78fccbe81","name":"C.K.","image":{"@type":"ImageObject","inLanguage":"fr-FR","@id":"https:\/\/vosgesinfo.fr\/gerardmerinfo\/#\/schema\/person\/image\/","url":"https:\/\/secure.gravatar.com\/avatar\/48e3fc7f8421ba8942be6b74a2b7f014ca39bc00dece156b7a8e098ae7dc87bf?s=96&d=mm&r=g","contentUrl":"https:\/\/secure.gravatar.com\/avatar\/48e3fc7f8421ba8942be6b74a2b7f014ca39bc00dece156b7a8e098ae7dc87bf?s=96&d=mm&r=g","caption":"C.K."},"url":"https:\/\/vosgesinfo.fr\/gerardmerinfo\/author\/celia-k-n\/"}]}},"_links":{"self":[{"href":"https:\/\/vosgesinfo.fr\/gerardmerinfo\/wp-json\/wp\/v2\/posts\/89142","targetHints":{"allow":["GET"]}}],"collection":[{"href":"https:\/\/vosgesinfo.fr\/gerardmerinfo\/wp-json\/wp\/v2\/posts"}],"about":[{"href":"https:\/\/vosgesinfo.fr\/gerardmerinfo\/wp-json\/wp\/v2\/types\/post"}],"author":[{"embeddable":true,"href":"https:\/\/vosgesinfo.fr\/gerardmerinfo\/wp-json\/wp\/v2\/users\/52"}],"replies":[{"embeddable":true,"href":"https:\/\/vosgesinfo.fr\/gerardmerinfo\/wp-json\/wp\/v2\/comments?post=89142"}],"version-history":[{"count":0,"href":"https:\/\/vosgesinfo.fr\/gerardmerinfo\/wp-json\/wp\/v2\/posts\/89142\/revisions"}],"wp:featuredmedia":[{"embeddable":true,"href":"https:\/\/vosgesinfo.fr\/gerardmerinfo\/wp-json\/wp\/v2\/media\/89143"}],"wp:attachment":[{"href":"https:\/\/vosgesinfo.fr\/gerardmerinfo\/wp-json\/wp\/v2\/media?parent=89142"}],"wp:term":[{"taxonomy":"category","embeddable":true,"href":"https:\/\/vosgesinfo.fr\/gerardmerinfo\/wp-json\/wp\/v2\/categories?post=89142"},{"taxonomy":"post_tag","embeddable":true,"href":"https:\/\/vosgesinfo.fr\/gerardmerinfo\/wp-json\/wp\/v2\/tags?post=89142"}],"curies":[{"name":"wp","href":"https:\/\/api.w.org\/{rel}","templated":true}]}}