{"id":8949,"date":"2024-05-09T14:20:48","date_gmt":"2024-05-09T12:20:48","guid":{"rendered":"https:\/\/vosgesinfo.fr\/gerardmerinfo\/?p=8949"},"modified":"2024-05-09T15:37:52","modified_gmt":"2024-05-09T13:37:52","slug":"commemoration-du-8-mai-mohamed-mehraz-recoit-la-medaille-militaire","status":"publish","type":"post","link":"https:\/\/vosgesinfo.fr\/gerardmerinfo\/2024\/05\/commemoration-du-8-mai-mohamed-mehraz-recoit-la-medaille-militaire\/","title":{"rendered":"Comm\u00e9moration du 8 mai\u00a0: \u00a0Mohamed Mehraz re\u00e7oit la m\u00e9daille militaire"},"content":{"rendered":"<p><a href=\"https:\/\/vosgesinfo.fr\/app\/uploads\/sites\/6\/2024\/05\/ceremonie-du-8-mai-remise-medaille-2024-3-scaled.jpeg\"><img decoding=\"async\" class=\"aligncenter size-large wp-image-8950\" src=\"https:\/\/vosgesinfo.fr\/app\/uploads\/sites\/6\/2024\/05\/ceremonie-du-8-mai-remise-medaille-2024-3-1024x768.jpeg\" alt=\"\" width=\"1024\" height=\"768\" srcset=\"https:\/\/vosgesinfo.fr\/app\/uploads\/sites\/6\/2024\/05\/ceremonie-du-8-mai-remise-medaille-2024-3-1024x768.jpeg 1024w, https:\/\/vosgesinfo.fr\/app\/uploads\/sites\/6\/2024\/05\/ceremonie-du-8-mai-remise-medaille-2024-3-300x225.jpeg 300w, https:\/\/vosgesinfo.fr\/app\/uploads\/sites\/6\/2024\/05\/ceremonie-du-8-mai-remise-medaille-2024-3-768x576.jpeg 768w, https:\/\/vosgesinfo.fr\/app\/uploads\/sites\/6\/2024\/05\/ceremonie-du-8-mai-remise-medaille-2024-3-1536x1152.jpeg 1536w, https:\/\/vosgesinfo.fr\/app\/uploads\/sites\/6\/2024\/05\/ceremonie-du-8-mai-remise-medaille-2024-3-2048x1536.jpeg 2048w\" sizes=\"(max-width: 1024px) 100vw, 1024px\" \/><\/a><\/p>\n<p><strong>Ce mercredi 8 mai au monument au mort de G\u00e9rardmer le Maire Stessy Speissmann Mozas et les \u00e9lus de la ville et du d\u00e9partement \u00e9taient entour\u00e9s de la police municipale, des gendarmes, des pompiers, des repr\u00e9sentants des associations patriotiques, des porte-drapeaux, de l\u2019Union musicale et du conseil des jeunes pour comm\u00e9morer le 8 mai 45 avec les G\u00e9r\u00f4mois.<\/strong><\/p>\n<p>Le maire et les enfants du conseil des jeunes ont d\u00e9pos\u00e9 une gerbe de fleurs en l\u2019honneur de la 1<sup>\u00e8re<\/sup> arm\u00e9e fran\u00e7aise command\u00e9e par le G\u00e9n\u00e9ral De Lattre de Tassigny puis accompagn\u00e9s des repr\u00e9sentants des instances pr\u00e9sentes ils ont renouvel\u00e9 l\u2019op\u00e9ration pour les lib\u00e9rateurs de G\u00e9rardmer \u00ab\u00a0ces femmes et ces hommes gr\u00e2ce \u00e0 qui nous devons d\u2019\u00eatre l\u00e0 aujourd\u2019hui\u00a0\u00bb a rappel\u00e9 Stessy Speissmann.<\/p>\n<p><a href=\"https:\/\/vosgesinfo.fr\/app\/uploads\/sites\/6\/2024\/05\/ceremonie-du-8-mai-remise-medaille-2024-6-scaled.jpeg\"><img decoding=\"async\" class=\"alignright size-medium wp-image-8952\" src=\"https:\/\/vosgesinfo.fr\/app\/uploads\/sites\/6\/2024\/05\/ceremonie-du-8-mai-remise-medaille-2024-6-300x225.jpeg\" alt=\"\" width=\"300\" height=\"225\" srcset=\"https:\/\/vosgesinfo.fr\/app\/uploads\/sites\/6\/2024\/05\/ceremonie-du-8-mai-remise-medaille-2024-6-300x225.jpeg 300w, https:\/\/vosgesinfo.fr\/app\/uploads\/sites\/6\/2024\/05\/ceremonie-du-8-mai-remise-medaille-2024-6-1024x768.jpeg 1024w, https:\/\/vosgesinfo.fr\/app\/uploads\/sites\/6\/2024\/05\/ceremonie-du-8-mai-remise-medaille-2024-6-768x576.jpeg 768w, https:\/\/vosgesinfo.fr\/app\/uploads\/sites\/6\/2024\/05\/ceremonie-du-8-mai-remise-medaille-2024-6-1536x1152.jpeg 1536w, https:\/\/vosgesinfo.fr\/app\/uploads\/sites\/6\/2024\/05\/ceremonie-du-8-mai-remise-medaille-2024-6-2048x1536.jpeg 2048w\" sizes=\"(max-width: 300px) 100vw, 300px\" \/><\/a>Le texte du ministre des arm\u00e9es S\u00e9bastien Cornu puis le message adress\u00e9 \u00e0 l\u2019\u00e9poque par le G\u00e9n\u00e9ral De Lattre de Tassigny ont \u00e9t\u00e9 lu devant une belle assembl\u00e9e. Le maire a ensuite pris la parole et a soulign\u00e9 l\u2019importance du souvenir et du devoir de m\u00e9moire tout comme le maintien de la paix. Les musiciens de l\u2019UMG ont accompagn\u00e9 ces moments solennels.<\/p>\n<p>Lors de cette c\u00e9r\u00e9monie Mohamed Mehraz, ancien combattant, a \u00e9t\u00e9 d\u00e9cor\u00e9 de la m\u00e9daille militaire en pr\u00e9sence de sa famille et de ses amis. Une r\u00e9ception en son honneur a eu lieu \u00e0 la mairie \u00e0 l\u2019issue de l\u2019\u00e9v\u00e9nement.<\/p>\n\n\t\t<style type=\"text\/css\">\n\t\t\t#gallery-1 {\n\t\t\t\tmargin: auto;\n\t\t\t}\n\t\t\t#gallery-1 .gallery-item {\n\t\t\t\tfloat: left;\n\t\t\t\tmargin-top: 10px;\n\t\t\t\ttext-align: center;\n\t\t\t\twidth: 50%;\n\t\t\t}\n\t\t\t#gallery-1 img {\n\t\t\t\tborder: 2px solid #cfcfcf;\n\t\t\t}\n\t\t\t#gallery-1 .gallery-caption {\n\t\t\t\tmargin-left: 0;\n\t\t\t}\n\t\t\t\/* see gallery_shortcode() in wp-includes\/media.php *\/\n\t\t<\/style>\n\t\t<div id='gallery-1' class='gallery galleryid-8949 gallery-columns-2 gallery-size-medium'><dl class='gallery-item'>\n\t\t\t<dt class='gallery-icon landscape'>\n\t\t\t\t<a href='https:\/\/vosgesinfo.fr\/app\/uploads\/sites\/6\/2024\/05\/ceremonie-du-8-mai-remise-medaille-2024-1-scaled.jpeg'><img decoding=\"async\" width=\"300\" height=\"271\" src=\"https:\/\/vosgesinfo.fr\/app\/uploads\/sites\/6\/2024\/05\/ceremonie-du-8-mai-remise-medaille-2024-1-300x271.jpeg\" class=\"attachment-medium size-medium\" alt=\"\" srcset=\"https:\/\/vosgesinfo.fr\/app\/uploads\/sites\/6\/2024\/05\/ceremonie-du-8-mai-remise-medaille-2024-1-300x271.jpeg 300w, https:\/\/vosgesinfo.fr\/app\/uploads\/sites\/6\/2024\/05\/ceremonie-du-8-mai-remise-medaille-2024-1-1024x925.jpeg 1024w, https:\/\/vosgesinfo.fr\/app\/uploads\/sites\/6\/2024\/05\/ceremonie-du-8-mai-remise-medaille-2024-1-768x694.jpeg 768w, https:\/\/vosgesinfo.fr\/app\/uploads\/sites\/6\/2024\/05\/ceremonie-du-8-mai-remise-medaille-2024-1-1536x1388.jpeg 1536w, https:\/\/vosgesinfo.fr\/app\/uploads\/sites\/6\/2024\/05\/ceremonie-du-8-mai-remise-medaille-2024-1-2048x1850.jpeg 2048w\" sizes=\"(max-width: 300px) 100vw, 300px\" \/><\/a>\n\t\t\t<\/dt><\/dl><dl class='gallery-item'>\n\t\t\t<dt class='gallery-icon landscape'>\n\t\t\t\t<a href='https:\/\/vosgesinfo.fr\/app\/uploads\/sites\/6\/2024\/05\/ceremonie-du-8-mai-remise-medaille-2024-2-scaled.jpeg'><img decoding=\"async\" width=\"300\" height=\"225\" src=\"https:\/\/vosgesinfo.fr\/app\/uploads\/sites\/6\/2024\/05\/ceremonie-du-8-mai-remise-medaille-2024-2-300x225.jpeg\" class=\"attachment-medium size-medium\" alt=\"\" srcset=\"https:\/\/vosgesinfo.fr\/app\/uploads\/sites\/6\/2024\/05\/ceremonie-du-8-mai-remise-medaille-2024-2-300x225.jpeg 300w, https:\/\/vosgesinfo.fr\/app\/uploads\/sites\/6\/2024\/05\/ceremonie-du-8-mai-remise-medaille-2024-2-1024x768.jpeg 1024w, https:\/\/vosgesinfo.fr\/app\/uploads\/sites\/6\/2024\/05\/ceremonie-du-8-mai-remise-medaille-2024-2-768x576.jpeg 768w, https:\/\/vosgesinfo.fr\/app\/uploads\/sites\/6\/2024\/05\/ceremonie-du-8-mai-remise-medaille-2024-2-1536x1152.jpeg 1536w, https:\/\/vosgesinfo.fr\/app\/uploads\/sites\/6\/2024\/05\/ceremonie-du-8-mai-remise-medaille-2024-2-2048x1536.jpeg 2048w\" sizes=\"(max-width: 300px) 100vw, 300px\" \/><\/a>\n\t\t\t<\/dt><\/dl><br style=\"clear: both\" \/><dl class='gallery-item'>\n\t\t\t<dt class='gallery-icon landscape'>\n\t\t\t\t<a href='https:\/\/vosgesinfo.fr\/app\/uploads\/sites\/6\/2024\/05\/ceremonie-du-8-mai-remise-medaille-2024-5-scaled.jpeg'><img decoding=\"async\" width=\"300\" height=\"225\" src=\"https:\/\/vosgesinfo.fr\/app\/uploads\/sites\/6\/2024\/05\/ceremonie-du-8-mai-remise-medaille-2024-5-300x225.jpeg\" class=\"attachment-medium size-medium\" alt=\"\" srcset=\"https:\/\/vosgesinfo.fr\/app\/uploads\/sites\/6\/2024\/05\/ceremonie-du-8-mai-remise-medaille-2024-5-300x225.jpeg 300w, https:\/\/vosgesinfo.fr\/app\/uploads\/sites\/6\/2024\/05\/ceremonie-du-8-mai-remise-medaille-2024-5-1024x768.jpeg 1024w, https:\/\/vosgesinfo.fr\/app\/uploads\/sites\/6\/2024\/05\/ceremonie-du-8-mai-remise-medaille-2024-5-768x576.jpeg 768w, https:\/\/vosgesinfo.fr\/app\/uploads\/sites\/6\/2024\/05\/ceremonie-du-8-mai-remise-medaille-2024-5-1536x1152.jpeg 1536w, https:\/\/vosgesinfo.fr\/app\/uploads\/sites\/6\/2024\/05\/ceremonie-du-8-mai-remise-medaille-2024-5-2048x1536.jpeg 2048w\" sizes=\"(max-width: 300px) 100vw, 300px\" \/><\/a>\n\t\t\t<\/dt><\/dl><dl class='gallery-item'>\n\t\t\t<dt class='gallery-icon landscape'>\n\t\t\t\t<a href='https:\/\/vosgesinfo.fr\/app\/uploads\/sites\/6\/2024\/05\/ceremonie-du-8-mai-remise-medaille-2024-4-scaled.jpeg'><img decoding=\"async\" width=\"300\" height=\"225\" src=\"https:\/\/vosgesinfo.fr\/app\/uploads\/sites\/6\/2024\/05\/ceremonie-du-8-mai-remise-medaille-2024-4-300x225.jpeg\" class=\"attachment-medium size-medium\" alt=\"\" srcset=\"https:\/\/vosgesinfo.fr\/app\/uploads\/sites\/6\/2024\/05\/ceremonie-du-8-mai-remise-medaille-2024-4-300x225.jpeg 300w, https:\/\/vosgesinfo.fr\/app\/uploads\/sites\/6\/2024\/05\/ceremonie-du-8-mai-remise-medaille-2024-4-1024x768.jpeg 1024w, https:\/\/vosgesinfo.fr\/app\/uploads\/sites\/6\/2024\/05\/ceremonie-du-8-mai-remise-medaille-2024-4-768x576.jpeg 768w, https:\/\/vosgesinfo.fr\/app\/uploads\/sites\/6\/2024\/05\/ceremonie-du-8-mai-remise-medaille-2024-4-1536x1152.jpeg 1536w, https:\/\/vosgesinfo.fr\/app\/uploads\/sites\/6\/2024\/05\/ceremonie-du-8-mai-remise-medaille-2024-4-2048x1536.jpeg 2048w\" sizes=\"(max-width: 300px) 100vw, 300px\" \/><\/a>\n\t\t\t<\/dt><\/dl><br style=\"clear: both\" \/>\n\t\t<\/div>\n\n","protected":false},"excerpt":{"rendered":"<p>Ce mercredi 8 mai au monument au mort de G\u00e9rardmer le Maire Stessy Speissmann Mozas et les \u00e9lus de la [&hellip;]<\/p>\n","protected":false},"author":258,"featured_media":8950,"comment_status":"open","ping_status":"open","sticky":false,"template":"","format":"standard","meta":{"footnotes":""},"categories":[20,24,25],"tags":[1143,1144,802,1145],"class_list":["post-8949","post","type-post","status-publish","format-standard","has-post-thumbnail","hentry","category-a-la-une","category-evenements","category-gerardmer","tag-8-mai-45","tag-commemoration","tag-mohamed-mehraz","tag-monument-au-mort"],"acf":[],"yoast_head":"<!-- This site is optimized with the Yoast SEO plugin v22.5 - https:\/\/yoast.com\/wordpress\/plugins\/seo\/ -->\n<title>Comm\u00e9moration du 8 mai\u00a0: \u00a0Mohamed Mehraz re\u00e7oit la m\u00e9daille militaire - Gerardmer Info<\/title>\n<meta name=\"robots\" content=\"index, follow, max-snippet:-1, max-image-preview:large, max-video-preview:-1\" \/>\n<link rel=\"canonical\" href=\"https:\/\/vosgesinfo.fr\/gerardmerinfo\/2024\/05\/commemoration-du-8-mai-mohamed-mehraz-recoit-la-medaille-militaire\/\" \/>\n<meta name=\"twitter:card\" content=\"summary_large_image\" \/>\n<meta name=\"twitter:title\" content=\"Comm\u00e9moration du 8 mai\u00a0: \u00a0Mohamed Mehraz re\u00e7oit la m\u00e9daille militaire - Gerardmer Info\" \/>\n<meta name=\"twitter:description\" content=\"Ce mercredi 8 mai au monument au mort de G\u00e9rardmer le Maire Stessy Speissmann Mozas et les \u00e9lus de la [&hellip;]\" \/>\n<meta name=\"twitter:image\" content=\"https:\/\/vosgesinfo.fr\/app\/uploads\/sites\/6\/2024\/05\/ceremonie-du-8-mai-remise-medaille-2024-3-scaled.jpeg\" \/>\n<meta name=\"twitter:creator\" content=\"@VosgesInfo88\" \/>\n<meta name=\"twitter:site\" content=\"@VosgesInfo88\" \/>\n<meta name=\"twitter:label1\" content=\"\u00c9crit par\" \/>\n\t<meta name=\"twitter:data1\" content=\"I.N\" \/>\n\t<meta name=\"twitter:label2\" content=\"Dur\u00e9e de lecture estim\u00e9e\" \/>\n\t<meta name=\"twitter:data2\" content=\"2 minutes\" \/>\n<script type=\"application\/ld+json\" class=\"yoast-schema-graph\">{\"@context\":\"https:\/\/schema.org\",\"@graph\":[{\"@type\":\"Article\",\"@id\":\"https:\/\/vosgesinfo.fr\/gerardmerinfo\/2024\/05\/commemoration-du-8-mai-mohamed-mehraz-recoit-la-medaille-militaire\/#article\",\"isPartOf\":{\"@id\":\"https:\/\/vosgesinfo.fr\/gerardmerinfo\/2024\/05\/commemoration-du-8-mai-mohamed-mehraz-recoit-la-medaille-militaire\/\"},\"author\":{\"name\":\"I.N\",\"@id\":\"https:\/\/vosgesinfo.fr\/gerardmerinfo\/#\/schema\/person\/bb210d3430e59ff5cd247deaccb63615\"},\"headline\":\"Comm\u00e9moration du 8 mai\u00a0: \u00a0Mohamed Mehraz re\u00e7oit la m\u00e9daille militaire\",\"datePublished\":\"2024-05-09T12:20:48+00:00\",\"dateModified\":\"2024-05-09T13:37:52+00:00\",\"mainEntityOfPage\":{\"@id\":\"https:\/\/vosgesinfo.fr\/gerardmerinfo\/2024\/05\/commemoration-du-8-mai-mohamed-mehraz-recoit-la-medaille-militaire\/\"},\"wordCount\":277,\"commentCount\":1,\"publisher\":{\"@id\":\"https:\/\/vosgesinfo.fr\/gerardmerinfo\/#organization\"},\"image\":{\"@id\":\"https:\/\/vosgesinfo.fr\/gerardmerinfo\/2024\/05\/commemoration-du-8-mai-mohamed-mehraz-recoit-la-medaille-militaire\/#primaryimage\"},\"thumbnailUrl\":\"https:\/\/vosgesinfo.fr\/app\/uploads\/sites\/6\/2024\/05\/ceremonie-du-8-mai-remise-medaille-2024-3-scaled.jpeg\",\"keywords\":[\"8 mai 45\",\"comm\u00e9moration\",\"Mohamed Mehraz\",\"Monument au mort\"],\"articleSection\":[\"A la une\",\"Ev\u00e8nements\",\"G\u00e9rardmer\"],\"inLanguage\":\"fr-FR\",\"potentialAction\":[{\"@type\":\"CommentAction\",\"name\":\"Comment\",\"target\":[\"https:\/\/vosgesinfo.fr\/gerardmerinfo\/2024\/05\/commemoration-du-8-mai-mohamed-mehraz-recoit-la-medaille-militaire\/#respond\"]}]},{\"@type\":\"WebPage\",\"@id\":\"https:\/\/vosgesinfo.fr\/gerardmerinfo\/2024\/05\/commemoration-du-8-mai-mohamed-mehraz-recoit-la-medaille-militaire\/\",\"url\":\"https:\/\/vosgesinfo.fr\/gerardmerinfo\/2024\/05\/commemoration-du-8-mai-mohamed-mehraz-recoit-la-medaille-militaire\/\",\"name\":\"Comm\u00e9moration du 8 mai\u00a0: \u00a0Mohamed Mehraz re\u00e7oit la m\u00e9daille militaire - Gerardmer Info\",\"isPartOf\":{\"@id\":\"https:\/\/vosgesinfo.fr\/gerardmerinfo\/#website\"},\"primaryImageOfPage\":{\"@id\":\"https:\/\/vosgesinfo.fr\/gerardmerinfo\/2024\/05\/commemoration-du-8-mai-mohamed-mehraz-recoit-la-medaille-militaire\/#primaryimage\"},\"image\":{\"@id\":\"https:\/\/vosgesinfo.fr\/gerardmerinfo\/2024\/05\/commemoration-du-8-mai-mohamed-mehraz-recoit-la-medaille-militaire\/#primaryimage\"},\"thumbnailUrl\":\"https:\/\/vosgesinfo.fr\/app\/uploads\/sites\/6\/2024\/05\/ceremonie-du-8-mai-remise-medaille-2024-3-scaled.jpeg\",\"datePublished\":\"2024-05-09T12:20:48+00:00\",\"dateModified\":\"2024-05-09T13:37:52+00:00\",\"breadcrumb\":{\"@id\":\"https:\/\/vosgesinfo.fr\/gerardmerinfo\/2024\/05\/commemoration-du-8-mai-mohamed-mehraz-recoit-la-medaille-militaire\/#breadcrumb\"},\"inLanguage\":\"fr-FR\",\"potentialAction\":[{\"@type\":\"ReadAction\",\"target\":[\"https:\/\/vosgesinfo.fr\/gerardmerinfo\/2024\/05\/commemoration-du-8-mai-mohamed-mehraz-recoit-la-medaille-militaire\/\"]}]},{\"@type\":\"ImageObject\",\"inLanguage\":\"fr-FR\",\"@id\":\"https:\/\/vosgesinfo.fr\/gerardmerinfo\/2024\/05\/commemoration-du-8-mai-mohamed-mehraz-recoit-la-medaille-militaire\/#primaryimage\",\"url\":\"https:\/\/vosgesinfo.fr\/app\/uploads\/sites\/6\/2024\/05\/ceremonie-du-8-mai-remise-medaille-2024-3-scaled.jpeg\",\"contentUrl\":\"https:\/\/vosgesinfo.fr\/app\/uploads\/sites\/6\/2024\/05\/ceremonie-du-8-mai-remise-medaille-2024-3-scaled.jpeg\",\"width\":2560,\"height\":1920},{\"@type\":\"BreadcrumbList\",\"@id\":\"https:\/\/vosgesinfo.fr\/gerardmerinfo\/2024\/05\/commemoration-du-8-mai-mohamed-mehraz-recoit-la-medaille-militaire\/#breadcrumb\",\"itemListElement\":[{\"@type\":\"ListItem\",\"position\":1,\"name\":\"Home\",\"item\":\"https:\/\/vosgesinfo.fr\/gerardmerinfo\/\"},{\"@type\":\"ListItem\",\"position\":2,\"name\":\"Comm\u00e9moration du 8 mai\u00a0: \u00a0Mohamed Mehraz re\u00e7oit la m\u00e9daille militaire\"}]},{\"@type\":\"WebSite\",\"@id\":\"https:\/\/vosgesinfo.fr\/gerardmerinfo\/#website\",\"url\":\"https:\/\/vosgesinfo.fr\/gerardmerinfo\/\",\"name\":\"Gerardmer Info\",\"description\":\"Toute l&#039;actualit\u00e9 de G\u00e9rardmer\",\"publisher\":{\"@id\":\"https:\/\/vosgesinfo.fr\/gerardmerinfo\/#organization\"},\"alternateName\":\"Toute l'actualit\u00e9 de G\u00e9rardmer\",\"potentialAction\":[{\"@type\":\"SearchAction\",\"target\":{\"@type\":\"EntryPoint\",\"urlTemplate\":\"https:\/\/vosgesinfo.fr\/gerardmerinfo\/?s={search_term_string}\"},\"query-input\":\"required name=search_term_string\"}],\"inLanguage\":\"fr-FR\"},{\"@type\":\"Organization\",\"@id\":\"https:\/\/vosgesinfo.fr\/gerardmerinfo\/#organization\",\"name\":\"Gerardmer Info\",\"url\":\"https:\/\/vosgesinfo.fr\/gerardmerinfo\/\",\"logo\":{\"@type\":\"ImageObject\",\"inLanguage\":\"fr-FR\",\"@id\":\"https:\/\/vosgesinfo.fr\/gerardmerinfo\/#\/schema\/logo\/image\/\",\"url\":\"https:\/\/vosgesinfo.fr\/app\/uploads\/sites\/6\/2023\/08\/favicon-gerardmerinfo.png\",\"contentUrl\":\"https:\/\/vosgesinfo.fr\/app\/uploads\/sites\/6\/2023\/08\/favicon-gerardmerinfo.png\",\"width\":512,\"height\":512,\"caption\":\"Gerardmer Info\"},\"image\":{\"@id\":\"https:\/\/vosgesinfo.fr\/gerardmerinfo\/#\/schema\/logo\/image\/\"},\"sameAs\":[\"https:\/\/www.facebook.com\/profile.php?id=100049475262660\",\"https:\/\/x.com\/VosgesInfo88\",\"https:\/\/www.youtube.com\/@vosgesinfo\"]},{\"@type\":\"Person\",\"@id\":\"https:\/\/vosgesinfo.fr\/gerardmerinfo\/#\/schema\/person\/bb210d3430e59ff5cd247deaccb63615\",\"name\":\"I.N\",\"image\":{\"@type\":\"ImageObject\",\"inLanguage\":\"fr-FR\",\"@id\":\"https:\/\/vosgesinfo.fr\/gerardmerinfo\/#\/schema\/person\/image\/\",\"url\":\"https:\/\/secure.gravatar.com\/avatar\/612d5c20a39b1c8bc5675cc8e3d99e120730e7d080423fdafec485619845af71?s=96&d=mm&r=g\",\"contentUrl\":\"https:\/\/secure.gravatar.com\/avatar\/612d5c20a39b1c8bc5675cc8e3d99e120730e7d080423fdafec485619845af71?s=96&d=mm&r=g\",\"caption\":\"I.N\"},\"url\":\"https:\/\/vosgesinfo.fr\/gerardmerinfo\/author\/i-ngerardmer\/\"}]}<\/script>\n<!-- \/ Yoast SEO plugin. -->","yoast_head_json":{"title":"Comm\u00e9moration du 8 mai\u00a0: \u00a0Mohamed Mehraz re\u00e7oit la m\u00e9daille militaire - Gerardmer Info","robots":{"index":"index","follow":"follow","max-snippet":"max-snippet:-1","max-image-preview":"max-image-preview:large","max-video-preview":"max-video-preview:-1"},"canonical":"https:\/\/vosgesinfo.fr\/gerardmerinfo\/2024\/05\/commemoration-du-8-mai-mohamed-mehraz-recoit-la-medaille-militaire\/","twitter_card":"summary_large_image","twitter_title":"Comm\u00e9moration du 8 mai\u00a0: \u00a0Mohamed Mehraz re\u00e7oit la m\u00e9daille militaire - Gerardmer Info","twitter_description":"Ce mercredi 8 mai au monument au mort de G\u00e9rardmer le Maire Stessy Speissmann Mozas et les \u00e9lus de la [&hellip;]","twitter_image":"https:\/\/vosgesinfo.fr\/app\/uploads\/sites\/6\/2024\/05\/ceremonie-du-8-mai-remise-medaille-2024-3-scaled.jpeg","twitter_creator":"@VosgesInfo88","twitter_site":"@VosgesInfo88","twitter_misc":{"\u00c9crit par":"I.N","Dur\u00e9e de lecture estim\u00e9e":"2 minutes"},"schema":{"@context":"https:\/\/schema.org","@graph":[{"@type":"Article","@id":"https:\/\/vosgesinfo.fr\/gerardmerinfo\/2024\/05\/commemoration-du-8-mai-mohamed-mehraz-recoit-la-medaille-militaire\/#article","isPartOf":{"@id":"https:\/\/vosgesinfo.fr\/gerardmerinfo\/2024\/05\/commemoration-du-8-mai-mohamed-mehraz-recoit-la-medaille-militaire\/"},"author":{"name":"I.N","@id":"https:\/\/vosgesinfo.fr\/gerardmerinfo\/#\/schema\/person\/bb210d3430e59ff5cd247deaccb63615"},"headline":"Comm\u00e9moration du 8 mai\u00a0: \u00a0Mohamed Mehraz re\u00e7oit la m\u00e9daille militaire","datePublished":"2024-05-09T12:20:48+00:00","dateModified":"2024-05-09T13:37:52+00:00","mainEntityOfPage":{"@id":"https:\/\/vosgesinfo.fr\/gerardmerinfo\/2024\/05\/commemoration-du-8-mai-mohamed-mehraz-recoit-la-medaille-militaire\/"},"wordCount":277,"commentCount":1,"publisher":{"@id":"https:\/\/vosgesinfo.fr\/gerardmerinfo\/#organization"},"image":{"@id":"https:\/\/vosgesinfo.fr\/gerardmerinfo\/2024\/05\/commemoration-du-8-mai-mohamed-mehraz-recoit-la-medaille-militaire\/#primaryimage"},"thumbnailUrl":"https:\/\/vosgesinfo.fr\/app\/uploads\/sites\/6\/2024\/05\/ceremonie-du-8-mai-remise-medaille-2024-3-scaled.jpeg","keywords":["8 mai 45","comm\u00e9moration","Mohamed Mehraz","Monument au mort"],"articleSection":["A la une","Ev\u00e8nements","G\u00e9rardmer"],"inLanguage":"fr-FR","potentialAction":[{"@type":"CommentAction","name":"Comment","target":["https:\/\/vosgesinfo.fr\/gerardmerinfo\/2024\/05\/commemoration-du-8-mai-mohamed-mehraz-recoit-la-medaille-militaire\/#respond"]}]},{"@type":"WebPage","@id":"https:\/\/vosgesinfo.fr\/gerardmerinfo\/2024\/05\/commemoration-du-8-mai-mohamed-mehraz-recoit-la-medaille-militaire\/","url":"https:\/\/vosgesinfo.fr\/gerardmerinfo\/2024\/05\/commemoration-du-8-mai-mohamed-mehraz-recoit-la-medaille-militaire\/","name":"Comm\u00e9moration du 8 mai\u00a0: \u00a0Mohamed Mehraz re\u00e7oit la m\u00e9daille militaire - Gerardmer Info","isPartOf":{"@id":"https:\/\/vosgesinfo.fr\/gerardmerinfo\/#website"},"primaryImageOfPage":{"@id":"https:\/\/vosgesinfo.fr\/gerardmerinfo\/2024\/05\/commemoration-du-8-mai-mohamed-mehraz-recoit-la-medaille-militaire\/#primaryimage"},"image":{"@id":"https:\/\/vosgesinfo.fr\/gerardmerinfo\/2024\/05\/commemoration-du-8-mai-mohamed-mehraz-recoit-la-medaille-militaire\/#primaryimage"},"thumbnailUrl":"https:\/\/vosgesinfo.fr\/app\/uploads\/sites\/6\/2024\/05\/ceremonie-du-8-mai-remise-medaille-2024-3-scaled.jpeg","datePublished":"2024-05-09T12:20:48+00:00","dateModified":"2024-05-09T13:37:52+00:00","breadcrumb":{"@id":"https:\/\/vosgesinfo.fr\/gerardmerinfo\/2024\/05\/commemoration-du-8-mai-mohamed-mehraz-recoit-la-medaille-militaire\/#breadcrumb"},"inLanguage":"fr-FR","potentialAction":[{"@type":"ReadAction","target":["https:\/\/vosgesinfo.fr\/gerardmerinfo\/2024\/05\/commemoration-du-8-mai-mohamed-mehraz-recoit-la-medaille-militaire\/"]}]},{"@type":"ImageObject","inLanguage":"fr-FR","@id":"https:\/\/vosgesinfo.fr\/gerardmerinfo\/2024\/05\/commemoration-du-8-mai-mohamed-mehraz-recoit-la-medaille-militaire\/#primaryimage","url":"https:\/\/vosgesinfo.fr\/app\/uploads\/sites\/6\/2024\/05\/ceremonie-du-8-mai-remise-medaille-2024-3-scaled.jpeg","contentUrl":"https:\/\/vosgesinfo.fr\/app\/uploads\/sites\/6\/2024\/05\/ceremonie-du-8-mai-remise-medaille-2024-3-scaled.jpeg","width":2560,"height":1920},{"@type":"BreadcrumbList","@id":"https:\/\/vosgesinfo.fr\/gerardmerinfo\/2024\/05\/commemoration-du-8-mai-mohamed-mehraz-recoit-la-medaille-militaire\/#breadcrumb","itemListElement":[{"@type":"ListItem","position":1,"name":"Home","item":"https:\/\/vosgesinfo.fr\/gerardmerinfo\/"},{"@type":"ListItem","position":2,"name":"Comm\u00e9moration du 8 mai\u00a0: \u00a0Mohamed Mehraz re\u00e7oit la m\u00e9daille militaire"}]},{"@type":"WebSite","@id":"https:\/\/vosgesinfo.fr\/gerardmerinfo\/#website","url":"https:\/\/vosgesinfo.fr\/gerardmerinfo\/","name":"Gerardmer Info","description":"Toute l&#039;actualit\u00e9 de G\u00e9rardmer","publisher":{"@id":"https:\/\/vosgesinfo.fr\/gerardmerinfo\/#organization"},"alternateName":"Toute l'actualit\u00e9 de G\u00e9rardmer","potentialAction":[{"@type":"SearchAction","target":{"@type":"EntryPoint","urlTemplate":"https:\/\/vosgesinfo.fr\/gerardmerinfo\/?s={search_term_string}"},"query-input":"required name=search_term_string"}],"inLanguage":"fr-FR"},{"@type":"Organization","@id":"https:\/\/vosgesinfo.fr\/gerardmerinfo\/#organization","name":"Gerardmer Info","url":"https:\/\/vosgesinfo.fr\/gerardmerinfo\/","logo":{"@type":"ImageObject","inLanguage":"fr-FR","@id":"https:\/\/vosgesinfo.fr\/gerardmerinfo\/#\/schema\/logo\/image\/","url":"https:\/\/vosgesinfo.fr\/app\/uploads\/sites\/6\/2023\/08\/favicon-gerardmerinfo.png","contentUrl":"https:\/\/vosgesinfo.fr\/app\/uploads\/sites\/6\/2023\/08\/favicon-gerardmerinfo.png","width":512,"height":512,"caption":"Gerardmer Info"},"image":{"@id":"https:\/\/vosgesinfo.fr\/gerardmerinfo\/#\/schema\/logo\/image\/"},"sameAs":["https:\/\/www.facebook.com\/profile.php?id=100049475262660","https:\/\/x.com\/VosgesInfo88","https:\/\/www.youtube.com\/@vosgesinfo"]},{"@type":"Person","@id":"https:\/\/vosgesinfo.fr\/gerardmerinfo\/#\/schema\/person\/bb210d3430e59ff5cd247deaccb63615","name":"I.N","image":{"@type":"ImageObject","inLanguage":"fr-FR","@id":"https:\/\/vosgesinfo.fr\/gerardmerinfo\/#\/schema\/person\/image\/","url":"https:\/\/secure.gravatar.com\/avatar\/612d5c20a39b1c8bc5675cc8e3d99e120730e7d080423fdafec485619845af71?s=96&d=mm&r=g","contentUrl":"https:\/\/secure.gravatar.com\/avatar\/612d5c20a39b1c8bc5675cc8e3d99e120730e7d080423fdafec485619845af71?s=96&d=mm&r=g","caption":"I.N"},"url":"https:\/\/vosgesinfo.fr\/gerardmerinfo\/author\/i-ngerardmer\/"}]}},"_links":{"self":[{"href":"https:\/\/vosgesinfo.fr\/gerardmerinfo\/wp-json\/wp\/v2\/posts\/8949","targetHints":{"allow":["GET"]}}],"collection":[{"href":"https:\/\/vosgesinfo.fr\/gerardmerinfo\/wp-json\/wp\/v2\/posts"}],"about":[{"href":"https:\/\/vosgesinfo.fr\/gerardmerinfo\/wp-json\/wp\/v2\/types\/post"}],"author":[{"embeddable":true,"href":"https:\/\/vosgesinfo.fr\/gerardmerinfo\/wp-json\/wp\/v2\/users\/258"}],"replies":[{"embeddable":true,"href":"https:\/\/vosgesinfo.fr\/gerardmerinfo\/wp-json\/wp\/v2\/comments?post=8949"}],"version-history":[{"count":4,"href":"https:\/\/vosgesinfo.fr\/gerardmerinfo\/wp-json\/wp\/v2\/posts\/8949\/revisions"}],"predecessor-version":[{"id":8966,"href":"https:\/\/vosgesinfo.fr\/gerardmerinfo\/wp-json\/wp\/v2\/posts\/8949\/revisions\/8966"}],"wp:featuredmedia":[{"embeddable":true,"href":"https:\/\/vosgesinfo.fr\/gerardmerinfo\/wp-json\/wp\/v2\/media\/8950"}],"wp:attachment":[{"href":"https:\/\/vosgesinfo.fr\/gerardmerinfo\/wp-json\/wp\/v2\/media?parent=8949"}],"wp:term":[{"taxonomy":"category","embeddable":true,"href":"https:\/\/vosgesinfo.fr\/gerardmerinfo\/wp-json\/wp\/v2\/categories?post=8949"},{"taxonomy":"post_tag","embeddable":true,"href":"https:\/\/vosgesinfo.fr\/gerardmerinfo\/wp-json\/wp\/v2\/tags?post=8949"}],"curies":[{"name":"wp","href":"https:\/\/api.w.org\/{rel}","templated":true}]}}