{"id":902,"date":"2024-01-22T14:39:16","date_gmt":"2024-01-22T13:39:16","guid":{"rendered":"https:\/\/vosgesinfo.fr\/gerardmerinfo\/2024\/01\/ski-alpin-coupe-dargent-en-nocturne-et-course-promo-sous-le-soleil\/"},"modified":"2024-01-22T14:39:16","modified_gmt":"2024-01-22T13:39:16","slug":"ski-alpin-coupe-dargent-en-nocturne-et-course-promo-sous-le-soleil","status":"publish","type":"post","link":"https:\/\/vosgesinfo.fr\/gerardmerinfo\/2024\/01\/ski-alpin-coupe-dargent-en-nocturne-et-course-promo-sous-le-soleil\/","title":{"rendered":"Ski alpin : Coupe d\u2019Argent en nocturne et course promo sous le soleil"},"content":{"rendered":"<p><a href=\"https:\/\/vosgesinfo.fr\/app\/uploads\/sites\/6\/2024\/01\/coupe-dargent-en-nocturne-a-la-bresse.jpg\"><img decoding=\"async\" class=\"aligncenter size-full wp-image-214861\" src=\"https:\/\/vosgesinfo.fr\/app\/uploads\/sites\/6\/2024\/01\/coupe-dargent-en-nocturne-a-la-bresse.jpg\" alt=\"Coupe d'Argent en nocturne \u00e0 la Bresse\" width=\"768\" height=\"576\" \/><\/a><\/p>\n\n<p align=\"justify\">\n<p align=\"justify\"><span style=\"font-family: Arial, serif;\"><span style=\"font-size: medium;\">Ils \u00e9taient pr\u00e8s de 150 coureurs, des cat\u00e9gories U14 \u00e0 U30 \u00e0 concourir sur cette course en slalom pour le moins originale, car nocturne, sur le domaine de La Bresse, entre magnifique coucher de soleil et ciel parsem\u00e9 d\u2019\u00e9toiles. La piste offrait d\u2019excellentes conditions, mais le trac\u00e9 tr\u00e8s exigent et particuli\u00e8rement rapide demandait d\u2019\u00eatre solide pour tenir jusqu\u2019au franchissement de la ligne d\u2019arriv\u00e9e. Preuve en est qu\u2019un coureur sur deux seulement entrait dans le classement final.<\/span><\/span><\/p>\n<p align=\"justify\"><span style=\"font-family: Arial, serif;\"><span style=\"font-size: medium;\">Malgr\u00e9 la difficult\u00e9, la quasi-totalit\u00e9 des podiums compte au moins un g\u00e9r\u00f4mois.<\/span><\/span><\/p>\n<p align=\"justify\"><span style=\"font-family: Arial, serif;\"><span style=\"font-size: medium;\">Chez les filles, en U14, Emmy EHRET termine 5<\/span><\/span><sup><span style=\"font-family: Arial, serif;\"><span style=\"font-size: medium;\">\u00e8me<\/span><\/span><\/sup><span style=\"font-family: Arial, serif;\"><span style=\"font-size: medium;\">, Jeanne SEGUIN 9<\/span><\/span><sup><span style=\"font-family: Arial, serif;\"><span style=\"font-size: medium;\">\u00e8me<\/span><\/span><\/sup><span style=\"font-family: Arial, serif;\"><span style=\"font-size: medium;\">. Un grand bravo \u00e0 Soizig HUBSCHI qui remporte la course chez les U16. Bravo \u00e9galement \u00e0 Marine VASSEUR, 2<\/span><\/span><sup><span style=\"font-family: Arial, serif;\"><span style=\"font-size: medium;\">\u00e8me<\/span><\/span><\/sup><span style=\"font-family: Arial, serif;\"><span style=\"font-size: medium;\"> chez les U18 et Ambre TUAILLON 3<\/span><\/span><sup><span style=\"font-family: Arial, serif;\"><span style=\"font-size: medium;\">\u00e8me<\/span><\/span><\/sup><span style=\"font-family: Arial, serif;\"><span style=\"font-size: medium;\"> chez les U21.<\/span><\/span><\/p>\n<p align=\"justify\"><span style=\"font-family: Arial, serif;\"><span style=\"font-size: medium;\">Du c\u00f4t\u00e9 des gar\u00e7ons, les U14 sont bien repr\u00e9sent\u00e9s par Gabriel LIMAUX et Lubin HUBSCHI qui r\u00e9alisent de belles performances en se classant respectivement 1<\/span><\/span><sup><span style=\"font-family: Arial, serif;\"><span style=\"font-size: medium;\">er<\/span><\/span><\/sup><span style=\"font-family: Arial, serif;\"><span style=\"font-size: medium;\"> et 2<\/span><\/span><sup><span style=\"font-family: Arial, serif;\"><span style=\"font-size: medium;\">\u00e8me<\/span><\/span><\/sup><span style=\"font-family: Arial, serif;\"><span style=\"font-size: medium;\"> U14, Ugo WISSEMBERG se classe 8<\/span><\/span><sup><span style=\"font-family: Arial, serif;\"><span style=\"font-size: medium;\">\u00e8me<\/span><\/span><\/sup><span style=\"font-family: Arial, serif;\"><span style=\"font-size: medium;\">. Chez les U16, Janis ANTOINE remporte une belle 2<\/span><\/span><sup><span style=\"font-family: Arial, serif;\"><span style=\"font-size: medium;\">\u00e8me<\/span><\/span><\/sup><span style=\"font-family: Arial, serif;\"><span style=\"font-size: medium;\"> place, Louis MAGNIN se classe 5<\/span><\/span><sup><span style=\"font-family: Arial, serif;\"><span style=\"font-size: medium;\">\u00e8me<\/span><\/span><\/sup><span style=\"font-family: Arial, serif;\"><span style=\"font-size: medium;\"> et Stanislas JOUANIQUE 10<\/span><\/span><sup><span style=\"font-family: Arial, serif;\"><span style=\"font-size: medium;\">\u00e8me<\/span><\/span><\/sup><span style=\"font-family: Arial, serif;\"><span style=\"font-size: medium;\">. Chez les U18 c\u2019est Emilien BOURDIN qui remporte la 2<\/span><\/span><sup><span style=\"font-family: Arial, serif;\"><span style=\"font-size: medium;\">\u00e8me<\/span><\/span><\/sup><span style=\"font-family: Arial, serif;\"><span style=\"font-size: medium;\"> place, Nils FREDRIKSEN termine 4<\/span><\/span><sup><span style=\"font-family: Arial, serif;\"><span style=\"font-size: medium;\">\u00e8me<\/span><\/span><\/sup><span style=\"font-family: Arial, serif;\"><span style=\"font-size: medium;\"> et Noan LECOMTE 6<\/span><\/span><sup><span style=\"font-family: Arial, serif;\"><span style=\"font-size: medium;\">\u00e8me<\/span><\/span><\/sup><span style=\"font-family: Arial, serif;\"><span style=\"font-size: medium;\">. Enfin chez les U21, Tom REMY tient son rang en remportant la course et en terminant \u00e9galement 1<\/span><\/span><sup><span style=\"font-family: Arial, serif;\"><span style=\"font-size: medium;\">er<\/span><\/span><\/sup><span style=\"font-family: Arial, serif;\"><span style=\"font-size: medium;\"> au scratch\u00a0! Jules MILLIOTTE se classe 6<\/span><\/span><sup><span style=\"font-family: Arial, serif;\"><span style=\"font-size: medium;\">\u00e8me<\/span><\/span><\/sup><span style=\"font-family: Arial, serif;\"><span style=\"font-size: medium;\">.<\/span><\/span><\/p>\n<p align=\"justify\">\n<p align=\"justify\"><span style=\"font-family: Arial, serif;\"><span style=\"font-size: medium;\">Le lendemain dimanche, c\u2019est cette fois sous un franc soleil que s\u2019est d\u00e9roul\u00e9e une course promo, au Ballon d\u2019Alsace, pour les cat\u00e9gories U8 \u00e0 U14, en slalom.<\/span><\/span><\/p>\n<p align=\"justify\"><span style=\"font-family: Arial, serif;\"><span style=\"font-size: medium;\">Des conditions de pistes tr\u00e8s bonnes \u00e9galement. <\/span><\/span><\/p>\n<p align=\"justify\"><span style=\"font-family: Arial, serif;\"><span style=\"font-size: medium;\">Chez les filles, f\u00e9licitations \u00e0 Rose REMPP qui monte sur la 3<\/span><\/span><sup><span style=\"font-family: Arial, serif;\"><span style=\"font-size: medium;\">\u00e8me<\/span><\/span><\/sup><span style=\"font-family: Arial, serif;\"><span style=\"font-size: medium;\"> marche du podium en 1<\/span><\/span><sup><span style=\"font-family: Arial, serif;\"><span style=\"font-size: medium;\">\u00e8re<\/span><\/span><\/sup><span style=\"font-family: Arial, serif;\"><span style=\"font-size: medium;\"> manche, et 2<\/span><\/span><sup><span style=\"font-family: Arial, serif;\"><span style=\"font-size: medium;\">\u00e8me<\/span><\/span><\/sup><span style=\"font-family: Arial, serif;\"><span style=\"font-size: medium;\"> en 2<\/span><\/span><sup><span style=\"font-family: Arial, serif;\"><span style=\"font-size: medium;\">\u00e8me<\/span><\/span><\/sup><span style=\"font-family: Arial, serif;\"><span style=\"font-size: medium;\"> manche chez les U8. Louise MACQUET termine 7<\/span><\/span><sup><span style=\"font-family: Arial, serif;\"><span style=\"font-size: medium;\">\u00e8me<\/span><\/span><\/sup><span style=\"font-family: Arial, serif;\"><span style=\"font-size: medium;\"> et 12<\/span><\/span><sup><span style=\"font-family: Arial, serif;\"><span style=\"font-size: medium;\">\u00e8me<\/span><\/span><\/sup><span style=\"font-family: Arial, serif;\"><span style=\"font-size: medium;\"> sur ces deux manches chez les U12.<\/span><\/span><\/p>\n<p align=\"justify\"><span style=\"font-family: Arial, serif;\"><span style=\"font-size: medium;\">Chez les gar\u00e7ons, un grand bravo \u00e0 Nao BENDJEDIA qui remporte la victoire chez les U8 en 1<\/span><\/span><sup><span style=\"font-family: Arial, serif;\"><span style=\"font-size: medium;\">\u00e8re<\/span><\/span><\/sup><span style=\"font-family: Arial, serif;\"><span style=\"font-size: medium;\"> manche. Chez les U10, Eliott CORNIL termine 6<\/span><\/span><sup><span style=\"font-family: Arial, serif;\"><span style=\"font-size: medium;\">\u00e8me<\/span><\/span><\/sup><span style=\"font-family: Arial, serif;\"><span style=\"font-size: medium;\"> en 1<\/span><\/span><sup><span style=\"font-family: Arial, serif;\"><span style=\"font-size: medium;\">\u00e8re<\/span><\/span><\/sup><span style=\"font-family: Arial, serif;\"><span style=\"font-size: medium;\"> manche, puis 5<\/span><\/span><sup><span style=\"font-family: Arial, serif;\"><span style=\"font-size: medium;\">\u00e8me<\/span><\/span><\/sup><span style=\"font-family: Arial, serif;\"><span style=\"font-size: medium;\"> en 2<\/span><\/span><sup><span style=\"font-family: Arial, serif;\"><span style=\"font-size: medium;\">\u00e8me<\/span><\/span><\/sup><span style=\"font-family: Arial, serif;\"><span style=\"font-size: medium;\"> manche, L\u00e9o WISSEMBERG, 14<\/span><\/span><sup><span style=\"font-family: Arial, serif;\"><span style=\"font-size: medium;\">\u00e8me<\/span><\/span><\/sup><span style=\"font-family: Arial, serif;\"><span style=\"font-size: medium;\"> en 1<\/span><\/span><sup><span style=\"font-family: Arial, serif;\"><span style=\"font-size: medium;\">\u00e8re<\/span><\/span><\/sup><span style=\"font-family: Arial, serif;\"><span style=\"font-size: medium;\"> manche remonte \u00e0 la 8<\/span><\/span><sup><span style=\"font-family: Arial, serif;\"><span style=\"font-size: medium;\">\u00e8me<\/span><\/span><\/sup><span style=\"font-family: Arial, serif;\"><span style=\"font-size: medium;\"> place en 2<\/span><\/span><sup><span style=\"font-family: Arial, serif;\"><span style=\"font-size: medium;\">\u00e8me<\/span><\/span><\/sup><span style=\"font-family: Arial, serif;\"><span style=\"font-size: medium;\"> manche. L\u00e9andre PIERRAT se classe 10<\/span><\/span><sup><span style=\"font-family: Arial, serif;\"><span style=\"font-size: medium;\">\u00e8me<\/span><\/span><\/sup><span style=\"font-family: Arial, serif;\"><span style=\"font-size: medium;\"> en 2<\/span><\/span><sup><span style=\"font-family: Arial, serif;\"><span style=\"font-size: medium;\">\u00e8me<\/span><\/span><\/sup><span style=\"font-family: Arial, serif;\"><span style=\"font-size: medium;\"> manche. Enfin chez les U14, bravo \u00e0 Ugo WISSEMBERG qui monte sur la 2<\/span><\/span><sup><span style=\"font-family: Arial, serif;\"><span style=\"font-size: medium;\">\u00e8me<\/span><\/span><\/sup><span style=\"font-family: Arial, serif;\"><span style=\"font-size: medium;\"> marche du podium sur les 2 manches.<\/span><\/span><\/p>\n<p>&nbsp;<\/p>\n<p><a name=\"_GoBack\"><\/a> <span style=\"font-family: Arial, serif;\">Caroline Cominotti pour l\u2019AS G\u00e9rardmer Ski Alpin<\/span><\/p>\n<p>&nbsp;<\/p>\n","protected":false},"excerpt":{"rendered":"<p>Ils \u00e9taient pr\u00e8s de 150 coureurs, des cat\u00e9gories U14 \u00e0 U30 \u00e0 concourir sur cette course en slalom pour le [&hellip;]<\/p>\n","protected":false},"author":1,"featured_media":901,"comment_status":"open","ping_status":"open","sticky":false,"template":"","format":"standard","meta":{"footnotes":""},"categories":[20,25,14],"tags":[158,205,206],"class_list":["post-902","post","type-post","status-publish","format-standard","has-post-thumbnail","hentry","category-a-la-une","category-gerardmer","category-sport","tag-asg-ski-alpin","tag-janis-antoine","tag-nao-bendjedia"],"acf":[],"yoast_head":"<!-- This site is optimized with the Yoast SEO plugin v22.5 - https:\/\/yoast.com\/wordpress\/plugins\/seo\/ -->\n<title>Ski alpin : Coupe d\u2019Argent en nocturne et course promo sous le soleil - Gerardmer Info<\/title>\n<meta name=\"robots\" content=\"index, follow, max-snippet:-1, max-image-preview:large, max-video-preview:-1\" \/>\n<link rel=\"canonical\" href=\"https:\/\/vosgesinfo.fr\/gerardmerinfo\/2024\/01\/ski-alpin-coupe-dargent-en-nocturne-et-course-promo-sous-le-soleil\/\" \/>\n<meta name=\"twitter:card\" content=\"summary_large_image\" \/>\n<meta name=\"twitter:title\" content=\"Ski alpin : Coupe d\u2019Argent en nocturne et course promo sous le soleil - Gerardmer Info\" \/>\n<meta name=\"twitter:description\" content=\"Ils \u00e9taient pr\u00e8s de 150 coureurs, des cat\u00e9gories U14 \u00e0 U30 \u00e0 concourir sur cette course en slalom pour le [&hellip;]\" \/>\n<meta name=\"twitter:image\" content=\"https:\/\/vosgesinfo.fr\/app\/uploads\/sites\/6\/2024\/01\/coupe-dargent-en-nocturne-a-la-bresse.jpg\" \/>\n<meta name=\"twitter:creator\" content=\"@VosgesInfo88\" \/>\n<meta name=\"twitter:site\" content=\"@VosgesInfo88\" \/>\n<meta name=\"twitter:label1\" content=\"\u00c9crit par\" \/>\n\t<meta name=\"twitter:data1\" content=\"qs_admin\" \/>\n\t<meta name=\"twitter:label2\" content=\"Dur\u00e9e de lecture estim\u00e9e\" \/>\n\t<meta name=\"twitter:data2\" content=\"2 minutes\" \/>\n<script type=\"application\/ld+json\" class=\"yoast-schema-graph\">{\"@context\":\"https:\/\/schema.org\",\"@graph\":[{\"@type\":\"Article\",\"@id\":\"https:\/\/vosgesinfo.fr\/gerardmerinfo\/2024\/01\/ski-alpin-coupe-dargent-en-nocturne-et-course-promo-sous-le-soleil\/#article\",\"isPartOf\":{\"@id\":\"https:\/\/vosgesinfo.fr\/gerardmerinfo\/2024\/01\/ski-alpin-coupe-dargent-en-nocturne-et-course-promo-sous-le-soleil\/\"},\"author\":{\"name\":\"qs_admin\",\"@id\":\"https:\/\/vosgesinfo.fr\/gerardmerinfo\/#\/schema\/person\/bc5d02d71e6932e81b6dadb7386667b1\"},\"headline\":\"Ski alpin : Coupe d\u2019Argent en nocturne et course promo sous le soleil\",\"datePublished\":\"2024-01-22T13:39:16+00:00\",\"dateModified\":\"2024-01-22T13:39:16+00:00\",\"mainEntityOfPage\":{\"@id\":\"https:\/\/vosgesinfo.fr\/gerardmerinfo\/2024\/01\/ski-alpin-coupe-dargent-en-nocturne-et-course-promo-sous-le-soleil\/\"},\"wordCount\":425,\"commentCount\":0,\"publisher\":{\"@id\":\"https:\/\/vosgesinfo.fr\/gerardmerinfo\/#organization\"},\"image\":{\"@id\":\"https:\/\/vosgesinfo.fr\/gerardmerinfo\/2024\/01\/ski-alpin-coupe-dargent-en-nocturne-et-course-promo-sous-le-soleil\/#primaryimage\"},\"thumbnailUrl\":\"https:\/\/vosgesinfo.fr\/app\/uploads\/sites\/6\/2024\/01\/coupe-dargent-en-nocturne-a-la-bresse.jpg\",\"keywords\":[\"asg ski alpin\",\"Janis Antoine\",\"Nao Bendjedia\"],\"articleSection\":[\"A la une\",\"G\u00e9rardmer\",\"Sport\"],\"inLanguage\":\"fr-FR\",\"potentialAction\":[{\"@type\":\"CommentAction\",\"name\":\"Comment\",\"target\":[\"https:\/\/vosgesinfo.fr\/gerardmerinfo\/2024\/01\/ski-alpin-coupe-dargent-en-nocturne-et-course-promo-sous-le-soleil\/#respond\"]}]},{\"@type\":\"WebPage\",\"@id\":\"https:\/\/vosgesinfo.fr\/gerardmerinfo\/2024\/01\/ski-alpin-coupe-dargent-en-nocturne-et-course-promo-sous-le-soleil\/\",\"url\":\"https:\/\/vosgesinfo.fr\/gerardmerinfo\/2024\/01\/ski-alpin-coupe-dargent-en-nocturne-et-course-promo-sous-le-soleil\/\",\"name\":\"Ski alpin : Coupe d\u2019Argent en nocturne et course promo sous le soleil - Gerardmer Info\",\"isPartOf\":{\"@id\":\"https:\/\/vosgesinfo.fr\/gerardmerinfo\/#website\"},\"primaryImageOfPage\":{\"@id\":\"https:\/\/vosgesinfo.fr\/gerardmerinfo\/2024\/01\/ski-alpin-coupe-dargent-en-nocturne-et-course-promo-sous-le-soleil\/#primaryimage\"},\"image\":{\"@id\":\"https:\/\/vosgesinfo.fr\/gerardmerinfo\/2024\/01\/ski-alpin-coupe-dargent-en-nocturne-et-course-promo-sous-le-soleil\/#primaryimage\"},\"thumbnailUrl\":\"https:\/\/vosgesinfo.fr\/app\/uploads\/sites\/6\/2024\/01\/coupe-dargent-en-nocturne-a-la-bresse.jpg\",\"datePublished\":\"2024-01-22T13:39:16+00:00\",\"dateModified\":\"2024-01-22T13:39:16+00:00\",\"breadcrumb\":{\"@id\":\"https:\/\/vosgesinfo.fr\/gerardmerinfo\/2024\/01\/ski-alpin-coupe-dargent-en-nocturne-et-course-promo-sous-le-soleil\/#breadcrumb\"},\"inLanguage\":\"fr-FR\",\"potentialAction\":[{\"@type\":\"ReadAction\",\"target\":[\"https:\/\/vosgesinfo.fr\/gerardmerinfo\/2024\/01\/ski-alpin-coupe-dargent-en-nocturne-et-course-promo-sous-le-soleil\/\"]}]},{\"@type\":\"ImageObject\",\"inLanguage\":\"fr-FR\",\"@id\":\"https:\/\/vosgesinfo.fr\/gerardmerinfo\/2024\/01\/ski-alpin-coupe-dargent-en-nocturne-et-course-promo-sous-le-soleil\/#primaryimage\",\"url\":\"https:\/\/vosgesinfo.fr\/app\/uploads\/sites\/6\/2024\/01\/coupe-dargent-en-nocturne-a-la-bresse.jpg\",\"contentUrl\":\"https:\/\/vosgesinfo.fr\/app\/uploads\/sites\/6\/2024\/01\/coupe-dargent-en-nocturne-a-la-bresse.jpg\",\"width\":768,\"height\":576},{\"@type\":\"BreadcrumbList\",\"@id\":\"https:\/\/vosgesinfo.fr\/gerardmerinfo\/2024\/01\/ski-alpin-coupe-dargent-en-nocturne-et-course-promo-sous-le-soleil\/#breadcrumb\",\"itemListElement\":[{\"@type\":\"ListItem\",\"position\":1,\"name\":\"Home\",\"item\":\"https:\/\/vosgesinfo.fr\/gerardmerinfo\/\"},{\"@type\":\"ListItem\",\"position\":2,\"name\":\"Ski alpin : Coupe d\u2019Argent en nocturne et course promo sous le soleil\"}]},{\"@type\":\"WebSite\",\"@id\":\"https:\/\/vosgesinfo.fr\/gerardmerinfo\/#website\",\"url\":\"https:\/\/vosgesinfo.fr\/gerardmerinfo\/\",\"name\":\"Gerardmer Info\",\"description\":\"Toute l&#039;actualit\u00e9 de G\u00e9rardmer\",\"publisher\":{\"@id\":\"https:\/\/vosgesinfo.fr\/gerardmerinfo\/#organization\"},\"alternateName\":\"Toute l'actualit\u00e9 de G\u00e9rardmer\",\"potentialAction\":[{\"@type\":\"SearchAction\",\"target\":{\"@type\":\"EntryPoint\",\"urlTemplate\":\"https:\/\/vosgesinfo.fr\/gerardmerinfo\/?s={search_term_string}\"},\"query-input\":\"required name=search_term_string\"}],\"inLanguage\":\"fr-FR\"},{\"@type\":\"Organization\",\"@id\":\"https:\/\/vosgesinfo.fr\/gerardmerinfo\/#organization\",\"name\":\"Gerardmer Info\",\"url\":\"https:\/\/vosgesinfo.fr\/gerardmerinfo\/\",\"logo\":{\"@type\":\"ImageObject\",\"inLanguage\":\"fr-FR\",\"@id\":\"https:\/\/vosgesinfo.fr\/gerardmerinfo\/#\/schema\/logo\/image\/\",\"url\":\"https:\/\/vosgesinfo.fr\/app\/uploads\/sites\/6\/2023\/08\/favicon-gerardmerinfo.png\",\"contentUrl\":\"https:\/\/vosgesinfo.fr\/app\/uploads\/sites\/6\/2023\/08\/favicon-gerardmerinfo.png\",\"width\":512,\"height\":512,\"caption\":\"Gerardmer Info\"},\"image\":{\"@id\":\"https:\/\/vosgesinfo.fr\/gerardmerinfo\/#\/schema\/logo\/image\/\"},\"sameAs\":[\"https:\/\/www.facebook.com\/profile.php?id=100049475262660\",\"https:\/\/x.com\/VosgesInfo88\",\"https:\/\/www.youtube.com\/@vosgesinfo\"]},{\"@type\":\"Person\",\"@id\":\"https:\/\/vosgesinfo.fr\/gerardmerinfo\/#\/schema\/person\/bc5d02d71e6932e81b6dadb7386667b1\",\"name\":\"qs_admin\",\"image\":{\"@type\":\"ImageObject\",\"inLanguage\":\"fr-FR\",\"@id\":\"https:\/\/vosgesinfo.fr\/gerardmerinfo\/#\/schema\/person\/image\/\",\"url\":\"https:\/\/secure.gravatar.com\/avatar\/94b18ee0ed79e4a42ea2f2931277b6841a8999fc6fde214600c78057cf1fe1de?s=96&d=mm&r=g\",\"contentUrl\":\"https:\/\/secure.gravatar.com\/avatar\/94b18ee0ed79e4a42ea2f2931277b6841a8999fc6fde214600c78057cf1fe1de?s=96&d=mm&r=g\",\"caption\":\"qs_admin\"},\"sameAs\":[\"https:\/\/vosgesinfo.fr\/wp\"],\"url\":\"https:\/\/vosgesinfo.fr\/gerardmerinfo\/author\/qs_admin\/\"}]}<\/script>\n<!-- \/ Yoast SEO plugin. -->","yoast_head_json":{"title":"Ski alpin : Coupe d\u2019Argent en nocturne et course promo sous le soleil - Gerardmer Info","robots":{"index":"index","follow":"follow","max-snippet":"max-snippet:-1","max-image-preview":"max-image-preview:large","max-video-preview":"max-video-preview:-1"},"canonical":"https:\/\/vosgesinfo.fr\/gerardmerinfo\/2024\/01\/ski-alpin-coupe-dargent-en-nocturne-et-course-promo-sous-le-soleil\/","twitter_card":"summary_large_image","twitter_title":"Ski alpin : Coupe d\u2019Argent en nocturne et course promo sous le soleil - Gerardmer Info","twitter_description":"Ils \u00e9taient pr\u00e8s de 150 coureurs, des cat\u00e9gories U14 \u00e0 U30 \u00e0 concourir sur cette course en slalom pour le [&hellip;]","twitter_image":"https:\/\/vosgesinfo.fr\/app\/uploads\/sites\/6\/2024\/01\/coupe-dargent-en-nocturne-a-la-bresse.jpg","twitter_creator":"@VosgesInfo88","twitter_site":"@VosgesInfo88","twitter_misc":{"\u00c9crit par":"qs_admin","Dur\u00e9e de lecture estim\u00e9e":"2 minutes"},"schema":{"@context":"https:\/\/schema.org","@graph":[{"@type":"Article","@id":"https:\/\/vosgesinfo.fr\/gerardmerinfo\/2024\/01\/ski-alpin-coupe-dargent-en-nocturne-et-course-promo-sous-le-soleil\/#article","isPartOf":{"@id":"https:\/\/vosgesinfo.fr\/gerardmerinfo\/2024\/01\/ski-alpin-coupe-dargent-en-nocturne-et-course-promo-sous-le-soleil\/"},"author":{"name":"qs_admin","@id":"https:\/\/vosgesinfo.fr\/gerardmerinfo\/#\/schema\/person\/bc5d02d71e6932e81b6dadb7386667b1"},"headline":"Ski alpin : Coupe d\u2019Argent en nocturne et course promo sous le soleil","datePublished":"2024-01-22T13:39:16+00:00","dateModified":"2024-01-22T13:39:16+00:00","mainEntityOfPage":{"@id":"https:\/\/vosgesinfo.fr\/gerardmerinfo\/2024\/01\/ski-alpin-coupe-dargent-en-nocturne-et-course-promo-sous-le-soleil\/"},"wordCount":425,"commentCount":0,"publisher":{"@id":"https:\/\/vosgesinfo.fr\/gerardmerinfo\/#organization"},"image":{"@id":"https:\/\/vosgesinfo.fr\/gerardmerinfo\/2024\/01\/ski-alpin-coupe-dargent-en-nocturne-et-course-promo-sous-le-soleil\/#primaryimage"},"thumbnailUrl":"https:\/\/vosgesinfo.fr\/app\/uploads\/sites\/6\/2024\/01\/coupe-dargent-en-nocturne-a-la-bresse.jpg","keywords":["asg ski alpin","Janis Antoine","Nao Bendjedia"],"articleSection":["A la une","G\u00e9rardmer","Sport"],"inLanguage":"fr-FR","potentialAction":[{"@type":"CommentAction","name":"Comment","target":["https:\/\/vosgesinfo.fr\/gerardmerinfo\/2024\/01\/ski-alpin-coupe-dargent-en-nocturne-et-course-promo-sous-le-soleil\/#respond"]}]},{"@type":"WebPage","@id":"https:\/\/vosgesinfo.fr\/gerardmerinfo\/2024\/01\/ski-alpin-coupe-dargent-en-nocturne-et-course-promo-sous-le-soleil\/","url":"https:\/\/vosgesinfo.fr\/gerardmerinfo\/2024\/01\/ski-alpin-coupe-dargent-en-nocturne-et-course-promo-sous-le-soleil\/","name":"Ski alpin : Coupe d\u2019Argent en nocturne et course promo sous le soleil - Gerardmer Info","isPartOf":{"@id":"https:\/\/vosgesinfo.fr\/gerardmerinfo\/#website"},"primaryImageOfPage":{"@id":"https:\/\/vosgesinfo.fr\/gerardmerinfo\/2024\/01\/ski-alpin-coupe-dargent-en-nocturne-et-course-promo-sous-le-soleil\/#primaryimage"},"image":{"@id":"https:\/\/vosgesinfo.fr\/gerardmerinfo\/2024\/01\/ski-alpin-coupe-dargent-en-nocturne-et-course-promo-sous-le-soleil\/#primaryimage"},"thumbnailUrl":"https:\/\/vosgesinfo.fr\/app\/uploads\/sites\/6\/2024\/01\/coupe-dargent-en-nocturne-a-la-bresse.jpg","datePublished":"2024-01-22T13:39:16+00:00","dateModified":"2024-01-22T13:39:16+00:00","breadcrumb":{"@id":"https:\/\/vosgesinfo.fr\/gerardmerinfo\/2024\/01\/ski-alpin-coupe-dargent-en-nocturne-et-course-promo-sous-le-soleil\/#breadcrumb"},"inLanguage":"fr-FR","potentialAction":[{"@type":"ReadAction","target":["https:\/\/vosgesinfo.fr\/gerardmerinfo\/2024\/01\/ski-alpin-coupe-dargent-en-nocturne-et-course-promo-sous-le-soleil\/"]}]},{"@type":"ImageObject","inLanguage":"fr-FR","@id":"https:\/\/vosgesinfo.fr\/gerardmerinfo\/2024\/01\/ski-alpin-coupe-dargent-en-nocturne-et-course-promo-sous-le-soleil\/#primaryimage","url":"https:\/\/vosgesinfo.fr\/app\/uploads\/sites\/6\/2024\/01\/coupe-dargent-en-nocturne-a-la-bresse.jpg","contentUrl":"https:\/\/vosgesinfo.fr\/app\/uploads\/sites\/6\/2024\/01\/coupe-dargent-en-nocturne-a-la-bresse.jpg","width":768,"height":576},{"@type":"BreadcrumbList","@id":"https:\/\/vosgesinfo.fr\/gerardmerinfo\/2024\/01\/ski-alpin-coupe-dargent-en-nocturne-et-course-promo-sous-le-soleil\/#breadcrumb","itemListElement":[{"@type":"ListItem","position":1,"name":"Home","item":"https:\/\/vosgesinfo.fr\/gerardmerinfo\/"},{"@type":"ListItem","position":2,"name":"Ski alpin : Coupe d\u2019Argent en nocturne et course promo sous le soleil"}]},{"@type":"WebSite","@id":"https:\/\/vosgesinfo.fr\/gerardmerinfo\/#website","url":"https:\/\/vosgesinfo.fr\/gerardmerinfo\/","name":"Gerardmer Info","description":"Toute l&#039;actualit\u00e9 de G\u00e9rardmer","publisher":{"@id":"https:\/\/vosgesinfo.fr\/gerardmerinfo\/#organization"},"alternateName":"Toute l'actualit\u00e9 de G\u00e9rardmer","potentialAction":[{"@type":"SearchAction","target":{"@type":"EntryPoint","urlTemplate":"https:\/\/vosgesinfo.fr\/gerardmerinfo\/?s={search_term_string}"},"query-input":"required name=search_term_string"}],"inLanguage":"fr-FR"},{"@type":"Organization","@id":"https:\/\/vosgesinfo.fr\/gerardmerinfo\/#organization","name":"Gerardmer Info","url":"https:\/\/vosgesinfo.fr\/gerardmerinfo\/","logo":{"@type":"ImageObject","inLanguage":"fr-FR","@id":"https:\/\/vosgesinfo.fr\/gerardmerinfo\/#\/schema\/logo\/image\/","url":"https:\/\/vosgesinfo.fr\/app\/uploads\/sites\/6\/2023\/08\/favicon-gerardmerinfo.png","contentUrl":"https:\/\/vosgesinfo.fr\/app\/uploads\/sites\/6\/2023\/08\/favicon-gerardmerinfo.png","width":512,"height":512,"caption":"Gerardmer Info"},"image":{"@id":"https:\/\/vosgesinfo.fr\/gerardmerinfo\/#\/schema\/logo\/image\/"},"sameAs":["https:\/\/www.facebook.com\/profile.php?id=100049475262660","https:\/\/x.com\/VosgesInfo88","https:\/\/www.youtube.com\/@vosgesinfo"]},{"@type":"Person","@id":"https:\/\/vosgesinfo.fr\/gerardmerinfo\/#\/schema\/person\/bc5d02d71e6932e81b6dadb7386667b1","name":"qs_admin","image":{"@type":"ImageObject","inLanguage":"fr-FR","@id":"https:\/\/vosgesinfo.fr\/gerardmerinfo\/#\/schema\/person\/image\/","url":"https:\/\/secure.gravatar.com\/avatar\/94b18ee0ed79e4a42ea2f2931277b6841a8999fc6fde214600c78057cf1fe1de?s=96&d=mm&r=g","contentUrl":"https:\/\/secure.gravatar.com\/avatar\/94b18ee0ed79e4a42ea2f2931277b6841a8999fc6fde214600c78057cf1fe1de?s=96&d=mm&r=g","caption":"qs_admin"},"sameAs":["https:\/\/vosgesinfo.fr\/wp"],"url":"https:\/\/vosgesinfo.fr\/gerardmerinfo\/author\/qs_admin\/"}]}},"_links":{"self":[{"href":"https:\/\/vosgesinfo.fr\/gerardmerinfo\/wp-json\/wp\/v2\/posts\/902","targetHints":{"allow":["GET"]}}],"collection":[{"href":"https:\/\/vosgesinfo.fr\/gerardmerinfo\/wp-json\/wp\/v2\/posts"}],"about":[{"href":"https:\/\/vosgesinfo.fr\/gerardmerinfo\/wp-json\/wp\/v2\/types\/post"}],"author":[{"embeddable":true,"href":"https:\/\/vosgesinfo.fr\/gerardmerinfo\/wp-json\/wp\/v2\/users\/1"}],"replies":[{"embeddable":true,"href":"https:\/\/vosgesinfo.fr\/gerardmerinfo\/wp-json\/wp\/v2\/comments?post=902"}],"version-history":[{"count":0,"href":"https:\/\/vosgesinfo.fr\/gerardmerinfo\/wp-json\/wp\/v2\/posts\/902\/revisions"}],"wp:featuredmedia":[{"embeddable":true,"href":"https:\/\/vosgesinfo.fr\/gerardmerinfo\/wp-json\/wp\/v2\/media\/901"}],"wp:attachment":[{"href":"https:\/\/vosgesinfo.fr\/gerardmerinfo\/wp-json\/wp\/v2\/media?parent=902"}],"wp:term":[{"taxonomy":"category","embeddable":true,"href":"https:\/\/vosgesinfo.fr\/gerardmerinfo\/wp-json\/wp\/v2\/categories?post=902"},{"taxonomy":"post_tag","embeddable":true,"href":"https:\/\/vosgesinfo.fr\/gerardmerinfo\/wp-json\/wp\/v2\/tags?post=902"}],"curies":[{"name":"wp","href":"https:\/\/api.w.org\/{rel}","templated":true}]}}