{"id":90451,"date":"2026-04-26T05:50:10","date_gmt":"2026-04-26T03:50:10","guid":{"rendered":"https:\/\/vosgesinfo.fr\/gerardmerinfo\/?p=90451"},"modified":"2026-04-25T16:50:46","modified_gmt":"2026-04-25T14:50:46","slug":"lassociation-du-beillard-et-des-environs-conserve-son-dynamisme","status":"publish","type":"post","link":"https:\/\/vosgesinfo.fr\/gerardmerinfo\/2026\/04\/lassociation-du-beillard-et-des-environs-conserve-son-dynamisme\/","title":{"rendered":"L\u2019Association du Beillard et des environs conserve son dynamisme"},"content":{"rendered":"<p><a href=\"https:\/\/vosgesinfo.fr\/app\/uploads\/sites\/6\/2026\/04\/ag-abe-beillard.jpg\"><img decoding=\"async\" class=\"aligncenter size-medium wp-image-90453\" src=\"https:\/\/vosgesinfo.fr\/app\/uploads\/sites\/6\/2026\/04\/ag-abe-beillard-300x199.jpg\" alt=\"\" width=\"300\" height=\"199\" srcset=\"https:\/\/vosgesinfo.fr\/app\/uploads\/sites\/6\/2026\/04\/ag-abe-beillard-300x199.jpg 300w, https:\/\/vosgesinfo.fr\/app\/uploads\/sites\/6\/2026\/04\/ag-abe-beillard-1024x678.jpg 1024w, https:\/\/vosgesinfo.fr\/app\/uploads\/sites\/6\/2026\/04\/ag-abe-beillard-768x509.jpg 768w, https:\/\/vosgesinfo.fr\/app\/uploads\/sites\/6\/2026\/04\/ag-abe-beillard-1536x1018.jpg 1536w, https:\/\/vosgesinfo.fr\/app\/uploads\/sites\/6\/2026\/04\/ag-abe-beillard.jpg 1920w\" sizes=\"(max-width: 300px) 100vw, 300px\" \/><\/a><\/p>\n<p class=\"isSelectedEnd\">L\u2019Association du Beillard et des environs (ABE) a tenu son assembl\u00e9e g\u00e9n\u00e9rale le 11 avril 2026 dans la salle polyvalente de Li\u00e9zey, en pr\u00e9sence de 48 participants, dont plusieurs \u00e9lus locaux. La pr\u00e9sidente, Catherine Toussaint, a salu\u00e9 cette mobilisation avant d\u2019inviter l\u2019assembl\u00e9e \u00e0 observer une minute de silence en m\u00e9moire d\u2019un membre engag\u00e9 disparu cette ann\u00e9e.<\/p>\n<p class=\"isSelectedEnd\">Le bilan 2025 t\u00e9moigne d\u2019une activit\u00e9 soutenue et vari\u00e9e. Parmi les temps forts figurent le ramassage de printemps organis\u00e9 avec d\u2019autres associations locales, des sorties conviviales m\u00ealant marche et restauration, ou encore la participation de 25 b\u00e9n\u00e9voles au triathlon de G\u00e9rardmer. Les rendez-vous hebdomadaires, comme les apr\u00e8s-midis jeux du mardi et les marches du lundi et du jeudi, continuent de f\u00e9d\u00e9rer de nombreux adh\u00e9rents.<\/p>\n<p class=\"isSelectedEnd\">La tr\u00e9sori\u00e8re a pr\u00e9sent\u00e9 un bilan financier valid\u00e9 \u00e0 l\u2019unanimit\u00e9, tout comme le rapport moral. Le renouvellement de plusieurs membres du bureau a \u00e9galement \u00e9t\u00e9 approuv\u00e9 sans r\u00e9serve.<\/p>\n<p class=\"isSelectedEnd\">Pour 2026, l\u2019ABE entend poursuivre sur cette dynamique avec un programme d\u00e9j\u00e0 bien \u00e9tabli : ramassage de printemps fin avril, sortie annuelle en juin, journ\u00e9e p\u00e9tanque, participation au triathlon et marche collective en septembre, sans oublier une sortie en bus en Allemagne \u00e0 l\u2019automne. La cotisation reste fix\u00e9e \u00e0 10 euros par famille.<\/p>\n<p class=\"isSelectedEnd\">Les \u00e9lus pr\u00e9sents ont salu\u00e9 l\u2019engagement et la long\u00e9vit\u00e9 de l\u2019association, soulignant son r\u00f4le essentiel dans l\u2019animation locale. Le maire de Li\u00e9zey a \u00e9galement remerci\u00e9 l\u2019ABE pour son soutien financier \u00e0 la restauration du four communal. La r\u00e9union s\u2019est conclue dans la convivialit\u00e9 autour du verre de l\u2019amiti\u00e9, fid\u00e8le \u00e0 l\u2019esprit qui anime l\u2019association.<\/p>\n<p><a href=\"https:\/\/vosgesinfo.fr\/app\/uploads\/sites\/6\/2026\/04\/ag-abe-beillard.jpeg\"><img decoding=\"async\" class=\"aligncenter size-large wp-image-90452\" src=\"https:\/\/vosgesinfo.fr\/app\/uploads\/sites\/6\/2026\/04\/ag-abe-beillard-1024x678.jpeg\" alt=\"\" width=\"1024\" height=\"678\" srcset=\"https:\/\/vosgesinfo.fr\/app\/uploads\/sites\/6\/2026\/04\/ag-abe-beillard-1024x678.jpeg 1024w, https:\/\/vosgesinfo.fr\/app\/uploads\/sites\/6\/2026\/04\/ag-abe-beillard-300x199.jpeg 300w, https:\/\/vosgesinfo.fr\/app\/uploads\/sites\/6\/2026\/04\/ag-abe-beillard-768x509.jpeg 768w, https:\/\/vosgesinfo.fr\/app\/uploads\/sites\/6\/2026\/04\/ag-abe-beillard-1536x1018.jpeg 1536w, https:\/\/vosgesinfo.fr\/app\/uploads\/sites\/6\/2026\/04\/ag-abe-beillard.jpeg 1920w\" sizes=\"(max-width: 1024px) 100vw, 1024px\" \/><\/a><\/p>\n","protected":false},"excerpt":{"rendered":"<p>L\u2019Association du Beillard et des environs (ABE) a tenu son assembl\u00e9e g\u00e9n\u00e9rale le 11 avril 2026 dans la salle polyvalente [&hellip;]<\/p>\n","protected":false},"author":42,"featured_media":90452,"comment_status":"open","ping_status":"open","sticky":false,"template":"","format":"standard","meta":{"footnotes":""},"categories":[20,5647,17],"tags":[2059],"class_list":["post-90451","post","type-post","status-publish","format-standard","has-post-thumbnail","hentry","category-a-la-une","category-gerardmer-autres-sites","category-vie-associative","tag-beillard"],"acf":[],"yoast_head":"<!-- This site is optimized with the Yoast SEO plugin v22.5 - https:\/\/yoast.com\/wordpress\/plugins\/seo\/ -->\n<title>L\u2019Association du Beillard et des environs conserve son dynamisme - Gerardmer Info<\/title>\n<meta name=\"robots\" content=\"index, follow, max-snippet:-1, max-image-preview:large, max-video-preview:-1\" \/>\n<link rel=\"canonical\" href=\"https:\/\/vosgesinfo.fr\/gerardmerinfo\/2026\/04\/lassociation-du-beillard-et-des-environs-conserve-son-dynamisme\/\" \/>\n<meta name=\"twitter:card\" content=\"summary_large_image\" \/>\n<meta name=\"twitter:title\" content=\"L\u2019Association du Beillard et des environs conserve son dynamisme - Gerardmer Info\" \/>\n<meta name=\"twitter:description\" content=\"L\u2019Association du Beillard et des environs (ABE) a tenu son assembl\u00e9e g\u00e9n\u00e9rale le 11 avril 2026 dans la salle polyvalente [&hellip;]\" \/>\n<meta name=\"twitter:image\" content=\"https:\/\/vosgesinfo.fr\/app\/uploads\/sites\/6\/2026\/04\/ag-abe-beillard.jpeg\" \/>\n<meta name=\"twitter:creator\" content=\"@VosgesInfo88\" \/>\n<meta name=\"twitter:site\" content=\"@VosgesInfo88\" \/>\n<meta name=\"twitter:label1\" content=\"\u00c9crit par\" \/>\n\t<meta name=\"twitter:data1\" content=\"QG\" \/>\n\t<meta name=\"twitter:label2\" content=\"Dur\u00e9e de lecture estim\u00e9e\" \/>\n\t<meta name=\"twitter:data2\" content=\"2 minutes\" \/>\n<script type=\"application\/ld+json\" class=\"yoast-schema-graph\">{\"@context\":\"https:\/\/schema.org\",\"@graph\":[{\"@type\":\"Article\",\"@id\":\"https:\/\/vosgesinfo.fr\/gerardmerinfo\/2026\/04\/lassociation-du-beillard-et-des-environs-conserve-son-dynamisme\/#article\",\"isPartOf\":{\"@id\":\"https:\/\/vosgesinfo.fr\/gerardmerinfo\/2026\/04\/lassociation-du-beillard-et-des-environs-conserve-son-dynamisme\/\"},\"author\":{\"name\":\"QG\",\"@id\":\"https:\/\/vosgesinfo.fr\/gerardmerinfo\/#\/schema\/person\/db5605779a843dad16b5368f3e7613a5\"},\"headline\":\"L\u2019Association du Beillard et des environs conserve son dynamisme\",\"datePublished\":\"2026-04-26T03:50:10+00:00\",\"dateModified\":\"2026-04-25T14:50:46+00:00\",\"mainEntityOfPage\":{\"@id\":\"https:\/\/vosgesinfo.fr\/gerardmerinfo\/2026\/04\/lassociation-du-beillard-et-des-environs-conserve-son-dynamisme\/\"},\"wordCount\":301,\"commentCount\":0,\"publisher\":{\"@id\":\"https:\/\/vosgesinfo.fr\/gerardmerinfo\/#organization\"},\"image\":{\"@id\":\"https:\/\/vosgesinfo.fr\/gerardmerinfo\/2026\/04\/lassociation-du-beillard-et-des-environs-conserve-son-dynamisme\/#primaryimage\"},\"thumbnailUrl\":\"https:\/\/vosgesinfo.fr\/app\/uploads\/sites\/6\/2026\/04\/ag-abe-beillard.jpeg\",\"keywords\":[\"beillard\"],\"articleSection\":[\"A la une\",\"Gerardmer\",\"Vie Associative\"],\"inLanguage\":\"fr-FR\",\"potentialAction\":[{\"@type\":\"CommentAction\",\"name\":\"Comment\",\"target\":[\"https:\/\/vosgesinfo.fr\/gerardmerinfo\/2026\/04\/lassociation-du-beillard-et-des-environs-conserve-son-dynamisme\/#respond\"]}]},{\"@type\":\"WebPage\",\"@id\":\"https:\/\/vosgesinfo.fr\/gerardmerinfo\/2026\/04\/lassociation-du-beillard-et-des-environs-conserve-son-dynamisme\/\",\"url\":\"https:\/\/vosgesinfo.fr\/gerardmerinfo\/2026\/04\/lassociation-du-beillard-et-des-environs-conserve-son-dynamisme\/\",\"name\":\"L\u2019Association du Beillard et des environs conserve son dynamisme - Gerardmer Info\",\"isPartOf\":{\"@id\":\"https:\/\/vosgesinfo.fr\/gerardmerinfo\/#website\"},\"primaryImageOfPage\":{\"@id\":\"https:\/\/vosgesinfo.fr\/gerardmerinfo\/2026\/04\/lassociation-du-beillard-et-des-environs-conserve-son-dynamisme\/#primaryimage\"},\"image\":{\"@id\":\"https:\/\/vosgesinfo.fr\/gerardmerinfo\/2026\/04\/lassociation-du-beillard-et-des-environs-conserve-son-dynamisme\/#primaryimage\"},\"thumbnailUrl\":\"https:\/\/vosgesinfo.fr\/app\/uploads\/sites\/6\/2026\/04\/ag-abe-beillard.jpeg\",\"datePublished\":\"2026-04-26T03:50:10+00:00\",\"dateModified\":\"2026-04-25T14:50:46+00:00\",\"breadcrumb\":{\"@id\":\"https:\/\/vosgesinfo.fr\/gerardmerinfo\/2026\/04\/lassociation-du-beillard-et-des-environs-conserve-son-dynamisme\/#breadcrumb\"},\"inLanguage\":\"fr-FR\",\"potentialAction\":[{\"@type\":\"ReadAction\",\"target\":[\"https:\/\/vosgesinfo.fr\/gerardmerinfo\/2026\/04\/lassociation-du-beillard-et-des-environs-conserve-son-dynamisme\/\"]}]},{\"@type\":\"ImageObject\",\"inLanguage\":\"fr-FR\",\"@id\":\"https:\/\/vosgesinfo.fr\/gerardmerinfo\/2026\/04\/lassociation-du-beillard-et-des-environs-conserve-son-dynamisme\/#primaryimage\",\"url\":\"https:\/\/vosgesinfo.fr\/app\/uploads\/sites\/6\/2026\/04\/ag-abe-beillard.jpeg\",\"contentUrl\":\"https:\/\/vosgesinfo.fr\/app\/uploads\/sites\/6\/2026\/04\/ag-abe-beillard.jpeg\",\"width\":1920,\"height\":1272},{\"@type\":\"BreadcrumbList\",\"@id\":\"https:\/\/vosgesinfo.fr\/gerardmerinfo\/2026\/04\/lassociation-du-beillard-et-des-environs-conserve-son-dynamisme\/#breadcrumb\",\"itemListElement\":[{\"@type\":\"ListItem\",\"position\":1,\"name\":\"Home\",\"item\":\"https:\/\/vosgesinfo.fr\/gerardmerinfo\/\"},{\"@type\":\"ListItem\",\"position\":2,\"name\":\"L\u2019Association du Beillard et des environs conserve son dynamisme\"}]},{\"@type\":\"WebSite\",\"@id\":\"https:\/\/vosgesinfo.fr\/gerardmerinfo\/#website\",\"url\":\"https:\/\/vosgesinfo.fr\/gerardmerinfo\/\",\"name\":\"Gerardmer Info\",\"description\":\"Toute l&#039;actualit\u00e9 de G\u00e9rardmer\",\"publisher\":{\"@id\":\"https:\/\/vosgesinfo.fr\/gerardmerinfo\/#organization\"},\"alternateName\":\"Toute l'actualit\u00e9 de G\u00e9rardmer\",\"potentialAction\":[{\"@type\":\"SearchAction\",\"target\":{\"@type\":\"EntryPoint\",\"urlTemplate\":\"https:\/\/vosgesinfo.fr\/gerardmerinfo\/?s={search_term_string}\"},\"query-input\":\"required name=search_term_string\"}],\"inLanguage\":\"fr-FR\"},{\"@type\":\"Organization\",\"@id\":\"https:\/\/vosgesinfo.fr\/gerardmerinfo\/#organization\",\"name\":\"Gerardmer Info\",\"url\":\"https:\/\/vosgesinfo.fr\/gerardmerinfo\/\",\"logo\":{\"@type\":\"ImageObject\",\"inLanguage\":\"fr-FR\",\"@id\":\"https:\/\/vosgesinfo.fr\/gerardmerinfo\/#\/schema\/logo\/image\/\",\"url\":\"https:\/\/vosgesinfo.fr\/app\/uploads\/sites\/6\/2023\/08\/favicon-gerardmerinfo.png\",\"contentUrl\":\"https:\/\/vosgesinfo.fr\/app\/uploads\/sites\/6\/2023\/08\/favicon-gerardmerinfo.png\",\"width\":512,\"height\":512,\"caption\":\"Gerardmer Info\"},\"image\":{\"@id\":\"https:\/\/vosgesinfo.fr\/gerardmerinfo\/#\/schema\/logo\/image\/\"},\"sameAs\":[\"https:\/\/www.facebook.com\/profile.php?id=100049475262660\",\"https:\/\/x.com\/VosgesInfo88\",\"https:\/\/www.youtube.com\/@vosgesinfo\"]},{\"@type\":\"Person\",\"@id\":\"https:\/\/vosgesinfo.fr\/gerardmerinfo\/#\/schema\/person\/db5605779a843dad16b5368f3e7613a5\",\"name\":\"QG\",\"image\":{\"@type\":\"ImageObject\",\"inLanguage\":\"fr-FR\",\"@id\":\"https:\/\/vosgesinfo.fr\/gerardmerinfo\/#\/schema\/person\/image\/\",\"url\":\"https:\/\/secure.gravatar.com\/avatar\/ea80c42c204b534408512832fde52504ecabb9706bcb6151cf6175e5b64e6793?s=96&d=mm&r=g\",\"contentUrl\":\"https:\/\/secure.gravatar.com\/avatar\/ea80c42c204b534408512832fde52504ecabb9706bcb6151cf6175e5b64e6793?s=96&d=mm&r=g\",\"caption\":\"QG\"},\"url\":\"https:\/\/vosgesinfo.fr\/gerardmerinfo\/author\/quentin88\/\"}]}<\/script>\n<!-- \/ Yoast SEO plugin. -->","yoast_head_json":{"title":"L\u2019Association du Beillard et des environs conserve son dynamisme - Gerardmer Info","robots":{"index":"index","follow":"follow","max-snippet":"max-snippet:-1","max-image-preview":"max-image-preview:large","max-video-preview":"max-video-preview:-1"},"canonical":"https:\/\/vosgesinfo.fr\/gerardmerinfo\/2026\/04\/lassociation-du-beillard-et-des-environs-conserve-son-dynamisme\/","twitter_card":"summary_large_image","twitter_title":"L\u2019Association du Beillard et des environs conserve son dynamisme - Gerardmer Info","twitter_description":"L\u2019Association du Beillard et des environs (ABE) a tenu son assembl\u00e9e g\u00e9n\u00e9rale le 11 avril 2026 dans la salle polyvalente [&hellip;]","twitter_image":"https:\/\/vosgesinfo.fr\/app\/uploads\/sites\/6\/2026\/04\/ag-abe-beillard.jpeg","twitter_creator":"@VosgesInfo88","twitter_site":"@VosgesInfo88","twitter_misc":{"\u00c9crit par":"QG","Dur\u00e9e de lecture estim\u00e9e":"2 minutes"},"schema":{"@context":"https:\/\/schema.org","@graph":[{"@type":"Article","@id":"https:\/\/vosgesinfo.fr\/gerardmerinfo\/2026\/04\/lassociation-du-beillard-et-des-environs-conserve-son-dynamisme\/#article","isPartOf":{"@id":"https:\/\/vosgesinfo.fr\/gerardmerinfo\/2026\/04\/lassociation-du-beillard-et-des-environs-conserve-son-dynamisme\/"},"author":{"name":"QG","@id":"https:\/\/vosgesinfo.fr\/gerardmerinfo\/#\/schema\/person\/db5605779a843dad16b5368f3e7613a5"},"headline":"L\u2019Association du Beillard et des environs conserve son dynamisme","datePublished":"2026-04-26T03:50:10+00:00","dateModified":"2026-04-25T14:50:46+00:00","mainEntityOfPage":{"@id":"https:\/\/vosgesinfo.fr\/gerardmerinfo\/2026\/04\/lassociation-du-beillard-et-des-environs-conserve-son-dynamisme\/"},"wordCount":301,"commentCount":0,"publisher":{"@id":"https:\/\/vosgesinfo.fr\/gerardmerinfo\/#organization"},"image":{"@id":"https:\/\/vosgesinfo.fr\/gerardmerinfo\/2026\/04\/lassociation-du-beillard-et-des-environs-conserve-son-dynamisme\/#primaryimage"},"thumbnailUrl":"https:\/\/vosgesinfo.fr\/app\/uploads\/sites\/6\/2026\/04\/ag-abe-beillard.jpeg","keywords":["beillard"],"articleSection":["A la une","Gerardmer","Vie Associative"],"inLanguage":"fr-FR","potentialAction":[{"@type":"CommentAction","name":"Comment","target":["https:\/\/vosgesinfo.fr\/gerardmerinfo\/2026\/04\/lassociation-du-beillard-et-des-environs-conserve-son-dynamisme\/#respond"]}]},{"@type":"WebPage","@id":"https:\/\/vosgesinfo.fr\/gerardmerinfo\/2026\/04\/lassociation-du-beillard-et-des-environs-conserve-son-dynamisme\/","url":"https:\/\/vosgesinfo.fr\/gerardmerinfo\/2026\/04\/lassociation-du-beillard-et-des-environs-conserve-son-dynamisme\/","name":"L\u2019Association du Beillard et des environs conserve son dynamisme - Gerardmer Info","isPartOf":{"@id":"https:\/\/vosgesinfo.fr\/gerardmerinfo\/#website"},"primaryImageOfPage":{"@id":"https:\/\/vosgesinfo.fr\/gerardmerinfo\/2026\/04\/lassociation-du-beillard-et-des-environs-conserve-son-dynamisme\/#primaryimage"},"image":{"@id":"https:\/\/vosgesinfo.fr\/gerardmerinfo\/2026\/04\/lassociation-du-beillard-et-des-environs-conserve-son-dynamisme\/#primaryimage"},"thumbnailUrl":"https:\/\/vosgesinfo.fr\/app\/uploads\/sites\/6\/2026\/04\/ag-abe-beillard.jpeg","datePublished":"2026-04-26T03:50:10+00:00","dateModified":"2026-04-25T14:50:46+00:00","breadcrumb":{"@id":"https:\/\/vosgesinfo.fr\/gerardmerinfo\/2026\/04\/lassociation-du-beillard-et-des-environs-conserve-son-dynamisme\/#breadcrumb"},"inLanguage":"fr-FR","potentialAction":[{"@type":"ReadAction","target":["https:\/\/vosgesinfo.fr\/gerardmerinfo\/2026\/04\/lassociation-du-beillard-et-des-environs-conserve-son-dynamisme\/"]}]},{"@type":"ImageObject","inLanguage":"fr-FR","@id":"https:\/\/vosgesinfo.fr\/gerardmerinfo\/2026\/04\/lassociation-du-beillard-et-des-environs-conserve-son-dynamisme\/#primaryimage","url":"https:\/\/vosgesinfo.fr\/app\/uploads\/sites\/6\/2026\/04\/ag-abe-beillard.jpeg","contentUrl":"https:\/\/vosgesinfo.fr\/app\/uploads\/sites\/6\/2026\/04\/ag-abe-beillard.jpeg","width":1920,"height":1272},{"@type":"BreadcrumbList","@id":"https:\/\/vosgesinfo.fr\/gerardmerinfo\/2026\/04\/lassociation-du-beillard-et-des-environs-conserve-son-dynamisme\/#breadcrumb","itemListElement":[{"@type":"ListItem","position":1,"name":"Home","item":"https:\/\/vosgesinfo.fr\/gerardmerinfo\/"},{"@type":"ListItem","position":2,"name":"L\u2019Association du Beillard et des environs conserve son dynamisme"}]},{"@type":"WebSite","@id":"https:\/\/vosgesinfo.fr\/gerardmerinfo\/#website","url":"https:\/\/vosgesinfo.fr\/gerardmerinfo\/","name":"Gerardmer Info","description":"Toute l&#039;actualit\u00e9 de G\u00e9rardmer","publisher":{"@id":"https:\/\/vosgesinfo.fr\/gerardmerinfo\/#organization"},"alternateName":"Toute l'actualit\u00e9 de G\u00e9rardmer","potentialAction":[{"@type":"SearchAction","target":{"@type":"EntryPoint","urlTemplate":"https:\/\/vosgesinfo.fr\/gerardmerinfo\/?s={search_term_string}"},"query-input":"required name=search_term_string"}],"inLanguage":"fr-FR"},{"@type":"Organization","@id":"https:\/\/vosgesinfo.fr\/gerardmerinfo\/#organization","name":"Gerardmer Info","url":"https:\/\/vosgesinfo.fr\/gerardmerinfo\/","logo":{"@type":"ImageObject","inLanguage":"fr-FR","@id":"https:\/\/vosgesinfo.fr\/gerardmerinfo\/#\/schema\/logo\/image\/","url":"https:\/\/vosgesinfo.fr\/app\/uploads\/sites\/6\/2023\/08\/favicon-gerardmerinfo.png","contentUrl":"https:\/\/vosgesinfo.fr\/app\/uploads\/sites\/6\/2023\/08\/favicon-gerardmerinfo.png","width":512,"height":512,"caption":"Gerardmer Info"},"image":{"@id":"https:\/\/vosgesinfo.fr\/gerardmerinfo\/#\/schema\/logo\/image\/"},"sameAs":["https:\/\/www.facebook.com\/profile.php?id=100049475262660","https:\/\/x.com\/VosgesInfo88","https:\/\/www.youtube.com\/@vosgesinfo"]},{"@type":"Person","@id":"https:\/\/vosgesinfo.fr\/gerardmerinfo\/#\/schema\/person\/db5605779a843dad16b5368f3e7613a5","name":"QG","image":{"@type":"ImageObject","inLanguage":"fr-FR","@id":"https:\/\/vosgesinfo.fr\/gerardmerinfo\/#\/schema\/person\/image\/","url":"https:\/\/secure.gravatar.com\/avatar\/ea80c42c204b534408512832fde52504ecabb9706bcb6151cf6175e5b64e6793?s=96&d=mm&r=g","contentUrl":"https:\/\/secure.gravatar.com\/avatar\/ea80c42c204b534408512832fde52504ecabb9706bcb6151cf6175e5b64e6793?s=96&d=mm&r=g","caption":"QG"},"url":"https:\/\/vosgesinfo.fr\/gerardmerinfo\/author\/quentin88\/"}]}},"_links":{"self":[{"href":"https:\/\/vosgesinfo.fr\/gerardmerinfo\/wp-json\/wp\/v2\/posts\/90451","targetHints":{"allow":["GET"]}}],"collection":[{"href":"https:\/\/vosgesinfo.fr\/gerardmerinfo\/wp-json\/wp\/v2\/posts"}],"about":[{"href":"https:\/\/vosgesinfo.fr\/gerardmerinfo\/wp-json\/wp\/v2\/types\/post"}],"author":[{"embeddable":true,"href":"https:\/\/vosgesinfo.fr\/gerardmerinfo\/wp-json\/wp\/v2\/users\/42"}],"replies":[{"embeddable":true,"href":"https:\/\/vosgesinfo.fr\/gerardmerinfo\/wp-json\/wp\/v2\/comments?post=90451"}],"version-history":[{"count":1,"href":"https:\/\/vosgesinfo.fr\/gerardmerinfo\/wp-json\/wp\/v2\/posts\/90451\/revisions"}],"predecessor-version":[{"id":90454,"href":"https:\/\/vosgesinfo.fr\/gerardmerinfo\/wp-json\/wp\/v2\/posts\/90451\/revisions\/90454"}],"wp:featuredmedia":[{"embeddable":true,"href":"https:\/\/vosgesinfo.fr\/gerardmerinfo\/wp-json\/wp\/v2\/media\/90452"}],"wp:attachment":[{"href":"https:\/\/vosgesinfo.fr\/gerardmerinfo\/wp-json\/wp\/v2\/media?parent=90451"}],"wp:term":[{"taxonomy":"category","embeddable":true,"href":"https:\/\/vosgesinfo.fr\/gerardmerinfo\/wp-json\/wp\/v2\/categories?post=90451"},{"taxonomy":"post_tag","embeddable":true,"href":"https:\/\/vosgesinfo.fr\/gerardmerinfo\/wp-json\/wp\/v2\/tags?post=90451"}],"curies":[{"name":"wp","href":"https:\/\/api.w.org\/{rel}","templated":true}]}}