{"id":90589,"date":"2026-04-28T05:55:14","date_gmt":"2026-04-28T03:55:14","guid":{"rendered":"https:\/\/vosgesinfo.fr\/gerardmerinfo\/?p=90589"},"modified":"2026-04-25T16:51:02","modified_gmt":"2026-04-25T14:51:02","slug":"mcl-sejour-sport-et-nature-dans-le-jura-du-24-au-28-aout","status":"publish","type":"post","link":"https:\/\/vosgesinfo.fr\/gerardmerinfo\/2026\/04\/mcl-sejour-sport-et-nature-dans-le-jura-du-24-au-28-aout\/","title":{"rendered":"MCL &#8211; S\u00e9jour \u00ab Sport et Nature \u00bb dans le Jura du 24 au 28 ao\u00fbt"},"content":{"rendered":"<h3 class=\"x_gmail-xdj266r x_gmail-x14z9mp x_gmail-xat24cr x_gmail-x1lziwak x_gmail-x1vvkbs\" data-olk-copy-source=\"MessageBody\">Avis aux explorateurs de 6 \u00e0 14 ans ! Le s\u00e9jour \u00ab Sport et Nature \u00bb revient du 24 au 28 ao\u00fbt 2026. Cette ann\u00e9e encore, on embarque pour le Jura, direction le Chalet de la Haute Joux.<\/h3>\n<div><\/div>\n<div class=\"x_gmail-x14z9mp x_gmail-xat24cr x_gmail-x1lziwak x_gmail-x1vvkbs x_gmail-xtlvy1s\"><a href=\"https:\/\/vosgesinfo.fr\/app\/uploads\/sites\/6\/2026\/04\/se\u0301jour-jura-2026.jpg\"><img decoding=\"async\" class=\"alignright size-medium wp-image-90592\" src=\"https:\/\/vosgesinfo.fr\/app\/uploads\/sites\/6\/2026\/04\/se\u0301jour-jura-2026-212x300.jpg\" alt=\"\" width=\"212\" height=\"300\" srcset=\"https:\/\/vosgesinfo.fr\/app\/uploads\/sites\/6\/2026\/04\/se\u0301jour-jura-2026-212x300.jpg 212w, https:\/\/vosgesinfo.fr\/app\/uploads\/sites\/6\/2026\/04\/se\u0301jour-jura-2026-724x1024.jpg 724w, https:\/\/vosgesinfo.fr\/app\/uploads\/sites\/6\/2026\/04\/se\u0301jour-jura-2026-768x1087.jpg 768w, https:\/\/vosgesinfo.fr\/app\/uploads\/sites\/6\/2026\/04\/se\u0301jour-jura-2026-1086x1536.jpg 1086w, https:\/\/vosgesinfo.fr\/app\/uploads\/sites\/6\/2026\/04\/se\u0301jour-jura-2026.jpg 1357w\" sizes=\"(max-width: 212px) 100vw, 212px\" \/><\/a>LA GRANDE NOUVEAUT\u00c9 : DU LOURD POUR LES 11-14 ANS ! Habituellement r\u00e9serv\u00e9 aux plus jeunes, le s\u00e9jour s\u2019agrandit ! Nous ouvrons 7 places exclusives pour les pr\u00e9-ados et ados (11-14 ans).<\/div>\n<div class=\"x_gmail-x14z9mp x_gmail-xat24cr x_gmail-x1lziwak x_gmail-x1vvkbs x_gmail-xtlvy1s\">UN PROGRAMME QUI D\u00c9COIFFE (POUR TOUS !) Que tu aies 6 ou 14 ans, tu vas faire le plein d&rsquo;\u00e9nergie et de sensations fortes avec une \u00e9quipe de choc : VTT &amp; Tir \u00e0 l&rsquo;arc : pour la pr\u00e9cision et la vitesse. Poney &amp; Rando : pour explorer les paysages jurassiens. Accrobranche &amp; Baignade : pour le fun et la d\u00e9tente. Escalade sur falaise pour d\u00e9fier la gravit\u00e9. Canyoning pour ceux qui n&rsquo;ont pas peur de se mouiller (en option &#8211; Formule 2)<br class=\"x_gmail-html-br\" \/>LA VIE DE CH\u00c2TEAU&#8230; EN CHALET ! On oublie les corv\u00e9es, ici on vit ensemble et on s&rsquo;\u00e9clate : Dodo tout confort : Chambres de 3 \u00e0 6 lits avec salle de bain priv\u00e9e. Miam-miam local : 4 repas par jour pour d\u00e9couvrir les vraies saveurs du Jura.<\/div>\n<div class=\"x_gmail-x14z9mp x_gmail-xat24cr x_gmail-x1lziwak x_gmail-x1vvkbs x_gmail-xtlvy1s\">Quand ? Du 24 au 28 ao\u00fbt 2026.<br class=\"x_gmail-html-br\" \/>Combien ? De 460\u20ac \u00e0 550\u20ac selon tes activit\u00e9s et ton quotient familial.<br class=\"x_gmail-html-br\" \/>Comment ? direction\u00a0<a class=\"x_gmail-x1i10hfl x_gmail-xjbqb8w x_gmail-x1ejq31n x_gmail-x18oe1m7 x_gmail-x1sy0etr x_gmail-xstzfhl x_gmail-x972fbf x_gmail-x10w94by x_gmail-x1qhh985 x_gmail-x14e42zd x_gmail-x9f619 x_gmail-x1ypdohk x_gmail-xt0psk2 x_gmail-x3ct3a4 x_gmail-xdj266r x_gmail-x14z9mp x_gmail-xat24cr x_gmail-x1lziwak x_gmail-xexx8yu x_gmail-xyri2b x_gmail-x18d9i69 x_gmail-x1c1uobl x_gmail-x16tdsg8 x_gmail-x1hl2dhg x_gmail-xggy1nq x_gmail-x1a2a7pz x_gmail-xkrqix3 x_gmail-x1sur9pj x_gmail-x1fey0fg x_gmail-x1s688f\" tabindex=\"0\" title=\"http:\/\/www.mclgerardmer.fr\/?fbclid=IwZXh0bgNhZW0CMTAAYnJpZBExemI5OXBQV2doeXJNNXVVQXNydGMGYXBwX2lkEDIyMjAzOTE3ODgyMDA4OTIAAR67wXyaJVdGvjp79JJBl0g1yOLMj5TRwz1cG7r8y3hkjNYt6QCX1MncfljvPw_aem_6aPvwT45sUfj21MftJMGUA\" role=\"link\" href=\"http:\/\/www.mclgerardmer.fr\/?fbclid=IwZXh0bgNhZW0CMTAAYnJpZBExemI5OXBQV2doeXJNNXVVQXNydGMGYXBwX2lkEDIyMjAzOTE3ODgyMDA4OTIAAR67wXyaJVdGvjp79JJBl0g1yOLMj5TRwz1cG7r8y3hkjNYt6QCX1MncfljvPw_aem_6aPvwT45sUfj21MftJMGUA\" target=\"_blank\" rel=\"nofollow noreferrer noopener\" data-auth=\"NotApplicable\" data-linkindex=\"0\">www.mclgerardmer.fr<\/a>\u00a0ou un petit coup de fil au 07 83 48 46 92.<\/div>\n<div class=\"x_gmail-x14z9mp x_gmail-xat24cr x_gmail-x1lziwak x_gmail-x1vvkbs x_gmail-xtlvy1s\">Attention, les places partent vite (surtout les 7 nouvelles places ados) alors ne tarde pas \u00e0 envoyer ton dossier.<br class=\"x_gmail-html-br\" \/>Si tu as 11ans, le Pass Colo est utilisable sur ce s\u00e9jour (en plus des autres aides mobilisables) !<\/div>\n<div><strong>Fiche d&rsquo;inscription :\u00a0<\/strong><\/div>\n<div><a href=\"https:\/\/vosgesinfo.fr\/app\/uploads\/sites\/6\/2026\/04\/se\u0301jour-jura-2026-1.jpg\"><img decoding=\"async\" class=\"size-medium wp-image-90591 aligncenter\" src=\"https:\/\/vosgesinfo.fr\/app\/uploads\/sites\/6\/2026\/04\/se\u0301jour-jura-2026-1-212x300.jpg\" alt=\"\" width=\"212\" height=\"300\" srcset=\"https:\/\/vosgesinfo.fr\/app\/uploads\/sites\/6\/2026\/04\/se\u0301jour-jura-2026-1-212x300.jpg 212w, https:\/\/vosgesinfo.fr\/app\/uploads\/sites\/6\/2026\/04\/se\u0301jour-jura-2026-1-724x1024.jpg 724w, https:\/\/vosgesinfo.fr\/app\/uploads\/sites\/6\/2026\/04\/se\u0301jour-jura-2026-1-768x1087.jpg 768w, https:\/\/vosgesinfo.fr\/app\/uploads\/sites\/6\/2026\/04\/se\u0301jour-jura-2026-1-1086x1536.jpg 1086w, https:\/\/vosgesinfo.fr\/app\/uploads\/sites\/6\/2026\/04\/se\u0301jour-jura-2026-1.jpg 1357w\" sizes=\"(max-width: 212px) 100vw, 212px\" \/><\/a><\/div>\n","protected":false},"excerpt":{"rendered":"<p>Avis aux explorateurs de 6 \u00e0 14 ans ! Le s\u00e9jour \u00ab Sport et Nature \u00bb revient du 24 au [&hellip;]<\/p>\n","protected":false},"author":42,"featured_media":90592,"comment_status":"open","ping_status":"open","sticky":false,"template":"","format":"standard","meta":{"footnotes":""},"categories":[20],"tags":[],"class_list":["post-90589","post","type-post","status-publish","format-standard","has-post-thumbnail","hentry","category-a-la-une"],"acf":[],"yoast_head":"<!-- This site is optimized with the Yoast SEO plugin v22.5 - https:\/\/yoast.com\/wordpress\/plugins\/seo\/ -->\n<title>MCL - S\u00e9jour \u00ab Sport et Nature \u00bb dans le Jura du 24 au 28 ao\u00fbt - Gerardmer Info<\/title>\n<meta name=\"robots\" content=\"index, follow, max-snippet:-1, max-image-preview:large, max-video-preview:-1\" \/>\n<link rel=\"canonical\" href=\"https:\/\/vosgesinfo.fr\/gerardmerinfo\/2026\/04\/mcl-sejour-sport-et-nature-dans-le-jura-du-24-au-28-aout\/\" \/>\n<meta name=\"twitter:card\" content=\"summary_large_image\" \/>\n<meta name=\"twitter:title\" content=\"MCL - S\u00e9jour \u00ab Sport et Nature \u00bb dans le Jura du 24 au 28 ao\u00fbt - Gerardmer Info\" \/>\n<meta name=\"twitter:description\" content=\"Avis aux explorateurs de 6 \u00e0 14 ans ! Le s\u00e9jour \u00ab Sport et Nature \u00bb revient du 24 au [&hellip;]\" \/>\n<meta name=\"twitter:image\" content=\"https:\/\/vosgesinfo.fr\/app\/uploads\/sites\/6\/2026\/04\/se\u0301jour-jura-2026.jpg\" \/>\n<meta name=\"twitter:creator\" content=\"@VosgesInfo88\" \/>\n<meta name=\"twitter:site\" content=\"@VosgesInfo88\" \/>\n<meta name=\"twitter:label1\" content=\"\u00c9crit par\" \/>\n\t<meta name=\"twitter:data1\" content=\"QG\" \/>\n\t<meta name=\"twitter:label2\" content=\"Dur\u00e9e de lecture estim\u00e9e\" \/>\n\t<meta name=\"twitter:data2\" content=\"2 minutes\" \/>\n<script type=\"application\/ld+json\" class=\"yoast-schema-graph\">{\"@context\":\"https:\/\/schema.org\",\"@graph\":[{\"@type\":\"Article\",\"@id\":\"https:\/\/vosgesinfo.fr\/gerardmerinfo\/2026\/04\/mcl-sejour-sport-et-nature-dans-le-jura-du-24-au-28-aout\/#article\",\"isPartOf\":{\"@id\":\"https:\/\/vosgesinfo.fr\/gerardmerinfo\/2026\/04\/mcl-sejour-sport-et-nature-dans-le-jura-du-24-au-28-aout\/\"},\"author\":{\"name\":\"QG\",\"@id\":\"https:\/\/vosgesinfo.fr\/gerardmerinfo\/#\/schema\/person\/db5605779a843dad16b5368f3e7613a5\"},\"headline\":\"MCL &#8211; S\u00e9jour \u00ab Sport et Nature \u00bb dans le Jura du 24 au 28 ao\u00fbt\",\"datePublished\":\"2026-04-28T03:55:14+00:00\",\"dateModified\":\"2026-04-25T14:51:02+00:00\",\"mainEntityOfPage\":{\"@id\":\"https:\/\/vosgesinfo.fr\/gerardmerinfo\/2026\/04\/mcl-sejour-sport-et-nature-dans-le-jura-du-24-au-28-aout\/\"},\"wordCount\":270,\"commentCount\":0,\"publisher\":{\"@id\":\"https:\/\/vosgesinfo.fr\/gerardmerinfo\/#organization\"},\"image\":{\"@id\":\"https:\/\/vosgesinfo.fr\/gerardmerinfo\/2026\/04\/mcl-sejour-sport-et-nature-dans-le-jura-du-24-au-28-aout\/#primaryimage\"},\"thumbnailUrl\":\"https:\/\/vosgesinfo.fr\/app\/uploads\/sites\/6\/2026\/04\/se\u0301jour-jura-2026.jpg\",\"articleSection\":[\"A la une\"],\"inLanguage\":\"fr-FR\",\"potentialAction\":[{\"@type\":\"CommentAction\",\"name\":\"Comment\",\"target\":[\"https:\/\/vosgesinfo.fr\/gerardmerinfo\/2026\/04\/mcl-sejour-sport-et-nature-dans-le-jura-du-24-au-28-aout\/#respond\"]}]},{\"@type\":\"WebPage\",\"@id\":\"https:\/\/vosgesinfo.fr\/gerardmerinfo\/2026\/04\/mcl-sejour-sport-et-nature-dans-le-jura-du-24-au-28-aout\/\",\"url\":\"https:\/\/vosgesinfo.fr\/gerardmerinfo\/2026\/04\/mcl-sejour-sport-et-nature-dans-le-jura-du-24-au-28-aout\/\",\"name\":\"MCL - S\u00e9jour \u00ab Sport et Nature \u00bb dans le Jura du 24 au 28 ao\u00fbt - Gerardmer Info\",\"isPartOf\":{\"@id\":\"https:\/\/vosgesinfo.fr\/gerardmerinfo\/#website\"},\"primaryImageOfPage\":{\"@id\":\"https:\/\/vosgesinfo.fr\/gerardmerinfo\/2026\/04\/mcl-sejour-sport-et-nature-dans-le-jura-du-24-au-28-aout\/#primaryimage\"},\"image\":{\"@id\":\"https:\/\/vosgesinfo.fr\/gerardmerinfo\/2026\/04\/mcl-sejour-sport-et-nature-dans-le-jura-du-24-au-28-aout\/#primaryimage\"},\"thumbnailUrl\":\"https:\/\/vosgesinfo.fr\/app\/uploads\/sites\/6\/2026\/04\/se\u0301jour-jura-2026.jpg\",\"datePublished\":\"2026-04-28T03:55:14+00:00\",\"dateModified\":\"2026-04-25T14:51:02+00:00\",\"breadcrumb\":{\"@id\":\"https:\/\/vosgesinfo.fr\/gerardmerinfo\/2026\/04\/mcl-sejour-sport-et-nature-dans-le-jura-du-24-au-28-aout\/#breadcrumb\"},\"inLanguage\":\"fr-FR\",\"potentialAction\":[{\"@type\":\"ReadAction\",\"target\":[\"https:\/\/vosgesinfo.fr\/gerardmerinfo\/2026\/04\/mcl-sejour-sport-et-nature-dans-le-jura-du-24-au-28-aout\/\"]}]},{\"@type\":\"ImageObject\",\"inLanguage\":\"fr-FR\",\"@id\":\"https:\/\/vosgesinfo.fr\/gerardmerinfo\/2026\/04\/mcl-sejour-sport-et-nature-dans-le-jura-du-24-au-28-aout\/#primaryimage\",\"url\":\"https:\/\/vosgesinfo.fr\/app\/uploads\/sites\/6\/2026\/04\/se\u0301jour-jura-2026.jpg\",\"contentUrl\":\"https:\/\/vosgesinfo.fr\/app\/uploads\/sites\/6\/2026\/04\/se\u0301jour-jura-2026.jpg\",\"width\":1357,\"height\":1920},{\"@type\":\"BreadcrumbList\",\"@id\":\"https:\/\/vosgesinfo.fr\/gerardmerinfo\/2026\/04\/mcl-sejour-sport-et-nature-dans-le-jura-du-24-au-28-aout\/#breadcrumb\",\"itemListElement\":[{\"@type\":\"ListItem\",\"position\":1,\"name\":\"Home\",\"item\":\"https:\/\/vosgesinfo.fr\/gerardmerinfo\/\"},{\"@type\":\"ListItem\",\"position\":2,\"name\":\"MCL &#8211; S\u00e9jour \u00ab Sport et Nature \u00bb dans le Jura du 24 au 28 ao\u00fbt\"}]},{\"@type\":\"WebSite\",\"@id\":\"https:\/\/vosgesinfo.fr\/gerardmerinfo\/#website\",\"url\":\"https:\/\/vosgesinfo.fr\/gerardmerinfo\/\",\"name\":\"Gerardmer Info\",\"description\":\"Toute l&#039;actualit\u00e9 de G\u00e9rardmer\",\"publisher\":{\"@id\":\"https:\/\/vosgesinfo.fr\/gerardmerinfo\/#organization\"},\"alternateName\":\"Toute l'actualit\u00e9 de G\u00e9rardmer\",\"potentialAction\":[{\"@type\":\"SearchAction\",\"target\":{\"@type\":\"EntryPoint\",\"urlTemplate\":\"https:\/\/vosgesinfo.fr\/gerardmerinfo\/?s={search_term_string}\"},\"query-input\":\"required name=search_term_string\"}],\"inLanguage\":\"fr-FR\"},{\"@type\":\"Organization\",\"@id\":\"https:\/\/vosgesinfo.fr\/gerardmerinfo\/#organization\",\"name\":\"Gerardmer Info\",\"url\":\"https:\/\/vosgesinfo.fr\/gerardmerinfo\/\",\"logo\":{\"@type\":\"ImageObject\",\"inLanguage\":\"fr-FR\",\"@id\":\"https:\/\/vosgesinfo.fr\/gerardmerinfo\/#\/schema\/logo\/image\/\",\"url\":\"https:\/\/vosgesinfo.fr\/app\/uploads\/sites\/6\/2023\/08\/favicon-gerardmerinfo.png\",\"contentUrl\":\"https:\/\/vosgesinfo.fr\/app\/uploads\/sites\/6\/2023\/08\/favicon-gerardmerinfo.png\",\"width\":512,\"height\":512,\"caption\":\"Gerardmer Info\"},\"image\":{\"@id\":\"https:\/\/vosgesinfo.fr\/gerardmerinfo\/#\/schema\/logo\/image\/\"},\"sameAs\":[\"https:\/\/www.facebook.com\/profile.php?id=100049475262660\",\"https:\/\/x.com\/VosgesInfo88\",\"https:\/\/www.youtube.com\/@vosgesinfo\"]},{\"@type\":\"Person\",\"@id\":\"https:\/\/vosgesinfo.fr\/gerardmerinfo\/#\/schema\/person\/db5605779a843dad16b5368f3e7613a5\",\"name\":\"QG\",\"image\":{\"@type\":\"ImageObject\",\"inLanguage\":\"fr-FR\",\"@id\":\"https:\/\/vosgesinfo.fr\/gerardmerinfo\/#\/schema\/person\/image\/\",\"url\":\"https:\/\/secure.gravatar.com\/avatar\/ea80c42c204b534408512832fde52504ecabb9706bcb6151cf6175e5b64e6793?s=96&d=mm&r=g\",\"contentUrl\":\"https:\/\/secure.gravatar.com\/avatar\/ea80c42c204b534408512832fde52504ecabb9706bcb6151cf6175e5b64e6793?s=96&d=mm&r=g\",\"caption\":\"QG\"},\"url\":\"https:\/\/vosgesinfo.fr\/gerardmerinfo\/author\/quentin88\/\"}]}<\/script>\n<!-- \/ Yoast SEO plugin. -->","yoast_head_json":{"title":"MCL - S\u00e9jour \u00ab Sport et Nature \u00bb dans le Jura du 24 au 28 ao\u00fbt - Gerardmer Info","robots":{"index":"index","follow":"follow","max-snippet":"max-snippet:-1","max-image-preview":"max-image-preview:large","max-video-preview":"max-video-preview:-1"},"canonical":"https:\/\/vosgesinfo.fr\/gerardmerinfo\/2026\/04\/mcl-sejour-sport-et-nature-dans-le-jura-du-24-au-28-aout\/","twitter_card":"summary_large_image","twitter_title":"MCL - S\u00e9jour \u00ab Sport et Nature \u00bb dans le Jura du 24 au 28 ao\u00fbt - Gerardmer Info","twitter_description":"Avis aux explorateurs de 6 \u00e0 14 ans ! Le s\u00e9jour \u00ab Sport et Nature \u00bb revient du 24 au [&hellip;]","twitter_image":"https:\/\/vosgesinfo.fr\/app\/uploads\/sites\/6\/2026\/04\/se\u0301jour-jura-2026.jpg","twitter_creator":"@VosgesInfo88","twitter_site":"@VosgesInfo88","twitter_misc":{"\u00c9crit par":"QG","Dur\u00e9e de lecture estim\u00e9e":"2 minutes"},"schema":{"@context":"https:\/\/schema.org","@graph":[{"@type":"Article","@id":"https:\/\/vosgesinfo.fr\/gerardmerinfo\/2026\/04\/mcl-sejour-sport-et-nature-dans-le-jura-du-24-au-28-aout\/#article","isPartOf":{"@id":"https:\/\/vosgesinfo.fr\/gerardmerinfo\/2026\/04\/mcl-sejour-sport-et-nature-dans-le-jura-du-24-au-28-aout\/"},"author":{"name":"QG","@id":"https:\/\/vosgesinfo.fr\/gerardmerinfo\/#\/schema\/person\/db5605779a843dad16b5368f3e7613a5"},"headline":"MCL &#8211; S\u00e9jour \u00ab Sport et Nature \u00bb dans le Jura du 24 au 28 ao\u00fbt","datePublished":"2026-04-28T03:55:14+00:00","dateModified":"2026-04-25T14:51:02+00:00","mainEntityOfPage":{"@id":"https:\/\/vosgesinfo.fr\/gerardmerinfo\/2026\/04\/mcl-sejour-sport-et-nature-dans-le-jura-du-24-au-28-aout\/"},"wordCount":270,"commentCount":0,"publisher":{"@id":"https:\/\/vosgesinfo.fr\/gerardmerinfo\/#organization"},"image":{"@id":"https:\/\/vosgesinfo.fr\/gerardmerinfo\/2026\/04\/mcl-sejour-sport-et-nature-dans-le-jura-du-24-au-28-aout\/#primaryimage"},"thumbnailUrl":"https:\/\/vosgesinfo.fr\/app\/uploads\/sites\/6\/2026\/04\/se\u0301jour-jura-2026.jpg","articleSection":["A la une"],"inLanguage":"fr-FR","potentialAction":[{"@type":"CommentAction","name":"Comment","target":["https:\/\/vosgesinfo.fr\/gerardmerinfo\/2026\/04\/mcl-sejour-sport-et-nature-dans-le-jura-du-24-au-28-aout\/#respond"]}]},{"@type":"WebPage","@id":"https:\/\/vosgesinfo.fr\/gerardmerinfo\/2026\/04\/mcl-sejour-sport-et-nature-dans-le-jura-du-24-au-28-aout\/","url":"https:\/\/vosgesinfo.fr\/gerardmerinfo\/2026\/04\/mcl-sejour-sport-et-nature-dans-le-jura-du-24-au-28-aout\/","name":"MCL - S\u00e9jour \u00ab Sport et Nature \u00bb dans le Jura du 24 au 28 ao\u00fbt - Gerardmer Info","isPartOf":{"@id":"https:\/\/vosgesinfo.fr\/gerardmerinfo\/#website"},"primaryImageOfPage":{"@id":"https:\/\/vosgesinfo.fr\/gerardmerinfo\/2026\/04\/mcl-sejour-sport-et-nature-dans-le-jura-du-24-au-28-aout\/#primaryimage"},"image":{"@id":"https:\/\/vosgesinfo.fr\/gerardmerinfo\/2026\/04\/mcl-sejour-sport-et-nature-dans-le-jura-du-24-au-28-aout\/#primaryimage"},"thumbnailUrl":"https:\/\/vosgesinfo.fr\/app\/uploads\/sites\/6\/2026\/04\/se\u0301jour-jura-2026.jpg","datePublished":"2026-04-28T03:55:14+00:00","dateModified":"2026-04-25T14:51:02+00:00","breadcrumb":{"@id":"https:\/\/vosgesinfo.fr\/gerardmerinfo\/2026\/04\/mcl-sejour-sport-et-nature-dans-le-jura-du-24-au-28-aout\/#breadcrumb"},"inLanguage":"fr-FR","potentialAction":[{"@type":"ReadAction","target":["https:\/\/vosgesinfo.fr\/gerardmerinfo\/2026\/04\/mcl-sejour-sport-et-nature-dans-le-jura-du-24-au-28-aout\/"]}]},{"@type":"ImageObject","inLanguage":"fr-FR","@id":"https:\/\/vosgesinfo.fr\/gerardmerinfo\/2026\/04\/mcl-sejour-sport-et-nature-dans-le-jura-du-24-au-28-aout\/#primaryimage","url":"https:\/\/vosgesinfo.fr\/app\/uploads\/sites\/6\/2026\/04\/se\u0301jour-jura-2026.jpg","contentUrl":"https:\/\/vosgesinfo.fr\/app\/uploads\/sites\/6\/2026\/04\/se\u0301jour-jura-2026.jpg","width":1357,"height":1920},{"@type":"BreadcrumbList","@id":"https:\/\/vosgesinfo.fr\/gerardmerinfo\/2026\/04\/mcl-sejour-sport-et-nature-dans-le-jura-du-24-au-28-aout\/#breadcrumb","itemListElement":[{"@type":"ListItem","position":1,"name":"Home","item":"https:\/\/vosgesinfo.fr\/gerardmerinfo\/"},{"@type":"ListItem","position":2,"name":"MCL &#8211; S\u00e9jour \u00ab Sport et Nature \u00bb dans le Jura du 24 au 28 ao\u00fbt"}]},{"@type":"WebSite","@id":"https:\/\/vosgesinfo.fr\/gerardmerinfo\/#website","url":"https:\/\/vosgesinfo.fr\/gerardmerinfo\/","name":"Gerardmer Info","description":"Toute l&#039;actualit\u00e9 de G\u00e9rardmer","publisher":{"@id":"https:\/\/vosgesinfo.fr\/gerardmerinfo\/#organization"},"alternateName":"Toute l'actualit\u00e9 de G\u00e9rardmer","potentialAction":[{"@type":"SearchAction","target":{"@type":"EntryPoint","urlTemplate":"https:\/\/vosgesinfo.fr\/gerardmerinfo\/?s={search_term_string}"},"query-input":"required name=search_term_string"}],"inLanguage":"fr-FR"},{"@type":"Organization","@id":"https:\/\/vosgesinfo.fr\/gerardmerinfo\/#organization","name":"Gerardmer Info","url":"https:\/\/vosgesinfo.fr\/gerardmerinfo\/","logo":{"@type":"ImageObject","inLanguage":"fr-FR","@id":"https:\/\/vosgesinfo.fr\/gerardmerinfo\/#\/schema\/logo\/image\/","url":"https:\/\/vosgesinfo.fr\/app\/uploads\/sites\/6\/2023\/08\/favicon-gerardmerinfo.png","contentUrl":"https:\/\/vosgesinfo.fr\/app\/uploads\/sites\/6\/2023\/08\/favicon-gerardmerinfo.png","width":512,"height":512,"caption":"Gerardmer Info"},"image":{"@id":"https:\/\/vosgesinfo.fr\/gerardmerinfo\/#\/schema\/logo\/image\/"},"sameAs":["https:\/\/www.facebook.com\/profile.php?id=100049475262660","https:\/\/x.com\/VosgesInfo88","https:\/\/www.youtube.com\/@vosgesinfo"]},{"@type":"Person","@id":"https:\/\/vosgesinfo.fr\/gerardmerinfo\/#\/schema\/person\/db5605779a843dad16b5368f3e7613a5","name":"QG","image":{"@type":"ImageObject","inLanguage":"fr-FR","@id":"https:\/\/vosgesinfo.fr\/gerardmerinfo\/#\/schema\/person\/image\/","url":"https:\/\/secure.gravatar.com\/avatar\/ea80c42c204b534408512832fde52504ecabb9706bcb6151cf6175e5b64e6793?s=96&d=mm&r=g","contentUrl":"https:\/\/secure.gravatar.com\/avatar\/ea80c42c204b534408512832fde52504ecabb9706bcb6151cf6175e5b64e6793?s=96&d=mm&r=g","caption":"QG"},"url":"https:\/\/vosgesinfo.fr\/gerardmerinfo\/author\/quentin88\/"}]}},"_links":{"self":[{"href":"https:\/\/vosgesinfo.fr\/gerardmerinfo\/wp-json\/wp\/v2\/posts\/90589","targetHints":{"allow":["GET"]}}],"collection":[{"href":"https:\/\/vosgesinfo.fr\/gerardmerinfo\/wp-json\/wp\/v2\/posts"}],"about":[{"href":"https:\/\/vosgesinfo.fr\/gerardmerinfo\/wp-json\/wp\/v2\/types\/post"}],"author":[{"embeddable":true,"href":"https:\/\/vosgesinfo.fr\/gerardmerinfo\/wp-json\/wp\/v2\/users\/42"}],"replies":[{"embeddable":true,"href":"https:\/\/vosgesinfo.fr\/gerardmerinfo\/wp-json\/wp\/v2\/comments?post=90589"}],"version-history":[{"count":1,"href":"https:\/\/vosgesinfo.fr\/gerardmerinfo\/wp-json\/wp\/v2\/posts\/90589\/revisions"}],"predecessor-version":[{"id":90595,"href":"https:\/\/vosgesinfo.fr\/gerardmerinfo\/wp-json\/wp\/v2\/posts\/90589\/revisions\/90595"}],"wp:featuredmedia":[{"embeddable":true,"href":"https:\/\/vosgesinfo.fr\/gerardmerinfo\/wp-json\/wp\/v2\/media\/90592"}],"wp:attachment":[{"href":"https:\/\/vosgesinfo.fr\/gerardmerinfo\/wp-json\/wp\/v2\/media?parent=90589"}],"wp:term":[{"taxonomy":"category","embeddable":true,"href":"https:\/\/vosgesinfo.fr\/gerardmerinfo\/wp-json\/wp\/v2\/categories?post=90589"},{"taxonomy":"post_tag","embeddable":true,"href":"https:\/\/vosgesinfo.fr\/gerardmerinfo\/wp-json\/wp\/v2\/tags?post=90589"}],"curies":[{"name":"wp","href":"https:\/\/api.w.org\/{rel}","templated":true}]}}