{"id":90670,"date":"2026-04-25T05:59:37","date_gmt":"2026-04-25T03:59:37","guid":{"rendered":"https:\/\/vosgesinfo.fr\/gerardmerinfo\/?p=90670"},"modified":"2026-04-24T23:06:00","modified_gmt":"2026-04-24T21:06:00","slug":"un-budget-2026-herite-et-de-transition-avant-de-batir-une-trajectoire-budgetaire-affirmee","status":"publish","type":"post","link":"https:\/\/vosgesinfo.fr\/gerardmerinfo\/2026\/04\/un-budget-2026-herite-et-de-transition-avant-de-batir-une-trajectoire-budgetaire-affirmee\/","title":{"rendered":"Un Budget 2026 \u00ab\u00a0h\u00e9rit\u00e9\u00a0\u00bb et \u00ab\u00a0de transition\u00a0\u00bb avant de b\u00e2tir une \u00ab\u00a0trajectoire budg\u00e9taire affirm\u00e9e\u00a0\u00bb"},"content":{"rendered":"<p data-pm-slice=\"1 1 []\"><strong>L\u2019adjoint aux finances Thierry Himber a d\u00e9voil\u00e9 le budget 2026 soumis au vote des \u00e9lus du conseil municipal ce lundi soir, stipulant qu\u2019il s\u2019agissait \u00ab\u00a0d\u2019un budget h\u00e9rit\u00e9, avec peu de choses modifi\u00e9es (sur ce qui avait \u00e9t\u00e9 propos\u00e9 par le ROB le 27 f\u00e9vrier dernier \u2013 NDLR)\u00a0\u00bb, et ce afin \u00ab\u00a0d\u2019assurer une continuit\u00e9 et de tenir les engagements h\u00e9rit\u00e9s\u00a0\u00bb.\u00a0<\/strong><\/p>\n<p>La majorit\u00e9 va prochainement lancer un audit sur des points sp\u00e9cifiques identifi\u00e9s afin de compl\u00e9ter le r\u00e9cent rapport de la Chambre r\u00e9gionale des comptes et souhaite mettre en place un syst\u00e8me de pilotage et de gestion plus efficace et r\u00e9actif sur certains postes sp\u00e9cifiques. La recherche de sources de financements nouvelles sera \u00e9galement essentielle via des appels \u00e0 projets et subventions associ\u00e9es, des partenariats public\/priv\u00e9 dans le domaine du tourisme et d\u2019autres sujets comme la transition \u00e9nerg\u00e9tique : \u00ab\u00a0Sur ce dernier point, \u00e7a n\u2019avait pas \u00e9t\u00e9 encore tr\u00e8s exploit\u00e9 par la pr\u00e9c\u00e9dente municipalit\u00e9\u00a0\u00bb, commente le maire Thomas Gion.<\/p>\n<p><strong>Transparence et suivi<\/strong><\/p>\n<p>Thierry Himber a \u00e9galement pr\u00e9cis\u00e9 qu\u2019il n\u2019avait \u00ab\u00a0pas eu de dossier de passation formalis\u00e9 concernant les comptes\u00a0\u00bb de la part de ses pr\u00e9d\u00e9cesseurs, d\u00e9clarant ainsi avoir avanc\u00e9 avec les \u00e9quipes du service financier et administratif de la commune dont l\u2019aide et la collaboration sont pr\u00e9cieuses 2026 sera donc une ann\u00e9e de transition d\u2019un point de vue budg\u00e9taire, avec possibilit\u00e9 de faire des ajustements \u00ab\u00a0en fonction de l\u2019\u00e9volution de certains dossiers structurants dans les mois \u00e0 venir. L\u2019adjoint et le maire Thomas Gion qui ont affich\u00e9 leur volont\u00e9 d\u2019\u00e9voluer en toute transparence vis-\u00e0-vis des G\u00e9r\u00f4mois sur l\u2019aspect des finances et \u00ab\u00a0d\u2019apporter sur le sujet des indicateurs que l\u2019on pourra suivre dans le temps\u00a0\u00bb. D\u2019o\u00f9 la prochaine r\u00e9union publique qui aura lieu le 25 juin prochain et les permanences sur le march\u00e9 chaque premier jeudi du mois (rdv le 7 mai prochain).\u00a0 La majorit\u00e9 entend cr\u00e9er \u00ab\u00a0une dynamique sur l\u2019ensemble du mandat \u00e0 travers une trajectoire budg\u00e9taire affirm\u00e9e, p\u00e9renne et moins d\u00e9pendante du ski\u00a0\u00bb.<\/p>\n<p>Concernant la situation des finances, Thierry Himber a \u00e9galement \u00e9voqu\u00e9 des dossiers \u00ab\u00a0\u00e0 impact financier significatif\u00a0\u00bb comme la station de ski, le centre aquatique de bien-\u00eatre, les horodateurs ou la d\u00e9couverte de situations d\u2019impay\u00e9s \u00e0 la Ville qu\u2019il va donc falloir aller chercher, et qui n\u2019ont pas \u00e9t\u00e9 provisionn\u00e9s pour le moment.<\/p>\n<p><strong>En chiffres<\/strong><\/p>\n<p>Pour les gros chiffres, le budget principal et les budgets annexes (hors ski) 2026 s\u2019\u00e9l\u00e8vent \u00e0 30,8 millions d\u2019euros : un budget de fonctionnement de 23,5 millions et un budget d\u2019investissement de 7,3 millions. Les d\u00e9penses d\u2019\u00e9quipement sont pr\u00e9vues \u00e0 hauteur de 4 millions, int\u00e9grant 1 M\u20ac de reports de d\u00e9penses de 2025 sur 2026 (d\u00e9penses en attente de facturation de la part des entreprises), 1 M\u20ac de d\u00e9ficit en 2025, et 2 M\u20ac concernant notamment la voirie, les b\u00e2timents et l\u2019\u00e9quipement. \u00ab\u00a0Il faut relancer l\u2019investissement dans certains secteurs d\u00e8s 2026, et beaucoup de choses ont \u00e9t\u00e9 retard\u00e9es \u00e0 ce niveau-l\u00e0 \u00bb, ajoute Thierry Himber.<\/p>\n<p>Concernant la poursuite du d\u00e9sendettement, les sommes sont les suivantes : 1,8 M\u20ac sur le budget principal et 1,5 M\u20ac sur le domaine skiable alpin (remboursement du capital et des int\u00e9r\u00eats associ\u00e9s aux emprunts). \u00ab\u00a0Sur le d\u00e9sendettement, on retrouvera des marges de man\u0153uvre en 2032 et \u00e0 nouveau en 2034 avec des remboursements qui arriveront \u00e0 leur terme\u00a0\u00bb.<\/p>\n","protected":false},"excerpt":{"rendered":"<p>L\u2019adjoint aux finances Thierry Himber a d\u00e9voil\u00e9 le budget 2026 soumis au vote des \u00e9lus du conseil municipal ce lundi [&hellip;]<\/p>\n","protected":false},"author":42,"featured_media":83607,"comment_status":"closed","ping_status":"open","sticky":false,"template":"","format":"standard","meta":{"footnotes":""},"categories":[20,5,5647,10],"tags":[],"class_list":["post-90670","post","type-post","status-publish","format-standard","has-post-thumbnail","hentry","category-a-la-une","category-economie","category-gerardmer-autres-sites","category-politique"],"acf":[],"yoast_head":"<!-- This site is optimized with the Yoast SEO plugin v22.5 - https:\/\/yoast.com\/wordpress\/plugins\/seo\/ -->\n<title>Un Budget 2026 &quot;h\u00e9rit\u00e9&quot; et &quot;de transition&quot; avant de b\u00e2tir une &quot;trajectoire budg\u00e9taire affirm\u00e9e&quot; - Gerardmer Info<\/title>\n<meta name=\"robots\" content=\"index, follow, max-snippet:-1, max-image-preview:large, max-video-preview:-1\" \/>\n<link rel=\"canonical\" href=\"https:\/\/vosgesinfo.fr\/gerardmerinfo\/2026\/04\/un-budget-2026-herite-et-de-transition-avant-de-batir-une-trajectoire-budgetaire-affirmee\/\" \/>\n<meta name=\"twitter:card\" content=\"summary_large_image\" \/>\n<meta name=\"twitter:title\" content=\"Un Budget 2026 &quot;h\u00e9rit\u00e9&quot; et &quot;de transition&quot; avant de b\u00e2tir une &quot;trajectoire budg\u00e9taire affirm\u00e9e&quot; - Gerardmer Info\" \/>\n<meta name=\"twitter:description\" content=\"L\u2019adjoint aux finances Thierry Himber a d\u00e9voil\u00e9 le budget 2026 soumis au vote des \u00e9lus du conseil municipal ce lundi [&hellip;]\" \/>\n<meta name=\"twitter:image\" content=\"https:\/\/vosgesinfo.fr\/app\/uploads\/sites\/6\/2025\/10\/conseil-municipal.jpg\" \/>\n<meta name=\"twitter:creator\" content=\"@VosgesInfo88\" \/>\n<meta name=\"twitter:site\" content=\"@VosgesInfo88\" \/>\n<meta name=\"twitter:label1\" content=\"\u00c9crit par\" \/>\n\t<meta name=\"twitter:data1\" content=\"QG\" \/>\n\t<meta name=\"twitter:label2\" content=\"Dur\u00e9e de lecture estim\u00e9e\" \/>\n\t<meta name=\"twitter:data2\" content=\"3 minutes\" \/>\n<script type=\"application\/ld+json\" class=\"yoast-schema-graph\">{\"@context\":\"https:\/\/schema.org\",\"@graph\":[{\"@type\":\"Article\",\"@id\":\"https:\/\/vosgesinfo.fr\/gerardmerinfo\/2026\/04\/un-budget-2026-herite-et-de-transition-avant-de-batir-une-trajectoire-budgetaire-affirmee\/#article\",\"isPartOf\":{\"@id\":\"https:\/\/vosgesinfo.fr\/gerardmerinfo\/2026\/04\/un-budget-2026-herite-et-de-transition-avant-de-batir-une-trajectoire-budgetaire-affirmee\/\"},\"author\":{\"name\":\"QG\",\"@id\":\"https:\/\/vosgesinfo.fr\/gerardmerinfo\/#\/schema\/person\/db5605779a843dad16b5368f3e7613a5\"},\"headline\":\"Un Budget 2026 \u00ab\u00a0h\u00e9rit\u00e9\u00a0\u00bb et \u00ab\u00a0de transition\u00a0\u00bb avant de b\u00e2tir une \u00ab\u00a0trajectoire budg\u00e9taire affirm\u00e9e\u00a0\u00bb\",\"datePublished\":\"2026-04-25T03:59:37+00:00\",\"dateModified\":\"2026-04-24T21:06:00+00:00\",\"mainEntityOfPage\":{\"@id\":\"https:\/\/vosgesinfo.fr\/gerardmerinfo\/2026\/04\/un-budget-2026-herite-et-de-transition-avant-de-batir-une-trajectoire-budgetaire-affirmee\/\"},\"wordCount\":604,\"publisher\":{\"@id\":\"https:\/\/vosgesinfo.fr\/gerardmerinfo\/#organization\"},\"image\":{\"@id\":\"https:\/\/vosgesinfo.fr\/gerardmerinfo\/2026\/04\/un-budget-2026-herite-et-de-transition-avant-de-batir-une-trajectoire-budgetaire-affirmee\/#primaryimage\"},\"thumbnailUrl\":\"https:\/\/vosgesinfo.fr\/app\/uploads\/sites\/6\/2025\/10\/conseil-municipal.jpg\",\"articleSection\":[\"A la une\",\"\u00c9conomie\",\"Gerardmer\",\"Politique\"],\"inLanguage\":\"fr-FR\"},{\"@type\":\"WebPage\",\"@id\":\"https:\/\/vosgesinfo.fr\/gerardmerinfo\/2026\/04\/un-budget-2026-herite-et-de-transition-avant-de-batir-une-trajectoire-budgetaire-affirmee\/\",\"url\":\"https:\/\/vosgesinfo.fr\/gerardmerinfo\/2026\/04\/un-budget-2026-herite-et-de-transition-avant-de-batir-une-trajectoire-budgetaire-affirmee\/\",\"name\":\"Un Budget 2026 \\\"h\u00e9rit\u00e9\\\" et \\\"de transition\\\" avant de b\u00e2tir une \\\"trajectoire budg\u00e9taire affirm\u00e9e\\\" - Gerardmer Info\",\"isPartOf\":{\"@id\":\"https:\/\/vosgesinfo.fr\/gerardmerinfo\/#website\"},\"primaryImageOfPage\":{\"@id\":\"https:\/\/vosgesinfo.fr\/gerardmerinfo\/2026\/04\/un-budget-2026-herite-et-de-transition-avant-de-batir-une-trajectoire-budgetaire-affirmee\/#primaryimage\"},\"image\":{\"@id\":\"https:\/\/vosgesinfo.fr\/gerardmerinfo\/2026\/04\/un-budget-2026-herite-et-de-transition-avant-de-batir-une-trajectoire-budgetaire-affirmee\/#primaryimage\"},\"thumbnailUrl\":\"https:\/\/vosgesinfo.fr\/app\/uploads\/sites\/6\/2025\/10\/conseil-municipal.jpg\",\"datePublished\":\"2026-04-25T03:59:37+00:00\",\"dateModified\":\"2026-04-24T21:06:00+00:00\",\"breadcrumb\":{\"@id\":\"https:\/\/vosgesinfo.fr\/gerardmerinfo\/2026\/04\/un-budget-2026-herite-et-de-transition-avant-de-batir-une-trajectoire-budgetaire-affirmee\/#breadcrumb\"},\"inLanguage\":\"fr-FR\",\"potentialAction\":[{\"@type\":\"ReadAction\",\"target\":[\"https:\/\/vosgesinfo.fr\/gerardmerinfo\/2026\/04\/un-budget-2026-herite-et-de-transition-avant-de-batir-une-trajectoire-budgetaire-affirmee\/\"]}]},{\"@type\":\"ImageObject\",\"inLanguage\":\"fr-FR\",\"@id\":\"https:\/\/vosgesinfo.fr\/gerardmerinfo\/2026\/04\/un-budget-2026-herite-et-de-transition-avant-de-batir-une-trajectoire-budgetaire-affirmee\/#primaryimage\",\"url\":\"https:\/\/vosgesinfo.fr\/app\/uploads\/sites\/6\/2025\/10\/conseil-municipal.jpg\",\"contentUrl\":\"https:\/\/vosgesinfo.fr\/app\/uploads\/sites\/6\/2025\/10\/conseil-municipal.jpg\",\"width\":715,\"height\":345},{\"@type\":\"BreadcrumbList\",\"@id\":\"https:\/\/vosgesinfo.fr\/gerardmerinfo\/2026\/04\/un-budget-2026-herite-et-de-transition-avant-de-batir-une-trajectoire-budgetaire-affirmee\/#breadcrumb\",\"itemListElement\":[{\"@type\":\"ListItem\",\"position\":1,\"name\":\"Home\",\"item\":\"https:\/\/vosgesinfo.fr\/gerardmerinfo\/\"},{\"@type\":\"ListItem\",\"position\":2,\"name\":\"Un Budget 2026 \u00ab\u00a0h\u00e9rit\u00e9\u00a0\u00bb et \u00ab\u00a0de transition\u00a0\u00bb avant de b\u00e2tir une \u00ab\u00a0trajectoire budg\u00e9taire affirm\u00e9e\u00a0\u00bb\"}]},{\"@type\":\"WebSite\",\"@id\":\"https:\/\/vosgesinfo.fr\/gerardmerinfo\/#website\",\"url\":\"https:\/\/vosgesinfo.fr\/gerardmerinfo\/\",\"name\":\"Gerardmer Info\",\"description\":\"Toute l&#039;actualit\u00e9 de G\u00e9rardmer\",\"publisher\":{\"@id\":\"https:\/\/vosgesinfo.fr\/gerardmerinfo\/#organization\"},\"alternateName\":\"Toute l'actualit\u00e9 de G\u00e9rardmer\",\"potentialAction\":[{\"@type\":\"SearchAction\",\"target\":{\"@type\":\"EntryPoint\",\"urlTemplate\":\"https:\/\/vosgesinfo.fr\/gerardmerinfo\/?s={search_term_string}\"},\"query-input\":\"required name=search_term_string\"}],\"inLanguage\":\"fr-FR\"},{\"@type\":\"Organization\",\"@id\":\"https:\/\/vosgesinfo.fr\/gerardmerinfo\/#organization\",\"name\":\"Gerardmer Info\",\"url\":\"https:\/\/vosgesinfo.fr\/gerardmerinfo\/\",\"logo\":{\"@type\":\"ImageObject\",\"inLanguage\":\"fr-FR\",\"@id\":\"https:\/\/vosgesinfo.fr\/gerardmerinfo\/#\/schema\/logo\/image\/\",\"url\":\"https:\/\/vosgesinfo.fr\/app\/uploads\/sites\/6\/2023\/08\/favicon-gerardmerinfo.png\",\"contentUrl\":\"https:\/\/vosgesinfo.fr\/app\/uploads\/sites\/6\/2023\/08\/favicon-gerardmerinfo.png\",\"width\":512,\"height\":512,\"caption\":\"Gerardmer Info\"},\"image\":{\"@id\":\"https:\/\/vosgesinfo.fr\/gerardmerinfo\/#\/schema\/logo\/image\/\"},\"sameAs\":[\"https:\/\/www.facebook.com\/profile.php?id=100049475262660\",\"https:\/\/x.com\/VosgesInfo88\",\"https:\/\/www.youtube.com\/@vosgesinfo\"]},{\"@type\":\"Person\",\"@id\":\"https:\/\/vosgesinfo.fr\/gerardmerinfo\/#\/schema\/person\/db5605779a843dad16b5368f3e7613a5\",\"name\":\"QG\",\"image\":{\"@type\":\"ImageObject\",\"inLanguage\":\"fr-FR\",\"@id\":\"https:\/\/vosgesinfo.fr\/gerardmerinfo\/#\/schema\/person\/image\/\",\"url\":\"https:\/\/secure.gravatar.com\/avatar\/ea80c42c204b534408512832fde52504ecabb9706bcb6151cf6175e5b64e6793?s=96&d=mm&r=g\",\"contentUrl\":\"https:\/\/secure.gravatar.com\/avatar\/ea80c42c204b534408512832fde52504ecabb9706bcb6151cf6175e5b64e6793?s=96&d=mm&r=g\",\"caption\":\"QG\"},\"url\":\"https:\/\/vosgesinfo.fr\/gerardmerinfo\/author\/quentin88\/\"}]}<\/script>\n<!-- \/ Yoast SEO plugin. -->","yoast_head_json":{"title":"Un Budget 2026 \"h\u00e9rit\u00e9\" et \"de transition\" avant de b\u00e2tir une \"trajectoire budg\u00e9taire affirm\u00e9e\" - Gerardmer Info","robots":{"index":"index","follow":"follow","max-snippet":"max-snippet:-1","max-image-preview":"max-image-preview:large","max-video-preview":"max-video-preview:-1"},"canonical":"https:\/\/vosgesinfo.fr\/gerardmerinfo\/2026\/04\/un-budget-2026-herite-et-de-transition-avant-de-batir-une-trajectoire-budgetaire-affirmee\/","twitter_card":"summary_large_image","twitter_title":"Un Budget 2026 \"h\u00e9rit\u00e9\" et \"de transition\" avant de b\u00e2tir une \"trajectoire budg\u00e9taire affirm\u00e9e\" - Gerardmer Info","twitter_description":"L\u2019adjoint aux finances Thierry Himber a d\u00e9voil\u00e9 le budget 2026 soumis au vote des \u00e9lus du conseil municipal ce lundi [&hellip;]","twitter_image":"https:\/\/vosgesinfo.fr\/app\/uploads\/sites\/6\/2025\/10\/conseil-municipal.jpg","twitter_creator":"@VosgesInfo88","twitter_site":"@VosgesInfo88","twitter_misc":{"\u00c9crit par":"QG","Dur\u00e9e de lecture estim\u00e9e":"3 minutes"},"schema":{"@context":"https:\/\/schema.org","@graph":[{"@type":"Article","@id":"https:\/\/vosgesinfo.fr\/gerardmerinfo\/2026\/04\/un-budget-2026-herite-et-de-transition-avant-de-batir-une-trajectoire-budgetaire-affirmee\/#article","isPartOf":{"@id":"https:\/\/vosgesinfo.fr\/gerardmerinfo\/2026\/04\/un-budget-2026-herite-et-de-transition-avant-de-batir-une-trajectoire-budgetaire-affirmee\/"},"author":{"name":"QG","@id":"https:\/\/vosgesinfo.fr\/gerardmerinfo\/#\/schema\/person\/db5605779a843dad16b5368f3e7613a5"},"headline":"Un Budget 2026 \u00ab\u00a0h\u00e9rit\u00e9\u00a0\u00bb et \u00ab\u00a0de transition\u00a0\u00bb avant de b\u00e2tir une \u00ab\u00a0trajectoire budg\u00e9taire affirm\u00e9e\u00a0\u00bb","datePublished":"2026-04-25T03:59:37+00:00","dateModified":"2026-04-24T21:06:00+00:00","mainEntityOfPage":{"@id":"https:\/\/vosgesinfo.fr\/gerardmerinfo\/2026\/04\/un-budget-2026-herite-et-de-transition-avant-de-batir-une-trajectoire-budgetaire-affirmee\/"},"wordCount":604,"publisher":{"@id":"https:\/\/vosgesinfo.fr\/gerardmerinfo\/#organization"},"image":{"@id":"https:\/\/vosgesinfo.fr\/gerardmerinfo\/2026\/04\/un-budget-2026-herite-et-de-transition-avant-de-batir-une-trajectoire-budgetaire-affirmee\/#primaryimage"},"thumbnailUrl":"https:\/\/vosgesinfo.fr\/app\/uploads\/sites\/6\/2025\/10\/conseil-municipal.jpg","articleSection":["A la une","\u00c9conomie","Gerardmer","Politique"],"inLanguage":"fr-FR"},{"@type":"WebPage","@id":"https:\/\/vosgesinfo.fr\/gerardmerinfo\/2026\/04\/un-budget-2026-herite-et-de-transition-avant-de-batir-une-trajectoire-budgetaire-affirmee\/","url":"https:\/\/vosgesinfo.fr\/gerardmerinfo\/2026\/04\/un-budget-2026-herite-et-de-transition-avant-de-batir-une-trajectoire-budgetaire-affirmee\/","name":"Un Budget 2026 \"h\u00e9rit\u00e9\" et \"de transition\" avant de b\u00e2tir une \"trajectoire budg\u00e9taire affirm\u00e9e\" - Gerardmer Info","isPartOf":{"@id":"https:\/\/vosgesinfo.fr\/gerardmerinfo\/#website"},"primaryImageOfPage":{"@id":"https:\/\/vosgesinfo.fr\/gerardmerinfo\/2026\/04\/un-budget-2026-herite-et-de-transition-avant-de-batir-une-trajectoire-budgetaire-affirmee\/#primaryimage"},"image":{"@id":"https:\/\/vosgesinfo.fr\/gerardmerinfo\/2026\/04\/un-budget-2026-herite-et-de-transition-avant-de-batir-une-trajectoire-budgetaire-affirmee\/#primaryimage"},"thumbnailUrl":"https:\/\/vosgesinfo.fr\/app\/uploads\/sites\/6\/2025\/10\/conseil-municipal.jpg","datePublished":"2026-04-25T03:59:37+00:00","dateModified":"2026-04-24T21:06:00+00:00","breadcrumb":{"@id":"https:\/\/vosgesinfo.fr\/gerardmerinfo\/2026\/04\/un-budget-2026-herite-et-de-transition-avant-de-batir-une-trajectoire-budgetaire-affirmee\/#breadcrumb"},"inLanguage":"fr-FR","potentialAction":[{"@type":"ReadAction","target":["https:\/\/vosgesinfo.fr\/gerardmerinfo\/2026\/04\/un-budget-2026-herite-et-de-transition-avant-de-batir-une-trajectoire-budgetaire-affirmee\/"]}]},{"@type":"ImageObject","inLanguage":"fr-FR","@id":"https:\/\/vosgesinfo.fr\/gerardmerinfo\/2026\/04\/un-budget-2026-herite-et-de-transition-avant-de-batir-une-trajectoire-budgetaire-affirmee\/#primaryimage","url":"https:\/\/vosgesinfo.fr\/app\/uploads\/sites\/6\/2025\/10\/conseil-municipal.jpg","contentUrl":"https:\/\/vosgesinfo.fr\/app\/uploads\/sites\/6\/2025\/10\/conseil-municipal.jpg","width":715,"height":345},{"@type":"BreadcrumbList","@id":"https:\/\/vosgesinfo.fr\/gerardmerinfo\/2026\/04\/un-budget-2026-herite-et-de-transition-avant-de-batir-une-trajectoire-budgetaire-affirmee\/#breadcrumb","itemListElement":[{"@type":"ListItem","position":1,"name":"Home","item":"https:\/\/vosgesinfo.fr\/gerardmerinfo\/"},{"@type":"ListItem","position":2,"name":"Un Budget 2026 \u00ab\u00a0h\u00e9rit\u00e9\u00a0\u00bb et \u00ab\u00a0de transition\u00a0\u00bb avant de b\u00e2tir une \u00ab\u00a0trajectoire budg\u00e9taire affirm\u00e9e\u00a0\u00bb"}]},{"@type":"WebSite","@id":"https:\/\/vosgesinfo.fr\/gerardmerinfo\/#website","url":"https:\/\/vosgesinfo.fr\/gerardmerinfo\/","name":"Gerardmer Info","description":"Toute l&#039;actualit\u00e9 de G\u00e9rardmer","publisher":{"@id":"https:\/\/vosgesinfo.fr\/gerardmerinfo\/#organization"},"alternateName":"Toute l'actualit\u00e9 de G\u00e9rardmer","potentialAction":[{"@type":"SearchAction","target":{"@type":"EntryPoint","urlTemplate":"https:\/\/vosgesinfo.fr\/gerardmerinfo\/?s={search_term_string}"},"query-input":"required name=search_term_string"}],"inLanguage":"fr-FR"},{"@type":"Organization","@id":"https:\/\/vosgesinfo.fr\/gerardmerinfo\/#organization","name":"Gerardmer Info","url":"https:\/\/vosgesinfo.fr\/gerardmerinfo\/","logo":{"@type":"ImageObject","inLanguage":"fr-FR","@id":"https:\/\/vosgesinfo.fr\/gerardmerinfo\/#\/schema\/logo\/image\/","url":"https:\/\/vosgesinfo.fr\/app\/uploads\/sites\/6\/2023\/08\/favicon-gerardmerinfo.png","contentUrl":"https:\/\/vosgesinfo.fr\/app\/uploads\/sites\/6\/2023\/08\/favicon-gerardmerinfo.png","width":512,"height":512,"caption":"Gerardmer Info"},"image":{"@id":"https:\/\/vosgesinfo.fr\/gerardmerinfo\/#\/schema\/logo\/image\/"},"sameAs":["https:\/\/www.facebook.com\/profile.php?id=100049475262660","https:\/\/x.com\/VosgesInfo88","https:\/\/www.youtube.com\/@vosgesinfo"]},{"@type":"Person","@id":"https:\/\/vosgesinfo.fr\/gerardmerinfo\/#\/schema\/person\/db5605779a843dad16b5368f3e7613a5","name":"QG","image":{"@type":"ImageObject","inLanguage":"fr-FR","@id":"https:\/\/vosgesinfo.fr\/gerardmerinfo\/#\/schema\/person\/image\/","url":"https:\/\/secure.gravatar.com\/avatar\/ea80c42c204b534408512832fde52504ecabb9706bcb6151cf6175e5b64e6793?s=96&d=mm&r=g","contentUrl":"https:\/\/secure.gravatar.com\/avatar\/ea80c42c204b534408512832fde52504ecabb9706bcb6151cf6175e5b64e6793?s=96&d=mm&r=g","caption":"QG"},"url":"https:\/\/vosgesinfo.fr\/gerardmerinfo\/author\/quentin88\/"}]}},"_links":{"self":[{"href":"https:\/\/vosgesinfo.fr\/gerardmerinfo\/wp-json\/wp\/v2\/posts\/90670","targetHints":{"allow":["GET"]}}],"collection":[{"href":"https:\/\/vosgesinfo.fr\/gerardmerinfo\/wp-json\/wp\/v2\/posts"}],"about":[{"href":"https:\/\/vosgesinfo.fr\/gerardmerinfo\/wp-json\/wp\/v2\/types\/post"}],"author":[{"embeddable":true,"href":"https:\/\/vosgesinfo.fr\/gerardmerinfo\/wp-json\/wp\/v2\/users\/42"}],"replies":[{"embeddable":true,"href":"https:\/\/vosgesinfo.fr\/gerardmerinfo\/wp-json\/wp\/v2\/comments?post=90670"}],"version-history":[{"count":3,"href":"https:\/\/vosgesinfo.fr\/gerardmerinfo\/wp-json\/wp\/v2\/posts\/90670\/revisions"}],"predecessor-version":[{"id":90695,"href":"https:\/\/vosgesinfo.fr\/gerardmerinfo\/wp-json\/wp\/v2\/posts\/90670\/revisions\/90695"}],"wp:featuredmedia":[{"embeddable":true,"href":"https:\/\/vosgesinfo.fr\/gerardmerinfo\/wp-json\/wp\/v2\/media\/83607"}],"wp:attachment":[{"href":"https:\/\/vosgesinfo.fr\/gerardmerinfo\/wp-json\/wp\/v2\/media?parent=90670"}],"wp:term":[{"taxonomy":"category","embeddable":true,"href":"https:\/\/vosgesinfo.fr\/gerardmerinfo\/wp-json\/wp\/v2\/categories?post=90670"},{"taxonomy":"post_tag","embeddable":true,"href":"https:\/\/vosgesinfo.fr\/gerardmerinfo\/wp-json\/wp\/v2\/tags?post=90670"}],"curies":[{"name":"wp","href":"https:\/\/api.w.org\/{rel}","templated":true}]}}