{"id":90685,"date":"2026-04-25T05:55:28","date_gmt":"2026-04-25T03:55:28","guid":{"rendered":"https:\/\/vosgesinfo.fr\/gerardmerinfo\/?p=90685"},"modified":"2026-04-24T22:20:06","modified_gmt":"2026-04-24T20:20:06","slug":"conseil-municipal-le-diable-est-dans-le-detail","status":"publish","type":"post","link":"https:\/\/vosgesinfo.fr\/gerardmerinfo\/2026\/04\/conseil-municipal-le-diable-est-dans-le-detail\/","title":{"rendered":"Conseil Municipal &#8211; le diable est dans le d\u00e9tail"},"content":{"rendered":"<p data-pm-slice=\"1 1 []\"><strong>Le vote et surtout la pr\u00e9sentation du budget 2026 auront finalement \u00e9t\u00e9 plus court(e)s que pr\u00e9vu(e)s ce vendredi soir. Alors que l\u2019adjoint aux finances Thierry Himber \u00e9tait proche de la conclusion dans cet exercice qui, de fait, \u00e9tait une premi\u00e8re, les \u00e9lus de l\u2019opposition ont fait part de leur surprise et de leur m\u00e9contentement. En cause, \u00ab\u00a0le manque de d\u00e9tails\u00a0\u00bb apport\u00e9s \u00e0 cette pr\u00e9sentation d\u2019un budget \u00ab survol\u00e9 \u00bb.\u00a0<\/strong><\/p>\n<p>Premier \u00e0 intervenir, Olivier Odille, \u00e9lu de la liste \u00ab G\u00e9rardmer Une Ville Pour Tous \u00bb. Bien qu\u2019il y ait eu, en amont, les discussions en commission, ce dernier a \u00e9voqu\u00e9 son souhait que le conseil municipal ne soit pas \u00ab qu\u2019une chambre d\u2019enregistrement \u00bb (un air de d\u00e9j\u00e0 vu dans l&#8217;emploi de ce terme d&rsquo;ailleurs), formulant le souhait que le conseil municipal soit un lieu de d\u00e9bat, pas que pour les \u00e9lus, mais aussi et surtout pour les g\u00e9r\u00f4mois. \u00ab Il ne s\u2019agit pas que de moi \u00bb, a d\u00e9clar\u00e9 l\u2019\u00e9dile de l\u2019opposition, ajoutant qu\u2019il aurait \u00e9t\u00e9 int\u00e9ressant d\u2019\u00e9voquer certains sujets, faisant par exemple allusion aux modifications potentielles du budget qui pourraient intervenir en cours de route, li\u00e9es au CFU (compte financier unique) notamment.<\/p>\n<p>\u00ab\u00a0S\u2019il y a des questions, posez-les, on peut rentrer dans les d\u00e9tails. (\u2026) Vous avez eu l\u2019ensemble de ces chiffres et 8 jours pour les \u00e9tudier\u00a0\u00bb, r\u00e9torqueront tour \u00e0 tour l\u2019adjoint aux finances et le maire Thomas Gion, ajoutant qu\u2019il y avait \u00e9galement une r\u00e9union publique programm\u00e9e le 25 juin afin d\u2019\u00e9voquer avec les G\u00e9r\u00f4mois les questions qu\u2019ils souhaiteront sur l\u2019aspect budget\/finance. Pas assez pour satisfaire Olivier Odille qui s\u2019est dit \u00ab\u00a0sur le cul de la m\u00e9thode\u00a0\u00bb et r\u00e9p\u00e9tant \u00ab\u00a0Ce n\u2019est pas de moi qu&rsquo;il s\u2019agit. Il n\u2019y a pas de d\u00e9bat, (\u2026) je suis sid\u00e9r\u00e9\u00a0\u00bb. L\u2019adjoint \u00e0 la culture Ren\u00e9 Bourquin a \u00e9galement pris la parole, incitant son homologue de l\u2019opposition \u00e0 poser ses questions, et argumentant que \u00ab\u00a0trop de chiffres, c\u2019est \u00e9galement indigeste et ce n\u2019est sans doute pas ce que les g\u00e9r\u00f4mois attendent\u2026\u00a0\u00bb<br \/>\nThierry Imbert a tenu \u00e0 rappeler qu\u2019il n\u2019avait pas eu de dossier de passation, ce \u00e0 quoi Olivier Odille a r\u00e9pondu : \u00ab\u00a0Je me tenais \u00e0 votre disposition. \u00bb Du c\u00f4t\u00e9 de la liste G\u00e9rardmer Nature Solidarit\u00e9s, Gilles Breyer s\u2019est \u00e9galement dit surpris de la concision de la pr\u00e9sentation du budget dans son ensemble, et \u00ab\u00a0qu\u2019on \u00e9voque pas certains chapitres\u00a0\u00bb.<br \/>\nFallait-il d\u00e9tailler plus ? Fallait-il poser plus de questions ? \u00c0 quel moment les poser : avant chaque vote ou en questions diverses ? Le premier magistrat, en conclusion de cette s\u00e9ance un peu houleuse, a annonc\u00e9 qu\u2019il prenait bonne note des remarques de l\u2019opposition, r\u00e9affirmant sa volont\u00e9 et celle de son groupe d\u2019associer l\u2019ensemble des \u00e9lus aux d\u00e9cisions importantes et d\u2019effectuer un r\u00e9el travail d\u2019\u00e9quipe. A suivre&#8230;<\/p>\n<p>&nbsp;<\/p>\n<div dir=\"auto\"><\/div>\n<div dir=\"auto\"><\/div>\n","protected":false},"excerpt":{"rendered":"<p>Le vote et surtout la pr\u00e9sentation du budget 2026 auront finalement \u00e9t\u00e9 plus court(e)s que pr\u00e9vu(e)s ce vendredi soir. Alors [&hellip;]<\/p>\n","protected":false},"author":42,"featured_media":83607,"comment_status":"closed","ping_status":"open","sticky":false,"template":"","format":"standard","meta":{"footnotes":""},"categories":[20,5,25,10],"tags":[],"class_list":["post-90685","post","type-post","status-publish","format-standard","has-post-thumbnail","hentry","category-a-la-une","category-economie","category-gerardmer","category-politique"],"acf":[],"yoast_head":"<!-- This site is optimized with the Yoast SEO plugin v22.5 - https:\/\/yoast.com\/wordpress\/plugins\/seo\/ -->\n<title>Conseil Municipal - le diable est dans le d\u00e9tail - Gerardmer Info<\/title>\n<meta name=\"robots\" content=\"index, follow, max-snippet:-1, max-image-preview:large, max-video-preview:-1\" \/>\n<link rel=\"canonical\" href=\"https:\/\/vosgesinfo.fr\/gerardmerinfo\/2026\/04\/conseil-municipal-le-diable-est-dans-le-detail\/\" \/>\n<meta name=\"twitter:card\" content=\"summary_large_image\" \/>\n<meta name=\"twitter:title\" content=\"Conseil Municipal - le diable est dans le d\u00e9tail - Gerardmer Info\" \/>\n<meta name=\"twitter:description\" content=\"Le vote et surtout la pr\u00e9sentation du budget 2026 auront finalement \u00e9t\u00e9 plus court(e)s que pr\u00e9vu(e)s ce vendredi soir. Alors [&hellip;]\" \/>\n<meta name=\"twitter:image\" content=\"https:\/\/vosgesinfo.fr\/app\/uploads\/sites\/6\/2025\/10\/conseil-municipal.jpg\" \/>\n<meta name=\"twitter:creator\" content=\"@VosgesInfo88\" \/>\n<meta name=\"twitter:site\" content=\"@VosgesInfo88\" \/>\n<meta name=\"twitter:label1\" content=\"\u00c9crit par\" \/>\n\t<meta name=\"twitter:data1\" content=\"QG\" \/>\n\t<meta name=\"twitter:label2\" content=\"Dur\u00e9e de lecture estim\u00e9e\" \/>\n\t<meta name=\"twitter:data2\" content=\"3 minutes\" \/>\n<script type=\"application\/ld+json\" class=\"yoast-schema-graph\">{\"@context\":\"https:\/\/schema.org\",\"@graph\":[{\"@type\":\"Article\",\"@id\":\"https:\/\/vosgesinfo.fr\/gerardmerinfo\/2026\/04\/conseil-municipal-le-diable-est-dans-le-detail\/#article\",\"isPartOf\":{\"@id\":\"https:\/\/vosgesinfo.fr\/gerardmerinfo\/2026\/04\/conseil-municipal-le-diable-est-dans-le-detail\/\"},\"author\":{\"name\":\"QG\",\"@id\":\"https:\/\/vosgesinfo.fr\/gerardmerinfo\/#\/schema\/person\/db5605779a843dad16b5368f3e7613a5\"},\"headline\":\"Conseil Municipal &#8211; le diable est dans le d\u00e9tail\",\"datePublished\":\"2026-04-25T03:55:28+00:00\",\"dateModified\":\"2026-04-24T20:20:06+00:00\",\"mainEntityOfPage\":{\"@id\":\"https:\/\/vosgesinfo.fr\/gerardmerinfo\/2026\/04\/conseil-municipal-le-diable-est-dans-le-detail\/\"},\"wordCount\":523,\"publisher\":{\"@id\":\"https:\/\/vosgesinfo.fr\/gerardmerinfo\/#organization\"},\"image\":{\"@id\":\"https:\/\/vosgesinfo.fr\/gerardmerinfo\/2026\/04\/conseil-municipal-le-diable-est-dans-le-detail\/#primaryimage\"},\"thumbnailUrl\":\"https:\/\/vosgesinfo.fr\/app\/uploads\/sites\/6\/2025\/10\/conseil-municipal.jpg\",\"articleSection\":[\"A la une\",\"\u00c9conomie\",\"G\u00e9rardmer\",\"Politique\"],\"inLanguage\":\"fr-FR\"},{\"@type\":\"WebPage\",\"@id\":\"https:\/\/vosgesinfo.fr\/gerardmerinfo\/2026\/04\/conseil-municipal-le-diable-est-dans-le-detail\/\",\"url\":\"https:\/\/vosgesinfo.fr\/gerardmerinfo\/2026\/04\/conseil-municipal-le-diable-est-dans-le-detail\/\",\"name\":\"Conseil Municipal - le diable est dans le d\u00e9tail - Gerardmer Info\",\"isPartOf\":{\"@id\":\"https:\/\/vosgesinfo.fr\/gerardmerinfo\/#website\"},\"primaryImageOfPage\":{\"@id\":\"https:\/\/vosgesinfo.fr\/gerardmerinfo\/2026\/04\/conseil-municipal-le-diable-est-dans-le-detail\/#primaryimage\"},\"image\":{\"@id\":\"https:\/\/vosgesinfo.fr\/gerardmerinfo\/2026\/04\/conseil-municipal-le-diable-est-dans-le-detail\/#primaryimage\"},\"thumbnailUrl\":\"https:\/\/vosgesinfo.fr\/app\/uploads\/sites\/6\/2025\/10\/conseil-municipal.jpg\",\"datePublished\":\"2026-04-25T03:55:28+00:00\",\"dateModified\":\"2026-04-24T20:20:06+00:00\",\"breadcrumb\":{\"@id\":\"https:\/\/vosgesinfo.fr\/gerardmerinfo\/2026\/04\/conseil-municipal-le-diable-est-dans-le-detail\/#breadcrumb\"},\"inLanguage\":\"fr-FR\",\"potentialAction\":[{\"@type\":\"ReadAction\",\"target\":[\"https:\/\/vosgesinfo.fr\/gerardmerinfo\/2026\/04\/conseil-municipal-le-diable-est-dans-le-detail\/\"]}]},{\"@type\":\"ImageObject\",\"inLanguage\":\"fr-FR\",\"@id\":\"https:\/\/vosgesinfo.fr\/gerardmerinfo\/2026\/04\/conseil-municipal-le-diable-est-dans-le-detail\/#primaryimage\",\"url\":\"https:\/\/vosgesinfo.fr\/app\/uploads\/sites\/6\/2025\/10\/conseil-municipal.jpg\",\"contentUrl\":\"https:\/\/vosgesinfo.fr\/app\/uploads\/sites\/6\/2025\/10\/conseil-municipal.jpg\",\"width\":715,\"height\":345},{\"@type\":\"BreadcrumbList\",\"@id\":\"https:\/\/vosgesinfo.fr\/gerardmerinfo\/2026\/04\/conseil-municipal-le-diable-est-dans-le-detail\/#breadcrumb\",\"itemListElement\":[{\"@type\":\"ListItem\",\"position\":1,\"name\":\"Home\",\"item\":\"https:\/\/vosgesinfo.fr\/gerardmerinfo\/\"},{\"@type\":\"ListItem\",\"position\":2,\"name\":\"Conseil Municipal &#8211; le diable est dans le d\u00e9tail\"}]},{\"@type\":\"WebSite\",\"@id\":\"https:\/\/vosgesinfo.fr\/gerardmerinfo\/#website\",\"url\":\"https:\/\/vosgesinfo.fr\/gerardmerinfo\/\",\"name\":\"Gerardmer Info\",\"description\":\"Toute l&#039;actualit\u00e9 de G\u00e9rardmer\",\"publisher\":{\"@id\":\"https:\/\/vosgesinfo.fr\/gerardmerinfo\/#organization\"},\"alternateName\":\"Toute l'actualit\u00e9 de G\u00e9rardmer\",\"potentialAction\":[{\"@type\":\"SearchAction\",\"target\":{\"@type\":\"EntryPoint\",\"urlTemplate\":\"https:\/\/vosgesinfo.fr\/gerardmerinfo\/?s={search_term_string}\"},\"query-input\":\"required name=search_term_string\"}],\"inLanguage\":\"fr-FR\"},{\"@type\":\"Organization\",\"@id\":\"https:\/\/vosgesinfo.fr\/gerardmerinfo\/#organization\",\"name\":\"Gerardmer Info\",\"url\":\"https:\/\/vosgesinfo.fr\/gerardmerinfo\/\",\"logo\":{\"@type\":\"ImageObject\",\"inLanguage\":\"fr-FR\",\"@id\":\"https:\/\/vosgesinfo.fr\/gerardmerinfo\/#\/schema\/logo\/image\/\",\"url\":\"https:\/\/vosgesinfo.fr\/app\/uploads\/sites\/6\/2023\/08\/favicon-gerardmerinfo.png\",\"contentUrl\":\"https:\/\/vosgesinfo.fr\/app\/uploads\/sites\/6\/2023\/08\/favicon-gerardmerinfo.png\",\"width\":512,\"height\":512,\"caption\":\"Gerardmer Info\"},\"image\":{\"@id\":\"https:\/\/vosgesinfo.fr\/gerardmerinfo\/#\/schema\/logo\/image\/\"},\"sameAs\":[\"https:\/\/www.facebook.com\/profile.php?id=100049475262660\",\"https:\/\/x.com\/VosgesInfo88\",\"https:\/\/www.youtube.com\/@vosgesinfo\"]},{\"@type\":\"Person\",\"@id\":\"https:\/\/vosgesinfo.fr\/gerardmerinfo\/#\/schema\/person\/db5605779a843dad16b5368f3e7613a5\",\"name\":\"QG\",\"image\":{\"@type\":\"ImageObject\",\"inLanguage\":\"fr-FR\",\"@id\":\"https:\/\/vosgesinfo.fr\/gerardmerinfo\/#\/schema\/person\/image\/\",\"url\":\"https:\/\/secure.gravatar.com\/avatar\/ea80c42c204b534408512832fde52504ecabb9706bcb6151cf6175e5b64e6793?s=96&d=mm&r=g\",\"contentUrl\":\"https:\/\/secure.gravatar.com\/avatar\/ea80c42c204b534408512832fde52504ecabb9706bcb6151cf6175e5b64e6793?s=96&d=mm&r=g\",\"caption\":\"QG\"},\"url\":\"https:\/\/vosgesinfo.fr\/gerardmerinfo\/author\/quentin88\/\"}]}<\/script>\n<!-- \/ Yoast SEO plugin. -->","yoast_head_json":{"title":"Conseil Municipal - le diable est dans le d\u00e9tail - Gerardmer Info","robots":{"index":"index","follow":"follow","max-snippet":"max-snippet:-1","max-image-preview":"max-image-preview:large","max-video-preview":"max-video-preview:-1"},"canonical":"https:\/\/vosgesinfo.fr\/gerardmerinfo\/2026\/04\/conseil-municipal-le-diable-est-dans-le-detail\/","twitter_card":"summary_large_image","twitter_title":"Conseil Municipal - le diable est dans le d\u00e9tail - Gerardmer Info","twitter_description":"Le vote et surtout la pr\u00e9sentation du budget 2026 auront finalement \u00e9t\u00e9 plus court(e)s que pr\u00e9vu(e)s ce vendredi soir. Alors [&hellip;]","twitter_image":"https:\/\/vosgesinfo.fr\/app\/uploads\/sites\/6\/2025\/10\/conseil-municipal.jpg","twitter_creator":"@VosgesInfo88","twitter_site":"@VosgesInfo88","twitter_misc":{"\u00c9crit par":"QG","Dur\u00e9e de lecture estim\u00e9e":"3 minutes"},"schema":{"@context":"https:\/\/schema.org","@graph":[{"@type":"Article","@id":"https:\/\/vosgesinfo.fr\/gerardmerinfo\/2026\/04\/conseil-municipal-le-diable-est-dans-le-detail\/#article","isPartOf":{"@id":"https:\/\/vosgesinfo.fr\/gerardmerinfo\/2026\/04\/conseil-municipal-le-diable-est-dans-le-detail\/"},"author":{"name":"QG","@id":"https:\/\/vosgesinfo.fr\/gerardmerinfo\/#\/schema\/person\/db5605779a843dad16b5368f3e7613a5"},"headline":"Conseil Municipal &#8211; le diable est dans le d\u00e9tail","datePublished":"2026-04-25T03:55:28+00:00","dateModified":"2026-04-24T20:20:06+00:00","mainEntityOfPage":{"@id":"https:\/\/vosgesinfo.fr\/gerardmerinfo\/2026\/04\/conseil-municipal-le-diable-est-dans-le-detail\/"},"wordCount":523,"publisher":{"@id":"https:\/\/vosgesinfo.fr\/gerardmerinfo\/#organization"},"image":{"@id":"https:\/\/vosgesinfo.fr\/gerardmerinfo\/2026\/04\/conseil-municipal-le-diable-est-dans-le-detail\/#primaryimage"},"thumbnailUrl":"https:\/\/vosgesinfo.fr\/app\/uploads\/sites\/6\/2025\/10\/conseil-municipal.jpg","articleSection":["A la une","\u00c9conomie","G\u00e9rardmer","Politique"],"inLanguage":"fr-FR"},{"@type":"WebPage","@id":"https:\/\/vosgesinfo.fr\/gerardmerinfo\/2026\/04\/conseil-municipal-le-diable-est-dans-le-detail\/","url":"https:\/\/vosgesinfo.fr\/gerardmerinfo\/2026\/04\/conseil-municipal-le-diable-est-dans-le-detail\/","name":"Conseil Municipal - le diable est dans le d\u00e9tail - Gerardmer Info","isPartOf":{"@id":"https:\/\/vosgesinfo.fr\/gerardmerinfo\/#website"},"primaryImageOfPage":{"@id":"https:\/\/vosgesinfo.fr\/gerardmerinfo\/2026\/04\/conseil-municipal-le-diable-est-dans-le-detail\/#primaryimage"},"image":{"@id":"https:\/\/vosgesinfo.fr\/gerardmerinfo\/2026\/04\/conseil-municipal-le-diable-est-dans-le-detail\/#primaryimage"},"thumbnailUrl":"https:\/\/vosgesinfo.fr\/app\/uploads\/sites\/6\/2025\/10\/conseil-municipal.jpg","datePublished":"2026-04-25T03:55:28+00:00","dateModified":"2026-04-24T20:20:06+00:00","breadcrumb":{"@id":"https:\/\/vosgesinfo.fr\/gerardmerinfo\/2026\/04\/conseil-municipal-le-diable-est-dans-le-detail\/#breadcrumb"},"inLanguage":"fr-FR","potentialAction":[{"@type":"ReadAction","target":["https:\/\/vosgesinfo.fr\/gerardmerinfo\/2026\/04\/conseil-municipal-le-diable-est-dans-le-detail\/"]}]},{"@type":"ImageObject","inLanguage":"fr-FR","@id":"https:\/\/vosgesinfo.fr\/gerardmerinfo\/2026\/04\/conseil-municipal-le-diable-est-dans-le-detail\/#primaryimage","url":"https:\/\/vosgesinfo.fr\/app\/uploads\/sites\/6\/2025\/10\/conseil-municipal.jpg","contentUrl":"https:\/\/vosgesinfo.fr\/app\/uploads\/sites\/6\/2025\/10\/conseil-municipal.jpg","width":715,"height":345},{"@type":"BreadcrumbList","@id":"https:\/\/vosgesinfo.fr\/gerardmerinfo\/2026\/04\/conseil-municipal-le-diable-est-dans-le-detail\/#breadcrumb","itemListElement":[{"@type":"ListItem","position":1,"name":"Home","item":"https:\/\/vosgesinfo.fr\/gerardmerinfo\/"},{"@type":"ListItem","position":2,"name":"Conseil Municipal &#8211; le diable est dans le d\u00e9tail"}]},{"@type":"WebSite","@id":"https:\/\/vosgesinfo.fr\/gerardmerinfo\/#website","url":"https:\/\/vosgesinfo.fr\/gerardmerinfo\/","name":"Gerardmer Info","description":"Toute l&#039;actualit\u00e9 de G\u00e9rardmer","publisher":{"@id":"https:\/\/vosgesinfo.fr\/gerardmerinfo\/#organization"},"alternateName":"Toute l'actualit\u00e9 de G\u00e9rardmer","potentialAction":[{"@type":"SearchAction","target":{"@type":"EntryPoint","urlTemplate":"https:\/\/vosgesinfo.fr\/gerardmerinfo\/?s={search_term_string}"},"query-input":"required name=search_term_string"}],"inLanguage":"fr-FR"},{"@type":"Organization","@id":"https:\/\/vosgesinfo.fr\/gerardmerinfo\/#organization","name":"Gerardmer Info","url":"https:\/\/vosgesinfo.fr\/gerardmerinfo\/","logo":{"@type":"ImageObject","inLanguage":"fr-FR","@id":"https:\/\/vosgesinfo.fr\/gerardmerinfo\/#\/schema\/logo\/image\/","url":"https:\/\/vosgesinfo.fr\/app\/uploads\/sites\/6\/2023\/08\/favicon-gerardmerinfo.png","contentUrl":"https:\/\/vosgesinfo.fr\/app\/uploads\/sites\/6\/2023\/08\/favicon-gerardmerinfo.png","width":512,"height":512,"caption":"Gerardmer Info"},"image":{"@id":"https:\/\/vosgesinfo.fr\/gerardmerinfo\/#\/schema\/logo\/image\/"},"sameAs":["https:\/\/www.facebook.com\/profile.php?id=100049475262660","https:\/\/x.com\/VosgesInfo88","https:\/\/www.youtube.com\/@vosgesinfo"]},{"@type":"Person","@id":"https:\/\/vosgesinfo.fr\/gerardmerinfo\/#\/schema\/person\/db5605779a843dad16b5368f3e7613a5","name":"QG","image":{"@type":"ImageObject","inLanguage":"fr-FR","@id":"https:\/\/vosgesinfo.fr\/gerardmerinfo\/#\/schema\/person\/image\/","url":"https:\/\/secure.gravatar.com\/avatar\/ea80c42c204b534408512832fde52504ecabb9706bcb6151cf6175e5b64e6793?s=96&d=mm&r=g","contentUrl":"https:\/\/secure.gravatar.com\/avatar\/ea80c42c204b534408512832fde52504ecabb9706bcb6151cf6175e5b64e6793?s=96&d=mm&r=g","caption":"QG"},"url":"https:\/\/vosgesinfo.fr\/gerardmerinfo\/author\/quentin88\/"}]}},"_links":{"self":[{"href":"https:\/\/vosgesinfo.fr\/gerardmerinfo\/wp-json\/wp\/v2\/posts\/90685","targetHints":{"allow":["GET"]}}],"collection":[{"href":"https:\/\/vosgesinfo.fr\/gerardmerinfo\/wp-json\/wp\/v2\/posts"}],"about":[{"href":"https:\/\/vosgesinfo.fr\/gerardmerinfo\/wp-json\/wp\/v2\/types\/post"}],"author":[{"embeddable":true,"href":"https:\/\/vosgesinfo.fr\/gerardmerinfo\/wp-json\/wp\/v2\/users\/42"}],"replies":[{"embeddable":true,"href":"https:\/\/vosgesinfo.fr\/gerardmerinfo\/wp-json\/wp\/v2\/comments?post=90685"}],"version-history":[{"count":3,"href":"https:\/\/vosgesinfo.fr\/gerardmerinfo\/wp-json\/wp\/v2\/posts\/90685\/revisions"}],"predecessor-version":[{"id":90689,"href":"https:\/\/vosgesinfo.fr\/gerardmerinfo\/wp-json\/wp\/v2\/posts\/90685\/revisions\/90689"}],"wp:featuredmedia":[{"embeddable":true,"href":"https:\/\/vosgesinfo.fr\/gerardmerinfo\/wp-json\/wp\/v2\/media\/83607"}],"wp:attachment":[{"href":"https:\/\/vosgesinfo.fr\/gerardmerinfo\/wp-json\/wp\/v2\/media?parent=90685"}],"wp:term":[{"taxonomy":"category","embeddable":true,"href":"https:\/\/vosgesinfo.fr\/gerardmerinfo\/wp-json\/wp\/v2\/categories?post=90685"},{"taxonomy":"post_tag","embeddable":true,"href":"https:\/\/vosgesinfo.fr\/gerardmerinfo\/wp-json\/wp\/v2\/tags?post=90685"}],"curies":[{"name":"wp","href":"https:\/\/api.w.org\/{rel}","templated":true}]}}