{"id":90686,"date":"2026-04-25T05:54:54","date_gmt":"2026-04-25T03:54:54","guid":{"rendered":"https:\/\/vosgesinfo.fr\/gerardmerinfo\/?p=90686"},"modified":"2026-04-24T23:09:25","modified_gmt":"2026-04-24T21:09:25","slug":"conseil-municipal-quid-des-indemnites-de-fonction-des-elus","status":"publish","type":"post","link":"https:\/\/vosgesinfo.fr\/gerardmerinfo\/2026\/04\/conseil-municipal-quid-des-indemnites-de-fonction-des-elus\/","title":{"rendered":"Conseil municipal &#8211; quid des indemnit\u00e9s de fonction des \u00e9lus ?"},"content":{"rendered":"<p data-pm-slice=\"1 1 []\"><strong>Les points 16 et 17 du conseil municipal \u00e9taient d\u00e9di\u00e9s aux indemnit\u00e9s de fonction des \u00e9lus et \u00e0 leur augmentation, ce qui n\u2019a pas manqu\u00e9 de faire r\u00e9agir les \u00e9lus de l\u2019opposition.<\/strong><\/p>\n<p>Olivier Odille, pour le groupe G\u00e9rardmer Une Ville Pour Tous, a pris la parole : \u00ab\u00a0\u00c7a me d\u00e9range au niveau \u00e9thique comme philosophique de proposer cette augmentation au bout d\u2019un mois et demi seulement, je trouve que c\u2019est t\u00f4t\u00a0\u00bb, tout en pr\u00e9cisant qu\u2019il \u00e9tait pleinement conscient des responsabilit\u00e9s et de la charge de travail li\u00e9es, notamment, \u00e0 la fonction de premier magistrat,\u00a0rappelant au passage que la pr\u00e9c\u00e9dente municipalit\u00e9 comptait 7 adjoints, contre 8 d\u00e9sormais.<\/p>\n<p>Eric Defranould, pour la liste G\u00e9rardmer Nature Solidarit\u00e9, a de nouveau \u00e9voqu\u00e9 le cumul des mandats du premier magistrat, probl\u00e9matique selon lui et son groupe. La question \u00e9thique a \u00e9galement \u00e9tait soulign\u00e9e par Gilles Breyer. Le premier magistrat a de nouveau clam\u00e9 qu\u2019il s\u2019investissait depuis toujours \u00ab pour l\u2019int\u00e9r\u00eat g\u00e9n\u00e9ral \u00bb, ajoutant que \u00ab le territoire, c\u2019est ma passion \u00bb, mais je comprends vos remarques. (\u2026) Je n\u2019ai pas attendu un mois pour me mettre au travail. J\u2019ai \u00e9galement fait le choix de baisser mon indemnit\u00e9 de pr\u00e9sident de communaut\u00e9 de communes \u00bb. Thomas Gion a \u00e9galement pr\u00e9cis\u00e9 que ces prises de responsabilit\u00e9 impliquent pour lui \u00ab un changement d\u2019activit\u00e9 professionnelle, je ne pourrais plus \u00eatre chef d\u2019entreprise comme avant \u00bb.<br \/>\nPas assez pour convaincre les deux groupes d\u2019opposition dont les \u00e9lus ont vot\u00e9 contre cette augmentation, soit 5 votes contre.<\/p>\n<div dir=\"auto\"><\/div>\n","protected":false},"excerpt":{"rendered":"<p>Les points 16 et 17 du conseil municipal \u00e9taient d\u00e9di\u00e9s aux indemnit\u00e9s de fonction des \u00e9lus et \u00e0 leur augmentation, [&hellip;]<\/p>\n","protected":false},"author":42,"featured_media":89759,"comment_status":"closed","ping_status":"open","sticky":false,"template":"","format":"standard","meta":{"footnotes":""},"categories":[20,5,5647],"tags":[],"class_list":["post-90686","post","type-post","status-publish","format-standard","has-post-thumbnail","hentry","category-a-la-une","category-economie","category-gerardmer-autres-sites"],"acf":[],"yoast_head":"<!-- This site is optimized with the Yoast SEO plugin v22.5 - https:\/\/yoast.com\/wordpress\/plugins\/seo\/ -->\n<title>Conseil municipal - quid des indemnit\u00e9s de fonction des \u00e9lus ? - Gerardmer Info<\/title>\n<meta name=\"robots\" content=\"index, follow, max-snippet:-1, max-image-preview:large, max-video-preview:-1\" \/>\n<link rel=\"canonical\" href=\"https:\/\/vosgesinfo.fr\/gerardmerinfo\/2026\/04\/conseil-municipal-quid-des-indemnites-de-fonction-des-elus\/\" \/>\n<meta name=\"twitter:card\" content=\"summary_large_image\" \/>\n<meta name=\"twitter:title\" content=\"Conseil municipal - quid des indemnit\u00e9s de fonction des \u00e9lus ? - Gerardmer Info\" \/>\n<meta name=\"twitter:description\" content=\"Les points 16 et 17 du conseil municipal \u00e9taient d\u00e9di\u00e9s aux indemnit\u00e9s de fonction des \u00e9lus et \u00e0 leur augmentation, [&hellip;]\" \/>\n<meta name=\"twitter:image\" content=\"https:\/\/vosgesinfo.fr\/app\/uploads\/sites\/6\/2026\/03\/conseil-municipal-gerardmer-1.jpg\" \/>\n<meta name=\"twitter:creator\" content=\"@VosgesInfo88\" \/>\n<meta name=\"twitter:site\" content=\"@VosgesInfo88\" \/>\n<meta name=\"twitter:label1\" content=\"\u00c9crit par\" \/>\n\t<meta name=\"twitter:data1\" content=\"QG\" \/>\n\t<meta name=\"twitter:label2\" content=\"Dur\u00e9e de lecture estim\u00e9e\" \/>\n\t<meta name=\"twitter:data2\" content=\"2 minutes\" \/>\n<script type=\"application\/ld+json\" class=\"yoast-schema-graph\">{\"@context\":\"https:\/\/schema.org\",\"@graph\":[{\"@type\":\"Article\",\"@id\":\"https:\/\/vosgesinfo.fr\/gerardmerinfo\/2026\/04\/conseil-municipal-quid-des-indemnites-de-fonction-des-elus\/#article\",\"isPartOf\":{\"@id\":\"https:\/\/vosgesinfo.fr\/gerardmerinfo\/2026\/04\/conseil-municipal-quid-des-indemnites-de-fonction-des-elus\/\"},\"author\":{\"name\":\"QG\",\"@id\":\"https:\/\/vosgesinfo.fr\/gerardmerinfo\/#\/schema\/person\/db5605779a843dad16b5368f3e7613a5\"},\"headline\":\"Conseil municipal &#8211; quid des indemnit\u00e9s de fonction des \u00e9lus ?\",\"datePublished\":\"2026-04-25T03:54:54+00:00\",\"dateModified\":\"2026-04-24T21:09:25+00:00\",\"mainEntityOfPage\":{\"@id\":\"https:\/\/vosgesinfo.fr\/gerardmerinfo\/2026\/04\/conseil-municipal-quid-des-indemnites-de-fonction-des-elus\/\"},\"wordCount\":279,\"publisher\":{\"@id\":\"https:\/\/vosgesinfo.fr\/gerardmerinfo\/#organization\"},\"image\":{\"@id\":\"https:\/\/vosgesinfo.fr\/gerardmerinfo\/2026\/04\/conseil-municipal-quid-des-indemnites-de-fonction-des-elus\/#primaryimage\"},\"thumbnailUrl\":\"https:\/\/vosgesinfo.fr\/app\/uploads\/sites\/6\/2026\/03\/conseil-municipal-gerardmer-1.jpg\",\"articleSection\":[\"A la une\",\"\u00c9conomie\",\"Gerardmer\"],\"inLanguage\":\"fr-FR\"},{\"@type\":\"WebPage\",\"@id\":\"https:\/\/vosgesinfo.fr\/gerardmerinfo\/2026\/04\/conseil-municipal-quid-des-indemnites-de-fonction-des-elus\/\",\"url\":\"https:\/\/vosgesinfo.fr\/gerardmerinfo\/2026\/04\/conseil-municipal-quid-des-indemnites-de-fonction-des-elus\/\",\"name\":\"Conseil municipal - quid des indemnit\u00e9s de fonction des \u00e9lus ? - Gerardmer Info\",\"isPartOf\":{\"@id\":\"https:\/\/vosgesinfo.fr\/gerardmerinfo\/#website\"},\"primaryImageOfPage\":{\"@id\":\"https:\/\/vosgesinfo.fr\/gerardmerinfo\/2026\/04\/conseil-municipal-quid-des-indemnites-de-fonction-des-elus\/#primaryimage\"},\"image\":{\"@id\":\"https:\/\/vosgesinfo.fr\/gerardmerinfo\/2026\/04\/conseil-municipal-quid-des-indemnites-de-fonction-des-elus\/#primaryimage\"},\"thumbnailUrl\":\"https:\/\/vosgesinfo.fr\/app\/uploads\/sites\/6\/2026\/03\/conseil-municipal-gerardmer-1.jpg\",\"datePublished\":\"2026-04-25T03:54:54+00:00\",\"dateModified\":\"2026-04-24T21:09:25+00:00\",\"breadcrumb\":{\"@id\":\"https:\/\/vosgesinfo.fr\/gerardmerinfo\/2026\/04\/conseil-municipal-quid-des-indemnites-de-fonction-des-elus\/#breadcrumb\"},\"inLanguage\":\"fr-FR\",\"potentialAction\":[{\"@type\":\"ReadAction\",\"target\":[\"https:\/\/vosgesinfo.fr\/gerardmerinfo\/2026\/04\/conseil-municipal-quid-des-indemnites-de-fonction-des-elus\/\"]}]},{\"@type\":\"ImageObject\",\"inLanguage\":\"fr-FR\",\"@id\":\"https:\/\/vosgesinfo.fr\/gerardmerinfo\/2026\/04\/conseil-municipal-quid-des-indemnites-de-fonction-des-elus\/#primaryimage\",\"url\":\"https:\/\/vosgesinfo.fr\/app\/uploads\/sites\/6\/2026\/03\/conseil-municipal-gerardmer-1.jpg\",\"contentUrl\":\"https:\/\/vosgesinfo.fr\/app\/uploads\/sites\/6\/2026\/03\/conseil-municipal-gerardmer-1.jpg\",\"width\":1440,\"height\":1080},{\"@type\":\"BreadcrumbList\",\"@id\":\"https:\/\/vosgesinfo.fr\/gerardmerinfo\/2026\/04\/conseil-municipal-quid-des-indemnites-de-fonction-des-elus\/#breadcrumb\",\"itemListElement\":[{\"@type\":\"ListItem\",\"position\":1,\"name\":\"Home\",\"item\":\"https:\/\/vosgesinfo.fr\/gerardmerinfo\/\"},{\"@type\":\"ListItem\",\"position\":2,\"name\":\"Conseil municipal &#8211; quid des indemnit\u00e9s de fonction des \u00e9lus ?\"}]},{\"@type\":\"WebSite\",\"@id\":\"https:\/\/vosgesinfo.fr\/gerardmerinfo\/#website\",\"url\":\"https:\/\/vosgesinfo.fr\/gerardmerinfo\/\",\"name\":\"Gerardmer Info\",\"description\":\"Toute l&#039;actualit\u00e9 de G\u00e9rardmer\",\"publisher\":{\"@id\":\"https:\/\/vosgesinfo.fr\/gerardmerinfo\/#organization\"},\"alternateName\":\"Toute l'actualit\u00e9 de G\u00e9rardmer\",\"potentialAction\":[{\"@type\":\"SearchAction\",\"target\":{\"@type\":\"EntryPoint\",\"urlTemplate\":\"https:\/\/vosgesinfo.fr\/gerardmerinfo\/?s={search_term_string}\"},\"query-input\":\"required name=search_term_string\"}],\"inLanguage\":\"fr-FR\"},{\"@type\":\"Organization\",\"@id\":\"https:\/\/vosgesinfo.fr\/gerardmerinfo\/#organization\",\"name\":\"Gerardmer Info\",\"url\":\"https:\/\/vosgesinfo.fr\/gerardmerinfo\/\",\"logo\":{\"@type\":\"ImageObject\",\"inLanguage\":\"fr-FR\",\"@id\":\"https:\/\/vosgesinfo.fr\/gerardmerinfo\/#\/schema\/logo\/image\/\",\"url\":\"https:\/\/vosgesinfo.fr\/app\/uploads\/sites\/6\/2023\/08\/favicon-gerardmerinfo.png\",\"contentUrl\":\"https:\/\/vosgesinfo.fr\/app\/uploads\/sites\/6\/2023\/08\/favicon-gerardmerinfo.png\",\"width\":512,\"height\":512,\"caption\":\"Gerardmer Info\"},\"image\":{\"@id\":\"https:\/\/vosgesinfo.fr\/gerardmerinfo\/#\/schema\/logo\/image\/\"},\"sameAs\":[\"https:\/\/www.facebook.com\/profile.php?id=100049475262660\",\"https:\/\/x.com\/VosgesInfo88\",\"https:\/\/www.youtube.com\/@vosgesinfo\"]},{\"@type\":\"Person\",\"@id\":\"https:\/\/vosgesinfo.fr\/gerardmerinfo\/#\/schema\/person\/db5605779a843dad16b5368f3e7613a5\",\"name\":\"QG\",\"image\":{\"@type\":\"ImageObject\",\"inLanguage\":\"fr-FR\",\"@id\":\"https:\/\/vosgesinfo.fr\/gerardmerinfo\/#\/schema\/person\/image\/\",\"url\":\"https:\/\/secure.gravatar.com\/avatar\/ea80c42c204b534408512832fde52504ecabb9706bcb6151cf6175e5b64e6793?s=96&d=mm&r=g\",\"contentUrl\":\"https:\/\/secure.gravatar.com\/avatar\/ea80c42c204b534408512832fde52504ecabb9706bcb6151cf6175e5b64e6793?s=96&d=mm&r=g\",\"caption\":\"QG\"},\"url\":\"https:\/\/vosgesinfo.fr\/gerardmerinfo\/author\/quentin88\/\"}]}<\/script>\n<!-- \/ Yoast SEO plugin. -->","yoast_head_json":{"title":"Conseil municipal - quid des indemnit\u00e9s de fonction des \u00e9lus ? - Gerardmer Info","robots":{"index":"index","follow":"follow","max-snippet":"max-snippet:-1","max-image-preview":"max-image-preview:large","max-video-preview":"max-video-preview:-1"},"canonical":"https:\/\/vosgesinfo.fr\/gerardmerinfo\/2026\/04\/conseil-municipal-quid-des-indemnites-de-fonction-des-elus\/","twitter_card":"summary_large_image","twitter_title":"Conseil municipal - quid des indemnit\u00e9s de fonction des \u00e9lus ? - Gerardmer Info","twitter_description":"Les points 16 et 17 du conseil municipal \u00e9taient d\u00e9di\u00e9s aux indemnit\u00e9s de fonction des \u00e9lus et \u00e0 leur augmentation, [&hellip;]","twitter_image":"https:\/\/vosgesinfo.fr\/app\/uploads\/sites\/6\/2026\/03\/conseil-municipal-gerardmer-1.jpg","twitter_creator":"@VosgesInfo88","twitter_site":"@VosgesInfo88","twitter_misc":{"\u00c9crit par":"QG","Dur\u00e9e de lecture estim\u00e9e":"2 minutes"},"schema":{"@context":"https:\/\/schema.org","@graph":[{"@type":"Article","@id":"https:\/\/vosgesinfo.fr\/gerardmerinfo\/2026\/04\/conseil-municipal-quid-des-indemnites-de-fonction-des-elus\/#article","isPartOf":{"@id":"https:\/\/vosgesinfo.fr\/gerardmerinfo\/2026\/04\/conseil-municipal-quid-des-indemnites-de-fonction-des-elus\/"},"author":{"name":"QG","@id":"https:\/\/vosgesinfo.fr\/gerardmerinfo\/#\/schema\/person\/db5605779a843dad16b5368f3e7613a5"},"headline":"Conseil municipal &#8211; quid des indemnit\u00e9s de fonction des \u00e9lus ?","datePublished":"2026-04-25T03:54:54+00:00","dateModified":"2026-04-24T21:09:25+00:00","mainEntityOfPage":{"@id":"https:\/\/vosgesinfo.fr\/gerardmerinfo\/2026\/04\/conseil-municipal-quid-des-indemnites-de-fonction-des-elus\/"},"wordCount":279,"publisher":{"@id":"https:\/\/vosgesinfo.fr\/gerardmerinfo\/#organization"},"image":{"@id":"https:\/\/vosgesinfo.fr\/gerardmerinfo\/2026\/04\/conseil-municipal-quid-des-indemnites-de-fonction-des-elus\/#primaryimage"},"thumbnailUrl":"https:\/\/vosgesinfo.fr\/app\/uploads\/sites\/6\/2026\/03\/conseil-municipal-gerardmer-1.jpg","articleSection":["A la une","\u00c9conomie","Gerardmer"],"inLanguage":"fr-FR"},{"@type":"WebPage","@id":"https:\/\/vosgesinfo.fr\/gerardmerinfo\/2026\/04\/conseil-municipal-quid-des-indemnites-de-fonction-des-elus\/","url":"https:\/\/vosgesinfo.fr\/gerardmerinfo\/2026\/04\/conseil-municipal-quid-des-indemnites-de-fonction-des-elus\/","name":"Conseil municipal - quid des indemnit\u00e9s de fonction des \u00e9lus ? - Gerardmer Info","isPartOf":{"@id":"https:\/\/vosgesinfo.fr\/gerardmerinfo\/#website"},"primaryImageOfPage":{"@id":"https:\/\/vosgesinfo.fr\/gerardmerinfo\/2026\/04\/conseil-municipal-quid-des-indemnites-de-fonction-des-elus\/#primaryimage"},"image":{"@id":"https:\/\/vosgesinfo.fr\/gerardmerinfo\/2026\/04\/conseil-municipal-quid-des-indemnites-de-fonction-des-elus\/#primaryimage"},"thumbnailUrl":"https:\/\/vosgesinfo.fr\/app\/uploads\/sites\/6\/2026\/03\/conseil-municipal-gerardmer-1.jpg","datePublished":"2026-04-25T03:54:54+00:00","dateModified":"2026-04-24T21:09:25+00:00","breadcrumb":{"@id":"https:\/\/vosgesinfo.fr\/gerardmerinfo\/2026\/04\/conseil-municipal-quid-des-indemnites-de-fonction-des-elus\/#breadcrumb"},"inLanguage":"fr-FR","potentialAction":[{"@type":"ReadAction","target":["https:\/\/vosgesinfo.fr\/gerardmerinfo\/2026\/04\/conseil-municipal-quid-des-indemnites-de-fonction-des-elus\/"]}]},{"@type":"ImageObject","inLanguage":"fr-FR","@id":"https:\/\/vosgesinfo.fr\/gerardmerinfo\/2026\/04\/conseil-municipal-quid-des-indemnites-de-fonction-des-elus\/#primaryimage","url":"https:\/\/vosgesinfo.fr\/app\/uploads\/sites\/6\/2026\/03\/conseil-municipal-gerardmer-1.jpg","contentUrl":"https:\/\/vosgesinfo.fr\/app\/uploads\/sites\/6\/2026\/03\/conseil-municipal-gerardmer-1.jpg","width":1440,"height":1080},{"@type":"BreadcrumbList","@id":"https:\/\/vosgesinfo.fr\/gerardmerinfo\/2026\/04\/conseil-municipal-quid-des-indemnites-de-fonction-des-elus\/#breadcrumb","itemListElement":[{"@type":"ListItem","position":1,"name":"Home","item":"https:\/\/vosgesinfo.fr\/gerardmerinfo\/"},{"@type":"ListItem","position":2,"name":"Conseil municipal &#8211; quid des indemnit\u00e9s de fonction des \u00e9lus ?"}]},{"@type":"WebSite","@id":"https:\/\/vosgesinfo.fr\/gerardmerinfo\/#website","url":"https:\/\/vosgesinfo.fr\/gerardmerinfo\/","name":"Gerardmer Info","description":"Toute l&#039;actualit\u00e9 de G\u00e9rardmer","publisher":{"@id":"https:\/\/vosgesinfo.fr\/gerardmerinfo\/#organization"},"alternateName":"Toute l'actualit\u00e9 de G\u00e9rardmer","potentialAction":[{"@type":"SearchAction","target":{"@type":"EntryPoint","urlTemplate":"https:\/\/vosgesinfo.fr\/gerardmerinfo\/?s={search_term_string}"},"query-input":"required name=search_term_string"}],"inLanguage":"fr-FR"},{"@type":"Organization","@id":"https:\/\/vosgesinfo.fr\/gerardmerinfo\/#organization","name":"Gerardmer Info","url":"https:\/\/vosgesinfo.fr\/gerardmerinfo\/","logo":{"@type":"ImageObject","inLanguage":"fr-FR","@id":"https:\/\/vosgesinfo.fr\/gerardmerinfo\/#\/schema\/logo\/image\/","url":"https:\/\/vosgesinfo.fr\/app\/uploads\/sites\/6\/2023\/08\/favicon-gerardmerinfo.png","contentUrl":"https:\/\/vosgesinfo.fr\/app\/uploads\/sites\/6\/2023\/08\/favicon-gerardmerinfo.png","width":512,"height":512,"caption":"Gerardmer Info"},"image":{"@id":"https:\/\/vosgesinfo.fr\/gerardmerinfo\/#\/schema\/logo\/image\/"},"sameAs":["https:\/\/www.facebook.com\/profile.php?id=100049475262660","https:\/\/x.com\/VosgesInfo88","https:\/\/www.youtube.com\/@vosgesinfo"]},{"@type":"Person","@id":"https:\/\/vosgesinfo.fr\/gerardmerinfo\/#\/schema\/person\/db5605779a843dad16b5368f3e7613a5","name":"QG","image":{"@type":"ImageObject","inLanguage":"fr-FR","@id":"https:\/\/vosgesinfo.fr\/gerardmerinfo\/#\/schema\/person\/image\/","url":"https:\/\/secure.gravatar.com\/avatar\/ea80c42c204b534408512832fde52504ecabb9706bcb6151cf6175e5b64e6793?s=96&d=mm&r=g","contentUrl":"https:\/\/secure.gravatar.com\/avatar\/ea80c42c204b534408512832fde52504ecabb9706bcb6151cf6175e5b64e6793?s=96&d=mm&r=g","caption":"QG"},"url":"https:\/\/vosgesinfo.fr\/gerardmerinfo\/author\/quentin88\/"}]}},"_links":{"self":[{"href":"https:\/\/vosgesinfo.fr\/gerardmerinfo\/wp-json\/wp\/v2\/posts\/90686","targetHints":{"allow":["GET"]}}],"collection":[{"href":"https:\/\/vosgesinfo.fr\/gerardmerinfo\/wp-json\/wp\/v2\/posts"}],"about":[{"href":"https:\/\/vosgesinfo.fr\/gerardmerinfo\/wp-json\/wp\/v2\/types\/post"}],"author":[{"embeddable":true,"href":"https:\/\/vosgesinfo.fr\/gerardmerinfo\/wp-json\/wp\/v2\/users\/42"}],"replies":[{"embeddable":true,"href":"https:\/\/vosgesinfo.fr\/gerardmerinfo\/wp-json\/wp\/v2\/comments?post=90686"}],"version-history":[{"count":2,"href":"https:\/\/vosgesinfo.fr\/gerardmerinfo\/wp-json\/wp\/v2\/posts\/90686\/revisions"}],"predecessor-version":[{"id":90691,"href":"https:\/\/vosgesinfo.fr\/gerardmerinfo\/wp-json\/wp\/v2\/posts\/90686\/revisions\/90691"}],"wp:featuredmedia":[{"embeddable":true,"href":"https:\/\/vosgesinfo.fr\/gerardmerinfo\/wp-json\/wp\/v2\/media\/89759"}],"wp:attachment":[{"href":"https:\/\/vosgesinfo.fr\/gerardmerinfo\/wp-json\/wp\/v2\/media?parent=90686"}],"wp:term":[{"taxonomy":"category","embeddable":true,"href":"https:\/\/vosgesinfo.fr\/gerardmerinfo\/wp-json\/wp\/v2\/categories?post=90686"},{"taxonomy":"post_tag","embeddable":true,"href":"https:\/\/vosgesinfo.fr\/gerardmerinfo\/wp-json\/wp\/v2\/tags?post=90686"}],"curies":[{"name":"wp","href":"https:\/\/api.w.org\/{rel}","templated":true}]}}