{"id":90717,"date":"2026-04-26T06:02:12","date_gmt":"2026-04-26T04:02:12","guid":{"rendered":"https:\/\/vosgesinfo.fr\/gerardmerinfo\/?p=90717"},"modified":"2026-04-25T17:16:55","modified_gmt":"2026-04-25T15:16:55","slug":"judo-un-master-international-aux-ptits-oignons","status":"publish","type":"post","link":"https:\/\/vosgesinfo.fr\/gerardmerinfo\/2026\/04\/judo-un-master-international-aux-ptits-oignons\/","title":{"rendered":"Judo &#8211; un master international \u00ab\u00a0aux p&rsquo;tits oignons\u00a0\u00bb !"},"content":{"rendered":"<div id=\"attachment_90718\" style=\"width: 1034px\" class=\"wp-caption aligncenter\"><a href=\"https:\/\/vosgesinfo.fr\/app\/uploads\/sites\/6\/2026\/04\/olivier-lina-vainqueur-chez-les-moins-de-66-kg-m5.jpg\"><img decoding=\"async\" aria-describedby=\"caption-attachment-90718\" class=\"size-large wp-image-90718\" src=\"https:\/\/vosgesinfo.fr\/app\/uploads\/sites\/6\/2026\/04\/olivier-lina-vainqueur-chez-les-moins-de-66-kg-m5-1024x768.jpg\" alt=\"\" width=\"1024\" height=\"768\" srcset=\"https:\/\/vosgesinfo.fr\/app\/uploads\/sites\/6\/2026\/04\/olivier-lina-vainqueur-chez-les-moins-de-66-kg-m5-1024x768.jpg 1024w, https:\/\/vosgesinfo.fr\/app\/uploads\/sites\/6\/2026\/04\/olivier-lina-vainqueur-chez-les-moins-de-66-kg-m5-300x225.jpg 300w, https:\/\/vosgesinfo.fr\/app\/uploads\/sites\/6\/2026\/04\/olivier-lina-vainqueur-chez-les-moins-de-66-kg-m5-768x576.jpg 768w, https:\/\/vosgesinfo.fr\/app\/uploads\/sites\/6\/2026\/04\/olivier-lina-vainqueur-chez-les-moins-de-66-kg-m5-1536x1152.jpg 1536w, https:\/\/vosgesinfo.fr\/app\/uploads\/sites\/6\/2026\/04\/olivier-lina-vainqueur-chez-les-moins-de-66-kg-m5.jpg 1920w\" sizes=\"(max-width: 1024px) 100vw, 1024px\" \/><\/a><p id=\"caption-attachment-90718\" class=\"wp-caption-text\">Le G\u00e9r\u00f4mois Olivier Lina, vainqueur chez les moins de 66 kg &#8211; M5, r\u00e9alise un magnifique ippon en finale !<\/p><\/div>\n<p>&nbsp;<\/p>\n<p><strong>Samedi, 140 athl\u00e8tes engag\u00e9s dans le traditionnel Master International v\u00e9t\u00e9rans (30 ans et plus) organis\u00e9 comme chaque ann\u00e9e par le judo club de G\u00e9rardmer, avec le soutien du comit\u00e9 d\u00e9partemental, repr\u00e9sent\u00e9 pour l&rsquo;occasion par son conseiller technique Valentin Andr\u00e9.<\/strong><\/p>\n<p><a href=\"https:\/\/vosgesinfo.fr\/app\/uploads\/sites\/6\/2026\/04\/img-20260425-153349.jpg\"><img decoding=\"async\" class=\"alignright size-medium wp-image-90720\" src=\"https:\/\/vosgesinfo.fr\/app\/uploads\/sites\/6\/2026\/04\/img-20260425-153349-225x300.jpg\" alt=\"\" width=\"225\" height=\"300\" srcset=\"https:\/\/vosgesinfo.fr\/app\/uploads\/sites\/6\/2026\/04\/img-20260425-153349-225x300.jpg 225w, https:\/\/vosgesinfo.fr\/app\/uploads\/sites\/6\/2026\/04\/img-20260425-153349-768x1024.jpg 768w, https:\/\/vosgesinfo.fr\/app\/uploads\/sites\/6\/2026\/04\/img-20260425-153349-1152x1536.jpg 1152w, https:\/\/vosgesinfo.fr\/app\/uploads\/sites\/6\/2026\/04\/img-20260425-153349.jpg 1440w\" sizes=\"(max-width: 225px) 100vw, 225px\" \/><\/a>Comme le pr\u00e9cisait Mika\u00ebl Bussi\u00e8re, cheville ouvri\u00e8re de l&rsquo;\u00e9v\u00e9nement, la participation est en baisse pour cette \u00e9dition : \u00ab\u00a0C&rsquo;est un peu une ann\u00e9e de transition car les championnats de France ont \u00e9t\u00e9 avanc\u00e9s , ils ont eu lieu il y a quinze jours et beaucoup de pratiquants sont au repos. On a tout de m\u00eame maintenu notre Master car il devait y avoir les championnats d&rsquo;Europe \u00e0 Bordeaux peu de temps apr\u00e8s, mais finalement ils ont \u00e9t\u00e9 annul\u00e9s ! Mais on a quand m\u00eame du monde, et comme l&rsquo;organisation est un peu plus l\u00e9g\u00e8re, c&rsquo;est vraiment aux petits oignons et il y a toujours une tr\u00e8s bonne ambiance\u00a0\u00bb.<br \/>\nEn plus des Fran\u00e7ais dont certains venaient de Bayonne, une trentaine d&rsquo;\u00e9trangers avaient fait le d\u00e9placement d&rsquo;Allemagne, des Pays-Bas et surtout de Belgique. Une trentaine de pratiquantes \u00e9taient \u00e9galement engag\u00e9es, ce qui reste dans les standards de ce Master.<br \/>\nC\u00f4t\u00e9 r\u00e9sultats, chez les locaux, on notera les deuxi\u00e8mes places de Stany Simon (-73kg M3) et Olivier Petiteau (-73kg M6), le troisi\u00e8me place de Guillaume Tisserand (-100 M1), et surtout la victoire d&rsquo;Olivier Lina en -66 kg chez les M5.\u00a0 L&rsquo;ancien du club g\u00e9r\u00f4mois Florian Weber prend \u00e9galement une belle deuxi\u00e8me place. Enfin, Pierre Lepeu et Baptiste Jeandel participaient \u00e9galement \u00e0 la comp\u00e9tition pour le Judo Club de G\u00e9rardmer, bien repr\u00e9sent\u00e9 cette ann\u00e9e.<br \/>\nOn notera enfin l&rsquo;organisation d&rsquo;un Open toutes cat\u00e9gories, le clou du spectacle de cette belle journ\u00e9e de judo \u00e0 la Halle des Sports ou sport et convivialit\u00e9 ont \u00e0 nouveau fait bon m\u00e9nage !<\/p>\n<p><a href=\"https:\/\/vosgesinfo.fr\/app\/uploads\/sites\/6\/2026\/04\/img-20260425-155247.jpg\"><img decoding=\"async\" class=\"aligncenter size-large wp-image-90719\" src=\"https:\/\/vosgesinfo.fr\/app\/uploads\/sites\/6\/2026\/04\/img-20260425-155247-1024x768.jpg\" alt=\"\" width=\"1024\" height=\"768\" srcset=\"https:\/\/vosgesinfo.fr\/app\/uploads\/sites\/6\/2026\/04\/img-20260425-155247-1024x768.jpg 1024w, https:\/\/vosgesinfo.fr\/app\/uploads\/sites\/6\/2026\/04\/img-20260425-155247-300x225.jpg 300w, https:\/\/vosgesinfo.fr\/app\/uploads\/sites\/6\/2026\/04\/img-20260425-155247-768x576.jpg 768w, https:\/\/vosgesinfo.fr\/app\/uploads\/sites\/6\/2026\/04\/img-20260425-155247-1536x1152.jpg 1536w, https:\/\/vosgesinfo.fr\/app\/uploads\/sites\/6\/2026\/04\/img-20260425-155247.jpg 1920w\" sizes=\"(max-width: 1024px) 100vw, 1024px\" \/><\/a><\/p>\n","protected":false},"excerpt":{"rendered":"<p>&nbsp; Samedi, 140 athl\u00e8tes engag\u00e9s dans le traditionnel Master International v\u00e9t\u00e9rans (30 ans et plus) organis\u00e9 comme chaque ann\u00e9e par [&hellip;]<\/p>\n","protected":false},"author":42,"featured_media":90718,"comment_status":"open","ping_status":"open","sticky":false,"template":"","format":"standard","meta":{"footnotes":""},"categories":[20,5647,14,18],"tags":[6140,5442,5443],"class_list":["post-90717","post","type-post","status-publish","format-standard","has-post-thumbnail","hentry","category-a-la-une","category-gerardmer-autres-sites","category-sport","category-vosges","tag-gerardmer-le-tholy-judo-club","tag-olivier-lina","tag-stany-simon"],"acf":[],"yoast_head":"<!-- This site is optimized with the Yoast SEO plugin v22.5 - https:\/\/yoast.com\/wordpress\/plugins\/seo\/ -->\n<title>Judo - un master international &quot;aux p&#039;tits oignons&quot; ! - Gerardmer Info<\/title>\n<meta name=\"robots\" content=\"index, follow, max-snippet:-1, max-image-preview:large, max-video-preview:-1\" \/>\n<link rel=\"canonical\" href=\"https:\/\/vosgesinfo.fr\/gerardmerinfo\/2026\/04\/judo-un-master-international-aux-ptits-oignons\/\" \/>\n<meta name=\"twitter:card\" content=\"summary_large_image\" \/>\n<meta name=\"twitter:title\" content=\"Judo - un master international &quot;aux p&#039;tits oignons&quot; ! - Gerardmer Info\" \/>\n<meta name=\"twitter:description\" content=\"&nbsp; Samedi, 140 athl\u00e8tes engag\u00e9s dans le traditionnel Master International v\u00e9t\u00e9rans (30 ans et plus) organis\u00e9 comme chaque ann\u00e9e par [&hellip;]\" \/>\n<meta name=\"twitter:image\" content=\"https:\/\/vosgesinfo.fr\/app\/uploads\/sites\/6\/2026\/04\/olivier-lina-vainqueur-chez-les-moins-de-66-kg-m5.jpg\" \/>\n<meta name=\"twitter:creator\" content=\"@VosgesInfo88\" \/>\n<meta name=\"twitter:site\" content=\"@VosgesInfo88\" \/>\n<meta name=\"twitter:label1\" content=\"\u00c9crit par\" \/>\n\t<meta name=\"twitter:data1\" content=\"QG\" \/>\n\t<meta name=\"twitter:label2\" content=\"Dur\u00e9e de lecture estim\u00e9e\" \/>\n\t<meta name=\"twitter:data2\" content=\"2 minutes\" \/>\n<script type=\"application\/ld+json\" class=\"yoast-schema-graph\">{\"@context\":\"https:\/\/schema.org\",\"@graph\":[{\"@type\":\"Article\",\"@id\":\"https:\/\/vosgesinfo.fr\/gerardmerinfo\/2026\/04\/judo-un-master-international-aux-ptits-oignons\/#article\",\"isPartOf\":{\"@id\":\"https:\/\/vosgesinfo.fr\/gerardmerinfo\/2026\/04\/judo-un-master-international-aux-ptits-oignons\/\"},\"author\":{\"name\":\"QG\",\"@id\":\"https:\/\/vosgesinfo.fr\/gerardmerinfo\/#\/schema\/person\/db5605779a843dad16b5368f3e7613a5\"},\"headline\":\"Judo &#8211; un master international \u00ab\u00a0aux p&rsquo;tits oignons\u00a0\u00bb !\",\"datePublished\":\"2026-04-26T04:02:12+00:00\",\"dateModified\":\"2026-04-25T15:16:55+00:00\",\"mainEntityOfPage\":{\"@id\":\"https:\/\/vosgesinfo.fr\/gerardmerinfo\/2026\/04\/judo-un-master-international-aux-ptits-oignons\/\"},\"wordCount\":374,\"commentCount\":0,\"publisher\":{\"@id\":\"https:\/\/vosgesinfo.fr\/gerardmerinfo\/#organization\"},\"image\":{\"@id\":\"https:\/\/vosgesinfo.fr\/gerardmerinfo\/2026\/04\/judo-un-master-international-aux-ptits-oignons\/#primaryimage\"},\"thumbnailUrl\":\"https:\/\/vosgesinfo.fr\/app\/uploads\/sites\/6\/2026\/04\/olivier-lina-vainqueur-chez-les-moins-de-66-kg-m5.jpg\",\"keywords\":[\"G\u00e9rardmer Le Tholy judo Club\",\"Olivier Lina\",\"Stany Simon\"],\"articleSection\":[\"A la une\",\"Gerardmer\",\"Sport\",\"Vosges\"],\"inLanguage\":\"fr-FR\",\"potentialAction\":[{\"@type\":\"CommentAction\",\"name\":\"Comment\",\"target\":[\"https:\/\/vosgesinfo.fr\/gerardmerinfo\/2026\/04\/judo-un-master-international-aux-ptits-oignons\/#respond\"]}]},{\"@type\":\"WebPage\",\"@id\":\"https:\/\/vosgesinfo.fr\/gerardmerinfo\/2026\/04\/judo-un-master-international-aux-ptits-oignons\/\",\"url\":\"https:\/\/vosgesinfo.fr\/gerardmerinfo\/2026\/04\/judo-un-master-international-aux-ptits-oignons\/\",\"name\":\"Judo - un master international \\\"aux p'tits oignons\\\" ! - Gerardmer Info\",\"isPartOf\":{\"@id\":\"https:\/\/vosgesinfo.fr\/gerardmerinfo\/#website\"},\"primaryImageOfPage\":{\"@id\":\"https:\/\/vosgesinfo.fr\/gerardmerinfo\/2026\/04\/judo-un-master-international-aux-ptits-oignons\/#primaryimage\"},\"image\":{\"@id\":\"https:\/\/vosgesinfo.fr\/gerardmerinfo\/2026\/04\/judo-un-master-international-aux-ptits-oignons\/#primaryimage\"},\"thumbnailUrl\":\"https:\/\/vosgesinfo.fr\/app\/uploads\/sites\/6\/2026\/04\/olivier-lina-vainqueur-chez-les-moins-de-66-kg-m5.jpg\",\"datePublished\":\"2026-04-26T04:02:12+00:00\",\"dateModified\":\"2026-04-25T15:16:55+00:00\",\"breadcrumb\":{\"@id\":\"https:\/\/vosgesinfo.fr\/gerardmerinfo\/2026\/04\/judo-un-master-international-aux-ptits-oignons\/#breadcrumb\"},\"inLanguage\":\"fr-FR\",\"potentialAction\":[{\"@type\":\"ReadAction\",\"target\":[\"https:\/\/vosgesinfo.fr\/gerardmerinfo\/2026\/04\/judo-un-master-international-aux-ptits-oignons\/\"]}]},{\"@type\":\"ImageObject\",\"inLanguage\":\"fr-FR\",\"@id\":\"https:\/\/vosgesinfo.fr\/gerardmerinfo\/2026\/04\/judo-un-master-international-aux-ptits-oignons\/#primaryimage\",\"url\":\"https:\/\/vosgesinfo.fr\/app\/uploads\/sites\/6\/2026\/04\/olivier-lina-vainqueur-chez-les-moins-de-66-kg-m5.jpg\",\"contentUrl\":\"https:\/\/vosgesinfo.fr\/app\/uploads\/sites\/6\/2026\/04\/olivier-lina-vainqueur-chez-les-moins-de-66-kg-m5.jpg\",\"width\":1920,\"height\":1440,\"caption\":\"Le G\u00e9r\u00f4mois Olivier Lina, vainqueur chez les moins de 66 kg - M5\"},{\"@type\":\"BreadcrumbList\",\"@id\":\"https:\/\/vosgesinfo.fr\/gerardmerinfo\/2026\/04\/judo-un-master-international-aux-ptits-oignons\/#breadcrumb\",\"itemListElement\":[{\"@type\":\"ListItem\",\"position\":1,\"name\":\"Home\",\"item\":\"https:\/\/vosgesinfo.fr\/gerardmerinfo\/\"},{\"@type\":\"ListItem\",\"position\":2,\"name\":\"Judo &#8211; un master international \u00ab\u00a0aux p&rsquo;tits oignons\u00a0\u00bb !\"}]},{\"@type\":\"WebSite\",\"@id\":\"https:\/\/vosgesinfo.fr\/gerardmerinfo\/#website\",\"url\":\"https:\/\/vosgesinfo.fr\/gerardmerinfo\/\",\"name\":\"Gerardmer Info\",\"description\":\"Toute l&#039;actualit\u00e9 de G\u00e9rardmer\",\"publisher\":{\"@id\":\"https:\/\/vosgesinfo.fr\/gerardmerinfo\/#organization\"},\"alternateName\":\"Toute l'actualit\u00e9 de G\u00e9rardmer\",\"potentialAction\":[{\"@type\":\"SearchAction\",\"target\":{\"@type\":\"EntryPoint\",\"urlTemplate\":\"https:\/\/vosgesinfo.fr\/gerardmerinfo\/?s={search_term_string}\"},\"query-input\":\"required name=search_term_string\"}],\"inLanguage\":\"fr-FR\"},{\"@type\":\"Organization\",\"@id\":\"https:\/\/vosgesinfo.fr\/gerardmerinfo\/#organization\",\"name\":\"Gerardmer Info\",\"url\":\"https:\/\/vosgesinfo.fr\/gerardmerinfo\/\",\"logo\":{\"@type\":\"ImageObject\",\"inLanguage\":\"fr-FR\",\"@id\":\"https:\/\/vosgesinfo.fr\/gerardmerinfo\/#\/schema\/logo\/image\/\",\"url\":\"https:\/\/vosgesinfo.fr\/app\/uploads\/sites\/6\/2023\/08\/favicon-gerardmerinfo.png\",\"contentUrl\":\"https:\/\/vosgesinfo.fr\/app\/uploads\/sites\/6\/2023\/08\/favicon-gerardmerinfo.png\",\"width\":512,\"height\":512,\"caption\":\"Gerardmer Info\"},\"image\":{\"@id\":\"https:\/\/vosgesinfo.fr\/gerardmerinfo\/#\/schema\/logo\/image\/\"},\"sameAs\":[\"https:\/\/www.facebook.com\/profile.php?id=100049475262660\",\"https:\/\/x.com\/VosgesInfo88\",\"https:\/\/www.youtube.com\/@vosgesinfo\"]},{\"@type\":\"Person\",\"@id\":\"https:\/\/vosgesinfo.fr\/gerardmerinfo\/#\/schema\/person\/db5605779a843dad16b5368f3e7613a5\",\"name\":\"QG\",\"image\":{\"@type\":\"ImageObject\",\"inLanguage\":\"fr-FR\",\"@id\":\"https:\/\/vosgesinfo.fr\/gerardmerinfo\/#\/schema\/person\/image\/\",\"url\":\"https:\/\/secure.gravatar.com\/avatar\/ea80c42c204b534408512832fde52504ecabb9706bcb6151cf6175e5b64e6793?s=96&d=mm&r=g\",\"contentUrl\":\"https:\/\/secure.gravatar.com\/avatar\/ea80c42c204b534408512832fde52504ecabb9706bcb6151cf6175e5b64e6793?s=96&d=mm&r=g\",\"caption\":\"QG\"},\"url\":\"https:\/\/vosgesinfo.fr\/gerardmerinfo\/author\/quentin88\/\"}]}<\/script>\n<!-- \/ Yoast SEO plugin. -->","yoast_head_json":{"title":"Judo - un master international \"aux p'tits oignons\" ! - Gerardmer Info","robots":{"index":"index","follow":"follow","max-snippet":"max-snippet:-1","max-image-preview":"max-image-preview:large","max-video-preview":"max-video-preview:-1"},"canonical":"https:\/\/vosgesinfo.fr\/gerardmerinfo\/2026\/04\/judo-un-master-international-aux-ptits-oignons\/","twitter_card":"summary_large_image","twitter_title":"Judo - un master international \"aux p'tits oignons\" ! - Gerardmer Info","twitter_description":"&nbsp; Samedi, 140 athl\u00e8tes engag\u00e9s dans le traditionnel Master International v\u00e9t\u00e9rans (30 ans et plus) organis\u00e9 comme chaque ann\u00e9e par [&hellip;]","twitter_image":"https:\/\/vosgesinfo.fr\/app\/uploads\/sites\/6\/2026\/04\/olivier-lina-vainqueur-chez-les-moins-de-66-kg-m5.jpg","twitter_creator":"@VosgesInfo88","twitter_site":"@VosgesInfo88","twitter_misc":{"\u00c9crit par":"QG","Dur\u00e9e de lecture estim\u00e9e":"2 minutes"},"schema":{"@context":"https:\/\/schema.org","@graph":[{"@type":"Article","@id":"https:\/\/vosgesinfo.fr\/gerardmerinfo\/2026\/04\/judo-un-master-international-aux-ptits-oignons\/#article","isPartOf":{"@id":"https:\/\/vosgesinfo.fr\/gerardmerinfo\/2026\/04\/judo-un-master-international-aux-ptits-oignons\/"},"author":{"name":"QG","@id":"https:\/\/vosgesinfo.fr\/gerardmerinfo\/#\/schema\/person\/db5605779a843dad16b5368f3e7613a5"},"headline":"Judo &#8211; un master international \u00ab\u00a0aux p&rsquo;tits oignons\u00a0\u00bb !","datePublished":"2026-04-26T04:02:12+00:00","dateModified":"2026-04-25T15:16:55+00:00","mainEntityOfPage":{"@id":"https:\/\/vosgesinfo.fr\/gerardmerinfo\/2026\/04\/judo-un-master-international-aux-ptits-oignons\/"},"wordCount":374,"commentCount":0,"publisher":{"@id":"https:\/\/vosgesinfo.fr\/gerardmerinfo\/#organization"},"image":{"@id":"https:\/\/vosgesinfo.fr\/gerardmerinfo\/2026\/04\/judo-un-master-international-aux-ptits-oignons\/#primaryimage"},"thumbnailUrl":"https:\/\/vosgesinfo.fr\/app\/uploads\/sites\/6\/2026\/04\/olivier-lina-vainqueur-chez-les-moins-de-66-kg-m5.jpg","keywords":["G\u00e9rardmer Le Tholy judo Club","Olivier Lina","Stany Simon"],"articleSection":["A la une","Gerardmer","Sport","Vosges"],"inLanguage":"fr-FR","potentialAction":[{"@type":"CommentAction","name":"Comment","target":["https:\/\/vosgesinfo.fr\/gerardmerinfo\/2026\/04\/judo-un-master-international-aux-ptits-oignons\/#respond"]}]},{"@type":"WebPage","@id":"https:\/\/vosgesinfo.fr\/gerardmerinfo\/2026\/04\/judo-un-master-international-aux-ptits-oignons\/","url":"https:\/\/vosgesinfo.fr\/gerardmerinfo\/2026\/04\/judo-un-master-international-aux-ptits-oignons\/","name":"Judo - un master international \"aux p'tits oignons\" ! - Gerardmer Info","isPartOf":{"@id":"https:\/\/vosgesinfo.fr\/gerardmerinfo\/#website"},"primaryImageOfPage":{"@id":"https:\/\/vosgesinfo.fr\/gerardmerinfo\/2026\/04\/judo-un-master-international-aux-ptits-oignons\/#primaryimage"},"image":{"@id":"https:\/\/vosgesinfo.fr\/gerardmerinfo\/2026\/04\/judo-un-master-international-aux-ptits-oignons\/#primaryimage"},"thumbnailUrl":"https:\/\/vosgesinfo.fr\/app\/uploads\/sites\/6\/2026\/04\/olivier-lina-vainqueur-chez-les-moins-de-66-kg-m5.jpg","datePublished":"2026-04-26T04:02:12+00:00","dateModified":"2026-04-25T15:16:55+00:00","breadcrumb":{"@id":"https:\/\/vosgesinfo.fr\/gerardmerinfo\/2026\/04\/judo-un-master-international-aux-ptits-oignons\/#breadcrumb"},"inLanguage":"fr-FR","potentialAction":[{"@type":"ReadAction","target":["https:\/\/vosgesinfo.fr\/gerardmerinfo\/2026\/04\/judo-un-master-international-aux-ptits-oignons\/"]}]},{"@type":"ImageObject","inLanguage":"fr-FR","@id":"https:\/\/vosgesinfo.fr\/gerardmerinfo\/2026\/04\/judo-un-master-international-aux-ptits-oignons\/#primaryimage","url":"https:\/\/vosgesinfo.fr\/app\/uploads\/sites\/6\/2026\/04\/olivier-lina-vainqueur-chez-les-moins-de-66-kg-m5.jpg","contentUrl":"https:\/\/vosgesinfo.fr\/app\/uploads\/sites\/6\/2026\/04\/olivier-lina-vainqueur-chez-les-moins-de-66-kg-m5.jpg","width":1920,"height":1440,"caption":"Le G\u00e9r\u00f4mois Olivier Lina, vainqueur chez les moins de 66 kg - M5"},{"@type":"BreadcrumbList","@id":"https:\/\/vosgesinfo.fr\/gerardmerinfo\/2026\/04\/judo-un-master-international-aux-ptits-oignons\/#breadcrumb","itemListElement":[{"@type":"ListItem","position":1,"name":"Home","item":"https:\/\/vosgesinfo.fr\/gerardmerinfo\/"},{"@type":"ListItem","position":2,"name":"Judo &#8211; un master international \u00ab\u00a0aux p&rsquo;tits oignons\u00a0\u00bb !"}]},{"@type":"WebSite","@id":"https:\/\/vosgesinfo.fr\/gerardmerinfo\/#website","url":"https:\/\/vosgesinfo.fr\/gerardmerinfo\/","name":"Gerardmer Info","description":"Toute l&#039;actualit\u00e9 de G\u00e9rardmer","publisher":{"@id":"https:\/\/vosgesinfo.fr\/gerardmerinfo\/#organization"},"alternateName":"Toute l'actualit\u00e9 de G\u00e9rardmer","potentialAction":[{"@type":"SearchAction","target":{"@type":"EntryPoint","urlTemplate":"https:\/\/vosgesinfo.fr\/gerardmerinfo\/?s={search_term_string}"},"query-input":"required name=search_term_string"}],"inLanguage":"fr-FR"},{"@type":"Organization","@id":"https:\/\/vosgesinfo.fr\/gerardmerinfo\/#organization","name":"Gerardmer Info","url":"https:\/\/vosgesinfo.fr\/gerardmerinfo\/","logo":{"@type":"ImageObject","inLanguage":"fr-FR","@id":"https:\/\/vosgesinfo.fr\/gerardmerinfo\/#\/schema\/logo\/image\/","url":"https:\/\/vosgesinfo.fr\/app\/uploads\/sites\/6\/2023\/08\/favicon-gerardmerinfo.png","contentUrl":"https:\/\/vosgesinfo.fr\/app\/uploads\/sites\/6\/2023\/08\/favicon-gerardmerinfo.png","width":512,"height":512,"caption":"Gerardmer Info"},"image":{"@id":"https:\/\/vosgesinfo.fr\/gerardmerinfo\/#\/schema\/logo\/image\/"},"sameAs":["https:\/\/www.facebook.com\/profile.php?id=100049475262660","https:\/\/x.com\/VosgesInfo88","https:\/\/www.youtube.com\/@vosgesinfo"]},{"@type":"Person","@id":"https:\/\/vosgesinfo.fr\/gerardmerinfo\/#\/schema\/person\/db5605779a843dad16b5368f3e7613a5","name":"QG","image":{"@type":"ImageObject","inLanguage":"fr-FR","@id":"https:\/\/vosgesinfo.fr\/gerardmerinfo\/#\/schema\/person\/image\/","url":"https:\/\/secure.gravatar.com\/avatar\/ea80c42c204b534408512832fde52504ecabb9706bcb6151cf6175e5b64e6793?s=96&d=mm&r=g","contentUrl":"https:\/\/secure.gravatar.com\/avatar\/ea80c42c204b534408512832fde52504ecabb9706bcb6151cf6175e5b64e6793?s=96&d=mm&r=g","caption":"QG"},"url":"https:\/\/vosgesinfo.fr\/gerardmerinfo\/author\/quentin88\/"}]}},"_links":{"self":[{"href":"https:\/\/vosgesinfo.fr\/gerardmerinfo\/wp-json\/wp\/v2\/posts\/90717","targetHints":{"allow":["GET"]}}],"collection":[{"href":"https:\/\/vosgesinfo.fr\/gerardmerinfo\/wp-json\/wp\/v2\/posts"}],"about":[{"href":"https:\/\/vosgesinfo.fr\/gerardmerinfo\/wp-json\/wp\/v2\/types\/post"}],"author":[{"embeddable":true,"href":"https:\/\/vosgesinfo.fr\/gerardmerinfo\/wp-json\/wp\/v2\/users\/42"}],"replies":[{"embeddable":true,"href":"https:\/\/vosgesinfo.fr\/gerardmerinfo\/wp-json\/wp\/v2\/comments?post=90717"}],"version-history":[{"count":1,"href":"https:\/\/vosgesinfo.fr\/gerardmerinfo\/wp-json\/wp\/v2\/posts\/90717\/revisions"}],"predecessor-version":[{"id":90721,"href":"https:\/\/vosgesinfo.fr\/gerardmerinfo\/wp-json\/wp\/v2\/posts\/90717\/revisions\/90721"}],"wp:featuredmedia":[{"embeddable":true,"href":"https:\/\/vosgesinfo.fr\/gerardmerinfo\/wp-json\/wp\/v2\/media\/90718"}],"wp:attachment":[{"href":"https:\/\/vosgesinfo.fr\/gerardmerinfo\/wp-json\/wp\/v2\/media?parent=90717"}],"wp:term":[{"taxonomy":"category","embeddable":true,"href":"https:\/\/vosgesinfo.fr\/gerardmerinfo\/wp-json\/wp\/v2\/categories?post=90717"},{"taxonomy":"post_tag","embeddable":true,"href":"https:\/\/vosgesinfo.fr\/gerardmerinfo\/wp-json\/wp\/v2\/tags?post=90717"}],"curies":[{"name":"wp","href":"https:\/\/api.w.org\/{rel}","templated":true}]}}