{"id":90722,"date":"2026-04-26T13:37:18","date_gmt":"2026-04-26T11:37:18","guid":{"rendered":"https:\/\/vosgesinfo.fr\/gerardmerinfo\/?p=90722"},"modified":"2026-04-26T13:37:18","modified_gmt":"2026-04-26T11:37:18","slug":"lasg-aviron-baptise-deux-bateaux-pour-son-140e-anniversaire","status":"publish","type":"post","link":"https:\/\/vosgesinfo.fr\/gerardmerinfo\/2026\/04\/lasg-aviron-baptise-deux-bateaux-pour-son-140e-anniversaire\/","title":{"rendered":"L&rsquo;ASG aviron baptise deux bateaux pour son 140e anniversaire"},"content":{"rendered":"<p data-pm-slice=\"1 1 []\"><a href=\"https:\/\/vosgesinfo.fr\/app\/uploads\/sites\/6\/2026\/04\/aviron-gerardmer-portes-ouvertes-140-ans-1.jpg\"><img decoding=\"async\" class=\"aligncenter size-large wp-image-90730\" src=\"https:\/\/vosgesinfo.fr\/app\/uploads\/sites\/6\/2026\/04\/aviron-gerardmer-portes-ouvertes-140-ans-1-1024x768.jpg\" alt=\"\" width=\"1024\" height=\"768\" srcset=\"https:\/\/vosgesinfo.fr\/app\/uploads\/sites\/6\/2026\/04\/aviron-gerardmer-portes-ouvertes-140-ans-1-1024x768.jpg 1024w, https:\/\/vosgesinfo.fr\/app\/uploads\/sites\/6\/2026\/04\/aviron-gerardmer-portes-ouvertes-140-ans-1-300x225.jpg 300w, https:\/\/vosgesinfo.fr\/app\/uploads\/sites\/6\/2026\/04\/aviron-gerardmer-portes-ouvertes-140-ans-1-768x576.jpg 768w, https:\/\/vosgesinfo.fr\/app\/uploads\/sites\/6\/2026\/04\/aviron-gerardmer-portes-ouvertes-140-ans-1-1536x1152.jpg 1536w, https:\/\/vosgesinfo.fr\/app\/uploads\/sites\/6\/2026\/04\/aviron-gerardmer-portes-ouvertes-140-ans-1.jpg 1920w\" sizes=\"(max-width: 1024px) 100vw, 1024px\" \/><\/a><\/p>\n\n\t\t<style type=\"text\/css\">\n\t\t\t#gallery-1 {\n\t\t\t\tmargin: auto;\n\t\t\t}\n\t\t\t#gallery-1 .gallery-item {\n\t\t\t\tfloat: left;\n\t\t\t\tmargin-top: 10px;\n\t\t\t\ttext-align: center;\n\t\t\t\twidth: 50%;\n\t\t\t}\n\t\t\t#gallery-1 img {\n\t\t\t\tborder: 2px solid #cfcfcf;\n\t\t\t}\n\t\t\t#gallery-1 .gallery-caption {\n\t\t\t\tmargin-left: 0;\n\t\t\t}\n\t\t\t\/* see gallery_shortcode() in wp-includes\/media.php *\/\n\t\t<\/style>\n\t\t<div id='gallery-1' class='gallery galleryid-90722 gallery-columns-2 gallery-size-medium'><dl class='gallery-item'>\n\t\t\t<dt class='gallery-icon landscape'>\n\t\t\t\t<a href='https:\/\/vosgesinfo.fr\/app\/uploads\/sites\/6\/2026\/04\/aviron-gerardmer-portes-ouvertes-140-ans-2.jpg'><img decoding=\"async\" width=\"300\" height=\"225\" src=\"https:\/\/vosgesinfo.fr\/app\/uploads\/sites\/6\/2026\/04\/aviron-gerardmer-portes-ouvertes-140-ans-2-300x225.jpg\" class=\"attachment-medium size-medium\" alt=\"\" srcset=\"https:\/\/vosgesinfo.fr\/app\/uploads\/sites\/6\/2026\/04\/aviron-gerardmer-portes-ouvertes-140-ans-2-300x225.jpg 300w, https:\/\/vosgesinfo.fr\/app\/uploads\/sites\/6\/2026\/04\/aviron-gerardmer-portes-ouvertes-140-ans-2-1024x768.jpg 1024w, https:\/\/vosgesinfo.fr\/app\/uploads\/sites\/6\/2026\/04\/aviron-gerardmer-portes-ouvertes-140-ans-2-768x576.jpg 768w, https:\/\/vosgesinfo.fr\/app\/uploads\/sites\/6\/2026\/04\/aviron-gerardmer-portes-ouvertes-140-ans-2-1536x1152.jpg 1536w, https:\/\/vosgesinfo.fr\/app\/uploads\/sites\/6\/2026\/04\/aviron-gerardmer-portes-ouvertes-140-ans-2.jpg 1920w\" sizes=\"(max-width: 300px) 100vw, 300px\" \/><\/a>\n\t\t\t<\/dt><\/dl><dl class='gallery-item'>\n\t\t\t<dt class='gallery-icon landscape'>\n\t\t\t\t<a href='https:\/\/vosgesinfo.fr\/app\/uploads\/sites\/6\/2026\/04\/140-ans-du-club-daviron-gerardmer-6.jpg'><img decoding=\"async\" width=\"300\" height=\"225\" src=\"https:\/\/vosgesinfo.fr\/app\/uploads\/sites\/6\/2026\/04\/140-ans-du-club-daviron-gerardmer-6-300x225.jpg\" class=\"attachment-medium size-medium\" alt=\"\" srcset=\"https:\/\/vosgesinfo.fr\/app\/uploads\/sites\/6\/2026\/04\/140-ans-du-club-daviron-gerardmer-6-300x225.jpg 300w, https:\/\/vosgesinfo.fr\/app\/uploads\/sites\/6\/2026\/04\/140-ans-du-club-daviron-gerardmer-6-1024x768.jpg 1024w, https:\/\/vosgesinfo.fr\/app\/uploads\/sites\/6\/2026\/04\/140-ans-du-club-daviron-gerardmer-6-768x576.jpg 768w, https:\/\/vosgesinfo.fr\/app\/uploads\/sites\/6\/2026\/04\/140-ans-du-club-daviron-gerardmer-6-1536x1152.jpg 1536w, https:\/\/vosgesinfo.fr\/app\/uploads\/sites\/6\/2026\/04\/140-ans-du-club-daviron-gerardmer-6.jpg 1920w\" sizes=\"(max-width: 300px) 100vw, 300px\" \/><\/a>\n\t\t\t<\/dt><\/dl><br style=\"clear: both\" \/><dl class='gallery-item'>\n\t\t\t<dt class='gallery-icon landscape'>\n\t\t\t\t<a href='https:\/\/vosgesinfo.fr\/app\/uploads\/sites\/6\/2026\/04\/140-ans-du-club-daviron-gerardmer-5.jpg'><img decoding=\"async\" width=\"300\" height=\"225\" src=\"https:\/\/vosgesinfo.fr\/app\/uploads\/sites\/6\/2026\/04\/140-ans-du-club-daviron-gerardmer-5-300x225.jpg\" class=\"attachment-medium size-medium\" alt=\"\" srcset=\"https:\/\/vosgesinfo.fr\/app\/uploads\/sites\/6\/2026\/04\/140-ans-du-club-daviron-gerardmer-5-300x225.jpg 300w, https:\/\/vosgesinfo.fr\/app\/uploads\/sites\/6\/2026\/04\/140-ans-du-club-daviron-gerardmer-5-1024x768.jpg 1024w, https:\/\/vosgesinfo.fr\/app\/uploads\/sites\/6\/2026\/04\/140-ans-du-club-daviron-gerardmer-5-768x576.jpg 768w, https:\/\/vosgesinfo.fr\/app\/uploads\/sites\/6\/2026\/04\/140-ans-du-club-daviron-gerardmer-5-1536x1152.jpg 1536w, https:\/\/vosgesinfo.fr\/app\/uploads\/sites\/6\/2026\/04\/140-ans-du-club-daviron-gerardmer-5.jpg 1920w\" sizes=\"(max-width: 300px) 100vw, 300px\" \/><\/a>\n\t\t\t<\/dt><\/dl><dl class='gallery-item'>\n\t\t\t<dt class='gallery-icon landscape'>\n\t\t\t\t<a href='https:\/\/vosgesinfo.fr\/app\/uploads\/sites\/6\/2026\/04\/140-ans-du-club-daviron-gerardmer-2.jpg'><img decoding=\"async\" width=\"300\" height=\"225\" src=\"https:\/\/vosgesinfo.fr\/app\/uploads\/sites\/6\/2026\/04\/140-ans-du-club-daviron-gerardmer-2-300x225.jpg\" class=\"attachment-medium size-medium\" alt=\"\" srcset=\"https:\/\/vosgesinfo.fr\/app\/uploads\/sites\/6\/2026\/04\/140-ans-du-club-daviron-gerardmer-2-300x225.jpg 300w, https:\/\/vosgesinfo.fr\/app\/uploads\/sites\/6\/2026\/04\/140-ans-du-club-daviron-gerardmer-2-1024x768.jpg 1024w, https:\/\/vosgesinfo.fr\/app\/uploads\/sites\/6\/2026\/04\/140-ans-du-club-daviron-gerardmer-2-768x576.jpg 768w, https:\/\/vosgesinfo.fr\/app\/uploads\/sites\/6\/2026\/04\/140-ans-du-club-daviron-gerardmer-2-1536x1152.jpg 1536w, https:\/\/vosgesinfo.fr\/app\/uploads\/sites\/6\/2026\/04\/140-ans-du-club-daviron-gerardmer-2.jpg 1920w\" sizes=\"(max-width: 300px) 100vw, 300px\" \/><\/a>\n\t\t\t<\/dt><\/dl><br style=\"clear: both\" \/>\n\t\t<\/div>\n\n<p data-pm-slice=\"1 1 []\">\n<p data-pm-slice=\"1 1 []\"><strong>L\u2019ASG aviron avait \u00e0 c\u0153ur de c\u00e9l\u00e9brer son 140\u1d49 anniversaire samedi sur le lac de G\u00e9rardmer o\u00f9 tout a commenc\u00e9 en 1886, faisant du club le plus ancien de la perle des Vosges. Une long\u00e9vit\u00e9 qu\u2019il doit en partie \u00e0 une stabilit\u00e9 au sein de son comit\u00e9, notamment depuis 1945.<\/strong><\/p>\n<p><a href=\"https:\/\/vosgesinfo.fr\/app\/uploads\/sites\/6\/2026\/04\/140-ans-du-club-daviron-gerardmer-4.jpg\"><img decoding=\"async\" class=\"alignright size-medium wp-image-90726\" src=\"https:\/\/vosgesinfo.fr\/app\/uploads\/sites\/6\/2026\/04\/140-ans-du-club-daviron-gerardmer-4-300x225.jpg\" alt=\"\" width=\"300\" height=\"225\" srcset=\"https:\/\/vosgesinfo.fr\/app\/uploads\/sites\/6\/2026\/04\/140-ans-du-club-daviron-gerardmer-4-300x225.jpg 300w, https:\/\/vosgesinfo.fr\/app\/uploads\/sites\/6\/2026\/04\/140-ans-du-club-daviron-gerardmer-4-1024x768.jpg 1024w, https:\/\/vosgesinfo.fr\/app\/uploads\/sites\/6\/2026\/04\/140-ans-du-club-daviron-gerardmer-4-768x576.jpg 768w, https:\/\/vosgesinfo.fr\/app\/uploads\/sites\/6\/2026\/04\/140-ans-du-club-daviron-gerardmer-4-1536x1152.jpg 1536w, https:\/\/vosgesinfo.fr\/app\/uploads\/sites\/6\/2026\/04\/140-ans-du-club-daviron-gerardmer-4.jpg 1920w\" sizes=\"(max-width: 300px) 100vw, 300px\" \/><\/a>En effet, tout a commenc\u00e9 en 1886, suite \u00e0 l\u2019organisation un an plus t\u00f4t d\u2019un \u00ab concours \u00bb par les rameurs nanc\u00e9iens qui avaient pour habitude de venir s\u2019entra\u00eener sur le lac de G\u00e9rardmer. Le club g\u00e9r\u00f4mois voit le jour et il est alors une \u00e9manation de l\u2019Union nautique, o\u00f9 il a d\u2019ailleurs toujours ses quartiers. Les statuts de l\u2019\u00e9poque visent \u00e0 faire la promotion de la discipline, \u00e0 en favoriser la pratique sur un site qui s\u2019y pr\u00eate \u00e0 merveille.\u00a0\u00ab \u00c7a fait plaisir de voir qu\u2019il y a du monde aujourd\u2019hui pour cet anniversaire et de revoir des anciens du club, des jeunes qui reviennent aussi, comme Thibaut Lecomte \u00bb, pr\u00e9cise Patrick M\u00e9ny, lui qui n\u2019a jamais quitt\u00e9 l\u2019ASG Aviron et qui contribue toujours \u00e0 faire le lien entre les g\u00e9n\u00e9rations.<\/p>\n<p>Le club progressera lentement mais s\u00fbrement, et apr\u00e8s la tragique p\u00e9riode de la guerre 39-45, il ne conna\u00eetra que 4 pr\u00e9sidents, toujours bien entour\u00e9\u00a0: Serge Lacaque de 1945 \u00e0 1961, Marcel Lecoanet de 61 \u00e0 81, Pierrot Laruelle de 81 \u00e0 2005, et Arnaud Tixier depuis 2005. \u00ab\u00a0Il y a un vrai noyau dur et une continuit\u00e9 au comit\u00e9 depuis 20 ans, au sein duquel on a toujours su trouver le compromis m\u00eame si ce n\u2019est pas toujours facile. (\u2026) Aujourd\u2019hui on a 90 licenci\u00e9s, dont une vingtaine de comp\u00e9titeurs, environ 35-40 pratiquants uniquement en salle pour une activit\u00e9 sport-sant\u00e9, et un noyau d\u2019une quarantaine qui font les deux. Entre l\u2019aviron indoor ou sur l\u2019eau, il y a une passerelle qui se fait, ou pas\u00a0! Mais on a toujours r\u00e9ussi \u00e0 chercher et \u00e0 trouver l\u2019excellence m\u00eame si on n\u2019a pas forc\u00e9ment un gros effectif par rapport \u00e0 d\u2019autres clubs, et on sait accompagner ceux qui font de la comp\u00e9tition, mais plus pour le plaisir, il ne faut pas oublier, c\u2019est important\u00a0\u00bb, pr\u00e9cise l\u2019actuel pr\u00e9sident.<\/p>\n<p><a href=\"https:\/\/vosgesinfo.fr\/app\/uploads\/sites\/6\/2026\/04\/arnaud-tixier-patrick-meny-asg-aviron-140-ans.jpeg\"><img decoding=\"async\" class=\"alignright size-medium wp-image-90746\" src=\"https:\/\/vosgesinfo.fr\/app\/uploads\/sites\/6\/2026\/04\/arnaud-tixier-patrick-meny-asg-aviron-140-ans-300x225.jpeg\" alt=\"\" width=\"300\" height=\"225\" srcset=\"https:\/\/vosgesinfo.fr\/app\/uploads\/sites\/6\/2026\/04\/arnaud-tixier-patrick-meny-asg-aviron-140-ans-300x225.jpeg 300w, https:\/\/vosgesinfo.fr\/app\/uploads\/sites\/6\/2026\/04\/arnaud-tixier-patrick-meny-asg-aviron-140-ans-1024x768.jpeg 1024w, https:\/\/vosgesinfo.fr\/app\/uploads\/sites\/6\/2026\/04\/arnaud-tixier-patrick-meny-asg-aviron-140-ans-768x576.jpeg 768w, https:\/\/vosgesinfo.fr\/app\/uploads\/sites\/6\/2026\/04\/arnaud-tixier-patrick-meny-asg-aviron-140-ans-1536x1152.jpeg 1536w, https:\/\/vosgesinfo.fr\/app\/uploads\/sites\/6\/2026\/04\/arnaud-tixier-patrick-meny-asg-aviron-140-ans.jpeg 1920w\" sizes=\"(max-width: 300px) 100vw, 300px\" \/><\/a>Pour ce faire, le club compte sur une \u00e9quipe d\u2019encadrement, des b\u00e9n\u00e9voles et une cinquantaine de bateaux, dont deux ont \u00e9t\u00e9 officiellement baptis\u00e9s samedi soir, lors de la grande soir\u00e9e qui a suivi les portes ouvertes qui avaient lieu en journ\u00e9e. Le premier portera ainsi le nom de l\u2019ancien pr\u00e9sident Pierre Laruelle, pr\u00e9sent au club lorsqu\u2019Arnaud Tixier est arriv\u00e9, b\u00e9n\u00e9vole de la premi\u00e8re heure, et m\u00eame parfois contributeur sur ses deniers personnels. Le second portera le nom de Patrick M\u00e9ny, qui n\u2019a jamais pris la pr\u00e9sidence, mais qui a ce r\u00f4le de \u00ab\u00a0figure tut\u00e9laire\u00a0\u00bb. \u00c2g\u00e9 de 80 ans, il affiche 65 ans de licence, son p\u00e8re lui-m\u00eame \u00e9tait \u00e0 l\u2019ASG dont il conna\u00eet l\u2019histoire par c\u0153ur.<\/p>\n<p>Un bel hommage en guise de cerise sur ce beau g\u00e2teau d\u2019anniversaire, et la promesse que le club vive encore de tr\u00e8s belles aventures sportives, fraternelles et conviviales\u00a0!<\/p>\n","protected":false},"excerpt":{"rendered":"<p>L\u2019ASG aviron avait \u00e0 c\u0153ur de c\u00e9l\u00e9brer son 140\u1d49 anniversaire samedi sur le lac de G\u00e9rardmer o\u00f9 tout a commenc\u00e9 [&hellip;]<\/p>\n","protected":false},"author":42,"featured_media":90729,"comment_status":"open","ping_status":"open","sticky":false,"template":"","format":"standard","meta":{"footnotes":""},"categories":[20,5647,14],"tags":[164,174,8815],"class_list":["post-90722","post","type-post","status-publish","format-standard","has-post-thumbnail","hentry","category-a-la-une","category-gerardmer-autres-sites","category-sport","tag-arnaud-tixier","tag-asg-aviron","tag-patrick-meny"],"acf":[],"yoast_head":"<!-- This site is optimized with the Yoast SEO plugin v22.5 - https:\/\/yoast.com\/wordpress\/plugins\/seo\/ -->\n<title>L&#039;ASG aviron baptise deux bateaux pour son 140e anniversaire - Gerardmer Info<\/title>\n<meta name=\"robots\" content=\"index, follow, max-snippet:-1, max-image-preview:large, max-video-preview:-1\" \/>\n<link rel=\"canonical\" href=\"https:\/\/vosgesinfo.fr\/gerardmerinfo\/2026\/04\/lasg-aviron-baptise-deux-bateaux-pour-son-140e-anniversaire\/\" \/>\n<meta name=\"twitter:card\" content=\"summary_large_image\" \/>\n<meta name=\"twitter:title\" content=\"L&#039;ASG aviron baptise deux bateaux pour son 140e anniversaire - Gerardmer Info\" \/>\n<meta name=\"twitter:description\" content=\"L\u2019ASG aviron avait \u00e0 c\u0153ur de c\u00e9l\u00e9brer son 140\u1d49 anniversaire samedi sur le lac de G\u00e9rardmer o\u00f9 tout a commenc\u00e9 [&hellip;]\" \/>\n<meta name=\"twitter:image\" content=\"https:\/\/vosgesinfo.fr\/app\/uploads\/sites\/6\/2026\/04\/aviron-gerardmer-portes-ouvertes-140-ans-2.jpg\" \/>\n<meta name=\"twitter:creator\" content=\"@VosgesInfo88\" \/>\n<meta name=\"twitter:site\" content=\"@VosgesInfo88\" \/>\n<meta name=\"twitter:label1\" content=\"\u00c9crit par\" \/>\n\t<meta name=\"twitter:data1\" content=\"QG\" \/>\n\t<meta name=\"twitter:label2\" content=\"Dur\u00e9e de lecture estim\u00e9e\" \/>\n\t<meta name=\"twitter:data2\" content=\"4 minutes\" \/>\n<script type=\"application\/ld+json\" class=\"yoast-schema-graph\">{\"@context\":\"https:\/\/schema.org\",\"@graph\":[{\"@type\":\"Article\",\"@id\":\"https:\/\/vosgesinfo.fr\/gerardmerinfo\/2026\/04\/lasg-aviron-baptise-deux-bateaux-pour-son-140e-anniversaire\/#article\",\"isPartOf\":{\"@id\":\"https:\/\/vosgesinfo.fr\/gerardmerinfo\/2026\/04\/lasg-aviron-baptise-deux-bateaux-pour-son-140e-anniversaire\/\"},\"author\":{\"name\":\"QG\",\"@id\":\"https:\/\/vosgesinfo.fr\/gerardmerinfo\/#\/schema\/person\/db5605779a843dad16b5368f3e7613a5\"},\"headline\":\"L&rsquo;ASG aviron baptise deux bateaux pour son 140e anniversaire\",\"datePublished\":\"2026-04-26T11:37:18+00:00\",\"dateModified\":\"2026-04-26T11:37:18+00:00\",\"mainEntityOfPage\":{\"@id\":\"https:\/\/vosgesinfo.fr\/gerardmerinfo\/2026\/04\/lasg-aviron-baptise-deux-bateaux-pour-son-140e-anniversaire\/\"},\"wordCount\":565,\"commentCount\":0,\"publisher\":{\"@id\":\"https:\/\/vosgesinfo.fr\/gerardmerinfo\/#organization\"},\"image\":{\"@id\":\"https:\/\/vosgesinfo.fr\/gerardmerinfo\/2026\/04\/lasg-aviron-baptise-deux-bateaux-pour-son-140e-anniversaire\/#primaryimage\"},\"thumbnailUrl\":\"https:\/\/vosgesinfo.fr\/app\/uploads\/sites\/6\/2026\/04\/aviron-gerardmer-portes-ouvertes-140-ans-2.jpg\",\"keywords\":[\"Arnaud Tixier\",\"asg aviron\",\"Patrick M\u00e9ny\"],\"articleSection\":[\"A la une\",\"Gerardmer\",\"Sport\"],\"inLanguage\":\"fr-FR\",\"potentialAction\":[{\"@type\":\"CommentAction\",\"name\":\"Comment\",\"target\":[\"https:\/\/vosgesinfo.fr\/gerardmerinfo\/2026\/04\/lasg-aviron-baptise-deux-bateaux-pour-son-140e-anniversaire\/#respond\"]}]},{\"@type\":\"WebPage\",\"@id\":\"https:\/\/vosgesinfo.fr\/gerardmerinfo\/2026\/04\/lasg-aviron-baptise-deux-bateaux-pour-son-140e-anniversaire\/\",\"url\":\"https:\/\/vosgesinfo.fr\/gerardmerinfo\/2026\/04\/lasg-aviron-baptise-deux-bateaux-pour-son-140e-anniversaire\/\",\"name\":\"L'ASG aviron baptise deux bateaux pour son 140e anniversaire - Gerardmer Info\",\"isPartOf\":{\"@id\":\"https:\/\/vosgesinfo.fr\/gerardmerinfo\/#website\"},\"primaryImageOfPage\":{\"@id\":\"https:\/\/vosgesinfo.fr\/gerardmerinfo\/2026\/04\/lasg-aviron-baptise-deux-bateaux-pour-son-140e-anniversaire\/#primaryimage\"},\"image\":{\"@id\":\"https:\/\/vosgesinfo.fr\/gerardmerinfo\/2026\/04\/lasg-aviron-baptise-deux-bateaux-pour-son-140e-anniversaire\/#primaryimage\"},\"thumbnailUrl\":\"https:\/\/vosgesinfo.fr\/app\/uploads\/sites\/6\/2026\/04\/aviron-gerardmer-portes-ouvertes-140-ans-2.jpg\",\"datePublished\":\"2026-04-26T11:37:18+00:00\",\"dateModified\":\"2026-04-26T11:37:18+00:00\",\"breadcrumb\":{\"@id\":\"https:\/\/vosgesinfo.fr\/gerardmerinfo\/2026\/04\/lasg-aviron-baptise-deux-bateaux-pour-son-140e-anniversaire\/#breadcrumb\"},\"inLanguage\":\"fr-FR\",\"potentialAction\":[{\"@type\":\"ReadAction\",\"target\":[\"https:\/\/vosgesinfo.fr\/gerardmerinfo\/2026\/04\/lasg-aviron-baptise-deux-bateaux-pour-son-140e-anniversaire\/\"]}]},{\"@type\":\"ImageObject\",\"inLanguage\":\"fr-FR\",\"@id\":\"https:\/\/vosgesinfo.fr\/gerardmerinfo\/2026\/04\/lasg-aviron-baptise-deux-bateaux-pour-son-140e-anniversaire\/#primaryimage\",\"url\":\"https:\/\/vosgesinfo.fr\/app\/uploads\/sites\/6\/2026\/04\/aviron-gerardmer-portes-ouvertes-140-ans-2.jpg\",\"contentUrl\":\"https:\/\/vosgesinfo.fr\/app\/uploads\/sites\/6\/2026\/04\/aviron-gerardmer-portes-ouvertes-140-ans-2.jpg\",\"width\":1920,\"height\":1440},{\"@type\":\"BreadcrumbList\",\"@id\":\"https:\/\/vosgesinfo.fr\/gerardmerinfo\/2026\/04\/lasg-aviron-baptise-deux-bateaux-pour-son-140e-anniversaire\/#breadcrumb\",\"itemListElement\":[{\"@type\":\"ListItem\",\"position\":1,\"name\":\"Home\",\"item\":\"https:\/\/vosgesinfo.fr\/gerardmerinfo\/\"},{\"@type\":\"ListItem\",\"position\":2,\"name\":\"L&#8217;ASG aviron baptise deux bateaux pour son 140e anniversaire\"}]},{\"@type\":\"WebSite\",\"@id\":\"https:\/\/vosgesinfo.fr\/gerardmerinfo\/#website\",\"url\":\"https:\/\/vosgesinfo.fr\/gerardmerinfo\/\",\"name\":\"Gerardmer Info\",\"description\":\"Toute l&#039;actualit\u00e9 de G\u00e9rardmer\",\"publisher\":{\"@id\":\"https:\/\/vosgesinfo.fr\/gerardmerinfo\/#organization\"},\"alternateName\":\"Toute l'actualit\u00e9 de G\u00e9rardmer\",\"potentialAction\":[{\"@type\":\"SearchAction\",\"target\":{\"@type\":\"EntryPoint\",\"urlTemplate\":\"https:\/\/vosgesinfo.fr\/gerardmerinfo\/?s={search_term_string}\"},\"query-input\":\"required name=search_term_string\"}],\"inLanguage\":\"fr-FR\"},{\"@type\":\"Organization\",\"@id\":\"https:\/\/vosgesinfo.fr\/gerardmerinfo\/#organization\",\"name\":\"Gerardmer Info\",\"url\":\"https:\/\/vosgesinfo.fr\/gerardmerinfo\/\",\"logo\":{\"@type\":\"ImageObject\",\"inLanguage\":\"fr-FR\",\"@id\":\"https:\/\/vosgesinfo.fr\/gerardmerinfo\/#\/schema\/logo\/image\/\",\"url\":\"https:\/\/vosgesinfo.fr\/app\/uploads\/sites\/6\/2023\/08\/favicon-gerardmerinfo.png\",\"contentUrl\":\"https:\/\/vosgesinfo.fr\/app\/uploads\/sites\/6\/2023\/08\/favicon-gerardmerinfo.png\",\"width\":512,\"height\":512,\"caption\":\"Gerardmer Info\"},\"image\":{\"@id\":\"https:\/\/vosgesinfo.fr\/gerardmerinfo\/#\/schema\/logo\/image\/\"},\"sameAs\":[\"https:\/\/www.facebook.com\/profile.php?id=100049475262660\",\"https:\/\/x.com\/VosgesInfo88\",\"https:\/\/www.youtube.com\/@vosgesinfo\"]},{\"@type\":\"Person\",\"@id\":\"https:\/\/vosgesinfo.fr\/gerardmerinfo\/#\/schema\/person\/db5605779a843dad16b5368f3e7613a5\",\"name\":\"QG\",\"image\":{\"@type\":\"ImageObject\",\"inLanguage\":\"fr-FR\",\"@id\":\"https:\/\/vosgesinfo.fr\/gerardmerinfo\/#\/schema\/person\/image\/\",\"url\":\"https:\/\/secure.gravatar.com\/avatar\/ea80c42c204b534408512832fde52504ecabb9706bcb6151cf6175e5b64e6793?s=96&d=mm&r=g\",\"contentUrl\":\"https:\/\/secure.gravatar.com\/avatar\/ea80c42c204b534408512832fde52504ecabb9706bcb6151cf6175e5b64e6793?s=96&d=mm&r=g\",\"caption\":\"QG\"},\"url\":\"https:\/\/vosgesinfo.fr\/gerardmerinfo\/author\/quentin88\/\"}]}<\/script>\n<!-- \/ Yoast SEO plugin. -->","yoast_head_json":{"title":"L'ASG aviron baptise deux bateaux pour son 140e anniversaire - Gerardmer Info","robots":{"index":"index","follow":"follow","max-snippet":"max-snippet:-1","max-image-preview":"max-image-preview:large","max-video-preview":"max-video-preview:-1"},"canonical":"https:\/\/vosgesinfo.fr\/gerardmerinfo\/2026\/04\/lasg-aviron-baptise-deux-bateaux-pour-son-140e-anniversaire\/","twitter_card":"summary_large_image","twitter_title":"L'ASG aviron baptise deux bateaux pour son 140e anniversaire - Gerardmer Info","twitter_description":"L\u2019ASG aviron avait \u00e0 c\u0153ur de c\u00e9l\u00e9brer son 140\u1d49 anniversaire samedi sur le lac de G\u00e9rardmer o\u00f9 tout a commenc\u00e9 [&hellip;]","twitter_image":"https:\/\/vosgesinfo.fr\/app\/uploads\/sites\/6\/2026\/04\/aviron-gerardmer-portes-ouvertes-140-ans-2.jpg","twitter_creator":"@VosgesInfo88","twitter_site":"@VosgesInfo88","twitter_misc":{"\u00c9crit par":"QG","Dur\u00e9e de lecture estim\u00e9e":"4 minutes"},"schema":{"@context":"https:\/\/schema.org","@graph":[{"@type":"Article","@id":"https:\/\/vosgesinfo.fr\/gerardmerinfo\/2026\/04\/lasg-aviron-baptise-deux-bateaux-pour-son-140e-anniversaire\/#article","isPartOf":{"@id":"https:\/\/vosgesinfo.fr\/gerardmerinfo\/2026\/04\/lasg-aviron-baptise-deux-bateaux-pour-son-140e-anniversaire\/"},"author":{"name":"QG","@id":"https:\/\/vosgesinfo.fr\/gerardmerinfo\/#\/schema\/person\/db5605779a843dad16b5368f3e7613a5"},"headline":"L&rsquo;ASG aviron baptise deux bateaux pour son 140e anniversaire","datePublished":"2026-04-26T11:37:18+00:00","dateModified":"2026-04-26T11:37:18+00:00","mainEntityOfPage":{"@id":"https:\/\/vosgesinfo.fr\/gerardmerinfo\/2026\/04\/lasg-aviron-baptise-deux-bateaux-pour-son-140e-anniversaire\/"},"wordCount":565,"commentCount":0,"publisher":{"@id":"https:\/\/vosgesinfo.fr\/gerardmerinfo\/#organization"},"image":{"@id":"https:\/\/vosgesinfo.fr\/gerardmerinfo\/2026\/04\/lasg-aviron-baptise-deux-bateaux-pour-son-140e-anniversaire\/#primaryimage"},"thumbnailUrl":"https:\/\/vosgesinfo.fr\/app\/uploads\/sites\/6\/2026\/04\/aviron-gerardmer-portes-ouvertes-140-ans-2.jpg","keywords":["Arnaud Tixier","asg aviron","Patrick M\u00e9ny"],"articleSection":["A la une","Gerardmer","Sport"],"inLanguage":"fr-FR","potentialAction":[{"@type":"CommentAction","name":"Comment","target":["https:\/\/vosgesinfo.fr\/gerardmerinfo\/2026\/04\/lasg-aviron-baptise-deux-bateaux-pour-son-140e-anniversaire\/#respond"]}]},{"@type":"WebPage","@id":"https:\/\/vosgesinfo.fr\/gerardmerinfo\/2026\/04\/lasg-aviron-baptise-deux-bateaux-pour-son-140e-anniversaire\/","url":"https:\/\/vosgesinfo.fr\/gerardmerinfo\/2026\/04\/lasg-aviron-baptise-deux-bateaux-pour-son-140e-anniversaire\/","name":"L'ASG aviron baptise deux bateaux pour son 140e anniversaire - Gerardmer Info","isPartOf":{"@id":"https:\/\/vosgesinfo.fr\/gerardmerinfo\/#website"},"primaryImageOfPage":{"@id":"https:\/\/vosgesinfo.fr\/gerardmerinfo\/2026\/04\/lasg-aviron-baptise-deux-bateaux-pour-son-140e-anniversaire\/#primaryimage"},"image":{"@id":"https:\/\/vosgesinfo.fr\/gerardmerinfo\/2026\/04\/lasg-aviron-baptise-deux-bateaux-pour-son-140e-anniversaire\/#primaryimage"},"thumbnailUrl":"https:\/\/vosgesinfo.fr\/app\/uploads\/sites\/6\/2026\/04\/aviron-gerardmer-portes-ouvertes-140-ans-2.jpg","datePublished":"2026-04-26T11:37:18+00:00","dateModified":"2026-04-26T11:37:18+00:00","breadcrumb":{"@id":"https:\/\/vosgesinfo.fr\/gerardmerinfo\/2026\/04\/lasg-aviron-baptise-deux-bateaux-pour-son-140e-anniversaire\/#breadcrumb"},"inLanguage":"fr-FR","potentialAction":[{"@type":"ReadAction","target":["https:\/\/vosgesinfo.fr\/gerardmerinfo\/2026\/04\/lasg-aviron-baptise-deux-bateaux-pour-son-140e-anniversaire\/"]}]},{"@type":"ImageObject","inLanguage":"fr-FR","@id":"https:\/\/vosgesinfo.fr\/gerardmerinfo\/2026\/04\/lasg-aviron-baptise-deux-bateaux-pour-son-140e-anniversaire\/#primaryimage","url":"https:\/\/vosgesinfo.fr\/app\/uploads\/sites\/6\/2026\/04\/aviron-gerardmer-portes-ouvertes-140-ans-2.jpg","contentUrl":"https:\/\/vosgesinfo.fr\/app\/uploads\/sites\/6\/2026\/04\/aviron-gerardmer-portes-ouvertes-140-ans-2.jpg","width":1920,"height":1440},{"@type":"BreadcrumbList","@id":"https:\/\/vosgesinfo.fr\/gerardmerinfo\/2026\/04\/lasg-aviron-baptise-deux-bateaux-pour-son-140e-anniversaire\/#breadcrumb","itemListElement":[{"@type":"ListItem","position":1,"name":"Home","item":"https:\/\/vosgesinfo.fr\/gerardmerinfo\/"},{"@type":"ListItem","position":2,"name":"L&#8217;ASG aviron baptise deux bateaux pour son 140e anniversaire"}]},{"@type":"WebSite","@id":"https:\/\/vosgesinfo.fr\/gerardmerinfo\/#website","url":"https:\/\/vosgesinfo.fr\/gerardmerinfo\/","name":"Gerardmer Info","description":"Toute l&#039;actualit\u00e9 de G\u00e9rardmer","publisher":{"@id":"https:\/\/vosgesinfo.fr\/gerardmerinfo\/#organization"},"alternateName":"Toute l'actualit\u00e9 de G\u00e9rardmer","potentialAction":[{"@type":"SearchAction","target":{"@type":"EntryPoint","urlTemplate":"https:\/\/vosgesinfo.fr\/gerardmerinfo\/?s={search_term_string}"},"query-input":"required name=search_term_string"}],"inLanguage":"fr-FR"},{"@type":"Organization","@id":"https:\/\/vosgesinfo.fr\/gerardmerinfo\/#organization","name":"Gerardmer Info","url":"https:\/\/vosgesinfo.fr\/gerardmerinfo\/","logo":{"@type":"ImageObject","inLanguage":"fr-FR","@id":"https:\/\/vosgesinfo.fr\/gerardmerinfo\/#\/schema\/logo\/image\/","url":"https:\/\/vosgesinfo.fr\/app\/uploads\/sites\/6\/2023\/08\/favicon-gerardmerinfo.png","contentUrl":"https:\/\/vosgesinfo.fr\/app\/uploads\/sites\/6\/2023\/08\/favicon-gerardmerinfo.png","width":512,"height":512,"caption":"Gerardmer Info"},"image":{"@id":"https:\/\/vosgesinfo.fr\/gerardmerinfo\/#\/schema\/logo\/image\/"},"sameAs":["https:\/\/www.facebook.com\/profile.php?id=100049475262660","https:\/\/x.com\/VosgesInfo88","https:\/\/www.youtube.com\/@vosgesinfo"]},{"@type":"Person","@id":"https:\/\/vosgesinfo.fr\/gerardmerinfo\/#\/schema\/person\/db5605779a843dad16b5368f3e7613a5","name":"QG","image":{"@type":"ImageObject","inLanguage":"fr-FR","@id":"https:\/\/vosgesinfo.fr\/gerardmerinfo\/#\/schema\/person\/image\/","url":"https:\/\/secure.gravatar.com\/avatar\/ea80c42c204b534408512832fde52504ecabb9706bcb6151cf6175e5b64e6793?s=96&d=mm&r=g","contentUrl":"https:\/\/secure.gravatar.com\/avatar\/ea80c42c204b534408512832fde52504ecabb9706bcb6151cf6175e5b64e6793?s=96&d=mm&r=g","caption":"QG"},"url":"https:\/\/vosgesinfo.fr\/gerardmerinfo\/author\/quentin88\/"}]}},"_links":{"self":[{"href":"https:\/\/vosgesinfo.fr\/gerardmerinfo\/wp-json\/wp\/v2\/posts\/90722","targetHints":{"allow":["GET"]}}],"collection":[{"href":"https:\/\/vosgesinfo.fr\/gerardmerinfo\/wp-json\/wp\/v2\/posts"}],"about":[{"href":"https:\/\/vosgesinfo.fr\/gerardmerinfo\/wp-json\/wp\/v2\/types\/post"}],"author":[{"embeddable":true,"href":"https:\/\/vosgesinfo.fr\/gerardmerinfo\/wp-json\/wp\/v2\/users\/42"}],"replies":[{"embeddable":true,"href":"https:\/\/vosgesinfo.fr\/gerardmerinfo\/wp-json\/wp\/v2\/comments?post=90722"}],"version-history":[{"count":6,"href":"https:\/\/vosgesinfo.fr\/gerardmerinfo\/wp-json\/wp\/v2\/posts\/90722\/revisions"}],"predecessor-version":[{"id":90749,"href":"https:\/\/vosgesinfo.fr\/gerardmerinfo\/wp-json\/wp\/v2\/posts\/90722\/revisions\/90749"}],"wp:featuredmedia":[{"embeddable":true,"href":"https:\/\/vosgesinfo.fr\/gerardmerinfo\/wp-json\/wp\/v2\/media\/90729"}],"wp:attachment":[{"href":"https:\/\/vosgesinfo.fr\/gerardmerinfo\/wp-json\/wp\/v2\/media?parent=90722"}],"wp:term":[{"taxonomy":"category","embeddable":true,"href":"https:\/\/vosgesinfo.fr\/gerardmerinfo\/wp-json\/wp\/v2\/categories?post=90722"},{"taxonomy":"post_tag","embeddable":true,"href":"https:\/\/vosgesinfo.fr\/gerardmerinfo\/wp-json\/wp\/v2\/tags?post=90722"}],"curies":[{"name":"wp","href":"https:\/\/api.w.org\/{rel}","templated":true}]}}