{"id":90766,"date":"2026-04-27T12:03:26","date_gmt":"2026-04-27T10:03:26","guid":{"rendered":"https:\/\/vosgesinfo.fr\/gerardmerinfo\/?p=90766"},"modified":"2026-04-27T11:20:54","modified_gmt":"2026-04-27T09:20:54","slug":"chloe-nicot-rejoint-lequipe-de-france-et-devient-salariee-de-lasg","status":"publish","type":"post","link":"https:\/\/vosgesinfo.fr\/gerardmerinfo\/2026\/04\/chloe-nicot-rejoint-lequipe-de-france-et-devient-salariee-de-lasg\/","title":{"rendered":"Chlo\u00e9 Nicot rejoint l&rsquo;\u00e9quipe de France et devient salari\u00e9e de l&rsquo;ASG"},"content":{"rendered":"<p data-pm-slice=\"1 1 []\"><strong><a href=\"https:\/\/vosgesinfo.fr\/app\/uploads\/sites\/6\/2026\/04\/chloe-nicot-asg-canoe-kayak.jpg\"><img decoding=\"async\" class=\"aligncenter size-large wp-image-90767\" src=\"https:\/\/vosgesinfo.fr\/app\/uploads\/sites\/6\/2026\/04\/chloe-nicot-asg-canoe-kayak-1024x768.jpg\" alt=\"\" width=\"1024\" height=\"768\" srcset=\"https:\/\/vosgesinfo.fr\/app\/uploads\/sites\/6\/2026\/04\/chloe-nicot-asg-canoe-kayak-1024x768.jpg 1024w, https:\/\/vosgesinfo.fr\/app\/uploads\/sites\/6\/2026\/04\/chloe-nicot-asg-canoe-kayak-300x225.jpg 300w, https:\/\/vosgesinfo.fr\/app\/uploads\/sites\/6\/2026\/04\/chloe-nicot-asg-canoe-kayak-768x576.jpg 768w, https:\/\/vosgesinfo.fr\/app\/uploads\/sites\/6\/2026\/04\/chloe-nicot-asg-canoe-kayak-1536x1152.jpg 1536w, https:\/\/vosgesinfo.fr\/app\/uploads\/sites\/6\/2026\/04\/chloe-nicot-asg-canoe-kayak.jpg 1920w\" sizes=\"(max-width: 1024px) 100vw, 1024px\" \/><\/a><\/strong><\/p>\n<p data-pm-slice=\"1 1 []\"><strong>Dimanche matin, la jeune kayakiste Chlo\u00e9 Nicot, athl\u00e8te en C1, avait rendez-vous avec le pr\u00e9sident de l&rsquo;ASG Cano\u00eb-Kayak Esteban George afin de proc\u00e9der \u00e0 la signature du contrat de professionnalisation qui la lie \u00e0 son club. Ce CDD va contribuer \u00e0 lui apporter le soutien financier n\u00e9cessaire \u00e0 la poursuite de ses objectifs sportifs, elle\u00a0qui ambitionne une participation aux JO de Los Angeles en 2028.<\/strong><\/p>\n<p>rendez-vous \u00e9tait donn\u00e9 \u00e0 la BASE NAUTIQUE avec Chlo\u00e9, qui rentrait tout juste des s\u00e9lections pour entrer en \u00e9quipe de France seniors qui avaient lieu \u00e0 Vaires-sur-Marne. Sans surprise, la G\u00e9r\u00f4moise \u00e2g\u00e9e de 19 ans a \u00e9t\u00e9 retenue pour int\u00e9grer le groupe tricolore et ira disputer deux manches de Coupe du monde d\u00e8s le mois de mai : en Hongrie du 6 au 11 mai, puis en Allemagne \u00e0 Brandebourg du 14 au 18 mai. Grosse \u00e9ch\u00e9ance \u00e9galement du 9 au 15 juin avec les championnats d&rsquo;Europe qui auront lieu au Portugal, avec peut-\u00eatre une participation aux championnats du monde selon les r\u00e9sultats obtenus. Un beau programme pour Chlo\u00e9, sachant que la saison 2026 symbolise le d\u00e9but d&rsquo;un long processus de s\u00e9lection et de qualification pour les JO 2028. Elle a d\u00e9j\u00e0 r\u00e9alis\u00e9 un d\u00e9but de saison id\u00e9al avec 100 % de victoires sur les premi\u00e8res courses nationales ainsi qu&rsquo;un titre de championne de France C1 sur le format 5000 m d\u00e9but avril.<\/p>\n<p>Mais pour pouvoir se concentrer \u00e0 100 % sur ses objectifs et notamment ne pas courir apr\u00e8s l&rsquo;argent, elle qui suit \u00e9galement des \u00e9tudes de Droit \u00e0 Nancy, Chlo\u00e9 a besoin d&rsquo;un soutien financier que ce contrat de professionnalisation avec son club va contribuer \u00e0 lui apporter. \u00ab\u00a0Chlo\u00e9 est cibl\u00e9e par l&rsquo;ANS (Agence Nationale du Sport), qui favorise le sport de haut niveau dans le cadre de la strat\u00e9gie de l\u2019\u00c9tat. Le club va embaucher Chlo\u00e9 en CDD afin qu&rsquo;elle puisse continuer sa pratique sportive et ses \u00e9tudes dans des conditions financi\u00e8res plus simples. L&rsquo;ANS subventionne ce contrat \u00e0 hauteur de 15 000\u20ac, \u00e0 charge du club de trouver les subventions pour compl\u00e9ter le co\u00fbt d&rsquo;un CDD qui est d&rsquo;environ 22 000\u20ac \u00e0 l&rsquo;ann\u00e9e\u00a0\u00bb, pr\u00e9cise Esteban George, ajoutant que ce CDD sera renouvelable chaque ann\u00e9e si Chlo\u00e9 poursuit dans cette voie. Le club va donc faire appel aux diff\u00e9rentes collectivit\u00e9s (d\u00e9partement, r\u00e9gion, etc.) pour trouver les 7 000 \u20ac n\u00e9cessaires afin de soutenir celle qui est devenue l&rsquo;un des porte-\u00e9tendards de la discipline au niveau national. Et c&rsquo;est d\u00e9j\u00e0 une belle r\u00e9ussite pour celle qui a commenc\u00e9 au club \u00e0 l&rsquo;\u00e2ge de 6 ans !<\/p>\n<p><strong>Pour rappel le palmar\u00e8s de Chlo\u00e9 :<\/strong><br \/>\n&#8211; Championne d&rsquo;Europe de C1 junior en 2024<br \/>\n&#8211; 4\u00e8me aux championnats du monde de C1 junior en 2024<br \/>\n&#8211; Championne d&rsquo;Europe de C2 U23 en 2025<br \/>\n&#8211; 3\u00e8me aux championnats d&rsquo;Europe en C1 U23 en 2025<\/p>\n","protected":false},"excerpt":{"rendered":"<p>Dimanche matin, la jeune kayakiste Chlo\u00e9 Nicot, athl\u00e8te en C1, avait rendez-vous avec le pr\u00e9sident de l&rsquo;ASG Cano\u00eb-Kayak Esteban George [&hellip;]<\/p>\n","protected":false},"author":42,"featured_media":90767,"comment_status":"open","ping_status":"open","sticky":false,"template":"","format":"standard","meta":{"footnotes":""},"categories":[20,25,5647,14],"tags":[249,753,8566],"class_list":["post-90766","post","type-post","status-publish","format-standard","has-post-thumbnail","hentry","category-a-la-une","category-gerardmer","category-gerardmer-autres-sites","category-sport","tag-asg-canoe-kayak","tag-chloe-nicot","tag-esteban-george"],"acf":[],"yoast_head":"<!-- This site is optimized with the Yoast SEO plugin v22.5 - https:\/\/yoast.com\/wordpress\/plugins\/seo\/ -->\n<title>Chlo\u00e9 Nicot rejoint l&#039;\u00e9quipe de France et devient salari\u00e9e de l&#039;ASG - Gerardmer Info<\/title>\n<meta name=\"robots\" content=\"index, follow, max-snippet:-1, max-image-preview:large, max-video-preview:-1\" \/>\n<link rel=\"canonical\" href=\"https:\/\/vosgesinfo.fr\/gerardmerinfo\/2026\/04\/chloe-nicot-rejoint-lequipe-de-france-et-devient-salariee-de-lasg\/\" \/>\n<meta name=\"twitter:card\" content=\"summary_large_image\" \/>\n<meta name=\"twitter:title\" content=\"Chlo\u00e9 Nicot rejoint l&#039;\u00e9quipe de France et devient salari\u00e9e de l&#039;ASG - Gerardmer Info\" \/>\n<meta name=\"twitter:description\" content=\"Dimanche matin, la jeune kayakiste Chlo\u00e9 Nicot, athl\u00e8te en C1, avait rendez-vous avec le pr\u00e9sident de l&rsquo;ASG Cano\u00eb-Kayak Esteban George [&hellip;]\" \/>\n<meta name=\"twitter:image\" content=\"https:\/\/vosgesinfo.fr\/app\/uploads\/sites\/6\/2026\/04\/chloe-nicot-asg-canoe-kayak.jpg\" \/>\n<meta name=\"twitter:creator\" content=\"@VosgesInfo88\" \/>\n<meta name=\"twitter:site\" content=\"@VosgesInfo88\" \/>\n<meta name=\"twitter:label1\" content=\"\u00c9crit par\" \/>\n\t<meta name=\"twitter:data1\" content=\"QG\" \/>\n\t<meta name=\"twitter:label2\" content=\"Dur\u00e9e de lecture estim\u00e9e\" \/>\n\t<meta name=\"twitter:data2\" content=\"3 minutes\" \/>\n<script type=\"application\/ld+json\" class=\"yoast-schema-graph\">{\"@context\":\"https:\/\/schema.org\",\"@graph\":[{\"@type\":\"Article\",\"@id\":\"https:\/\/vosgesinfo.fr\/gerardmerinfo\/2026\/04\/chloe-nicot-rejoint-lequipe-de-france-et-devient-salariee-de-lasg\/#article\",\"isPartOf\":{\"@id\":\"https:\/\/vosgesinfo.fr\/gerardmerinfo\/2026\/04\/chloe-nicot-rejoint-lequipe-de-france-et-devient-salariee-de-lasg\/\"},\"author\":{\"name\":\"QG\",\"@id\":\"https:\/\/vosgesinfo.fr\/gerardmerinfo\/#\/schema\/person\/db5605779a843dad16b5368f3e7613a5\"},\"headline\":\"Chlo\u00e9 Nicot rejoint l&rsquo;\u00e9quipe de France et devient salari\u00e9e de l&rsquo;ASG\",\"datePublished\":\"2026-04-27T10:03:26+00:00\",\"dateModified\":\"2026-04-27T09:20:54+00:00\",\"mainEntityOfPage\":{\"@id\":\"https:\/\/vosgesinfo.fr\/gerardmerinfo\/2026\/04\/chloe-nicot-rejoint-lequipe-de-france-et-devient-salariee-de-lasg\/\"},\"wordCount\":497,\"commentCount\":0,\"publisher\":{\"@id\":\"https:\/\/vosgesinfo.fr\/gerardmerinfo\/#organization\"},\"image\":{\"@id\":\"https:\/\/vosgesinfo.fr\/gerardmerinfo\/2026\/04\/chloe-nicot-rejoint-lequipe-de-france-et-devient-salariee-de-lasg\/#primaryimage\"},\"thumbnailUrl\":\"https:\/\/vosgesinfo.fr\/app\/uploads\/sites\/6\/2026\/04\/chloe-nicot-asg-canoe-kayak.jpg\",\"keywords\":[\"asg canoe kayak\",\"chlo\u00e9 nicot\",\"Esteban George\"],\"articleSection\":[\"A la une\",\"G\u00e9rardmer\",\"Gerardmer\",\"Sport\"],\"inLanguage\":\"fr-FR\",\"potentialAction\":[{\"@type\":\"CommentAction\",\"name\":\"Comment\",\"target\":[\"https:\/\/vosgesinfo.fr\/gerardmerinfo\/2026\/04\/chloe-nicot-rejoint-lequipe-de-france-et-devient-salariee-de-lasg\/#respond\"]}]},{\"@type\":\"WebPage\",\"@id\":\"https:\/\/vosgesinfo.fr\/gerardmerinfo\/2026\/04\/chloe-nicot-rejoint-lequipe-de-france-et-devient-salariee-de-lasg\/\",\"url\":\"https:\/\/vosgesinfo.fr\/gerardmerinfo\/2026\/04\/chloe-nicot-rejoint-lequipe-de-france-et-devient-salariee-de-lasg\/\",\"name\":\"Chlo\u00e9 Nicot rejoint l'\u00e9quipe de France et devient salari\u00e9e de l'ASG - Gerardmer Info\",\"isPartOf\":{\"@id\":\"https:\/\/vosgesinfo.fr\/gerardmerinfo\/#website\"},\"primaryImageOfPage\":{\"@id\":\"https:\/\/vosgesinfo.fr\/gerardmerinfo\/2026\/04\/chloe-nicot-rejoint-lequipe-de-france-et-devient-salariee-de-lasg\/#primaryimage\"},\"image\":{\"@id\":\"https:\/\/vosgesinfo.fr\/gerardmerinfo\/2026\/04\/chloe-nicot-rejoint-lequipe-de-france-et-devient-salariee-de-lasg\/#primaryimage\"},\"thumbnailUrl\":\"https:\/\/vosgesinfo.fr\/app\/uploads\/sites\/6\/2026\/04\/chloe-nicot-asg-canoe-kayak.jpg\",\"datePublished\":\"2026-04-27T10:03:26+00:00\",\"dateModified\":\"2026-04-27T09:20:54+00:00\",\"breadcrumb\":{\"@id\":\"https:\/\/vosgesinfo.fr\/gerardmerinfo\/2026\/04\/chloe-nicot-rejoint-lequipe-de-france-et-devient-salariee-de-lasg\/#breadcrumb\"},\"inLanguage\":\"fr-FR\",\"potentialAction\":[{\"@type\":\"ReadAction\",\"target\":[\"https:\/\/vosgesinfo.fr\/gerardmerinfo\/2026\/04\/chloe-nicot-rejoint-lequipe-de-france-et-devient-salariee-de-lasg\/\"]}]},{\"@type\":\"ImageObject\",\"inLanguage\":\"fr-FR\",\"@id\":\"https:\/\/vosgesinfo.fr\/gerardmerinfo\/2026\/04\/chloe-nicot-rejoint-lequipe-de-france-et-devient-salariee-de-lasg\/#primaryimage\",\"url\":\"https:\/\/vosgesinfo.fr\/app\/uploads\/sites\/6\/2026\/04\/chloe-nicot-asg-canoe-kayak.jpg\",\"contentUrl\":\"https:\/\/vosgesinfo.fr\/app\/uploads\/sites\/6\/2026\/04\/chloe-nicot-asg-canoe-kayak.jpg\",\"width\":1920,\"height\":1440},{\"@type\":\"BreadcrumbList\",\"@id\":\"https:\/\/vosgesinfo.fr\/gerardmerinfo\/2026\/04\/chloe-nicot-rejoint-lequipe-de-france-et-devient-salariee-de-lasg\/#breadcrumb\",\"itemListElement\":[{\"@type\":\"ListItem\",\"position\":1,\"name\":\"Home\",\"item\":\"https:\/\/vosgesinfo.fr\/gerardmerinfo\/\"},{\"@type\":\"ListItem\",\"position\":2,\"name\":\"Chlo\u00e9 Nicot rejoint l&rsquo;\u00e9quipe de France et devient salari\u00e9e de l&rsquo;ASG\"}]},{\"@type\":\"WebSite\",\"@id\":\"https:\/\/vosgesinfo.fr\/gerardmerinfo\/#website\",\"url\":\"https:\/\/vosgesinfo.fr\/gerardmerinfo\/\",\"name\":\"Gerardmer Info\",\"description\":\"Toute l&#039;actualit\u00e9 de G\u00e9rardmer\",\"publisher\":{\"@id\":\"https:\/\/vosgesinfo.fr\/gerardmerinfo\/#organization\"},\"alternateName\":\"Toute l'actualit\u00e9 de G\u00e9rardmer\",\"potentialAction\":[{\"@type\":\"SearchAction\",\"target\":{\"@type\":\"EntryPoint\",\"urlTemplate\":\"https:\/\/vosgesinfo.fr\/gerardmerinfo\/?s={search_term_string}\"},\"query-input\":\"required name=search_term_string\"}],\"inLanguage\":\"fr-FR\"},{\"@type\":\"Organization\",\"@id\":\"https:\/\/vosgesinfo.fr\/gerardmerinfo\/#organization\",\"name\":\"Gerardmer Info\",\"url\":\"https:\/\/vosgesinfo.fr\/gerardmerinfo\/\",\"logo\":{\"@type\":\"ImageObject\",\"inLanguage\":\"fr-FR\",\"@id\":\"https:\/\/vosgesinfo.fr\/gerardmerinfo\/#\/schema\/logo\/image\/\",\"url\":\"https:\/\/vosgesinfo.fr\/app\/uploads\/sites\/6\/2023\/08\/favicon-gerardmerinfo.png\",\"contentUrl\":\"https:\/\/vosgesinfo.fr\/app\/uploads\/sites\/6\/2023\/08\/favicon-gerardmerinfo.png\",\"width\":512,\"height\":512,\"caption\":\"Gerardmer Info\"},\"image\":{\"@id\":\"https:\/\/vosgesinfo.fr\/gerardmerinfo\/#\/schema\/logo\/image\/\"},\"sameAs\":[\"https:\/\/www.facebook.com\/profile.php?id=100049475262660\",\"https:\/\/x.com\/VosgesInfo88\",\"https:\/\/www.youtube.com\/@vosgesinfo\"]},{\"@type\":\"Person\",\"@id\":\"https:\/\/vosgesinfo.fr\/gerardmerinfo\/#\/schema\/person\/db5605779a843dad16b5368f3e7613a5\",\"name\":\"QG\",\"image\":{\"@type\":\"ImageObject\",\"inLanguage\":\"fr-FR\",\"@id\":\"https:\/\/vosgesinfo.fr\/gerardmerinfo\/#\/schema\/person\/image\/\",\"url\":\"https:\/\/secure.gravatar.com\/avatar\/ea80c42c204b534408512832fde52504ecabb9706bcb6151cf6175e5b64e6793?s=96&d=mm&r=g\",\"contentUrl\":\"https:\/\/secure.gravatar.com\/avatar\/ea80c42c204b534408512832fde52504ecabb9706bcb6151cf6175e5b64e6793?s=96&d=mm&r=g\",\"caption\":\"QG\"},\"url\":\"https:\/\/vosgesinfo.fr\/gerardmerinfo\/author\/quentin88\/\"}]}<\/script>\n<!-- \/ Yoast SEO plugin. -->","yoast_head_json":{"title":"Chlo\u00e9 Nicot rejoint l'\u00e9quipe de France et devient salari\u00e9e de l'ASG - Gerardmer Info","robots":{"index":"index","follow":"follow","max-snippet":"max-snippet:-1","max-image-preview":"max-image-preview:large","max-video-preview":"max-video-preview:-1"},"canonical":"https:\/\/vosgesinfo.fr\/gerardmerinfo\/2026\/04\/chloe-nicot-rejoint-lequipe-de-france-et-devient-salariee-de-lasg\/","twitter_card":"summary_large_image","twitter_title":"Chlo\u00e9 Nicot rejoint l'\u00e9quipe de France et devient salari\u00e9e de l'ASG - Gerardmer Info","twitter_description":"Dimanche matin, la jeune kayakiste Chlo\u00e9 Nicot, athl\u00e8te en C1, avait rendez-vous avec le pr\u00e9sident de l&rsquo;ASG Cano\u00eb-Kayak Esteban George [&hellip;]","twitter_image":"https:\/\/vosgesinfo.fr\/app\/uploads\/sites\/6\/2026\/04\/chloe-nicot-asg-canoe-kayak.jpg","twitter_creator":"@VosgesInfo88","twitter_site":"@VosgesInfo88","twitter_misc":{"\u00c9crit par":"QG","Dur\u00e9e de lecture estim\u00e9e":"3 minutes"},"schema":{"@context":"https:\/\/schema.org","@graph":[{"@type":"Article","@id":"https:\/\/vosgesinfo.fr\/gerardmerinfo\/2026\/04\/chloe-nicot-rejoint-lequipe-de-france-et-devient-salariee-de-lasg\/#article","isPartOf":{"@id":"https:\/\/vosgesinfo.fr\/gerardmerinfo\/2026\/04\/chloe-nicot-rejoint-lequipe-de-france-et-devient-salariee-de-lasg\/"},"author":{"name":"QG","@id":"https:\/\/vosgesinfo.fr\/gerardmerinfo\/#\/schema\/person\/db5605779a843dad16b5368f3e7613a5"},"headline":"Chlo\u00e9 Nicot rejoint l&rsquo;\u00e9quipe de France et devient salari\u00e9e de l&rsquo;ASG","datePublished":"2026-04-27T10:03:26+00:00","dateModified":"2026-04-27T09:20:54+00:00","mainEntityOfPage":{"@id":"https:\/\/vosgesinfo.fr\/gerardmerinfo\/2026\/04\/chloe-nicot-rejoint-lequipe-de-france-et-devient-salariee-de-lasg\/"},"wordCount":497,"commentCount":0,"publisher":{"@id":"https:\/\/vosgesinfo.fr\/gerardmerinfo\/#organization"},"image":{"@id":"https:\/\/vosgesinfo.fr\/gerardmerinfo\/2026\/04\/chloe-nicot-rejoint-lequipe-de-france-et-devient-salariee-de-lasg\/#primaryimage"},"thumbnailUrl":"https:\/\/vosgesinfo.fr\/app\/uploads\/sites\/6\/2026\/04\/chloe-nicot-asg-canoe-kayak.jpg","keywords":["asg canoe kayak","chlo\u00e9 nicot","Esteban George"],"articleSection":["A la une","G\u00e9rardmer","Gerardmer","Sport"],"inLanguage":"fr-FR","potentialAction":[{"@type":"CommentAction","name":"Comment","target":["https:\/\/vosgesinfo.fr\/gerardmerinfo\/2026\/04\/chloe-nicot-rejoint-lequipe-de-france-et-devient-salariee-de-lasg\/#respond"]}]},{"@type":"WebPage","@id":"https:\/\/vosgesinfo.fr\/gerardmerinfo\/2026\/04\/chloe-nicot-rejoint-lequipe-de-france-et-devient-salariee-de-lasg\/","url":"https:\/\/vosgesinfo.fr\/gerardmerinfo\/2026\/04\/chloe-nicot-rejoint-lequipe-de-france-et-devient-salariee-de-lasg\/","name":"Chlo\u00e9 Nicot rejoint l'\u00e9quipe de France et devient salari\u00e9e de l'ASG - Gerardmer Info","isPartOf":{"@id":"https:\/\/vosgesinfo.fr\/gerardmerinfo\/#website"},"primaryImageOfPage":{"@id":"https:\/\/vosgesinfo.fr\/gerardmerinfo\/2026\/04\/chloe-nicot-rejoint-lequipe-de-france-et-devient-salariee-de-lasg\/#primaryimage"},"image":{"@id":"https:\/\/vosgesinfo.fr\/gerardmerinfo\/2026\/04\/chloe-nicot-rejoint-lequipe-de-france-et-devient-salariee-de-lasg\/#primaryimage"},"thumbnailUrl":"https:\/\/vosgesinfo.fr\/app\/uploads\/sites\/6\/2026\/04\/chloe-nicot-asg-canoe-kayak.jpg","datePublished":"2026-04-27T10:03:26+00:00","dateModified":"2026-04-27T09:20:54+00:00","breadcrumb":{"@id":"https:\/\/vosgesinfo.fr\/gerardmerinfo\/2026\/04\/chloe-nicot-rejoint-lequipe-de-france-et-devient-salariee-de-lasg\/#breadcrumb"},"inLanguage":"fr-FR","potentialAction":[{"@type":"ReadAction","target":["https:\/\/vosgesinfo.fr\/gerardmerinfo\/2026\/04\/chloe-nicot-rejoint-lequipe-de-france-et-devient-salariee-de-lasg\/"]}]},{"@type":"ImageObject","inLanguage":"fr-FR","@id":"https:\/\/vosgesinfo.fr\/gerardmerinfo\/2026\/04\/chloe-nicot-rejoint-lequipe-de-france-et-devient-salariee-de-lasg\/#primaryimage","url":"https:\/\/vosgesinfo.fr\/app\/uploads\/sites\/6\/2026\/04\/chloe-nicot-asg-canoe-kayak.jpg","contentUrl":"https:\/\/vosgesinfo.fr\/app\/uploads\/sites\/6\/2026\/04\/chloe-nicot-asg-canoe-kayak.jpg","width":1920,"height":1440},{"@type":"BreadcrumbList","@id":"https:\/\/vosgesinfo.fr\/gerardmerinfo\/2026\/04\/chloe-nicot-rejoint-lequipe-de-france-et-devient-salariee-de-lasg\/#breadcrumb","itemListElement":[{"@type":"ListItem","position":1,"name":"Home","item":"https:\/\/vosgesinfo.fr\/gerardmerinfo\/"},{"@type":"ListItem","position":2,"name":"Chlo\u00e9 Nicot rejoint l&rsquo;\u00e9quipe de France et devient salari\u00e9e de l&rsquo;ASG"}]},{"@type":"WebSite","@id":"https:\/\/vosgesinfo.fr\/gerardmerinfo\/#website","url":"https:\/\/vosgesinfo.fr\/gerardmerinfo\/","name":"Gerardmer Info","description":"Toute l&#039;actualit\u00e9 de G\u00e9rardmer","publisher":{"@id":"https:\/\/vosgesinfo.fr\/gerardmerinfo\/#organization"},"alternateName":"Toute l'actualit\u00e9 de G\u00e9rardmer","potentialAction":[{"@type":"SearchAction","target":{"@type":"EntryPoint","urlTemplate":"https:\/\/vosgesinfo.fr\/gerardmerinfo\/?s={search_term_string}"},"query-input":"required name=search_term_string"}],"inLanguage":"fr-FR"},{"@type":"Organization","@id":"https:\/\/vosgesinfo.fr\/gerardmerinfo\/#organization","name":"Gerardmer Info","url":"https:\/\/vosgesinfo.fr\/gerardmerinfo\/","logo":{"@type":"ImageObject","inLanguage":"fr-FR","@id":"https:\/\/vosgesinfo.fr\/gerardmerinfo\/#\/schema\/logo\/image\/","url":"https:\/\/vosgesinfo.fr\/app\/uploads\/sites\/6\/2023\/08\/favicon-gerardmerinfo.png","contentUrl":"https:\/\/vosgesinfo.fr\/app\/uploads\/sites\/6\/2023\/08\/favicon-gerardmerinfo.png","width":512,"height":512,"caption":"Gerardmer Info"},"image":{"@id":"https:\/\/vosgesinfo.fr\/gerardmerinfo\/#\/schema\/logo\/image\/"},"sameAs":["https:\/\/www.facebook.com\/profile.php?id=100049475262660","https:\/\/x.com\/VosgesInfo88","https:\/\/www.youtube.com\/@vosgesinfo"]},{"@type":"Person","@id":"https:\/\/vosgesinfo.fr\/gerardmerinfo\/#\/schema\/person\/db5605779a843dad16b5368f3e7613a5","name":"QG","image":{"@type":"ImageObject","inLanguage":"fr-FR","@id":"https:\/\/vosgesinfo.fr\/gerardmerinfo\/#\/schema\/person\/image\/","url":"https:\/\/secure.gravatar.com\/avatar\/ea80c42c204b534408512832fde52504ecabb9706bcb6151cf6175e5b64e6793?s=96&d=mm&r=g","contentUrl":"https:\/\/secure.gravatar.com\/avatar\/ea80c42c204b534408512832fde52504ecabb9706bcb6151cf6175e5b64e6793?s=96&d=mm&r=g","caption":"QG"},"url":"https:\/\/vosgesinfo.fr\/gerardmerinfo\/author\/quentin88\/"}]}},"_links":{"self":[{"href":"https:\/\/vosgesinfo.fr\/gerardmerinfo\/wp-json\/wp\/v2\/posts\/90766","targetHints":{"allow":["GET"]}}],"collection":[{"href":"https:\/\/vosgesinfo.fr\/gerardmerinfo\/wp-json\/wp\/v2\/posts"}],"about":[{"href":"https:\/\/vosgesinfo.fr\/gerardmerinfo\/wp-json\/wp\/v2\/types\/post"}],"author":[{"embeddable":true,"href":"https:\/\/vosgesinfo.fr\/gerardmerinfo\/wp-json\/wp\/v2\/users\/42"}],"replies":[{"embeddable":true,"href":"https:\/\/vosgesinfo.fr\/gerardmerinfo\/wp-json\/wp\/v2\/comments?post=90766"}],"version-history":[{"count":4,"href":"https:\/\/vosgesinfo.fr\/gerardmerinfo\/wp-json\/wp\/v2\/posts\/90766\/revisions"}],"predecessor-version":[{"id":90781,"href":"https:\/\/vosgesinfo.fr\/gerardmerinfo\/wp-json\/wp\/v2\/posts\/90766\/revisions\/90781"}],"wp:featuredmedia":[{"embeddable":true,"href":"https:\/\/vosgesinfo.fr\/gerardmerinfo\/wp-json\/wp\/v2\/media\/90767"}],"wp:attachment":[{"href":"https:\/\/vosgesinfo.fr\/gerardmerinfo\/wp-json\/wp\/v2\/media?parent=90766"}],"wp:term":[{"taxonomy":"category","embeddable":true,"href":"https:\/\/vosgesinfo.fr\/gerardmerinfo\/wp-json\/wp\/v2\/categories?post=90766"},{"taxonomy":"post_tag","embeddable":true,"href":"https:\/\/vosgesinfo.fr\/gerardmerinfo\/wp-json\/wp\/v2\/tags?post=90766"}],"curies":[{"name":"wp","href":"https:\/\/api.w.org\/{rel}","templated":true}]}}