{"id":90782,"date":"2026-04-29T05:55:52","date_gmt":"2026-04-29T03:55:52","guid":{"rendered":"https:\/\/vosgesinfo.fr\/gerardmerinfo\/?p=90782"},"modified":"2026-04-27T11:33:07","modified_gmt":"2026-04-27T09:33:07","slug":"19eme-edition-du-festival-mai-en-scenes-a-gerardmer","status":"publish","type":"post","link":"https:\/\/vosgesinfo.fr\/gerardmerinfo\/2026\/04\/19eme-edition-du-festival-mai-en-scenes-a-gerardmer\/","title":{"rendered":"19\u00e8me \u00e9dition du Festival Mai en Sc\u00e8nes \u00e0 G\u00e9rardmer"},"content":{"rendered":"<p><a href=\"https:\/\/vosgesinfo.fr\/app\/uploads\/sites\/6\/2026\/04\/bandeau1.jpg\"><img decoding=\"async\" class=\"aligncenter size-large wp-image-90783\" src=\"https:\/\/vosgesinfo.fr\/app\/uploads\/sites\/6\/2026\/04\/bandeau1-1024x536.jpg\" alt=\"\" width=\"1024\" height=\"536\" srcset=\"https:\/\/vosgesinfo.fr\/app\/uploads\/sites\/6\/2026\/04\/bandeau1-1024x536.jpg 1024w, https:\/\/vosgesinfo.fr\/app\/uploads\/sites\/6\/2026\/04\/bandeau1-300x157.jpg 300w, https:\/\/vosgesinfo.fr\/app\/uploads\/sites\/6\/2026\/04\/bandeau1-768x402.jpg 768w, https:\/\/vosgesinfo.fr\/app\/uploads\/sites\/6\/2026\/04\/bandeau1-1536x804.jpg 1536w, https:\/\/vosgesinfo.fr\/app\/uploads\/sites\/6\/2026\/04\/bandeau1.jpg 1920w\" sizes=\"(max-width: 1024px) 100vw, 1024px\" \/><\/a><\/p>\n<p><strong>La Compagnie de th\u00e9\u00e2tre Le Plateau Ivre et la MCL de G\u00e9rardmer pr\u00e9sentent la 19\u00e8me \u00e9dition du Festival Mai en Sc\u00e8nes \u00e0 G\u00e9rardmer du 07 au 09 mai 2026 propos\u00e9e dans le cadre du mois <\/strong><strong>de la culture de G\u00e9rardmer. Rendez-vous \u00e0 la MCL de G\u00e9rardmer et au Parc Garnier pour des exp\u00e9riences artistiques in\u00e9dites ! Au programme : cabaret, th\u00e9\u00e2tre, cirque, th\u00e9\u00e2tre d\u2019objet, film-documentaire, road-trip musical et concerts !<\/strong><\/p>\n<p>\u00ab\u00a0Cher public, chers voyageurs,<br \/>\nLa 19\u00e8me \u00e9dition du festival Mai en Sc\u00e8nes a \u00e9t\u00e9 construite autour de la volont\u00e9 de parcourir de nouveaux paysages, d\u2019explorer l\u2019invisible et de rencontrer ce qui nous est \u00e9tranger. Ce festival est n\u00e9 d\u2019une id\u00e9e : le voyage ne se mesure pas en kilom\u00e8tres, mais en distances franchies entre les id\u00e9es re\u00e7ues. Nous ne faisons pas que traverser des fronti\u00e8res g\u00e9ographiques : nous brisons celles qui s\u00e9parent les cultures, les g\u00e9n\u00e9rations et les certitudes. Imaginez un road-trip onirique o\u00f9 chaque \u00e9tape est une rencontre avec l\u2019alt\u00e9rit\u00e9. C\u2019est un espace de d\u00e9cloisonnement o\u00f9 le r\u00eave et la r\u00e9alit\u00e9 se m\u00ealent pour nous rappeler que grandir, c\u2019est accepter que le monde est plus vaste, plus color\u00e9 et plus complexe que nos cartes ne le sugg\u00e8rent. Ce festival est votre invitation \u00e0 oser, \u00e0 d\u00e9couvrir, \u00e0 vivre et \u00e0 vous laisser porter par l\u2019imaginaire : c\u2019est en croisant les chemins que l\u2019on se construit, c\u2019est en \u00e9coutant les r\u00e9cits venus d\u2019horizons lointains que l\u2019on se rencontre et c\u2019est en embrassant la diff\u00e9rence que l\u2019on devient, enfin, soi-m\u00eame. Bienvenue dans ce voyage sans fin !<br \/>\nCette ann\u00e9e, nous accueillons des compagnies professionnelles de la R\u00e9gion Grand-Est : la Cie Rouge Carmin (Nancy), Cie Histoire d\u2019Eux (Nancy), Cie Le Plateau Ivre (Vagney), les Fils de<br \/>\nFl\u00fbte (\u00c9meline Touron, Alias Poet, Nancy). Mai en Sc\u00e8nes, c&rsquo;est aussi le moment de d\u00e9couvrir les 3 spectacles des ateliers de cr\u00e9ation th\u00e9\u00e2trale men\u00e9s tout au long de l&rsquo;ann\u00e9e par le Plateau Ivre avec des enfants, des adolescent\u00b7e\u00b7s et des adultes.<br \/>\nAutour des spectacles pluridisciplinaires (th\u00e9\u00e2tre, musique, th\u00e9\u00e2tre d\u2019objet, cirque, concert) nous vous invitons \u00e0 vivre de nombreux moments collectifs et conviviaux : nous proposons des moments d&rsquo;\u00e9changes autour de la cuisine avec La Petite Reine (produits locaux et cuisine maison), et de la nouvelle cr\u00e9ation de notre compagnie <em>Paysages Souterrains<\/em>.\u00a0\u00bb<\/p>\n<p><strong>\u27a2 Durant le festival<\/strong><br \/>\n\u2756 Oeuvres esquisses \u00e9questres, peinture aux doigts et dessins par H\u00e9lo\u00efse Cuny.<br \/>\nDu jeudi 30 avril au jeudi 21 mai<br \/>\nGalerie expo MCL | Gratuit<\/p>\n<p><strong>\u27a2 Programme du jeudi 07 mai :<\/strong><br \/>\n\u2756 14h &#8211; Th\u00e9\u00e2tre<br \/>\nLecture de \u201cPaysages souterrains\u201d, texte de Karin Serres (spectacle en cours de cr\u00e9ation).<br \/>\nTrois femmes, trois \u00e2ges de la vie reli\u00e9s par le vivant. Grand-m\u00e8re, m\u00e8re et fille tissent un lien entre le travail de la terre et celui de l\u2019\u00eatre.<br \/>\nCie Le Plateau Ivre | \u00c0 partir de 12 ans | Gratuit<br \/>\n\u2756 18h30 &#8211; Th\u00e9\u00e2tre<br \/>\nPr\u00e9sentation de l\u2019atelier th\u00e9\u00e2tre des enfants<br \/>\n\u201cL\u00e9gumes et L\u00e9gumas\u201d<br \/>\nPr\u00e9sentation de l\u2019atelier des adolescent\u00b7e\u00b7s<br \/>\n\u201cVous avez dit ado?\u201d<br \/>\nCie Le Plateau Ivre | Tout public | Gratuit<br \/>\n\u2756 20h &#8211; Cabaret d\u00eener-spectacle<br \/>\nPr\u00e9sentation de l\u2019atelier th\u00e9\u00e2tre des adultes<br \/>\n\u00ab\u00a0Cabaret louche et d\u00e9capant du peuple de la braise\u00a0\u00bb avec la participation du Labo.<br \/>\nCie Le Plateau Ivre | Tout public | Gratuit | R\u00e9servation conseill\u00e9e |<br \/>\nRestauration sur place par \u00ab\u00a0La Petite Reine\u00a0\u00bb<\/p>\n<p><strong>\u27a2 Programmation du vendredi 08 mai :<\/strong><br \/>\n\u2756 14h \u00e0 17h &#8211; Atelier cuisine<br \/>\n\u201cLa vraie recette du rougail saucisse !\u201d<br \/>\nCie Histoire d\u2019Eux | Gratuit | 1 place offerte pour le spectacle Pur Cr\u00e9ole<br \/>\n(sur r\u00e9servation, nombre de places limit\u00e9)<br \/>\n\u2756 17h &#8211; Cirque<br \/>\n\u201cMon Monstre \u00e0 moi\u201d, Cie Rouge Carmin<br \/>\nUn duo hirsute embarqu\u00e9 dans un parcours sem\u00e9 d\u2019emb\u00fbches, entre fragilit\u00e9 de<br \/>\nl&rsquo;enfance et force de l&rsquo;imaginaire.<br \/>\nSpectacle d\u00e9centralis\u00e9 au Parc Garnier | Pour petits et grands | D\u00e8s 3 ans, gratuit, offert<br \/>\npar la Ville de G\u00e9rardmer<br \/>\n\u2756 19h &#8211; Th\u00e9\u00e2tre d\u2019objet, d\u00eener-spectacle<br \/>\n\u201cPur cr\u00e9ole, la v\u00e9ritable histoire du Rougail saucisse\u201d, Cie Histoire d\u2019Eux<br \/>\nUn spectacle\/d\u00eener participatif en hommage \u00e0 la culture cr\u00e9ole.<br \/>\nSur r\u00e9servation | Tout public | Tarif plein : 16\u20ac &#8211; Tarif r\u00e9duit : 14\u20ac<\/p>\n<p><strong>\u27a2 Programmation du samedi 09 mai :<\/strong><br \/>\n\u2756 12h30 &#8211; Repas retour du march\u00e9<br \/>\nVenez partager le repas avec les artistes et l\u2019\u00e9quipe du festival<br \/>\nRestauration sur place par \u00ab\u00a0La Petite Reine\u00a0\u00bb : 12\u20ac sur r\u00e9servation (hors boisson)<br \/>\n\u2756 17h &#8211; Musiques et histoires du d\u00e9sert<br \/>\n\u201cPo\u00e9tic D\u00e9sert Zone, Road Trip Musical et po\u00e9tique\u201d<br \/>\nPo\u00e9sie nomade aux sonorit\u00e9s de guitares sahariennes, \u00e0 la d\u00e9couverte des paysages et de ses voyageurs.<br \/>\n\u00c9meline Touron et Alias Poet | Tout public | Tarif unique : 5\u20ac<br \/>\n\u2756 18h &#8211; Film documentaire<br \/>\n\u201cL\u2019Esprit des lieux\u201d de St\u00e9phane Manchematin et Serge Steyer sur Marc Namblard, audio-naturaliste.<br \/>\n\u00c0 la tomb\u00e9e du jour, Marc camoufle ses micros dans un sous-bois : \u00ab\u00a0un acte po\u00e9tique d&rsquo;une rare subtilit\u00e9\u00a0\u00bb, Le Monde.<br \/>\nTout public | Tarif unique : 5\u20ac<br \/>\n\u2756 19h30 &#8211; Concert festif &amp; quizz g\u00e9ant<br \/>\n\u201cLes Fils de Fl\u00fbte\u201d<br \/>\nTrio psycho-disco d\u00e9cal\u00e9 \u00e0 la fl\u00fbte \u00e0 bec !<br \/>\nAvec \u00c9meline, Fred et Alias Poet<br \/>\nR\u00e9servation conseill\u00e9e | Tarif unique : 5\u20ac<br \/>\nRestauration sur place par \u00ab\u00a0La Petite Reine\u00a0\u00bb<br \/>\n\u2756 La formule du samedi :<br \/>\nPo\u00e9tic D\u00e9sert Zone + l\u2019Esprit des Lieux + Les Fils de Fl\u00fbte : 12\u20ac tarif unique<br \/>\nSur place Buvette et restauration : produits locaux et maison<\/p>\n<p><strong>Informations pratiques :<\/strong><br \/>\nLieux du festival :<br \/>\nMCL 1 bd de Saint Di\u00e9 88400 G\u00e9rardmer<br \/>\nParc Garnier face \u00e0 l\u2019H\u00f4tel de Ville 88400 G\u00e9rardmer<br \/>\nBuvette et restauration \u00e0 la MCL<br \/>\nBilletterie sur les lieux des spectacles \u2013 R\u00e9servation conseill\u00e9e<br \/>\nCarte bancaire et Pass culture accept\u00e9s.<br \/>\nRenseignements et r\u00e9servations :<br \/>\nT. : 06 59 48 89 44<br \/>\nwww.leplateauivre.com<br \/>\nwww.facebook.com\/leplateauivre<\/p>\n","protected":false},"excerpt":{"rendered":"<p>La Compagnie de th\u00e9\u00e2tre Le Plateau Ivre et la MCL de G\u00e9rardmer pr\u00e9sentent la 19\u00e8me \u00e9dition du Festival Mai en [&hellip;]<\/p>\n","protected":false},"author":391,"featured_media":90784,"comment_status":"open","ping_status":"open","sticky":false,"template":"","format":"standard","meta":{"footnotes":""},"categories":[20,4,5647],"tags":[1988],"class_list":["post-90782","post","type-post","status-publish","format-standard","has-post-thumbnail","hentry","category-a-la-une","category-culture","category-gerardmer-autres-sites","tag-festival-mai-en-scenes"],"acf":[],"yoast_head":"<!-- This site is optimized with the Yoast SEO plugin v22.5 - https:\/\/yoast.com\/wordpress\/plugins\/seo\/ -->\n<title>19\u00e8me \u00e9dition du Festival Mai en Sc\u00e8nes \u00e0 G\u00e9rardmer - Gerardmer Info<\/title>\n<meta name=\"robots\" content=\"index, follow, max-snippet:-1, max-image-preview:large, max-video-preview:-1\" \/>\n<link rel=\"canonical\" href=\"https:\/\/vosgesinfo.fr\/gerardmerinfo\/2026\/04\/19eme-edition-du-festival-mai-en-scenes-a-gerardmer\/\" \/>\n<meta name=\"twitter:card\" content=\"summary_large_image\" \/>\n<meta name=\"twitter:title\" content=\"19\u00e8me \u00e9dition du Festival Mai en Sc\u00e8nes \u00e0 G\u00e9rardmer - Gerardmer Info\" \/>\n<meta name=\"twitter:description\" content=\"La Compagnie de th\u00e9\u00e2tre Le Plateau Ivre et la MCL de G\u00e9rardmer pr\u00e9sentent la 19\u00e8me \u00e9dition du Festival Mai en [&hellip;]\" \/>\n<meta name=\"twitter:image\" content=\"https:\/\/vosgesinfo.fr\/app\/uploads\/sites\/6\/2026\/04\/affiche-mai-en-scenes-2026-maj.jpg\" \/>\n<meta name=\"twitter:creator\" content=\"@VosgesInfo88\" \/>\n<meta name=\"twitter:site\" content=\"@VosgesInfo88\" \/>\n<meta name=\"twitter:label1\" content=\"\u00c9crit par\" \/>\n\t<meta name=\"twitter:data1\" content=\"La redaction\" \/>\n\t<meta name=\"twitter:label2\" content=\"Dur\u00e9e de lecture estim\u00e9e\" \/>\n\t<meta name=\"twitter:data2\" content=\"5 minutes\" \/>\n<script type=\"application\/ld+json\" class=\"yoast-schema-graph\">{\"@context\":\"https:\/\/schema.org\",\"@graph\":[{\"@type\":\"Article\",\"@id\":\"https:\/\/vosgesinfo.fr\/gerardmerinfo\/2026\/04\/19eme-edition-du-festival-mai-en-scenes-a-gerardmer\/#article\",\"isPartOf\":{\"@id\":\"https:\/\/vosgesinfo.fr\/gerardmerinfo\/2026\/04\/19eme-edition-du-festival-mai-en-scenes-a-gerardmer\/\"},\"author\":{\"name\":\"La redaction\",\"@id\":\"https:\/\/vosgesinfo.fr\/gerardmerinfo\/#\/schema\/person\/27a3695b06db98895b354c0765cdfc31\"},\"headline\":\"19\u00e8me \u00e9dition du Festival Mai en Sc\u00e8nes \u00e0 G\u00e9rardmer\",\"datePublished\":\"2026-04-29T03:55:52+00:00\",\"dateModified\":\"2026-04-27T09:33:07+00:00\",\"mainEntityOfPage\":{\"@id\":\"https:\/\/vosgesinfo.fr\/gerardmerinfo\/2026\/04\/19eme-edition-du-festival-mai-en-scenes-a-gerardmer\/\"},\"wordCount\":985,\"commentCount\":0,\"publisher\":{\"@id\":\"https:\/\/vosgesinfo.fr\/gerardmerinfo\/#organization\"},\"image\":{\"@id\":\"https:\/\/vosgesinfo.fr\/gerardmerinfo\/2026\/04\/19eme-edition-du-festival-mai-en-scenes-a-gerardmer\/#primaryimage\"},\"thumbnailUrl\":\"https:\/\/vosgesinfo.fr\/app\/uploads\/sites\/6\/2026\/04\/affiche-mai-en-scenes-2026-maj.jpg\",\"keywords\":[\"festival mai en scenes\"],\"articleSection\":[\"A la une\",\"Culture\",\"Gerardmer\"],\"inLanguage\":\"fr-FR\",\"potentialAction\":[{\"@type\":\"CommentAction\",\"name\":\"Comment\",\"target\":[\"https:\/\/vosgesinfo.fr\/gerardmerinfo\/2026\/04\/19eme-edition-du-festival-mai-en-scenes-a-gerardmer\/#respond\"]}]},{\"@type\":\"WebPage\",\"@id\":\"https:\/\/vosgesinfo.fr\/gerardmerinfo\/2026\/04\/19eme-edition-du-festival-mai-en-scenes-a-gerardmer\/\",\"url\":\"https:\/\/vosgesinfo.fr\/gerardmerinfo\/2026\/04\/19eme-edition-du-festival-mai-en-scenes-a-gerardmer\/\",\"name\":\"19\u00e8me \u00e9dition du Festival Mai en Sc\u00e8nes \u00e0 G\u00e9rardmer - Gerardmer Info\",\"isPartOf\":{\"@id\":\"https:\/\/vosgesinfo.fr\/gerardmerinfo\/#website\"},\"primaryImageOfPage\":{\"@id\":\"https:\/\/vosgesinfo.fr\/gerardmerinfo\/2026\/04\/19eme-edition-du-festival-mai-en-scenes-a-gerardmer\/#primaryimage\"},\"image\":{\"@id\":\"https:\/\/vosgesinfo.fr\/gerardmerinfo\/2026\/04\/19eme-edition-du-festival-mai-en-scenes-a-gerardmer\/#primaryimage\"},\"thumbnailUrl\":\"https:\/\/vosgesinfo.fr\/app\/uploads\/sites\/6\/2026\/04\/affiche-mai-en-scenes-2026-maj.jpg\",\"datePublished\":\"2026-04-29T03:55:52+00:00\",\"dateModified\":\"2026-04-27T09:33:07+00:00\",\"breadcrumb\":{\"@id\":\"https:\/\/vosgesinfo.fr\/gerardmerinfo\/2026\/04\/19eme-edition-du-festival-mai-en-scenes-a-gerardmer\/#breadcrumb\"},\"inLanguage\":\"fr-FR\",\"potentialAction\":[{\"@type\":\"ReadAction\",\"target\":[\"https:\/\/vosgesinfo.fr\/gerardmerinfo\/2026\/04\/19eme-edition-du-festival-mai-en-scenes-a-gerardmer\/\"]}]},{\"@type\":\"ImageObject\",\"inLanguage\":\"fr-FR\",\"@id\":\"https:\/\/vosgesinfo.fr\/gerardmerinfo\/2026\/04\/19eme-edition-du-festival-mai-en-scenes-a-gerardmer\/#primaryimage\",\"url\":\"https:\/\/vosgesinfo.fr\/app\/uploads\/sites\/6\/2026\/04\/affiche-mai-en-scenes-2026-maj.jpg\",\"contentUrl\":\"https:\/\/vosgesinfo.fr\/app\/uploads\/sites\/6\/2026\/04\/affiche-mai-en-scenes-2026-maj.jpg\",\"width\":1357,\"height\":1920},{\"@type\":\"BreadcrumbList\",\"@id\":\"https:\/\/vosgesinfo.fr\/gerardmerinfo\/2026\/04\/19eme-edition-du-festival-mai-en-scenes-a-gerardmer\/#breadcrumb\",\"itemListElement\":[{\"@type\":\"ListItem\",\"position\":1,\"name\":\"Home\",\"item\":\"https:\/\/vosgesinfo.fr\/gerardmerinfo\/\"},{\"@type\":\"ListItem\",\"position\":2,\"name\":\"19\u00e8me \u00e9dition du Festival Mai en Sc\u00e8nes \u00e0 G\u00e9rardmer\"}]},{\"@type\":\"WebSite\",\"@id\":\"https:\/\/vosgesinfo.fr\/gerardmerinfo\/#website\",\"url\":\"https:\/\/vosgesinfo.fr\/gerardmerinfo\/\",\"name\":\"Gerardmer Info\",\"description\":\"Toute l&#039;actualit\u00e9 de G\u00e9rardmer\",\"publisher\":{\"@id\":\"https:\/\/vosgesinfo.fr\/gerardmerinfo\/#organization\"},\"alternateName\":\"Toute l'actualit\u00e9 de G\u00e9rardmer\",\"potentialAction\":[{\"@type\":\"SearchAction\",\"target\":{\"@type\":\"EntryPoint\",\"urlTemplate\":\"https:\/\/vosgesinfo.fr\/gerardmerinfo\/?s={search_term_string}\"},\"query-input\":\"required name=search_term_string\"}],\"inLanguage\":\"fr-FR\"},{\"@type\":\"Organization\",\"@id\":\"https:\/\/vosgesinfo.fr\/gerardmerinfo\/#organization\",\"name\":\"Gerardmer Info\",\"url\":\"https:\/\/vosgesinfo.fr\/gerardmerinfo\/\",\"logo\":{\"@type\":\"ImageObject\",\"inLanguage\":\"fr-FR\",\"@id\":\"https:\/\/vosgesinfo.fr\/gerardmerinfo\/#\/schema\/logo\/image\/\",\"url\":\"https:\/\/vosgesinfo.fr\/app\/uploads\/sites\/6\/2023\/08\/favicon-gerardmerinfo.png\",\"contentUrl\":\"https:\/\/vosgesinfo.fr\/app\/uploads\/sites\/6\/2023\/08\/favicon-gerardmerinfo.png\",\"width\":512,\"height\":512,\"caption\":\"Gerardmer Info\"},\"image\":{\"@id\":\"https:\/\/vosgesinfo.fr\/gerardmerinfo\/#\/schema\/logo\/image\/\"},\"sameAs\":[\"https:\/\/www.facebook.com\/profile.php?id=100049475262660\",\"https:\/\/x.com\/VosgesInfo88\",\"https:\/\/www.youtube.com\/@vosgesinfo\"]},{\"@type\":\"Person\",\"@id\":\"https:\/\/vosgesinfo.fr\/gerardmerinfo\/#\/schema\/person\/27a3695b06db98895b354c0765cdfc31\",\"name\":\"La redaction\",\"image\":{\"@type\":\"ImageObject\",\"inLanguage\":\"fr-FR\",\"@id\":\"https:\/\/vosgesinfo.fr\/gerardmerinfo\/#\/schema\/person\/image\/\",\"url\":\"https:\/\/secure.gravatar.com\/avatar\/64c76a78e501cedee55736f43f332df901e1896ae9cd8fad269ae2236dd0e8b6?s=96&d=mm&r=g\",\"contentUrl\":\"https:\/\/secure.gravatar.com\/avatar\/64c76a78e501cedee55736f43f332df901e1896ae9cd8fad269ae2236dd0e8b6?s=96&d=mm&r=g\",\"caption\":\"La redaction\"},\"url\":\"https:\/\/vosgesinfo.fr\/gerardmerinfo\/author\/la-redaction\/\"}]}<\/script>\n<!-- \/ Yoast SEO plugin. -->","yoast_head_json":{"title":"19\u00e8me \u00e9dition du Festival Mai en Sc\u00e8nes \u00e0 G\u00e9rardmer - Gerardmer Info","robots":{"index":"index","follow":"follow","max-snippet":"max-snippet:-1","max-image-preview":"max-image-preview:large","max-video-preview":"max-video-preview:-1"},"canonical":"https:\/\/vosgesinfo.fr\/gerardmerinfo\/2026\/04\/19eme-edition-du-festival-mai-en-scenes-a-gerardmer\/","twitter_card":"summary_large_image","twitter_title":"19\u00e8me \u00e9dition du Festival Mai en Sc\u00e8nes \u00e0 G\u00e9rardmer - Gerardmer Info","twitter_description":"La Compagnie de th\u00e9\u00e2tre Le Plateau Ivre et la MCL de G\u00e9rardmer pr\u00e9sentent la 19\u00e8me \u00e9dition du Festival Mai en [&hellip;]","twitter_image":"https:\/\/vosgesinfo.fr\/app\/uploads\/sites\/6\/2026\/04\/affiche-mai-en-scenes-2026-maj.jpg","twitter_creator":"@VosgesInfo88","twitter_site":"@VosgesInfo88","twitter_misc":{"\u00c9crit par":"La redaction","Dur\u00e9e de lecture estim\u00e9e":"5 minutes"},"schema":{"@context":"https:\/\/schema.org","@graph":[{"@type":"Article","@id":"https:\/\/vosgesinfo.fr\/gerardmerinfo\/2026\/04\/19eme-edition-du-festival-mai-en-scenes-a-gerardmer\/#article","isPartOf":{"@id":"https:\/\/vosgesinfo.fr\/gerardmerinfo\/2026\/04\/19eme-edition-du-festival-mai-en-scenes-a-gerardmer\/"},"author":{"name":"La redaction","@id":"https:\/\/vosgesinfo.fr\/gerardmerinfo\/#\/schema\/person\/27a3695b06db98895b354c0765cdfc31"},"headline":"19\u00e8me \u00e9dition du Festival Mai en Sc\u00e8nes \u00e0 G\u00e9rardmer","datePublished":"2026-04-29T03:55:52+00:00","dateModified":"2026-04-27T09:33:07+00:00","mainEntityOfPage":{"@id":"https:\/\/vosgesinfo.fr\/gerardmerinfo\/2026\/04\/19eme-edition-du-festival-mai-en-scenes-a-gerardmer\/"},"wordCount":985,"commentCount":0,"publisher":{"@id":"https:\/\/vosgesinfo.fr\/gerardmerinfo\/#organization"},"image":{"@id":"https:\/\/vosgesinfo.fr\/gerardmerinfo\/2026\/04\/19eme-edition-du-festival-mai-en-scenes-a-gerardmer\/#primaryimage"},"thumbnailUrl":"https:\/\/vosgesinfo.fr\/app\/uploads\/sites\/6\/2026\/04\/affiche-mai-en-scenes-2026-maj.jpg","keywords":["festival mai en scenes"],"articleSection":["A la une","Culture","Gerardmer"],"inLanguage":"fr-FR","potentialAction":[{"@type":"CommentAction","name":"Comment","target":["https:\/\/vosgesinfo.fr\/gerardmerinfo\/2026\/04\/19eme-edition-du-festival-mai-en-scenes-a-gerardmer\/#respond"]}]},{"@type":"WebPage","@id":"https:\/\/vosgesinfo.fr\/gerardmerinfo\/2026\/04\/19eme-edition-du-festival-mai-en-scenes-a-gerardmer\/","url":"https:\/\/vosgesinfo.fr\/gerardmerinfo\/2026\/04\/19eme-edition-du-festival-mai-en-scenes-a-gerardmer\/","name":"19\u00e8me \u00e9dition du Festival Mai en Sc\u00e8nes \u00e0 G\u00e9rardmer - Gerardmer Info","isPartOf":{"@id":"https:\/\/vosgesinfo.fr\/gerardmerinfo\/#website"},"primaryImageOfPage":{"@id":"https:\/\/vosgesinfo.fr\/gerardmerinfo\/2026\/04\/19eme-edition-du-festival-mai-en-scenes-a-gerardmer\/#primaryimage"},"image":{"@id":"https:\/\/vosgesinfo.fr\/gerardmerinfo\/2026\/04\/19eme-edition-du-festival-mai-en-scenes-a-gerardmer\/#primaryimage"},"thumbnailUrl":"https:\/\/vosgesinfo.fr\/app\/uploads\/sites\/6\/2026\/04\/affiche-mai-en-scenes-2026-maj.jpg","datePublished":"2026-04-29T03:55:52+00:00","dateModified":"2026-04-27T09:33:07+00:00","breadcrumb":{"@id":"https:\/\/vosgesinfo.fr\/gerardmerinfo\/2026\/04\/19eme-edition-du-festival-mai-en-scenes-a-gerardmer\/#breadcrumb"},"inLanguage":"fr-FR","potentialAction":[{"@type":"ReadAction","target":["https:\/\/vosgesinfo.fr\/gerardmerinfo\/2026\/04\/19eme-edition-du-festival-mai-en-scenes-a-gerardmer\/"]}]},{"@type":"ImageObject","inLanguage":"fr-FR","@id":"https:\/\/vosgesinfo.fr\/gerardmerinfo\/2026\/04\/19eme-edition-du-festival-mai-en-scenes-a-gerardmer\/#primaryimage","url":"https:\/\/vosgesinfo.fr\/app\/uploads\/sites\/6\/2026\/04\/affiche-mai-en-scenes-2026-maj.jpg","contentUrl":"https:\/\/vosgesinfo.fr\/app\/uploads\/sites\/6\/2026\/04\/affiche-mai-en-scenes-2026-maj.jpg","width":1357,"height":1920},{"@type":"BreadcrumbList","@id":"https:\/\/vosgesinfo.fr\/gerardmerinfo\/2026\/04\/19eme-edition-du-festival-mai-en-scenes-a-gerardmer\/#breadcrumb","itemListElement":[{"@type":"ListItem","position":1,"name":"Home","item":"https:\/\/vosgesinfo.fr\/gerardmerinfo\/"},{"@type":"ListItem","position":2,"name":"19\u00e8me \u00e9dition du Festival Mai en Sc\u00e8nes \u00e0 G\u00e9rardmer"}]},{"@type":"WebSite","@id":"https:\/\/vosgesinfo.fr\/gerardmerinfo\/#website","url":"https:\/\/vosgesinfo.fr\/gerardmerinfo\/","name":"Gerardmer Info","description":"Toute l&#039;actualit\u00e9 de G\u00e9rardmer","publisher":{"@id":"https:\/\/vosgesinfo.fr\/gerardmerinfo\/#organization"},"alternateName":"Toute l'actualit\u00e9 de G\u00e9rardmer","potentialAction":[{"@type":"SearchAction","target":{"@type":"EntryPoint","urlTemplate":"https:\/\/vosgesinfo.fr\/gerardmerinfo\/?s={search_term_string}"},"query-input":"required name=search_term_string"}],"inLanguage":"fr-FR"},{"@type":"Organization","@id":"https:\/\/vosgesinfo.fr\/gerardmerinfo\/#organization","name":"Gerardmer Info","url":"https:\/\/vosgesinfo.fr\/gerardmerinfo\/","logo":{"@type":"ImageObject","inLanguage":"fr-FR","@id":"https:\/\/vosgesinfo.fr\/gerardmerinfo\/#\/schema\/logo\/image\/","url":"https:\/\/vosgesinfo.fr\/app\/uploads\/sites\/6\/2023\/08\/favicon-gerardmerinfo.png","contentUrl":"https:\/\/vosgesinfo.fr\/app\/uploads\/sites\/6\/2023\/08\/favicon-gerardmerinfo.png","width":512,"height":512,"caption":"Gerardmer Info"},"image":{"@id":"https:\/\/vosgesinfo.fr\/gerardmerinfo\/#\/schema\/logo\/image\/"},"sameAs":["https:\/\/www.facebook.com\/profile.php?id=100049475262660","https:\/\/x.com\/VosgesInfo88","https:\/\/www.youtube.com\/@vosgesinfo"]},{"@type":"Person","@id":"https:\/\/vosgesinfo.fr\/gerardmerinfo\/#\/schema\/person\/27a3695b06db98895b354c0765cdfc31","name":"La redaction","image":{"@type":"ImageObject","inLanguage":"fr-FR","@id":"https:\/\/vosgesinfo.fr\/gerardmerinfo\/#\/schema\/person\/image\/","url":"https:\/\/secure.gravatar.com\/avatar\/64c76a78e501cedee55736f43f332df901e1896ae9cd8fad269ae2236dd0e8b6?s=96&d=mm&r=g","contentUrl":"https:\/\/secure.gravatar.com\/avatar\/64c76a78e501cedee55736f43f332df901e1896ae9cd8fad269ae2236dd0e8b6?s=96&d=mm&r=g","caption":"La redaction"},"url":"https:\/\/vosgesinfo.fr\/gerardmerinfo\/author\/la-redaction\/"}]}},"_links":{"self":[{"href":"https:\/\/vosgesinfo.fr\/gerardmerinfo\/wp-json\/wp\/v2\/posts\/90782","targetHints":{"allow":["GET"]}}],"collection":[{"href":"https:\/\/vosgesinfo.fr\/gerardmerinfo\/wp-json\/wp\/v2\/posts"}],"about":[{"href":"https:\/\/vosgesinfo.fr\/gerardmerinfo\/wp-json\/wp\/v2\/types\/post"}],"author":[{"embeddable":true,"href":"https:\/\/vosgesinfo.fr\/gerardmerinfo\/wp-json\/wp\/v2\/users\/391"}],"replies":[{"embeddable":true,"href":"https:\/\/vosgesinfo.fr\/gerardmerinfo\/wp-json\/wp\/v2\/comments?post=90782"}],"version-history":[{"count":1,"href":"https:\/\/vosgesinfo.fr\/gerardmerinfo\/wp-json\/wp\/v2\/posts\/90782\/revisions"}],"predecessor-version":[{"id":90785,"href":"https:\/\/vosgesinfo.fr\/gerardmerinfo\/wp-json\/wp\/v2\/posts\/90782\/revisions\/90785"}],"wp:featuredmedia":[{"embeddable":true,"href":"https:\/\/vosgesinfo.fr\/gerardmerinfo\/wp-json\/wp\/v2\/media\/90784"}],"wp:attachment":[{"href":"https:\/\/vosgesinfo.fr\/gerardmerinfo\/wp-json\/wp\/v2\/media?parent=90782"}],"wp:term":[{"taxonomy":"category","embeddable":true,"href":"https:\/\/vosgesinfo.fr\/gerardmerinfo\/wp-json\/wp\/v2\/categories?post=90782"},{"taxonomy":"post_tag","embeddable":true,"href":"https:\/\/vosgesinfo.fr\/gerardmerinfo\/wp-json\/wp\/v2\/tags?post=90782"}],"curies":[{"name":"wp","href":"https:\/\/api.w.org\/{rel}","templated":true}]}}