{"id":90786,"date":"2026-04-28T05:52:29","date_gmt":"2026-04-28T03:52:29","guid":{"rendered":"https:\/\/vosgesinfo.fr\/gerardmerinfo\/?p=90786"},"modified":"2026-04-27T12:16:27","modified_gmt":"2026-04-27T10:16:27","slug":"cyclisme-le-vsg-felicite-paul-seixas-et-donne-rdv-aux-jeunes-amateurs-de-velo-les-mercredis-a-la-mauselaine","status":"publish","type":"post","link":"https:\/\/vosgesinfo.fr\/gerardmerinfo\/2026\/04\/cyclisme-le-vsg-felicite-paul-seixas-et-donne-rdv-aux-jeunes-amateurs-de-velo-les-mercredis-a-la-mauselaine\/","title":{"rendered":"Cyclisme &#8211; le VSG f\u00e9licite Paul Seixas et donne rdv aux jeunes amateurs de v\u00e9lo les mercredis \u00e0 la Mauselaine"},"content":{"rendered":"<p>&nbsp;<\/p>\n<p>\u00ab\u00a0Le V.S.G tient \u00e0 f\u00e9liciter la belle performance de Paul SEIXAS pour sa brillante deuxi\u00e8me place sur Li\u00e8ge Bastogne Li\u00e8ge. Nous invitons les jeunes passionn\u00e9s par le cyclisme \u00e0 rejoindre les rangs du VSG en passant par l&rsquo;\u00e9cole de cyclisme ouverte aux jeunes de 8 \u00e0 15 ans. Paul a commenc\u00e9 cette discipline d\u00e8s l&rsquo;\u00e2ge de 8 ans au club de Lyon.<br \/>\nNous vous donnons rendez-vous les mercredis de 10h00 \u00e0 12h00 au Parking-caisse de la Mauselaine munis d&rsquo;un v\u00e9lo VTT et encadr\u00e9 par un entra\u00eeneur dipl\u00f4m\u00e9 d&rsquo;\u00e9tat de la F\u00e9d\u00e9ration Fran\u00e7aise de Cyclisme\u00a0\u00bb.<\/p>\n<p><a href=\"https:\/\/vosgesinfo.fr\/app\/uploads\/sites\/6\/2026\/04\/imgp0173.jpg\"><img decoding=\"async\" class=\"aligncenter size-large wp-image-90787\" src=\"https:\/\/vosgesinfo.fr\/app\/uploads\/sites\/6\/2026\/04\/imgp0173-1024x768.jpg\" alt=\"\" width=\"1024\" height=\"768\" srcset=\"https:\/\/vosgesinfo.fr\/app\/uploads\/sites\/6\/2026\/04\/imgp0173-1024x768.jpg 1024w, https:\/\/vosgesinfo.fr\/app\/uploads\/sites\/6\/2026\/04\/imgp0173-300x225.jpg 300w, https:\/\/vosgesinfo.fr\/app\/uploads\/sites\/6\/2026\/04\/imgp0173-768x576.jpg 768w, https:\/\/vosgesinfo.fr\/app\/uploads\/sites\/6\/2026\/04\/imgp0173-1536x1152.jpg 1536w, https:\/\/vosgesinfo.fr\/app\/uploads\/sites\/6\/2026\/04\/imgp0173.jpg 1920w\" sizes=\"(max-width: 1024px) 100vw, 1024px\" \/><\/a><\/p>\n","protected":false},"excerpt":{"rendered":"<p>&nbsp; \u00ab\u00a0Le V.S.G tient \u00e0 f\u00e9liciter la belle performance de Paul SEIXAS pour sa brillante deuxi\u00e8me place sur Li\u00e8ge Bastogne [&hellip;]<\/p>\n","protected":false},"author":391,"featured_media":90787,"comment_status":"open","ping_status":"open","sticky":false,"template":"","format":"standard","meta":{"footnotes":""},"categories":[20,5647,14],"tags":[82],"class_list":["post-90786","post","type-post","status-publish","format-standard","has-post-thumbnail","hentry","category-a-la-une","category-gerardmer-autres-sites","category-sport","tag-vsg"],"acf":[],"yoast_head":"<!-- This site is optimized with the Yoast SEO plugin v22.5 - https:\/\/yoast.com\/wordpress\/plugins\/seo\/ -->\n<title>Cyclisme - le VSG f\u00e9licite Paul Seixas et donne rdv aux jeunes amateurs de v\u00e9lo les mercredis \u00e0 la Mauselaine - Gerardmer Info<\/title>\n<meta name=\"robots\" content=\"index, follow, max-snippet:-1, max-image-preview:large, max-video-preview:-1\" \/>\n<link rel=\"canonical\" href=\"https:\/\/vosgesinfo.fr\/gerardmerinfo\/2026\/04\/cyclisme-le-vsg-felicite-paul-seixas-et-donne-rdv-aux-jeunes-amateurs-de-velo-les-mercredis-a-la-mauselaine\/\" \/>\n<meta name=\"twitter:card\" content=\"summary_large_image\" \/>\n<meta name=\"twitter:title\" content=\"Cyclisme - le VSG f\u00e9licite Paul Seixas et donne rdv aux jeunes amateurs de v\u00e9lo les mercredis \u00e0 la Mauselaine - Gerardmer Info\" \/>\n<meta name=\"twitter:description\" content=\"&nbsp; \u00ab\u00a0Le V.S.G tient \u00e0 f\u00e9liciter la belle performance de Paul SEIXAS pour sa brillante deuxi\u00e8me place sur Li\u00e8ge Bastogne [&hellip;]\" \/>\n<meta name=\"twitter:image\" content=\"https:\/\/vosgesinfo.fr\/app\/uploads\/sites\/6\/2026\/04\/imgp0173.jpg\" \/>\n<meta name=\"twitter:creator\" content=\"@VosgesInfo88\" \/>\n<meta name=\"twitter:site\" content=\"@VosgesInfo88\" \/>\n<meta name=\"twitter:label1\" content=\"\u00c9crit par\" \/>\n\t<meta name=\"twitter:data1\" content=\"La redaction\" \/>\n\t<meta name=\"twitter:label2\" content=\"Dur\u00e9e de lecture estim\u00e9e\" \/>\n\t<meta name=\"twitter:data2\" content=\"1 minute\" \/>\n<script type=\"application\/ld+json\" class=\"yoast-schema-graph\">{\"@context\":\"https:\/\/schema.org\",\"@graph\":[{\"@type\":\"Article\",\"@id\":\"https:\/\/vosgesinfo.fr\/gerardmerinfo\/2026\/04\/cyclisme-le-vsg-felicite-paul-seixas-et-donne-rdv-aux-jeunes-amateurs-de-velo-les-mercredis-a-la-mauselaine\/#article\",\"isPartOf\":{\"@id\":\"https:\/\/vosgesinfo.fr\/gerardmerinfo\/2026\/04\/cyclisme-le-vsg-felicite-paul-seixas-et-donne-rdv-aux-jeunes-amateurs-de-velo-les-mercredis-a-la-mauselaine\/\"},\"author\":{\"name\":\"La redaction\",\"@id\":\"https:\/\/vosgesinfo.fr\/gerardmerinfo\/#\/schema\/person\/27a3695b06db98895b354c0765cdfc31\"},\"headline\":\"Cyclisme &#8211; le VSG f\u00e9licite Paul Seixas et donne rdv aux jeunes amateurs de v\u00e9lo les mercredis \u00e0 la Mauselaine\",\"datePublished\":\"2026-04-28T03:52:29+00:00\",\"dateModified\":\"2026-04-27T10:16:27+00:00\",\"mainEntityOfPage\":{\"@id\":\"https:\/\/vosgesinfo.fr\/gerardmerinfo\/2026\/04\/cyclisme-le-vsg-felicite-paul-seixas-et-donne-rdv-aux-jeunes-amateurs-de-velo-les-mercredis-a-la-mauselaine\/\"},\"wordCount\":127,\"commentCount\":0,\"publisher\":{\"@id\":\"https:\/\/vosgesinfo.fr\/gerardmerinfo\/#organization\"},\"image\":{\"@id\":\"https:\/\/vosgesinfo.fr\/gerardmerinfo\/2026\/04\/cyclisme-le-vsg-felicite-paul-seixas-et-donne-rdv-aux-jeunes-amateurs-de-velo-les-mercredis-a-la-mauselaine\/#primaryimage\"},\"thumbnailUrl\":\"https:\/\/vosgesinfo.fr\/app\/uploads\/sites\/6\/2026\/04\/imgp0173.jpg\",\"keywords\":[\"VSG\"],\"articleSection\":[\"A la une\",\"Gerardmer\",\"Sport\"],\"inLanguage\":\"fr-FR\",\"potentialAction\":[{\"@type\":\"CommentAction\",\"name\":\"Comment\",\"target\":[\"https:\/\/vosgesinfo.fr\/gerardmerinfo\/2026\/04\/cyclisme-le-vsg-felicite-paul-seixas-et-donne-rdv-aux-jeunes-amateurs-de-velo-les-mercredis-a-la-mauselaine\/#respond\"]}]},{\"@type\":\"WebPage\",\"@id\":\"https:\/\/vosgesinfo.fr\/gerardmerinfo\/2026\/04\/cyclisme-le-vsg-felicite-paul-seixas-et-donne-rdv-aux-jeunes-amateurs-de-velo-les-mercredis-a-la-mauselaine\/\",\"url\":\"https:\/\/vosgesinfo.fr\/gerardmerinfo\/2026\/04\/cyclisme-le-vsg-felicite-paul-seixas-et-donne-rdv-aux-jeunes-amateurs-de-velo-les-mercredis-a-la-mauselaine\/\",\"name\":\"Cyclisme - le VSG f\u00e9licite Paul Seixas et donne rdv aux jeunes amateurs de v\u00e9lo les mercredis \u00e0 la Mauselaine - Gerardmer Info\",\"isPartOf\":{\"@id\":\"https:\/\/vosgesinfo.fr\/gerardmerinfo\/#website\"},\"primaryImageOfPage\":{\"@id\":\"https:\/\/vosgesinfo.fr\/gerardmerinfo\/2026\/04\/cyclisme-le-vsg-felicite-paul-seixas-et-donne-rdv-aux-jeunes-amateurs-de-velo-les-mercredis-a-la-mauselaine\/#primaryimage\"},\"image\":{\"@id\":\"https:\/\/vosgesinfo.fr\/gerardmerinfo\/2026\/04\/cyclisme-le-vsg-felicite-paul-seixas-et-donne-rdv-aux-jeunes-amateurs-de-velo-les-mercredis-a-la-mauselaine\/#primaryimage\"},\"thumbnailUrl\":\"https:\/\/vosgesinfo.fr\/app\/uploads\/sites\/6\/2026\/04\/imgp0173.jpg\",\"datePublished\":\"2026-04-28T03:52:29+00:00\",\"dateModified\":\"2026-04-27T10:16:27+00:00\",\"breadcrumb\":{\"@id\":\"https:\/\/vosgesinfo.fr\/gerardmerinfo\/2026\/04\/cyclisme-le-vsg-felicite-paul-seixas-et-donne-rdv-aux-jeunes-amateurs-de-velo-les-mercredis-a-la-mauselaine\/#breadcrumb\"},\"inLanguage\":\"fr-FR\",\"potentialAction\":[{\"@type\":\"ReadAction\",\"target\":[\"https:\/\/vosgesinfo.fr\/gerardmerinfo\/2026\/04\/cyclisme-le-vsg-felicite-paul-seixas-et-donne-rdv-aux-jeunes-amateurs-de-velo-les-mercredis-a-la-mauselaine\/\"]}]},{\"@type\":\"ImageObject\",\"inLanguage\":\"fr-FR\",\"@id\":\"https:\/\/vosgesinfo.fr\/gerardmerinfo\/2026\/04\/cyclisme-le-vsg-felicite-paul-seixas-et-donne-rdv-aux-jeunes-amateurs-de-velo-les-mercredis-a-la-mauselaine\/#primaryimage\",\"url\":\"https:\/\/vosgesinfo.fr\/app\/uploads\/sites\/6\/2026\/04\/imgp0173.jpg\",\"contentUrl\":\"https:\/\/vosgesinfo.fr\/app\/uploads\/sites\/6\/2026\/04\/imgp0173.jpg\",\"width\":1920,\"height\":1440},{\"@type\":\"BreadcrumbList\",\"@id\":\"https:\/\/vosgesinfo.fr\/gerardmerinfo\/2026\/04\/cyclisme-le-vsg-felicite-paul-seixas-et-donne-rdv-aux-jeunes-amateurs-de-velo-les-mercredis-a-la-mauselaine\/#breadcrumb\",\"itemListElement\":[{\"@type\":\"ListItem\",\"position\":1,\"name\":\"Home\",\"item\":\"https:\/\/vosgesinfo.fr\/gerardmerinfo\/\"},{\"@type\":\"ListItem\",\"position\":2,\"name\":\"Cyclisme &#8211; le VSG f\u00e9licite Paul Seixas et donne rdv aux jeunes amateurs de v\u00e9lo les mercredis \u00e0 la Mauselaine\"}]},{\"@type\":\"WebSite\",\"@id\":\"https:\/\/vosgesinfo.fr\/gerardmerinfo\/#website\",\"url\":\"https:\/\/vosgesinfo.fr\/gerardmerinfo\/\",\"name\":\"Gerardmer Info\",\"description\":\"Toute l&#039;actualit\u00e9 de G\u00e9rardmer\",\"publisher\":{\"@id\":\"https:\/\/vosgesinfo.fr\/gerardmerinfo\/#organization\"},\"alternateName\":\"Toute l'actualit\u00e9 de G\u00e9rardmer\",\"potentialAction\":[{\"@type\":\"SearchAction\",\"target\":{\"@type\":\"EntryPoint\",\"urlTemplate\":\"https:\/\/vosgesinfo.fr\/gerardmerinfo\/?s={search_term_string}\"},\"query-input\":\"required name=search_term_string\"}],\"inLanguage\":\"fr-FR\"},{\"@type\":\"Organization\",\"@id\":\"https:\/\/vosgesinfo.fr\/gerardmerinfo\/#organization\",\"name\":\"Gerardmer Info\",\"url\":\"https:\/\/vosgesinfo.fr\/gerardmerinfo\/\",\"logo\":{\"@type\":\"ImageObject\",\"inLanguage\":\"fr-FR\",\"@id\":\"https:\/\/vosgesinfo.fr\/gerardmerinfo\/#\/schema\/logo\/image\/\",\"url\":\"https:\/\/vosgesinfo.fr\/app\/uploads\/sites\/6\/2023\/08\/favicon-gerardmerinfo.png\",\"contentUrl\":\"https:\/\/vosgesinfo.fr\/app\/uploads\/sites\/6\/2023\/08\/favicon-gerardmerinfo.png\",\"width\":512,\"height\":512,\"caption\":\"Gerardmer Info\"},\"image\":{\"@id\":\"https:\/\/vosgesinfo.fr\/gerardmerinfo\/#\/schema\/logo\/image\/\"},\"sameAs\":[\"https:\/\/www.facebook.com\/profile.php?id=100049475262660\",\"https:\/\/x.com\/VosgesInfo88\",\"https:\/\/www.youtube.com\/@vosgesinfo\"]},{\"@type\":\"Person\",\"@id\":\"https:\/\/vosgesinfo.fr\/gerardmerinfo\/#\/schema\/person\/27a3695b06db98895b354c0765cdfc31\",\"name\":\"La redaction\",\"image\":{\"@type\":\"ImageObject\",\"inLanguage\":\"fr-FR\",\"@id\":\"https:\/\/vosgesinfo.fr\/gerardmerinfo\/#\/schema\/person\/image\/\",\"url\":\"https:\/\/secure.gravatar.com\/avatar\/64c76a78e501cedee55736f43f332df901e1896ae9cd8fad269ae2236dd0e8b6?s=96&d=mm&r=g\",\"contentUrl\":\"https:\/\/secure.gravatar.com\/avatar\/64c76a78e501cedee55736f43f332df901e1896ae9cd8fad269ae2236dd0e8b6?s=96&d=mm&r=g\",\"caption\":\"La redaction\"},\"url\":\"https:\/\/vosgesinfo.fr\/gerardmerinfo\/author\/la-redaction\/\"}]}<\/script>\n<!-- \/ Yoast SEO plugin. -->","yoast_head_json":{"title":"Cyclisme - le VSG f\u00e9licite Paul Seixas et donne rdv aux jeunes amateurs de v\u00e9lo les mercredis \u00e0 la Mauselaine - Gerardmer Info","robots":{"index":"index","follow":"follow","max-snippet":"max-snippet:-1","max-image-preview":"max-image-preview:large","max-video-preview":"max-video-preview:-1"},"canonical":"https:\/\/vosgesinfo.fr\/gerardmerinfo\/2026\/04\/cyclisme-le-vsg-felicite-paul-seixas-et-donne-rdv-aux-jeunes-amateurs-de-velo-les-mercredis-a-la-mauselaine\/","twitter_card":"summary_large_image","twitter_title":"Cyclisme - le VSG f\u00e9licite Paul Seixas et donne rdv aux jeunes amateurs de v\u00e9lo les mercredis \u00e0 la Mauselaine - Gerardmer Info","twitter_description":"&nbsp; \u00ab\u00a0Le V.S.G tient \u00e0 f\u00e9liciter la belle performance de Paul SEIXAS pour sa brillante deuxi\u00e8me place sur Li\u00e8ge Bastogne [&hellip;]","twitter_image":"https:\/\/vosgesinfo.fr\/app\/uploads\/sites\/6\/2026\/04\/imgp0173.jpg","twitter_creator":"@VosgesInfo88","twitter_site":"@VosgesInfo88","twitter_misc":{"\u00c9crit par":"La redaction","Dur\u00e9e de lecture estim\u00e9e":"1 minute"},"schema":{"@context":"https:\/\/schema.org","@graph":[{"@type":"Article","@id":"https:\/\/vosgesinfo.fr\/gerardmerinfo\/2026\/04\/cyclisme-le-vsg-felicite-paul-seixas-et-donne-rdv-aux-jeunes-amateurs-de-velo-les-mercredis-a-la-mauselaine\/#article","isPartOf":{"@id":"https:\/\/vosgesinfo.fr\/gerardmerinfo\/2026\/04\/cyclisme-le-vsg-felicite-paul-seixas-et-donne-rdv-aux-jeunes-amateurs-de-velo-les-mercredis-a-la-mauselaine\/"},"author":{"name":"La redaction","@id":"https:\/\/vosgesinfo.fr\/gerardmerinfo\/#\/schema\/person\/27a3695b06db98895b354c0765cdfc31"},"headline":"Cyclisme &#8211; le VSG f\u00e9licite Paul Seixas et donne rdv aux jeunes amateurs de v\u00e9lo les mercredis \u00e0 la Mauselaine","datePublished":"2026-04-28T03:52:29+00:00","dateModified":"2026-04-27T10:16:27+00:00","mainEntityOfPage":{"@id":"https:\/\/vosgesinfo.fr\/gerardmerinfo\/2026\/04\/cyclisme-le-vsg-felicite-paul-seixas-et-donne-rdv-aux-jeunes-amateurs-de-velo-les-mercredis-a-la-mauselaine\/"},"wordCount":127,"commentCount":0,"publisher":{"@id":"https:\/\/vosgesinfo.fr\/gerardmerinfo\/#organization"},"image":{"@id":"https:\/\/vosgesinfo.fr\/gerardmerinfo\/2026\/04\/cyclisme-le-vsg-felicite-paul-seixas-et-donne-rdv-aux-jeunes-amateurs-de-velo-les-mercredis-a-la-mauselaine\/#primaryimage"},"thumbnailUrl":"https:\/\/vosgesinfo.fr\/app\/uploads\/sites\/6\/2026\/04\/imgp0173.jpg","keywords":["VSG"],"articleSection":["A la une","Gerardmer","Sport"],"inLanguage":"fr-FR","potentialAction":[{"@type":"CommentAction","name":"Comment","target":["https:\/\/vosgesinfo.fr\/gerardmerinfo\/2026\/04\/cyclisme-le-vsg-felicite-paul-seixas-et-donne-rdv-aux-jeunes-amateurs-de-velo-les-mercredis-a-la-mauselaine\/#respond"]}]},{"@type":"WebPage","@id":"https:\/\/vosgesinfo.fr\/gerardmerinfo\/2026\/04\/cyclisme-le-vsg-felicite-paul-seixas-et-donne-rdv-aux-jeunes-amateurs-de-velo-les-mercredis-a-la-mauselaine\/","url":"https:\/\/vosgesinfo.fr\/gerardmerinfo\/2026\/04\/cyclisme-le-vsg-felicite-paul-seixas-et-donne-rdv-aux-jeunes-amateurs-de-velo-les-mercredis-a-la-mauselaine\/","name":"Cyclisme - le VSG f\u00e9licite Paul Seixas et donne rdv aux jeunes amateurs de v\u00e9lo les mercredis \u00e0 la Mauselaine - Gerardmer Info","isPartOf":{"@id":"https:\/\/vosgesinfo.fr\/gerardmerinfo\/#website"},"primaryImageOfPage":{"@id":"https:\/\/vosgesinfo.fr\/gerardmerinfo\/2026\/04\/cyclisme-le-vsg-felicite-paul-seixas-et-donne-rdv-aux-jeunes-amateurs-de-velo-les-mercredis-a-la-mauselaine\/#primaryimage"},"image":{"@id":"https:\/\/vosgesinfo.fr\/gerardmerinfo\/2026\/04\/cyclisme-le-vsg-felicite-paul-seixas-et-donne-rdv-aux-jeunes-amateurs-de-velo-les-mercredis-a-la-mauselaine\/#primaryimage"},"thumbnailUrl":"https:\/\/vosgesinfo.fr\/app\/uploads\/sites\/6\/2026\/04\/imgp0173.jpg","datePublished":"2026-04-28T03:52:29+00:00","dateModified":"2026-04-27T10:16:27+00:00","breadcrumb":{"@id":"https:\/\/vosgesinfo.fr\/gerardmerinfo\/2026\/04\/cyclisme-le-vsg-felicite-paul-seixas-et-donne-rdv-aux-jeunes-amateurs-de-velo-les-mercredis-a-la-mauselaine\/#breadcrumb"},"inLanguage":"fr-FR","potentialAction":[{"@type":"ReadAction","target":["https:\/\/vosgesinfo.fr\/gerardmerinfo\/2026\/04\/cyclisme-le-vsg-felicite-paul-seixas-et-donne-rdv-aux-jeunes-amateurs-de-velo-les-mercredis-a-la-mauselaine\/"]}]},{"@type":"ImageObject","inLanguage":"fr-FR","@id":"https:\/\/vosgesinfo.fr\/gerardmerinfo\/2026\/04\/cyclisme-le-vsg-felicite-paul-seixas-et-donne-rdv-aux-jeunes-amateurs-de-velo-les-mercredis-a-la-mauselaine\/#primaryimage","url":"https:\/\/vosgesinfo.fr\/app\/uploads\/sites\/6\/2026\/04\/imgp0173.jpg","contentUrl":"https:\/\/vosgesinfo.fr\/app\/uploads\/sites\/6\/2026\/04\/imgp0173.jpg","width":1920,"height":1440},{"@type":"BreadcrumbList","@id":"https:\/\/vosgesinfo.fr\/gerardmerinfo\/2026\/04\/cyclisme-le-vsg-felicite-paul-seixas-et-donne-rdv-aux-jeunes-amateurs-de-velo-les-mercredis-a-la-mauselaine\/#breadcrumb","itemListElement":[{"@type":"ListItem","position":1,"name":"Home","item":"https:\/\/vosgesinfo.fr\/gerardmerinfo\/"},{"@type":"ListItem","position":2,"name":"Cyclisme &#8211; le VSG f\u00e9licite Paul Seixas et donne rdv aux jeunes amateurs de v\u00e9lo les mercredis \u00e0 la Mauselaine"}]},{"@type":"WebSite","@id":"https:\/\/vosgesinfo.fr\/gerardmerinfo\/#website","url":"https:\/\/vosgesinfo.fr\/gerardmerinfo\/","name":"Gerardmer Info","description":"Toute l&#039;actualit\u00e9 de G\u00e9rardmer","publisher":{"@id":"https:\/\/vosgesinfo.fr\/gerardmerinfo\/#organization"},"alternateName":"Toute l'actualit\u00e9 de G\u00e9rardmer","potentialAction":[{"@type":"SearchAction","target":{"@type":"EntryPoint","urlTemplate":"https:\/\/vosgesinfo.fr\/gerardmerinfo\/?s={search_term_string}"},"query-input":"required name=search_term_string"}],"inLanguage":"fr-FR"},{"@type":"Organization","@id":"https:\/\/vosgesinfo.fr\/gerardmerinfo\/#organization","name":"Gerardmer Info","url":"https:\/\/vosgesinfo.fr\/gerardmerinfo\/","logo":{"@type":"ImageObject","inLanguage":"fr-FR","@id":"https:\/\/vosgesinfo.fr\/gerardmerinfo\/#\/schema\/logo\/image\/","url":"https:\/\/vosgesinfo.fr\/app\/uploads\/sites\/6\/2023\/08\/favicon-gerardmerinfo.png","contentUrl":"https:\/\/vosgesinfo.fr\/app\/uploads\/sites\/6\/2023\/08\/favicon-gerardmerinfo.png","width":512,"height":512,"caption":"Gerardmer Info"},"image":{"@id":"https:\/\/vosgesinfo.fr\/gerardmerinfo\/#\/schema\/logo\/image\/"},"sameAs":["https:\/\/www.facebook.com\/profile.php?id=100049475262660","https:\/\/x.com\/VosgesInfo88","https:\/\/www.youtube.com\/@vosgesinfo"]},{"@type":"Person","@id":"https:\/\/vosgesinfo.fr\/gerardmerinfo\/#\/schema\/person\/27a3695b06db98895b354c0765cdfc31","name":"La redaction","image":{"@type":"ImageObject","inLanguage":"fr-FR","@id":"https:\/\/vosgesinfo.fr\/gerardmerinfo\/#\/schema\/person\/image\/","url":"https:\/\/secure.gravatar.com\/avatar\/64c76a78e501cedee55736f43f332df901e1896ae9cd8fad269ae2236dd0e8b6?s=96&d=mm&r=g","contentUrl":"https:\/\/secure.gravatar.com\/avatar\/64c76a78e501cedee55736f43f332df901e1896ae9cd8fad269ae2236dd0e8b6?s=96&d=mm&r=g","caption":"La redaction"},"url":"https:\/\/vosgesinfo.fr\/gerardmerinfo\/author\/la-redaction\/"}]}},"_links":{"self":[{"href":"https:\/\/vosgesinfo.fr\/gerardmerinfo\/wp-json\/wp\/v2\/posts\/90786","targetHints":{"allow":["GET"]}}],"collection":[{"href":"https:\/\/vosgesinfo.fr\/gerardmerinfo\/wp-json\/wp\/v2\/posts"}],"about":[{"href":"https:\/\/vosgesinfo.fr\/gerardmerinfo\/wp-json\/wp\/v2\/types\/post"}],"author":[{"embeddable":true,"href":"https:\/\/vosgesinfo.fr\/gerardmerinfo\/wp-json\/wp\/v2\/users\/391"}],"replies":[{"embeddable":true,"href":"https:\/\/vosgesinfo.fr\/gerardmerinfo\/wp-json\/wp\/v2\/comments?post=90786"}],"version-history":[{"count":1,"href":"https:\/\/vosgesinfo.fr\/gerardmerinfo\/wp-json\/wp\/v2\/posts\/90786\/revisions"}],"predecessor-version":[{"id":90788,"href":"https:\/\/vosgesinfo.fr\/gerardmerinfo\/wp-json\/wp\/v2\/posts\/90786\/revisions\/90788"}],"wp:featuredmedia":[{"embeddable":true,"href":"https:\/\/vosgesinfo.fr\/gerardmerinfo\/wp-json\/wp\/v2\/media\/90787"}],"wp:attachment":[{"href":"https:\/\/vosgesinfo.fr\/gerardmerinfo\/wp-json\/wp\/v2\/media?parent=90786"}],"wp:term":[{"taxonomy":"category","embeddable":true,"href":"https:\/\/vosgesinfo.fr\/gerardmerinfo\/wp-json\/wp\/v2\/categories?post=90786"},{"taxonomy":"post_tag","embeddable":true,"href":"https:\/\/vosgesinfo.fr\/gerardmerinfo\/wp-json\/wp\/v2\/tags?post=90786"}],"curies":[{"name":"wp","href":"https:\/\/api.w.org\/{rel}","templated":true}]}}