{"id":90794,"date":"2026-04-27T12:23:34","date_gmt":"2026-04-27T10:23:34","guid":{"rendered":"https:\/\/vosgesinfo.fr\/gerardmerinfo\/2026\/04\/mort-de-bryan-muller-la-piste-de-la-noyade-confirmee-par-la-justice\/"},"modified":"2026-04-27T12:23:34","modified_gmt":"2026-04-27T10:23:34","slug":"mort-de-bryan-muller-la-piste-de-la-noyade-confirmee-par-la-justice","status":"publish","type":"post","link":"https:\/\/vosgesinfo.fr\/gerardmerinfo\/2026\/04\/mort-de-bryan-muller-la-piste-de-la-noyade-confirmee-par-la-justice\/","title":{"rendered":"Mort de Bryan Muller : la piste de la noyade confirm\u00e9e par la justice"},"content":{"rendered":"<h2 data-start=\"184\" data-end=\"452\"><strong><a href=\"https:\/\/vosgesinfo.fr\/app\/uploads\/sites\/3\/2026\/04\/procureur-de-la-republique-frederic-nahon2.jpg\"><img decoding=\"async\" class=\"aligncenter size-full wp-image-142059\" src=\"https:\/\/vosgesinfo.fr\/app\/uploads\/sites\/3\/2026\/04\/procureur-de-la-republique-frederic-nahon2.jpg\" alt=\"\" width=\"2000\" height=\"1500\" \/><\/a>Le parquet d\u2019\u00c9pinal a apport\u00e9 de nouveaux \u00e9l\u00e9ments ce lundi 27 avril 2026 concernant la disparition et le d\u00e9c\u00e8s de Bryan Muller. Lors d\u2019une conf\u00e9rence de presse, le procureur de la R\u00e9publique a confirm\u00e9 que la th\u00e8se de la noyade accidentelle est d\u00e9sormais privil\u00e9gi\u00e9e.<\/strong><\/h2>\n<p data-start=\"454\" data-end=\"753\">\u00c2g\u00e9 de 21 ans, ce jeune habitant de Rambervillers n\u2019avait plus donn\u00e9 signe de vie depuis la nuit du 3 au 4 avril, apr\u00e8s avoir pass\u00e9 la soir\u00e9e dans un \u00e9tablissement de nuit \u00e0 L\u00e9g\u00e9ville-et-Bonfays. Son corps avait \u00e9t\u00e9 retrouv\u00e9 le 17 avril dans les eaux du Madon, \u00e0 proximit\u00e9 du lieu de sa disparition.<\/p>\n<h3 data-section-id=\"1m3nb1m\" data-start=\"755\" data-end=\"799\">Aucune intervention ext\u00e9rieure constat\u00e9e<\/h3>\n<p data-start=\"801\" data-end=\"1096\">Les r\u00e9sultats de l\u2019autopsie permettent aujourd\u2019hui d\u2019\u00e9carter la piste criminelle. Selon le procureur, aucune trace de violence, de blessure ou de fracture n\u2019a \u00e9t\u00e9 relev\u00e9e sur le corps. <em>\u00ab Le corps n\u2019\u00e9tait pas ligot\u00e9 et aucun \u00e9l\u00e9ment ne laisse penser \u00e0 l\u2019intervention d\u2019un tiers \u00bb<\/em>, a-t-il pr\u00e9cis\u00e9.<\/p>\n<p data-start=\"1098\" data-end=\"1323\">Les examens ont \u00e9galement r\u00e9v\u00e9l\u00e9 la pr\u00e9sence de liquide dans les poumons, confirmant ainsi une mort par noyade. L\u2019\u00e9tat du corps indique par ailleurs qu\u2019il serait rest\u00e9 immerg\u00e9 pendant une dizaine de jours avant sa d\u00e9couverte.<\/p>\n<h3 data-section-id=\"1qb41z2\" data-start=\"1325\" data-end=\"1357\">Une alcoolisation importante<\/h3>\n<p data-start=\"1359\" data-end=\"1550\">Les analyses toxicologiques ont mis en \u00e9vidence un taux d\u2019alcool \u00e9lev\u00e9, s\u2019\u00e9levant \u00e0 2,38 grammes par litre de sang au moment des faits. Un \u00e9l\u00e9ment qui vient appuyer l\u2019hypoth\u00e8se d\u2019un accident.<\/p>\n<h3 data-section-id=\"1w8beou\" data-start=\"1552\" data-end=\"1586\">Une enqu\u00eate d\u00e9sormais orient\u00e9e<\/h3>\n<p data-start=\"1588\" data-end=\"1777\">Les investigations, men\u00e9es par la brigade de gendarmerie de Neufch\u00e2teau et la section de recherches de Nancy, ont permis de reconstituer le parcours du jeune homme au cours de cette soir\u00e9e.<\/p>\n<p data-start=\"1779\" data-end=\"1907\">Au regard de l\u2019ensemble des \u00e9l\u00e9ments recueillis, la justice privil\u00e9gie donc la piste d\u2019un accident, sans implication d\u2019un tiers.<\/p>\n\n\t\t<style type=\"text\/css\">\n\t\t\t#gallery-1 {\n\t\t\t\tmargin: auto;\n\t\t\t}\n\t\t\t#gallery-1 .gallery-item {\n\t\t\t\tfloat: left;\n\t\t\t\tmargin-top: 10px;\n\t\t\t\ttext-align: center;\n\t\t\t\twidth: 33%;\n\t\t\t}\n\t\t\t#gallery-1 img {\n\t\t\t\tborder: 2px solid #cfcfcf;\n\t\t\t}\n\t\t\t#gallery-1 .gallery-caption {\n\t\t\t\tmargin-left: 0;\n\t\t\t}\n\t\t\t\/* see gallery_shortcode() in wp-includes\/media.php *\/\n\t\t<\/style>\n\t\t<div id='gallery-1' class='gallery galleryid-90794 gallery-columns-3 gallery-size-thumbnail'><dl class='gallery-item'>\n\t\t\t<dt class='gallery-icon landscape'>\n\t\t\t\t<a href='https:\/\/vosgesinfo.fr\/app\/uploads\/sites\/6\/2026\/04\/procureur-de-la-republique-frederic-nahon4.jpg'><img decoding=\"async\" width=\"150\" height=\"150\" src=\"https:\/\/vosgesinfo.fr\/app\/uploads\/sites\/6\/2026\/04\/procureur-de-la-republique-frederic-nahon4-150x150.jpg\" class=\"attachment-thumbnail size-thumbnail\" alt=\"\" \/><\/a>\n\t\t\t<\/dt><\/dl><dl class='gallery-item'>\n\t\t\t<dt class='gallery-icon landscape'>\n\t\t\t\t<a href='https:\/\/vosgesinfo.fr\/app\/uploads\/sites\/6\/2026\/04\/procureur-de-la-republique-frederic-nahon5.jpg'><img decoding=\"async\" width=\"150\" height=\"150\" src=\"https:\/\/vosgesinfo.fr\/app\/uploads\/sites\/6\/2026\/04\/procureur-de-la-republique-frederic-nahon5-150x150.jpg\" class=\"attachment-thumbnail size-thumbnail\" alt=\"\" \/><\/a>\n\t\t\t<\/dt><\/dl><dl class='gallery-item'>\n\t\t\t<dt class='gallery-icon landscape'>\n\t\t\t\t<a href='https:\/\/vosgesinfo.fr\/app\/uploads\/sites\/6\/2026\/04\/procureur-de-la-republique-frederic-nahon6.jpg'><img decoding=\"async\" width=\"150\" height=\"150\" src=\"https:\/\/vosgesinfo.fr\/app\/uploads\/sites\/6\/2026\/04\/procureur-de-la-republique-frederic-nahon6-150x150.jpg\" class=\"attachment-thumbnail size-thumbnail\" alt=\"\" \/><\/a>\n\t\t\t<\/dt><\/dl><br style=\"clear: both\" \/>\n\t\t<\/div>\n\n","protected":false},"excerpt":{"rendered":"<p>Le parquet d\u2019\u00c9pinal a apport\u00e9 de nouveaux \u00e9l\u00e9ments ce lundi 27 avril 2026 concernant la disparition et le d\u00e9c\u00e8s de [&hellip;]<\/p>\n","protected":false},"author":52,"featured_media":90795,"comment_status":"open","ping_status":"open","sticky":false,"template":"","format":"standard","meta":{"footnotes":""},"categories":[20,878,1445,8,25,328,868,946],"tags":[],"class_list":["post-90794","post","type-post","status-publish","format-standard","has-post-thumbnail","hentry","category-a-la-une","category-epinal","category-fait-divers","category-faits-divers","category-gerardmer","category-la-plaine-des-vosges","category-remiremont","category-saint-die"],"acf":[],"yoast_head":"<!-- This site is optimized with the Yoast SEO plugin v22.5 - https:\/\/yoast.com\/wordpress\/plugins\/seo\/ -->\n<title>Mort de Bryan Muller : la piste de la noyade confirm\u00e9e par la justice - Gerardmer Info<\/title>\n<meta name=\"robots\" content=\"index, follow, max-snippet:-1, max-image-preview:large, max-video-preview:-1\" \/>\n<link rel=\"canonical\" href=\"https:\/\/vosgesinfo.fr\/gerardmerinfo\/2026\/04\/mort-de-bryan-muller-la-piste-de-la-noyade-confirmee-par-la-justice\/\" \/>\n<meta name=\"twitter:card\" content=\"summary_large_image\" \/>\n<meta name=\"twitter:title\" content=\"Mort de Bryan Muller : la piste de la noyade confirm\u00e9e par la justice - Gerardmer Info\" \/>\n<meta name=\"twitter:description\" content=\"Le parquet d\u2019\u00c9pinal a apport\u00e9 de nouveaux \u00e9l\u00e9ments ce lundi 27 avril 2026 concernant la disparition et le d\u00e9c\u00e8s de [&hellip;]\" \/>\n<meta name=\"twitter:image\" content=\"https:\/\/vosgesinfo.fr\/app\/uploads\/sites\/6\/2026\/04\/procureur-de-la-republique-frederic-nahon2.jpg\" \/>\n<meta name=\"twitter:creator\" content=\"@VosgesInfo88\" \/>\n<meta name=\"twitter:site\" content=\"@VosgesInfo88\" \/>\n<meta name=\"twitter:label1\" content=\"\u00c9crit par\" \/>\n\t<meta name=\"twitter:data1\" content=\"C.K.\" \/>\n\t<meta name=\"twitter:label2\" content=\"Dur\u00e9e de lecture estim\u00e9e\" \/>\n\t<meta name=\"twitter:data2\" content=\"2 minutes\" \/>\n<script type=\"application\/ld+json\" class=\"yoast-schema-graph\">{\"@context\":\"https:\/\/schema.org\",\"@graph\":[{\"@type\":\"Article\",\"@id\":\"https:\/\/vosgesinfo.fr\/gerardmerinfo\/2026\/04\/mort-de-bryan-muller-la-piste-de-la-noyade-confirmee-par-la-justice\/#article\",\"isPartOf\":{\"@id\":\"https:\/\/vosgesinfo.fr\/gerardmerinfo\/2026\/04\/mort-de-bryan-muller-la-piste-de-la-noyade-confirmee-par-la-justice\/\"},\"author\":{\"name\":\"C.K.\",\"@id\":\"https:\/\/vosgesinfo.fr\/gerardmerinfo\/#\/schema\/person\/6f9a650eeea99d969b6c4ab78fccbe81\"},\"headline\":\"Mort de Bryan Muller : la piste de la noyade confirm\u00e9e par la justice\",\"datePublished\":\"2026-04-27T10:23:34+00:00\",\"dateModified\":\"2026-04-27T10:23:34+00:00\",\"mainEntityOfPage\":{\"@id\":\"https:\/\/vosgesinfo.fr\/gerardmerinfo\/2026\/04\/mort-de-bryan-muller-la-piste-de-la-noyade-confirmee-par-la-justice\/\"},\"wordCount\":331,\"commentCount\":0,\"publisher\":{\"@id\":\"https:\/\/vosgesinfo.fr\/gerardmerinfo\/#organization\"},\"image\":{\"@id\":\"https:\/\/vosgesinfo.fr\/gerardmerinfo\/2026\/04\/mort-de-bryan-muller-la-piste-de-la-noyade-confirmee-par-la-justice\/#primaryimage\"},\"thumbnailUrl\":\"https:\/\/vosgesinfo.fr\/app\/uploads\/sites\/6\/2026\/04\/procureur-de-la-republique-frederic-nahon2.jpg\",\"articleSection\":[\"A la une\",\"Epinal\",\"Fait Divers\",\"Faits-divers\",\"G\u00e9rardmer\",\"La plaine des vosges\",\"Remiremont\",\"Saint-di\u00e9\"],\"inLanguage\":\"fr-FR\",\"potentialAction\":[{\"@type\":\"CommentAction\",\"name\":\"Comment\",\"target\":[\"https:\/\/vosgesinfo.fr\/gerardmerinfo\/2026\/04\/mort-de-bryan-muller-la-piste-de-la-noyade-confirmee-par-la-justice\/#respond\"]}]},{\"@type\":\"WebPage\",\"@id\":\"https:\/\/vosgesinfo.fr\/gerardmerinfo\/2026\/04\/mort-de-bryan-muller-la-piste-de-la-noyade-confirmee-par-la-justice\/\",\"url\":\"https:\/\/vosgesinfo.fr\/gerardmerinfo\/2026\/04\/mort-de-bryan-muller-la-piste-de-la-noyade-confirmee-par-la-justice\/\",\"name\":\"Mort de Bryan Muller : la piste de la noyade confirm\u00e9e par la justice - Gerardmer Info\",\"isPartOf\":{\"@id\":\"https:\/\/vosgesinfo.fr\/gerardmerinfo\/#website\"},\"primaryImageOfPage\":{\"@id\":\"https:\/\/vosgesinfo.fr\/gerardmerinfo\/2026\/04\/mort-de-bryan-muller-la-piste-de-la-noyade-confirmee-par-la-justice\/#primaryimage\"},\"image\":{\"@id\":\"https:\/\/vosgesinfo.fr\/gerardmerinfo\/2026\/04\/mort-de-bryan-muller-la-piste-de-la-noyade-confirmee-par-la-justice\/#primaryimage\"},\"thumbnailUrl\":\"https:\/\/vosgesinfo.fr\/app\/uploads\/sites\/6\/2026\/04\/procureur-de-la-republique-frederic-nahon2.jpg\",\"datePublished\":\"2026-04-27T10:23:34+00:00\",\"dateModified\":\"2026-04-27T10:23:34+00:00\",\"breadcrumb\":{\"@id\":\"https:\/\/vosgesinfo.fr\/gerardmerinfo\/2026\/04\/mort-de-bryan-muller-la-piste-de-la-noyade-confirmee-par-la-justice\/#breadcrumb\"},\"inLanguage\":\"fr-FR\",\"potentialAction\":[{\"@type\":\"ReadAction\",\"target\":[\"https:\/\/vosgesinfo.fr\/gerardmerinfo\/2026\/04\/mort-de-bryan-muller-la-piste-de-la-noyade-confirmee-par-la-justice\/\"]}]},{\"@type\":\"ImageObject\",\"inLanguage\":\"fr-FR\",\"@id\":\"https:\/\/vosgesinfo.fr\/gerardmerinfo\/2026\/04\/mort-de-bryan-muller-la-piste-de-la-noyade-confirmee-par-la-justice\/#primaryimage\",\"url\":\"https:\/\/vosgesinfo.fr\/app\/uploads\/sites\/6\/2026\/04\/procureur-de-la-republique-frederic-nahon2.jpg\",\"contentUrl\":\"https:\/\/vosgesinfo.fr\/app\/uploads\/sites\/6\/2026\/04\/procureur-de-la-republique-frederic-nahon2.jpg\",\"width\":2000,\"height\":1500},{\"@type\":\"BreadcrumbList\",\"@id\":\"https:\/\/vosgesinfo.fr\/gerardmerinfo\/2026\/04\/mort-de-bryan-muller-la-piste-de-la-noyade-confirmee-par-la-justice\/#breadcrumb\",\"itemListElement\":[{\"@type\":\"ListItem\",\"position\":1,\"name\":\"Home\",\"item\":\"https:\/\/vosgesinfo.fr\/gerardmerinfo\/\"},{\"@type\":\"ListItem\",\"position\":2,\"name\":\"Mort de Bryan Muller : la piste de la noyade confirm\u00e9e par la justice\"}]},{\"@type\":\"WebSite\",\"@id\":\"https:\/\/vosgesinfo.fr\/gerardmerinfo\/#website\",\"url\":\"https:\/\/vosgesinfo.fr\/gerardmerinfo\/\",\"name\":\"Gerardmer Info\",\"description\":\"Toute l&#039;actualit\u00e9 de G\u00e9rardmer\",\"publisher\":{\"@id\":\"https:\/\/vosgesinfo.fr\/gerardmerinfo\/#organization\"},\"alternateName\":\"Toute l'actualit\u00e9 de G\u00e9rardmer\",\"potentialAction\":[{\"@type\":\"SearchAction\",\"target\":{\"@type\":\"EntryPoint\",\"urlTemplate\":\"https:\/\/vosgesinfo.fr\/gerardmerinfo\/?s={search_term_string}\"},\"query-input\":\"required name=search_term_string\"}],\"inLanguage\":\"fr-FR\"},{\"@type\":\"Organization\",\"@id\":\"https:\/\/vosgesinfo.fr\/gerardmerinfo\/#organization\",\"name\":\"Gerardmer Info\",\"url\":\"https:\/\/vosgesinfo.fr\/gerardmerinfo\/\",\"logo\":{\"@type\":\"ImageObject\",\"inLanguage\":\"fr-FR\",\"@id\":\"https:\/\/vosgesinfo.fr\/gerardmerinfo\/#\/schema\/logo\/image\/\",\"url\":\"https:\/\/vosgesinfo.fr\/app\/uploads\/sites\/6\/2023\/08\/favicon-gerardmerinfo.png\",\"contentUrl\":\"https:\/\/vosgesinfo.fr\/app\/uploads\/sites\/6\/2023\/08\/favicon-gerardmerinfo.png\",\"width\":512,\"height\":512,\"caption\":\"Gerardmer Info\"},\"image\":{\"@id\":\"https:\/\/vosgesinfo.fr\/gerardmerinfo\/#\/schema\/logo\/image\/\"},\"sameAs\":[\"https:\/\/www.facebook.com\/profile.php?id=100049475262660\",\"https:\/\/x.com\/VosgesInfo88\",\"https:\/\/www.youtube.com\/@vosgesinfo\"]},{\"@type\":\"Person\",\"@id\":\"https:\/\/vosgesinfo.fr\/gerardmerinfo\/#\/schema\/person\/6f9a650eeea99d969b6c4ab78fccbe81\",\"name\":\"C.K.\",\"image\":{\"@type\":\"ImageObject\",\"inLanguage\":\"fr-FR\",\"@id\":\"https:\/\/vosgesinfo.fr\/gerardmerinfo\/#\/schema\/person\/image\/\",\"url\":\"https:\/\/secure.gravatar.com\/avatar\/48e3fc7f8421ba8942be6b74a2b7f014ca39bc00dece156b7a8e098ae7dc87bf?s=96&d=mm&r=g\",\"contentUrl\":\"https:\/\/secure.gravatar.com\/avatar\/48e3fc7f8421ba8942be6b74a2b7f014ca39bc00dece156b7a8e098ae7dc87bf?s=96&d=mm&r=g\",\"caption\":\"C.K.\"},\"url\":\"https:\/\/vosgesinfo.fr\/gerardmerinfo\/author\/celia-k-n\/\"}]}<\/script>\n<!-- \/ Yoast SEO plugin. -->","yoast_head_json":{"title":"Mort de Bryan Muller : la piste de la noyade confirm\u00e9e par la justice - Gerardmer Info","robots":{"index":"index","follow":"follow","max-snippet":"max-snippet:-1","max-image-preview":"max-image-preview:large","max-video-preview":"max-video-preview:-1"},"canonical":"https:\/\/vosgesinfo.fr\/gerardmerinfo\/2026\/04\/mort-de-bryan-muller-la-piste-de-la-noyade-confirmee-par-la-justice\/","twitter_card":"summary_large_image","twitter_title":"Mort de Bryan Muller : la piste de la noyade confirm\u00e9e par la justice - Gerardmer Info","twitter_description":"Le parquet d\u2019\u00c9pinal a apport\u00e9 de nouveaux \u00e9l\u00e9ments ce lundi 27 avril 2026 concernant la disparition et le d\u00e9c\u00e8s de [&hellip;]","twitter_image":"https:\/\/vosgesinfo.fr\/app\/uploads\/sites\/6\/2026\/04\/procureur-de-la-republique-frederic-nahon2.jpg","twitter_creator":"@VosgesInfo88","twitter_site":"@VosgesInfo88","twitter_misc":{"\u00c9crit par":"C.K.","Dur\u00e9e de lecture estim\u00e9e":"2 minutes"},"schema":{"@context":"https:\/\/schema.org","@graph":[{"@type":"Article","@id":"https:\/\/vosgesinfo.fr\/gerardmerinfo\/2026\/04\/mort-de-bryan-muller-la-piste-de-la-noyade-confirmee-par-la-justice\/#article","isPartOf":{"@id":"https:\/\/vosgesinfo.fr\/gerardmerinfo\/2026\/04\/mort-de-bryan-muller-la-piste-de-la-noyade-confirmee-par-la-justice\/"},"author":{"name":"C.K.","@id":"https:\/\/vosgesinfo.fr\/gerardmerinfo\/#\/schema\/person\/6f9a650eeea99d969b6c4ab78fccbe81"},"headline":"Mort de Bryan Muller : la piste de la noyade confirm\u00e9e par la justice","datePublished":"2026-04-27T10:23:34+00:00","dateModified":"2026-04-27T10:23:34+00:00","mainEntityOfPage":{"@id":"https:\/\/vosgesinfo.fr\/gerardmerinfo\/2026\/04\/mort-de-bryan-muller-la-piste-de-la-noyade-confirmee-par-la-justice\/"},"wordCount":331,"commentCount":0,"publisher":{"@id":"https:\/\/vosgesinfo.fr\/gerardmerinfo\/#organization"},"image":{"@id":"https:\/\/vosgesinfo.fr\/gerardmerinfo\/2026\/04\/mort-de-bryan-muller-la-piste-de-la-noyade-confirmee-par-la-justice\/#primaryimage"},"thumbnailUrl":"https:\/\/vosgesinfo.fr\/app\/uploads\/sites\/6\/2026\/04\/procureur-de-la-republique-frederic-nahon2.jpg","articleSection":["A la une","Epinal","Fait Divers","Faits-divers","G\u00e9rardmer","La plaine des vosges","Remiremont","Saint-di\u00e9"],"inLanguage":"fr-FR","potentialAction":[{"@type":"CommentAction","name":"Comment","target":["https:\/\/vosgesinfo.fr\/gerardmerinfo\/2026\/04\/mort-de-bryan-muller-la-piste-de-la-noyade-confirmee-par-la-justice\/#respond"]}]},{"@type":"WebPage","@id":"https:\/\/vosgesinfo.fr\/gerardmerinfo\/2026\/04\/mort-de-bryan-muller-la-piste-de-la-noyade-confirmee-par-la-justice\/","url":"https:\/\/vosgesinfo.fr\/gerardmerinfo\/2026\/04\/mort-de-bryan-muller-la-piste-de-la-noyade-confirmee-par-la-justice\/","name":"Mort de Bryan Muller : la piste de la noyade confirm\u00e9e par la justice - Gerardmer Info","isPartOf":{"@id":"https:\/\/vosgesinfo.fr\/gerardmerinfo\/#website"},"primaryImageOfPage":{"@id":"https:\/\/vosgesinfo.fr\/gerardmerinfo\/2026\/04\/mort-de-bryan-muller-la-piste-de-la-noyade-confirmee-par-la-justice\/#primaryimage"},"image":{"@id":"https:\/\/vosgesinfo.fr\/gerardmerinfo\/2026\/04\/mort-de-bryan-muller-la-piste-de-la-noyade-confirmee-par-la-justice\/#primaryimage"},"thumbnailUrl":"https:\/\/vosgesinfo.fr\/app\/uploads\/sites\/6\/2026\/04\/procureur-de-la-republique-frederic-nahon2.jpg","datePublished":"2026-04-27T10:23:34+00:00","dateModified":"2026-04-27T10:23:34+00:00","breadcrumb":{"@id":"https:\/\/vosgesinfo.fr\/gerardmerinfo\/2026\/04\/mort-de-bryan-muller-la-piste-de-la-noyade-confirmee-par-la-justice\/#breadcrumb"},"inLanguage":"fr-FR","potentialAction":[{"@type":"ReadAction","target":["https:\/\/vosgesinfo.fr\/gerardmerinfo\/2026\/04\/mort-de-bryan-muller-la-piste-de-la-noyade-confirmee-par-la-justice\/"]}]},{"@type":"ImageObject","inLanguage":"fr-FR","@id":"https:\/\/vosgesinfo.fr\/gerardmerinfo\/2026\/04\/mort-de-bryan-muller-la-piste-de-la-noyade-confirmee-par-la-justice\/#primaryimage","url":"https:\/\/vosgesinfo.fr\/app\/uploads\/sites\/6\/2026\/04\/procureur-de-la-republique-frederic-nahon2.jpg","contentUrl":"https:\/\/vosgesinfo.fr\/app\/uploads\/sites\/6\/2026\/04\/procureur-de-la-republique-frederic-nahon2.jpg","width":2000,"height":1500},{"@type":"BreadcrumbList","@id":"https:\/\/vosgesinfo.fr\/gerardmerinfo\/2026\/04\/mort-de-bryan-muller-la-piste-de-la-noyade-confirmee-par-la-justice\/#breadcrumb","itemListElement":[{"@type":"ListItem","position":1,"name":"Home","item":"https:\/\/vosgesinfo.fr\/gerardmerinfo\/"},{"@type":"ListItem","position":2,"name":"Mort de Bryan Muller : la piste de la noyade confirm\u00e9e par la justice"}]},{"@type":"WebSite","@id":"https:\/\/vosgesinfo.fr\/gerardmerinfo\/#website","url":"https:\/\/vosgesinfo.fr\/gerardmerinfo\/","name":"Gerardmer Info","description":"Toute l&#039;actualit\u00e9 de G\u00e9rardmer","publisher":{"@id":"https:\/\/vosgesinfo.fr\/gerardmerinfo\/#organization"},"alternateName":"Toute l'actualit\u00e9 de G\u00e9rardmer","potentialAction":[{"@type":"SearchAction","target":{"@type":"EntryPoint","urlTemplate":"https:\/\/vosgesinfo.fr\/gerardmerinfo\/?s={search_term_string}"},"query-input":"required name=search_term_string"}],"inLanguage":"fr-FR"},{"@type":"Organization","@id":"https:\/\/vosgesinfo.fr\/gerardmerinfo\/#organization","name":"Gerardmer Info","url":"https:\/\/vosgesinfo.fr\/gerardmerinfo\/","logo":{"@type":"ImageObject","inLanguage":"fr-FR","@id":"https:\/\/vosgesinfo.fr\/gerardmerinfo\/#\/schema\/logo\/image\/","url":"https:\/\/vosgesinfo.fr\/app\/uploads\/sites\/6\/2023\/08\/favicon-gerardmerinfo.png","contentUrl":"https:\/\/vosgesinfo.fr\/app\/uploads\/sites\/6\/2023\/08\/favicon-gerardmerinfo.png","width":512,"height":512,"caption":"Gerardmer Info"},"image":{"@id":"https:\/\/vosgesinfo.fr\/gerardmerinfo\/#\/schema\/logo\/image\/"},"sameAs":["https:\/\/www.facebook.com\/profile.php?id=100049475262660","https:\/\/x.com\/VosgesInfo88","https:\/\/www.youtube.com\/@vosgesinfo"]},{"@type":"Person","@id":"https:\/\/vosgesinfo.fr\/gerardmerinfo\/#\/schema\/person\/6f9a650eeea99d969b6c4ab78fccbe81","name":"C.K.","image":{"@type":"ImageObject","inLanguage":"fr-FR","@id":"https:\/\/vosgesinfo.fr\/gerardmerinfo\/#\/schema\/person\/image\/","url":"https:\/\/secure.gravatar.com\/avatar\/48e3fc7f8421ba8942be6b74a2b7f014ca39bc00dece156b7a8e098ae7dc87bf?s=96&d=mm&r=g","contentUrl":"https:\/\/secure.gravatar.com\/avatar\/48e3fc7f8421ba8942be6b74a2b7f014ca39bc00dece156b7a8e098ae7dc87bf?s=96&d=mm&r=g","caption":"C.K."},"url":"https:\/\/vosgesinfo.fr\/gerardmerinfo\/author\/celia-k-n\/"}]}},"_links":{"self":[{"href":"https:\/\/vosgesinfo.fr\/gerardmerinfo\/wp-json\/wp\/v2\/posts\/90794","targetHints":{"allow":["GET"]}}],"collection":[{"href":"https:\/\/vosgesinfo.fr\/gerardmerinfo\/wp-json\/wp\/v2\/posts"}],"about":[{"href":"https:\/\/vosgesinfo.fr\/gerardmerinfo\/wp-json\/wp\/v2\/types\/post"}],"author":[{"embeddable":true,"href":"https:\/\/vosgesinfo.fr\/gerardmerinfo\/wp-json\/wp\/v2\/users\/52"}],"replies":[{"embeddable":true,"href":"https:\/\/vosgesinfo.fr\/gerardmerinfo\/wp-json\/wp\/v2\/comments?post=90794"}],"version-history":[{"count":0,"href":"https:\/\/vosgesinfo.fr\/gerardmerinfo\/wp-json\/wp\/v2\/posts\/90794\/revisions"}],"wp:featuredmedia":[{"embeddable":true,"href":"https:\/\/vosgesinfo.fr\/gerardmerinfo\/wp-json\/wp\/v2\/media\/90795"}],"wp:attachment":[{"href":"https:\/\/vosgesinfo.fr\/gerardmerinfo\/wp-json\/wp\/v2\/media?parent=90794"}],"wp:term":[{"taxonomy":"category","embeddable":true,"href":"https:\/\/vosgesinfo.fr\/gerardmerinfo\/wp-json\/wp\/v2\/categories?post=90794"},{"taxonomy":"post_tag","embeddable":true,"href":"https:\/\/vosgesinfo.fr\/gerardmerinfo\/wp-json\/wp\/v2\/tags?post=90794"}],"curies":[{"name":"wp","href":"https:\/\/api.w.org\/{rel}","templated":true}]}}