{"id":90798,"date":"2026-04-27T13:33:48","date_gmt":"2026-04-27T11:33:48","guid":{"rendered":"https:\/\/vosgesinfo.fr\/gerardmerinfo\/?p=90798"},"modified":"2026-04-27T13:33:48","modified_gmt":"2026-04-27T11:33:48","slug":"droits-en-sante-les-representants-des-usagers-presents-dans-les-etablissements-des-hopitaux-du-massif-des-vosges","status":"publish","type":"post","link":"https:\/\/vosgesinfo.fr\/gerardmerinfo\/2026\/04\/droits-en-sante-les-representants-des-usagers-presents-dans-les-etablissements-des-hopitaux-du-massif-des-vosges\/","title":{"rendered":"Droits en sant\u00e9 : les repr\u00e9sentants des usagers pr\u00e9sents dans les \u00e9tablissements des H\u00f4pitaux du Massif des Vosges"},"content":{"rendered":"<p><a href=\"https:\/\/vosgesinfo.fr\/app\/uploads\/sites\/4\/2026\/04\/representants-usagers-hmv.jpg\"><img decoding=\"async\" class=\"alignnone size-large wp-image-90685\" src=\"https:\/\/vosgesinfo.fr\/app\/uploads\/sites\/4\/2026\/04\/representants-usagers-hmv-1024x872.jpg\" alt=\"\" width=\"1024\" height=\"872\" \/><\/a><\/p>\n<h2>Les <strong>repr\u00e9sentants des usagers<\/strong> seront pr\u00e9sents en mai sur plusieurs sites des <strong>H\u00f4pitaux du Massif des Vosges \u2013 HMV \u2013<\/strong> dans le cadre de la <strong>Journ\u00e9e europ\u00e9enne de vos droits en sant\u00e9 2026<\/strong>. Ces temps d\u2019\u00e9change permettront aux usagers de s\u2019informer sur leurs <strong>droits en sant\u00e9<\/strong> et de poser leurs questions directement sur place.<\/h2>\n<p><!--more--><\/p>\n<h3><strong>Quatre sites concern\u00e9s en mai<\/strong><\/h3>\n<p>Les rencontres se d\u00e9rouleront <strong>lundi 4 mai \u00e0 G\u00e9rardmer<\/strong>, <strong>mardi 5 mai \u00e0 Fraize<\/strong>, <strong>lundi 11 mai \u00e0 Saint-Di\u00e9-des-Vosges<\/strong> et <strong>mercredi 13 mai \u00e0 Moyenmoutier<\/strong>. Elles s\u2019inscrivent dans la campagne \u00ab <strong>Soigne tes droits<\/strong> \u00bb, port\u00e9e par <strong>France Assos Sant\u00e9<\/strong>, avec un message simple : pour faire valoir ses droits en sant\u00e9, il faut les conna\u00eetre.<\/p>\n<h3><strong>Des \u00e9changes avec les repr\u00e9sentants des usagers<\/strong><\/h3>\n<p>Les repr\u00e9sentants des usagers ont pour r\u00f4le d\u2019accompagner, d\u2019informer et de faire remonter les attentes des <strong>patients et de leurs proches<\/strong> au sein des <strong>\u00e9tablissements de sant\u00e9<\/strong>. Leur pr\u00e9sence sur les diff\u00e9rents sites des HMV offrira un contact direct aux personnes souhaitant mieux comprendre leurs droits ou \u00e9voquer une situation li\u00e9e \u00e0 leur <strong>parcours de soins<\/strong>.<\/p>\n","protected":false},"excerpt":{"rendered":"<p>Les repr\u00e9sentants des usagers seront pr\u00e9sents en mai sur plusieurs sites des H\u00f4pitaux du Massif des Vosges \u2013 HMV \u2013 [&hellip;]<\/p>\n","protected":false},"author":46,"featured_media":90799,"comment_status":"open","ping_status":"open","sticky":false,"template":"","format":"standard","meta":{"footnotes":""},"categories":[20,871,25,908,12],"tags":[8823,1302,8824,1039,1424,1425,8307,7391,8061],"class_list":["post-90798","post","type-post","status-publish","format-standard","has-post-thumbnail","hentry","category-a-la-une","category-deodatie","category-gerardmer","category-saint-die-des-vosges-et-son-agglomeration","category-sante","tag-droits-en-sante","tag-fraize","tag-france-assos-sante","tag-gerardmer","tag-hmv","tag-hopitaux-du-massif-des-vosges","tag-moyenmoutier","tag-representants-des-usagers","tag-saint-die-des-vosges"],"acf":[],"yoast_head":"<!-- This site is optimized with the Yoast SEO plugin v22.5 - https:\/\/yoast.com\/wordpress\/plugins\/seo\/ -->\n<title>Droits en sant\u00e9 : les repr\u00e9sentants des usagers pr\u00e9sents dans les \u00e9tablissements des H\u00f4pitaux du Massif des Vosges - Gerardmer Info<\/title>\n<meta name=\"robots\" content=\"index, follow, max-snippet:-1, max-image-preview:large, max-video-preview:-1\" \/>\n<link rel=\"canonical\" href=\"https:\/\/vosgesinfo.fr\/gerardmerinfo\/2026\/04\/droits-en-sante-les-representants-des-usagers-presents-dans-les-etablissements-des-hopitaux-du-massif-des-vosges\/\" \/>\n<meta name=\"twitter:card\" content=\"summary_large_image\" \/>\n<meta name=\"twitter:title\" content=\"Droits en sant\u00e9 : les repr\u00e9sentants des usagers pr\u00e9sents dans les \u00e9tablissements des H\u00f4pitaux du Massif des Vosges - Gerardmer Info\" \/>\n<meta name=\"twitter:description\" content=\"Les repr\u00e9sentants des usagers seront pr\u00e9sents en mai sur plusieurs sites des H\u00f4pitaux du Massif des Vosges \u2013 HMV \u2013 [&hellip;]\" \/>\n<meta name=\"twitter:image\" content=\"https:\/\/vosgesinfo.fr\/app\/uploads\/sites\/6\/2026\/04\/representants-usagers-hmv.jpg\" \/>\n<meta name=\"twitter:creator\" content=\"@VosgesInfo88\" \/>\n<meta name=\"twitter:site\" content=\"@VosgesInfo88\" \/>\n<meta name=\"twitter:label1\" content=\"\u00c9crit par\" \/>\n\t<meta name=\"twitter:data1\" content=\"J.J.\" \/>\n\t<meta name=\"twitter:label2\" content=\"Dur\u00e9e de lecture estim\u00e9e\" \/>\n\t<meta name=\"twitter:data2\" content=\"1 minute\" \/>\n<script type=\"application\/ld+json\" class=\"yoast-schema-graph\">{\"@context\":\"https:\/\/schema.org\",\"@graph\":[{\"@type\":\"Article\",\"@id\":\"https:\/\/vosgesinfo.fr\/gerardmerinfo\/2026\/04\/droits-en-sante-les-representants-des-usagers-presents-dans-les-etablissements-des-hopitaux-du-massif-des-vosges\/#article\",\"isPartOf\":{\"@id\":\"https:\/\/vosgesinfo.fr\/gerardmerinfo\/2026\/04\/droits-en-sante-les-representants-des-usagers-presents-dans-les-etablissements-des-hopitaux-du-massif-des-vosges\/\"},\"author\":{\"name\":\"J.J.\",\"@id\":\"https:\/\/vosgesinfo.fr\/gerardmerinfo\/#\/schema\/person\/fa73e9f726d67bb88f46d5b7943cb572\"},\"headline\":\"Droits en sant\u00e9 : les repr\u00e9sentants des usagers pr\u00e9sents dans les \u00e9tablissements des H\u00f4pitaux du Massif des Vosges\",\"datePublished\":\"2026-04-27T11:33:48+00:00\",\"dateModified\":\"2026-04-27T11:33:48+00:00\",\"mainEntityOfPage\":{\"@id\":\"https:\/\/vosgesinfo.fr\/gerardmerinfo\/2026\/04\/droits-en-sante-les-representants-des-usagers-presents-dans-les-etablissements-des-hopitaux-du-massif-des-vosges\/\"},\"wordCount\":205,\"commentCount\":0,\"publisher\":{\"@id\":\"https:\/\/vosgesinfo.fr\/gerardmerinfo\/#organization\"},\"image\":{\"@id\":\"https:\/\/vosgesinfo.fr\/gerardmerinfo\/2026\/04\/droits-en-sante-les-representants-des-usagers-presents-dans-les-etablissements-des-hopitaux-du-massif-des-vosges\/#primaryimage\"},\"thumbnailUrl\":\"https:\/\/vosgesinfo.fr\/app\/uploads\/sites\/6\/2026\/04\/representants-usagers-hmv.jpg\",\"keywords\":[\"droits en sant\u00e9\",\"Fraize\",\"France Assos Sant\u00e9\",\"G\u00e9rardmer\",\"HMV\",\"H\u00f4pitaux du Massif des Vosges\",\"Moyenmoutier\",\"Repr\u00e9sentants des Usagers\",\"Saint-Di\u00e9-des-Vosges\"],\"articleSection\":[\"A la une\",\"D\u00e9odatie\",\"G\u00e9rardmer\",\"Saint-Di\u00e9-des-Vosges et son Agglom\u00e9ration\",\"Sant\u00e9\"],\"inLanguage\":\"fr-FR\",\"potentialAction\":[{\"@type\":\"CommentAction\",\"name\":\"Comment\",\"target\":[\"https:\/\/vosgesinfo.fr\/gerardmerinfo\/2026\/04\/droits-en-sante-les-representants-des-usagers-presents-dans-les-etablissements-des-hopitaux-du-massif-des-vosges\/#respond\"]}]},{\"@type\":\"WebPage\",\"@id\":\"https:\/\/vosgesinfo.fr\/gerardmerinfo\/2026\/04\/droits-en-sante-les-representants-des-usagers-presents-dans-les-etablissements-des-hopitaux-du-massif-des-vosges\/\",\"url\":\"https:\/\/vosgesinfo.fr\/gerardmerinfo\/2026\/04\/droits-en-sante-les-representants-des-usagers-presents-dans-les-etablissements-des-hopitaux-du-massif-des-vosges\/\",\"name\":\"Droits en sant\u00e9 : les repr\u00e9sentants des usagers pr\u00e9sents dans les \u00e9tablissements des H\u00f4pitaux du Massif des Vosges - Gerardmer Info\",\"isPartOf\":{\"@id\":\"https:\/\/vosgesinfo.fr\/gerardmerinfo\/#website\"},\"primaryImageOfPage\":{\"@id\":\"https:\/\/vosgesinfo.fr\/gerardmerinfo\/2026\/04\/droits-en-sante-les-representants-des-usagers-presents-dans-les-etablissements-des-hopitaux-du-massif-des-vosges\/#primaryimage\"},\"image\":{\"@id\":\"https:\/\/vosgesinfo.fr\/gerardmerinfo\/2026\/04\/droits-en-sante-les-representants-des-usagers-presents-dans-les-etablissements-des-hopitaux-du-massif-des-vosges\/#primaryimage\"},\"thumbnailUrl\":\"https:\/\/vosgesinfo.fr\/app\/uploads\/sites\/6\/2026\/04\/representants-usagers-hmv.jpg\",\"datePublished\":\"2026-04-27T11:33:48+00:00\",\"dateModified\":\"2026-04-27T11:33:48+00:00\",\"breadcrumb\":{\"@id\":\"https:\/\/vosgesinfo.fr\/gerardmerinfo\/2026\/04\/droits-en-sante-les-representants-des-usagers-presents-dans-les-etablissements-des-hopitaux-du-massif-des-vosges\/#breadcrumb\"},\"inLanguage\":\"fr-FR\",\"potentialAction\":[{\"@type\":\"ReadAction\",\"target\":[\"https:\/\/vosgesinfo.fr\/gerardmerinfo\/2026\/04\/droits-en-sante-les-representants-des-usagers-presents-dans-les-etablissements-des-hopitaux-du-massif-des-vosges\/\"]}]},{\"@type\":\"ImageObject\",\"inLanguage\":\"fr-FR\",\"@id\":\"https:\/\/vosgesinfo.fr\/gerardmerinfo\/2026\/04\/droits-en-sante-les-representants-des-usagers-presents-dans-les-etablissements-des-hopitaux-du-massif-des-vosges\/#primaryimage\",\"url\":\"https:\/\/vosgesinfo.fr\/app\/uploads\/sites\/6\/2026\/04\/representants-usagers-hmv.jpg\",\"contentUrl\":\"https:\/\/vosgesinfo.fr\/app\/uploads\/sites\/6\/2026\/04\/representants-usagers-hmv.jpg\",\"width\":1365,\"height\":1162},{\"@type\":\"BreadcrumbList\",\"@id\":\"https:\/\/vosgesinfo.fr\/gerardmerinfo\/2026\/04\/droits-en-sante-les-representants-des-usagers-presents-dans-les-etablissements-des-hopitaux-du-massif-des-vosges\/#breadcrumb\",\"itemListElement\":[{\"@type\":\"ListItem\",\"position\":1,\"name\":\"Home\",\"item\":\"https:\/\/vosgesinfo.fr\/gerardmerinfo\/\"},{\"@type\":\"ListItem\",\"position\":2,\"name\":\"Droits en sant\u00e9 : les repr\u00e9sentants des usagers pr\u00e9sents dans les \u00e9tablissements des H\u00f4pitaux du Massif des Vosges\"}]},{\"@type\":\"WebSite\",\"@id\":\"https:\/\/vosgesinfo.fr\/gerardmerinfo\/#website\",\"url\":\"https:\/\/vosgesinfo.fr\/gerardmerinfo\/\",\"name\":\"Gerardmer Info\",\"description\":\"Toute l&#039;actualit\u00e9 de G\u00e9rardmer\",\"publisher\":{\"@id\":\"https:\/\/vosgesinfo.fr\/gerardmerinfo\/#organization\"},\"alternateName\":\"Toute l'actualit\u00e9 de G\u00e9rardmer\",\"potentialAction\":[{\"@type\":\"SearchAction\",\"target\":{\"@type\":\"EntryPoint\",\"urlTemplate\":\"https:\/\/vosgesinfo.fr\/gerardmerinfo\/?s={search_term_string}\"},\"query-input\":\"required name=search_term_string\"}],\"inLanguage\":\"fr-FR\"},{\"@type\":\"Organization\",\"@id\":\"https:\/\/vosgesinfo.fr\/gerardmerinfo\/#organization\",\"name\":\"Gerardmer Info\",\"url\":\"https:\/\/vosgesinfo.fr\/gerardmerinfo\/\",\"logo\":{\"@type\":\"ImageObject\",\"inLanguage\":\"fr-FR\",\"@id\":\"https:\/\/vosgesinfo.fr\/gerardmerinfo\/#\/schema\/logo\/image\/\",\"url\":\"https:\/\/vosgesinfo.fr\/app\/uploads\/sites\/6\/2023\/08\/favicon-gerardmerinfo.png\",\"contentUrl\":\"https:\/\/vosgesinfo.fr\/app\/uploads\/sites\/6\/2023\/08\/favicon-gerardmerinfo.png\",\"width\":512,\"height\":512,\"caption\":\"Gerardmer Info\"},\"image\":{\"@id\":\"https:\/\/vosgesinfo.fr\/gerardmerinfo\/#\/schema\/logo\/image\/\"},\"sameAs\":[\"https:\/\/www.facebook.com\/profile.php?id=100049475262660\",\"https:\/\/x.com\/VosgesInfo88\",\"https:\/\/www.youtube.com\/@vosgesinfo\"]},{\"@type\":\"Person\",\"@id\":\"https:\/\/vosgesinfo.fr\/gerardmerinfo\/#\/schema\/person\/fa73e9f726d67bb88f46d5b7943cb572\",\"name\":\"J.J.\",\"image\":{\"@type\":\"ImageObject\",\"inLanguage\":\"fr-FR\",\"@id\":\"https:\/\/vosgesinfo.fr\/gerardmerinfo\/#\/schema\/person\/image\/\",\"url\":\"https:\/\/secure.gravatar.com\/avatar\/219e749e47ffbcca018a360ae4add7d4cdf1cdaaf8bc7676b27efade3fe65615?s=96&d=mm&r=g\",\"contentUrl\":\"https:\/\/secure.gravatar.com\/avatar\/219e749e47ffbcca018a360ae4add7d4cdf1cdaaf8bc7676b27efade3fe65615?s=96&d=mm&r=g\",\"caption\":\"J.J.\"},\"url\":\"https:\/\/vosgesinfo.fr\/gerardmerinfo\/author\/j-j\/\"}]}<\/script>\n<!-- \/ Yoast SEO plugin. -->","yoast_head_json":{"title":"Droits en sant\u00e9 : les repr\u00e9sentants des usagers pr\u00e9sents dans les \u00e9tablissements des H\u00f4pitaux du Massif des Vosges - Gerardmer Info","robots":{"index":"index","follow":"follow","max-snippet":"max-snippet:-1","max-image-preview":"max-image-preview:large","max-video-preview":"max-video-preview:-1"},"canonical":"https:\/\/vosgesinfo.fr\/gerardmerinfo\/2026\/04\/droits-en-sante-les-representants-des-usagers-presents-dans-les-etablissements-des-hopitaux-du-massif-des-vosges\/","twitter_card":"summary_large_image","twitter_title":"Droits en sant\u00e9 : les repr\u00e9sentants des usagers pr\u00e9sents dans les \u00e9tablissements des H\u00f4pitaux du Massif des Vosges - Gerardmer Info","twitter_description":"Les repr\u00e9sentants des usagers seront pr\u00e9sents en mai sur plusieurs sites des H\u00f4pitaux du Massif des Vosges \u2013 HMV \u2013 [&hellip;]","twitter_image":"https:\/\/vosgesinfo.fr\/app\/uploads\/sites\/6\/2026\/04\/representants-usagers-hmv.jpg","twitter_creator":"@VosgesInfo88","twitter_site":"@VosgesInfo88","twitter_misc":{"\u00c9crit par":"J.J.","Dur\u00e9e de lecture estim\u00e9e":"1 minute"},"schema":{"@context":"https:\/\/schema.org","@graph":[{"@type":"Article","@id":"https:\/\/vosgesinfo.fr\/gerardmerinfo\/2026\/04\/droits-en-sante-les-representants-des-usagers-presents-dans-les-etablissements-des-hopitaux-du-massif-des-vosges\/#article","isPartOf":{"@id":"https:\/\/vosgesinfo.fr\/gerardmerinfo\/2026\/04\/droits-en-sante-les-representants-des-usagers-presents-dans-les-etablissements-des-hopitaux-du-massif-des-vosges\/"},"author":{"name":"J.J.","@id":"https:\/\/vosgesinfo.fr\/gerardmerinfo\/#\/schema\/person\/fa73e9f726d67bb88f46d5b7943cb572"},"headline":"Droits en sant\u00e9 : les repr\u00e9sentants des usagers pr\u00e9sents dans les \u00e9tablissements des H\u00f4pitaux du Massif des Vosges","datePublished":"2026-04-27T11:33:48+00:00","dateModified":"2026-04-27T11:33:48+00:00","mainEntityOfPage":{"@id":"https:\/\/vosgesinfo.fr\/gerardmerinfo\/2026\/04\/droits-en-sante-les-representants-des-usagers-presents-dans-les-etablissements-des-hopitaux-du-massif-des-vosges\/"},"wordCount":205,"commentCount":0,"publisher":{"@id":"https:\/\/vosgesinfo.fr\/gerardmerinfo\/#organization"},"image":{"@id":"https:\/\/vosgesinfo.fr\/gerardmerinfo\/2026\/04\/droits-en-sante-les-representants-des-usagers-presents-dans-les-etablissements-des-hopitaux-du-massif-des-vosges\/#primaryimage"},"thumbnailUrl":"https:\/\/vosgesinfo.fr\/app\/uploads\/sites\/6\/2026\/04\/representants-usagers-hmv.jpg","keywords":["droits en sant\u00e9","Fraize","France Assos Sant\u00e9","G\u00e9rardmer","HMV","H\u00f4pitaux du Massif des Vosges","Moyenmoutier","Repr\u00e9sentants des Usagers","Saint-Di\u00e9-des-Vosges"],"articleSection":["A la une","D\u00e9odatie","G\u00e9rardmer","Saint-Di\u00e9-des-Vosges et son Agglom\u00e9ration","Sant\u00e9"],"inLanguage":"fr-FR","potentialAction":[{"@type":"CommentAction","name":"Comment","target":["https:\/\/vosgesinfo.fr\/gerardmerinfo\/2026\/04\/droits-en-sante-les-representants-des-usagers-presents-dans-les-etablissements-des-hopitaux-du-massif-des-vosges\/#respond"]}]},{"@type":"WebPage","@id":"https:\/\/vosgesinfo.fr\/gerardmerinfo\/2026\/04\/droits-en-sante-les-representants-des-usagers-presents-dans-les-etablissements-des-hopitaux-du-massif-des-vosges\/","url":"https:\/\/vosgesinfo.fr\/gerardmerinfo\/2026\/04\/droits-en-sante-les-representants-des-usagers-presents-dans-les-etablissements-des-hopitaux-du-massif-des-vosges\/","name":"Droits en sant\u00e9 : les repr\u00e9sentants des usagers pr\u00e9sents dans les \u00e9tablissements des H\u00f4pitaux du Massif des Vosges - Gerardmer Info","isPartOf":{"@id":"https:\/\/vosgesinfo.fr\/gerardmerinfo\/#website"},"primaryImageOfPage":{"@id":"https:\/\/vosgesinfo.fr\/gerardmerinfo\/2026\/04\/droits-en-sante-les-representants-des-usagers-presents-dans-les-etablissements-des-hopitaux-du-massif-des-vosges\/#primaryimage"},"image":{"@id":"https:\/\/vosgesinfo.fr\/gerardmerinfo\/2026\/04\/droits-en-sante-les-representants-des-usagers-presents-dans-les-etablissements-des-hopitaux-du-massif-des-vosges\/#primaryimage"},"thumbnailUrl":"https:\/\/vosgesinfo.fr\/app\/uploads\/sites\/6\/2026\/04\/representants-usagers-hmv.jpg","datePublished":"2026-04-27T11:33:48+00:00","dateModified":"2026-04-27T11:33:48+00:00","breadcrumb":{"@id":"https:\/\/vosgesinfo.fr\/gerardmerinfo\/2026\/04\/droits-en-sante-les-representants-des-usagers-presents-dans-les-etablissements-des-hopitaux-du-massif-des-vosges\/#breadcrumb"},"inLanguage":"fr-FR","potentialAction":[{"@type":"ReadAction","target":["https:\/\/vosgesinfo.fr\/gerardmerinfo\/2026\/04\/droits-en-sante-les-representants-des-usagers-presents-dans-les-etablissements-des-hopitaux-du-massif-des-vosges\/"]}]},{"@type":"ImageObject","inLanguage":"fr-FR","@id":"https:\/\/vosgesinfo.fr\/gerardmerinfo\/2026\/04\/droits-en-sante-les-representants-des-usagers-presents-dans-les-etablissements-des-hopitaux-du-massif-des-vosges\/#primaryimage","url":"https:\/\/vosgesinfo.fr\/app\/uploads\/sites\/6\/2026\/04\/representants-usagers-hmv.jpg","contentUrl":"https:\/\/vosgesinfo.fr\/app\/uploads\/sites\/6\/2026\/04\/representants-usagers-hmv.jpg","width":1365,"height":1162},{"@type":"BreadcrumbList","@id":"https:\/\/vosgesinfo.fr\/gerardmerinfo\/2026\/04\/droits-en-sante-les-representants-des-usagers-presents-dans-les-etablissements-des-hopitaux-du-massif-des-vosges\/#breadcrumb","itemListElement":[{"@type":"ListItem","position":1,"name":"Home","item":"https:\/\/vosgesinfo.fr\/gerardmerinfo\/"},{"@type":"ListItem","position":2,"name":"Droits en sant\u00e9 : les repr\u00e9sentants des usagers pr\u00e9sents dans les \u00e9tablissements des H\u00f4pitaux du Massif des Vosges"}]},{"@type":"WebSite","@id":"https:\/\/vosgesinfo.fr\/gerardmerinfo\/#website","url":"https:\/\/vosgesinfo.fr\/gerardmerinfo\/","name":"Gerardmer Info","description":"Toute l&#039;actualit\u00e9 de G\u00e9rardmer","publisher":{"@id":"https:\/\/vosgesinfo.fr\/gerardmerinfo\/#organization"},"alternateName":"Toute l'actualit\u00e9 de G\u00e9rardmer","potentialAction":[{"@type":"SearchAction","target":{"@type":"EntryPoint","urlTemplate":"https:\/\/vosgesinfo.fr\/gerardmerinfo\/?s={search_term_string}"},"query-input":"required name=search_term_string"}],"inLanguage":"fr-FR"},{"@type":"Organization","@id":"https:\/\/vosgesinfo.fr\/gerardmerinfo\/#organization","name":"Gerardmer Info","url":"https:\/\/vosgesinfo.fr\/gerardmerinfo\/","logo":{"@type":"ImageObject","inLanguage":"fr-FR","@id":"https:\/\/vosgesinfo.fr\/gerardmerinfo\/#\/schema\/logo\/image\/","url":"https:\/\/vosgesinfo.fr\/app\/uploads\/sites\/6\/2023\/08\/favicon-gerardmerinfo.png","contentUrl":"https:\/\/vosgesinfo.fr\/app\/uploads\/sites\/6\/2023\/08\/favicon-gerardmerinfo.png","width":512,"height":512,"caption":"Gerardmer Info"},"image":{"@id":"https:\/\/vosgesinfo.fr\/gerardmerinfo\/#\/schema\/logo\/image\/"},"sameAs":["https:\/\/www.facebook.com\/profile.php?id=100049475262660","https:\/\/x.com\/VosgesInfo88","https:\/\/www.youtube.com\/@vosgesinfo"]},{"@type":"Person","@id":"https:\/\/vosgesinfo.fr\/gerardmerinfo\/#\/schema\/person\/fa73e9f726d67bb88f46d5b7943cb572","name":"J.J.","image":{"@type":"ImageObject","inLanguage":"fr-FR","@id":"https:\/\/vosgesinfo.fr\/gerardmerinfo\/#\/schema\/person\/image\/","url":"https:\/\/secure.gravatar.com\/avatar\/219e749e47ffbcca018a360ae4add7d4cdf1cdaaf8bc7676b27efade3fe65615?s=96&d=mm&r=g","contentUrl":"https:\/\/secure.gravatar.com\/avatar\/219e749e47ffbcca018a360ae4add7d4cdf1cdaaf8bc7676b27efade3fe65615?s=96&d=mm&r=g","caption":"J.J."},"url":"https:\/\/vosgesinfo.fr\/gerardmerinfo\/author\/j-j\/"}]}},"_links":{"self":[{"href":"https:\/\/vosgesinfo.fr\/gerardmerinfo\/wp-json\/wp\/v2\/posts\/90798","targetHints":{"allow":["GET"]}}],"collection":[{"href":"https:\/\/vosgesinfo.fr\/gerardmerinfo\/wp-json\/wp\/v2\/posts"}],"about":[{"href":"https:\/\/vosgesinfo.fr\/gerardmerinfo\/wp-json\/wp\/v2\/types\/post"}],"author":[{"embeddable":true,"href":"https:\/\/vosgesinfo.fr\/gerardmerinfo\/wp-json\/wp\/v2\/users\/46"}],"replies":[{"embeddable":true,"href":"https:\/\/vosgesinfo.fr\/gerardmerinfo\/wp-json\/wp\/v2\/comments?post=90798"}],"version-history":[{"count":1,"href":"https:\/\/vosgesinfo.fr\/gerardmerinfo\/wp-json\/wp\/v2\/posts\/90798\/revisions"}],"predecessor-version":[{"id":90801,"href":"https:\/\/vosgesinfo.fr\/gerardmerinfo\/wp-json\/wp\/v2\/posts\/90798\/revisions\/90801"}],"wp:featuredmedia":[{"embeddable":true,"href":"https:\/\/vosgesinfo.fr\/gerardmerinfo\/wp-json\/wp\/v2\/media\/90799"}],"wp:attachment":[{"href":"https:\/\/vosgesinfo.fr\/gerardmerinfo\/wp-json\/wp\/v2\/media?parent=90798"}],"wp:term":[{"taxonomy":"category","embeddable":true,"href":"https:\/\/vosgesinfo.fr\/gerardmerinfo\/wp-json\/wp\/v2\/categories?post=90798"},{"taxonomy":"post_tag","embeddable":true,"href":"https:\/\/vosgesinfo.fr\/gerardmerinfo\/wp-json\/wp\/v2\/tags?post=90798"}],"curies":[{"name":"wp","href":"https:\/\/api.w.org\/{rel}","templated":true}]}}