{"id":90802,"date":"2026-04-28T06:33:16","date_gmt":"2026-04-28T04:33:16","guid":{"rendered":"https:\/\/vosgesinfo.fr\/gerardmerinfo\/?p=90802"},"modified":"2026-04-28T06:33:16","modified_gmt":"2026-04-28T04:33:16","slug":"la-vallee-de-la-haute-meurthe-passe-de-la-terre-a-la-terre-avec-la-36e-semaine-des-arts","status":"publish","type":"post","link":"https:\/\/vosgesinfo.fr\/gerardmerinfo\/2026\/04\/la-vallee-de-la-haute-meurthe-passe-de-la-terre-a-la-terre-avec-la-36e-semaine-des-arts\/","title":{"rendered":"La Vall\u00e9e de la Haute-Meurthe passe \u00ab de la terre \u00e0 la Terre \u00bb avec la 36e Semaine des Arts"},"content":{"rendered":"<div id=\"attachment_78441\" style=\"width: 1034px\" class=\"wp-caption alignnone\"><a href=\"https:\/\/vosgesinfo.fr\/app\/uploads\/sites\/4\/2025\/05\/saulcy-sur-meurthe-exposition-gaep-35e-semaine-des-arts-2.jpg\"><img decoding=\"async\" aria-describedby=\"caption-attachment-78441\" class=\"size-large wp-image-78441\" src=\"https:\/\/vosgesinfo.fr\/app\/uploads\/sites\/4\/2025\/05\/saulcy-sur-meurthe-exposition-gaep-35e-semaine-des-arts-2-1024x682.jpg\" alt=\"\" width=\"1024\" height=\"682\" \/><\/a><p id=\"caption-attachment-78441\" class=\"wp-caption-text\">Archive. (Photographie Marc Fourniquet)<\/p><\/div>\n<h2>La <strong>36e Semaine des Arts<\/strong> se d\u00e9roulera durant le week-end de l\u2019Ascension, soit du jeudi 14 au dimanche 17 mai, autour du th\u00e8me \u00ab <strong>de la terre \u00e0 la Terre<\/strong> \u00bb. Toujours organis\u00e9e par <strong>Saint-L\u00e9on\u2019Art Expression<\/strong>, avec les <strong>Jeunesses Musicales de France \u2013 JMF \u2013<\/strong>, cette \u00e9dition 2026 r\u00e9unira, dans les communes de la <strong>Vall\u00e9e de la Haute-Meurthe<\/strong>, des expositions, concerts et animations pour les enfants, un parcours Artrek et la remise de prix.<\/h2>\n<p><!--more--><\/p>\n<h3><strong>Une inauguration \u00e0 Saint-L\u00e9onard<\/strong><\/h3>\n<p>Le programme d\u00e9butera mercredi 13 mai, \u00e0 20 h 30, \u00e0 la salle du cin\u00e9ma de <strong>Plainfaing<\/strong>, avec en guise de prologue le concert de l\u2019<strong>Union Musicale<\/strong> dirig\u00e9e par <strong>Jean-Michel C\u00e9judo<\/strong>. L\u2019inauguration aura lieu le lendemain jeudi 14 mai, \u00e0 11 h, \u00e0 la salle des f\u00eates de <strong>Saint-L\u00e9onard<\/strong>, en pr\u00e9sence de <strong>Martine Hollard<\/strong>, c\u00e9ramiste et <strong>marraine<\/strong> de cette \u00e9dition. Une rencontre avec l\u2019artiste suivra \u00e0 14 h 30 dans la salle sous l\u2019\u00e9glise.<\/p>\n<h3><strong>Plusieurs concerts au fil du week-end<\/strong><\/h3>\n<p>Jeudi soir, l\u2019\u00e9glise de Saint-L\u00e9onard accueillera le concert \u00ab <strong>Viva Italia<\/strong> \u00bb, avec <strong>Jean-Jacques Boulet<\/strong> \u00e0 l\u2019accord\u00e9on et <strong>Sapio Tramakidze<\/strong> au violon. Vendredi 15 mai, \u00e0 20 h, l\u2019\u00e9glise de <strong>Taintrux<\/strong> recevra <strong>The Good Fortune Tellers<\/strong> pour un concert orgue et voix, entre musiques m\u00e9ditatives et jazz. Samedi 16 mai, des animations pour les enfants auront lieu \u00e0 Saint-L\u00e9onard, avant l\u2019inauguration de la balade photographique \u00ab <strong>Paysages hivernaux<\/strong> \u00bb au <strong>Lan\u00e7oir<\/strong>, puis un concert pop rock celtique irlandais d\u2019<strong>Iascapall<\/strong> \u00e0 <strong>Saulcy-sur-Meurthe<\/strong>.<\/p>\n<h3><strong>Des expositions dans plusieurs communes<\/strong><\/h3>\n<p>Les expositions seront ouvertes du jeudi au dimanche \u00e0 <strong>Mandray, Plainfaing, Saint-L\u00e9onard, Saulcy-sur-Meurthe, Taintrux, Le Valtin, Anould, Ban-sur-Meurthe-Clefcy, Entre-deux-Eaux et Fraize<\/strong>. Elles r\u00e9uniront artistes locaux et r\u00e9gionaux, enfants des \u00e9coles, associations et ateliers autour de plusieurs disciplines : <strong>c\u00e9ramique, arts graphiques, artisanat d\u2019art, photographie, peinture sur soie, travaux sur verre et arts plastiques<\/strong>. Plusieurs sites d\u00e9clineront aussi le th\u00e8me \u00ab de la terre \u00e0 la Terre \u00bb, notamment \u00e0 travers des \u0153uvres d\u2019\u00e9l\u00e8ves, une balade photographique au Lan\u00e7oir et des cr\u00e9ations autour des th\u00e8mes \u00ab <strong>Solitude<\/strong> \u00bb ou \u00ab <strong>Objets<\/strong> \u00bb.<\/p>\n<h3><strong>Artrek, jeu et prix<\/strong><\/h3>\n<p>Le parcours <strong>Artrek<\/strong> permettra de relier certaines \u00e9tapes \u00e0 pied, accompagn\u00e9 sur les sentiers, avec une carte tamponn\u00e9e au d\u00e9part et \u00e0 l\u2019arriv\u00e9e. Un jeu autour de l\u2019\u00ab <strong>objet insolite<\/strong> \u00bb invitera aussi le public \u00e0 retrouver un objet s\u00e9lectionn\u00e9 dans chaque exposition. La remise des prix aura lieu un petit peu plus tard, le mercredi 20 mai \u00e0 18 h 30 \u00e0 Plainfaing, avec le <strong>Prix Astrid<\/strong>, le <strong>Prix des municipalit\u00e9s<\/strong> et le <strong>Prix du Cr\u00e9dit Agricole<\/strong>.<\/p>\n<h3><strong>Renseignements pratiques et programme complet<\/strong><\/h3>\n<p>Renseignements compl\u00e9mentaires aupr\u00e8s de Saint-L\u00e9on\u2019Art Expression par courriel \u00e0 <strong><a href=\"mailto:saintleonartexpression@gmail.com\" target=\"_blank\" rel=\"noopener\">saintleonartexpression@gmail.com<\/a><\/strong> ou par t\u00e9l\u00e9phone au <strong>03-29-50-03-64<\/strong>.<\/p>\n<p>Le programme complet est disponible sur le site de l\u2019association : <strong><a href=\"https:\/\/www.saintleonartexpression.fr\" target=\"_blank\" rel=\"noopener\">www.saintleonartexpression.fr<\/a><\/strong>.<\/p>\n<p><a href=\"https:\/\/vosgesinfo.fr\/app\/uploads\/sites\/4\/2026\/04\/vallee-haute-meurthe-36e-semaine-des-arts.jpg\"><img decoding=\"async\" class=\"alignnone size-large wp-image-90698\" src=\"https:\/\/vosgesinfo.fr\/app\/uploads\/sites\/4\/2026\/04\/vallee-haute-meurthe-36e-semaine-des-arts-724x1024.jpg\" alt=\"\" width=\"724\" height=\"1024\" \/><\/a><\/p>\n","protected":false},"excerpt":{"rendered":"<p>La 36e Semaine des Arts se d\u00e9roulera durant le week-end de l\u2019Ascension, soit du jeudi 14 au dimanche 17 mai, [&hellip;]<\/p>\n","protected":false},"author":46,"featured_media":90803,"comment_status":"open","ping_status":"open","sticky":false,"template":"","format":"standard","meta":{"footnotes":""},"categories":[20,6320,34,871,25,17,18],"tags":[8825,1467,5533,8826,8827,252,6000,5782,7205],"class_list":["post-90802","post","type-post","status-publish","format-standard","has-post-thumbnail","hentry","category-a-la-une","category-art","category-concert","category-deodatie","category-gerardmer","category-vie-associative","category-vosges","tag-artrek","tag-concerts","tag-expositions","tag-haute-meurthe","tag-martine-hollard","tag-plainfaing","tag-saint-leonart-expression","tag-saint-leonard","tag-semaine-des-arts"],"acf":[],"yoast_head":"<!-- This site is optimized with the Yoast SEO plugin v22.5 - https:\/\/yoast.com\/wordpress\/plugins\/seo\/ -->\n<title>La Vall\u00e9e de la Haute-Meurthe passe \u00ab de la terre \u00e0 la Terre \u00bb avec la 36e Semaine des Arts - Gerardmer Info<\/title>\n<meta name=\"robots\" content=\"index, follow, max-snippet:-1, max-image-preview:large, max-video-preview:-1\" \/>\n<link rel=\"canonical\" href=\"https:\/\/vosgesinfo.fr\/gerardmerinfo\/2026\/04\/la-vallee-de-la-haute-meurthe-passe-de-la-terre-a-la-terre-avec-la-36e-semaine-des-arts\/\" \/>\n<meta name=\"twitter:card\" content=\"summary_large_image\" \/>\n<meta name=\"twitter:title\" content=\"La Vall\u00e9e de la Haute-Meurthe passe \u00ab de la terre \u00e0 la Terre \u00bb avec la 36e Semaine des Arts - Gerardmer Info\" \/>\n<meta name=\"twitter:description\" content=\"La 36e Semaine des Arts se d\u00e9roulera durant le week-end de l\u2019Ascension, soit du jeudi 14 au dimanche 17 mai, [&hellip;]\" \/>\n<meta name=\"twitter:image\" content=\"https:\/\/vosgesinfo.fr\/app\/uploads\/sites\/6\/2026\/04\/saulcy-sur-meurthe-exposition-gaep-35e-semaine-des-arts-2.jpg\" \/>\n<meta name=\"twitter:creator\" content=\"@VosgesInfo88\" \/>\n<meta name=\"twitter:site\" content=\"@VosgesInfo88\" \/>\n<meta name=\"twitter:label1\" content=\"\u00c9crit par\" \/>\n\t<meta name=\"twitter:data1\" content=\"J.J.\" \/>\n\t<meta name=\"twitter:label2\" content=\"Dur\u00e9e de lecture estim\u00e9e\" \/>\n\t<meta name=\"twitter:data2\" content=\"2 minutes\" \/>\n<script type=\"application\/ld+json\" class=\"yoast-schema-graph\">{\"@context\":\"https:\/\/schema.org\",\"@graph\":[{\"@type\":\"Article\",\"@id\":\"https:\/\/vosgesinfo.fr\/gerardmerinfo\/2026\/04\/la-vallee-de-la-haute-meurthe-passe-de-la-terre-a-la-terre-avec-la-36e-semaine-des-arts\/#article\",\"isPartOf\":{\"@id\":\"https:\/\/vosgesinfo.fr\/gerardmerinfo\/2026\/04\/la-vallee-de-la-haute-meurthe-passe-de-la-terre-a-la-terre-avec-la-36e-semaine-des-arts\/\"},\"author\":{\"name\":\"J.J.\",\"@id\":\"https:\/\/vosgesinfo.fr\/gerardmerinfo\/#\/schema\/person\/fa73e9f726d67bb88f46d5b7943cb572\"},\"headline\":\"La Vall\u00e9e de la Haute-Meurthe passe \u00ab de la terre \u00e0 la Terre \u00bb avec la 36e Semaine des Arts\",\"datePublished\":\"2026-04-28T04:33:16+00:00\",\"dateModified\":\"2026-04-28T04:33:16+00:00\",\"mainEntityOfPage\":{\"@id\":\"https:\/\/vosgesinfo.fr\/gerardmerinfo\/2026\/04\/la-vallee-de-la-haute-meurthe-passe-de-la-terre-a-la-terre-avec-la-36e-semaine-des-arts\/\"},\"wordCount\":489,\"commentCount\":0,\"publisher\":{\"@id\":\"https:\/\/vosgesinfo.fr\/gerardmerinfo\/#organization\"},\"image\":{\"@id\":\"https:\/\/vosgesinfo.fr\/gerardmerinfo\/2026\/04\/la-vallee-de-la-haute-meurthe-passe-de-la-terre-a-la-terre-avec-la-36e-semaine-des-arts\/#primaryimage\"},\"thumbnailUrl\":\"https:\/\/vosgesinfo.fr\/app\/uploads\/sites\/6\/2026\/04\/saulcy-sur-meurthe-exposition-gaep-35e-semaine-des-arts-2.jpg\",\"keywords\":[\"Artrek\",\"concerts\",\"expositions\",\"Haute-Meurthe\",\"Martine Hollard\",\"Plainfaing\",\"Saint-L\u00e9on'Art Expression\",\"Saint-L\u00e9onard\",\"Semaine des Arts\"],\"articleSection\":[\"A la une\",\"Art\",\"Concert\",\"D\u00e9odatie\",\"G\u00e9rardmer\",\"Vie Associative\",\"Vosges\"],\"inLanguage\":\"fr-FR\",\"potentialAction\":[{\"@type\":\"CommentAction\",\"name\":\"Comment\",\"target\":[\"https:\/\/vosgesinfo.fr\/gerardmerinfo\/2026\/04\/la-vallee-de-la-haute-meurthe-passe-de-la-terre-a-la-terre-avec-la-36e-semaine-des-arts\/#respond\"]}]},{\"@type\":\"WebPage\",\"@id\":\"https:\/\/vosgesinfo.fr\/gerardmerinfo\/2026\/04\/la-vallee-de-la-haute-meurthe-passe-de-la-terre-a-la-terre-avec-la-36e-semaine-des-arts\/\",\"url\":\"https:\/\/vosgesinfo.fr\/gerardmerinfo\/2026\/04\/la-vallee-de-la-haute-meurthe-passe-de-la-terre-a-la-terre-avec-la-36e-semaine-des-arts\/\",\"name\":\"La Vall\u00e9e de la Haute-Meurthe passe \u00ab de la terre \u00e0 la Terre \u00bb avec la 36e Semaine des Arts - Gerardmer Info\",\"isPartOf\":{\"@id\":\"https:\/\/vosgesinfo.fr\/gerardmerinfo\/#website\"},\"primaryImageOfPage\":{\"@id\":\"https:\/\/vosgesinfo.fr\/gerardmerinfo\/2026\/04\/la-vallee-de-la-haute-meurthe-passe-de-la-terre-a-la-terre-avec-la-36e-semaine-des-arts\/#primaryimage\"},\"image\":{\"@id\":\"https:\/\/vosgesinfo.fr\/gerardmerinfo\/2026\/04\/la-vallee-de-la-haute-meurthe-passe-de-la-terre-a-la-terre-avec-la-36e-semaine-des-arts\/#primaryimage\"},\"thumbnailUrl\":\"https:\/\/vosgesinfo.fr\/app\/uploads\/sites\/6\/2026\/04\/saulcy-sur-meurthe-exposition-gaep-35e-semaine-des-arts-2.jpg\",\"datePublished\":\"2026-04-28T04:33:16+00:00\",\"dateModified\":\"2026-04-28T04:33:16+00:00\",\"breadcrumb\":{\"@id\":\"https:\/\/vosgesinfo.fr\/gerardmerinfo\/2026\/04\/la-vallee-de-la-haute-meurthe-passe-de-la-terre-a-la-terre-avec-la-36e-semaine-des-arts\/#breadcrumb\"},\"inLanguage\":\"fr-FR\",\"potentialAction\":[{\"@type\":\"ReadAction\",\"target\":[\"https:\/\/vosgesinfo.fr\/gerardmerinfo\/2026\/04\/la-vallee-de-la-haute-meurthe-passe-de-la-terre-a-la-terre-avec-la-36e-semaine-des-arts\/\"]}]},{\"@type\":\"ImageObject\",\"inLanguage\":\"fr-FR\",\"@id\":\"https:\/\/vosgesinfo.fr\/gerardmerinfo\/2026\/04\/la-vallee-de-la-haute-meurthe-passe-de-la-terre-a-la-terre-avec-la-36e-semaine-des-arts\/#primaryimage\",\"url\":\"https:\/\/vosgesinfo.fr\/app\/uploads\/sites\/6\/2026\/04\/saulcy-sur-meurthe-exposition-gaep-35e-semaine-des-arts-2.jpg\",\"contentUrl\":\"https:\/\/vosgesinfo.fr\/app\/uploads\/sites\/6\/2026\/04\/saulcy-sur-meurthe-exposition-gaep-35e-semaine-des-arts-2.jpg\",\"width\":1200,\"height\":799},{\"@type\":\"BreadcrumbList\",\"@id\":\"https:\/\/vosgesinfo.fr\/gerardmerinfo\/2026\/04\/la-vallee-de-la-haute-meurthe-passe-de-la-terre-a-la-terre-avec-la-36e-semaine-des-arts\/#breadcrumb\",\"itemListElement\":[{\"@type\":\"ListItem\",\"position\":1,\"name\":\"Home\",\"item\":\"https:\/\/vosgesinfo.fr\/gerardmerinfo\/\"},{\"@type\":\"ListItem\",\"position\":2,\"name\":\"La Vall\u00e9e de la Haute-Meurthe passe \u00ab de la terre \u00e0 la Terre \u00bb avec la 36e Semaine des Arts\"}]},{\"@type\":\"WebSite\",\"@id\":\"https:\/\/vosgesinfo.fr\/gerardmerinfo\/#website\",\"url\":\"https:\/\/vosgesinfo.fr\/gerardmerinfo\/\",\"name\":\"Gerardmer Info\",\"description\":\"Toute l&#039;actualit\u00e9 de G\u00e9rardmer\",\"publisher\":{\"@id\":\"https:\/\/vosgesinfo.fr\/gerardmerinfo\/#organization\"},\"alternateName\":\"Toute l'actualit\u00e9 de G\u00e9rardmer\",\"potentialAction\":[{\"@type\":\"SearchAction\",\"target\":{\"@type\":\"EntryPoint\",\"urlTemplate\":\"https:\/\/vosgesinfo.fr\/gerardmerinfo\/?s={search_term_string}\"},\"query-input\":\"required name=search_term_string\"}],\"inLanguage\":\"fr-FR\"},{\"@type\":\"Organization\",\"@id\":\"https:\/\/vosgesinfo.fr\/gerardmerinfo\/#organization\",\"name\":\"Gerardmer Info\",\"url\":\"https:\/\/vosgesinfo.fr\/gerardmerinfo\/\",\"logo\":{\"@type\":\"ImageObject\",\"inLanguage\":\"fr-FR\",\"@id\":\"https:\/\/vosgesinfo.fr\/gerardmerinfo\/#\/schema\/logo\/image\/\",\"url\":\"https:\/\/vosgesinfo.fr\/app\/uploads\/sites\/6\/2023\/08\/favicon-gerardmerinfo.png\",\"contentUrl\":\"https:\/\/vosgesinfo.fr\/app\/uploads\/sites\/6\/2023\/08\/favicon-gerardmerinfo.png\",\"width\":512,\"height\":512,\"caption\":\"Gerardmer Info\"},\"image\":{\"@id\":\"https:\/\/vosgesinfo.fr\/gerardmerinfo\/#\/schema\/logo\/image\/\"},\"sameAs\":[\"https:\/\/www.facebook.com\/profile.php?id=100049475262660\",\"https:\/\/x.com\/VosgesInfo88\",\"https:\/\/www.youtube.com\/@vosgesinfo\"]},{\"@type\":\"Person\",\"@id\":\"https:\/\/vosgesinfo.fr\/gerardmerinfo\/#\/schema\/person\/fa73e9f726d67bb88f46d5b7943cb572\",\"name\":\"J.J.\",\"image\":{\"@type\":\"ImageObject\",\"inLanguage\":\"fr-FR\",\"@id\":\"https:\/\/vosgesinfo.fr\/gerardmerinfo\/#\/schema\/person\/image\/\",\"url\":\"https:\/\/secure.gravatar.com\/avatar\/219e749e47ffbcca018a360ae4add7d4cdf1cdaaf8bc7676b27efade3fe65615?s=96&d=mm&r=g\",\"contentUrl\":\"https:\/\/secure.gravatar.com\/avatar\/219e749e47ffbcca018a360ae4add7d4cdf1cdaaf8bc7676b27efade3fe65615?s=96&d=mm&r=g\",\"caption\":\"J.J.\"},\"url\":\"https:\/\/vosgesinfo.fr\/gerardmerinfo\/author\/j-j\/\"}]}<\/script>\n<!-- \/ Yoast SEO plugin. -->","yoast_head_json":{"title":"La Vall\u00e9e de la Haute-Meurthe passe \u00ab de la terre \u00e0 la Terre \u00bb avec la 36e Semaine des Arts - Gerardmer Info","robots":{"index":"index","follow":"follow","max-snippet":"max-snippet:-1","max-image-preview":"max-image-preview:large","max-video-preview":"max-video-preview:-1"},"canonical":"https:\/\/vosgesinfo.fr\/gerardmerinfo\/2026\/04\/la-vallee-de-la-haute-meurthe-passe-de-la-terre-a-la-terre-avec-la-36e-semaine-des-arts\/","twitter_card":"summary_large_image","twitter_title":"La Vall\u00e9e de la Haute-Meurthe passe \u00ab de la terre \u00e0 la Terre \u00bb avec la 36e Semaine des Arts - Gerardmer Info","twitter_description":"La 36e Semaine des Arts se d\u00e9roulera durant le week-end de l\u2019Ascension, soit du jeudi 14 au dimanche 17 mai, [&hellip;]","twitter_image":"https:\/\/vosgesinfo.fr\/app\/uploads\/sites\/6\/2026\/04\/saulcy-sur-meurthe-exposition-gaep-35e-semaine-des-arts-2.jpg","twitter_creator":"@VosgesInfo88","twitter_site":"@VosgesInfo88","twitter_misc":{"\u00c9crit par":"J.J.","Dur\u00e9e de lecture estim\u00e9e":"2 minutes"},"schema":{"@context":"https:\/\/schema.org","@graph":[{"@type":"Article","@id":"https:\/\/vosgesinfo.fr\/gerardmerinfo\/2026\/04\/la-vallee-de-la-haute-meurthe-passe-de-la-terre-a-la-terre-avec-la-36e-semaine-des-arts\/#article","isPartOf":{"@id":"https:\/\/vosgesinfo.fr\/gerardmerinfo\/2026\/04\/la-vallee-de-la-haute-meurthe-passe-de-la-terre-a-la-terre-avec-la-36e-semaine-des-arts\/"},"author":{"name":"J.J.","@id":"https:\/\/vosgesinfo.fr\/gerardmerinfo\/#\/schema\/person\/fa73e9f726d67bb88f46d5b7943cb572"},"headline":"La Vall\u00e9e de la Haute-Meurthe passe \u00ab de la terre \u00e0 la Terre \u00bb avec la 36e Semaine des Arts","datePublished":"2026-04-28T04:33:16+00:00","dateModified":"2026-04-28T04:33:16+00:00","mainEntityOfPage":{"@id":"https:\/\/vosgesinfo.fr\/gerardmerinfo\/2026\/04\/la-vallee-de-la-haute-meurthe-passe-de-la-terre-a-la-terre-avec-la-36e-semaine-des-arts\/"},"wordCount":489,"commentCount":0,"publisher":{"@id":"https:\/\/vosgesinfo.fr\/gerardmerinfo\/#organization"},"image":{"@id":"https:\/\/vosgesinfo.fr\/gerardmerinfo\/2026\/04\/la-vallee-de-la-haute-meurthe-passe-de-la-terre-a-la-terre-avec-la-36e-semaine-des-arts\/#primaryimage"},"thumbnailUrl":"https:\/\/vosgesinfo.fr\/app\/uploads\/sites\/6\/2026\/04\/saulcy-sur-meurthe-exposition-gaep-35e-semaine-des-arts-2.jpg","keywords":["Artrek","concerts","expositions","Haute-Meurthe","Martine Hollard","Plainfaing","Saint-L\u00e9on'Art Expression","Saint-L\u00e9onard","Semaine des Arts"],"articleSection":["A la une","Art","Concert","D\u00e9odatie","G\u00e9rardmer","Vie Associative","Vosges"],"inLanguage":"fr-FR","potentialAction":[{"@type":"CommentAction","name":"Comment","target":["https:\/\/vosgesinfo.fr\/gerardmerinfo\/2026\/04\/la-vallee-de-la-haute-meurthe-passe-de-la-terre-a-la-terre-avec-la-36e-semaine-des-arts\/#respond"]}]},{"@type":"WebPage","@id":"https:\/\/vosgesinfo.fr\/gerardmerinfo\/2026\/04\/la-vallee-de-la-haute-meurthe-passe-de-la-terre-a-la-terre-avec-la-36e-semaine-des-arts\/","url":"https:\/\/vosgesinfo.fr\/gerardmerinfo\/2026\/04\/la-vallee-de-la-haute-meurthe-passe-de-la-terre-a-la-terre-avec-la-36e-semaine-des-arts\/","name":"La Vall\u00e9e de la Haute-Meurthe passe \u00ab de la terre \u00e0 la Terre \u00bb avec la 36e Semaine des Arts - Gerardmer Info","isPartOf":{"@id":"https:\/\/vosgesinfo.fr\/gerardmerinfo\/#website"},"primaryImageOfPage":{"@id":"https:\/\/vosgesinfo.fr\/gerardmerinfo\/2026\/04\/la-vallee-de-la-haute-meurthe-passe-de-la-terre-a-la-terre-avec-la-36e-semaine-des-arts\/#primaryimage"},"image":{"@id":"https:\/\/vosgesinfo.fr\/gerardmerinfo\/2026\/04\/la-vallee-de-la-haute-meurthe-passe-de-la-terre-a-la-terre-avec-la-36e-semaine-des-arts\/#primaryimage"},"thumbnailUrl":"https:\/\/vosgesinfo.fr\/app\/uploads\/sites\/6\/2026\/04\/saulcy-sur-meurthe-exposition-gaep-35e-semaine-des-arts-2.jpg","datePublished":"2026-04-28T04:33:16+00:00","dateModified":"2026-04-28T04:33:16+00:00","breadcrumb":{"@id":"https:\/\/vosgesinfo.fr\/gerardmerinfo\/2026\/04\/la-vallee-de-la-haute-meurthe-passe-de-la-terre-a-la-terre-avec-la-36e-semaine-des-arts\/#breadcrumb"},"inLanguage":"fr-FR","potentialAction":[{"@type":"ReadAction","target":["https:\/\/vosgesinfo.fr\/gerardmerinfo\/2026\/04\/la-vallee-de-la-haute-meurthe-passe-de-la-terre-a-la-terre-avec-la-36e-semaine-des-arts\/"]}]},{"@type":"ImageObject","inLanguage":"fr-FR","@id":"https:\/\/vosgesinfo.fr\/gerardmerinfo\/2026\/04\/la-vallee-de-la-haute-meurthe-passe-de-la-terre-a-la-terre-avec-la-36e-semaine-des-arts\/#primaryimage","url":"https:\/\/vosgesinfo.fr\/app\/uploads\/sites\/6\/2026\/04\/saulcy-sur-meurthe-exposition-gaep-35e-semaine-des-arts-2.jpg","contentUrl":"https:\/\/vosgesinfo.fr\/app\/uploads\/sites\/6\/2026\/04\/saulcy-sur-meurthe-exposition-gaep-35e-semaine-des-arts-2.jpg","width":1200,"height":799},{"@type":"BreadcrumbList","@id":"https:\/\/vosgesinfo.fr\/gerardmerinfo\/2026\/04\/la-vallee-de-la-haute-meurthe-passe-de-la-terre-a-la-terre-avec-la-36e-semaine-des-arts\/#breadcrumb","itemListElement":[{"@type":"ListItem","position":1,"name":"Home","item":"https:\/\/vosgesinfo.fr\/gerardmerinfo\/"},{"@type":"ListItem","position":2,"name":"La Vall\u00e9e de la Haute-Meurthe passe \u00ab de la terre \u00e0 la Terre \u00bb avec la 36e Semaine des Arts"}]},{"@type":"WebSite","@id":"https:\/\/vosgesinfo.fr\/gerardmerinfo\/#website","url":"https:\/\/vosgesinfo.fr\/gerardmerinfo\/","name":"Gerardmer Info","description":"Toute l&#039;actualit\u00e9 de G\u00e9rardmer","publisher":{"@id":"https:\/\/vosgesinfo.fr\/gerardmerinfo\/#organization"},"alternateName":"Toute l'actualit\u00e9 de G\u00e9rardmer","potentialAction":[{"@type":"SearchAction","target":{"@type":"EntryPoint","urlTemplate":"https:\/\/vosgesinfo.fr\/gerardmerinfo\/?s={search_term_string}"},"query-input":"required name=search_term_string"}],"inLanguage":"fr-FR"},{"@type":"Organization","@id":"https:\/\/vosgesinfo.fr\/gerardmerinfo\/#organization","name":"Gerardmer Info","url":"https:\/\/vosgesinfo.fr\/gerardmerinfo\/","logo":{"@type":"ImageObject","inLanguage":"fr-FR","@id":"https:\/\/vosgesinfo.fr\/gerardmerinfo\/#\/schema\/logo\/image\/","url":"https:\/\/vosgesinfo.fr\/app\/uploads\/sites\/6\/2023\/08\/favicon-gerardmerinfo.png","contentUrl":"https:\/\/vosgesinfo.fr\/app\/uploads\/sites\/6\/2023\/08\/favicon-gerardmerinfo.png","width":512,"height":512,"caption":"Gerardmer Info"},"image":{"@id":"https:\/\/vosgesinfo.fr\/gerardmerinfo\/#\/schema\/logo\/image\/"},"sameAs":["https:\/\/www.facebook.com\/profile.php?id=100049475262660","https:\/\/x.com\/VosgesInfo88","https:\/\/www.youtube.com\/@vosgesinfo"]},{"@type":"Person","@id":"https:\/\/vosgesinfo.fr\/gerardmerinfo\/#\/schema\/person\/fa73e9f726d67bb88f46d5b7943cb572","name":"J.J.","image":{"@type":"ImageObject","inLanguage":"fr-FR","@id":"https:\/\/vosgesinfo.fr\/gerardmerinfo\/#\/schema\/person\/image\/","url":"https:\/\/secure.gravatar.com\/avatar\/219e749e47ffbcca018a360ae4add7d4cdf1cdaaf8bc7676b27efade3fe65615?s=96&d=mm&r=g","contentUrl":"https:\/\/secure.gravatar.com\/avatar\/219e749e47ffbcca018a360ae4add7d4cdf1cdaaf8bc7676b27efade3fe65615?s=96&d=mm&r=g","caption":"J.J."},"url":"https:\/\/vosgesinfo.fr\/gerardmerinfo\/author\/j-j\/"}]}},"_links":{"self":[{"href":"https:\/\/vosgesinfo.fr\/gerardmerinfo\/wp-json\/wp\/v2\/posts\/90802","targetHints":{"allow":["GET"]}}],"collection":[{"href":"https:\/\/vosgesinfo.fr\/gerardmerinfo\/wp-json\/wp\/v2\/posts"}],"about":[{"href":"https:\/\/vosgesinfo.fr\/gerardmerinfo\/wp-json\/wp\/v2\/types\/post"}],"author":[{"embeddable":true,"href":"https:\/\/vosgesinfo.fr\/gerardmerinfo\/wp-json\/wp\/v2\/users\/46"}],"replies":[{"embeddable":true,"href":"https:\/\/vosgesinfo.fr\/gerardmerinfo\/wp-json\/wp\/v2\/comments?post=90802"}],"version-history":[{"count":1,"href":"https:\/\/vosgesinfo.fr\/gerardmerinfo\/wp-json\/wp\/v2\/posts\/90802\/revisions"}],"predecessor-version":[{"id":90813,"href":"https:\/\/vosgesinfo.fr\/gerardmerinfo\/wp-json\/wp\/v2\/posts\/90802\/revisions\/90813"}],"wp:featuredmedia":[{"embeddable":true,"href":"https:\/\/vosgesinfo.fr\/gerardmerinfo\/wp-json\/wp\/v2\/media\/90803"}],"wp:attachment":[{"href":"https:\/\/vosgesinfo.fr\/gerardmerinfo\/wp-json\/wp\/v2\/media?parent=90802"}],"wp:term":[{"taxonomy":"category","embeddable":true,"href":"https:\/\/vosgesinfo.fr\/gerardmerinfo\/wp-json\/wp\/v2\/categories?post=90802"},{"taxonomy":"post_tag","embeddable":true,"href":"https:\/\/vosgesinfo.fr\/gerardmerinfo\/wp-json\/wp\/v2\/tags?post=90802"}],"curies":[{"name":"wp","href":"https:\/\/api.w.org\/{rel}","templated":true}]}}