{"id":90804,"date":"2026-04-27T17:58:59","date_gmt":"2026-04-27T15:58:59","guid":{"rendered":"https:\/\/vosgesinfo.fr\/gerardmerinfo\/?p=90804"},"modified":"2026-04-27T17:17:23","modified_gmt":"2026-04-27T15:17:23","slug":"la-quadrette-geromoise-en-route-pour-le-championnat-de-france-de-sport-boules","status":"publish","type":"post","link":"https:\/\/vosgesinfo.fr\/gerardmerinfo\/2026\/04\/la-quadrette-geromoise-en-route-pour-le-championnat-de-france-de-sport-boules\/","title":{"rendered":"La quadrette g\u00e9r\u00f4moise en route pour le championnat de France de Sport Boules"},"content":{"rendered":"<h3>La saison sportive bat son plein pour l\u2019AS G\u00e9rardmer Sport Boules, et les r\u00e9sultats sont d\u00e9j\u00e0 au rendez-vous. La quadrette compos\u00e9e d\u2019Esteban Peixoto, Samuel Joseph, Jean-Michel Bouvet, Micka\u00ebl Claude et Bertrand Bedel a brillamment d\u00e9croch\u00e9 sa qualification pour le championnat de France, qui se d\u00e9roulera les 17, 18 et 19 juillet prochains \u00e0 Chalamont.<\/h3>\n<p>&nbsp;<\/p>\n<p><a href=\"https:\/\/vosgesinfo.fr\/app\/uploads\/sites\/6\/2026\/04\/quadrette-geromoise-lyonnaise-2026.jpg\"><img decoding=\"async\" class=\"alignright wp-image-90805 size-medium\" src=\"https:\/\/vosgesinfo.fr\/app\/uploads\/sites\/6\/2026\/04\/quadrette-geromoise-lyonnaise-2026-182x300.jpg\" alt=\"\" width=\"182\" height=\"300\" srcset=\"https:\/\/vosgesinfo.fr\/app\/uploads\/sites\/6\/2026\/04\/quadrette-geromoise-lyonnaise-2026-182x300.jpg 182w, https:\/\/vosgesinfo.fr\/app\/uploads\/sites\/6\/2026\/04\/quadrette-geromoise-lyonnaise-2026-621x1024.jpg 621w, https:\/\/vosgesinfo.fr\/app\/uploads\/sites\/6\/2026\/04\/quadrette-geromoise-lyonnaise-2026-768x1266.jpg 768w, https:\/\/vosgesinfo.fr\/app\/uploads\/sites\/6\/2026\/04\/quadrette-geromoise-lyonnaise-2026-932x1536.jpg 932w, https:\/\/vosgesinfo.fr\/app\/uploads\/sites\/6\/2026\/04\/quadrette-geromoise-lyonnaise-2026.jpg 1165w\" sizes=\"(max-width: 182px) 100vw, 182px\" \/><\/a>Cette qualification est l\u2019aboutissement de cinq journ\u00e9es de championnat disput\u00e9es avec s\u00e9rieux et r\u00e9gularit\u00e9. La derni\u00e8re \u00e9tape, organis\u00e9e \u00e0\u00a0Pontfaverger, a \u00e9t\u00e9 d\u00e9cisive pour les G\u00earomois, qui terminent \u00e0 une belle deuxi\u00e8me place ex \u00e6quo aux c\u00f4t\u00e9s de leurs homologues de\u00a0Vittel. La premi\u00e8re place revient au club de\u00a0Clouange, auteur d\u2019un parcours solide tout au long de la comp\u00e9tition.<\/p>\n<p>Dans le m\u00eame championnat, une seconde \u00e9quipe de G\u00e9rardmer \u00e9tait engag\u00e9e. Celle-ci se classe \u00e0 la 7\u1d49 position et ne parvient malheureusement pas \u00e0 d\u00e9crocher son billet direct pour le championnat de France. Toutefois, tout espoir n\u2019est pas perdu : une ultime chance de qualification leur sera offerte le 21 juin prochain \u00e0\u00a0Jarny.<\/p>\n<p>L\u2019AS G\u00e9rardmer Sport Boules peut-elle r\u00eaver d\u2019un doubl\u00e9 historique avec deux \u00e9quipes qualifi\u00e9es au niveau national ? La r\u00e9ponse sera connue dans les prochaines semaines.<\/p>\n<p>Par ailleurs, la saison est loin d\u2019\u00eatre termin\u00e9e pour les boulistes vosgiens. D\u2019autres \u00e9ch\u00e9ances importantes restent \u00e0 venir, notamment le qualificatif en doubles, qui promet encore de belles performances et, pourquoi pas, de nouvelles qualifications.<\/p>\n<p>Une dynamique positive qui confirme la vitalit\u00e9 du club g\u00e9r\u00f4mois et son ambition de briller sur la sc\u00e8ne nationale.<\/p>\n<p><a href=\"https:\/\/vosgesinfo.fr\/app\/uploads\/sites\/6\/2026\/04\/quadrette-geromoise-lyonnaise-2026.jpg\"><img decoding=\"async\" class=\"aligncenter size-full wp-image-90805\" src=\"https:\/\/vosgesinfo.fr\/app\/uploads\/sites\/6\/2026\/04\/quadrette-geromoise-lyonnaise-2026.jpg\" alt=\"\" width=\"1165\" height=\"1920\" srcset=\"https:\/\/vosgesinfo.fr\/app\/uploads\/sites\/6\/2026\/04\/quadrette-geromoise-lyonnaise-2026.jpg 1165w, https:\/\/vosgesinfo.fr\/app\/uploads\/sites\/6\/2026\/04\/quadrette-geromoise-lyonnaise-2026-182x300.jpg 182w, https:\/\/vosgesinfo.fr\/app\/uploads\/sites\/6\/2026\/04\/quadrette-geromoise-lyonnaise-2026-621x1024.jpg 621w, https:\/\/vosgesinfo.fr\/app\/uploads\/sites\/6\/2026\/04\/quadrette-geromoise-lyonnaise-2026-768x1266.jpg 768w, https:\/\/vosgesinfo.fr\/app\/uploads\/sites\/6\/2026\/04\/quadrette-geromoise-lyonnaise-2026-932x1536.jpg 932w\" sizes=\"(max-width: 1165px) 100vw, 1165px\" \/><\/a><\/p>\n","protected":false},"excerpt":{"rendered":"<p>La saison sportive bat son plein pour l\u2019AS G\u00e9rardmer Sport Boules, et les r\u00e9sultats sont d\u00e9j\u00e0 au rendez-vous. La quadrette [&hellip;]<\/p>\n","protected":false},"author":391,"featured_media":90805,"comment_status":"open","ping_status":"open","sticky":false,"template":"","format":"standard","meta":{"footnotes":""},"categories":[20,5647,14],"tags":[522],"class_list":["post-90804","post","type-post","status-publish","format-standard","has-post-thumbnail","hentry","category-a-la-une","category-gerardmer-autres-sites","category-sport","tag-asg-boule-lyonnaise"],"acf":[],"yoast_head":"<!-- This site is optimized with the Yoast SEO plugin v22.5 - https:\/\/yoast.com\/wordpress\/plugins\/seo\/ -->\n<title>La quadrette g\u00e9r\u00f4moise en route pour le championnat de France de Sport Boules - Gerardmer Info<\/title>\n<meta name=\"robots\" content=\"index, follow, max-snippet:-1, max-image-preview:large, max-video-preview:-1\" \/>\n<link rel=\"canonical\" href=\"https:\/\/vosgesinfo.fr\/gerardmerinfo\/2026\/04\/la-quadrette-geromoise-en-route-pour-le-championnat-de-france-de-sport-boules\/\" \/>\n<meta name=\"twitter:card\" content=\"summary_large_image\" \/>\n<meta name=\"twitter:title\" content=\"La quadrette g\u00e9r\u00f4moise en route pour le championnat de France de Sport Boules - Gerardmer Info\" \/>\n<meta name=\"twitter:description\" content=\"La saison sportive bat son plein pour l\u2019AS G\u00e9rardmer Sport Boules, et les r\u00e9sultats sont d\u00e9j\u00e0 au rendez-vous. La quadrette [&hellip;]\" \/>\n<meta name=\"twitter:image\" content=\"https:\/\/vosgesinfo.fr\/app\/uploads\/sites\/6\/2026\/04\/quadrette-geromoise-lyonnaise-2026.jpg\" \/>\n<meta name=\"twitter:creator\" content=\"@VosgesInfo88\" \/>\n<meta name=\"twitter:site\" content=\"@VosgesInfo88\" \/>\n<meta name=\"twitter:label1\" content=\"\u00c9crit par\" \/>\n\t<meta name=\"twitter:data1\" content=\"La redaction\" \/>\n\t<meta name=\"twitter:label2\" content=\"Dur\u00e9e de lecture estim\u00e9e\" \/>\n\t<meta name=\"twitter:data2\" content=\"1 minute\" \/>\n<script type=\"application\/ld+json\" class=\"yoast-schema-graph\">{\"@context\":\"https:\/\/schema.org\",\"@graph\":[{\"@type\":\"Article\",\"@id\":\"https:\/\/vosgesinfo.fr\/gerardmerinfo\/2026\/04\/la-quadrette-geromoise-en-route-pour-le-championnat-de-france-de-sport-boules\/#article\",\"isPartOf\":{\"@id\":\"https:\/\/vosgesinfo.fr\/gerardmerinfo\/2026\/04\/la-quadrette-geromoise-en-route-pour-le-championnat-de-france-de-sport-boules\/\"},\"author\":{\"name\":\"La redaction\",\"@id\":\"https:\/\/vosgesinfo.fr\/gerardmerinfo\/#\/schema\/person\/27a3695b06db98895b354c0765cdfc31\"},\"headline\":\"La quadrette g\u00e9r\u00f4moise en route pour le championnat de France de Sport Boules\",\"datePublished\":\"2026-04-27T15:58:59+00:00\",\"dateModified\":\"2026-04-27T15:17:23+00:00\",\"mainEntityOfPage\":{\"@id\":\"https:\/\/vosgesinfo.fr\/gerardmerinfo\/2026\/04\/la-quadrette-geromoise-en-route-pour-le-championnat-de-france-de-sport-boules\/\"},\"wordCount\":291,\"commentCount\":0,\"publisher\":{\"@id\":\"https:\/\/vosgesinfo.fr\/gerardmerinfo\/#organization\"},\"image\":{\"@id\":\"https:\/\/vosgesinfo.fr\/gerardmerinfo\/2026\/04\/la-quadrette-geromoise-en-route-pour-le-championnat-de-france-de-sport-boules\/#primaryimage\"},\"thumbnailUrl\":\"https:\/\/vosgesinfo.fr\/app\/uploads\/sites\/6\/2026\/04\/quadrette-geromoise-lyonnaise-2026.jpg\",\"keywords\":[\"ASG boule lyonnaise\"],\"articleSection\":[\"A la une\",\"Gerardmer\",\"Sport\"],\"inLanguage\":\"fr-FR\",\"potentialAction\":[{\"@type\":\"CommentAction\",\"name\":\"Comment\",\"target\":[\"https:\/\/vosgesinfo.fr\/gerardmerinfo\/2026\/04\/la-quadrette-geromoise-en-route-pour-le-championnat-de-france-de-sport-boules\/#respond\"]}]},{\"@type\":\"WebPage\",\"@id\":\"https:\/\/vosgesinfo.fr\/gerardmerinfo\/2026\/04\/la-quadrette-geromoise-en-route-pour-le-championnat-de-france-de-sport-boules\/\",\"url\":\"https:\/\/vosgesinfo.fr\/gerardmerinfo\/2026\/04\/la-quadrette-geromoise-en-route-pour-le-championnat-de-france-de-sport-boules\/\",\"name\":\"La quadrette g\u00e9r\u00f4moise en route pour le championnat de France de Sport Boules - Gerardmer Info\",\"isPartOf\":{\"@id\":\"https:\/\/vosgesinfo.fr\/gerardmerinfo\/#website\"},\"primaryImageOfPage\":{\"@id\":\"https:\/\/vosgesinfo.fr\/gerardmerinfo\/2026\/04\/la-quadrette-geromoise-en-route-pour-le-championnat-de-france-de-sport-boules\/#primaryimage\"},\"image\":{\"@id\":\"https:\/\/vosgesinfo.fr\/gerardmerinfo\/2026\/04\/la-quadrette-geromoise-en-route-pour-le-championnat-de-france-de-sport-boules\/#primaryimage\"},\"thumbnailUrl\":\"https:\/\/vosgesinfo.fr\/app\/uploads\/sites\/6\/2026\/04\/quadrette-geromoise-lyonnaise-2026.jpg\",\"datePublished\":\"2026-04-27T15:58:59+00:00\",\"dateModified\":\"2026-04-27T15:17:23+00:00\",\"breadcrumb\":{\"@id\":\"https:\/\/vosgesinfo.fr\/gerardmerinfo\/2026\/04\/la-quadrette-geromoise-en-route-pour-le-championnat-de-france-de-sport-boules\/#breadcrumb\"},\"inLanguage\":\"fr-FR\",\"potentialAction\":[{\"@type\":\"ReadAction\",\"target\":[\"https:\/\/vosgesinfo.fr\/gerardmerinfo\/2026\/04\/la-quadrette-geromoise-en-route-pour-le-championnat-de-france-de-sport-boules\/\"]}]},{\"@type\":\"ImageObject\",\"inLanguage\":\"fr-FR\",\"@id\":\"https:\/\/vosgesinfo.fr\/gerardmerinfo\/2026\/04\/la-quadrette-geromoise-en-route-pour-le-championnat-de-france-de-sport-boules\/#primaryimage\",\"url\":\"https:\/\/vosgesinfo.fr\/app\/uploads\/sites\/6\/2026\/04\/quadrette-geromoise-lyonnaise-2026.jpg\",\"contentUrl\":\"https:\/\/vosgesinfo.fr\/app\/uploads\/sites\/6\/2026\/04\/quadrette-geromoise-lyonnaise-2026.jpg\",\"width\":1165,\"height\":1920},{\"@type\":\"BreadcrumbList\",\"@id\":\"https:\/\/vosgesinfo.fr\/gerardmerinfo\/2026\/04\/la-quadrette-geromoise-en-route-pour-le-championnat-de-france-de-sport-boules\/#breadcrumb\",\"itemListElement\":[{\"@type\":\"ListItem\",\"position\":1,\"name\":\"Home\",\"item\":\"https:\/\/vosgesinfo.fr\/gerardmerinfo\/\"},{\"@type\":\"ListItem\",\"position\":2,\"name\":\"La quadrette g\u00e9r\u00f4moise en route pour le championnat de France de Sport Boules\"}]},{\"@type\":\"WebSite\",\"@id\":\"https:\/\/vosgesinfo.fr\/gerardmerinfo\/#website\",\"url\":\"https:\/\/vosgesinfo.fr\/gerardmerinfo\/\",\"name\":\"Gerardmer Info\",\"description\":\"Toute l&#039;actualit\u00e9 de G\u00e9rardmer\",\"publisher\":{\"@id\":\"https:\/\/vosgesinfo.fr\/gerardmerinfo\/#organization\"},\"alternateName\":\"Toute l'actualit\u00e9 de G\u00e9rardmer\",\"potentialAction\":[{\"@type\":\"SearchAction\",\"target\":{\"@type\":\"EntryPoint\",\"urlTemplate\":\"https:\/\/vosgesinfo.fr\/gerardmerinfo\/?s={search_term_string}\"},\"query-input\":\"required name=search_term_string\"}],\"inLanguage\":\"fr-FR\"},{\"@type\":\"Organization\",\"@id\":\"https:\/\/vosgesinfo.fr\/gerardmerinfo\/#organization\",\"name\":\"Gerardmer Info\",\"url\":\"https:\/\/vosgesinfo.fr\/gerardmerinfo\/\",\"logo\":{\"@type\":\"ImageObject\",\"inLanguage\":\"fr-FR\",\"@id\":\"https:\/\/vosgesinfo.fr\/gerardmerinfo\/#\/schema\/logo\/image\/\",\"url\":\"https:\/\/vosgesinfo.fr\/app\/uploads\/sites\/6\/2023\/08\/favicon-gerardmerinfo.png\",\"contentUrl\":\"https:\/\/vosgesinfo.fr\/app\/uploads\/sites\/6\/2023\/08\/favicon-gerardmerinfo.png\",\"width\":512,\"height\":512,\"caption\":\"Gerardmer Info\"},\"image\":{\"@id\":\"https:\/\/vosgesinfo.fr\/gerardmerinfo\/#\/schema\/logo\/image\/\"},\"sameAs\":[\"https:\/\/www.facebook.com\/profile.php?id=100049475262660\",\"https:\/\/x.com\/VosgesInfo88\",\"https:\/\/www.youtube.com\/@vosgesinfo\"]},{\"@type\":\"Person\",\"@id\":\"https:\/\/vosgesinfo.fr\/gerardmerinfo\/#\/schema\/person\/27a3695b06db98895b354c0765cdfc31\",\"name\":\"La redaction\",\"image\":{\"@type\":\"ImageObject\",\"inLanguage\":\"fr-FR\",\"@id\":\"https:\/\/vosgesinfo.fr\/gerardmerinfo\/#\/schema\/person\/image\/\",\"url\":\"https:\/\/secure.gravatar.com\/avatar\/64c76a78e501cedee55736f43f332df901e1896ae9cd8fad269ae2236dd0e8b6?s=96&d=mm&r=g\",\"contentUrl\":\"https:\/\/secure.gravatar.com\/avatar\/64c76a78e501cedee55736f43f332df901e1896ae9cd8fad269ae2236dd0e8b6?s=96&d=mm&r=g\",\"caption\":\"La redaction\"},\"url\":\"https:\/\/vosgesinfo.fr\/gerardmerinfo\/author\/la-redaction\/\"}]}<\/script>\n<!-- \/ Yoast SEO plugin. -->","yoast_head_json":{"title":"La quadrette g\u00e9r\u00f4moise en route pour le championnat de France de Sport Boules - Gerardmer Info","robots":{"index":"index","follow":"follow","max-snippet":"max-snippet:-1","max-image-preview":"max-image-preview:large","max-video-preview":"max-video-preview:-1"},"canonical":"https:\/\/vosgesinfo.fr\/gerardmerinfo\/2026\/04\/la-quadrette-geromoise-en-route-pour-le-championnat-de-france-de-sport-boules\/","twitter_card":"summary_large_image","twitter_title":"La quadrette g\u00e9r\u00f4moise en route pour le championnat de France de Sport Boules - Gerardmer Info","twitter_description":"La saison sportive bat son plein pour l\u2019AS G\u00e9rardmer Sport Boules, et les r\u00e9sultats sont d\u00e9j\u00e0 au rendez-vous. La quadrette [&hellip;]","twitter_image":"https:\/\/vosgesinfo.fr\/app\/uploads\/sites\/6\/2026\/04\/quadrette-geromoise-lyonnaise-2026.jpg","twitter_creator":"@VosgesInfo88","twitter_site":"@VosgesInfo88","twitter_misc":{"\u00c9crit par":"La redaction","Dur\u00e9e de lecture estim\u00e9e":"1 minute"},"schema":{"@context":"https:\/\/schema.org","@graph":[{"@type":"Article","@id":"https:\/\/vosgesinfo.fr\/gerardmerinfo\/2026\/04\/la-quadrette-geromoise-en-route-pour-le-championnat-de-france-de-sport-boules\/#article","isPartOf":{"@id":"https:\/\/vosgesinfo.fr\/gerardmerinfo\/2026\/04\/la-quadrette-geromoise-en-route-pour-le-championnat-de-france-de-sport-boules\/"},"author":{"name":"La redaction","@id":"https:\/\/vosgesinfo.fr\/gerardmerinfo\/#\/schema\/person\/27a3695b06db98895b354c0765cdfc31"},"headline":"La quadrette g\u00e9r\u00f4moise en route pour le championnat de France de Sport Boules","datePublished":"2026-04-27T15:58:59+00:00","dateModified":"2026-04-27T15:17:23+00:00","mainEntityOfPage":{"@id":"https:\/\/vosgesinfo.fr\/gerardmerinfo\/2026\/04\/la-quadrette-geromoise-en-route-pour-le-championnat-de-france-de-sport-boules\/"},"wordCount":291,"commentCount":0,"publisher":{"@id":"https:\/\/vosgesinfo.fr\/gerardmerinfo\/#organization"},"image":{"@id":"https:\/\/vosgesinfo.fr\/gerardmerinfo\/2026\/04\/la-quadrette-geromoise-en-route-pour-le-championnat-de-france-de-sport-boules\/#primaryimage"},"thumbnailUrl":"https:\/\/vosgesinfo.fr\/app\/uploads\/sites\/6\/2026\/04\/quadrette-geromoise-lyonnaise-2026.jpg","keywords":["ASG boule lyonnaise"],"articleSection":["A la une","Gerardmer","Sport"],"inLanguage":"fr-FR","potentialAction":[{"@type":"CommentAction","name":"Comment","target":["https:\/\/vosgesinfo.fr\/gerardmerinfo\/2026\/04\/la-quadrette-geromoise-en-route-pour-le-championnat-de-france-de-sport-boules\/#respond"]}]},{"@type":"WebPage","@id":"https:\/\/vosgesinfo.fr\/gerardmerinfo\/2026\/04\/la-quadrette-geromoise-en-route-pour-le-championnat-de-france-de-sport-boules\/","url":"https:\/\/vosgesinfo.fr\/gerardmerinfo\/2026\/04\/la-quadrette-geromoise-en-route-pour-le-championnat-de-france-de-sport-boules\/","name":"La quadrette g\u00e9r\u00f4moise en route pour le championnat de France de Sport Boules - Gerardmer Info","isPartOf":{"@id":"https:\/\/vosgesinfo.fr\/gerardmerinfo\/#website"},"primaryImageOfPage":{"@id":"https:\/\/vosgesinfo.fr\/gerardmerinfo\/2026\/04\/la-quadrette-geromoise-en-route-pour-le-championnat-de-france-de-sport-boules\/#primaryimage"},"image":{"@id":"https:\/\/vosgesinfo.fr\/gerardmerinfo\/2026\/04\/la-quadrette-geromoise-en-route-pour-le-championnat-de-france-de-sport-boules\/#primaryimage"},"thumbnailUrl":"https:\/\/vosgesinfo.fr\/app\/uploads\/sites\/6\/2026\/04\/quadrette-geromoise-lyonnaise-2026.jpg","datePublished":"2026-04-27T15:58:59+00:00","dateModified":"2026-04-27T15:17:23+00:00","breadcrumb":{"@id":"https:\/\/vosgesinfo.fr\/gerardmerinfo\/2026\/04\/la-quadrette-geromoise-en-route-pour-le-championnat-de-france-de-sport-boules\/#breadcrumb"},"inLanguage":"fr-FR","potentialAction":[{"@type":"ReadAction","target":["https:\/\/vosgesinfo.fr\/gerardmerinfo\/2026\/04\/la-quadrette-geromoise-en-route-pour-le-championnat-de-france-de-sport-boules\/"]}]},{"@type":"ImageObject","inLanguage":"fr-FR","@id":"https:\/\/vosgesinfo.fr\/gerardmerinfo\/2026\/04\/la-quadrette-geromoise-en-route-pour-le-championnat-de-france-de-sport-boules\/#primaryimage","url":"https:\/\/vosgesinfo.fr\/app\/uploads\/sites\/6\/2026\/04\/quadrette-geromoise-lyonnaise-2026.jpg","contentUrl":"https:\/\/vosgesinfo.fr\/app\/uploads\/sites\/6\/2026\/04\/quadrette-geromoise-lyonnaise-2026.jpg","width":1165,"height":1920},{"@type":"BreadcrumbList","@id":"https:\/\/vosgesinfo.fr\/gerardmerinfo\/2026\/04\/la-quadrette-geromoise-en-route-pour-le-championnat-de-france-de-sport-boules\/#breadcrumb","itemListElement":[{"@type":"ListItem","position":1,"name":"Home","item":"https:\/\/vosgesinfo.fr\/gerardmerinfo\/"},{"@type":"ListItem","position":2,"name":"La quadrette g\u00e9r\u00f4moise en route pour le championnat de France de Sport Boules"}]},{"@type":"WebSite","@id":"https:\/\/vosgesinfo.fr\/gerardmerinfo\/#website","url":"https:\/\/vosgesinfo.fr\/gerardmerinfo\/","name":"Gerardmer Info","description":"Toute l&#039;actualit\u00e9 de G\u00e9rardmer","publisher":{"@id":"https:\/\/vosgesinfo.fr\/gerardmerinfo\/#organization"},"alternateName":"Toute l'actualit\u00e9 de G\u00e9rardmer","potentialAction":[{"@type":"SearchAction","target":{"@type":"EntryPoint","urlTemplate":"https:\/\/vosgesinfo.fr\/gerardmerinfo\/?s={search_term_string}"},"query-input":"required name=search_term_string"}],"inLanguage":"fr-FR"},{"@type":"Organization","@id":"https:\/\/vosgesinfo.fr\/gerardmerinfo\/#organization","name":"Gerardmer Info","url":"https:\/\/vosgesinfo.fr\/gerardmerinfo\/","logo":{"@type":"ImageObject","inLanguage":"fr-FR","@id":"https:\/\/vosgesinfo.fr\/gerardmerinfo\/#\/schema\/logo\/image\/","url":"https:\/\/vosgesinfo.fr\/app\/uploads\/sites\/6\/2023\/08\/favicon-gerardmerinfo.png","contentUrl":"https:\/\/vosgesinfo.fr\/app\/uploads\/sites\/6\/2023\/08\/favicon-gerardmerinfo.png","width":512,"height":512,"caption":"Gerardmer Info"},"image":{"@id":"https:\/\/vosgesinfo.fr\/gerardmerinfo\/#\/schema\/logo\/image\/"},"sameAs":["https:\/\/www.facebook.com\/profile.php?id=100049475262660","https:\/\/x.com\/VosgesInfo88","https:\/\/www.youtube.com\/@vosgesinfo"]},{"@type":"Person","@id":"https:\/\/vosgesinfo.fr\/gerardmerinfo\/#\/schema\/person\/27a3695b06db98895b354c0765cdfc31","name":"La redaction","image":{"@type":"ImageObject","inLanguage":"fr-FR","@id":"https:\/\/vosgesinfo.fr\/gerardmerinfo\/#\/schema\/person\/image\/","url":"https:\/\/secure.gravatar.com\/avatar\/64c76a78e501cedee55736f43f332df901e1896ae9cd8fad269ae2236dd0e8b6?s=96&d=mm&r=g","contentUrl":"https:\/\/secure.gravatar.com\/avatar\/64c76a78e501cedee55736f43f332df901e1896ae9cd8fad269ae2236dd0e8b6?s=96&d=mm&r=g","caption":"La redaction"},"url":"https:\/\/vosgesinfo.fr\/gerardmerinfo\/author\/la-redaction\/"}]}},"_links":{"self":[{"href":"https:\/\/vosgesinfo.fr\/gerardmerinfo\/wp-json\/wp\/v2\/posts\/90804","targetHints":{"allow":["GET"]}}],"collection":[{"href":"https:\/\/vosgesinfo.fr\/gerardmerinfo\/wp-json\/wp\/v2\/posts"}],"about":[{"href":"https:\/\/vosgesinfo.fr\/gerardmerinfo\/wp-json\/wp\/v2\/types\/post"}],"author":[{"embeddable":true,"href":"https:\/\/vosgesinfo.fr\/gerardmerinfo\/wp-json\/wp\/v2\/users\/391"}],"replies":[{"embeddable":true,"href":"https:\/\/vosgesinfo.fr\/gerardmerinfo\/wp-json\/wp\/v2\/comments?post=90804"}],"version-history":[{"count":1,"href":"https:\/\/vosgesinfo.fr\/gerardmerinfo\/wp-json\/wp\/v2\/posts\/90804\/revisions"}],"predecessor-version":[{"id":90806,"href":"https:\/\/vosgesinfo.fr\/gerardmerinfo\/wp-json\/wp\/v2\/posts\/90804\/revisions\/90806"}],"wp:featuredmedia":[{"embeddable":true,"href":"https:\/\/vosgesinfo.fr\/gerardmerinfo\/wp-json\/wp\/v2\/media\/90805"}],"wp:attachment":[{"href":"https:\/\/vosgesinfo.fr\/gerardmerinfo\/wp-json\/wp\/v2\/media?parent=90804"}],"wp:term":[{"taxonomy":"category","embeddable":true,"href":"https:\/\/vosgesinfo.fr\/gerardmerinfo\/wp-json\/wp\/v2\/categories?post=90804"},{"taxonomy":"post_tag","embeddable":true,"href":"https:\/\/vosgesinfo.fr\/gerardmerinfo\/wp-json\/wp\/v2\/tags?post=90804"}],"curies":[{"name":"wp","href":"https:\/\/api.w.org\/{rel}","templated":true}]}}