{"id":90807,"date":"2026-04-28T07:59:26","date_gmt":"2026-04-28T05:59:26","guid":{"rendered":"https:\/\/vosgesinfo.fr\/gerardmerinfo\/?p=90807"},"modified":"2026-04-28T08:17:24","modified_gmt":"2026-04-28T06:17:24","slug":"ccghv-cfu-budget-et-indemnites","status":"publish","type":"post","link":"https:\/\/vosgesinfo.fr\/gerardmerinfo\/2026\/04\/ccghv-cfu-budget-et-indemnites\/","title":{"rendered":"CCGHV &#8211;  CFU, budget et indemnit\u00e9s"},"content":{"rendered":"<p data-pm-slice=\"1 1 []\"><a href=\"https:\/\/vosgesinfo.fr\/app\/uploads\/sites\/6\/2026\/04\/ccghv-conseil-communautaire-3.jpg\"><img decoding=\"async\" class=\"aligncenter size-full wp-image-90809\" src=\"https:\/\/vosgesinfo.fr\/app\/uploads\/sites\/6\/2026\/04\/ccghv-conseil-communautaire-3.jpg\" alt=\"\" width=\"2000\" height=\"1500\" srcset=\"https:\/\/vosgesinfo.fr\/app\/uploads\/sites\/6\/2026\/04\/ccghv-conseil-communautaire-3.jpg 2000w, https:\/\/vosgesinfo.fr\/app\/uploads\/sites\/6\/2026\/04\/ccghv-conseil-communautaire-3-300x225.jpg 300w, https:\/\/vosgesinfo.fr\/app\/uploads\/sites\/6\/2026\/04\/ccghv-conseil-communautaire-3-1024x768.jpg 1024w, https:\/\/vosgesinfo.fr\/app\/uploads\/sites\/6\/2026\/04\/ccghv-conseil-communautaire-3-768x576.jpg 768w, https:\/\/vosgesinfo.fr\/app\/uploads\/sites\/6\/2026\/04\/ccghv-conseil-communautaire-3-1536x1152.jpg 1536w\" sizes=\"(max-width: 2000px) 100vw, 2000px\" \/><\/a><\/p>\n<p data-pm-slice=\"1 1 []\"><strong>Les \u00e9lus de la CCGHV se sont r\u00e9unis ce lundi soir en mairie de G\u00e9rardmer afin de proc\u00e9der au vote des CFU et des diff\u00e9rents budgets, sans oublier les principales taxes g\u00e9r\u00e9es par la collectivit\u00e9.<\/strong><\/p>\n<p>Les comptes financiers uniques (CFU) pr\u00e9sent\u00e9s par le vice-pr\u00e9sident et maire de Granges-Aumontzey Fr\u00e9d\u00e9ric Thomas ont tous \u00e9t\u00e9 vot\u00e9s \u00e0 l&rsquo;unanimit\u00e9, le tout avec une petite question de Nathalie Roger concernant le budget annexe \u00ab\u00a0transport\u00a0\u00bb. L&rsquo;\u00e9lue xonrup\u00e9enne souhaitait un peu plus de pr\u00e9cision sur ce budget qui regroupe le bus urbain et la navette des neiges de G\u00e9rardmer, mais qui est amen\u00e9 \u00e0 \u00e9voluer rapidement. Comme le pr\u00e9cisait le vice-pr\u00e9sident John Voinson, via le sch\u00e9ma de transport r\u00e9cemment \u00e9labor\u00e9, la CCGHV a pour ambition de relier toutes les communes par un r\u00e9seau de transports. \u00c0 suivre\u2026<\/p>\n<p><a href=\"https:\/\/vosgesinfo.fr\/app\/uploads\/sites\/6\/2026\/04\/ccghv-conseil-communautaire-2.jpg\"><img decoding=\"async\" class=\"alignright size-medium wp-image-90808\" src=\"https:\/\/vosgesinfo.fr\/app\/uploads\/sites\/6\/2026\/04\/ccghv-conseil-communautaire-2-300x225.jpg\" alt=\"\" width=\"300\" height=\"225\" srcset=\"https:\/\/vosgesinfo.fr\/app\/uploads\/sites\/6\/2026\/04\/ccghv-conseil-communautaire-2-300x225.jpg 300w, https:\/\/vosgesinfo.fr\/app\/uploads\/sites\/6\/2026\/04\/ccghv-conseil-communautaire-2-1024x768.jpg 1024w, https:\/\/vosgesinfo.fr\/app\/uploads\/sites\/6\/2026\/04\/ccghv-conseil-communautaire-2-768x576.jpg 768w, https:\/\/vosgesinfo.fr\/app\/uploads\/sites\/6\/2026\/04\/ccghv-conseil-communautaire-2-1536x1152.jpg 1536w, https:\/\/vosgesinfo.fr\/app\/uploads\/sites\/6\/2026\/04\/ccghv-conseil-communautaire-2.jpg 1920w\" sizes=\"(max-width: 300px) 100vw, 300px\" \/><\/a>On notera ensuite que les taux de la taxe d&rsquo;enl\u00e8vement des ordures m\u00e9nag\u00e8res ainsi que les taux des imp\u00f4ts directs locaux ne bougent pas pour 2026. Le produit de la taxe GEMAPI (gestion des milieux aquatiques et pr\u00e9vention des inondations) conna\u00eet pour sa part une l\u00e9g\u00e8re augmentation. \u00ab\u00a0Il s&rsquo;agit d&rsquo;une taxe permettant de r\u00e9aliser les travaux et \u00e9tudes de nos cours d&rsquo;eau, qui est une comp\u00e9tence obligatoire des communaut\u00e9s de communes. Le produit de la taxe correspond aux travaux qui sont faits, via le syndicat mixte Moselle-Amont auquel la CCGHV adh\u00e8re\u00a0\u00bb, pr\u00e9cise le vice-pr\u00e9sident Damien Descoups. Et Fr\u00e9d\u00e9ric Thomas d&rsquo;ajouter : \u00ab\u00a0Ce sont des montants d\u00e9di\u00e9s et ce ne seront pas des gros montants sur votre fiche de paie.\u00a0\u00bb<\/p>\n<p>Concernant le budget g\u00e9n\u00e9ral 2026, il s&rsquo;\u00e9l\u00e8ve \u00e0 10 236 081 \u20ac en fonctionnement et 2 238 021 \u20ac en fonctionnement. \u00c0 noter un poste important qui s&rsquo;\u00e9l\u00e8ve \u00e0 environ 400 000 \u20ac pour la r\u00e9alisation de la fameuse \u00e9tude 4 saisons consacr\u00e9e \u00e0 la liaison douce (ou voie verte) G\u00e9rardmer-Bruy\u00e8res. Concernant les budgets \u00ab\u00a0eau potable\u00a0\u00bb et \u00ab\u00a0assainissement\u00a0\u00bb, Damien Descoups a prolong\u00e9 la pr\u00e9sentation de Fr\u00e9d\u00e9ric Thomas en pr\u00e9cisant qu&rsquo;il y aurait des \u00ab\u00a0investissements a minima\u00a0\u00bb, en attendant le lancement du sch\u00e9ma directeur et la d\u00e9finition d&rsquo;un programme d&rsquo;investissement pr\u00e9cis, mais aussi de d\u00e9finir par la suite une m\u00e9thode de tarification de l&rsquo;eau (ainsi que l&rsquo;harmonisation des tarifs). m\u00e9thode qui pourra \u00eatre sociale, saisonni\u00e8re, incitative ou combinant ces trois \u00e9l\u00e9ments.<\/p>\n<p>Autre point \u00e0 retenir de cette r\u00e9union du conseil communautaire : le vote des indemnit\u00e9s du pr\u00e9sident et des vice-pr\u00e9sidents. Comme convenu, Thomas GION a propos\u00e9 de baisser le montant de ses indemnit\u00e9s de fonction afin qu&rsquo;elles soient \u00e9gales \u00e0 celles per\u00e7ues par les 7 vice-pr\u00e9sidents. L&rsquo;indemnit\u00e9 mensuelle du pr\u00e9sident de la CCGHV passe ainsi d&rsquo;environ 2000\u20ac \u00e0 759\u20ac bruts. L&rsquo;\u00e9lu de la liste G\u00e9rardmer nature Solidarit\u00e9 \u00c9ric Defranould a une fois de plus rappel\u00e9 que son groupe et lui n&rsquo;\u00e9taient pas contre la r\u00e9mun\u00e9ration des vice-pr\u00e9sidents et du pr\u00e9sident, mais qu&rsquo;ils d\u00e9sapprouvaient le cumul des mandats du pr\u00e9sident. \u00ab\u00a0Le mandat de conseiller d\u00e9partemental \u00e9tait en cours, on verra ce qu&rsquo;on fait dans deux ans. Mais j&rsquo;entends vos remarques, je les ai entendues tout le week-end\u00a0\u00bb, r\u00e9pliquera Thomas Gion.<\/p>\n<p>La s\u00e9ance \u00e9tait \u00e9galement consacr\u00e9e \u00e0 la d\u00e9signation ou \u00e9lection des repr\u00e9sentants de la CCGHV au sein de diff\u00e9rentes instances. On retiendra qu&rsquo;Alexis Bachelard repr\u00e9sentera la CCGHV au sein du parc naturel des Ballons des Vosges, Isabelle Nicolas sera sa suppl\u00e9ante. Interrog\u00e9 par Eric Defranould sur sa position vis-\u00e0-vis de la r\u00e9introduction du grand t\u00e9tras, Alexis Bachelard a indiqu\u00e9 qu&rsquo;elle n&rsquo;\u00e9tait pas encore fermement d\u00e9finie, mais qu&rsquo;il ne manquerait pas d&rsquo;en faire part rapidement \u00e0 ses coll\u00e8gues \u00e9lus. Un point important et source de nombreux d\u00e9bats, comme l&rsquo;a reconnu le pr\u00e9sident.<\/p>\n","protected":false},"excerpt":{"rendered":"<p>Les \u00e9lus de la CCGHV se sont r\u00e9unis ce lundi soir en mairie de G\u00e9rardmer afin de proc\u00e9der au vote [&hellip;]<\/p>\n","protected":false},"author":42,"featured_media":90809,"comment_status":"open","ping_status":"open","sticky":false,"template":"","format":"standard","meta":{"footnotes":""},"categories":[20,5647,10],"tags":[134,145],"class_list":["post-90807","post","type-post","status-publish","format-standard","has-post-thumbnail","hentry","category-a-la-une","category-gerardmer-autres-sites","category-politique","tag-ccghv","tag-frederic-thomas"],"acf":[],"yoast_head":"<!-- This site is optimized with the Yoast SEO plugin v22.5 - https:\/\/yoast.com\/wordpress\/plugins\/seo\/ -->\n<title>CCGHV - CFU, budget et indemnit\u00e9s - Gerardmer Info<\/title>\n<meta name=\"robots\" content=\"index, follow, max-snippet:-1, max-image-preview:large, max-video-preview:-1\" \/>\n<link rel=\"canonical\" href=\"https:\/\/vosgesinfo.fr\/gerardmerinfo\/2026\/04\/ccghv-cfu-budget-et-indemnites\/\" \/>\n<meta name=\"twitter:card\" content=\"summary_large_image\" \/>\n<meta name=\"twitter:title\" content=\"CCGHV - CFU, budget et indemnit\u00e9s - Gerardmer Info\" \/>\n<meta name=\"twitter:description\" content=\"Les \u00e9lus de la CCGHV se sont r\u00e9unis ce lundi soir en mairie de G\u00e9rardmer afin de proc\u00e9der au vote [&hellip;]\" \/>\n<meta name=\"twitter:image\" content=\"https:\/\/vosgesinfo.fr\/app\/uploads\/sites\/6\/2026\/04\/ccghv-conseil-communautaire-3.jpg\" \/>\n<meta name=\"twitter:creator\" content=\"@VosgesInfo88\" \/>\n<meta name=\"twitter:site\" content=\"@VosgesInfo88\" \/>\n<meta name=\"twitter:label1\" content=\"\u00c9crit par\" \/>\n\t<meta name=\"twitter:data1\" content=\"QG\" \/>\n\t<meta name=\"twitter:label2\" content=\"Dur\u00e9e de lecture estim\u00e9e\" \/>\n\t<meta name=\"twitter:data2\" content=\"4 minutes\" \/>\n<script type=\"application\/ld+json\" class=\"yoast-schema-graph\">{\"@context\":\"https:\/\/schema.org\",\"@graph\":[{\"@type\":\"Article\",\"@id\":\"https:\/\/vosgesinfo.fr\/gerardmerinfo\/2026\/04\/ccghv-cfu-budget-et-indemnites\/#article\",\"isPartOf\":{\"@id\":\"https:\/\/vosgesinfo.fr\/gerardmerinfo\/2026\/04\/ccghv-cfu-budget-et-indemnites\/\"},\"author\":{\"name\":\"QG\",\"@id\":\"https:\/\/vosgesinfo.fr\/gerardmerinfo\/#\/schema\/person\/db5605779a843dad16b5368f3e7613a5\"},\"headline\":\"CCGHV &#8211; CFU, budget et indemnit\u00e9s\",\"datePublished\":\"2026-04-28T05:59:26+00:00\",\"dateModified\":\"2026-04-28T06:17:24+00:00\",\"mainEntityOfPage\":{\"@id\":\"https:\/\/vosgesinfo.fr\/gerardmerinfo\/2026\/04\/ccghv-cfu-budget-et-indemnites\/\"},\"wordCount\":683,\"commentCount\":0,\"publisher\":{\"@id\":\"https:\/\/vosgesinfo.fr\/gerardmerinfo\/#organization\"},\"image\":{\"@id\":\"https:\/\/vosgesinfo.fr\/gerardmerinfo\/2026\/04\/ccghv-cfu-budget-et-indemnites\/#primaryimage\"},\"thumbnailUrl\":\"https:\/\/vosgesinfo.fr\/app\/uploads\/sites\/6\/2026\/04\/ccghv-conseil-communautaire-3.jpg\",\"keywords\":[\"CCGHV\",\"Frederic thomas\"],\"articleSection\":[\"A la une\",\"Gerardmer\",\"Politique\"],\"inLanguage\":\"fr-FR\",\"potentialAction\":[{\"@type\":\"CommentAction\",\"name\":\"Comment\",\"target\":[\"https:\/\/vosgesinfo.fr\/gerardmerinfo\/2026\/04\/ccghv-cfu-budget-et-indemnites\/#respond\"]}]},{\"@type\":\"WebPage\",\"@id\":\"https:\/\/vosgesinfo.fr\/gerardmerinfo\/2026\/04\/ccghv-cfu-budget-et-indemnites\/\",\"url\":\"https:\/\/vosgesinfo.fr\/gerardmerinfo\/2026\/04\/ccghv-cfu-budget-et-indemnites\/\",\"name\":\"CCGHV - CFU, budget et indemnit\u00e9s - Gerardmer Info\",\"isPartOf\":{\"@id\":\"https:\/\/vosgesinfo.fr\/gerardmerinfo\/#website\"},\"primaryImageOfPage\":{\"@id\":\"https:\/\/vosgesinfo.fr\/gerardmerinfo\/2026\/04\/ccghv-cfu-budget-et-indemnites\/#primaryimage\"},\"image\":{\"@id\":\"https:\/\/vosgesinfo.fr\/gerardmerinfo\/2026\/04\/ccghv-cfu-budget-et-indemnites\/#primaryimage\"},\"thumbnailUrl\":\"https:\/\/vosgesinfo.fr\/app\/uploads\/sites\/6\/2026\/04\/ccghv-conseil-communautaire-3.jpg\",\"datePublished\":\"2026-04-28T05:59:26+00:00\",\"dateModified\":\"2026-04-28T06:17:24+00:00\",\"breadcrumb\":{\"@id\":\"https:\/\/vosgesinfo.fr\/gerardmerinfo\/2026\/04\/ccghv-cfu-budget-et-indemnites\/#breadcrumb\"},\"inLanguage\":\"fr-FR\",\"potentialAction\":[{\"@type\":\"ReadAction\",\"target\":[\"https:\/\/vosgesinfo.fr\/gerardmerinfo\/2026\/04\/ccghv-cfu-budget-et-indemnites\/\"]}]},{\"@type\":\"ImageObject\",\"inLanguage\":\"fr-FR\",\"@id\":\"https:\/\/vosgesinfo.fr\/gerardmerinfo\/2026\/04\/ccghv-cfu-budget-et-indemnites\/#primaryimage\",\"url\":\"https:\/\/vosgesinfo.fr\/app\/uploads\/sites\/6\/2026\/04\/ccghv-conseil-communautaire-3.jpg\",\"contentUrl\":\"https:\/\/vosgesinfo.fr\/app\/uploads\/sites\/6\/2026\/04\/ccghv-conseil-communautaire-3.jpg\",\"width\":2000,\"height\":1500},{\"@type\":\"BreadcrumbList\",\"@id\":\"https:\/\/vosgesinfo.fr\/gerardmerinfo\/2026\/04\/ccghv-cfu-budget-et-indemnites\/#breadcrumb\",\"itemListElement\":[{\"@type\":\"ListItem\",\"position\":1,\"name\":\"Home\",\"item\":\"https:\/\/vosgesinfo.fr\/gerardmerinfo\/\"},{\"@type\":\"ListItem\",\"position\":2,\"name\":\"CCGHV &#8211; CFU, budget et indemnit\u00e9s\"}]},{\"@type\":\"WebSite\",\"@id\":\"https:\/\/vosgesinfo.fr\/gerardmerinfo\/#website\",\"url\":\"https:\/\/vosgesinfo.fr\/gerardmerinfo\/\",\"name\":\"Gerardmer Info\",\"description\":\"Toute l&#039;actualit\u00e9 de G\u00e9rardmer\",\"publisher\":{\"@id\":\"https:\/\/vosgesinfo.fr\/gerardmerinfo\/#organization\"},\"alternateName\":\"Toute l'actualit\u00e9 de G\u00e9rardmer\",\"potentialAction\":[{\"@type\":\"SearchAction\",\"target\":{\"@type\":\"EntryPoint\",\"urlTemplate\":\"https:\/\/vosgesinfo.fr\/gerardmerinfo\/?s={search_term_string}\"},\"query-input\":\"required name=search_term_string\"}],\"inLanguage\":\"fr-FR\"},{\"@type\":\"Organization\",\"@id\":\"https:\/\/vosgesinfo.fr\/gerardmerinfo\/#organization\",\"name\":\"Gerardmer Info\",\"url\":\"https:\/\/vosgesinfo.fr\/gerardmerinfo\/\",\"logo\":{\"@type\":\"ImageObject\",\"inLanguage\":\"fr-FR\",\"@id\":\"https:\/\/vosgesinfo.fr\/gerardmerinfo\/#\/schema\/logo\/image\/\",\"url\":\"https:\/\/vosgesinfo.fr\/app\/uploads\/sites\/6\/2023\/08\/favicon-gerardmerinfo.png\",\"contentUrl\":\"https:\/\/vosgesinfo.fr\/app\/uploads\/sites\/6\/2023\/08\/favicon-gerardmerinfo.png\",\"width\":512,\"height\":512,\"caption\":\"Gerardmer Info\"},\"image\":{\"@id\":\"https:\/\/vosgesinfo.fr\/gerardmerinfo\/#\/schema\/logo\/image\/\"},\"sameAs\":[\"https:\/\/www.facebook.com\/profile.php?id=100049475262660\",\"https:\/\/x.com\/VosgesInfo88\",\"https:\/\/www.youtube.com\/@vosgesinfo\"]},{\"@type\":\"Person\",\"@id\":\"https:\/\/vosgesinfo.fr\/gerardmerinfo\/#\/schema\/person\/db5605779a843dad16b5368f3e7613a5\",\"name\":\"QG\",\"image\":{\"@type\":\"ImageObject\",\"inLanguage\":\"fr-FR\",\"@id\":\"https:\/\/vosgesinfo.fr\/gerardmerinfo\/#\/schema\/person\/image\/\",\"url\":\"https:\/\/secure.gravatar.com\/avatar\/ea80c42c204b534408512832fde52504ecabb9706bcb6151cf6175e5b64e6793?s=96&d=mm&r=g\",\"contentUrl\":\"https:\/\/secure.gravatar.com\/avatar\/ea80c42c204b534408512832fde52504ecabb9706bcb6151cf6175e5b64e6793?s=96&d=mm&r=g\",\"caption\":\"QG\"},\"url\":\"https:\/\/vosgesinfo.fr\/gerardmerinfo\/author\/quentin88\/\"}]}<\/script>\n<!-- \/ Yoast SEO plugin. -->","yoast_head_json":{"title":"CCGHV - CFU, budget et indemnit\u00e9s - Gerardmer Info","robots":{"index":"index","follow":"follow","max-snippet":"max-snippet:-1","max-image-preview":"max-image-preview:large","max-video-preview":"max-video-preview:-1"},"canonical":"https:\/\/vosgesinfo.fr\/gerardmerinfo\/2026\/04\/ccghv-cfu-budget-et-indemnites\/","twitter_card":"summary_large_image","twitter_title":"CCGHV - CFU, budget et indemnit\u00e9s - Gerardmer Info","twitter_description":"Les \u00e9lus de la CCGHV se sont r\u00e9unis ce lundi soir en mairie de G\u00e9rardmer afin de proc\u00e9der au vote [&hellip;]","twitter_image":"https:\/\/vosgesinfo.fr\/app\/uploads\/sites\/6\/2026\/04\/ccghv-conseil-communautaire-3.jpg","twitter_creator":"@VosgesInfo88","twitter_site":"@VosgesInfo88","twitter_misc":{"\u00c9crit par":"QG","Dur\u00e9e de lecture estim\u00e9e":"4 minutes"},"schema":{"@context":"https:\/\/schema.org","@graph":[{"@type":"Article","@id":"https:\/\/vosgesinfo.fr\/gerardmerinfo\/2026\/04\/ccghv-cfu-budget-et-indemnites\/#article","isPartOf":{"@id":"https:\/\/vosgesinfo.fr\/gerardmerinfo\/2026\/04\/ccghv-cfu-budget-et-indemnites\/"},"author":{"name":"QG","@id":"https:\/\/vosgesinfo.fr\/gerardmerinfo\/#\/schema\/person\/db5605779a843dad16b5368f3e7613a5"},"headline":"CCGHV &#8211; CFU, budget et indemnit\u00e9s","datePublished":"2026-04-28T05:59:26+00:00","dateModified":"2026-04-28T06:17:24+00:00","mainEntityOfPage":{"@id":"https:\/\/vosgesinfo.fr\/gerardmerinfo\/2026\/04\/ccghv-cfu-budget-et-indemnites\/"},"wordCount":683,"commentCount":0,"publisher":{"@id":"https:\/\/vosgesinfo.fr\/gerardmerinfo\/#organization"},"image":{"@id":"https:\/\/vosgesinfo.fr\/gerardmerinfo\/2026\/04\/ccghv-cfu-budget-et-indemnites\/#primaryimage"},"thumbnailUrl":"https:\/\/vosgesinfo.fr\/app\/uploads\/sites\/6\/2026\/04\/ccghv-conseil-communautaire-3.jpg","keywords":["CCGHV","Frederic thomas"],"articleSection":["A la une","Gerardmer","Politique"],"inLanguage":"fr-FR","potentialAction":[{"@type":"CommentAction","name":"Comment","target":["https:\/\/vosgesinfo.fr\/gerardmerinfo\/2026\/04\/ccghv-cfu-budget-et-indemnites\/#respond"]}]},{"@type":"WebPage","@id":"https:\/\/vosgesinfo.fr\/gerardmerinfo\/2026\/04\/ccghv-cfu-budget-et-indemnites\/","url":"https:\/\/vosgesinfo.fr\/gerardmerinfo\/2026\/04\/ccghv-cfu-budget-et-indemnites\/","name":"CCGHV - CFU, budget et indemnit\u00e9s - Gerardmer Info","isPartOf":{"@id":"https:\/\/vosgesinfo.fr\/gerardmerinfo\/#website"},"primaryImageOfPage":{"@id":"https:\/\/vosgesinfo.fr\/gerardmerinfo\/2026\/04\/ccghv-cfu-budget-et-indemnites\/#primaryimage"},"image":{"@id":"https:\/\/vosgesinfo.fr\/gerardmerinfo\/2026\/04\/ccghv-cfu-budget-et-indemnites\/#primaryimage"},"thumbnailUrl":"https:\/\/vosgesinfo.fr\/app\/uploads\/sites\/6\/2026\/04\/ccghv-conseil-communautaire-3.jpg","datePublished":"2026-04-28T05:59:26+00:00","dateModified":"2026-04-28T06:17:24+00:00","breadcrumb":{"@id":"https:\/\/vosgesinfo.fr\/gerardmerinfo\/2026\/04\/ccghv-cfu-budget-et-indemnites\/#breadcrumb"},"inLanguage":"fr-FR","potentialAction":[{"@type":"ReadAction","target":["https:\/\/vosgesinfo.fr\/gerardmerinfo\/2026\/04\/ccghv-cfu-budget-et-indemnites\/"]}]},{"@type":"ImageObject","inLanguage":"fr-FR","@id":"https:\/\/vosgesinfo.fr\/gerardmerinfo\/2026\/04\/ccghv-cfu-budget-et-indemnites\/#primaryimage","url":"https:\/\/vosgesinfo.fr\/app\/uploads\/sites\/6\/2026\/04\/ccghv-conseil-communautaire-3.jpg","contentUrl":"https:\/\/vosgesinfo.fr\/app\/uploads\/sites\/6\/2026\/04\/ccghv-conseil-communautaire-3.jpg","width":2000,"height":1500},{"@type":"BreadcrumbList","@id":"https:\/\/vosgesinfo.fr\/gerardmerinfo\/2026\/04\/ccghv-cfu-budget-et-indemnites\/#breadcrumb","itemListElement":[{"@type":"ListItem","position":1,"name":"Home","item":"https:\/\/vosgesinfo.fr\/gerardmerinfo\/"},{"@type":"ListItem","position":2,"name":"CCGHV &#8211; CFU, budget et indemnit\u00e9s"}]},{"@type":"WebSite","@id":"https:\/\/vosgesinfo.fr\/gerardmerinfo\/#website","url":"https:\/\/vosgesinfo.fr\/gerardmerinfo\/","name":"Gerardmer Info","description":"Toute l&#039;actualit\u00e9 de G\u00e9rardmer","publisher":{"@id":"https:\/\/vosgesinfo.fr\/gerardmerinfo\/#organization"},"alternateName":"Toute l'actualit\u00e9 de G\u00e9rardmer","potentialAction":[{"@type":"SearchAction","target":{"@type":"EntryPoint","urlTemplate":"https:\/\/vosgesinfo.fr\/gerardmerinfo\/?s={search_term_string}"},"query-input":"required name=search_term_string"}],"inLanguage":"fr-FR"},{"@type":"Organization","@id":"https:\/\/vosgesinfo.fr\/gerardmerinfo\/#organization","name":"Gerardmer Info","url":"https:\/\/vosgesinfo.fr\/gerardmerinfo\/","logo":{"@type":"ImageObject","inLanguage":"fr-FR","@id":"https:\/\/vosgesinfo.fr\/gerardmerinfo\/#\/schema\/logo\/image\/","url":"https:\/\/vosgesinfo.fr\/app\/uploads\/sites\/6\/2023\/08\/favicon-gerardmerinfo.png","contentUrl":"https:\/\/vosgesinfo.fr\/app\/uploads\/sites\/6\/2023\/08\/favicon-gerardmerinfo.png","width":512,"height":512,"caption":"Gerardmer Info"},"image":{"@id":"https:\/\/vosgesinfo.fr\/gerardmerinfo\/#\/schema\/logo\/image\/"},"sameAs":["https:\/\/www.facebook.com\/profile.php?id=100049475262660","https:\/\/x.com\/VosgesInfo88","https:\/\/www.youtube.com\/@vosgesinfo"]},{"@type":"Person","@id":"https:\/\/vosgesinfo.fr\/gerardmerinfo\/#\/schema\/person\/db5605779a843dad16b5368f3e7613a5","name":"QG","image":{"@type":"ImageObject","inLanguage":"fr-FR","@id":"https:\/\/vosgesinfo.fr\/gerardmerinfo\/#\/schema\/person\/image\/","url":"https:\/\/secure.gravatar.com\/avatar\/ea80c42c204b534408512832fde52504ecabb9706bcb6151cf6175e5b64e6793?s=96&d=mm&r=g","contentUrl":"https:\/\/secure.gravatar.com\/avatar\/ea80c42c204b534408512832fde52504ecabb9706bcb6151cf6175e5b64e6793?s=96&d=mm&r=g","caption":"QG"},"url":"https:\/\/vosgesinfo.fr\/gerardmerinfo\/author\/quentin88\/"}]}},"_links":{"self":[{"href":"https:\/\/vosgesinfo.fr\/gerardmerinfo\/wp-json\/wp\/v2\/posts\/90807","targetHints":{"allow":["GET"]}}],"collection":[{"href":"https:\/\/vosgesinfo.fr\/gerardmerinfo\/wp-json\/wp\/v2\/posts"}],"about":[{"href":"https:\/\/vosgesinfo.fr\/gerardmerinfo\/wp-json\/wp\/v2\/types\/post"}],"author":[{"embeddable":true,"href":"https:\/\/vosgesinfo.fr\/gerardmerinfo\/wp-json\/wp\/v2\/users\/42"}],"replies":[{"embeddable":true,"href":"https:\/\/vosgesinfo.fr\/gerardmerinfo\/wp-json\/wp\/v2\/comments?post=90807"}],"version-history":[{"count":5,"href":"https:\/\/vosgesinfo.fr\/gerardmerinfo\/wp-json\/wp\/v2\/posts\/90807\/revisions"}],"predecessor-version":[{"id":90816,"href":"https:\/\/vosgesinfo.fr\/gerardmerinfo\/wp-json\/wp\/v2\/posts\/90807\/revisions\/90816"}],"wp:featuredmedia":[{"embeddable":true,"href":"https:\/\/vosgesinfo.fr\/gerardmerinfo\/wp-json\/wp\/v2\/media\/90809"}],"wp:attachment":[{"href":"https:\/\/vosgesinfo.fr\/gerardmerinfo\/wp-json\/wp\/v2\/media?parent=90807"}],"wp:term":[{"taxonomy":"category","embeddable":true,"href":"https:\/\/vosgesinfo.fr\/gerardmerinfo\/wp-json\/wp\/v2\/categories?post=90807"},{"taxonomy":"post_tag","embeddable":true,"href":"https:\/\/vosgesinfo.fr\/gerardmerinfo\/wp-json\/wp\/v2\/tags?post=90807"}],"curies":[{"name":"wp","href":"https:\/\/api.w.org\/{rel}","templated":true}]}}