{"id":90822,"date":"2026-04-28T14:43:17","date_gmt":"2026-04-28T12:43:17","guid":{"rendered":"https:\/\/vosgesinfo.fr\/gerardmerinfo\/2026\/04\/dans-les-vosges-nestle-waters-mise-sur-hep-une-nouvelle-boisson-axee-sur-le-bien-etre-digestif\/"},"modified":"2026-04-28T14:43:17","modified_gmt":"2026-04-28T12:43:17","slug":"dans-les-vosges-nestle-waters-mise-sur-hep-une-nouvelle-boisson-axee-sur-le-bien-etre-digestif","status":"publish","type":"post","link":"https:\/\/vosgesinfo.fr\/gerardmerinfo\/2026\/04\/dans-les-vosges-nestle-waters-mise-sur-hep-une-nouvelle-boisson-axee-sur-le-bien-etre-digestif\/","title":{"rendered":"Dans les Vosges, Nestl\u00e9 Waters mise sur HEP, une nouvelle boisson ax\u00e9e sur le bien-\u00eatre digestif"},"content":{"rendered":"<h2 data-start=\"215\" data-end=\"636\"><strong><a href=\"https:\/\/vosgesinfo.fr\/app\/uploads\/sites\/3\/2026\/04\/hep-vosges.webp\"><img decoding=\"async\" class=\"aligncenter size-full wp-image-142097\" src=\"https:\/\/vosgesinfo.fr\/app\/uploads\/sites\/3\/2026\/04\/hep-vosges.webp\" alt=\"\" width=\"450\" height=\"300\" \/><\/a>Dans les Vosges, Nestl\u00e9 Waters enrichit son portefeuille avec un produit in\u00e9dit baptis\u00e9 HEP. Propri\u00e9taire de marques embl\u00e9matiques comme Perrier ou Vittel, le groupe entend capitaliser sur son image en proposant une boisson pr\u00e9sent\u00e9e comme b\u00e9n\u00e9fique pour la digestion. Cette initiative s\u2019inscrit aussi dans une strat\u00e9gie de diversification, alors que l\u2019entreprise cherche \u00e0 redorer son image apr\u00e8s plusieurs controverses.<\/strong><\/h2>\n<p data-start=\"638\" data-end=\"964\">Le lancement officiel de HEP marque une nouvelle \u00e9tape dans l\u2019offensive du groupe sur le segment des boissons dites \u00ab premium \u00bb et orient\u00e9es sant\u00e9. D\u00e9j\u00e0 bien positionn\u00e9e avec ses eaux aromatis\u00e9es Maison Perrier, la soci\u00e9t\u00e9 introduit ici une boisson enrichie en calcium et en fibres, deux \u00e9l\u00e9ments associ\u00e9s au confort digestif.<\/p>\n<p data-start=\"966\" data-end=\"1285\">Inspir\u00e9e par l\u2019univers d\u2019H\u00e9par, \u00e9galement embouteill\u00e9e dans les Vosges, cette nouvelle r\u00e9f\u00e9rence s\u2019en distingue n\u00e9anmoins par sa composition. HEP est \u00e9labor\u00e9e \u00e0 partir d\u2019eau purifi\u00e9e \u00e0 laquelle sont ajout\u00e9s diff\u00e9rents ingr\u00e9dients : sucre, fibres issues du ma\u00efs, calcium, ar\u00f4mes naturels ainsi que des extraits v\u00e9g\u00e9taux.<\/p>\n<p data-start=\"1287\" data-end=\"1463\">Dans un communiqu\u00e9 diffus\u00e9 le 28 avril, Nestl\u00e9 Waters &amp; Premium Beverages pr\u00e9sente HEP comme une boisson aromatis\u00e9e sp\u00e9cifiquement pens\u00e9e pour soutenir le bien-\u00eatre intestinal.<\/p>\n<p data-start=\"1465\" data-end=\"1520\"><strong data-start=\"1465\" data-end=\"1520\">Un positionnement sur un march\u00e9 en pleine expansion<\/strong><\/p>\n<p data-start=\"1522\" data-end=\"1989\">Avec cette nouveaut\u00e9, l\u2019entreprise se positionne clairement sur le march\u00e9 des boissons fonctionnelles, un secteur en forte croissance. Ces produits se diff\u00e9rencient des boissons classiques par l\u2019int\u00e9gration d\u2019ingr\u00e9dients aux propri\u00e9t\u00e9s reconnues, destin\u00e9s \u00e0 apporter des b\u00e9n\u00e9fices cibl\u00e9s pour la sant\u00e9. L\u2019objectif ne se limite plus \u00e0 l\u2019hydratation : il s\u2019agit aussi de r\u00e9pondre \u00e0 une demande croissante de solutions pratiques pour am\u00e9liorer le bien-\u00eatre au quotidien.<\/p>\n<p data-start=\"1991\" data-end=\"2071\">Les boissons fonctionnelles regroupent plusieurs cat\u00e9gories selon leurs usages :<\/p>\n<ul data-start=\"2073\" data-end=\"2595\">\n<li data-section-id=\"f453w6\" data-start=\"2073\" data-end=\"2190\">Les boissons stimulantes, souvent riches en caf\u00e9ine ou en taurine, sont consomm\u00e9es pour leurs effets dynamisants.<\/li>\n<li data-section-id=\"1yvsdge\" data-start=\"2191\" data-end=\"2327\">Les boissons destin\u00e9es \u00e0 l\u2019effort physique apportent des glucides et des \u00e9lectrolytes pour favoriser la r\u00e9cup\u00e9ration apr\u00e8s le sport.<\/li>\n<li data-section-id=\"riy6uf\" data-start=\"2328\" data-end=\"2457\">Les produits nutraceutiques misent sur des composants comme les vitamines ou les antioxydants pour soutenir la sant\u00e9 globale.<\/li>\n<li data-section-id=\"10sdtcm\" data-start=\"2458\" data-end=\"2595\">Enfin, les boissons probiotiques, g\u00e9n\u00e9ralement issues de la fermentation, sont appr\u00e9ci\u00e9es pour leurs effets sur l\u2019\u00e9quilibre intestinal.<\/li>\n<\/ul>\n<p data-start=\"2597\" data-end=\"3013\">Dans ce contexte, Nestl\u00e9 souligne que les consommateurs sont de plus en plus attir\u00e9s par des alternatives \u00e0 la fois pratiques et b\u00e9n\u00e9fiques. Les eaux fonctionnelles, enrichies en fibres, min\u00e9raux ou vitamines, r\u00e9pondent \u00e0 cette tendance en proposant des solutions simples pour prendre soin de soi. Les pr\u00e9occupations li\u00e9es \u00e0 la digestion occupent d\u00e9sormais une place importante, ce \u00e0 quoi HEP ambitionne de r\u00e9pondre.<\/p>\n<p data-start=\"3015\" data-end=\"3052\"><strong data-start=\"3015\" data-end=\"3052\">Une commercialisation progressive<\/strong><\/p>\n<p data-start=\"3054\" data-end=\"3299\">HEP sera propos\u00e9e dans un format individuel de 40 cl et fera son apparition en exclusivit\u00e9 chez Carrefour \u00e0 partir de la fin avril. Le groupe pr\u00e9voit ensuite d\u2019\u00e9largir sa distribution \u00e0 d\u2019autres enseignes de grande distribution \u00e0 l\u2019horizon 2027.<\/p>\n<p data-start=\"3301\" data-end=\"3673\">\u00c0 travers ce lancement, Nestl\u00e9 souhaite s\u2019inscrire durablement dans les nouvelles attentes des consommateurs, notamment en mati\u00e8re de sant\u00e9 digestive. Enrichie en calcium, la boisson participe au bon fonctionnement des enzymes digestives, tout en constituant une source de fibres. Une combinaison pens\u00e9e pour offrir un b\u00e9n\u00e9fice fonctionnel accessible au plus grand nombre.<\/p>\n<p data-start=\"3675\" data-end=\"3896\">Pour son arriv\u00e9e sur le march\u00e9, la gamme HEP est propos\u00e9e en deux d\u00e9clinaisons : citron-citron vert et framboise. Des saveurs con\u00e7ues pour allier plaisir et l\u00e9g\u00e8ret\u00e9, adapt\u00e9es \u00e0 une consommation dans des contextes vari\u00e9s.<\/p>\n","protected":false},"excerpt":{"rendered":"<p>Dans les Vosges, Nestl\u00e9 Waters enrichit son portefeuille avec un produit in\u00e9dit baptis\u00e9 HEP. Propri\u00e9taire de marques embl\u00e9matiques comme Perrier [&hellip;]<\/p>\n","protected":false},"author":52,"featured_media":90823,"comment_status":"open","ping_status":"open","sticky":false,"template":"","format":"standard","meta":{"footnotes":""},"categories":[20,878,25,328,868,946],"tags":[],"class_list":["post-90822","post","type-post","status-publish","format-standard","has-post-thumbnail","hentry","category-a-la-une","category-epinal","category-gerardmer","category-la-plaine-des-vosges","category-remiremont","category-saint-die"],"acf":[],"yoast_head":"<!-- This site is optimized with the Yoast SEO plugin v22.5 - https:\/\/yoast.com\/wordpress\/plugins\/seo\/ -->\n<title>Dans les Vosges, Nestl\u00e9 Waters mise sur HEP, une nouvelle boisson ax\u00e9e sur le bien-\u00eatre digestif - Gerardmer Info<\/title>\n<meta name=\"robots\" content=\"index, follow, max-snippet:-1, max-image-preview:large, max-video-preview:-1\" \/>\n<link rel=\"canonical\" href=\"https:\/\/vosgesinfo.fr\/gerardmerinfo\/2026\/04\/dans-les-vosges-nestle-waters-mise-sur-hep-une-nouvelle-boisson-axee-sur-le-bien-etre-digestif\/\" \/>\n<meta name=\"twitter:card\" content=\"summary_large_image\" \/>\n<meta name=\"twitter:title\" content=\"Dans les Vosges, Nestl\u00e9 Waters mise sur HEP, une nouvelle boisson ax\u00e9e sur le bien-\u00eatre digestif - Gerardmer Info\" \/>\n<meta name=\"twitter:description\" content=\"Dans les Vosges, Nestl\u00e9 Waters enrichit son portefeuille avec un produit in\u00e9dit baptis\u00e9 HEP. Propri\u00e9taire de marques embl\u00e9matiques comme Perrier [&hellip;]\" \/>\n<meta name=\"twitter:image\" content=\"https:\/\/vosgesinfo.fr\/app\/uploads\/sites\/6\/2026\/04\/hep-vosges.webp\" \/>\n<meta name=\"twitter:creator\" content=\"@VosgesInfo88\" \/>\n<meta name=\"twitter:site\" content=\"@VosgesInfo88\" \/>\n<meta name=\"twitter:label1\" content=\"\u00c9crit par\" \/>\n\t<meta name=\"twitter:data1\" content=\"C.K.\" \/>\n\t<meta name=\"twitter:label2\" content=\"Dur\u00e9e de lecture estim\u00e9e\" \/>\n\t<meta name=\"twitter:data2\" content=\"3 minutes\" \/>\n<script type=\"application\/ld+json\" class=\"yoast-schema-graph\">{\"@context\":\"https:\/\/schema.org\",\"@graph\":[{\"@type\":\"Article\",\"@id\":\"https:\/\/vosgesinfo.fr\/gerardmerinfo\/2026\/04\/dans-les-vosges-nestle-waters-mise-sur-hep-une-nouvelle-boisson-axee-sur-le-bien-etre-digestif\/#article\",\"isPartOf\":{\"@id\":\"https:\/\/vosgesinfo.fr\/gerardmerinfo\/2026\/04\/dans-les-vosges-nestle-waters-mise-sur-hep-une-nouvelle-boisson-axee-sur-le-bien-etre-digestif\/\"},\"author\":{\"name\":\"C.K.\",\"@id\":\"https:\/\/vosgesinfo.fr\/gerardmerinfo\/#\/schema\/person\/6f9a650eeea99d969b6c4ab78fccbe81\"},\"headline\":\"Dans les Vosges, Nestl\u00e9 Waters mise sur HEP, une nouvelle boisson ax\u00e9e sur le bien-\u00eatre digestif\",\"datePublished\":\"2026-04-28T12:43:17+00:00\",\"dateModified\":\"2026-04-28T12:43:17+00:00\",\"mainEntityOfPage\":{\"@id\":\"https:\/\/vosgesinfo.fr\/gerardmerinfo\/2026\/04\/dans-les-vosges-nestle-waters-mise-sur-hep-une-nouvelle-boisson-axee-sur-le-bien-etre-digestif\/\"},\"wordCount\":623,\"commentCount\":0,\"publisher\":{\"@id\":\"https:\/\/vosgesinfo.fr\/gerardmerinfo\/#organization\"},\"image\":{\"@id\":\"https:\/\/vosgesinfo.fr\/gerardmerinfo\/2026\/04\/dans-les-vosges-nestle-waters-mise-sur-hep-une-nouvelle-boisson-axee-sur-le-bien-etre-digestif\/#primaryimage\"},\"thumbnailUrl\":\"https:\/\/vosgesinfo.fr\/app\/uploads\/sites\/6\/2026\/04\/hep-vosges.webp\",\"articleSection\":[\"A la une\",\"Epinal\",\"G\u00e9rardmer\",\"La plaine des vosges\",\"Remiremont\",\"Saint-di\u00e9\"],\"inLanguage\":\"fr-FR\",\"potentialAction\":[{\"@type\":\"CommentAction\",\"name\":\"Comment\",\"target\":[\"https:\/\/vosgesinfo.fr\/gerardmerinfo\/2026\/04\/dans-les-vosges-nestle-waters-mise-sur-hep-une-nouvelle-boisson-axee-sur-le-bien-etre-digestif\/#respond\"]}]},{\"@type\":\"WebPage\",\"@id\":\"https:\/\/vosgesinfo.fr\/gerardmerinfo\/2026\/04\/dans-les-vosges-nestle-waters-mise-sur-hep-une-nouvelle-boisson-axee-sur-le-bien-etre-digestif\/\",\"url\":\"https:\/\/vosgesinfo.fr\/gerardmerinfo\/2026\/04\/dans-les-vosges-nestle-waters-mise-sur-hep-une-nouvelle-boisson-axee-sur-le-bien-etre-digestif\/\",\"name\":\"Dans les Vosges, Nestl\u00e9 Waters mise sur HEP, une nouvelle boisson ax\u00e9e sur le bien-\u00eatre digestif - Gerardmer Info\",\"isPartOf\":{\"@id\":\"https:\/\/vosgesinfo.fr\/gerardmerinfo\/#website\"},\"primaryImageOfPage\":{\"@id\":\"https:\/\/vosgesinfo.fr\/gerardmerinfo\/2026\/04\/dans-les-vosges-nestle-waters-mise-sur-hep-une-nouvelle-boisson-axee-sur-le-bien-etre-digestif\/#primaryimage\"},\"image\":{\"@id\":\"https:\/\/vosgesinfo.fr\/gerardmerinfo\/2026\/04\/dans-les-vosges-nestle-waters-mise-sur-hep-une-nouvelle-boisson-axee-sur-le-bien-etre-digestif\/#primaryimage\"},\"thumbnailUrl\":\"https:\/\/vosgesinfo.fr\/app\/uploads\/sites\/6\/2026\/04\/hep-vosges.webp\",\"datePublished\":\"2026-04-28T12:43:17+00:00\",\"dateModified\":\"2026-04-28T12:43:17+00:00\",\"breadcrumb\":{\"@id\":\"https:\/\/vosgesinfo.fr\/gerardmerinfo\/2026\/04\/dans-les-vosges-nestle-waters-mise-sur-hep-une-nouvelle-boisson-axee-sur-le-bien-etre-digestif\/#breadcrumb\"},\"inLanguage\":\"fr-FR\",\"potentialAction\":[{\"@type\":\"ReadAction\",\"target\":[\"https:\/\/vosgesinfo.fr\/gerardmerinfo\/2026\/04\/dans-les-vosges-nestle-waters-mise-sur-hep-une-nouvelle-boisson-axee-sur-le-bien-etre-digestif\/\"]}]},{\"@type\":\"ImageObject\",\"inLanguage\":\"fr-FR\",\"@id\":\"https:\/\/vosgesinfo.fr\/gerardmerinfo\/2026\/04\/dans-les-vosges-nestle-waters-mise-sur-hep-une-nouvelle-boisson-axee-sur-le-bien-etre-digestif\/#primaryimage\",\"url\":\"https:\/\/vosgesinfo.fr\/app\/uploads\/sites\/6\/2026\/04\/hep-vosges.webp\",\"contentUrl\":\"https:\/\/vosgesinfo.fr\/app\/uploads\/sites\/6\/2026\/04\/hep-vosges.webp\",\"width\":450,\"height\":300},{\"@type\":\"BreadcrumbList\",\"@id\":\"https:\/\/vosgesinfo.fr\/gerardmerinfo\/2026\/04\/dans-les-vosges-nestle-waters-mise-sur-hep-une-nouvelle-boisson-axee-sur-le-bien-etre-digestif\/#breadcrumb\",\"itemListElement\":[{\"@type\":\"ListItem\",\"position\":1,\"name\":\"Home\",\"item\":\"https:\/\/vosgesinfo.fr\/gerardmerinfo\/\"},{\"@type\":\"ListItem\",\"position\":2,\"name\":\"Dans les Vosges, Nestl\u00e9 Waters mise sur HEP, une nouvelle boisson ax\u00e9e sur le bien-\u00eatre digestif\"}]},{\"@type\":\"WebSite\",\"@id\":\"https:\/\/vosgesinfo.fr\/gerardmerinfo\/#website\",\"url\":\"https:\/\/vosgesinfo.fr\/gerardmerinfo\/\",\"name\":\"Gerardmer Info\",\"description\":\"Toute l&#039;actualit\u00e9 de G\u00e9rardmer\",\"publisher\":{\"@id\":\"https:\/\/vosgesinfo.fr\/gerardmerinfo\/#organization\"},\"alternateName\":\"Toute l'actualit\u00e9 de G\u00e9rardmer\",\"potentialAction\":[{\"@type\":\"SearchAction\",\"target\":{\"@type\":\"EntryPoint\",\"urlTemplate\":\"https:\/\/vosgesinfo.fr\/gerardmerinfo\/?s={search_term_string}\"},\"query-input\":\"required name=search_term_string\"}],\"inLanguage\":\"fr-FR\"},{\"@type\":\"Organization\",\"@id\":\"https:\/\/vosgesinfo.fr\/gerardmerinfo\/#organization\",\"name\":\"Gerardmer Info\",\"url\":\"https:\/\/vosgesinfo.fr\/gerardmerinfo\/\",\"logo\":{\"@type\":\"ImageObject\",\"inLanguage\":\"fr-FR\",\"@id\":\"https:\/\/vosgesinfo.fr\/gerardmerinfo\/#\/schema\/logo\/image\/\",\"url\":\"https:\/\/vosgesinfo.fr\/app\/uploads\/sites\/6\/2023\/08\/favicon-gerardmerinfo.png\",\"contentUrl\":\"https:\/\/vosgesinfo.fr\/app\/uploads\/sites\/6\/2023\/08\/favicon-gerardmerinfo.png\",\"width\":512,\"height\":512,\"caption\":\"Gerardmer Info\"},\"image\":{\"@id\":\"https:\/\/vosgesinfo.fr\/gerardmerinfo\/#\/schema\/logo\/image\/\"},\"sameAs\":[\"https:\/\/www.facebook.com\/profile.php?id=100049475262660\",\"https:\/\/x.com\/VosgesInfo88\",\"https:\/\/www.youtube.com\/@vosgesinfo\"]},{\"@type\":\"Person\",\"@id\":\"https:\/\/vosgesinfo.fr\/gerardmerinfo\/#\/schema\/person\/6f9a650eeea99d969b6c4ab78fccbe81\",\"name\":\"C.K.\",\"image\":{\"@type\":\"ImageObject\",\"inLanguage\":\"fr-FR\",\"@id\":\"https:\/\/vosgesinfo.fr\/gerardmerinfo\/#\/schema\/person\/image\/\",\"url\":\"https:\/\/secure.gravatar.com\/avatar\/48e3fc7f8421ba8942be6b74a2b7f014ca39bc00dece156b7a8e098ae7dc87bf?s=96&d=mm&r=g\",\"contentUrl\":\"https:\/\/secure.gravatar.com\/avatar\/48e3fc7f8421ba8942be6b74a2b7f014ca39bc00dece156b7a8e098ae7dc87bf?s=96&d=mm&r=g\",\"caption\":\"C.K.\"},\"url\":\"https:\/\/vosgesinfo.fr\/gerardmerinfo\/author\/celia-k-n\/\"}]}<\/script>\n<!-- \/ Yoast SEO plugin. -->","yoast_head_json":{"title":"Dans les Vosges, Nestl\u00e9 Waters mise sur HEP, une nouvelle boisson ax\u00e9e sur le bien-\u00eatre digestif - Gerardmer Info","robots":{"index":"index","follow":"follow","max-snippet":"max-snippet:-1","max-image-preview":"max-image-preview:large","max-video-preview":"max-video-preview:-1"},"canonical":"https:\/\/vosgesinfo.fr\/gerardmerinfo\/2026\/04\/dans-les-vosges-nestle-waters-mise-sur-hep-une-nouvelle-boisson-axee-sur-le-bien-etre-digestif\/","twitter_card":"summary_large_image","twitter_title":"Dans les Vosges, Nestl\u00e9 Waters mise sur HEP, une nouvelle boisson ax\u00e9e sur le bien-\u00eatre digestif - Gerardmer Info","twitter_description":"Dans les Vosges, Nestl\u00e9 Waters enrichit son portefeuille avec un produit in\u00e9dit baptis\u00e9 HEP. Propri\u00e9taire de marques embl\u00e9matiques comme Perrier [&hellip;]","twitter_image":"https:\/\/vosgesinfo.fr\/app\/uploads\/sites\/6\/2026\/04\/hep-vosges.webp","twitter_creator":"@VosgesInfo88","twitter_site":"@VosgesInfo88","twitter_misc":{"\u00c9crit par":"C.K.","Dur\u00e9e de lecture estim\u00e9e":"3 minutes"},"schema":{"@context":"https:\/\/schema.org","@graph":[{"@type":"Article","@id":"https:\/\/vosgesinfo.fr\/gerardmerinfo\/2026\/04\/dans-les-vosges-nestle-waters-mise-sur-hep-une-nouvelle-boisson-axee-sur-le-bien-etre-digestif\/#article","isPartOf":{"@id":"https:\/\/vosgesinfo.fr\/gerardmerinfo\/2026\/04\/dans-les-vosges-nestle-waters-mise-sur-hep-une-nouvelle-boisson-axee-sur-le-bien-etre-digestif\/"},"author":{"name":"C.K.","@id":"https:\/\/vosgesinfo.fr\/gerardmerinfo\/#\/schema\/person\/6f9a650eeea99d969b6c4ab78fccbe81"},"headline":"Dans les Vosges, Nestl\u00e9 Waters mise sur HEP, une nouvelle boisson ax\u00e9e sur le bien-\u00eatre digestif","datePublished":"2026-04-28T12:43:17+00:00","dateModified":"2026-04-28T12:43:17+00:00","mainEntityOfPage":{"@id":"https:\/\/vosgesinfo.fr\/gerardmerinfo\/2026\/04\/dans-les-vosges-nestle-waters-mise-sur-hep-une-nouvelle-boisson-axee-sur-le-bien-etre-digestif\/"},"wordCount":623,"commentCount":0,"publisher":{"@id":"https:\/\/vosgesinfo.fr\/gerardmerinfo\/#organization"},"image":{"@id":"https:\/\/vosgesinfo.fr\/gerardmerinfo\/2026\/04\/dans-les-vosges-nestle-waters-mise-sur-hep-une-nouvelle-boisson-axee-sur-le-bien-etre-digestif\/#primaryimage"},"thumbnailUrl":"https:\/\/vosgesinfo.fr\/app\/uploads\/sites\/6\/2026\/04\/hep-vosges.webp","articleSection":["A la une","Epinal","G\u00e9rardmer","La plaine des vosges","Remiremont","Saint-di\u00e9"],"inLanguage":"fr-FR","potentialAction":[{"@type":"CommentAction","name":"Comment","target":["https:\/\/vosgesinfo.fr\/gerardmerinfo\/2026\/04\/dans-les-vosges-nestle-waters-mise-sur-hep-une-nouvelle-boisson-axee-sur-le-bien-etre-digestif\/#respond"]}]},{"@type":"WebPage","@id":"https:\/\/vosgesinfo.fr\/gerardmerinfo\/2026\/04\/dans-les-vosges-nestle-waters-mise-sur-hep-une-nouvelle-boisson-axee-sur-le-bien-etre-digestif\/","url":"https:\/\/vosgesinfo.fr\/gerardmerinfo\/2026\/04\/dans-les-vosges-nestle-waters-mise-sur-hep-une-nouvelle-boisson-axee-sur-le-bien-etre-digestif\/","name":"Dans les Vosges, Nestl\u00e9 Waters mise sur HEP, une nouvelle boisson ax\u00e9e sur le bien-\u00eatre digestif - Gerardmer Info","isPartOf":{"@id":"https:\/\/vosgesinfo.fr\/gerardmerinfo\/#website"},"primaryImageOfPage":{"@id":"https:\/\/vosgesinfo.fr\/gerardmerinfo\/2026\/04\/dans-les-vosges-nestle-waters-mise-sur-hep-une-nouvelle-boisson-axee-sur-le-bien-etre-digestif\/#primaryimage"},"image":{"@id":"https:\/\/vosgesinfo.fr\/gerardmerinfo\/2026\/04\/dans-les-vosges-nestle-waters-mise-sur-hep-une-nouvelle-boisson-axee-sur-le-bien-etre-digestif\/#primaryimage"},"thumbnailUrl":"https:\/\/vosgesinfo.fr\/app\/uploads\/sites\/6\/2026\/04\/hep-vosges.webp","datePublished":"2026-04-28T12:43:17+00:00","dateModified":"2026-04-28T12:43:17+00:00","breadcrumb":{"@id":"https:\/\/vosgesinfo.fr\/gerardmerinfo\/2026\/04\/dans-les-vosges-nestle-waters-mise-sur-hep-une-nouvelle-boisson-axee-sur-le-bien-etre-digestif\/#breadcrumb"},"inLanguage":"fr-FR","potentialAction":[{"@type":"ReadAction","target":["https:\/\/vosgesinfo.fr\/gerardmerinfo\/2026\/04\/dans-les-vosges-nestle-waters-mise-sur-hep-une-nouvelle-boisson-axee-sur-le-bien-etre-digestif\/"]}]},{"@type":"ImageObject","inLanguage":"fr-FR","@id":"https:\/\/vosgesinfo.fr\/gerardmerinfo\/2026\/04\/dans-les-vosges-nestle-waters-mise-sur-hep-une-nouvelle-boisson-axee-sur-le-bien-etre-digestif\/#primaryimage","url":"https:\/\/vosgesinfo.fr\/app\/uploads\/sites\/6\/2026\/04\/hep-vosges.webp","contentUrl":"https:\/\/vosgesinfo.fr\/app\/uploads\/sites\/6\/2026\/04\/hep-vosges.webp","width":450,"height":300},{"@type":"BreadcrumbList","@id":"https:\/\/vosgesinfo.fr\/gerardmerinfo\/2026\/04\/dans-les-vosges-nestle-waters-mise-sur-hep-une-nouvelle-boisson-axee-sur-le-bien-etre-digestif\/#breadcrumb","itemListElement":[{"@type":"ListItem","position":1,"name":"Home","item":"https:\/\/vosgesinfo.fr\/gerardmerinfo\/"},{"@type":"ListItem","position":2,"name":"Dans les Vosges, Nestl\u00e9 Waters mise sur HEP, une nouvelle boisson ax\u00e9e sur le bien-\u00eatre digestif"}]},{"@type":"WebSite","@id":"https:\/\/vosgesinfo.fr\/gerardmerinfo\/#website","url":"https:\/\/vosgesinfo.fr\/gerardmerinfo\/","name":"Gerardmer Info","description":"Toute l&#039;actualit\u00e9 de G\u00e9rardmer","publisher":{"@id":"https:\/\/vosgesinfo.fr\/gerardmerinfo\/#organization"},"alternateName":"Toute l'actualit\u00e9 de G\u00e9rardmer","potentialAction":[{"@type":"SearchAction","target":{"@type":"EntryPoint","urlTemplate":"https:\/\/vosgesinfo.fr\/gerardmerinfo\/?s={search_term_string}"},"query-input":"required name=search_term_string"}],"inLanguage":"fr-FR"},{"@type":"Organization","@id":"https:\/\/vosgesinfo.fr\/gerardmerinfo\/#organization","name":"Gerardmer Info","url":"https:\/\/vosgesinfo.fr\/gerardmerinfo\/","logo":{"@type":"ImageObject","inLanguage":"fr-FR","@id":"https:\/\/vosgesinfo.fr\/gerardmerinfo\/#\/schema\/logo\/image\/","url":"https:\/\/vosgesinfo.fr\/app\/uploads\/sites\/6\/2023\/08\/favicon-gerardmerinfo.png","contentUrl":"https:\/\/vosgesinfo.fr\/app\/uploads\/sites\/6\/2023\/08\/favicon-gerardmerinfo.png","width":512,"height":512,"caption":"Gerardmer Info"},"image":{"@id":"https:\/\/vosgesinfo.fr\/gerardmerinfo\/#\/schema\/logo\/image\/"},"sameAs":["https:\/\/www.facebook.com\/profile.php?id=100049475262660","https:\/\/x.com\/VosgesInfo88","https:\/\/www.youtube.com\/@vosgesinfo"]},{"@type":"Person","@id":"https:\/\/vosgesinfo.fr\/gerardmerinfo\/#\/schema\/person\/6f9a650eeea99d969b6c4ab78fccbe81","name":"C.K.","image":{"@type":"ImageObject","inLanguage":"fr-FR","@id":"https:\/\/vosgesinfo.fr\/gerardmerinfo\/#\/schema\/person\/image\/","url":"https:\/\/secure.gravatar.com\/avatar\/48e3fc7f8421ba8942be6b74a2b7f014ca39bc00dece156b7a8e098ae7dc87bf?s=96&d=mm&r=g","contentUrl":"https:\/\/secure.gravatar.com\/avatar\/48e3fc7f8421ba8942be6b74a2b7f014ca39bc00dece156b7a8e098ae7dc87bf?s=96&d=mm&r=g","caption":"C.K."},"url":"https:\/\/vosgesinfo.fr\/gerardmerinfo\/author\/celia-k-n\/"}]}},"_links":{"self":[{"href":"https:\/\/vosgesinfo.fr\/gerardmerinfo\/wp-json\/wp\/v2\/posts\/90822","targetHints":{"allow":["GET"]}}],"collection":[{"href":"https:\/\/vosgesinfo.fr\/gerardmerinfo\/wp-json\/wp\/v2\/posts"}],"about":[{"href":"https:\/\/vosgesinfo.fr\/gerardmerinfo\/wp-json\/wp\/v2\/types\/post"}],"author":[{"embeddable":true,"href":"https:\/\/vosgesinfo.fr\/gerardmerinfo\/wp-json\/wp\/v2\/users\/52"}],"replies":[{"embeddable":true,"href":"https:\/\/vosgesinfo.fr\/gerardmerinfo\/wp-json\/wp\/v2\/comments?post=90822"}],"version-history":[{"count":0,"href":"https:\/\/vosgesinfo.fr\/gerardmerinfo\/wp-json\/wp\/v2\/posts\/90822\/revisions"}],"wp:featuredmedia":[{"embeddable":true,"href":"https:\/\/vosgesinfo.fr\/gerardmerinfo\/wp-json\/wp\/v2\/media\/90823"}],"wp:attachment":[{"href":"https:\/\/vosgesinfo.fr\/gerardmerinfo\/wp-json\/wp\/v2\/media?parent=90822"}],"wp:term":[{"taxonomy":"category","embeddable":true,"href":"https:\/\/vosgesinfo.fr\/gerardmerinfo\/wp-json\/wp\/v2\/categories?post=90822"},{"taxonomy":"post_tag","embeddable":true,"href":"https:\/\/vosgesinfo.fr\/gerardmerinfo\/wp-json\/wp\/v2\/tags?post=90822"}],"curies":[{"name":"wp","href":"https:\/\/api.w.org\/{rel}","templated":true}]}}