{"id":90855,"date":"2026-04-29T18:00:32","date_gmt":"2026-04-29T16:00:32","guid":{"rendered":"https:\/\/vosgesinfo.fr\/gerardmerinfo\/?p=90855"},"modified":"2026-04-29T14:10:36","modified_gmt":"2026-04-29T12:10:36","slug":"retour-sur-les-resultats-des-mesures-de-bruit-sur-la-route-des-cretes","status":"publish","type":"post","link":"https:\/\/vosgesinfo.fr\/gerardmerinfo\/2026\/04\/retour-sur-les-resultats-des-mesures-de-bruit-sur-la-route-des-cretes\/","title":{"rendered":"Retour sur les r\u00e9sultats des mesures de bruit sur la route des Cr\u00eates"},"content":{"rendered":"<p data-pm-slice=\"1 1 []\"><a href=\"https:\/\/vosgesinfo.fr\/app\/uploads\/sites\/6\/2026\/04\/les-cretes-massif-des-vosges-6.jpg\"><img decoding=\"async\" class=\"aligncenter size-large wp-image-90860\" src=\"https:\/\/vosgesinfo.fr\/app\/uploads\/sites\/6\/2026\/04\/les-cretes-massif-des-vosges-6-1024x768.jpg\" alt=\"\" width=\"1024\" height=\"768\" srcset=\"https:\/\/vosgesinfo.fr\/app\/uploads\/sites\/6\/2026\/04\/les-cretes-massif-des-vosges-6-1024x768.jpg 1024w, https:\/\/vosgesinfo.fr\/app\/uploads\/sites\/6\/2026\/04\/les-cretes-massif-des-vosges-6-300x225.jpg 300w, https:\/\/vosgesinfo.fr\/app\/uploads\/sites\/6\/2026\/04\/les-cretes-massif-des-vosges-6-768x576.jpg 768w, https:\/\/vosgesinfo.fr\/app\/uploads\/sites\/6\/2026\/04\/les-cretes-massif-des-vosges-6-1536x1152.jpg 1536w, https:\/\/vosgesinfo.fr\/app\/uploads\/sites\/6\/2026\/04\/les-cretes-massif-des-vosges-6.jpg 1920w\" sizes=\"(max-width: 1024px) 100vw, 1024px\" \/><\/a><\/p>\n<p style=\"text-align: center;\" data-pm-slice=\"1 1 []\"><strong>Du bruit sur les cr\u00eates ?<\/strong><\/p>\n<p>\u00ab\u00a0Pendant 12 mois en 2024 et 2025, des capteurs acoustiques ont \u00e9t\u00e9 pos\u00e9s sur 3 stations entre le col de la Schlucht et le col du Calvaire, au sein de la r\u00e9serve naturelle nationale Tanet \u2013 Gazon du Faing.<\/p>\n<p><a href=\"https:\/\/vosgesinfo.fr\/app\/uploads\/sites\/6\/2026\/04\/resultats-des-mesures-de-bruit-les-cretes-massif-des-vosges-6.jpg\"><img decoding=\"async\" class=\"alignright size-medium wp-image-90867\" src=\"https:\/\/vosgesinfo.fr\/app\/uploads\/sites\/6\/2026\/04\/resultats-des-mesures-de-bruit-les-cretes-massif-des-vosges-6-300x225.jpg\" alt=\"\" width=\"300\" height=\"225\" srcset=\"https:\/\/vosgesinfo.fr\/app\/uploads\/sites\/6\/2026\/04\/resultats-des-mesures-de-bruit-les-cretes-massif-des-vosges-6-300x225.jpg 300w, https:\/\/vosgesinfo.fr\/app\/uploads\/sites\/6\/2026\/04\/resultats-des-mesures-de-bruit-les-cretes-massif-des-vosges-6-1024x768.jpg 1024w, https:\/\/vosgesinfo.fr\/app\/uploads\/sites\/6\/2026\/04\/resultats-des-mesures-de-bruit-les-cretes-massif-des-vosges-6-768x576.jpg 768w, https:\/\/vosgesinfo.fr\/app\/uploads\/sites\/6\/2026\/04\/resultats-des-mesures-de-bruit-les-cretes-massif-des-vosges-6-1536x1152.jpg 1536w, https:\/\/vosgesinfo.fr\/app\/uploads\/sites\/6\/2026\/04\/resultats-des-mesures-de-bruit-les-cretes-massif-des-vosges-6.jpg 1920w\" sizes=\"(max-width: 300px) 100vw, 300px\" \/><\/a>Le r\u00e9sultat de ces mesures a \u00e9t\u00e9 pr\u00e9sent\u00e9 \u00e0 la Maison des associations de La Bresse samedi 25 avril. Cette restitution publique s&rsquo;est faite \u00e0 trois voix par Mathieu Cr\u00e9tet (salari\u00e9 de l&rsquo;association Mountain Wilderness), Cyril G\u00e9rard (Conservatoire d&rsquo;Espaces Naturels de Lorraine et conservateur de la R\u00e9serve en question),\u00a0et par Cl\u00e9ment Cornec, chercheur en bioacoustique et cofondateur de l&rsquo;entreprise \u00ab\u00a0BioPhonia\u00a0\u00bb en charge de l&rsquo;analyse des 2 796 heures d&rsquo;enregistrement collect\u00e9es.<\/p>\n<p>Tous les \u00e9lus des communes que traverse la route des cr\u00eates \u00e9taient invit\u00e9s, ainsi que les diff\u00e9rentes collectivit\u00e9s concern\u00e9es (conseil d\u00e9partemental des Vosges, communaut\u00e9 europ\u00e9enne d&rsquo;Alsace, parc naturel r\u00e9gional des Ballons des Vosges, communaut\u00e9s de communes) et quelques acteurs cl\u00e9s (collectif H.A.N.S.I., association des fermes-auberges, clubs alpins, \u2026).<\/p>\n<p><a href=\"https:\/\/vosgesinfo.fr\/app\/uploads\/sites\/6\/2026\/04\/les-cretes-massif-des-vosges-7.jpg\"><img decoding=\"async\" class=\"alignright size-medium wp-image-90861\" src=\"https:\/\/vosgesinfo.fr\/app\/uploads\/sites\/6\/2026\/04\/les-cretes-massif-des-vosges-7-300x225.jpg\" alt=\"\" width=\"300\" height=\"225\" srcset=\"https:\/\/vosgesinfo.fr\/app\/uploads\/sites\/6\/2026\/04\/les-cretes-massif-des-vosges-7-300x225.jpg 300w, https:\/\/vosgesinfo.fr\/app\/uploads\/sites\/6\/2026\/04\/les-cretes-massif-des-vosges-7-1024x768.jpg 1024w, https:\/\/vosgesinfo.fr\/app\/uploads\/sites\/6\/2026\/04\/les-cretes-massif-des-vosges-7-768x576.jpg 768w, https:\/\/vosgesinfo.fr\/app\/uploads\/sites\/6\/2026\/04\/les-cretes-massif-des-vosges-7-1536x1152.jpg 1536w, https:\/\/vosgesinfo.fr\/app\/uploads\/sites\/6\/2026\/04\/les-cretes-massif-des-vosges-7.jpg 1920w\" sizes=\"(max-width: 300px) 100vw, 300px\" \/><\/a>Trois \u00e9lus \u00e9taient finalement pr\u00e9sents \u00e0 la restitution : M. Pierre Mengin \u2013 maire de La Bresse, M. G\u00e9rard Cl\u00e9ment \u2013 maire de Tendon, et M. J\u00e9r\u00f4me Mathieu \u2013 pr\u00e9sident de la chambre d&rsquo;agriculture du Grand Est, pr\u00e9sent en sa qualit\u00e9 de vice-pr\u00e9sident du conseil d\u00e9partemental des Vosges.<\/p>\n<p>Cette conf\u00e9rence tr\u00e8s document\u00e9e sur le plan scientifique, et tr\u00e8s bien pr\u00e9sent\u00e9e, a passionn\u00e9 tout le monde.<\/p>\n<p>En effet, elle a permis de comprendre :<\/p>\n<p>\u2013 comment sont faites les mesures,<\/p>\n<p>\u2013 comment elles sont interpr\u00e9t\u00e9es (par un mod\u00e8le d\u00e9velopp\u00e9 par BioPhonia dont les r\u00e9ponses sont ensuite v\u00e9rifi\u00e9es par des sp\u00e9cialistes (ornithologues par exemple)). ,<\/p>\n<p>\u2013 comment elles permettent de rep\u00e9rer des esp\u00e8ces animales pr\u00e9sentes sur les sites, leur nombre, leur temps de pr\u00e9sence, etc.,<\/p>\n<p>\u2013 comment les bruits d&rsquo;origine humaine (motos, voitures, avions,\u2026) sont mesur\u00e9s. La pollution sonore est ainsi caract\u00e9ris\u00e9e, et on connait son intensit\u00e9, sa dur\u00e9e, sa fr\u00e9quence.<\/p>\n<p>\u2013 Enfin comment les bruits d&rsquo;origine humaine interf\u00e8rent avec les esp\u00e8ces et les humains, au point d&rsquo;\u00eatre la deuxi\u00e8me cause d&rsquo;impact n\u00e9gatif sur notre sant\u00e9 selon l&rsquo;OMS, et d&rsquo;impacter n\u00e9gativement celle des animaux \u00e0 toutes les \u00e9tapes de leur cycle de vie.<\/p>\n<p>On ne peut que remercier les conf\u00e9renciers pour la clart\u00e9 de leurs explications, et pour la convivialit\u00e9 du d\u00e9bat qu&rsquo;ils ont initi\u00e9 ensuite. Parmi les r\u00e9sultats cl\u00e9s de cette \u00e9tude, on peut citer les chiffres suivants :<\/p>\n<p>\u2013 67 esp\u00e8ces d&rsquo;oiseaux d\u00e9tect\u00e9es sur la dur\u00e9e de l&rsquo;\u00e9tude, soit une grande richesse qui s&rsquo;est av\u00e9r\u00e9e \u00eatre particuli\u00e8rement marqu\u00e9e dans la zone de qui\u00e9tude de la R\u00e9serve ;<\/p>\n<p>\u2013 22 % du temps perturb\u00e9 par le trafic routier au niveau de la station en bord de route, avec un pic du mois d&rsquo;ao\u00fbt avec un paysage sonore pollu\u00e9 33 % du temps (plus d&rsquo;un \u00e9v\u00e8nement de pollution sonore par minute) ;<\/p>\n<p>\u2013 Un lien pr\u00e9occupant entre bruit et biodiversit\u00e9, car les communications entre oiseaux sont masqu\u00e9es par le bruit routier ;<\/p>\n<p>\u2013 Une pollution sonore pr\u00e9sente y compris avant l&rsquo;ouverture de la route, faute de fermeture physique ad\u00e9quate ;<\/p>\n<p>\u2013 Une forte pr\u00e9sence du trafic a\u00e9rien : seconde source de perturbation pour toute la r\u00e9serve.<\/p>\n<p><a href=\"https:\/\/vosgesinfo.fr\/app\/uploads\/sites\/6\/2026\/04\/les-cretes-massif-des-vosges-12.jpg\"><img decoding=\"async\" class=\"alignright size-medium wp-image-90866\" src=\"https:\/\/vosgesinfo.fr\/app\/uploads\/sites\/6\/2026\/04\/les-cretes-massif-des-vosges-12-300x225.jpg\" alt=\"\" width=\"300\" height=\"225\" srcset=\"https:\/\/vosgesinfo.fr\/app\/uploads\/sites\/6\/2026\/04\/les-cretes-massif-des-vosges-12-300x225.jpg 300w, https:\/\/vosgesinfo.fr\/app\/uploads\/sites\/6\/2026\/04\/les-cretes-massif-des-vosges-12-1024x768.jpg 1024w, https:\/\/vosgesinfo.fr\/app\/uploads\/sites\/6\/2026\/04\/les-cretes-massif-des-vosges-12-768x576.jpg 768w, https:\/\/vosgesinfo.fr\/app\/uploads\/sites\/6\/2026\/04\/les-cretes-massif-des-vosges-12-1536x1152.jpg 1536w, https:\/\/vosgesinfo.fr\/app\/uploads\/sites\/6\/2026\/04\/les-cretes-massif-des-vosges-12.jpg 1920w\" sizes=\"(max-width: 300px) 100vw, 300px\" \/><\/a>Ainsi, les r\u00e9sultats confirment le sentiment selon lequel il y a beaucoup, beaucoup de bruit d\u00fb aux engins motoris\u00e9s sur la route des Cr\u00eates ! L&rsquo;\u00e9tude va plus loin en explicitant l&rsquo;impact d\u00e9favorable de ces nuisances sur la vie au sein de la R\u00e9serve.\u00a0 Il y a en effet beaucoup de d\u00e9rangement pour la faune sauvage, mais aussi pour tous les humains qui viennent en montagne pour se reposer et chercher le calme dont on a besoin pour se ressourcer, pour retrouver le contact avec la nature, contact vital pour notre \u00e9quilibre et dont on prend de plus en plus conscience.<\/p>\n<p>Le d\u00e9bat a donc naturellement d\u00e9bouch\u00e9 sur la recherche de solutions pour limiter ce bruit :<\/p>\n<p>\u2013 limitation de la vitesse de 70 \u00e0 50 ;<\/p>\n<p>\u2013 ouverture plus tardive de la route des cr\u00eates au printemps pour respecter la p\u00e9riode de nidification et ne plus porter atteinte \u00e0 la reproduction ;<\/p>\n<p>\u2013 augmentation de la fr\u00e9quence des navettes et diminution du prix ;<\/p>\n<p>\u2013 exp\u00e9rimenter certains jours la fermeture des tron\u00e7ons les plus fr\u00e9quent\u00e9s (par exemple entre la Schlucht et le Gazon du Faing, ou entre la Schlucht et le haut de la route des Am\u00e9ricains), bien s\u00fbr en laissant l&rsquo;acc\u00e8s aux autobus pour les fermes-auberges, \u00e0 la navette, aux voitures pour PMR\u00a0et aux v\u00e9hicules non motoris\u00e9s.<\/p>\n<p>Ainsi combien de Vosgiens qui ne veulent plus aller sur les cr\u00eates en p\u00e9riode touristique seraient \u00e0 nouveau heureux de venir dans les fermes-auberges, l&rsquo;app\u00e9tit ouvert par les km \u00e0 pied ou \u00e0 v\u00e9lo ??<\/p>\n<p><a href=\"https:\/\/vosgesinfo.fr\/app\/uploads\/sites\/6\/2026\/04\/les-cretes-massif-des-vosges-9.jpg\"><img decoding=\"async\" class=\"alignright size-medium wp-image-90863\" src=\"https:\/\/vosgesinfo.fr\/app\/uploads\/sites\/6\/2026\/04\/les-cretes-massif-des-vosges-9-300x225.jpg\" alt=\"\" width=\"300\" height=\"225\" srcset=\"https:\/\/vosgesinfo.fr\/app\/uploads\/sites\/6\/2026\/04\/les-cretes-massif-des-vosges-9-300x225.jpg 300w, https:\/\/vosgesinfo.fr\/app\/uploads\/sites\/6\/2026\/04\/les-cretes-massif-des-vosges-9-1024x768.jpg 1024w, https:\/\/vosgesinfo.fr\/app\/uploads\/sites\/6\/2026\/04\/les-cretes-massif-des-vosges-9-768x576.jpg 768w, https:\/\/vosgesinfo.fr\/app\/uploads\/sites\/6\/2026\/04\/les-cretes-massif-des-vosges-9-1536x1152.jpg 1536w, https:\/\/vosgesinfo.fr\/app\/uploads\/sites\/6\/2026\/04\/les-cretes-massif-des-vosges-9.jpg 1920w\" sizes=\"(max-width: 300px) 100vw, 300px\" \/><\/a>Mais avant tout il faut int\u00e9grer les chiffres de la disparition des esp\u00e8ces animales : plus de 70 esp\u00e8ces d&rsquo;oiseaux sont d\u00e9sormais inscrites sur la\u00a0liste rouge r\u00e9gionale des esp\u00e8ces menac\u00e9es d\u2019extinction, et 82 % des insectes ont disparu (source : Strat\u00e9gie r\u00e9gionale pour la biodiversit\u00e9 du Grand Est). La perte de biodiversit\u00e9 est un ph\u00e9nom\u00e8ne qui s&rsquo;acc\u00e9l\u00e8re et peu de personnes ont conscience de la gravit\u00e9 de cette catastrophe et des cons\u00e9quences qu&rsquo;elle a d\u00e9j\u00e0 (par exemple risque d&rsquo;effondrement de la cha\u00eene alimentaire).<\/p>\n<p>Cette conf\u00e9rence est \u00e0 reproduire dans les Vosges, en particulier \u00e0 G\u00e9rardmer :<\/p>\n<p>\u2013 pour informer ;<\/p>\n<p>\u2013 pour faire comprendre \u00e0 quel point \u00e9lus et citoyens doivent entendre les donn\u00e9es scientifiques et agir (par exemple en travaillant avec, ou en adh\u00e9rant \u00e0, des associations comme Mountain Wilderness, Vosges Nature Environnement ou Oiseaux Nature) ;<\/p>\n<p>\u2013 pour sauver nos esp\u00e8ces de montagne, qui nous \u00e9merveillent encore et font la richesse de notre massif.<\/p>\n<p>\u00ab\u00a0S&rsquo;\u00e9merveiller, partager, prot\u00e9ger et agir pour concilier montagne \u00e0 vivre et montagne sauvage\u00a0\u00bb est la raison d&rsquo;\u00eatre, depuis 40 ans, de Mountain Wilderness !\u00a0\u00bb<\/p>\n<p><a href=\"https:\/\/vosgesinfo.fr\/app\/uploads\/sites\/6\/2026\/04\/sur-les-cretes-massif-des-vosges-5.jpg\"><img decoding=\"async\" class=\"aligncenter size-medium wp-image-90869\" src=\"https:\/\/vosgesinfo.fr\/app\/uploads\/sites\/6\/2026\/04\/sur-les-cretes-massif-des-vosges-5-300x225.jpg\" alt=\"\" width=\"300\" height=\"225\" srcset=\"https:\/\/vosgesinfo.fr\/app\/uploads\/sites\/6\/2026\/04\/sur-les-cretes-massif-des-vosges-5-300x225.jpg 300w, https:\/\/vosgesinfo.fr\/app\/uploads\/sites\/6\/2026\/04\/sur-les-cretes-massif-des-vosges-5-1024x766.jpg 1024w, https:\/\/vosgesinfo.fr\/app\/uploads\/sites\/6\/2026\/04\/sur-les-cretes-massif-des-vosges-5-768x575.jpg 768w, https:\/\/vosgesinfo.fr\/app\/uploads\/sites\/6\/2026\/04\/sur-les-cretes-massif-des-vosges-5-1536x1150.jpg 1536w, https:\/\/vosgesinfo.fr\/app\/uploads\/sites\/6\/2026\/04\/sur-les-cretes-massif-des-vosges-5.jpg 1920w\" sizes=\"(max-width: 300px) 100vw, 300px\" \/><\/a><\/p>\n","protected":false},"excerpt":{"rendered":"<p>Du bruit sur les cr\u00eates ? \u00ab\u00a0Pendant 12 mois en 2024 et 2025, des capteurs acoustiques ont \u00e9t\u00e9 pos\u00e9s sur [&hellip;]<\/p>\n","protected":false},"author":391,"featured_media":90860,"comment_status":"open","ping_status":"open","sticky":false,"template":"","format":"standard","meta":{"footnotes":""},"categories":[20,7,5647,18],"tags":[8048],"class_list":["post-90855","post","type-post","status-publish","format-standard","has-post-thumbnail","hentry","category-a-la-une","category-environnement","category-gerardmer-autres-sites","category-vosges","tag-mountain-wilderness-france"],"acf":[],"yoast_head":"<!-- This site is optimized with the Yoast SEO plugin v22.5 - https:\/\/yoast.com\/wordpress\/plugins\/seo\/ -->\n<title>Retour sur les r\u00e9sultats des mesures de bruit sur la route des Cr\u00eates - Gerardmer Info<\/title>\n<meta name=\"robots\" content=\"index, follow, max-snippet:-1, max-image-preview:large, max-video-preview:-1\" \/>\n<link rel=\"canonical\" href=\"https:\/\/vosgesinfo.fr\/gerardmerinfo\/2026\/04\/retour-sur-les-resultats-des-mesures-de-bruit-sur-la-route-des-cretes\/\" \/>\n<meta name=\"twitter:card\" content=\"summary_large_image\" \/>\n<meta name=\"twitter:title\" content=\"Retour sur les r\u00e9sultats des mesures de bruit sur la route des Cr\u00eates - Gerardmer Info\" \/>\n<meta name=\"twitter:description\" content=\"Du bruit sur les cr\u00eates ? \u00ab\u00a0Pendant 12 mois en 2024 et 2025, des capteurs acoustiques ont \u00e9t\u00e9 pos\u00e9s sur [&hellip;]\" \/>\n<meta name=\"twitter:image\" content=\"https:\/\/vosgesinfo.fr\/app\/uploads\/sites\/6\/2026\/04\/les-cretes-massif-des-vosges-6.jpg\" \/>\n<meta name=\"twitter:creator\" content=\"@VosgesInfo88\" \/>\n<meta name=\"twitter:site\" content=\"@VosgesInfo88\" \/>\n<meta name=\"twitter:label1\" content=\"\u00c9crit par\" \/>\n\t<meta name=\"twitter:data1\" content=\"La redaction\" \/>\n\t<meta name=\"twitter:label2\" content=\"Dur\u00e9e de lecture estim\u00e9e\" \/>\n\t<meta name=\"twitter:data2\" content=\"5 minutes\" \/>\n<script type=\"application\/ld+json\" class=\"yoast-schema-graph\">{\"@context\":\"https:\/\/schema.org\",\"@graph\":[{\"@type\":\"Article\",\"@id\":\"https:\/\/vosgesinfo.fr\/gerardmerinfo\/2026\/04\/retour-sur-les-resultats-des-mesures-de-bruit-sur-la-route-des-cretes\/#article\",\"isPartOf\":{\"@id\":\"https:\/\/vosgesinfo.fr\/gerardmerinfo\/2026\/04\/retour-sur-les-resultats-des-mesures-de-bruit-sur-la-route-des-cretes\/\"},\"author\":{\"name\":\"La redaction\",\"@id\":\"https:\/\/vosgesinfo.fr\/gerardmerinfo\/#\/schema\/person\/27a3695b06db98895b354c0765cdfc31\"},\"headline\":\"Retour sur les r\u00e9sultats des mesures de bruit sur la route des Cr\u00eates\",\"datePublished\":\"2026-04-29T16:00:32+00:00\",\"dateModified\":\"2026-04-29T12:10:36+00:00\",\"mainEntityOfPage\":{\"@id\":\"https:\/\/vosgesinfo.fr\/gerardmerinfo\/2026\/04\/retour-sur-les-resultats-des-mesures-de-bruit-sur-la-route-des-cretes\/\"},\"wordCount\":1054,\"commentCount\":0,\"publisher\":{\"@id\":\"https:\/\/vosgesinfo.fr\/gerardmerinfo\/#organization\"},\"image\":{\"@id\":\"https:\/\/vosgesinfo.fr\/gerardmerinfo\/2026\/04\/retour-sur-les-resultats-des-mesures-de-bruit-sur-la-route-des-cretes\/#primaryimage\"},\"thumbnailUrl\":\"https:\/\/vosgesinfo.fr\/app\/uploads\/sites\/6\/2026\/04\/les-cretes-massif-des-vosges-6.jpg\",\"keywords\":[\"Mountain Wilderness France\"],\"articleSection\":[\"A la une\",\"Environnement\",\"Gerardmer\",\"Vosges\"],\"inLanguage\":\"fr-FR\",\"potentialAction\":[{\"@type\":\"CommentAction\",\"name\":\"Comment\",\"target\":[\"https:\/\/vosgesinfo.fr\/gerardmerinfo\/2026\/04\/retour-sur-les-resultats-des-mesures-de-bruit-sur-la-route-des-cretes\/#respond\"]}]},{\"@type\":\"WebPage\",\"@id\":\"https:\/\/vosgesinfo.fr\/gerardmerinfo\/2026\/04\/retour-sur-les-resultats-des-mesures-de-bruit-sur-la-route-des-cretes\/\",\"url\":\"https:\/\/vosgesinfo.fr\/gerardmerinfo\/2026\/04\/retour-sur-les-resultats-des-mesures-de-bruit-sur-la-route-des-cretes\/\",\"name\":\"Retour sur les r\u00e9sultats des mesures de bruit sur la route des Cr\u00eates - Gerardmer Info\",\"isPartOf\":{\"@id\":\"https:\/\/vosgesinfo.fr\/gerardmerinfo\/#website\"},\"primaryImageOfPage\":{\"@id\":\"https:\/\/vosgesinfo.fr\/gerardmerinfo\/2026\/04\/retour-sur-les-resultats-des-mesures-de-bruit-sur-la-route-des-cretes\/#primaryimage\"},\"image\":{\"@id\":\"https:\/\/vosgesinfo.fr\/gerardmerinfo\/2026\/04\/retour-sur-les-resultats-des-mesures-de-bruit-sur-la-route-des-cretes\/#primaryimage\"},\"thumbnailUrl\":\"https:\/\/vosgesinfo.fr\/app\/uploads\/sites\/6\/2026\/04\/les-cretes-massif-des-vosges-6.jpg\",\"datePublished\":\"2026-04-29T16:00:32+00:00\",\"dateModified\":\"2026-04-29T12:10:36+00:00\",\"breadcrumb\":{\"@id\":\"https:\/\/vosgesinfo.fr\/gerardmerinfo\/2026\/04\/retour-sur-les-resultats-des-mesures-de-bruit-sur-la-route-des-cretes\/#breadcrumb\"},\"inLanguage\":\"fr-FR\",\"potentialAction\":[{\"@type\":\"ReadAction\",\"target\":[\"https:\/\/vosgesinfo.fr\/gerardmerinfo\/2026\/04\/retour-sur-les-resultats-des-mesures-de-bruit-sur-la-route-des-cretes\/\"]}]},{\"@type\":\"ImageObject\",\"inLanguage\":\"fr-FR\",\"@id\":\"https:\/\/vosgesinfo.fr\/gerardmerinfo\/2026\/04\/retour-sur-les-resultats-des-mesures-de-bruit-sur-la-route-des-cretes\/#primaryimage\",\"url\":\"https:\/\/vosgesinfo.fr\/app\/uploads\/sites\/6\/2026\/04\/les-cretes-massif-des-vosges-6.jpg\",\"contentUrl\":\"https:\/\/vosgesinfo.fr\/app\/uploads\/sites\/6\/2026\/04\/les-cretes-massif-des-vosges-6.jpg\",\"width\":1920,\"height\":1440},{\"@type\":\"BreadcrumbList\",\"@id\":\"https:\/\/vosgesinfo.fr\/gerardmerinfo\/2026\/04\/retour-sur-les-resultats-des-mesures-de-bruit-sur-la-route-des-cretes\/#breadcrumb\",\"itemListElement\":[{\"@type\":\"ListItem\",\"position\":1,\"name\":\"Home\",\"item\":\"https:\/\/vosgesinfo.fr\/gerardmerinfo\/\"},{\"@type\":\"ListItem\",\"position\":2,\"name\":\"Retour sur les r\u00e9sultats des mesures de bruit sur la route des Cr\u00eates\"}]},{\"@type\":\"WebSite\",\"@id\":\"https:\/\/vosgesinfo.fr\/gerardmerinfo\/#website\",\"url\":\"https:\/\/vosgesinfo.fr\/gerardmerinfo\/\",\"name\":\"Gerardmer Info\",\"description\":\"Toute l&#039;actualit\u00e9 de G\u00e9rardmer\",\"publisher\":{\"@id\":\"https:\/\/vosgesinfo.fr\/gerardmerinfo\/#organization\"},\"alternateName\":\"Toute l'actualit\u00e9 de G\u00e9rardmer\",\"potentialAction\":[{\"@type\":\"SearchAction\",\"target\":{\"@type\":\"EntryPoint\",\"urlTemplate\":\"https:\/\/vosgesinfo.fr\/gerardmerinfo\/?s={search_term_string}\"},\"query-input\":\"required name=search_term_string\"}],\"inLanguage\":\"fr-FR\"},{\"@type\":\"Organization\",\"@id\":\"https:\/\/vosgesinfo.fr\/gerardmerinfo\/#organization\",\"name\":\"Gerardmer Info\",\"url\":\"https:\/\/vosgesinfo.fr\/gerardmerinfo\/\",\"logo\":{\"@type\":\"ImageObject\",\"inLanguage\":\"fr-FR\",\"@id\":\"https:\/\/vosgesinfo.fr\/gerardmerinfo\/#\/schema\/logo\/image\/\",\"url\":\"https:\/\/vosgesinfo.fr\/app\/uploads\/sites\/6\/2023\/08\/favicon-gerardmerinfo.png\",\"contentUrl\":\"https:\/\/vosgesinfo.fr\/app\/uploads\/sites\/6\/2023\/08\/favicon-gerardmerinfo.png\",\"width\":512,\"height\":512,\"caption\":\"Gerardmer Info\"},\"image\":{\"@id\":\"https:\/\/vosgesinfo.fr\/gerardmerinfo\/#\/schema\/logo\/image\/\"},\"sameAs\":[\"https:\/\/www.facebook.com\/profile.php?id=100049475262660\",\"https:\/\/x.com\/VosgesInfo88\",\"https:\/\/www.youtube.com\/@vosgesinfo\"]},{\"@type\":\"Person\",\"@id\":\"https:\/\/vosgesinfo.fr\/gerardmerinfo\/#\/schema\/person\/27a3695b06db98895b354c0765cdfc31\",\"name\":\"La redaction\",\"image\":{\"@type\":\"ImageObject\",\"inLanguage\":\"fr-FR\",\"@id\":\"https:\/\/vosgesinfo.fr\/gerardmerinfo\/#\/schema\/person\/image\/\",\"url\":\"https:\/\/secure.gravatar.com\/avatar\/64c76a78e501cedee55736f43f332df901e1896ae9cd8fad269ae2236dd0e8b6?s=96&d=mm&r=g\",\"contentUrl\":\"https:\/\/secure.gravatar.com\/avatar\/64c76a78e501cedee55736f43f332df901e1896ae9cd8fad269ae2236dd0e8b6?s=96&d=mm&r=g\",\"caption\":\"La redaction\"},\"url\":\"https:\/\/vosgesinfo.fr\/gerardmerinfo\/author\/la-redaction\/\"}]}<\/script>\n<!-- \/ Yoast SEO plugin. -->","yoast_head_json":{"title":"Retour sur les r\u00e9sultats des mesures de bruit sur la route des Cr\u00eates - Gerardmer Info","robots":{"index":"index","follow":"follow","max-snippet":"max-snippet:-1","max-image-preview":"max-image-preview:large","max-video-preview":"max-video-preview:-1"},"canonical":"https:\/\/vosgesinfo.fr\/gerardmerinfo\/2026\/04\/retour-sur-les-resultats-des-mesures-de-bruit-sur-la-route-des-cretes\/","twitter_card":"summary_large_image","twitter_title":"Retour sur les r\u00e9sultats des mesures de bruit sur la route des Cr\u00eates - Gerardmer Info","twitter_description":"Du bruit sur les cr\u00eates ? \u00ab\u00a0Pendant 12 mois en 2024 et 2025, des capteurs acoustiques ont \u00e9t\u00e9 pos\u00e9s sur [&hellip;]","twitter_image":"https:\/\/vosgesinfo.fr\/app\/uploads\/sites\/6\/2026\/04\/les-cretes-massif-des-vosges-6.jpg","twitter_creator":"@VosgesInfo88","twitter_site":"@VosgesInfo88","twitter_misc":{"\u00c9crit par":"La redaction","Dur\u00e9e de lecture estim\u00e9e":"5 minutes"},"schema":{"@context":"https:\/\/schema.org","@graph":[{"@type":"Article","@id":"https:\/\/vosgesinfo.fr\/gerardmerinfo\/2026\/04\/retour-sur-les-resultats-des-mesures-de-bruit-sur-la-route-des-cretes\/#article","isPartOf":{"@id":"https:\/\/vosgesinfo.fr\/gerardmerinfo\/2026\/04\/retour-sur-les-resultats-des-mesures-de-bruit-sur-la-route-des-cretes\/"},"author":{"name":"La redaction","@id":"https:\/\/vosgesinfo.fr\/gerardmerinfo\/#\/schema\/person\/27a3695b06db98895b354c0765cdfc31"},"headline":"Retour sur les r\u00e9sultats des mesures de bruit sur la route des Cr\u00eates","datePublished":"2026-04-29T16:00:32+00:00","dateModified":"2026-04-29T12:10:36+00:00","mainEntityOfPage":{"@id":"https:\/\/vosgesinfo.fr\/gerardmerinfo\/2026\/04\/retour-sur-les-resultats-des-mesures-de-bruit-sur-la-route-des-cretes\/"},"wordCount":1054,"commentCount":0,"publisher":{"@id":"https:\/\/vosgesinfo.fr\/gerardmerinfo\/#organization"},"image":{"@id":"https:\/\/vosgesinfo.fr\/gerardmerinfo\/2026\/04\/retour-sur-les-resultats-des-mesures-de-bruit-sur-la-route-des-cretes\/#primaryimage"},"thumbnailUrl":"https:\/\/vosgesinfo.fr\/app\/uploads\/sites\/6\/2026\/04\/les-cretes-massif-des-vosges-6.jpg","keywords":["Mountain Wilderness France"],"articleSection":["A la une","Environnement","Gerardmer","Vosges"],"inLanguage":"fr-FR","potentialAction":[{"@type":"CommentAction","name":"Comment","target":["https:\/\/vosgesinfo.fr\/gerardmerinfo\/2026\/04\/retour-sur-les-resultats-des-mesures-de-bruit-sur-la-route-des-cretes\/#respond"]}]},{"@type":"WebPage","@id":"https:\/\/vosgesinfo.fr\/gerardmerinfo\/2026\/04\/retour-sur-les-resultats-des-mesures-de-bruit-sur-la-route-des-cretes\/","url":"https:\/\/vosgesinfo.fr\/gerardmerinfo\/2026\/04\/retour-sur-les-resultats-des-mesures-de-bruit-sur-la-route-des-cretes\/","name":"Retour sur les r\u00e9sultats des mesures de bruit sur la route des Cr\u00eates - Gerardmer Info","isPartOf":{"@id":"https:\/\/vosgesinfo.fr\/gerardmerinfo\/#website"},"primaryImageOfPage":{"@id":"https:\/\/vosgesinfo.fr\/gerardmerinfo\/2026\/04\/retour-sur-les-resultats-des-mesures-de-bruit-sur-la-route-des-cretes\/#primaryimage"},"image":{"@id":"https:\/\/vosgesinfo.fr\/gerardmerinfo\/2026\/04\/retour-sur-les-resultats-des-mesures-de-bruit-sur-la-route-des-cretes\/#primaryimage"},"thumbnailUrl":"https:\/\/vosgesinfo.fr\/app\/uploads\/sites\/6\/2026\/04\/les-cretes-massif-des-vosges-6.jpg","datePublished":"2026-04-29T16:00:32+00:00","dateModified":"2026-04-29T12:10:36+00:00","breadcrumb":{"@id":"https:\/\/vosgesinfo.fr\/gerardmerinfo\/2026\/04\/retour-sur-les-resultats-des-mesures-de-bruit-sur-la-route-des-cretes\/#breadcrumb"},"inLanguage":"fr-FR","potentialAction":[{"@type":"ReadAction","target":["https:\/\/vosgesinfo.fr\/gerardmerinfo\/2026\/04\/retour-sur-les-resultats-des-mesures-de-bruit-sur-la-route-des-cretes\/"]}]},{"@type":"ImageObject","inLanguage":"fr-FR","@id":"https:\/\/vosgesinfo.fr\/gerardmerinfo\/2026\/04\/retour-sur-les-resultats-des-mesures-de-bruit-sur-la-route-des-cretes\/#primaryimage","url":"https:\/\/vosgesinfo.fr\/app\/uploads\/sites\/6\/2026\/04\/les-cretes-massif-des-vosges-6.jpg","contentUrl":"https:\/\/vosgesinfo.fr\/app\/uploads\/sites\/6\/2026\/04\/les-cretes-massif-des-vosges-6.jpg","width":1920,"height":1440},{"@type":"BreadcrumbList","@id":"https:\/\/vosgesinfo.fr\/gerardmerinfo\/2026\/04\/retour-sur-les-resultats-des-mesures-de-bruit-sur-la-route-des-cretes\/#breadcrumb","itemListElement":[{"@type":"ListItem","position":1,"name":"Home","item":"https:\/\/vosgesinfo.fr\/gerardmerinfo\/"},{"@type":"ListItem","position":2,"name":"Retour sur les r\u00e9sultats des mesures de bruit sur la route des Cr\u00eates"}]},{"@type":"WebSite","@id":"https:\/\/vosgesinfo.fr\/gerardmerinfo\/#website","url":"https:\/\/vosgesinfo.fr\/gerardmerinfo\/","name":"Gerardmer Info","description":"Toute l&#039;actualit\u00e9 de G\u00e9rardmer","publisher":{"@id":"https:\/\/vosgesinfo.fr\/gerardmerinfo\/#organization"},"alternateName":"Toute l'actualit\u00e9 de G\u00e9rardmer","potentialAction":[{"@type":"SearchAction","target":{"@type":"EntryPoint","urlTemplate":"https:\/\/vosgesinfo.fr\/gerardmerinfo\/?s={search_term_string}"},"query-input":"required name=search_term_string"}],"inLanguage":"fr-FR"},{"@type":"Organization","@id":"https:\/\/vosgesinfo.fr\/gerardmerinfo\/#organization","name":"Gerardmer Info","url":"https:\/\/vosgesinfo.fr\/gerardmerinfo\/","logo":{"@type":"ImageObject","inLanguage":"fr-FR","@id":"https:\/\/vosgesinfo.fr\/gerardmerinfo\/#\/schema\/logo\/image\/","url":"https:\/\/vosgesinfo.fr\/app\/uploads\/sites\/6\/2023\/08\/favicon-gerardmerinfo.png","contentUrl":"https:\/\/vosgesinfo.fr\/app\/uploads\/sites\/6\/2023\/08\/favicon-gerardmerinfo.png","width":512,"height":512,"caption":"Gerardmer Info"},"image":{"@id":"https:\/\/vosgesinfo.fr\/gerardmerinfo\/#\/schema\/logo\/image\/"},"sameAs":["https:\/\/www.facebook.com\/profile.php?id=100049475262660","https:\/\/x.com\/VosgesInfo88","https:\/\/www.youtube.com\/@vosgesinfo"]},{"@type":"Person","@id":"https:\/\/vosgesinfo.fr\/gerardmerinfo\/#\/schema\/person\/27a3695b06db98895b354c0765cdfc31","name":"La redaction","image":{"@type":"ImageObject","inLanguage":"fr-FR","@id":"https:\/\/vosgesinfo.fr\/gerardmerinfo\/#\/schema\/person\/image\/","url":"https:\/\/secure.gravatar.com\/avatar\/64c76a78e501cedee55736f43f332df901e1896ae9cd8fad269ae2236dd0e8b6?s=96&d=mm&r=g","contentUrl":"https:\/\/secure.gravatar.com\/avatar\/64c76a78e501cedee55736f43f332df901e1896ae9cd8fad269ae2236dd0e8b6?s=96&d=mm&r=g","caption":"La redaction"},"url":"https:\/\/vosgesinfo.fr\/gerardmerinfo\/author\/la-redaction\/"}]}},"_links":{"self":[{"href":"https:\/\/vosgesinfo.fr\/gerardmerinfo\/wp-json\/wp\/v2\/posts\/90855","targetHints":{"allow":["GET"]}}],"collection":[{"href":"https:\/\/vosgesinfo.fr\/gerardmerinfo\/wp-json\/wp\/v2\/posts"}],"about":[{"href":"https:\/\/vosgesinfo.fr\/gerardmerinfo\/wp-json\/wp\/v2\/types\/post"}],"author":[{"embeddable":true,"href":"https:\/\/vosgesinfo.fr\/gerardmerinfo\/wp-json\/wp\/v2\/users\/391"}],"replies":[{"embeddable":true,"href":"https:\/\/vosgesinfo.fr\/gerardmerinfo\/wp-json\/wp\/v2\/comments?post=90855"}],"version-history":[{"count":1,"href":"https:\/\/vosgesinfo.fr\/gerardmerinfo\/wp-json\/wp\/v2\/posts\/90855\/revisions"}],"predecessor-version":[{"id":90870,"href":"https:\/\/vosgesinfo.fr\/gerardmerinfo\/wp-json\/wp\/v2\/posts\/90855\/revisions\/90870"}],"wp:featuredmedia":[{"embeddable":true,"href":"https:\/\/vosgesinfo.fr\/gerardmerinfo\/wp-json\/wp\/v2\/media\/90860"}],"wp:attachment":[{"href":"https:\/\/vosgesinfo.fr\/gerardmerinfo\/wp-json\/wp\/v2\/media?parent=90855"}],"wp:term":[{"taxonomy":"category","embeddable":true,"href":"https:\/\/vosgesinfo.fr\/gerardmerinfo\/wp-json\/wp\/v2\/categories?post=90855"},{"taxonomy":"post_tag","embeddable":true,"href":"https:\/\/vosgesinfo.fr\/gerardmerinfo\/wp-json\/wp\/v2\/tags?post=90855"}],"curies":[{"name":"wp","href":"https:\/\/api.w.org\/{rel}","templated":true}]}}