{"id":90873,"date":"2026-04-30T05:56:05","date_gmt":"2026-04-30T03:56:05","guid":{"rendered":"https:\/\/vosgesinfo.fr\/gerardmerinfo\/?p=90873"},"modified":"2026-04-29T16:24:52","modified_gmt":"2026-04-29T14:24:52","slug":"la-haie-griselle-les-eleves-de-loption-theatre-vous-donnent-rendez-vous-les-12-13-mai-2026","status":"publish","type":"post","link":"https:\/\/vosgesinfo.fr\/gerardmerinfo\/2026\/04\/la-haie-griselle-les-eleves-de-loption-theatre-vous-donnent-rendez-vous-les-12-13-mai-2026\/","title":{"rendered":"La Haie Griselle &#8211; Les \u00e9l\u00e8ves de l&rsquo;option th\u00e9\u00e2tre vous donnent rendez-vous les 12 &#038; 13 mai 2026"},"content":{"rendered":"<div id=\"attachment_90875\" style=\"width: 1930px\" class=\"wp-caption aligncenter\"><a href=\"https:\/\/vosgesinfo.fr\/app\/uploads\/sites\/6\/2026\/04\/option-theatre-la-haie-griselle-2026-2.jpg\"><img decoding=\"async\" aria-describedby=\"caption-attachment-90875\" class=\"size-full wp-image-90875\" src=\"https:\/\/vosgesinfo.fr\/app\/uploads\/sites\/6\/2026\/04\/option-theatre-la-haie-griselle-2026-2.jpg\" alt=\"\" width=\"1920\" height=\"1440\" srcset=\"https:\/\/vosgesinfo.fr\/app\/uploads\/sites\/6\/2026\/04\/option-theatre-la-haie-griselle-2026-2.jpg 1920w, https:\/\/vosgesinfo.fr\/app\/uploads\/sites\/6\/2026\/04\/option-theatre-la-haie-griselle-2026-2-300x225.jpg 300w, https:\/\/vosgesinfo.fr\/app\/uploads\/sites\/6\/2026\/04\/option-theatre-la-haie-griselle-2026-2-1024x768.jpg 1024w, https:\/\/vosgesinfo.fr\/app\/uploads\/sites\/6\/2026\/04\/option-theatre-la-haie-griselle-2026-2-768x576.jpg 768w, https:\/\/vosgesinfo.fr\/app\/uploads\/sites\/6\/2026\/04\/option-theatre-la-haie-griselle-2026-2-1536x1152.jpg 1536w\" sizes=\"(max-width: 1920px) 100vw, 1920px\" \/><\/a><p id=\"caption-attachment-90875\" class=\"wp-caption-text\">Le groupe des secondes et des premi\u00e8res en pleine r\u00e9p\u00e9tition.<\/p><\/div>\n<p data-pm-slice=\"1 1 []\">\n<p data-pm-slice=\"1 1 []\"><strong>Les \u00e9l\u00e8ves de l&rsquo;option th\u00e9\u00e2tre de la Haie Griselle vous donnent rendez-vous les 12 et 13 mai prochain \u00e0 la salle Jeanne d&rsquo;Arc pour les traditionnelles repr\u00e9sentations qui cl\u00f4tureront l&rsquo;ann\u00e9e scolaire.<\/strong><\/p>\n<p><a href=\"https:\/\/vosgesinfo.fr\/app\/uploads\/sites\/6\/2026\/04\/option-theatre-la-haie-griselle-2026-3.jpg\"><img decoding=\"async\" class=\"alignright size-medium wp-image-90876\" src=\"https:\/\/vosgesinfo.fr\/app\/uploads\/sites\/6\/2026\/04\/option-theatre-la-haie-griselle-2026-3-300x225.jpg\" alt=\"\" width=\"300\" height=\"225\" srcset=\"https:\/\/vosgesinfo.fr\/app\/uploads\/sites\/6\/2026\/04\/option-theatre-la-haie-griselle-2026-3-300x225.jpg 300w, https:\/\/vosgesinfo.fr\/app\/uploads\/sites\/6\/2026\/04\/option-theatre-la-haie-griselle-2026-3-1024x768.jpg 1024w, https:\/\/vosgesinfo.fr\/app\/uploads\/sites\/6\/2026\/04\/option-theatre-la-haie-griselle-2026-3-768x576.jpg 768w, https:\/\/vosgesinfo.fr\/app\/uploads\/sites\/6\/2026\/04\/option-theatre-la-haie-griselle-2026-3-1536x1152.jpg 1536w, https:\/\/vosgesinfo.fr\/app\/uploads\/sites\/6\/2026\/04\/option-theatre-la-haie-griselle-2026-3.jpg 2000w\" sizes=\"(max-width: 300px) 100vw, 300px\" \/><\/a>Les r\u00e9p\u00e9titions battent leur plein sous la houlette de Michel Joly et Mathias Roesch, les deux enseignants en charge de l&rsquo;option qui r\u00e9unit deux groupes de 18 \u00e9l\u00e8ves. Les secondes et terminales ouvriront le bal le mardi 12 mai \u00e0 20h30 avec des extraits de la pi\u00e8ce <em>I Generation<\/em> de Jean-Christophe Doll\u00e9. Une \u0153uvre sur un th\u00e8me plus que jamais d&rsquo;actualit\u00e9 regroupant le num\u00e9rique, le t\u00e9l\u00e9phone portable, les r\u00e9seaux sociaux, les chats etc.<\/p>\n<p>Quant aux terminales, ils vous attendront le lendemain, mercredi 13 mai, m\u00eame heure, m\u00eame lieu, avec des extraits de la pi\u00e8ce <em>Le D\u00e9bat<\/em> de R\u00e9gis Rodriguez. Une \u0153uvre hautement parodique de la t\u00e9l\u00e9-r\u00e9alit\u00e9 n(et de la TV en g\u00e9n\u00e9ral), un miroir de la soci\u00e9t\u00e9 qui met face \u00e0 face celles et ceux qui font preuve d&rsquo;\u00e9coute, d&#8217;empathie et de partage, face \u00e0 la brutalit\u00e9 et \u00e0 l&rsquo;\u00e9go\u00efsme de leurs alter ego\u2026<\/p>\n<p>Entr\u00e9e libre pour ces deux repr\u00e9sentations.<\/p>\n<p><a href=\"https:\/\/vosgesinfo.fr\/app\/uploads\/sites\/6\/2026\/04\/option-theatre-la-haie-griselle-2026-1.jpg\"><img decoding=\"async\" class=\"aligncenter size-medium wp-image-90874\" src=\"https:\/\/vosgesinfo.fr\/app\/uploads\/sites\/6\/2026\/04\/option-theatre-la-haie-griselle-2026-1-225x300.jpg\" alt=\"\" width=\"225\" height=\"300\" srcset=\"https:\/\/vosgesinfo.fr\/app\/uploads\/sites\/6\/2026\/04\/option-theatre-la-haie-griselle-2026-1-225x300.jpg 225w, https:\/\/vosgesinfo.fr\/app\/uploads\/sites\/6\/2026\/04\/option-theatre-la-haie-griselle-2026-1-768x1024.jpg 768w, https:\/\/vosgesinfo.fr\/app\/uploads\/sites\/6\/2026\/04\/option-theatre-la-haie-griselle-2026-1-1152x1536.jpg 1152w, https:\/\/vosgesinfo.fr\/app\/uploads\/sites\/6\/2026\/04\/option-theatre-la-haie-griselle-2026-1.jpg 1440w\" sizes=\"(max-width: 225px) 100vw, 225px\" \/><\/a><\/p>\n","protected":false},"excerpt":{"rendered":"<p>Les \u00e9l\u00e8ves de l&rsquo;option th\u00e9\u00e2tre de la Haie Griselle vous donnent rendez-vous les 12 et 13 mai prochain \u00e0 la [&hellip;]<\/p>\n","protected":false},"author":42,"featured_media":90875,"comment_status":"open","ping_status":"open","sticky":false,"template":"","format":"standard","meta":{"footnotes":""},"categories":[20,4,6,5647],"tags":[311,8842],"class_list":["post-90873","post","type-post","status-publish","format-standard","has-post-thumbnail","hentry","category-a-la-une","category-culture","category-education","category-gerardmer-autres-sites","tag-cite-scolaire-la-haie-griselle","tag-option-theatre"],"acf":[],"yoast_head":"<!-- This site is optimized with the Yoast SEO plugin v22.5 - https:\/\/yoast.com\/wordpress\/plugins\/seo\/ -->\n<title>La Haie Griselle - Les \u00e9l\u00e8ves de l&#039;option th\u00e9\u00e2tre vous donnent rendez-vous les 12 &amp; 13 mai 2026 - Gerardmer Info<\/title>\n<meta name=\"robots\" content=\"index, follow, max-snippet:-1, max-image-preview:large, max-video-preview:-1\" \/>\n<link rel=\"canonical\" href=\"https:\/\/vosgesinfo.fr\/gerardmerinfo\/2026\/04\/la-haie-griselle-les-eleves-de-loption-theatre-vous-donnent-rendez-vous-les-12-13-mai-2026\/\" \/>\n<meta name=\"twitter:card\" content=\"summary_large_image\" \/>\n<meta name=\"twitter:title\" content=\"La Haie Griselle - Les \u00e9l\u00e8ves de l&#039;option th\u00e9\u00e2tre vous donnent rendez-vous les 12 &amp; 13 mai 2026 - Gerardmer Info\" \/>\n<meta name=\"twitter:description\" content=\"Les \u00e9l\u00e8ves de l&rsquo;option th\u00e9\u00e2tre de la Haie Griselle vous donnent rendez-vous les 12 et 13 mai prochain \u00e0 la [&hellip;]\" \/>\n<meta name=\"twitter:image\" content=\"https:\/\/vosgesinfo.fr\/app\/uploads\/sites\/6\/2026\/04\/option-theatre-la-haie-griselle-2026-2.jpg\" \/>\n<meta name=\"twitter:creator\" content=\"@VosgesInfo88\" \/>\n<meta name=\"twitter:site\" content=\"@VosgesInfo88\" \/>\n<meta name=\"twitter:label1\" content=\"\u00c9crit par\" \/>\n\t<meta name=\"twitter:data1\" content=\"QG\" \/>\n\t<meta name=\"twitter:label2\" content=\"Dur\u00e9e de lecture estim\u00e9e\" \/>\n\t<meta name=\"twitter:data2\" content=\"1 minute\" \/>\n<script type=\"application\/ld+json\" class=\"yoast-schema-graph\">{\"@context\":\"https:\/\/schema.org\",\"@graph\":[{\"@type\":\"Article\",\"@id\":\"https:\/\/vosgesinfo.fr\/gerardmerinfo\/2026\/04\/la-haie-griselle-les-eleves-de-loption-theatre-vous-donnent-rendez-vous-les-12-13-mai-2026\/#article\",\"isPartOf\":{\"@id\":\"https:\/\/vosgesinfo.fr\/gerardmerinfo\/2026\/04\/la-haie-griselle-les-eleves-de-loption-theatre-vous-donnent-rendez-vous-les-12-13-mai-2026\/\"},\"author\":{\"name\":\"QG\",\"@id\":\"https:\/\/vosgesinfo.fr\/gerardmerinfo\/#\/schema\/person\/db5605779a843dad16b5368f3e7613a5\"},\"headline\":\"La Haie Griselle &#8211; Les \u00e9l\u00e8ves de l&rsquo;option th\u00e9\u00e2tre vous donnent rendez-vous les 12 &#038; 13 mai 2026\",\"datePublished\":\"2026-04-30T03:56:05+00:00\",\"dateModified\":\"2026-04-29T14:24:52+00:00\",\"mainEntityOfPage\":{\"@id\":\"https:\/\/vosgesinfo.fr\/gerardmerinfo\/2026\/04\/la-haie-griselle-les-eleves-de-loption-theatre-vous-donnent-rendez-vous-les-12-13-mai-2026\/\"},\"wordCount\":246,\"commentCount\":0,\"publisher\":{\"@id\":\"https:\/\/vosgesinfo.fr\/gerardmerinfo\/#organization\"},\"image\":{\"@id\":\"https:\/\/vosgesinfo.fr\/gerardmerinfo\/2026\/04\/la-haie-griselle-les-eleves-de-loption-theatre-vous-donnent-rendez-vous-les-12-13-mai-2026\/#primaryimage\"},\"thumbnailUrl\":\"https:\/\/vosgesinfo.fr\/app\/uploads\/sites\/6\/2026\/04\/option-theatre-la-haie-griselle-2026-2.jpg\",\"keywords\":[\"Cit\u00e9 scolaire La Haie Griselle\",\"option the\u00e2tre\"],\"articleSection\":[\"A la une\",\"Culture\",\"\u00c9ducation\",\"Gerardmer\"],\"inLanguage\":\"fr-FR\",\"potentialAction\":[{\"@type\":\"CommentAction\",\"name\":\"Comment\",\"target\":[\"https:\/\/vosgesinfo.fr\/gerardmerinfo\/2026\/04\/la-haie-griselle-les-eleves-de-loption-theatre-vous-donnent-rendez-vous-les-12-13-mai-2026\/#respond\"]}]},{\"@type\":\"WebPage\",\"@id\":\"https:\/\/vosgesinfo.fr\/gerardmerinfo\/2026\/04\/la-haie-griselle-les-eleves-de-loption-theatre-vous-donnent-rendez-vous-les-12-13-mai-2026\/\",\"url\":\"https:\/\/vosgesinfo.fr\/gerardmerinfo\/2026\/04\/la-haie-griselle-les-eleves-de-loption-theatre-vous-donnent-rendez-vous-les-12-13-mai-2026\/\",\"name\":\"La Haie Griselle - Les \u00e9l\u00e8ves de l'option th\u00e9\u00e2tre vous donnent rendez-vous les 12 & 13 mai 2026 - Gerardmer Info\",\"isPartOf\":{\"@id\":\"https:\/\/vosgesinfo.fr\/gerardmerinfo\/#website\"},\"primaryImageOfPage\":{\"@id\":\"https:\/\/vosgesinfo.fr\/gerardmerinfo\/2026\/04\/la-haie-griselle-les-eleves-de-loption-theatre-vous-donnent-rendez-vous-les-12-13-mai-2026\/#primaryimage\"},\"image\":{\"@id\":\"https:\/\/vosgesinfo.fr\/gerardmerinfo\/2026\/04\/la-haie-griselle-les-eleves-de-loption-theatre-vous-donnent-rendez-vous-les-12-13-mai-2026\/#primaryimage\"},\"thumbnailUrl\":\"https:\/\/vosgesinfo.fr\/app\/uploads\/sites\/6\/2026\/04\/option-theatre-la-haie-griselle-2026-2.jpg\",\"datePublished\":\"2026-04-30T03:56:05+00:00\",\"dateModified\":\"2026-04-29T14:24:52+00:00\",\"breadcrumb\":{\"@id\":\"https:\/\/vosgesinfo.fr\/gerardmerinfo\/2026\/04\/la-haie-griselle-les-eleves-de-loption-theatre-vous-donnent-rendez-vous-les-12-13-mai-2026\/#breadcrumb\"},\"inLanguage\":\"fr-FR\",\"potentialAction\":[{\"@type\":\"ReadAction\",\"target\":[\"https:\/\/vosgesinfo.fr\/gerardmerinfo\/2026\/04\/la-haie-griselle-les-eleves-de-loption-theatre-vous-donnent-rendez-vous-les-12-13-mai-2026\/\"]}]},{\"@type\":\"ImageObject\",\"inLanguage\":\"fr-FR\",\"@id\":\"https:\/\/vosgesinfo.fr\/gerardmerinfo\/2026\/04\/la-haie-griselle-les-eleves-de-loption-theatre-vous-donnent-rendez-vous-les-12-13-mai-2026\/#primaryimage\",\"url\":\"https:\/\/vosgesinfo.fr\/app\/uploads\/sites\/6\/2026\/04\/option-theatre-la-haie-griselle-2026-2.jpg\",\"contentUrl\":\"https:\/\/vosgesinfo.fr\/app\/uploads\/sites\/6\/2026\/04\/option-theatre-la-haie-griselle-2026-2.jpg\",\"width\":1920,\"height\":1440,\"caption\":\"Le groupe des secondes et des premi\u00e8res en pleine r\u00e9p\u00e9tition.\"},{\"@type\":\"BreadcrumbList\",\"@id\":\"https:\/\/vosgesinfo.fr\/gerardmerinfo\/2026\/04\/la-haie-griselle-les-eleves-de-loption-theatre-vous-donnent-rendez-vous-les-12-13-mai-2026\/#breadcrumb\",\"itemListElement\":[{\"@type\":\"ListItem\",\"position\":1,\"name\":\"Home\",\"item\":\"https:\/\/vosgesinfo.fr\/gerardmerinfo\/\"},{\"@type\":\"ListItem\",\"position\":2,\"name\":\"La Haie Griselle &#8211; Les \u00e9l\u00e8ves de l&rsquo;option th\u00e9\u00e2tre vous donnent rendez-vous les 12 &#038; 13 mai 2026\"}]},{\"@type\":\"WebSite\",\"@id\":\"https:\/\/vosgesinfo.fr\/gerardmerinfo\/#website\",\"url\":\"https:\/\/vosgesinfo.fr\/gerardmerinfo\/\",\"name\":\"Gerardmer Info\",\"description\":\"Toute l&#039;actualit\u00e9 de G\u00e9rardmer\",\"publisher\":{\"@id\":\"https:\/\/vosgesinfo.fr\/gerardmerinfo\/#organization\"},\"alternateName\":\"Toute l'actualit\u00e9 de G\u00e9rardmer\",\"potentialAction\":[{\"@type\":\"SearchAction\",\"target\":{\"@type\":\"EntryPoint\",\"urlTemplate\":\"https:\/\/vosgesinfo.fr\/gerardmerinfo\/?s={search_term_string}\"},\"query-input\":\"required name=search_term_string\"}],\"inLanguage\":\"fr-FR\"},{\"@type\":\"Organization\",\"@id\":\"https:\/\/vosgesinfo.fr\/gerardmerinfo\/#organization\",\"name\":\"Gerardmer Info\",\"url\":\"https:\/\/vosgesinfo.fr\/gerardmerinfo\/\",\"logo\":{\"@type\":\"ImageObject\",\"inLanguage\":\"fr-FR\",\"@id\":\"https:\/\/vosgesinfo.fr\/gerardmerinfo\/#\/schema\/logo\/image\/\",\"url\":\"https:\/\/vosgesinfo.fr\/app\/uploads\/sites\/6\/2023\/08\/favicon-gerardmerinfo.png\",\"contentUrl\":\"https:\/\/vosgesinfo.fr\/app\/uploads\/sites\/6\/2023\/08\/favicon-gerardmerinfo.png\",\"width\":512,\"height\":512,\"caption\":\"Gerardmer Info\"},\"image\":{\"@id\":\"https:\/\/vosgesinfo.fr\/gerardmerinfo\/#\/schema\/logo\/image\/\"},\"sameAs\":[\"https:\/\/www.facebook.com\/profile.php?id=100049475262660\",\"https:\/\/x.com\/VosgesInfo88\",\"https:\/\/www.youtube.com\/@vosgesinfo\"]},{\"@type\":\"Person\",\"@id\":\"https:\/\/vosgesinfo.fr\/gerardmerinfo\/#\/schema\/person\/db5605779a843dad16b5368f3e7613a5\",\"name\":\"QG\",\"image\":{\"@type\":\"ImageObject\",\"inLanguage\":\"fr-FR\",\"@id\":\"https:\/\/vosgesinfo.fr\/gerardmerinfo\/#\/schema\/person\/image\/\",\"url\":\"https:\/\/secure.gravatar.com\/avatar\/ea80c42c204b534408512832fde52504ecabb9706bcb6151cf6175e5b64e6793?s=96&d=mm&r=g\",\"contentUrl\":\"https:\/\/secure.gravatar.com\/avatar\/ea80c42c204b534408512832fde52504ecabb9706bcb6151cf6175e5b64e6793?s=96&d=mm&r=g\",\"caption\":\"QG\"},\"url\":\"https:\/\/vosgesinfo.fr\/gerardmerinfo\/author\/quentin88\/\"}]}<\/script>\n<!-- \/ Yoast SEO plugin. -->","yoast_head_json":{"title":"La Haie Griselle - Les \u00e9l\u00e8ves de l'option th\u00e9\u00e2tre vous donnent rendez-vous les 12 & 13 mai 2026 - Gerardmer Info","robots":{"index":"index","follow":"follow","max-snippet":"max-snippet:-1","max-image-preview":"max-image-preview:large","max-video-preview":"max-video-preview:-1"},"canonical":"https:\/\/vosgesinfo.fr\/gerardmerinfo\/2026\/04\/la-haie-griselle-les-eleves-de-loption-theatre-vous-donnent-rendez-vous-les-12-13-mai-2026\/","twitter_card":"summary_large_image","twitter_title":"La Haie Griselle - Les \u00e9l\u00e8ves de l'option th\u00e9\u00e2tre vous donnent rendez-vous les 12 & 13 mai 2026 - Gerardmer Info","twitter_description":"Les \u00e9l\u00e8ves de l&rsquo;option th\u00e9\u00e2tre de la Haie Griselle vous donnent rendez-vous les 12 et 13 mai prochain \u00e0 la [&hellip;]","twitter_image":"https:\/\/vosgesinfo.fr\/app\/uploads\/sites\/6\/2026\/04\/option-theatre-la-haie-griselle-2026-2.jpg","twitter_creator":"@VosgesInfo88","twitter_site":"@VosgesInfo88","twitter_misc":{"\u00c9crit par":"QG","Dur\u00e9e de lecture estim\u00e9e":"1 minute"},"schema":{"@context":"https:\/\/schema.org","@graph":[{"@type":"Article","@id":"https:\/\/vosgesinfo.fr\/gerardmerinfo\/2026\/04\/la-haie-griselle-les-eleves-de-loption-theatre-vous-donnent-rendez-vous-les-12-13-mai-2026\/#article","isPartOf":{"@id":"https:\/\/vosgesinfo.fr\/gerardmerinfo\/2026\/04\/la-haie-griselle-les-eleves-de-loption-theatre-vous-donnent-rendez-vous-les-12-13-mai-2026\/"},"author":{"name":"QG","@id":"https:\/\/vosgesinfo.fr\/gerardmerinfo\/#\/schema\/person\/db5605779a843dad16b5368f3e7613a5"},"headline":"La Haie Griselle &#8211; Les \u00e9l\u00e8ves de l&rsquo;option th\u00e9\u00e2tre vous donnent rendez-vous les 12 &#038; 13 mai 2026","datePublished":"2026-04-30T03:56:05+00:00","dateModified":"2026-04-29T14:24:52+00:00","mainEntityOfPage":{"@id":"https:\/\/vosgesinfo.fr\/gerardmerinfo\/2026\/04\/la-haie-griselle-les-eleves-de-loption-theatre-vous-donnent-rendez-vous-les-12-13-mai-2026\/"},"wordCount":246,"commentCount":0,"publisher":{"@id":"https:\/\/vosgesinfo.fr\/gerardmerinfo\/#organization"},"image":{"@id":"https:\/\/vosgesinfo.fr\/gerardmerinfo\/2026\/04\/la-haie-griselle-les-eleves-de-loption-theatre-vous-donnent-rendez-vous-les-12-13-mai-2026\/#primaryimage"},"thumbnailUrl":"https:\/\/vosgesinfo.fr\/app\/uploads\/sites\/6\/2026\/04\/option-theatre-la-haie-griselle-2026-2.jpg","keywords":["Cit\u00e9 scolaire La Haie Griselle","option the\u00e2tre"],"articleSection":["A la une","Culture","\u00c9ducation","Gerardmer"],"inLanguage":"fr-FR","potentialAction":[{"@type":"CommentAction","name":"Comment","target":["https:\/\/vosgesinfo.fr\/gerardmerinfo\/2026\/04\/la-haie-griselle-les-eleves-de-loption-theatre-vous-donnent-rendez-vous-les-12-13-mai-2026\/#respond"]}]},{"@type":"WebPage","@id":"https:\/\/vosgesinfo.fr\/gerardmerinfo\/2026\/04\/la-haie-griselle-les-eleves-de-loption-theatre-vous-donnent-rendez-vous-les-12-13-mai-2026\/","url":"https:\/\/vosgesinfo.fr\/gerardmerinfo\/2026\/04\/la-haie-griselle-les-eleves-de-loption-theatre-vous-donnent-rendez-vous-les-12-13-mai-2026\/","name":"La Haie Griselle - Les \u00e9l\u00e8ves de l'option th\u00e9\u00e2tre vous donnent rendez-vous les 12 & 13 mai 2026 - Gerardmer Info","isPartOf":{"@id":"https:\/\/vosgesinfo.fr\/gerardmerinfo\/#website"},"primaryImageOfPage":{"@id":"https:\/\/vosgesinfo.fr\/gerardmerinfo\/2026\/04\/la-haie-griselle-les-eleves-de-loption-theatre-vous-donnent-rendez-vous-les-12-13-mai-2026\/#primaryimage"},"image":{"@id":"https:\/\/vosgesinfo.fr\/gerardmerinfo\/2026\/04\/la-haie-griselle-les-eleves-de-loption-theatre-vous-donnent-rendez-vous-les-12-13-mai-2026\/#primaryimage"},"thumbnailUrl":"https:\/\/vosgesinfo.fr\/app\/uploads\/sites\/6\/2026\/04\/option-theatre-la-haie-griselle-2026-2.jpg","datePublished":"2026-04-30T03:56:05+00:00","dateModified":"2026-04-29T14:24:52+00:00","breadcrumb":{"@id":"https:\/\/vosgesinfo.fr\/gerardmerinfo\/2026\/04\/la-haie-griselle-les-eleves-de-loption-theatre-vous-donnent-rendez-vous-les-12-13-mai-2026\/#breadcrumb"},"inLanguage":"fr-FR","potentialAction":[{"@type":"ReadAction","target":["https:\/\/vosgesinfo.fr\/gerardmerinfo\/2026\/04\/la-haie-griselle-les-eleves-de-loption-theatre-vous-donnent-rendez-vous-les-12-13-mai-2026\/"]}]},{"@type":"ImageObject","inLanguage":"fr-FR","@id":"https:\/\/vosgesinfo.fr\/gerardmerinfo\/2026\/04\/la-haie-griselle-les-eleves-de-loption-theatre-vous-donnent-rendez-vous-les-12-13-mai-2026\/#primaryimage","url":"https:\/\/vosgesinfo.fr\/app\/uploads\/sites\/6\/2026\/04\/option-theatre-la-haie-griselle-2026-2.jpg","contentUrl":"https:\/\/vosgesinfo.fr\/app\/uploads\/sites\/6\/2026\/04\/option-theatre-la-haie-griselle-2026-2.jpg","width":1920,"height":1440,"caption":"Le groupe des secondes et des premi\u00e8res en pleine r\u00e9p\u00e9tition."},{"@type":"BreadcrumbList","@id":"https:\/\/vosgesinfo.fr\/gerardmerinfo\/2026\/04\/la-haie-griselle-les-eleves-de-loption-theatre-vous-donnent-rendez-vous-les-12-13-mai-2026\/#breadcrumb","itemListElement":[{"@type":"ListItem","position":1,"name":"Home","item":"https:\/\/vosgesinfo.fr\/gerardmerinfo\/"},{"@type":"ListItem","position":2,"name":"La Haie Griselle &#8211; Les \u00e9l\u00e8ves de l&rsquo;option th\u00e9\u00e2tre vous donnent rendez-vous les 12 &#038; 13 mai 2026"}]},{"@type":"WebSite","@id":"https:\/\/vosgesinfo.fr\/gerardmerinfo\/#website","url":"https:\/\/vosgesinfo.fr\/gerardmerinfo\/","name":"Gerardmer Info","description":"Toute l&#039;actualit\u00e9 de G\u00e9rardmer","publisher":{"@id":"https:\/\/vosgesinfo.fr\/gerardmerinfo\/#organization"},"alternateName":"Toute l'actualit\u00e9 de G\u00e9rardmer","potentialAction":[{"@type":"SearchAction","target":{"@type":"EntryPoint","urlTemplate":"https:\/\/vosgesinfo.fr\/gerardmerinfo\/?s={search_term_string}"},"query-input":"required name=search_term_string"}],"inLanguage":"fr-FR"},{"@type":"Organization","@id":"https:\/\/vosgesinfo.fr\/gerardmerinfo\/#organization","name":"Gerardmer Info","url":"https:\/\/vosgesinfo.fr\/gerardmerinfo\/","logo":{"@type":"ImageObject","inLanguage":"fr-FR","@id":"https:\/\/vosgesinfo.fr\/gerardmerinfo\/#\/schema\/logo\/image\/","url":"https:\/\/vosgesinfo.fr\/app\/uploads\/sites\/6\/2023\/08\/favicon-gerardmerinfo.png","contentUrl":"https:\/\/vosgesinfo.fr\/app\/uploads\/sites\/6\/2023\/08\/favicon-gerardmerinfo.png","width":512,"height":512,"caption":"Gerardmer Info"},"image":{"@id":"https:\/\/vosgesinfo.fr\/gerardmerinfo\/#\/schema\/logo\/image\/"},"sameAs":["https:\/\/www.facebook.com\/profile.php?id=100049475262660","https:\/\/x.com\/VosgesInfo88","https:\/\/www.youtube.com\/@vosgesinfo"]},{"@type":"Person","@id":"https:\/\/vosgesinfo.fr\/gerardmerinfo\/#\/schema\/person\/db5605779a843dad16b5368f3e7613a5","name":"QG","image":{"@type":"ImageObject","inLanguage":"fr-FR","@id":"https:\/\/vosgesinfo.fr\/gerardmerinfo\/#\/schema\/person\/image\/","url":"https:\/\/secure.gravatar.com\/avatar\/ea80c42c204b534408512832fde52504ecabb9706bcb6151cf6175e5b64e6793?s=96&d=mm&r=g","contentUrl":"https:\/\/secure.gravatar.com\/avatar\/ea80c42c204b534408512832fde52504ecabb9706bcb6151cf6175e5b64e6793?s=96&d=mm&r=g","caption":"QG"},"url":"https:\/\/vosgesinfo.fr\/gerardmerinfo\/author\/quentin88\/"}]}},"_links":{"self":[{"href":"https:\/\/vosgesinfo.fr\/gerardmerinfo\/wp-json\/wp\/v2\/posts\/90873","targetHints":{"allow":["GET"]}}],"collection":[{"href":"https:\/\/vosgesinfo.fr\/gerardmerinfo\/wp-json\/wp\/v2\/posts"}],"about":[{"href":"https:\/\/vosgesinfo.fr\/gerardmerinfo\/wp-json\/wp\/v2\/types\/post"}],"author":[{"embeddable":true,"href":"https:\/\/vosgesinfo.fr\/gerardmerinfo\/wp-json\/wp\/v2\/users\/42"}],"replies":[{"embeddable":true,"href":"https:\/\/vosgesinfo.fr\/gerardmerinfo\/wp-json\/wp\/v2\/comments?post=90873"}],"version-history":[{"count":1,"href":"https:\/\/vosgesinfo.fr\/gerardmerinfo\/wp-json\/wp\/v2\/posts\/90873\/revisions"}],"predecessor-version":[{"id":90878,"href":"https:\/\/vosgesinfo.fr\/gerardmerinfo\/wp-json\/wp\/v2\/posts\/90873\/revisions\/90878"}],"wp:featuredmedia":[{"embeddable":true,"href":"https:\/\/vosgesinfo.fr\/gerardmerinfo\/wp-json\/wp\/v2\/media\/90875"}],"wp:attachment":[{"href":"https:\/\/vosgesinfo.fr\/gerardmerinfo\/wp-json\/wp\/v2\/media?parent=90873"}],"wp:term":[{"taxonomy":"category","embeddable":true,"href":"https:\/\/vosgesinfo.fr\/gerardmerinfo\/wp-json\/wp\/v2\/categories?post=90873"},{"taxonomy":"post_tag","embeddable":true,"href":"https:\/\/vosgesinfo.fr\/gerardmerinfo\/wp-json\/wp\/v2\/tags?post=90873"}],"curies":[{"name":"wp","href":"https:\/\/api.w.org\/{rel}","templated":true}]}}