{"id":90886,"date":"2026-04-30T09:03:54","date_gmt":"2026-04-30T07:03:54","guid":{"rendered":"https:\/\/vosgesinfo.fr\/gerardmerinfo\/?p=90886"},"modified":"2026-04-30T09:03:54","modified_gmt":"2026-04-30T07:03:54","slug":"une-soiree-dansante-entre-annees-80-et-90-pour-la-fete-de-la-musique-a-corcieux","status":"publish","type":"post","link":"https:\/\/vosgesinfo.fr\/gerardmerinfo\/2026\/04\/une-soiree-dansante-entre-annees-80-et-90-pour-la-fete-de-la-musique-a-corcieux\/","title":{"rendered":"Une soir\u00e9e dansante entre ann\u00e9es 80 et 90 pour la F\u00eate de la musique \u00e0 Corcieux"},"content":{"rendered":"<h2>L\u2019<strong>Association d\u2019Amiti\u00e9 Franco-Italienne 88<\/strong> organisera une <strong>soir\u00e9e dansante<\/strong> \u00e0 <strong>Corcieux<\/strong> le <strong>20 juin<\/strong>, \u00e0 partir de <strong>19 h 30<\/strong>, dans le cadre de la <strong>F\u00eate de la musique<\/strong>. L\u2019\u00e9v\u00e9nement sera anim\u00e9 par <strong>Lor\u2019Anim<\/strong>.<\/h2>\n<p><!--more--><\/p>\n<h3><strong>Une ambiance ann\u00e9es 80 et 90<\/strong><\/h3>\n<p>La soir\u00e9e mettra \u00e0 l\u2019honneur <strong>les ann\u00e9es 80 et 90<\/strong>, avec une animation <strong>disc-jockey<\/strong>. L\u2019entr\u00e9e avec repas est fix\u00e9e \u00e0 <strong>30 euros<\/strong>.<\/p>\n<h3><strong>R\u00e9servations<\/strong><\/h3>\n<p>Pour obtenir des informations ou r\u00e9server, il faut envoyer un courriel \u00e0 amiti\u00e9<a href=\"mailto:.franco.italienne@gmail.com\" target=\"_blank\" rel=\"noopener\">.franco.italienne@gmail.com<\/a> ou contacter l\u2019association par t\u00e9l\u00e9phone, au <strong>06-22-82-71-01<\/strong>.<\/p>\n<p><a href=\"https:\/\/vosgesinfo.fr\/app\/uploads\/sites\/4\/2026\/04\/corcieux-soiree-dansante.jpg\"><img decoding=\"async\" class=\"alignnone size-large wp-image-90855\" src=\"https:\/\/vosgesinfo.fr\/app\/uploads\/sites\/4\/2026\/04\/corcieux-soiree-dansante-724x1024.jpg\" alt=\"\" width=\"724\" height=\"1024\" \/><\/a><\/p>\n","protected":false},"excerpt":{"rendered":"<p>L\u2019Association d\u2019Amiti\u00e9 Franco-Italienne 88 organisera une soir\u00e9e dansante \u00e0 Corcieux le 20 juin, \u00e0 partir de 19 h 30, dans [&hellip;]<\/p>\n","protected":false},"author":46,"featured_media":90887,"comment_status":"open","ping_status":"open","sticky":false,"template":"","format":"standard","meta":{"footnotes":""},"categories":[3,871,25,44,17],"tags":[8846,1079,8847,635,1270,8021,863],"class_list":["post-90886","post","type-post","status-publish","format-standard","has-post-thumbnail","hentry","category-breves","category-deodatie","category-gerardmer","category-loisirs","category-vie-associative","tag-annees-80","tag-annees-90","tag-association-damitie-franco-italienne-88","tag-corcieux","tag-fete-de-la-musique","tag-loranim","tag-soiree-dansante"],"acf":[],"yoast_head":"<!-- This site is optimized with the Yoast SEO plugin v22.5 - https:\/\/yoast.com\/wordpress\/plugins\/seo\/ -->\n<title>Une soir\u00e9e dansante entre ann\u00e9es 80 et 90 pour la F\u00eate de la musique \u00e0 Corcieux - Gerardmer Info<\/title>\n<meta name=\"robots\" content=\"index, follow, max-snippet:-1, max-image-preview:large, max-video-preview:-1\" \/>\n<link rel=\"canonical\" href=\"https:\/\/vosgesinfo.fr\/gerardmerinfo\/2026\/04\/une-soiree-dansante-entre-annees-80-et-90-pour-la-fete-de-la-musique-a-corcieux\/\" \/>\n<meta name=\"twitter:card\" content=\"summary_large_image\" \/>\n<meta name=\"twitter:title\" content=\"Une soir\u00e9e dansante entre ann\u00e9es 80 et 90 pour la F\u00eate de la musique \u00e0 Corcieux - Gerardmer Info\" \/>\n<meta name=\"twitter:description\" content=\"L\u2019Association d\u2019Amiti\u00e9 Franco-Italienne 88 organisera une soir\u00e9e dansante \u00e0 Corcieux le 20 juin, \u00e0 partir de 19 h 30, dans [&hellip;]\" \/>\n<meta name=\"twitter:image\" content=\"https:\/\/vosgesinfo.fr\/app\/uploads\/sites\/6\/2026\/04\/corcieux-soiree-dansante.jpg\" \/>\n<meta name=\"twitter:creator\" content=\"@VosgesInfo88\" \/>\n<meta name=\"twitter:site\" content=\"@VosgesInfo88\" \/>\n<meta name=\"twitter:label1\" content=\"\u00c9crit par\" \/>\n\t<meta name=\"twitter:data1\" content=\"J.J.\" \/>\n<script type=\"application\/ld+json\" class=\"yoast-schema-graph\">{\"@context\":\"https:\/\/schema.org\",\"@graph\":[{\"@type\":\"Article\",\"@id\":\"https:\/\/vosgesinfo.fr\/gerardmerinfo\/2026\/04\/une-soiree-dansante-entre-annees-80-et-90-pour-la-fete-de-la-musique-a-corcieux\/#article\",\"isPartOf\":{\"@id\":\"https:\/\/vosgesinfo.fr\/gerardmerinfo\/2026\/04\/une-soiree-dansante-entre-annees-80-et-90-pour-la-fete-de-la-musique-a-corcieux\/\"},\"author\":{\"name\":\"J.J.\",\"@id\":\"https:\/\/vosgesinfo.fr\/gerardmerinfo\/#\/schema\/person\/fa73e9f726d67bb88f46d5b7943cb572\"},\"headline\":\"Une soir\u00e9e dansante entre ann\u00e9es 80 et 90 pour la F\u00eate de la musique \u00e0 Corcieux\",\"datePublished\":\"2026-04-30T07:03:54+00:00\",\"dateModified\":\"2026-04-30T07:03:54+00:00\",\"mainEntityOfPage\":{\"@id\":\"https:\/\/vosgesinfo.fr\/gerardmerinfo\/2026\/04\/une-soiree-dansante-entre-annees-80-et-90-pour-la-fete-de-la-musique-a-corcieux\/\"},\"wordCount\":110,\"commentCount\":0,\"publisher\":{\"@id\":\"https:\/\/vosgesinfo.fr\/gerardmerinfo\/#organization\"},\"image\":{\"@id\":\"https:\/\/vosgesinfo.fr\/gerardmerinfo\/2026\/04\/une-soiree-dansante-entre-annees-80-et-90-pour-la-fete-de-la-musique-a-corcieux\/#primaryimage\"},\"thumbnailUrl\":\"https:\/\/vosgesinfo.fr\/app\/uploads\/sites\/6\/2026\/04\/corcieux-soiree-dansante.jpg\",\"keywords\":[\"ann\u00e9es 80\",\"Ann\u00e9es 90\",\"Association d\u2019Amiti\u00e9 Franco-Italienne 88\",\"corcieux\",\"fete de la musique\",\"Lor'Anim\",\"Soir\u00e9e dansante\"],\"articleSection\":[\"Br\u00e8ves\",\"D\u00e9odatie\",\"G\u00e9rardmer\",\"Loisirs\",\"Vie Associative\"],\"inLanguage\":\"fr-FR\",\"potentialAction\":[{\"@type\":\"CommentAction\",\"name\":\"Comment\",\"target\":[\"https:\/\/vosgesinfo.fr\/gerardmerinfo\/2026\/04\/une-soiree-dansante-entre-annees-80-et-90-pour-la-fete-de-la-musique-a-corcieux\/#respond\"]}]},{\"@type\":\"WebPage\",\"@id\":\"https:\/\/vosgesinfo.fr\/gerardmerinfo\/2026\/04\/une-soiree-dansante-entre-annees-80-et-90-pour-la-fete-de-la-musique-a-corcieux\/\",\"url\":\"https:\/\/vosgesinfo.fr\/gerardmerinfo\/2026\/04\/une-soiree-dansante-entre-annees-80-et-90-pour-la-fete-de-la-musique-a-corcieux\/\",\"name\":\"Une soir\u00e9e dansante entre ann\u00e9es 80 et 90 pour la F\u00eate de la musique \u00e0 Corcieux - Gerardmer Info\",\"isPartOf\":{\"@id\":\"https:\/\/vosgesinfo.fr\/gerardmerinfo\/#website\"},\"primaryImageOfPage\":{\"@id\":\"https:\/\/vosgesinfo.fr\/gerardmerinfo\/2026\/04\/une-soiree-dansante-entre-annees-80-et-90-pour-la-fete-de-la-musique-a-corcieux\/#primaryimage\"},\"image\":{\"@id\":\"https:\/\/vosgesinfo.fr\/gerardmerinfo\/2026\/04\/une-soiree-dansante-entre-annees-80-et-90-pour-la-fete-de-la-musique-a-corcieux\/#primaryimage\"},\"thumbnailUrl\":\"https:\/\/vosgesinfo.fr\/app\/uploads\/sites\/6\/2026\/04\/corcieux-soiree-dansante.jpg\",\"datePublished\":\"2026-04-30T07:03:54+00:00\",\"dateModified\":\"2026-04-30T07:03:54+00:00\",\"breadcrumb\":{\"@id\":\"https:\/\/vosgesinfo.fr\/gerardmerinfo\/2026\/04\/une-soiree-dansante-entre-annees-80-et-90-pour-la-fete-de-la-musique-a-corcieux\/#breadcrumb\"},\"inLanguage\":\"fr-FR\",\"potentialAction\":[{\"@type\":\"ReadAction\",\"target\":[\"https:\/\/vosgesinfo.fr\/gerardmerinfo\/2026\/04\/une-soiree-dansante-entre-annees-80-et-90-pour-la-fete-de-la-musique-a-corcieux\/\"]}]},{\"@type\":\"ImageObject\",\"inLanguage\":\"fr-FR\",\"@id\":\"https:\/\/vosgesinfo.fr\/gerardmerinfo\/2026\/04\/une-soiree-dansante-entre-annees-80-et-90-pour-la-fete-de-la-musique-a-corcieux\/#primaryimage\",\"url\":\"https:\/\/vosgesinfo.fr\/app\/uploads\/sites\/6\/2026\/04\/corcieux-soiree-dansante.jpg\",\"contentUrl\":\"https:\/\/vosgesinfo.fr\/app\/uploads\/sites\/6\/2026\/04\/corcieux-soiree-dansante.jpg\",\"width\":1357,\"height\":1920},{\"@type\":\"BreadcrumbList\",\"@id\":\"https:\/\/vosgesinfo.fr\/gerardmerinfo\/2026\/04\/une-soiree-dansante-entre-annees-80-et-90-pour-la-fete-de-la-musique-a-corcieux\/#breadcrumb\",\"itemListElement\":[{\"@type\":\"ListItem\",\"position\":1,\"name\":\"Home\",\"item\":\"https:\/\/vosgesinfo.fr\/gerardmerinfo\/\"},{\"@type\":\"ListItem\",\"position\":2,\"name\":\"Une soir\u00e9e dansante entre ann\u00e9es 80 et 90 pour la F\u00eate de la musique \u00e0 Corcieux\"}]},{\"@type\":\"WebSite\",\"@id\":\"https:\/\/vosgesinfo.fr\/gerardmerinfo\/#website\",\"url\":\"https:\/\/vosgesinfo.fr\/gerardmerinfo\/\",\"name\":\"Gerardmer Info\",\"description\":\"Toute l&#039;actualit\u00e9 de G\u00e9rardmer\",\"publisher\":{\"@id\":\"https:\/\/vosgesinfo.fr\/gerardmerinfo\/#organization\"},\"alternateName\":\"Toute l'actualit\u00e9 de G\u00e9rardmer\",\"potentialAction\":[{\"@type\":\"SearchAction\",\"target\":{\"@type\":\"EntryPoint\",\"urlTemplate\":\"https:\/\/vosgesinfo.fr\/gerardmerinfo\/?s={search_term_string}\"},\"query-input\":\"required name=search_term_string\"}],\"inLanguage\":\"fr-FR\"},{\"@type\":\"Organization\",\"@id\":\"https:\/\/vosgesinfo.fr\/gerardmerinfo\/#organization\",\"name\":\"Gerardmer Info\",\"url\":\"https:\/\/vosgesinfo.fr\/gerardmerinfo\/\",\"logo\":{\"@type\":\"ImageObject\",\"inLanguage\":\"fr-FR\",\"@id\":\"https:\/\/vosgesinfo.fr\/gerardmerinfo\/#\/schema\/logo\/image\/\",\"url\":\"https:\/\/vosgesinfo.fr\/app\/uploads\/sites\/6\/2023\/08\/favicon-gerardmerinfo.png\",\"contentUrl\":\"https:\/\/vosgesinfo.fr\/app\/uploads\/sites\/6\/2023\/08\/favicon-gerardmerinfo.png\",\"width\":512,\"height\":512,\"caption\":\"Gerardmer Info\"},\"image\":{\"@id\":\"https:\/\/vosgesinfo.fr\/gerardmerinfo\/#\/schema\/logo\/image\/\"},\"sameAs\":[\"https:\/\/www.facebook.com\/profile.php?id=100049475262660\",\"https:\/\/x.com\/VosgesInfo88\",\"https:\/\/www.youtube.com\/@vosgesinfo\"]},{\"@type\":\"Person\",\"@id\":\"https:\/\/vosgesinfo.fr\/gerardmerinfo\/#\/schema\/person\/fa73e9f726d67bb88f46d5b7943cb572\",\"name\":\"J.J.\",\"image\":{\"@type\":\"ImageObject\",\"inLanguage\":\"fr-FR\",\"@id\":\"https:\/\/vosgesinfo.fr\/gerardmerinfo\/#\/schema\/person\/image\/\",\"url\":\"https:\/\/secure.gravatar.com\/avatar\/219e749e47ffbcca018a360ae4add7d4cdf1cdaaf8bc7676b27efade3fe65615?s=96&d=mm&r=g\",\"contentUrl\":\"https:\/\/secure.gravatar.com\/avatar\/219e749e47ffbcca018a360ae4add7d4cdf1cdaaf8bc7676b27efade3fe65615?s=96&d=mm&r=g\",\"caption\":\"J.J.\"},\"url\":\"https:\/\/vosgesinfo.fr\/gerardmerinfo\/author\/j-j\/\"}]}<\/script>\n<!-- \/ Yoast SEO plugin. -->","yoast_head_json":{"title":"Une soir\u00e9e dansante entre ann\u00e9es 80 et 90 pour la F\u00eate de la musique \u00e0 Corcieux - Gerardmer Info","robots":{"index":"index","follow":"follow","max-snippet":"max-snippet:-1","max-image-preview":"max-image-preview:large","max-video-preview":"max-video-preview:-1"},"canonical":"https:\/\/vosgesinfo.fr\/gerardmerinfo\/2026\/04\/une-soiree-dansante-entre-annees-80-et-90-pour-la-fete-de-la-musique-a-corcieux\/","twitter_card":"summary_large_image","twitter_title":"Une soir\u00e9e dansante entre ann\u00e9es 80 et 90 pour la F\u00eate de la musique \u00e0 Corcieux - Gerardmer Info","twitter_description":"L\u2019Association d\u2019Amiti\u00e9 Franco-Italienne 88 organisera une soir\u00e9e dansante \u00e0 Corcieux le 20 juin, \u00e0 partir de 19 h 30, dans [&hellip;]","twitter_image":"https:\/\/vosgesinfo.fr\/app\/uploads\/sites\/6\/2026\/04\/corcieux-soiree-dansante.jpg","twitter_creator":"@VosgesInfo88","twitter_site":"@VosgesInfo88","twitter_misc":{"\u00c9crit par":"J.J."},"schema":{"@context":"https:\/\/schema.org","@graph":[{"@type":"Article","@id":"https:\/\/vosgesinfo.fr\/gerardmerinfo\/2026\/04\/une-soiree-dansante-entre-annees-80-et-90-pour-la-fete-de-la-musique-a-corcieux\/#article","isPartOf":{"@id":"https:\/\/vosgesinfo.fr\/gerardmerinfo\/2026\/04\/une-soiree-dansante-entre-annees-80-et-90-pour-la-fete-de-la-musique-a-corcieux\/"},"author":{"name":"J.J.","@id":"https:\/\/vosgesinfo.fr\/gerardmerinfo\/#\/schema\/person\/fa73e9f726d67bb88f46d5b7943cb572"},"headline":"Une soir\u00e9e dansante entre ann\u00e9es 80 et 90 pour la F\u00eate de la musique \u00e0 Corcieux","datePublished":"2026-04-30T07:03:54+00:00","dateModified":"2026-04-30T07:03:54+00:00","mainEntityOfPage":{"@id":"https:\/\/vosgesinfo.fr\/gerardmerinfo\/2026\/04\/une-soiree-dansante-entre-annees-80-et-90-pour-la-fete-de-la-musique-a-corcieux\/"},"wordCount":110,"commentCount":0,"publisher":{"@id":"https:\/\/vosgesinfo.fr\/gerardmerinfo\/#organization"},"image":{"@id":"https:\/\/vosgesinfo.fr\/gerardmerinfo\/2026\/04\/une-soiree-dansante-entre-annees-80-et-90-pour-la-fete-de-la-musique-a-corcieux\/#primaryimage"},"thumbnailUrl":"https:\/\/vosgesinfo.fr\/app\/uploads\/sites\/6\/2026\/04\/corcieux-soiree-dansante.jpg","keywords":["ann\u00e9es 80","Ann\u00e9es 90","Association d\u2019Amiti\u00e9 Franco-Italienne 88","corcieux","fete de la musique","Lor'Anim","Soir\u00e9e dansante"],"articleSection":["Br\u00e8ves","D\u00e9odatie","G\u00e9rardmer","Loisirs","Vie Associative"],"inLanguage":"fr-FR","potentialAction":[{"@type":"CommentAction","name":"Comment","target":["https:\/\/vosgesinfo.fr\/gerardmerinfo\/2026\/04\/une-soiree-dansante-entre-annees-80-et-90-pour-la-fete-de-la-musique-a-corcieux\/#respond"]}]},{"@type":"WebPage","@id":"https:\/\/vosgesinfo.fr\/gerardmerinfo\/2026\/04\/une-soiree-dansante-entre-annees-80-et-90-pour-la-fete-de-la-musique-a-corcieux\/","url":"https:\/\/vosgesinfo.fr\/gerardmerinfo\/2026\/04\/une-soiree-dansante-entre-annees-80-et-90-pour-la-fete-de-la-musique-a-corcieux\/","name":"Une soir\u00e9e dansante entre ann\u00e9es 80 et 90 pour la F\u00eate de la musique \u00e0 Corcieux - Gerardmer Info","isPartOf":{"@id":"https:\/\/vosgesinfo.fr\/gerardmerinfo\/#website"},"primaryImageOfPage":{"@id":"https:\/\/vosgesinfo.fr\/gerardmerinfo\/2026\/04\/une-soiree-dansante-entre-annees-80-et-90-pour-la-fete-de-la-musique-a-corcieux\/#primaryimage"},"image":{"@id":"https:\/\/vosgesinfo.fr\/gerardmerinfo\/2026\/04\/une-soiree-dansante-entre-annees-80-et-90-pour-la-fete-de-la-musique-a-corcieux\/#primaryimage"},"thumbnailUrl":"https:\/\/vosgesinfo.fr\/app\/uploads\/sites\/6\/2026\/04\/corcieux-soiree-dansante.jpg","datePublished":"2026-04-30T07:03:54+00:00","dateModified":"2026-04-30T07:03:54+00:00","breadcrumb":{"@id":"https:\/\/vosgesinfo.fr\/gerardmerinfo\/2026\/04\/une-soiree-dansante-entre-annees-80-et-90-pour-la-fete-de-la-musique-a-corcieux\/#breadcrumb"},"inLanguage":"fr-FR","potentialAction":[{"@type":"ReadAction","target":["https:\/\/vosgesinfo.fr\/gerardmerinfo\/2026\/04\/une-soiree-dansante-entre-annees-80-et-90-pour-la-fete-de-la-musique-a-corcieux\/"]}]},{"@type":"ImageObject","inLanguage":"fr-FR","@id":"https:\/\/vosgesinfo.fr\/gerardmerinfo\/2026\/04\/une-soiree-dansante-entre-annees-80-et-90-pour-la-fete-de-la-musique-a-corcieux\/#primaryimage","url":"https:\/\/vosgesinfo.fr\/app\/uploads\/sites\/6\/2026\/04\/corcieux-soiree-dansante.jpg","contentUrl":"https:\/\/vosgesinfo.fr\/app\/uploads\/sites\/6\/2026\/04\/corcieux-soiree-dansante.jpg","width":1357,"height":1920},{"@type":"BreadcrumbList","@id":"https:\/\/vosgesinfo.fr\/gerardmerinfo\/2026\/04\/une-soiree-dansante-entre-annees-80-et-90-pour-la-fete-de-la-musique-a-corcieux\/#breadcrumb","itemListElement":[{"@type":"ListItem","position":1,"name":"Home","item":"https:\/\/vosgesinfo.fr\/gerardmerinfo\/"},{"@type":"ListItem","position":2,"name":"Une soir\u00e9e dansante entre ann\u00e9es 80 et 90 pour la F\u00eate de la musique \u00e0 Corcieux"}]},{"@type":"WebSite","@id":"https:\/\/vosgesinfo.fr\/gerardmerinfo\/#website","url":"https:\/\/vosgesinfo.fr\/gerardmerinfo\/","name":"Gerardmer Info","description":"Toute l&#039;actualit\u00e9 de G\u00e9rardmer","publisher":{"@id":"https:\/\/vosgesinfo.fr\/gerardmerinfo\/#organization"},"alternateName":"Toute l'actualit\u00e9 de G\u00e9rardmer","potentialAction":[{"@type":"SearchAction","target":{"@type":"EntryPoint","urlTemplate":"https:\/\/vosgesinfo.fr\/gerardmerinfo\/?s={search_term_string}"},"query-input":"required name=search_term_string"}],"inLanguage":"fr-FR"},{"@type":"Organization","@id":"https:\/\/vosgesinfo.fr\/gerardmerinfo\/#organization","name":"Gerardmer Info","url":"https:\/\/vosgesinfo.fr\/gerardmerinfo\/","logo":{"@type":"ImageObject","inLanguage":"fr-FR","@id":"https:\/\/vosgesinfo.fr\/gerardmerinfo\/#\/schema\/logo\/image\/","url":"https:\/\/vosgesinfo.fr\/app\/uploads\/sites\/6\/2023\/08\/favicon-gerardmerinfo.png","contentUrl":"https:\/\/vosgesinfo.fr\/app\/uploads\/sites\/6\/2023\/08\/favicon-gerardmerinfo.png","width":512,"height":512,"caption":"Gerardmer Info"},"image":{"@id":"https:\/\/vosgesinfo.fr\/gerardmerinfo\/#\/schema\/logo\/image\/"},"sameAs":["https:\/\/www.facebook.com\/profile.php?id=100049475262660","https:\/\/x.com\/VosgesInfo88","https:\/\/www.youtube.com\/@vosgesinfo"]},{"@type":"Person","@id":"https:\/\/vosgesinfo.fr\/gerardmerinfo\/#\/schema\/person\/fa73e9f726d67bb88f46d5b7943cb572","name":"J.J.","image":{"@type":"ImageObject","inLanguage":"fr-FR","@id":"https:\/\/vosgesinfo.fr\/gerardmerinfo\/#\/schema\/person\/image\/","url":"https:\/\/secure.gravatar.com\/avatar\/219e749e47ffbcca018a360ae4add7d4cdf1cdaaf8bc7676b27efade3fe65615?s=96&d=mm&r=g","contentUrl":"https:\/\/secure.gravatar.com\/avatar\/219e749e47ffbcca018a360ae4add7d4cdf1cdaaf8bc7676b27efade3fe65615?s=96&d=mm&r=g","caption":"J.J."},"url":"https:\/\/vosgesinfo.fr\/gerardmerinfo\/author\/j-j\/"}]}},"_links":{"self":[{"href":"https:\/\/vosgesinfo.fr\/gerardmerinfo\/wp-json\/wp\/v2\/posts\/90886","targetHints":{"allow":["GET"]}}],"collection":[{"href":"https:\/\/vosgesinfo.fr\/gerardmerinfo\/wp-json\/wp\/v2\/posts"}],"about":[{"href":"https:\/\/vosgesinfo.fr\/gerardmerinfo\/wp-json\/wp\/v2\/types\/post"}],"author":[{"embeddable":true,"href":"https:\/\/vosgesinfo.fr\/gerardmerinfo\/wp-json\/wp\/v2\/users\/46"}],"replies":[{"embeddable":true,"href":"https:\/\/vosgesinfo.fr\/gerardmerinfo\/wp-json\/wp\/v2\/comments?post=90886"}],"version-history":[{"count":1,"href":"https:\/\/vosgesinfo.fr\/gerardmerinfo\/wp-json\/wp\/v2\/posts\/90886\/revisions"}],"predecessor-version":[{"id":90893,"href":"https:\/\/vosgesinfo.fr\/gerardmerinfo\/wp-json\/wp\/v2\/posts\/90886\/revisions\/90893"}],"wp:featuredmedia":[{"embeddable":true,"href":"https:\/\/vosgesinfo.fr\/gerardmerinfo\/wp-json\/wp\/v2\/media\/90887"}],"wp:attachment":[{"href":"https:\/\/vosgesinfo.fr\/gerardmerinfo\/wp-json\/wp\/v2\/media?parent=90886"}],"wp:term":[{"taxonomy":"category","embeddable":true,"href":"https:\/\/vosgesinfo.fr\/gerardmerinfo\/wp-json\/wp\/v2\/categories?post=90886"},{"taxonomy":"post_tag","embeddable":true,"href":"https:\/\/vosgesinfo.fr\/gerardmerinfo\/wp-json\/wp\/v2\/tags?post=90886"}],"curies":[{"name":"wp","href":"https:\/\/api.w.org\/{rel}","templated":true}]}}