{"id":90900,"date":"2026-04-30T15:09:47","date_gmt":"2026-04-30T13:09:47","guid":{"rendered":"https:\/\/vosgesinfo.fr\/gerardmerinfo\/?p=90900"},"modified":"2026-04-30T15:09:47","modified_gmt":"2026-04-30T13:09:47","slug":"mise-en-place-dune-zone-pietonne-les-week-ends-et-jours-feries","status":"publish","type":"post","link":"https:\/\/vosgesinfo.fr\/gerardmerinfo\/2026\/04\/mise-en-place-dune-zone-pietonne-les-week-ends-et-jours-feries\/","title":{"rendered":"Mise en place d\u2019une zone pi\u00e9tonne les week-ends et jours f\u00e9ri\u00e9s"},"content":{"rendered":"<p>Les premiers rayons de soleil s\u2019installent \u00e0 G\u00e9rardmer et avec eux, la mise en place d\u2019une zone pi\u00e9tonne les week-ends et jours f\u00e9ri\u00e9s,<strong> \u00e0 partir du 30 avril jusqu\u2019au 17 juin 2026.<\/strong><\/p>\n<p>La circulation y sera interdite, sauf pour les riverains qui pourront acc\u00e9der \u00e0 la zone et ce, \u00e0 allure mod\u00e9r\u00e9e via la rue Reiterhart. Les riverains et les v\u00e9hicules en stationnement pourront quitter la zone \u00e0 allure mod\u00e9r\u00e9e par la rue Charles de Gaulle en direction de Saint Di\u00e9.<\/p>\n<p>&nbsp;<\/p>\n<ul>\n<li>Du jeudi 30 avril \u00e0 18h00 au lundi 04 mai \u00e0 6h00<\/li>\n<li>Du jeudi 07 mai \u00e0 18h00 au lundi 11 mai \u00e0 6h00<\/li>\n<li>Du mercredi 13 mai \u00e0 18h00 au lundi 18 mai \u00e0 6h00<\/li>\n<li>Du vendredi 22 mai \u00e0 18h00 mardi 26 mai \u00e0 6h00<\/li>\n<li>Du vendredi 30 mai \u00e0 18h00 au lundi 1<sup>er<\/sup> juin \u00e0 6h00<\/li>\n<li>Du vendredi 5 juin \u00e0 18h00 au lundi 8 juin \u00e0 6h00<\/li>\n<li>Du vendredi 12 juin \u00e0 18h00 au lundi 15 juin \u00e0 6h00<\/li>\n<\/ul>\n<p><a href=\"https:\/\/vosgesinfo.fr\/app\/uploads\/sites\/6\/2026\/04\/zone-pietonne-2026.jpg\"><img decoding=\"async\" class=\"aligncenter wp-image-90901 size-full\" src=\"https:\/\/vosgesinfo.fr\/app\/uploads\/sites\/6\/2026\/04\/zone-pietonne-2026.jpg\" alt=\"\" width=\"550\" height=\"439\" srcset=\"https:\/\/vosgesinfo.fr\/app\/uploads\/sites\/6\/2026\/04\/zone-pietonne-2026.jpg 550w, https:\/\/vosgesinfo.fr\/app\/uploads\/sites\/6\/2026\/04\/zone-pietonne-2026-300x239.jpg 300w\" sizes=\"(max-width: 550px) 100vw, 550px\" \/><\/a><\/p>\n","protected":false},"excerpt":{"rendered":"<p>Les premiers rayons de soleil s\u2019installent \u00e0 G\u00e9rardmer et avec eux, la mise en place d\u2019une zone pi\u00e9tonne les week-ends [&hellip;]<\/p>\n","protected":false},"author":391,"featured_media":10263,"comment_status":"open","ping_status":"open","sticky":false,"template":"","format":"standard","meta":{"footnotes":""},"categories":[20,5647],"tags":[],"class_list":["post-90900","post","type-post","status-publish","format-standard","has-post-thumbnail","hentry","category-a-la-une","category-gerardmer-autres-sites"],"acf":[],"yoast_head":"<!-- This site is optimized with the Yoast SEO plugin v22.5 - https:\/\/yoast.com\/wordpress\/plugins\/seo\/ -->\n<title>Mise en place d\u2019une zone pi\u00e9tonne les week-ends et jours f\u00e9ri\u00e9s - Gerardmer Info<\/title>\n<meta name=\"robots\" content=\"index, follow, max-snippet:-1, max-image-preview:large, max-video-preview:-1\" \/>\n<link rel=\"canonical\" href=\"https:\/\/vosgesinfo.fr\/gerardmerinfo\/?p=90900\" \/>\n<meta name=\"twitter:card\" content=\"summary_large_image\" \/>\n<meta name=\"twitter:title\" content=\"Mise en place d\u2019une zone pi\u00e9tonne les week-ends et jours f\u00e9ri\u00e9s - Gerardmer Info\" \/>\n<meta name=\"twitter:description\" content=\"Les premiers rayons de soleil s\u2019installent \u00e0 G\u00e9rardmer et avec eux, la mise en place d\u2019une zone pi\u00e9tonne les week-ends [&hellip;]\" \/>\n<meta name=\"twitter:image\" content=\"https:\/\/vosgesinfo.fr\/app\/uploads\/sites\/6\/2026\/04\/zone-pietonne-2026.jpg\" \/>\n<meta name=\"twitter:creator\" content=\"@VosgesInfo88\" \/>\n<meta name=\"twitter:site\" content=\"@VosgesInfo88\" \/>\n<meta name=\"twitter:label1\" content=\"\u00c9crit par\" \/>\n\t<meta name=\"twitter:data1\" content=\"La redaction\" \/>\n\t<meta name=\"twitter:label2\" content=\"Dur\u00e9e de lecture estim\u00e9e\" \/>\n\t<meta name=\"twitter:data2\" content=\"1 minute\" \/>\n<script type=\"application\/ld+json\" class=\"yoast-schema-graph\">{\"@context\":\"https:\/\/schema.org\",\"@graph\":[{\"@type\":\"Article\",\"@id\":\"https:\/\/vosgesinfo.fr\/gerardmerinfo\/?p=90900#article\",\"isPartOf\":{\"@id\":\"https:\/\/vosgesinfo.fr\/gerardmerinfo\/?p=90900\"},\"author\":{\"name\":\"La redaction\",\"@id\":\"https:\/\/vosgesinfo.fr\/gerardmerinfo\/#\/schema\/person\/27a3695b06db98895b354c0765cdfc31\"},\"headline\":\"Mise en place d\u2019une zone pi\u00e9tonne les week-ends et jours f\u00e9ri\u00e9s\",\"datePublished\":\"2026-04-30T13:09:47+00:00\",\"dateModified\":\"2026-04-30T13:09:47+00:00\",\"mainEntityOfPage\":{\"@id\":\"https:\/\/vosgesinfo.fr\/gerardmerinfo\/?p=90900\"},\"wordCount\":158,\"commentCount\":1,\"publisher\":{\"@id\":\"https:\/\/vosgesinfo.fr\/gerardmerinfo\/#organization\"},\"image\":{\"@id\":\"https:\/\/vosgesinfo.fr\/gerardmerinfo\/?p=90900#primaryimage\"},\"thumbnailUrl\":\"https:\/\/vosgesinfo.fr\/app\/uploads\/sites\/6\/2024\/06\/rue-pietonne-gerardmer-web.jpg\",\"articleSection\":[\"A la une\",\"Gerardmer\"],\"inLanguage\":\"fr-FR\",\"potentialAction\":[{\"@type\":\"CommentAction\",\"name\":\"Comment\",\"target\":[\"https:\/\/vosgesinfo.fr\/gerardmerinfo\/?p=90900#respond\"]}]},{\"@type\":\"WebPage\",\"@id\":\"https:\/\/vosgesinfo.fr\/gerardmerinfo\/?p=90900\",\"url\":\"https:\/\/vosgesinfo.fr\/gerardmerinfo\/?p=90900\",\"name\":\"Mise en place d\u2019une zone pi\u00e9tonne les week-ends et jours f\u00e9ri\u00e9s - Gerardmer Info\",\"isPartOf\":{\"@id\":\"https:\/\/vosgesinfo.fr\/gerardmerinfo\/#website\"},\"primaryImageOfPage\":{\"@id\":\"https:\/\/vosgesinfo.fr\/gerardmerinfo\/?p=90900#primaryimage\"},\"image\":{\"@id\":\"https:\/\/vosgesinfo.fr\/gerardmerinfo\/?p=90900#primaryimage\"},\"thumbnailUrl\":\"https:\/\/vosgesinfo.fr\/app\/uploads\/sites\/6\/2024\/06\/rue-pietonne-gerardmer-web.jpg\",\"datePublished\":\"2026-04-30T13:09:47+00:00\",\"dateModified\":\"2026-04-30T13:09:47+00:00\",\"breadcrumb\":{\"@id\":\"https:\/\/vosgesinfo.fr\/gerardmerinfo\/?p=90900#breadcrumb\"},\"inLanguage\":\"fr-FR\",\"potentialAction\":[{\"@type\":\"ReadAction\",\"target\":[\"https:\/\/vosgesinfo.fr\/gerardmerinfo\/?p=90900\"]}]},{\"@type\":\"ImageObject\",\"inLanguage\":\"fr-FR\",\"@id\":\"https:\/\/vosgesinfo.fr\/gerardmerinfo\/?p=90900#primaryimage\",\"url\":\"https:\/\/vosgesinfo.fr\/app\/uploads\/sites\/6\/2024\/06\/rue-pietonne-gerardmer-web.jpg\",\"contentUrl\":\"https:\/\/vosgesinfo.fr\/app\/uploads\/sites\/6\/2024\/06\/rue-pietonne-gerardmer-web.jpg\",\"width\":1024,\"height\":685},{\"@type\":\"BreadcrumbList\",\"@id\":\"https:\/\/vosgesinfo.fr\/gerardmerinfo\/?p=90900#breadcrumb\",\"itemListElement\":[{\"@type\":\"ListItem\",\"position\":1,\"name\":\"Home\",\"item\":\"https:\/\/vosgesinfo.fr\/gerardmerinfo\/\"},{\"@type\":\"ListItem\",\"position\":2,\"name\":\"Mise en place d\u2019une zone pi\u00e9tonne les week-ends et jours f\u00e9ri\u00e9s\"}]},{\"@type\":\"WebSite\",\"@id\":\"https:\/\/vosgesinfo.fr\/gerardmerinfo\/#website\",\"url\":\"https:\/\/vosgesinfo.fr\/gerardmerinfo\/\",\"name\":\"Gerardmer Info\",\"description\":\"Toute l&#039;actualit\u00e9 de G\u00e9rardmer\",\"publisher\":{\"@id\":\"https:\/\/vosgesinfo.fr\/gerardmerinfo\/#organization\"},\"alternateName\":\"Toute l'actualit\u00e9 de G\u00e9rardmer\",\"potentialAction\":[{\"@type\":\"SearchAction\",\"target\":{\"@type\":\"EntryPoint\",\"urlTemplate\":\"https:\/\/vosgesinfo.fr\/gerardmerinfo\/?s={search_term_string}\"},\"query-input\":\"required name=search_term_string\"}],\"inLanguage\":\"fr-FR\"},{\"@type\":\"Organization\",\"@id\":\"https:\/\/vosgesinfo.fr\/gerardmerinfo\/#organization\",\"name\":\"Gerardmer Info\",\"url\":\"https:\/\/vosgesinfo.fr\/gerardmerinfo\/\",\"logo\":{\"@type\":\"ImageObject\",\"inLanguage\":\"fr-FR\",\"@id\":\"https:\/\/vosgesinfo.fr\/gerardmerinfo\/#\/schema\/logo\/image\/\",\"url\":\"https:\/\/vosgesinfo.fr\/app\/uploads\/sites\/6\/2023\/08\/favicon-gerardmerinfo.png\",\"contentUrl\":\"https:\/\/vosgesinfo.fr\/app\/uploads\/sites\/6\/2023\/08\/favicon-gerardmerinfo.png\",\"width\":512,\"height\":512,\"caption\":\"Gerardmer Info\"},\"image\":{\"@id\":\"https:\/\/vosgesinfo.fr\/gerardmerinfo\/#\/schema\/logo\/image\/\"},\"sameAs\":[\"https:\/\/www.facebook.com\/profile.php?id=100049475262660\",\"https:\/\/x.com\/VosgesInfo88\",\"https:\/\/www.youtube.com\/@vosgesinfo\"]},{\"@type\":\"Person\",\"@id\":\"https:\/\/vosgesinfo.fr\/gerardmerinfo\/#\/schema\/person\/27a3695b06db98895b354c0765cdfc31\",\"name\":\"La redaction\",\"image\":{\"@type\":\"ImageObject\",\"inLanguage\":\"fr-FR\",\"@id\":\"https:\/\/vosgesinfo.fr\/gerardmerinfo\/#\/schema\/person\/image\/\",\"url\":\"https:\/\/secure.gravatar.com\/avatar\/64c76a78e501cedee55736f43f332df901e1896ae9cd8fad269ae2236dd0e8b6?s=96&d=mm&r=g\",\"contentUrl\":\"https:\/\/secure.gravatar.com\/avatar\/64c76a78e501cedee55736f43f332df901e1896ae9cd8fad269ae2236dd0e8b6?s=96&d=mm&r=g\",\"caption\":\"La redaction\"},\"url\":\"https:\/\/vosgesinfo.fr\/gerardmerinfo\/author\/la-redaction\/\"}]}<\/script>\n<!-- \/ Yoast SEO plugin. -->","yoast_head_json":{"title":"Mise en place d\u2019une zone pi\u00e9tonne les week-ends et jours f\u00e9ri\u00e9s - Gerardmer Info","robots":{"index":"index","follow":"follow","max-snippet":"max-snippet:-1","max-image-preview":"max-image-preview:large","max-video-preview":"max-video-preview:-1"},"canonical":"https:\/\/vosgesinfo.fr\/gerardmerinfo\/?p=90900","twitter_card":"summary_large_image","twitter_title":"Mise en place d\u2019une zone pi\u00e9tonne les week-ends et jours f\u00e9ri\u00e9s - Gerardmer Info","twitter_description":"Les premiers rayons de soleil s\u2019installent \u00e0 G\u00e9rardmer et avec eux, la mise en place d\u2019une zone pi\u00e9tonne les week-ends [&hellip;]","twitter_image":"https:\/\/vosgesinfo.fr\/app\/uploads\/sites\/6\/2026\/04\/zone-pietonne-2026.jpg","twitter_creator":"@VosgesInfo88","twitter_site":"@VosgesInfo88","twitter_misc":{"\u00c9crit par":"La redaction","Dur\u00e9e de lecture estim\u00e9e":"1 minute"},"schema":{"@context":"https:\/\/schema.org","@graph":[{"@type":"Article","@id":"https:\/\/vosgesinfo.fr\/gerardmerinfo\/?p=90900#article","isPartOf":{"@id":"https:\/\/vosgesinfo.fr\/gerardmerinfo\/?p=90900"},"author":{"name":"La redaction","@id":"https:\/\/vosgesinfo.fr\/gerardmerinfo\/#\/schema\/person\/27a3695b06db98895b354c0765cdfc31"},"headline":"Mise en place d\u2019une zone pi\u00e9tonne les week-ends et jours f\u00e9ri\u00e9s","datePublished":"2026-04-30T13:09:47+00:00","dateModified":"2026-04-30T13:09:47+00:00","mainEntityOfPage":{"@id":"https:\/\/vosgesinfo.fr\/gerardmerinfo\/?p=90900"},"wordCount":158,"commentCount":1,"publisher":{"@id":"https:\/\/vosgesinfo.fr\/gerardmerinfo\/#organization"},"image":{"@id":"https:\/\/vosgesinfo.fr\/gerardmerinfo\/?p=90900#primaryimage"},"thumbnailUrl":"https:\/\/vosgesinfo.fr\/app\/uploads\/sites\/6\/2024\/06\/rue-pietonne-gerardmer-web.jpg","articleSection":["A la une","Gerardmer"],"inLanguage":"fr-FR","potentialAction":[{"@type":"CommentAction","name":"Comment","target":["https:\/\/vosgesinfo.fr\/gerardmerinfo\/?p=90900#respond"]}]},{"@type":"WebPage","@id":"https:\/\/vosgesinfo.fr\/gerardmerinfo\/?p=90900","url":"https:\/\/vosgesinfo.fr\/gerardmerinfo\/?p=90900","name":"Mise en place d\u2019une zone pi\u00e9tonne les week-ends et jours f\u00e9ri\u00e9s - Gerardmer Info","isPartOf":{"@id":"https:\/\/vosgesinfo.fr\/gerardmerinfo\/#website"},"primaryImageOfPage":{"@id":"https:\/\/vosgesinfo.fr\/gerardmerinfo\/?p=90900#primaryimage"},"image":{"@id":"https:\/\/vosgesinfo.fr\/gerardmerinfo\/?p=90900#primaryimage"},"thumbnailUrl":"https:\/\/vosgesinfo.fr\/app\/uploads\/sites\/6\/2024\/06\/rue-pietonne-gerardmer-web.jpg","datePublished":"2026-04-30T13:09:47+00:00","dateModified":"2026-04-30T13:09:47+00:00","breadcrumb":{"@id":"https:\/\/vosgesinfo.fr\/gerardmerinfo\/?p=90900#breadcrumb"},"inLanguage":"fr-FR","potentialAction":[{"@type":"ReadAction","target":["https:\/\/vosgesinfo.fr\/gerardmerinfo\/?p=90900"]}]},{"@type":"ImageObject","inLanguage":"fr-FR","@id":"https:\/\/vosgesinfo.fr\/gerardmerinfo\/?p=90900#primaryimage","url":"https:\/\/vosgesinfo.fr\/app\/uploads\/sites\/6\/2024\/06\/rue-pietonne-gerardmer-web.jpg","contentUrl":"https:\/\/vosgesinfo.fr\/app\/uploads\/sites\/6\/2024\/06\/rue-pietonne-gerardmer-web.jpg","width":1024,"height":685},{"@type":"BreadcrumbList","@id":"https:\/\/vosgesinfo.fr\/gerardmerinfo\/?p=90900#breadcrumb","itemListElement":[{"@type":"ListItem","position":1,"name":"Home","item":"https:\/\/vosgesinfo.fr\/gerardmerinfo\/"},{"@type":"ListItem","position":2,"name":"Mise en place d\u2019une zone pi\u00e9tonne les week-ends et jours f\u00e9ri\u00e9s"}]},{"@type":"WebSite","@id":"https:\/\/vosgesinfo.fr\/gerardmerinfo\/#website","url":"https:\/\/vosgesinfo.fr\/gerardmerinfo\/","name":"Gerardmer Info","description":"Toute l&#039;actualit\u00e9 de G\u00e9rardmer","publisher":{"@id":"https:\/\/vosgesinfo.fr\/gerardmerinfo\/#organization"},"alternateName":"Toute l'actualit\u00e9 de G\u00e9rardmer","potentialAction":[{"@type":"SearchAction","target":{"@type":"EntryPoint","urlTemplate":"https:\/\/vosgesinfo.fr\/gerardmerinfo\/?s={search_term_string}"},"query-input":"required name=search_term_string"}],"inLanguage":"fr-FR"},{"@type":"Organization","@id":"https:\/\/vosgesinfo.fr\/gerardmerinfo\/#organization","name":"Gerardmer Info","url":"https:\/\/vosgesinfo.fr\/gerardmerinfo\/","logo":{"@type":"ImageObject","inLanguage":"fr-FR","@id":"https:\/\/vosgesinfo.fr\/gerardmerinfo\/#\/schema\/logo\/image\/","url":"https:\/\/vosgesinfo.fr\/app\/uploads\/sites\/6\/2023\/08\/favicon-gerardmerinfo.png","contentUrl":"https:\/\/vosgesinfo.fr\/app\/uploads\/sites\/6\/2023\/08\/favicon-gerardmerinfo.png","width":512,"height":512,"caption":"Gerardmer Info"},"image":{"@id":"https:\/\/vosgesinfo.fr\/gerardmerinfo\/#\/schema\/logo\/image\/"},"sameAs":["https:\/\/www.facebook.com\/profile.php?id=100049475262660","https:\/\/x.com\/VosgesInfo88","https:\/\/www.youtube.com\/@vosgesinfo"]},{"@type":"Person","@id":"https:\/\/vosgesinfo.fr\/gerardmerinfo\/#\/schema\/person\/27a3695b06db98895b354c0765cdfc31","name":"La redaction","image":{"@type":"ImageObject","inLanguage":"fr-FR","@id":"https:\/\/vosgesinfo.fr\/gerardmerinfo\/#\/schema\/person\/image\/","url":"https:\/\/secure.gravatar.com\/avatar\/64c76a78e501cedee55736f43f332df901e1896ae9cd8fad269ae2236dd0e8b6?s=96&d=mm&r=g","contentUrl":"https:\/\/secure.gravatar.com\/avatar\/64c76a78e501cedee55736f43f332df901e1896ae9cd8fad269ae2236dd0e8b6?s=96&d=mm&r=g","caption":"La redaction"},"url":"https:\/\/vosgesinfo.fr\/gerardmerinfo\/author\/la-redaction\/"}]}},"_links":{"self":[{"href":"https:\/\/vosgesinfo.fr\/gerardmerinfo\/wp-json\/wp\/v2\/posts\/90900","targetHints":{"allow":["GET"]}}],"collection":[{"href":"https:\/\/vosgesinfo.fr\/gerardmerinfo\/wp-json\/wp\/v2\/posts"}],"about":[{"href":"https:\/\/vosgesinfo.fr\/gerardmerinfo\/wp-json\/wp\/v2\/types\/post"}],"author":[{"embeddable":true,"href":"https:\/\/vosgesinfo.fr\/gerardmerinfo\/wp-json\/wp\/v2\/users\/391"}],"replies":[{"embeddable":true,"href":"https:\/\/vosgesinfo.fr\/gerardmerinfo\/wp-json\/wp\/v2\/comments?post=90900"}],"version-history":[{"count":1,"href":"https:\/\/vosgesinfo.fr\/gerardmerinfo\/wp-json\/wp\/v2\/posts\/90900\/revisions"}],"predecessor-version":[{"id":90902,"href":"https:\/\/vosgesinfo.fr\/gerardmerinfo\/wp-json\/wp\/v2\/posts\/90900\/revisions\/90902"}],"wp:featuredmedia":[{"embeddable":true,"href":"https:\/\/vosgesinfo.fr\/gerardmerinfo\/wp-json\/wp\/v2\/media\/10263"}],"wp:attachment":[{"href":"https:\/\/vosgesinfo.fr\/gerardmerinfo\/wp-json\/wp\/v2\/media?parent=90900"}],"wp:term":[{"taxonomy":"category","embeddable":true,"href":"https:\/\/vosgesinfo.fr\/gerardmerinfo\/wp-json\/wp\/v2\/categories?post=90900"},{"taxonomy":"post_tag","embeddable":true,"href":"https:\/\/vosgesinfo.fr\/gerardmerinfo\/wp-json\/wp\/v2\/tags?post=90900"}],"curies":[{"name":"wp","href":"https:\/\/api.w.org\/{rel}","templated":true}]}}