{"id":90903,"date":"2026-05-02T05:55:46","date_gmt":"2026-05-02T03:55:46","guid":{"rendered":"https:\/\/vosgesinfo.fr\/gerardmerinfo\/?p=90903"},"modified":"2026-04-30T15:17:55","modified_gmt":"2026-04-30T13:17:55","slug":"prochaine-conference-au-grattoir-les-petits-predateurs-sauvages-renards-et-mustelides-comment-vivre-avec-eux","status":"publish","type":"post","link":"https:\/\/vosgesinfo.fr\/gerardmerinfo\/2026\/05\/prochaine-conference-au-grattoir-les-petits-predateurs-sauvages-renards-et-mustelides-comment-vivre-avec-eux\/","title":{"rendered":"Prochaine conf\u00e9rence au Grattoir &#8211; Les petits pr\u00e9dateurs sauvages (renards et must\u00e9lid\u00e9s) : comment vivre avec eux ?"},"content":{"rendered":"<p>Jeudi 7 Mai \u00e0 20 heures:<\/p>\n<p>Au Bar Le Grattoir \u2013 11 Boulevard Kelsch \u2013 88400 G\u00e9rardmer<\/p>\n<p><a href=\"https:\/\/vosgesinfo.fr\/app\/uploads\/sites\/6\/2026\/04\/predateurs-grattoir.jpg\"><img decoding=\"async\" class=\"alignright size-medium wp-image-90904\" src=\"https:\/\/vosgesinfo.fr\/app\/uploads\/sites\/6\/2026\/04\/predateurs-grattoir-240x300.jpg\" alt=\"\" width=\"240\" height=\"300\" srcset=\"https:\/\/vosgesinfo.fr\/app\/uploads\/sites\/6\/2026\/04\/predateurs-grattoir-240x300.jpg 240w, https:\/\/vosgesinfo.fr\/app\/uploads\/sites\/6\/2026\/04\/predateurs-grattoir-819x1024.jpg 819w, https:\/\/vosgesinfo.fr\/app\/uploads\/sites\/6\/2026\/04\/predateurs-grattoir-768x960.jpg 768w, https:\/\/vosgesinfo.fr\/app\/uploads\/sites\/6\/2026\/04\/predateurs-grattoir.jpg 1080w\" sizes=\"(max-width: 240px) 100vw, 240px\" \/><\/a>Les petits pr\u00e9dateurs sauvages (renards et must\u00e9lid\u00e9s) : comment vivre avec eux ?<\/p>\n<p>Conf\u00e9rence d\u00e9di\u00e9e \u00e0 la d\u00e9couverte des petits pr\u00e9dateurs sauvages (renards, fouines, belettes\u2026).<\/p>\n<p>Anim\u00e9e par Louis-Michel Nageleisen de l\u2019association Oiseaux-Nature, cette conf\u00e9rence a pour objectif de rappeler le r\u00f4le crucial que ces esp\u00e8ces jouent dans notre \u00e9cosyst\u00e8me, d\u2019explorer les moyens de cohabiter harmonieusement avec elles, de promouvoir des solutions respectueuses de la biodiversit\u00e9 et d&rsquo;appeler \u00e0 l&rsquo;arr\u00eat du pi\u00e9geage de ces petits pr\u00e9dateurs dans les Vosges.<\/p>\n<p>La conf\u00e9rence sera suivie d&rsquo;un d\u00e9bat.<\/p>\n<p>Entr\u00e9e libre<\/p>\n","protected":false},"excerpt":{"rendered":"<p>Jeudi 7 Mai \u00e0 20 heures: Au Bar Le Grattoir \u2013 11 Boulevard Kelsch \u2013 88400 G\u00e9rardmer Les petits pr\u00e9dateurs [&hellip;]<\/p>\n","protected":false},"author":391,"featured_media":90904,"comment_status":"open","ping_status":"open","sticky":false,"template":"","format":"standard","meta":{"footnotes":""},"categories":[20,4,5647],"tags":[35],"class_list":["post-90903","post","type-post","status-publish","format-standard","has-post-thumbnail","hentry","category-a-la-une","category-culture","category-gerardmer-autres-sites","tag-bar-le-grattoir"],"acf":[],"yoast_head":"<!-- This site is optimized with the Yoast SEO plugin v22.5 - https:\/\/yoast.com\/wordpress\/plugins\/seo\/ -->\n<title>Prochaine conf\u00e9rence au Grattoir - Les petits pr\u00e9dateurs sauvages (renards et must\u00e9lid\u00e9s) : comment vivre avec eux ? - Gerardmer Info<\/title>\n<meta name=\"robots\" content=\"index, follow, max-snippet:-1, max-image-preview:large, max-video-preview:-1\" \/>\n<link rel=\"canonical\" href=\"https:\/\/vosgesinfo.fr\/gerardmerinfo\/2026\/05\/prochaine-conference-au-grattoir-les-petits-predateurs-sauvages-renards-et-mustelides-comment-vivre-avec-eux\/\" \/>\n<meta name=\"twitter:card\" content=\"summary_large_image\" \/>\n<meta name=\"twitter:title\" content=\"Prochaine conf\u00e9rence au Grattoir - Les petits pr\u00e9dateurs sauvages (renards et must\u00e9lid\u00e9s) : comment vivre avec eux ? - Gerardmer Info\" \/>\n<meta name=\"twitter:description\" content=\"Jeudi 7 Mai \u00e0 20 heures: Au Bar Le Grattoir \u2013 11 Boulevard Kelsch \u2013 88400 G\u00e9rardmer Les petits pr\u00e9dateurs [&hellip;]\" \/>\n<meta name=\"twitter:image\" content=\"https:\/\/vosgesinfo.fr\/app\/uploads\/sites\/6\/2026\/04\/predateurs-grattoir.jpg\" \/>\n<meta name=\"twitter:creator\" content=\"@VosgesInfo88\" \/>\n<meta name=\"twitter:site\" content=\"@VosgesInfo88\" \/>\n<meta name=\"twitter:label1\" content=\"\u00c9crit par\" \/>\n\t<meta name=\"twitter:data1\" content=\"La redaction\" \/>\n\t<meta name=\"twitter:label2\" content=\"Dur\u00e9e de lecture estim\u00e9e\" \/>\n\t<meta name=\"twitter:data2\" content=\"1 minute\" \/>\n<script type=\"application\/ld+json\" class=\"yoast-schema-graph\">{\"@context\":\"https:\/\/schema.org\",\"@graph\":[{\"@type\":\"Article\",\"@id\":\"https:\/\/vosgesinfo.fr\/gerardmerinfo\/2026\/05\/prochaine-conference-au-grattoir-les-petits-predateurs-sauvages-renards-et-mustelides-comment-vivre-avec-eux\/#article\",\"isPartOf\":{\"@id\":\"https:\/\/vosgesinfo.fr\/gerardmerinfo\/2026\/05\/prochaine-conference-au-grattoir-les-petits-predateurs-sauvages-renards-et-mustelides-comment-vivre-avec-eux\/\"},\"author\":{\"name\":\"La redaction\",\"@id\":\"https:\/\/vosgesinfo.fr\/gerardmerinfo\/#\/schema\/person\/27a3695b06db98895b354c0765cdfc31\"},\"headline\":\"Prochaine conf\u00e9rence au Grattoir &#8211; Les petits pr\u00e9dateurs sauvages (renards et must\u00e9lid\u00e9s) : comment vivre avec eux ?\",\"datePublished\":\"2026-05-02T03:55:46+00:00\",\"dateModified\":\"2026-04-30T13:17:55+00:00\",\"mainEntityOfPage\":{\"@id\":\"https:\/\/vosgesinfo.fr\/gerardmerinfo\/2026\/05\/prochaine-conference-au-grattoir-les-petits-predateurs-sauvages-renards-et-mustelides-comment-vivre-avec-eux\/\"},\"wordCount\":137,\"commentCount\":0,\"publisher\":{\"@id\":\"https:\/\/vosgesinfo.fr\/gerardmerinfo\/#organization\"},\"image\":{\"@id\":\"https:\/\/vosgesinfo.fr\/gerardmerinfo\/2026\/05\/prochaine-conference-au-grattoir-les-petits-predateurs-sauvages-renards-et-mustelides-comment-vivre-avec-eux\/#primaryimage\"},\"thumbnailUrl\":\"https:\/\/vosgesinfo.fr\/app\/uploads\/sites\/6\/2026\/04\/predateurs-grattoir.jpg\",\"keywords\":[\"bar le grattoir\"],\"articleSection\":[\"A la une\",\"Culture\",\"Gerardmer\"],\"inLanguage\":\"fr-FR\",\"potentialAction\":[{\"@type\":\"CommentAction\",\"name\":\"Comment\",\"target\":[\"https:\/\/vosgesinfo.fr\/gerardmerinfo\/2026\/05\/prochaine-conference-au-grattoir-les-petits-predateurs-sauvages-renards-et-mustelides-comment-vivre-avec-eux\/#respond\"]}]},{\"@type\":\"WebPage\",\"@id\":\"https:\/\/vosgesinfo.fr\/gerardmerinfo\/2026\/05\/prochaine-conference-au-grattoir-les-petits-predateurs-sauvages-renards-et-mustelides-comment-vivre-avec-eux\/\",\"url\":\"https:\/\/vosgesinfo.fr\/gerardmerinfo\/2026\/05\/prochaine-conference-au-grattoir-les-petits-predateurs-sauvages-renards-et-mustelides-comment-vivre-avec-eux\/\",\"name\":\"Prochaine conf\u00e9rence au Grattoir - Les petits pr\u00e9dateurs sauvages (renards et must\u00e9lid\u00e9s) : comment vivre avec eux ? - Gerardmer Info\",\"isPartOf\":{\"@id\":\"https:\/\/vosgesinfo.fr\/gerardmerinfo\/#website\"},\"primaryImageOfPage\":{\"@id\":\"https:\/\/vosgesinfo.fr\/gerardmerinfo\/2026\/05\/prochaine-conference-au-grattoir-les-petits-predateurs-sauvages-renards-et-mustelides-comment-vivre-avec-eux\/#primaryimage\"},\"image\":{\"@id\":\"https:\/\/vosgesinfo.fr\/gerardmerinfo\/2026\/05\/prochaine-conference-au-grattoir-les-petits-predateurs-sauvages-renards-et-mustelides-comment-vivre-avec-eux\/#primaryimage\"},\"thumbnailUrl\":\"https:\/\/vosgesinfo.fr\/app\/uploads\/sites\/6\/2026\/04\/predateurs-grattoir.jpg\",\"datePublished\":\"2026-05-02T03:55:46+00:00\",\"dateModified\":\"2026-04-30T13:17:55+00:00\",\"breadcrumb\":{\"@id\":\"https:\/\/vosgesinfo.fr\/gerardmerinfo\/2026\/05\/prochaine-conference-au-grattoir-les-petits-predateurs-sauvages-renards-et-mustelides-comment-vivre-avec-eux\/#breadcrumb\"},\"inLanguage\":\"fr-FR\",\"potentialAction\":[{\"@type\":\"ReadAction\",\"target\":[\"https:\/\/vosgesinfo.fr\/gerardmerinfo\/2026\/05\/prochaine-conference-au-grattoir-les-petits-predateurs-sauvages-renards-et-mustelides-comment-vivre-avec-eux\/\"]}]},{\"@type\":\"ImageObject\",\"inLanguage\":\"fr-FR\",\"@id\":\"https:\/\/vosgesinfo.fr\/gerardmerinfo\/2026\/05\/prochaine-conference-au-grattoir-les-petits-predateurs-sauvages-renards-et-mustelides-comment-vivre-avec-eux\/#primaryimage\",\"url\":\"https:\/\/vosgesinfo.fr\/app\/uploads\/sites\/6\/2026\/04\/predateurs-grattoir.jpg\",\"contentUrl\":\"https:\/\/vosgesinfo.fr\/app\/uploads\/sites\/6\/2026\/04\/predateurs-grattoir.jpg\",\"width\":1080,\"height\":1350},{\"@type\":\"BreadcrumbList\",\"@id\":\"https:\/\/vosgesinfo.fr\/gerardmerinfo\/2026\/05\/prochaine-conference-au-grattoir-les-petits-predateurs-sauvages-renards-et-mustelides-comment-vivre-avec-eux\/#breadcrumb\",\"itemListElement\":[{\"@type\":\"ListItem\",\"position\":1,\"name\":\"Home\",\"item\":\"https:\/\/vosgesinfo.fr\/gerardmerinfo\/\"},{\"@type\":\"ListItem\",\"position\":2,\"name\":\"Prochaine conf\u00e9rence au Grattoir &#8211; Les petits pr\u00e9dateurs sauvages (renards et must\u00e9lid\u00e9s) : comment vivre avec eux ?\"}]},{\"@type\":\"WebSite\",\"@id\":\"https:\/\/vosgesinfo.fr\/gerardmerinfo\/#website\",\"url\":\"https:\/\/vosgesinfo.fr\/gerardmerinfo\/\",\"name\":\"Gerardmer Info\",\"description\":\"Toute l&#039;actualit\u00e9 de G\u00e9rardmer\",\"publisher\":{\"@id\":\"https:\/\/vosgesinfo.fr\/gerardmerinfo\/#organization\"},\"alternateName\":\"Toute l'actualit\u00e9 de G\u00e9rardmer\",\"potentialAction\":[{\"@type\":\"SearchAction\",\"target\":{\"@type\":\"EntryPoint\",\"urlTemplate\":\"https:\/\/vosgesinfo.fr\/gerardmerinfo\/?s={search_term_string}\"},\"query-input\":\"required name=search_term_string\"}],\"inLanguage\":\"fr-FR\"},{\"@type\":\"Organization\",\"@id\":\"https:\/\/vosgesinfo.fr\/gerardmerinfo\/#organization\",\"name\":\"Gerardmer Info\",\"url\":\"https:\/\/vosgesinfo.fr\/gerardmerinfo\/\",\"logo\":{\"@type\":\"ImageObject\",\"inLanguage\":\"fr-FR\",\"@id\":\"https:\/\/vosgesinfo.fr\/gerardmerinfo\/#\/schema\/logo\/image\/\",\"url\":\"https:\/\/vosgesinfo.fr\/app\/uploads\/sites\/6\/2023\/08\/favicon-gerardmerinfo.png\",\"contentUrl\":\"https:\/\/vosgesinfo.fr\/app\/uploads\/sites\/6\/2023\/08\/favicon-gerardmerinfo.png\",\"width\":512,\"height\":512,\"caption\":\"Gerardmer Info\"},\"image\":{\"@id\":\"https:\/\/vosgesinfo.fr\/gerardmerinfo\/#\/schema\/logo\/image\/\"},\"sameAs\":[\"https:\/\/www.facebook.com\/profile.php?id=100049475262660\",\"https:\/\/x.com\/VosgesInfo88\",\"https:\/\/www.youtube.com\/@vosgesinfo\"]},{\"@type\":\"Person\",\"@id\":\"https:\/\/vosgesinfo.fr\/gerardmerinfo\/#\/schema\/person\/27a3695b06db98895b354c0765cdfc31\",\"name\":\"La redaction\",\"image\":{\"@type\":\"ImageObject\",\"inLanguage\":\"fr-FR\",\"@id\":\"https:\/\/vosgesinfo.fr\/gerardmerinfo\/#\/schema\/person\/image\/\",\"url\":\"https:\/\/secure.gravatar.com\/avatar\/64c76a78e501cedee55736f43f332df901e1896ae9cd8fad269ae2236dd0e8b6?s=96&d=mm&r=g\",\"contentUrl\":\"https:\/\/secure.gravatar.com\/avatar\/64c76a78e501cedee55736f43f332df901e1896ae9cd8fad269ae2236dd0e8b6?s=96&d=mm&r=g\",\"caption\":\"La redaction\"},\"url\":\"https:\/\/vosgesinfo.fr\/gerardmerinfo\/author\/la-redaction\/\"}]}<\/script>\n<!-- \/ Yoast SEO plugin. -->","yoast_head_json":{"title":"Prochaine conf\u00e9rence au Grattoir - Les petits pr\u00e9dateurs sauvages (renards et must\u00e9lid\u00e9s) : comment vivre avec eux ? - Gerardmer Info","robots":{"index":"index","follow":"follow","max-snippet":"max-snippet:-1","max-image-preview":"max-image-preview:large","max-video-preview":"max-video-preview:-1"},"canonical":"https:\/\/vosgesinfo.fr\/gerardmerinfo\/2026\/05\/prochaine-conference-au-grattoir-les-petits-predateurs-sauvages-renards-et-mustelides-comment-vivre-avec-eux\/","twitter_card":"summary_large_image","twitter_title":"Prochaine conf\u00e9rence au Grattoir - Les petits pr\u00e9dateurs sauvages (renards et must\u00e9lid\u00e9s) : comment vivre avec eux ? - Gerardmer Info","twitter_description":"Jeudi 7 Mai \u00e0 20 heures: Au Bar Le Grattoir \u2013 11 Boulevard Kelsch \u2013 88400 G\u00e9rardmer Les petits pr\u00e9dateurs [&hellip;]","twitter_image":"https:\/\/vosgesinfo.fr\/app\/uploads\/sites\/6\/2026\/04\/predateurs-grattoir.jpg","twitter_creator":"@VosgesInfo88","twitter_site":"@VosgesInfo88","twitter_misc":{"\u00c9crit par":"La redaction","Dur\u00e9e de lecture estim\u00e9e":"1 minute"},"schema":{"@context":"https:\/\/schema.org","@graph":[{"@type":"Article","@id":"https:\/\/vosgesinfo.fr\/gerardmerinfo\/2026\/05\/prochaine-conference-au-grattoir-les-petits-predateurs-sauvages-renards-et-mustelides-comment-vivre-avec-eux\/#article","isPartOf":{"@id":"https:\/\/vosgesinfo.fr\/gerardmerinfo\/2026\/05\/prochaine-conference-au-grattoir-les-petits-predateurs-sauvages-renards-et-mustelides-comment-vivre-avec-eux\/"},"author":{"name":"La redaction","@id":"https:\/\/vosgesinfo.fr\/gerardmerinfo\/#\/schema\/person\/27a3695b06db98895b354c0765cdfc31"},"headline":"Prochaine conf\u00e9rence au Grattoir &#8211; Les petits pr\u00e9dateurs sauvages (renards et must\u00e9lid\u00e9s) : comment vivre avec eux ?","datePublished":"2026-05-02T03:55:46+00:00","dateModified":"2026-04-30T13:17:55+00:00","mainEntityOfPage":{"@id":"https:\/\/vosgesinfo.fr\/gerardmerinfo\/2026\/05\/prochaine-conference-au-grattoir-les-petits-predateurs-sauvages-renards-et-mustelides-comment-vivre-avec-eux\/"},"wordCount":137,"commentCount":0,"publisher":{"@id":"https:\/\/vosgesinfo.fr\/gerardmerinfo\/#organization"},"image":{"@id":"https:\/\/vosgesinfo.fr\/gerardmerinfo\/2026\/05\/prochaine-conference-au-grattoir-les-petits-predateurs-sauvages-renards-et-mustelides-comment-vivre-avec-eux\/#primaryimage"},"thumbnailUrl":"https:\/\/vosgesinfo.fr\/app\/uploads\/sites\/6\/2026\/04\/predateurs-grattoir.jpg","keywords":["bar le grattoir"],"articleSection":["A la une","Culture","Gerardmer"],"inLanguage":"fr-FR","potentialAction":[{"@type":"CommentAction","name":"Comment","target":["https:\/\/vosgesinfo.fr\/gerardmerinfo\/2026\/05\/prochaine-conference-au-grattoir-les-petits-predateurs-sauvages-renards-et-mustelides-comment-vivre-avec-eux\/#respond"]}]},{"@type":"WebPage","@id":"https:\/\/vosgesinfo.fr\/gerardmerinfo\/2026\/05\/prochaine-conference-au-grattoir-les-petits-predateurs-sauvages-renards-et-mustelides-comment-vivre-avec-eux\/","url":"https:\/\/vosgesinfo.fr\/gerardmerinfo\/2026\/05\/prochaine-conference-au-grattoir-les-petits-predateurs-sauvages-renards-et-mustelides-comment-vivre-avec-eux\/","name":"Prochaine conf\u00e9rence au Grattoir - Les petits pr\u00e9dateurs sauvages (renards et must\u00e9lid\u00e9s) : comment vivre avec eux ? - Gerardmer Info","isPartOf":{"@id":"https:\/\/vosgesinfo.fr\/gerardmerinfo\/#website"},"primaryImageOfPage":{"@id":"https:\/\/vosgesinfo.fr\/gerardmerinfo\/2026\/05\/prochaine-conference-au-grattoir-les-petits-predateurs-sauvages-renards-et-mustelides-comment-vivre-avec-eux\/#primaryimage"},"image":{"@id":"https:\/\/vosgesinfo.fr\/gerardmerinfo\/2026\/05\/prochaine-conference-au-grattoir-les-petits-predateurs-sauvages-renards-et-mustelides-comment-vivre-avec-eux\/#primaryimage"},"thumbnailUrl":"https:\/\/vosgesinfo.fr\/app\/uploads\/sites\/6\/2026\/04\/predateurs-grattoir.jpg","datePublished":"2026-05-02T03:55:46+00:00","dateModified":"2026-04-30T13:17:55+00:00","breadcrumb":{"@id":"https:\/\/vosgesinfo.fr\/gerardmerinfo\/2026\/05\/prochaine-conference-au-grattoir-les-petits-predateurs-sauvages-renards-et-mustelides-comment-vivre-avec-eux\/#breadcrumb"},"inLanguage":"fr-FR","potentialAction":[{"@type":"ReadAction","target":["https:\/\/vosgesinfo.fr\/gerardmerinfo\/2026\/05\/prochaine-conference-au-grattoir-les-petits-predateurs-sauvages-renards-et-mustelides-comment-vivre-avec-eux\/"]}]},{"@type":"ImageObject","inLanguage":"fr-FR","@id":"https:\/\/vosgesinfo.fr\/gerardmerinfo\/2026\/05\/prochaine-conference-au-grattoir-les-petits-predateurs-sauvages-renards-et-mustelides-comment-vivre-avec-eux\/#primaryimage","url":"https:\/\/vosgesinfo.fr\/app\/uploads\/sites\/6\/2026\/04\/predateurs-grattoir.jpg","contentUrl":"https:\/\/vosgesinfo.fr\/app\/uploads\/sites\/6\/2026\/04\/predateurs-grattoir.jpg","width":1080,"height":1350},{"@type":"BreadcrumbList","@id":"https:\/\/vosgesinfo.fr\/gerardmerinfo\/2026\/05\/prochaine-conference-au-grattoir-les-petits-predateurs-sauvages-renards-et-mustelides-comment-vivre-avec-eux\/#breadcrumb","itemListElement":[{"@type":"ListItem","position":1,"name":"Home","item":"https:\/\/vosgesinfo.fr\/gerardmerinfo\/"},{"@type":"ListItem","position":2,"name":"Prochaine conf\u00e9rence au Grattoir &#8211; Les petits pr\u00e9dateurs sauvages (renards et must\u00e9lid\u00e9s) : comment vivre avec eux ?"}]},{"@type":"WebSite","@id":"https:\/\/vosgesinfo.fr\/gerardmerinfo\/#website","url":"https:\/\/vosgesinfo.fr\/gerardmerinfo\/","name":"Gerardmer Info","description":"Toute l&#039;actualit\u00e9 de G\u00e9rardmer","publisher":{"@id":"https:\/\/vosgesinfo.fr\/gerardmerinfo\/#organization"},"alternateName":"Toute l'actualit\u00e9 de G\u00e9rardmer","potentialAction":[{"@type":"SearchAction","target":{"@type":"EntryPoint","urlTemplate":"https:\/\/vosgesinfo.fr\/gerardmerinfo\/?s={search_term_string}"},"query-input":"required name=search_term_string"}],"inLanguage":"fr-FR"},{"@type":"Organization","@id":"https:\/\/vosgesinfo.fr\/gerardmerinfo\/#organization","name":"Gerardmer Info","url":"https:\/\/vosgesinfo.fr\/gerardmerinfo\/","logo":{"@type":"ImageObject","inLanguage":"fr-FR","@id":"https:\/\/vosgesinfo.fr\/gerardmerinfo\/#\/schema\/logo\/image\/","url":"https:\/\/vosgesinfo.fr\/app\/uploads\/sites\/6\/2023\/08\/favicon-gerardmerinfo.png","contentUrl":"https:\/\/vosgesinfo.fr\/app\/uploads\/sites\/6\/2023\/08\/favicon-gerardmerinfo.png","width":512,"height":512,"caption":"Gerardmer Info"},"image":{"@id":"https:\/\/vosgesinfo.fr\/gerardmerinfo\/#\/schema\/logo\/image\/"},"sameAs":["https:\/\/www.facebook.com\/profile.php?id=100049475262660","https:\/\/x.com\/VosgesInfo88","https:\/\/www.youtube.com\/@vosgesinfo"]},{"@type":"Person","@id":"https:\/\/vosgesinfo.fr\/gerardmerinfo\/#\/schema\/person\/27a3695b06db98895b354c0765cdfc31","name":"La redaction","image":{"@type":"ImageObject","inLanguage":"fr-FR","@id":"https:\/\/vosgesinfo.fr\/gerardmerinfo\/#\/schema\/person\/image\/","url":"https:\/\/secure.gravatar.com\/avatar\/64c76a78e501cedee55736f43f332df901e1896ae9cd8fad269ae2236dd0e8b6?s=96&d=mm&r=g","contentUrl":"https:\/\/secure.gravatar.com\/avatar\/64c76a78e501cedee55736f43f332df901e1896ae9cd8fad269ae2236dd0e8b6?s=96&d=mm&r=g","caption":"La redaction"},"url":"https:\/\/vosgesinfo.fr\/gerardmerinfo\/author\/la-redaction\/"}]}},"_links":{"self":[{"href":"https:\/\/vosgesinfo.fr\/gerardmerinfo\/wp-json\/wp\/v2\/posts\/90903","targetHints":{"allow":["GET"]}}],"collection":[{"href":"https:\/\/vosgesinfo.fr\/gerardmerinfo\/wp-json\/wp\/v2\/posts"}],"about":[{"href":"https:\/\/vosgesinfo.fr\/gerardmerinfo\/wp-json\/wp\/v2\/types\/post"}],"author":[{"embeddable":true,"href":"https:\/\/vosgesinfo.fr\/gerardmerinfo\/wp-json\/wp\/v2\/users\/391"}],"replies":[{"embeddable":true,"href":"https:\/\/vosgesinfo.fr\/gerardmerinfo\/wp-json\/wp\/v2\/comments?post=90903"}],"version-history":[{"count":1,"href":"https:\/\/vosgesinfo.fr\/gerardmerinfo\/wp-json\/wp\/v2\/posts\/90903\/revisions"}],"predecessor-version":[{"id":90907,"href":"https:\/\/vosgesinfo.fr\/gerardmerinfo\/wp-json\/wp\/v2\/posts\/90903\/revisions\/90907"}],"wp:featuredmedia":[{"embeddable":true,"href":"https:\/\/vosgesinfo.fr\/gerardmerinfo\/wp-json\/wp\/v2\/media\/90904"}],"wp:attachment":[{"href":"https:\/\/vosgesinfo.fr\/gerardmerinfo\/wp-json\/wp\/v2\/media?parent=90903"}],"wp:term":[{"taxonomy":"category","embeddable":true,"href":"https:\/\/vosgesinfo.fr\/gerardmerinfo\/wp-json\/wp\/v2\/categories?post=90903"},{"taxonomy":"post_tag","embeddable":true,"href":"https:\/\/vosgesinfo.fr\/gerardmerinfo\/wp-json\/wp\/v2\/tags?post=90903"}],"curies":[{"name":"wp","href":"https:\/\/api.w.org\/{rel}","templated":true}]}}