{"id":90928,"date":"2026-05-01T06:02:46","date_gmt":"2026-05-01T04:02:46","guid":{"rendered":"https:\/\/vosgesinfo.fr\/gerardmerinfo\/?p=90928"},"modified":"2026-04-30T21:46:38","modified_gmt":"2026-04-30T19:46:38","slug":"heloise-cuny-est-linvitee-de-la-galerie-de-la-mcl","status":"publish","type":"post","link":"https:\/\/vosgesinfo.fr\/gerardmerinfo\/2026\/05\/heloise-cuny-est-linvitee-de-la-galerie-de-la-mcl\/","title":{"rendered":"H\u00e9lo\u00efse Cuny est l&rsquo;invit\u00e9e de la galerie de la MCL"},"content":{"rendered":"<div>\n<div id=\"attachment_90936\" style=\"width: 1034px\" class=\"wp-caption aligncenter\"><a href=\"https:\/\/vosgesinfo.fr\/app\/uploads\/sites\/6\/2026\/04\/expo-mcl-heloise-cuny-3.jpg\"><img decoding=\"async\" aria-describedby=\"caption-attachment-90936\" class=\"wp-image-90936 size-large\" src=\"https:\/\/vosgesinfo.fr\/app\/uploads\/sites\/6\/2026\/04\/expo-mcl-heloise-cuny-3-1024x768.jpg\" alt=\"\" width=\"1024\" height=\"768\" srcset=\"https:\/\/vosgesinfo.fr\/app\/uploads\/sites\/6\/2026\/04\/expo-mcl-heloise-cuny-3-1024x768.jpg 1024w, https:\/\/vosgesinfo.fr\/app\/uploads\/sites\/6\/2026\/04\/expo-mcl-heloise-cuny-3-300x225.jpg 300w, https:\/\/vosgesinfo.fr\/app\/uploads\/sites\/6\/2026\/04\/expo-mcl-heloise-cuny-3-768x576.jpg 768w, https:\/\/vosgesinfo.fr\/app\/uploads\/sites\/6\/2026\/04\/expo-mcl-heloise-cuny-3-1536x1152.jpg 1536w, https:\/\/vosgesinfo.fr\/app\/uploads\/sites\/6\/2026\/04\/expo-mcl-heloise-cuny-3.jpg 1920w\" sizes=\"(max-width: 1024px) 100vw, 1024px\" \/><\/a><p id=\"caption-attachment-90936\" class=\"wp-caption-text\"><span style=\"color: #000080;\">H\u00e9lo\u00efse \u00e9tait pour l&rsquo;occasion accompagn\u00e9e\u00a0\u00bb de Xavier \u00e0 la guitare. <\/span><\/p><\/div>\n<\/div>\n<div><\/div>\n<div><\/div>\n<div><strong>La galerie de la MCL a le plaisir d&rsquo;accueillir une nouvelle artiste en la personne d&rsquo;H\u00e9lo\u00efse Cuny, que certains G\u00e9r\u00f4mois avaient eu la chance de d\u00e9couvrir lors des Hivernales \u00e0 l&rsquo;espace Tilleul. A l&rsquo;occasion du vernissage de l&rsquo;exposition programm\u00e9 jeudi soir, le public pr\u00e9sent a profit\u00e9 d&rsquo;une d\u00e9monstration de la part de l&rsquo;exposante, le tout en musique. Un moment plein de volupt\u00e9 et d&rsquo;originalit\u00e9 que chacun et chacune a su appr\u00e9cier \u00e0 sa juste valeur.\u00a0<\/strong><\/div>\n<div><\/div>\n<div><a href=\"https:\/\/vosgesinfo.fr\/app\/uploads\/sites\/6\/2026\/04\/expo-mcl-heloise-cuny-1.jpg\"><img decoding=\"async\" class=\"alignright size-medium wp-image-90934\" src=\"https:\/\/vosgesinfo.fr\/app\/uploads\/sites\/6\/2026\/04\/expo-mcl-heloise-cuny-1-225x300.jpg\" alt=\"\" width=\"225\" height=\"300\" srcset=\"https:\/\/vosgesinfo.fr\/app\/uploads\/sites\/6\/2026\/04\/expo-mcl-heloise-cuny-1-225x300.jpg 225w, https:\/\/vosgesinfo.fr\/app\/uploads\/sites\/6\/2026\/04\/expo-mcl-heloise-cuny-1-768x1024.jpg 768w, https:\/\/vosgesinfo.fr\/app\/uploads\/sites\/6\/2026\/04\/expo-mcl-heloise-cuny-1-1152x1536.jpg 1152w, https:\/\/vosgesinfo.fr\/app\/uploads\/sites\/6\/2026\/04\/expo-mcl-heloise-cuny-1.jpg 1440w\" sizes=\"(max-width: 225px) 100vw, 225px\" \/><\/a>Pour les absents, qui ont toujours tort, H\u00e9lo\u00efse Cuny sera de retour \u00e0 la MCL le 6 mai pour une visite comment\u00e9e. Elle sera \u00e9galement sur de nombreux concours \u00e9questres ce printemps et cet \u00e9t\u00e9, \u00e0 l&rsquo;image de Chantilly et Deauville, et elle se produira en compagnie de Stan Duguet dan le cadre du festival des Arts Arrang\u00e9s, ou encore avec le duo de L&rsquo;Orme \u00e0 Mirecourt.<\/div>\n<div>\n<div><\/div>\n<div class=\"x14z9mp xat24cr x1lziwak x1vvkbs xtlvy1s\"><strong>H\u00e9lo\u00efse Cuny, pr\u00e9sentation :<\/strong><br class=\"html-br\" \/>\u00ab\u00a0Depuis toujours passionn\u00e9e par les chevaux et les arts graphiques, H\u00e9lo\u00efse aime exp\u00e9rimenter les techniques de dessin avec toujours au coeur de sa recherche, le mouvement et l\u2019expressivit\u00e9 des chevaux. Du croquis \u00e0 la peinture aux doigts, tous les moyens sont bons pour exprimer cette obsession \u00e9questre. Entr\u00e9e dans la vie active apr\u00e8s un Master en Arts Appliqu\u00e9s, la jeune femme a commenc\u00e9 son m\u00e9tier de graphiste \u00e0 Paris aupr\u00e8s des magazines et organisateurs d\u2019\u00e9v\u00e9nements \u00e9questres. Le dessin se veut de plus en plus pr\u00e9sent dans ses compositions graphiques, ce qui pousse la jeune femme \u00e0 \u00e9voluer professionnellement.<\/div>\n<div class=\"x14z9mp xat24cr x1lziwak x1vvkbs xtlvy1s\"><a href=\"https:\/\/vosgesinfo.fr\/app\/uploads\/sites\/6\/2026\/04\/expo-mcl-heloise-cuny-2.jpg\"><img decoding=\"async\" class=\"alignright size-medium wp-image-90935\" src=\"https:\/\/vosgesinfo.fr\/app\/uploads\/sites\/6\/2026\/04\/expo-mcl-heloise-cuny-2-300x225.jpg\" alt=\"\" width=\"300\" height=\"225\" srcset=\"https:\/\/vosgesinfo.fr\/app\/uploads\/sites\/6\/2026\/04\/expo-mcl-heloise-cuny-2-300x225.jpg 300w, https:\/\/vosgesinfo.fr\/app\/uploads\/sites\/6\/2026\/04\/expo-mcl-heloise-cuny-2-1024x768.jpg 1024w, https:\/\/vosgesinfo.fr\/app\/uploads\/sites\/6\/2026\/04\/expo-mcl-heloise-cuny-2-768x576.jpg 768w, https:\/\/vosgesinfo.fr\/app\/uploads\/sites\/6\/2026\/04\/expo-mcl-heloise-cuny-2-1536x1152.jpg 1536w, https:\/\/vosgesinfo.fr\/app\/uploads\/sites\/6\/2026\/04\/expo-mcl-heloise-cuny-2.jpg 1920w\" sizes=\"(max-width: 300px) 100vw, 300px\" \/><\/a>En 2020, l\u2019artiste retourne dans ses Vosges natales et continue de d\u00e9velopper le travail graphique entrepris pendant son master : la repr\u00e9sentation graphique du lien imperceptible entre le cavalier et son cheval. C\u2019est \u00e0 l\u2019issue de nombreuses exp\u00e9rimentations plastiques qu\u2019elle a initi\u00e9 la peinture aux doigts. Cette d\u00e9marche artistique part du principe de ne pas vouloir d\u2019interm\u00e9diaire entre elle et le cheval, c\u2019est-\u00e0-dire pas de pinceaux ni crayons, pour avoir cette sensation de le caresser au moment de le peindre et de ne faire qu\u2019un avec lui. Cette technique d\u00e9voile une facture particuli\u00e8re propre \u00e0 H\u00e9lo\u00efse, o\u00f9 l\u2019on ressent l\u2019expressivit\u00e9 et le mouvement du cheval.<br class=\"html-br\" \/>Aujourd\u2019hui, la jeune femme a d\u00e9velopp\u00e9 un moyen de d\u00e9monstration de peinture en direct. Dos au public ou en ombre chinoise, elle peint de fa\u00e7on spontan\u00e9e ses \u00e9quid\u00e9s v\u00e9hiculant leur force et leur \u00e9nergie\u00a0\u00bb.<\/div>\n<div class=\"x14z9mp xat24cr x1lziwak x1vvkbs xtlvy1s\"><a class=\"x1i10hfl xjbqb8w x1ejq31n x18oe1m7 x1sy0etr xstzfhl x972fbf x10w94by x1qhh985 x14e42zd x9f619 x1ypdohk xt0psk2 x3ct3a4 xdj266r x14z9mp xat24cr x1lziwak xexx8yu xyri2b x18d9i69 x1c1uobl x16tdsg8 x1hl2dhg xggy1nq x1a2a7pz xkrqix3 x1sur9pj x1fey0fg x1s688f\" tabindex=\"0\" role=\"link\" href=\"http:\/\/WWW.HELOISECUNY.FR\/?fbclid=IwZXh0bgNhZW0CMTAAc3J0YwZhcHBfaWQQMjIyMDM5MTc4ODIwMDg5MgABHnWY68TbJpyROnyH2KuwunavSQb-E-0OQ7TGWP4yhWN4kakGp5o7daOzJoi6_aem_eeR4zSnQR93j1YVb27Beqg\" target=\"_blank\" rel=\"nofollow noopener noreferrer\">WWW.HELOISECUNY.FR<\/a><\/div>\n<\/div>\n<div><b data-olk-copy-source=\"MessageBody\">H\u00e9lo\u00efse Cuny qui expose du 30 avril au 21 mai \u00e0 la MCL<\/b><\/div>\n<div><b>\u00a0sera pr\u00e9sente ce mercredi 6 mai \u00e0 17h30 pour une visite comment\u00e9e\u00a0<\/b><\/div>\n<div><\/div>\n<div><a title=\"https:\/\/www.facebook.com\/events\/835479282331883?acontext=%7B%22event_action_history%22%3A[%7B%22mechanism%22%3A%22attachment%22%2C%22surface%22%3A%22newsfeed%22%7D]%2C%22ref_notif_type%22%3Anull%7D\" href=\"https:\/\/www.facebook.com\/events\/835479282331883?acontext=%7B%22event_action_history%22%3A[%7B%22mechanism%22%3A%22attachment%22%2C%22surface%22%3A%22newsfeed%22%7D]%2C%22ref_notif_type%22%3Anull%7D\" target=\"_blank\" rel=\"noopener noreferrer\" data-auth=\"NotApplicable\" data-linkindex=\"0\">Plus d&rsquo;infos sur l&rsquo;expo<\/a><\/div>\n<div><\/div>\n","protected":false},"excerpt":{"rendered":"<p>La galerie de la MCL a le plaisir d&rsquo;accueillir une nouvelle artiste en la personne d&rsquo;H\u00e9lo\u00efse Cuny, que certains G\u00e9r\u00f4mois [&hellip;]<\/p>\n","protected":false},"author":42,"featured_media":90936,"comment_status":"open","ping_status":"open","sticky":false,"template":"","format":"standard","meta":{"footnotes":""},"categories":[20,4,25,5647],"tags":[6021,103],"class_list":["post-90928","post","type-post","status-publish","format-standard","has-post-thumbnail","hentry","category-a-la-une","category-culture","category-gerardmer","category-gerardmer-autres-sites","tag-heloise-cuny","tag-mcl-gerardmer"],"acf":[],"yoast_head":"<!-- This site is optimized with the Yoast SEO plugin v22.5 - https:\/\/yoast.com\/wordpress\/plugins\/seo\/ -->\n<title>H\u00e9lo\u00efse Cuny est l&#039;invit\u00e9e de la galerie de la MCL - Gerardmer Info<\/title>\n<meta name=\"robots\" content=\"index, follow, max-snippet:-1, max-image-preview:large, max-video-preview:-1\" \/>\n<link rel=\"canonical\" href=\"https:\/\/vosgesinfo.fr\/gerardmerinfo\/2026\/05\/heloise-cuny-est-linvitee-de-la-galerie-de-la-mcl\/\" \/>\n<meta name=\"twitter:card\" content=\"summary_large_image\" \/>\n<meta name=\"twitter:title\" content=\"H\u00e9lo\u00efse Cuny est l&#039;invit\u00e9e de la galerie de la MCL - Gerardmer Info\" \/>\n<meta name=\"twitter:description\" content=\"La galerie de la MCL a le plaisir d&rsquo;accueillir une nouvelle artiste en la personne d&rsquo;H\u00e9lo\u00efse Cuny, que certains G\u00e9r\u00f4mois [&hellip;]\" \/>\n<meta name=\"twitter:image\" content=\"https:\/\/vosgesinfo.fr\/app\/uploads\/sites\/6\/2026\/04\/expo-mcl-heloise-cuny-3.jpg\" \/>\n<meta name=\"twitter:creator\" content=\"@VosgesInfo88\" \/>\n<meta name=\"twitter:site\" content=\"@VosgesInfo88\" \/>\n<meta name=\"twitter:label1\" content=\"\u00c9crit par\" \/>\n\t<meta name=\"twitter:data1\" content=\"QG\" \/>\n\t<meta name=\"twitter:label2\" content=\"Dur\u00e9e de lecture estim\u00e9e\" \/>\n\t<meta name=\"twitter:data2\" content=\"3 minutes\" \/>\n<script type=\"application\/ld+json\" class=\"yoast-schema-graph\">{\"@context\":\"https:\/\/schema.org\",\"@graph\":[{\"@type\":\"Article\",\"@id\":\"https:\/\/vosgesinfo.fr\/gerardmerinfo\/2026\/05\/heloise-cuny-est-linvitee-de-la-galerie-de-la-mcl\/#article\",\"isPartOf\":{\"@id\":\"https:\/\/vosgesinfo.fr\/gerardmerinfo\/2026\/05\/heloise-cuny-est-linvitee-de-la-galerie-de-la-mcl\/\"},\"author\":{\"name\":\"QG\",\"@id\":\"https:\/\/vosgesinfo.fr\/gerardmerinfo\/#\/schema\/person\/db5605779a843dad16b5368f3e7613a5\"},\"headline\":\"H\u00e9lo\u00efse Cuny est l&rsquo;invit\u00e9e de la galerie de la MCL\",\"datePublished\":\"2026-05-01T04:02:46+00:00\",\"dateModified\":\"2026-04-30T19:46:38+00:00\",\"mainEntityOfPage\":{\"@id\":\"https:\/\/vosgesinfo.fr\/gerardmerinfo\/2026\/05\/heloise-cuny-est-linvitee-de-la-galerie-de-la-mcl\/\"},\"wordCount\":500,\"commentCount\":0,\"publisher\":{\"@id\":\"https:\/\/vosgesinfo.fr\/gerardmerinfo\/#organization\"},\"image\":{\"@id\":\"https:\/\/vosgesinfo.fr\/gerardmerinfo\/2026\/05\/heloise-cuny-est-linvitee-de-la-galerie-de-la-mcl\/#primaryimage\"},\"thumbnailUrl\":\"https:\/\/vosgesinfo.fr\/app\/uploads\/sites\/6\/2026\/04\/expo-mcl-heloise-cuny-3.jpg\",\"keywords\":[\"H\u00e9lo\u00efse Cuny\",\"MCL G\u00e9rardmer\"],\"articleSection\":[\"A la une\",\"Culture\",\"G\u00e9rardmer\",\"Gerardmer\"],\"inLanguage\":\"fr-FR\",\"potentialAction\":[{\"@type\":\"CommentAction\",\"name\":\"Comment\",\"target\":[\"https:\/\/vosgesinfo.fr\/gerardmerinfo\/2026\/05\/heloise-cuny-est-linvitee-de-la-galerie-de-la-mcl\/#respond\"]}]},{\"@type\":\"WebPage\",\"@id\":\"https:\/\/vosgesinfo.fr\/gerardmerinfo\/2026\/05\/heloise-cuny-est-linvitee-de-la-galerie-de-la-mcl\/\",\"url\":\"https:\/\/vosgesinfo.fr\/gerardmerinfo\/2026\/05\/heloise-cuny-est-linvitee-de-la-galerie-de-la-mcl\/\",\"name\":\"H\u00e9lo\u00efse Cuny est l'invit\u00e9e de la galerie de la MCL - Gerardmer Info\",\"isPartOf\":{\"@id\":\"https:\/\/vosgesinfo.fr\/gerardmerinfo\/#website\"},\"primaryImageOfPage\":{\"@id\":\"https:\/\/vosgesinfo.fr\/gerardmerinfo\/2026\/05\/heloise-cuny-est-linvitee-de-la-galerie-de-la-mcl\/#primaryimage\"},\"image\":{\"@id\":\"https:\/\/vosgesinfo.fr\/gerardmerinfo\/2026\/05\/heloise-cuny-est-linvitee-de-la-galerie-de-la-mcl\/#primaryimage\"},\"thumbnailUrl\":\"https:\/\/vosgesinfo.fr\/app\/uploads\/sites\/6\/2026\/04\/expo-mcl-heloise-cuny-3.jpg\",\"datePublished\":\"2026-05-01T04:02:46+00:00\",\"dateModified\":\"2026-04-30T19:46:38+00:00\",\"breadcrumb\":{\"@id\":\"https:\/\/vosgesinfo.fr\/gerardmerinfo\/2026\/05\/heloise-cuny-est-linvitee-de-la-galerie-de-la-mcl\/#breadcrumb\"},\"inLanguage\":\"fr-FR\",\"potentialAction\":[{\"@type\":\"ReadAction\",\"target\":[\"https:\/\/vosgesinfo.fr\/gerardmerinfo\/2026\/05\/heloise-cuny-est-linvitee-de-la-galerie-de-la-mcl\/\"]}]},{\"@type\":\"ImageObject\",\"inLanguage\":\"fr-FR\",\"@id\":\"https:\/\/vosgesinfo.fr\/gerardmerinfo\/2026\/05\/heloise-cuny-est-linvitee-de-la-galerie-de-la-mcl\/#primaryimage\",\"url\":\"https:\/\/vosgesinfo.fr\/app\/uploads\/sites\/6\/2026\/04\/expo-mcl-heloise-cuny-3.jpg\",\"contentUrl\":\"https:\/\/vosgesinfo.fr\/app\/uploads\/sites\/6\/2026\/04\/expo-mcl-heloise-cuny-3.jpg\",\"width\":1920,\"height\":1440},{\"@type\":\"BreadcrumbList\",\"@id\":\"https:\/\/vosgesinfo.fr\/gerardmerinfo\/2026\/05\/heloise-cuny-est-linvitee-de-la-galerie-de-la-mcl\/#breadcrumb\",\"itemListElement\":[{\"@type\":\"ListItem\",\"position\":1,\"name\":\"Home\",\"item\":\"https:\/\/vosgesinfo.fr\/gerardmerinfo\/\"},{\"@type\":\"ListItem\",\"position\":2,\"name\":\"H\u00e9lo\u00efse Cuny est l&rsquo;invit\u00e9e de la galerie de la MCL\"}]},{\"@type\":\"WebSite\",\"@id\":\"https:\/\/vosgesinfo.fr\/gerardmerinfo\/#website\",\"url\":\"https:\/\/vosgesinfo.fr\/gerardmerinfo\/\",\"name\":\"Gerardmer Info\",\"description\":\"Toute l&#039;actualit\u00e9 de G\u00e9rardmer\",\"publisher\":{\"@id\":\"https:\/\/vosgesinfo.fr\/gerardmerinfo\/#organization\"},\"alternateName\":\"Toute l'actualit\u00e9 de G\u00e9rardmer\",\"potentialAction\":[{\"@type\":\"SearchAction\",\"target\":{\"@type\":\"EntryPoint\",\"urlTemplate\":\"https:\/\/vosgesinfo.fr\/gerardmerinfo\/?s={search_term_string}\"},\"query-input\":\"required name=search_term_string\"}],\"inLanguage\":\"fr-FR\"},{\"@type\":\"Organization\",\"@id\":\"https:\/\/vosgesinfo.fr\/gerardmerinfo\/#organization\",\"name\":\"Gerardmer Info\",\"url\":\"https:\/\/vosgesinfo.fr\/gerardmerinfo\/\",\"logo\":{\"@type\":\"ImageObject\",\"inLanguage\":\"fr-FR\",\"@id\":\"https:\/\/vosgesinfo.fr\/gerardmerinfo\/#\/schema\/logo\/image\/\",\"url\":\"https:\/\/vosgesinfo.fr\/app\/uploads\/sites\/6\/2023\/08\/favicon-gerardmerinfo.png\",\"contentUrl\":\"https:\/\/vosgesinfo.fr\/app\/uploads\/sites\/6\/2023\/08\/favicon-gerardmerinfo.png\",\"width\":512,\"height\":512,\"caption\":\"Gerardmer Info\"},\"image\":{\"@id\":\"https:\/\/vosgesinfo.fr\/gerardmerinfo\/#\/schema\/logo\/image\/\"},\"sameAs\":[\"https:\/\/www.facebook.com\/profile.php?id=100049475262660\",\"https:\/\/x.com\/VosgesInfo88\",\"https:\/\/www.youtube.com\/@vosgesinfo\"]},{\"@type\":\"Person\",\"@id\":\"https:\/\/vosgesinfo.fr\/gerardmerinfo\/#\/schema\/person\/db5605779a843dad16b5368f3e7613a5\",\"name\":\"QG\",\"image\":{\"@type\":\"ImageObject\",\"inLanguage\":\"fr-FR\",\"@id\":\"https:\/\/vosgesinfo.fr\/gerardmerinfo\/#\/schema\/person\/image\/\",\"url\":\"https:\/\/secure.gravatar.com\/avatar\/ea80c42c204b534408512832fde52504ecabb9706bcb6151cf6175e5b64e6793?s=96&d=mm&r=g\",\"contentUrl\":\"https:\/\/secure.gravatar.com\/avatar\/ea80c42c204b534408512832fde52504ecabb9706bcb6151cf6175e5b64e6793?s=96&d=mm&r=g\",\"caption\":\"QG\"},\"url\":\"https:\/\/vosgesinfo.fr\/gerardmerinfo\/author\/quentin88\/\"}]}<\/script>\n<!-- \/ Yoast SEO plugin. -->","yoast_head_json":{"title":"H\u00e9lo\u00efse Cuny est l'invit\u00e9e de la galerie de la MCL - Gerardmer Info","robots":{"index":"index","follow":"follow","max-snippet":"max-snippet:-1","max-image-preview":"max-image-preview:large","max-video-preview":"max-video-preview:-1"},"canonical":"https:\/\/vosgesinfo.fr\/gerardmerinfo\/2026\/05\/heloise-cuny-est-linvitee-de-la-galerie-de-la-mcl\/","twitter_card":"summary_large_image","twitter_title":"H\u00e9lo\u00efse Cuny est l'invit\u00e9e de la galerie de la MCL - Gerardmer Info","twitter_description":"La galerie de la MCL a le plaisir d&rsquo;accueillir une nouvelle artiste en la personne d&rsquo;H\u00e9lo\u00efse Cuny, que certains G\u00e9r\u00f4mois [&hellip;]","twitter_image":"https:\/\/vosgesinfo.fr\/app\/uploads\/sites\/6\/2026\/04\/expo-mcl-heloise-cuny-3.jpg","twitter_creator":"@VosgesInfo88","twitter_site":"@VosgesInfo88","twitter_misc":{"\u00c9crit par":"QG","Dur\u00e9e de lecture estim\u00e9e":"3 minutes"},"schema":{"@context":"https:\/\/schema.org","@graph":[{"@type":"Article","@id":"https:\/\/vosgesinfo.fr\/gerardmerinfo\/2026\/05\/heloise-cuny-est-linvitee-de-la-galerie-de-la-mcl\/#article","isPartOf":{"@id":"https:\/\/vosgesinfo.fr\/gerardmerinfo\/2026\/05\/heloise-cuny-est-linvitee-de-la-galerie-de-la-mcl\/"},"author":{"name":"QG","@id":"https:\/\/vosgesinfo.fr\/gerardmerinfo\/#\/schema\/person\/db5605779a843dad16b5368f3e7613a5"},"headline":"H\u00e9lo\u00efse Cuny est l&rsquo;invit\u00e9e de la galerie de la MCL","datePublished":"2026-05-01T04:02:46+00:00","dateModified":"2026-04-30T19:46:38+00:00","mainEntityOfPage":{"@id":"https:\/\/vosgesinfo.fr\/gerardmerinfo\/2026\/05\/heloise-cuny-est-linvitee-de-la-galerie-de-la-mcl\/"},"wordCount":500,"commentCount":0,"publisher":{"@id":"https:\/\/vosgesinfo.fr\/gerardmerinfo\/#organization"},"image":{"@id":"https:\/\/vosgesinfo.fr\/gerardmerinfo\/2026\/05\/heloise-cuny-est-linvitee-de-la-galerie-de-la-mcl\/#primaryimage"},"thumbnailUrl":"https:\/\/vosgesinfo.fr\/app\/uploads\/sites\/6\/2026\/04\/expo-mcl-heloise-cuny-3.jpg","keywords":["H\u00e9lo\u00efse Cuny","MCL G\u00e9rardmer"],"articleSection":["A la une","Culture","G\u00e9rardmer","Gerardmer"],"inLanguage":"fr-FR","potentialAction":[{"@type":"CommentAction","name":"Comment","target":["https:\/\/vosgesinfo.fr\/gerardmerinfo\/2026\/05\/heloise-cuny-est-linvitee-de-la-galerie-de-la-mcl\/#respond"]}]},{"@type":"WebPage","@id":"https:\/\/vosgesinfo.fr\/gerardmerinfo\/2026\/05\/heloise-cuny-est-linvitee-de-la-galerie-de-la-mcl\/","url":"https:\/\/vosgesinfo.fr\/gerardmerinfo\/2026\/05\/heloise-cuny-est-linvitee-de-la-galerie-de-la-mcl\/","name":"H\u00e9lo\u00efse Cuny est l'invit\u00e9e de la galerie de la MCL - Gerardmer Info","isPartOf":{"@id":"https:\/\/vosgesinfo.fr\/gerardmerinfo\/#website"},"primaryImageOfPage":{"@id":"https:\/\/vosgesinfo.fr\/gerardmerinfo\/2026\/05\/heloise-cuny-est-linvitee-de-la-galerie-de-la-mcl\/#primaryimage"},"image":{"@id":"https:\/\/vosgesinfo.fr\/gerardmerinfo\/2026\/05\/heloise-cuny-est-linvitee-de-la-galerie-de-la-mcl\/#primaryimage"},"thumbnailUrl":"https:\/\/vosgesinfo.fr\/app\/uploads\/sites\/6\/2026\/04\/expo-mcl-heloise-cuny-3.jpg","datePublished":"2026-05-01T04:02:46+00:00","dateModified":"2026-04-30T19:46:38+00:00","breadcrumb":{"@id":"https:\/\/vosgesinfo.fr\/gerardmerinfo\/2026\/05\/heloise-cuny-est-linvitee-de-la-galerie-de-la-mcl\/#breadcrumb"},"inLanguage":"fr-FR","potentialAction":[{"@type":"ReadAction","target":["https:\/\/vosgesinfo.fr\/gerardmerinfo\/2026\/05\/heloise-cuny-est-linvitee-de-la-galerie-de-la-mcl\/"]}]},{"@type":"ImageObject","inLanguage":"fr-FR","@id":"https:\/\/vosgesinfo.fr\/gerardmerinfo\/2026\/05\/heloise-cuny-est-linvitee-de-la-galerie-de-la-mcl\/#primaryimage","url":"https:\/\/vosgesinfo.fr\/app\/uploads\/sites\/6\/2026\/04\/expo-mcl-heloise-cuny-3.jpg","contentUrl":"https:\/\/vosgesinfo.fr\/app\/uploads\/sites\/6\/2026\/04\/expo-mcl-heloise-cuny-3.jpg","width":1920,"height":1440},{"@type":"BreadcrumbList","@id":"https:\/\/vosgesinfo.fr\/gerardmerinfo\/2026\/05\/heloise-cuny-est-linvitee-de-la-galerie-de-la-mcl\/#breadcrumb","itemListElement":[{"@type":"ListItem","position":1,"name":"Home","item":"https:\/\/vosgesinfo.fr\/gerardmerinfo\/"},{"@type":"ListItem","position":2,"name":"H\u00e9lo\u00efse Cuny est l&rsquo;invit\u00e9e de la galerie de la MCL"}]},{"@type":"WebSite","@id":"https:\/\/vosgesinfo.fr\/gerardmerinfo\/#website","url":"https:\/\/vosgesinfo.fr\/gerardmerinfo\/","name":"Gerardmer Info","description":"Toute l&#039;actualit\u00e9 de G\u00e9rardmer","publisher":{"@id":"https:\/\/vosgesinfo.fr\/gerardmerinfo\/#organization"},"alternateName":"Toute l'actualit\u00e9 de G\u00e9rardmer","potentialAction":[{"@type":"SearchAction","target":{"@type":"EntryPoint","urlTemplate":"https:\/\/vosgesinfo.fr\/gerardmerinfo\/?s={search_term_string}"},"query-input":"required name=search_term_string"}],"inLanguage":"fr-FR"},{"@type":"Organization","@id":"https:\/\/vosgesinfo.fr\/gerardmerinfo\/#organization","name":"Gerardmer Info","url":"https:\/\/vosgesinfo.fr\/gerardmerinfo\/","logo":{"@type":"ImageObject","inLanguage":"fr-FR","@id":"https:\/\/vosgesinfo.fr\/gerardmerinfo\/#\/schema\/logo\/image\/","url":"https:\/\/vosgesinfo.fr\/app\/uploads\/sites\/6\/2023\/08\/favicon-gerardmerinfo.png","contentUrl":"https:\/\/vosgesinfo.fr\/app\/uploads\/sites\/6\/2023\/08\/favicon-gerardmerinfo.png","width":512,"height":512,"caption":"Gerardmer Info"},"image":{"@id":"https:\/\/vosgesinfo.fr\/gerardmerinfo\/#\/schema\/logo\/image\/"},"sameAs":["https:\/\/www.facebook.com\/profile.php?id=100049475262660","https:\/\/x.com\/VosgesInfo88","https:\/\/www.youtube.com\/@vosgesinfo"]},{"@type":"Person","@id":"https:\/\/vosgesinfo.fr\/gerardmerinfo\/#\/schema\/person\/db5605779a843dad16b5368f3e7613a5","name":"QG","image":{"@type":"ImageObject","inLanguage":"fr-FR","@id":"https:\/\/vosgesinfo.fr\/gerardmerinfo\/#\/schema\/person\/image\/","url":"https:\/\/secure.gravatar.com\/avatar\/ea80c42c204b534408512832fde52504ecabb9706bcb6151cf6175e5b64e6793?s=96&d=mm&r=g","contentUrl":"https:\/\/secure.gravatar.com\/avatar\/ea80c42c204b534408512832fde52504ecabb9706bcb6151cf6175e5b64e6793?s=96&d=mm&r=g","caption":"QG"},"url":"https:\/\/vosgesinfo.fr\/gerardmerinfo\/author\/quentin88\/"}]}},"_links":{"self":[{"href":"https:\/\/vosgesinfo.fr\/gerardmerinfo\/wp-json\/wp\/v2\/posts\/90928","targetHints":{"allow":["GET"]}}],"collection":[{"href":"https:\/\/vosgesinfo.fr\/gerardmerinfo\/wp-json\/wp\/v2\/posts"}],"about":[{"href":"https:\/\/vosgesinfo.fr\/gerardmerinfo\/wp-json\/wp\/v2\/types\/post"}],"author":[{"embeddable":true,"href":"https:\/\/vosgesinfo.fr\/gerardmerinfo\/wp-json\/wp\/v2\/users\/42"}],"replies":[{"embeddable":true,"href":"https:\/\/vosgesinfo.fr\/gerardmerinfo\/wp-json\/wp\/v2\/comments?post=90928"}],"version-history":[{"count":3,"href":"https:\/\/vosgesinfo.fr\/gerardmerinfo\/wp-json\/wp\/v2\/posts\/90928\/revisions"}],"predecessor-version":[{"id":90939,"href":"https:\/\/vosgesinfo.fr\/gerardmerinfo\/wp-json\/wp\/v2\/posts\/90928\/revisions\/90939"}],"wp:featuredmedia":[{"embeddable":true,"href":"https:\/\/vosgesinfo.fr\/gerardmerinfo\/wp-json\/wp\/v2\/media\/90936"}],"wp:attachment":[{"href":"https:\/\/vosgesinfo.fr\/gerardmerinfo\/wp-json\/wp\/v2\/media?parent=90928"}],"wp:term":[{"taxonomy":"category","embeddable":true,"href":"https:\/\/vosgesinfo.fr\/gerardmerinfo\/wp-json\/wp\/v2\/categories?post=90928"},{"taxonomy":"post_tag","embeddable":true,"href":"https:\/\/vosgesinfo.fr\/gerardmerinfo\/wp-json\/wp\/v2\/tags?post=90928"}],"curies":[{"name":"wp","href":"https:\/\/api.w.org\/{rel}","templated":true}]}}