{"id":90940,"date":"2026-05-01T05:59:40","date_gmt":"2026-05-01T03:59:40","guid":{"rendered":"https:\/\/vosgesinfo.fr\/gerardmerinfo\/?p=90940"},"modified":"2026-04-30T22:06:15","modified_gmt":"2026-04-30T20:06:15","slug":"sapee-comme-jamais-pour-le-bal-de-promo-du-lycee-chardin","status":"publish","type":"post","link":"https:\/\/vosgesinfo.fr\/gerardmerinfo\/2026\/05\/sapee-comme-jamais-pour-le-bal-de-promo-du-lycee-chardin\/","title":{"rendered":"Sap\u00e9(e) comme jamais pour le bal de promo du lyc\u00e9e Chardin"},"content":{"rendered":"<div id=\"attachment_90942\" style=\"width: 1034px\" class=\"wp-caption aligncenter\"><a href=\"https:\/\/vosgesinfo.fr\/app\/uploads\/sites\/6\/2026\/04\/bal-de-promo-chardin-1.jpg\"><img decoding=\"async\" aria-describedby=\"caption-attachment-90942\" class=\"size-large wp-image-90942\" src=\"https:\/\/vosgesinfo.fr\/app\/uploads\/sites\/6\/2026\/04\/bal-de-promo-chardin-1-1024x768.jpg\" alt=\"\" width=\"1024\" height=\"768\" srcset=\"https:\/\/vosgesinfo.fr\/app\/uploads\/sites\/6\/2026\/04\/bal-de-promo-chardin-1-1024x768.jpg 1024w, https:\/\/vosgesinfo.fr\/app\/uploads\/sites\/6\/2026\/04\/bal-de-promo-chardin-1-300x225.jpg 300w, https:\/\/vosgesinfo.fr\/app\/uploads\/sites\/6\/2026\/04\/bal-de-promo-chardin-1-768x576.jpg 768w, https:\/\/vosgesinfo.fr\/app\/uploads\/sites\/6\/2026\/04\/bal-de-promo-chardin-1-1536x1152.jpg 1536w, https:\/\/vosgesinfo.fr\/app\/uploads\/sites\/6\/2026\/04\/bal-de-promo-chardin-1.jpg 1600w\" sizes=\"(max-width: 1024px) 100vw, 1024px\" \/><\/a><p id=\"caption-attachment-90942\" class=\"wp-caption-text\">Et voici la classe \u00e9lue meilleure classe par les autres \u00e9l\u00e8ves.<\/p><\/div>\n\n\t\t<style type=\"text\/css\">\n\t\t\t#gallery-1 {\n\t\t\t\tmargin: auto;\n\t\t\t}\n\t\t\t#gallery-1 .gallery-item {\n\t\t\t\tfloat: left;\n\t\t\t\tmargin-top: 10px;\n\t\t\t\ttext-align: center;\n\t\t\t\twidth: 50%;\n\t\t\t}\n\t\t\t#gallery-1 img {\n\t\t\t\tborder: 2px solid #cfcfcf;\n\t\t\t}\n\t\t\t#gallery-1 .gallery-caption {\n\t\t\t\tmargin-left: 0;\n\t\t\t}\n\t\t\t\/* see gallery_shortcode() in wp-includes\/media.php *\/\n\t\t<\/style>\n\t\t<div id='gallery-1' class='gallery galleryid-90940 gallery-columns-2 gallery-size-medium'><dl class='gallery-item'>\n\t\t\t<dt class='gallery-icon portrait'>\n\t\t\t\t<a href='https:\/\/vosgesinfo.fr\/app\/uploads\/sites\/6\/2026\/04\/bal-de-promo-chardin-8.jpg'><img decoding=\"async\" width=\"225\" height=\"300\" src=\"https:\/\/vosgesinfo.fr\/app\/uploads\/sites\/6\/2026\/04\/bal-de-promo-chardin-8-225x300.jpg\" class=\"attachment-medium size-medium\" alt=\"\" aria-describedby=\"gallery-1-90949\" srcset=\"https:\/\/vosgesinfo.fr\/app\/uploads\/sites\/6\/2026\/04\/bal-de-promo-chardin-8-225x300.jpg 225w, https:\/\/vosgesinfo.fr\/app\/uploads\/sites\/6\/2026\/04\/bal-de-promo-chardin-8-768x1024.jpg 768w, https:\/\/vosgesinfo.fr\/app\/uploads\/sites\/6\/2026\/04\/bal-de-promo-chardin-8-1152x1536.jpg 1152w, https:\/\/vosgesinfo.fr\/app\/uploads\/sites\/6\/2026\/04\/bal-de-promo-chardin-8.jpg 1200w\" sizes=\"(max-width: 225px) 100vw, 225px\" \/><\/a>\n\t\t\t<\/dt>\n\t\t\t\t<dd class='wp-caption-text gallery-caption' id='gallery-1-90949'>\n\t\t\t\tLa reine du bal&#8230;\n\t\t\t\t<\/dd><\/dl><dl class='gallery-item'>\n\t\t\t<dt class='gallery-icon portrait'>\n\t\t\t\t<a href='https:\/\/vosgesinfo.fr\/app\/uploads\/sites\/6\/2026\/04\/bal-de-promo-chardin-7.jpg'><img decoding=\"async\" width=\"225\" height=\"300\" src=\"https:\/\/vosgesinfo.fr\/app\/uploads\/sites\/6\/2026\/04\/bal-de-promo-chardin-7-225x300.jpg\" class=\"attachment-medium size-medium\" alt=\"\" aria-describedby=\"gallery-1-90948\" srcset=\"https:\/\/vosgesinfo.fr\/app\/uploads\/sites\/6\/2026\/04\/bal-de-promo-chardin-7-225x300.jpg 225w, https:\/\/vosgesinfo.fr\/app\/uploads\/sites\/6\/2026\/04\/bal-de-promo-chardin-7-768x1024.jpg 768w, https:\/\/vosgesinfo.fr\/app\/uploads\/sites\/6\/2026\/04\/bal-de-promo-chardin-7-1152x1536.jpg 1152w, https:\/\/vosgesinfo.fr\/app\/uploads\/sites\/6\/2026\/04\/bal-de-promo-chardin-7.jpg 1200w\" sizes=\"(max-width: 225px) 100vw, 225px\" \/><\/a>\n\t\t\t<\/dt>\n\t\t\t\t<dd class='wp-caption-text gallery-caption' id='gallery-1-90948'>\n\t\t\t\t&#8230; et le roi ! \n\t\t\t\t<\/dd><\/dl><br style=\"clear: both\" \/>\n\t\t<\/div>\n\n\n\t\t<style type=\"text\/css\">\n\t\t\t#gallery-2 {\n\t\t\t\tmargin: auto;\n\t\t\t}\n\t\t\t#gallery-2 .gallery-item {\n\t\t\t\tfloat: left;\n\t\t\t\tmargin-top: 10px;\n\t\t\t\ttext-align: center;\n\t\t\t\twidth: 50%;\n\t\t\t}\n\t\t\t#gallery-2 img {\n\t\t\t\tborder: 2px solid #cfcfcf;\n\t\t\t}\n\t\t\t#gallery-2 .gallery-caption {\n\t\t\t\tmargin-left: 0;\n\t\t\t}\n\t\t\t\/* see gallery_shortcode() in wp-includes\/media.php *\/\n\t\t<\/style>\n\t\t<div id='gallery-2' class='gallery galleryid-90940 gallery-columns-2 gallery-size-medium'><dl class='gallery-item'>\n\t\t\t<dt class='gallery-icon landscape'>\n\t\t\t\t<a href='https:\/\/vosgesinfo.fr\/app\/uploads\/sites\/6\/2026\/04\/bal-de-promo-chardin-6.jpg'><img decoding=\"async\" width=\"300\" height=\"225\" src=\"https:\/\/vosgesinfo.fr\/app\/uploads\/sites\/6\/2026\/04\/bal-de-promo-chardin-6-300x225.jpg\" class=\"attachment-medium size-medium\" alt=\"\" srcset=\"https:\/\/vosgesinfo.fr\/app\/uploads\/sites\/6\/2026\/04\/bal-de-promo-chardin-6-300x225.jpg 300w, https:\/\/vosgesinfo.fr\/app\/uploads\/sites\/6\/2026\/04\/bal-de-promo-chardin-6-1024x768.jpg 1024w, https:\/\/vosgesinfo.fr\/app\/uploads\/sites\/6\/2026\/04\/bal-de-promo-chardin-6-768x576.jpg 768w, https:\/\/vosgesinfo.fr\/app\/uploads\/sites\/6\/2026\/04\/bal-de-promo-chardin-6-1536x1152.jpg 1536w, https:\/\/vosgesinfo.fr\/app\/uploads\/sites\/6\/2026\/04\/bal-de-promo-chardin-6.jpg 1920w\" sizes=\"(max-width: 300px) 100vw, 300px\" \/><\/a>\n\t\t\t<\/dt><\/dl><dl class='gallery-item'>\n\t\t\t<dt class='gallery-icon landscape'>\n\t\t\t\t<a href='https:\/\/vosgesinfo.fr\/app\/uploads\/sites\/6\/2026\/04\/bal-de-promo-chardin-4.jpg'><img decoding=\"async\" width=\"300\" height=\"225\" src=\"https:\/\/vosgesinfo.fr\/app\/uploads\/sites\/6\/2026\/04\/bal-de-promo-chardin-4-300x225.jpg\" class=\"attachment-medium size-medium\" alt=\"\" srcset=\"https:\/\/vosgesinfo.fr\/app\/uploads\/sites\/6\/2026\/04\/bal-de-promo-chardin-4-300x225.jpg 300w, https:\/\/vosgesinfo.fr\/app\/uploads\/sites\/6\/2026\/04\/bal-de-promo-chardin-4-1024x768.jpg 1024w, https:\/\/vosgesinfo.fr\/app\/uploads\/sites\/6\/2026\/04\/bal-de-promo-chardin-4-768x576.jpg 768w, https:\/\/vosgesinfo.fr\/app\/uploads\/sites\/6\/2026\/04\/bal-de-promo-chardin-4-1536x1152.jpg 1536w, https:\/\/vosgesinfo.fr\/app\/uploads\/sites\/6\/2026\/04\/bal-de-promo-chardin-4.jpg 1920w\" sizes=\"(max-width: 300px) 100vw, 300px\" \/><\/a>\n\t\t\t<\/dt><\/dl><br style=\"clear: both\" \/><dl class='gallery-item'>\n\t\t\t<dt class='gallery-icon landscape'>\n\t\t\t\t<a href='https:\/\/vosgesinfo.fr\/app\/uploads\/sites\/6\/2026\/04\/bal-de-promo-chardin-3.jpg'><img decoding=\"async\" width=\"300\" height=\"225\" src=\"https:\/\/vosgesinfo.fr\/app\/uploads\/sites\/6\/2026\/04\/bal-de-promo-chardin-3-300x225.jpg\" class=\"attachment-medium size-medium\" alt=\"\" srcset=\"https:\/\/vosgesinfo.fr\/app\/uploads\/sites\/6\/2026\/04\/bal-de-promo-chardin-3-300x225.jpg 300w, https:\/\/vosgesinfo.fr\/app\/uploads\/sites\/6\/2026\/04\/bal-de-promo-chardin-3-1024x768.jpg 1024w, https:\/\/vosgesinfo.fr\/app\/uploads\/sites\/6\/2026\/04\/bal-de-promo-chardin-3-768x576.jpg 768w, https:\/\/vosgesinfo.fr\/app\/uploads\/sites\/6\/2026\/04\/bal-de-promo-chardin-3-1536x1152.jpg 1536w, https:\/\/vosgesinfo.fr\/app\/uploads\/sites\/6\/2026\/04\/bal-de-promo-chardin-3.jpg 1920w\" sizes=\"(max-width: 300px) 100vw, 300px\" \/><\/a>\n\t\t\t<\/dt><\/dl><dl class='gallery-item'>\n\t\t\t<dt class='gallery-icon landscape'>\n\t\t\t\t<a href='https:\/\/vosgesinfo.fr\/app\/uploads\/sites\/6\/2026\/04\/bal-de-promo-chardin-10.jpg'><img decoding=\"async\" width=\"300\" height=\"225\" src=\"https:\/\/vosgesinfo.fr\/app\/uploads\/sites\/6\/2026\/04\/bal-de-promo-chardin-10-300x225.jpg\" class=\"attachment-medium size-medium\" alt=\"\" srcset=\"https:\/\/vosgesinfo.fr\/app\/uploads\/sites\/6\/2026\/04\/bal-de-promo-chardin-10-300x225.jpg 300w, https:\/\/vosgesinfo.fr\/app\/uploads\/sites\/6\/2026\/04\/bal-de-promo-chardin-10-1024x768.jpg 1024w, https:\/\/vosgesinfo.fr\/app\/uploads\/sites\/6\/2026\/04\/bal-de-promo-chardin-10-768x576.jpg 768w, https:\/\/vosgesinfo.fr\/app\/uploads\/sites\/6\/2026\/04\/bal-de-promo-chardin-10-1536x1152.jpg 1536w, https:\/\/vosgesinfo.fr\/app\/uploads\/sites\/6\/2026\/04\/bal-de-promo-chardin-10.jpg 1600w\" sizes=\"(max-width: 300px) 100vw, 300px\" \/><\/a>\n\t\t\t<\/dt><\/dl><br style=\"clear: both\" \/>\n\t\t<\/div>\n\n<p data-start=\"100\" data-end=\"411\"><strong>Mercredi 29 avril, l\u2019<span class=\"hover:entity-accent entity-underline inline cursor-pointer align-baseline\"><span class=\"whitespace-normal\">Espace LAC de G\u00e9rardmer<\/span><\/span> s\u2019est transform\u00e9 en v\u00e9ritable \u00e9crin festif \u00e0 l\u2019occasion du traditionnel bal de promo du <span class=\"hover:entity-accent entity-underline inline cursor-pointer align-baseline\"><span class=\"whitespace-normal\">Lyc\u00e9e Jean-Baptiste Sim\u00e9on Chardin<\/span><\/span>. Un rendez-vous incontournable qui, depuis maintenant 15 ans, marque avec \u00e9l\u00e9gance la fin de parcours des \u00e9l\u00e8ves de Terminale.<\/strong><\/p>\n<p data-start=\"413\" data-end=\"792\"><a href=\"https:\/\/vosgesinfo.fr\/app\/uploads\/sites\/6\/2026\/04\/bal-de-promo-chardin-5.jpg\"><img decoding=\"async\" class=\"alignright size-medium wp-image-90946\" src=\"https:\/\/vosgesinfo.fr\/app\/uploads\/sites\/6\/2026\/04\/bal-de-promo-chardin-5-225x300.jpg\" alt=\"\" width=\"225\" height=\"300\" srcset=\"https:\/\/vosgesinfo.fr\/app\/uploads\/sites\/6\/2026\/04\/bal-de-promo-chardin-5-225x300.jpg 225w, https:\/\/vosgesinfo.fr\/app\/uploads\/sites\/6\/2026\/04\/bal-de-promo-chardin-5-768x1024.jpg 768w, https:\/\/vosgesinfo.fr\/app\/uploads\/sites\/6\/2026\/04\/bal-de-promo-chardin-5-1152x1536.jpg 1152w, https:\/\/vosgesinfo.fr\/app\/uploads\/sites\/6\/2026\/04\/bal-de-promo-chardin-5.jpg 1440w\" sizes=\"(max-width: 225px) 100vw, 225px\" \/><\/a>\u00c0 l\u2019initiative de l\u2019Association de la Maison des Lyc\u00e9ens (MDL), la soir\u00e9e, orchestr\u00e9e par son pr\u00e9sident <span class=\"hover:entity-accent entity-underline inline cursor-pointer align-baseline\"><span class=\"whitespace-normal\">Guillaume Claudel<\/span><\/span> \u2014 \u00e9galement surveillant dans l\u2019\u00e9tablissement \u2014, avait pour th\u00e8me \u00ab strass et paillettes \u00bb. Un choix assum\u00e9 qui a donn\u00e9 lieu \u00e0 une ambiance chic et soign\u00e9e, dans un d\u00e9cor \u00ab tr\u00e8s class \u00bb minutieusement pr\u00e9par\u00e9 par l\u2019\u00e9quipe de surveillants.<\/p>\n<p data-start=\"794\" data-end=\"1269\">Pr\u00e8s de 160 \u00e9l\u00e8ves et invit\u00e9s ont r\u00e9pondu pr\u00e9sents pour c\u00e9l\u00e9brer cet \u00e9v\u00e9nement festif. L\u2019ensemble de la communaut\u00e9 \u00e9ducative s\u2019est \u00e9galement mobilis\u00e9 : enseignants, personnels administratifs et vie scolaire ont partag\u00e9 ce moment privil\u00e9gi\u00e9 aux c\u00f4t\u00e9s des lyc\u00e9ens. \u00ab Le bal de promo des Terminales est toujours un grand moment \u00bb, confie <span class=\"hover:entity-accent entity-underline inline cursor-pointer align-baseline\"><span class=\"whitespace-normal\">Philippe Vaurin<\/span><\/span>, appareil photo en main, immortalisant les \u00e9l\u00e8ves sous une arche de ballons install\u00e9e pour l\u2019occasion.<\/p>\n<p data-start=\"1271\" data-end=\"1826\"><a href=\"https:\/\/vosgesinfo.fr\/app\/uploads\/sites\/6\/2026\/04\/bal-de-promo-chardin-2.jpg\"><img decoding=\"async\" class=\"alignright size-medium wp-image-90943\" src=\"https:\/\/vosgesinfo.fr\/app\/uploads\/sites\/6\/2026\/04\/bal-de-promo-chardin-2-225x300.jpg\" alt=\"\" width=\"225\" height=\"300\" srcset=\"https:\/\/vosgesinfo.fr\/app\/uploads\/sites\/6\/2026\/04\/bal-de-promo-chardin-2-225x300.jpg 225w, https:\/\/vosgesinfo.fr\/app\/uploads\/sites\/6\/2026\/04\/bal-de-promo-chardin-2-768x1024.jpg 768w, https:\/\/vosgesinfo.fr\/app\/uploads\/sites\/6\/2026\/04\/bal-de-promo-chardin-2-1152x1536.jpg 1152w, https:\/\/vosgesinfo.fr\/app\/uploads\/sites\/6\/2026\/04\/bal-de-promo-chardin-2.jpg 1440w\" sizes=\"(max-width: 225px) 100vw, 225px\" \/><\/a>C\u00f4t\u00e9 restauration, le savoir-faire des fili\u00e8res professionnelles du lyc\u00e9e a pleinement \u00e9t\u00e9 mis \u00e0 l\u2019honneur. Le bar sans alcool, tenu par les \u00e9l\u00e8ves de la certification sp\u00e9cialis\u00e9e \u00ab CS Bar \u00bb, proposait rafra\u00eechissements et cocktails, tandis qu\u2019un buffet g\u00e9n\u00e9reux \u00e9tait \u00e9labor\u00e9 par les sections boulangerie-p\u00e2tisserie, encadr\u00e9es par leurs enseignants <span class=\"hover:entity-accent entity-underline inline cursor-pointer align-baseline\"><span class=\"whitespace-normal\">Damien Chevalme<\/span><\/span> et <span class=\"hover:entity-accent entity-underline inline cursor-pointer align-baseline\"><span class=\"whitespace-normal\">Arnaud Romaire<\/span><\/span>. Au menu : mignardises, mini-burgers, p\u00e2t\u00e9s lorrains, quiches, pizzas, sandwichs et autres douceurs qui ont ravi les convives.<\/p>\n<p data-start=\"1828\" data-end=\"2242\">La soir\u00e9e, anim\u00e9e par un DJ professionnel, a \u00e9galement \u00e9t\u00e9 rythm\u00e9e par plusieurs temps forts, dont l\u2019\u00e9lection du roi et de la reine du bal. <span class=\"hover:entity-accent entity-underline inline cursor-pointer align-baseline\"><span class=\"whitespace-normal\">Hamidou N\u2019Diaye<\/span><\/span> et <span class=\"hover:entity-accent entity-underline inline cursor-pointer align-baseline\"><span class=\"whitespace-normal\">L\u00e9onie Lecoanet<\/span><\/span> ont ainsi \u00e9t\u00e9 couronn\u00e9s sous les applaudissements de leurs camarades. La classe de Terminale boulangerie-p\u00e2tisserie s\u2019est, quant \u00e0 elle, distingu\u00e9e en remportant le titre de \u00ab meilleure classe \u00bb.<\/p>\n<p data-start=\"2244\" data-end=\"2524\" data-is-last-node=\"\" data-is-only-node=\"\">La f\u00eate s\u2019est achev\u00e9e \u00e0 23 heures pr\u00e9cises. Une fin de soir\u00e9e raisonnable, puisque, d\u00e8s le lendemain matin, les \u00e9l\u00e8ves retrouvaient le chemin des salles de classe. Un dernier souvenir festif avant les \u00e9ch\u00e9ances de fin d\u2019ann\u00e9e, qui restera sans aucun doute grav\u00e9 dans les m\u00e9moires<\/p>\n","protected":false},"excerpt":{"rendered":"<p>Mercredi 29 avril, l\u2019Espace LAC de G\u00e9rardmer s\u2019est transform\u00e9 en v\u00e9ritable \u00e9crin festif \u00e0 l\u2019occasion du traditionnel bal de promo [&hellip;]<\/p>\n","protected":false},"author":42,"featured_media":90945,"comment_status":"open","ping_status":"open","sticky":false,"template":"","format":"standard","meta":{"footnotes":""},"categories":[20,6,25,5647],"tags":[530],"class_list":["post-90940","post","type-post","status-publish","format-standard","has-post-thumbnail","hentry","category-a-la-une","category-education","category-gerardmer","category-gerardmer-autres-sites","tag-lycee-chardin"],"acf":[],"yoast_head":"<!-- This site is optimized with the Yoast SEO plugin v22.5 - https:\/\/yoast.com\/wordpress\/plugins\/seo\/ -->\n<title>Sap\u00e9(e) comme jamais pour le bal de promo du lyc\u00e9e Chardin - Gerardmer Info<\/title>\n<meta name=\"robots\" content=\"index, follow, max-snippet:-1, max-image-preview:large, max-video-preview:-1\" \/>\n<link rel=\"canonical\" href=\"https:\/\/vosgesinfo.fr\/gerardmerinfo\/2026\/05\/sapee-comme-jamais-pour-le-bal-de-promo-du-lycee-chardin\/\" \/>\n<meta name=\"twitter:card\" content=\"summary_large_image\" \/>\n<meta name=\"twitter:title\" content=\"Sap\u00e9(e) comme jamais pour le bal de promo du lyc\u00e9e Chardin - Gerardmer Info\" \/>\n<meta name=\"twitter:description\" content=\"Mercredi 29 avril, l\u2019Espace LAC de G\u00e9rardmer s\u2019est transform\u00e9 en v\u00e9ritable \u00e9crin festif \u00e0 l\u2019occasion du traditionnel bal de promo [&hellip;]\" \/>\n<meta name=\"twitter:image\" content=\"https:\/\/vosgesinfo.fr\/app\/uploads\/sites\/6\/2026\/04\/bal-de-promo-chardin-4.jpg\" \/>\n<meta name=\"twitter:creator\" content=\"@VosgesInfo88\" \/>\n<meta name=\"twitter:site\" content=\"@VosgesInfo88\" \/>\n<meta name=\"twitter:label1\" content=\"\u00c9crit par\" \/>\n\t<meta name=\"twitter:data1\" content=\"QG\" \/>\n\t<meta name=\"twitter:label2\" content=\"Dur\u00e9e de lecture estim\u00e9e\" \/>\n\t<meta name=\"twitter:data2\" content=\"2 minutes\" \/>\n<script type=\"application\/ld+json\" class=\"yoast-schema-graph\">{\"@context\":\"https:\/\/schema.org\",\"@graph\":[{\"@type\":\"Article\",\"@id\":\"https:\/\/vosgesinfo.fr\/gerardmerinfo\/2026\/05\/sapee-comme-jamais-pour-le-bal-de-promo-du-lycee-chardin\/#article\",\"isPartOf\":{\"@id\":\"https:\/\/vosgesinfo.fr\/gerardmerinfo\/2026\/05\/sapee-comme-jamais-pour-le-bal-de-promo-du-lycee-chardin\/\"},\"author\":{\"name\":\"QG\",\"@id\":\"https:\/\/vosgesinfo.fr\/gerardmerinfo\/#\/schema\/person\/db5605779a843dad16b5368f3e7613a5\"},\"headline\":\"Sap\u00e9(e) comme jamais pour le bal de promo du lyc\u00e9e Chardin\",\"datePublished\":\"2026-05-01T03:59:40+00:00\",\"dateModified\":\"2026-04-30T20:06:15+00:00\",\"mainEntityOfPage\":{\"@id\":\"https:\/\/vosgesinfo.fr\/gerardmerinfo\/2026\/05\/sapee-comme-jamais-pour-le-bal-de-promo-du-lycee-chardin\/\"},\"wordCount\":445,\"commentCount\":0,\"publisher\":{\"@id\":\"https:\/\/vosgesinfo.fr\/gerardmerinfo\/#organization\"},\"image\":{\"@id\":\"https:\/\/vosgesinfo.fr\/gerardmerinfo\/2026\/05\/sapee-comme-jamais-pour-le-bal-de-promo-du-lycee-chardin\/#primaryimage\"},\"thumbnailUrl\":\"https:\/\/vosgesinfo.fr\/app\/uploads\/sites\/6\/2026\/04\/bal-de-promo-chardin-4.jpg\",\"keywords\":[\"lyc\u00e9e chardin\"],\"articleSection\":[\"A la une\",\"\u00c9ducation\",\"G\u00e9rardmer\",\"Gerardmer\"],\"inLanguage\":\"fr-FR\",\"potentialAction\":[{\"@type\":\"CommentAction\",\"name\":\"Comment\",\"target\":[\"https:\/\/vosgesinfo.fr\/gerardmerinfo\/2026\/05\/sapee-comme-jamais-pour-le-bal-de-promo-du-lycee-chardin\/#respond\"]}]},{\"@type\":\"WebPage\",\"@id\":\"https:\/\/vosgesinfo.fr\/gerardmerinfo\/2026\/05\/sapee-comme-jamais-pour-le-bal-de-promo-du-lycee-chardin\/\",\"url\":\"https:\/\/vosgesinfo.fr\/gerardmerinfo\/2026\/05\/sapee-comme-jamais-pour-le-bal-de-promo-du-lycee-chardin\/\",\"name\":\"Sap\u00e9(e) comme jamais pour le bal de promo du lyc\u00e9e Chardin - Gerardmer Info\",\"isPartOf\":{\"@id\":\"https:\/\/vosgesinfo.fr\/gerardmerinfo\/#website\"},\"primaryImageOfPage\":{\"@id\":\"https:\/\/vosgesinfo.fr\/gerardmerinfo\/2026\/05\/sapee-comme-jamais-pour-le-bal-de-promo-du-lycee-chardin\/#primaryimage\"},\"image\":{\"@id\":\"https:\/\/vosgesinfo.fr\/gerardmerinfo\/2026\/05\/sapee-comme-jamais-pour-le-bal-de-promo-du-lycee-chardin\/#primaryimage\"},\"thumbnailUrl\":\"https:\/\/vosgesinfo.fr\/app\/uploads\/sites\/6\/2026\/04\/bal-de-promo-chardin-4.jpg\",\"datePublished\":\"2026-05-01T03:59:40+00:00\",\"dateModified\":\"2026-04-30T20:06:15+00:00\",\"breadcrumb\":{\"@id\":\"https:\/\/vosgesinfo.fr\/gerardmerinfo\/2026\/05\/sapee-comme-jamais-pour-le-bal-de-promo-du-lycee-chardin\/#breadcrumb\"},\"inLanguage\":\"fr-FR\",\"potentialAction\":[{\"@type\":\"ReadAction\",\"target\":[\"https:\/\/vosgesinfo.fr\/gerardmerinfo\/2026\/05\/sapee-comme-jamais-pour-le-bal-de-promo-du-lycee-chardin\/\"]}]},{\"@type\":\"ImageObject\",\"inLanguage\":\"fr-FR\",\"@id\":\"https:\/\/vosgesinfo.fr\/gerardmerinfo\/2026\/05\/sapee-comme-jamais-pour-le-bal-de-promo-du-lycee-chardin\/#primaryimage\",\"url\":\"https:\/\/vosgesinfo.fr\/app\/uploads\/sites\/6\/2026\/04\/bal-de-promo-chardin-4.jpg\",\"contentUrl\":\"https:\/\/vosgesinfo.fr\/app\/uploads\/sites\/6\/2026\/04\/bal-de-promo-chardin-4.jpg\",\"width\":1920,\"height\":1440},{\"@type\":\"BreadcrumbList\",\"@id\":\"https:\/\/vosgesinfo.fr\/gerardmerinfo\/2026\/05\/sapee-comme-jamais-pour-le-bal-de-promo-du-lycee-chardin\/#breadcrumb\",\"itemListElement\":[{\"@type\":\"ListItem\",\"position\":1,\"name\":\"Home\",\"item\":\"https:\/\/vosgesinfo.fr\/gerardmerinfo\/\"},{\"@type\":\"ListItem\",\"position\":2,\"name\":\"Sap\u00e9(e) comme jamais pour le bal de promo du lyc\u00e9e Chardin\"}]},{\"@type\":\"WebSite\",\"@id\":\"https:\/\/vosgesinfo.fr\/gerardmerinfo\/#website\",\"url\":\"https:\/\/vosgesinfo.fr\/gerardmerinfo\/\",\"name\":\"Gerardmer Info\",\"description\":\"Toute l&#039;actualit\u00e9 de G\u00e9rardmer\",\"publisher\":{\"@id\":\"https:\/\/vosgesinfo.fr\/gerardmerinfo\/#organization\"},\"alternateName\":\"Toute l'actualit\u00e9 de G\u00e9rardmer\",\"potentialAction\":[{\"@type\":\"SearchAction\",\"target\":{\"@type\":\"EntryPoint\",\"urlTemplate\":\"https:\/\/vosgesinfo.fr\/gerardmerinfo\/?s={search_term_string}\"},\"query-input\":\"required name=search_term_string\"}],\"inLanguage\":\"fr-FR\"},{\"@type\":\"Organization\",\"@id\":\"https:\/\/vosgesinfo.fr\/gerardmerinfo\/#organization\",\"name\":\"Gerardmer Info\",\"url\":\"https:\/\/vosgesinfo.fr\/gerardmerinfo\/\",\"logo\":{\"@type\":\"ImageObject\",\"inLanguage\":\"fr-FR\",\"@id\":\"https:\/\/vosgesinfo.fr\/gerardmerinfo\/#\/schema\/logo\/image\/\",\"url\":\"https:\/\/vosgesinfo.fr\/app\/uploads\/sites\/6\/2023\/08\/favicon-gerardmerinfo.png\",\"contentUrl\":\"https:\/\/vosgesinfo.fr\/app\/uploads\/sites\/6\/2023\/08\/favicon-gerardmerinfo.png\",\"width\":512,\"height\":512,\"caption\":\"Gerardmer Info\"},\"image\":{\"@id\":\"https:\/\/vosgesinfo.fr\/gerardmerinfo\/#\/schema\/logo\/image\/\"},\"sameAs\":[\"https:\/\/www.facebook.com\/profile.php?id=100049475262660\",\"https:\/\/x.com\/VosgesInfo88\",\"https:\/\/www.youtube.com\/@vosgesinfo\"]},{\"@type\":\"Person\",\"@id\":\"https:\/\/vosgesinfo.fr\/gerardmerinfo\/#\/schema\/person\/db5605779a843dad16b5368f3e7613a5\",\"name\":\"QG\",\"image\":{\"@type\":\"ImageObject\",\"inLanguage\":\"fr-FR\",\"@id\":\"https:\/\/vosgesinfo.fr\/gerardmerinfo\/#\/schema\/person\/image\/\",\"url\":\"https:\/\/secure.gravatar.com\/avatar\/ea80c42c204b534408512832fde52504ecabb9706bcb6151cf6175e5b64e6793?s=96&d=mm&r=g\",\"contentUrl\":\"https:\/\/secure.gravatar.com\/avatar\/ea80c42c204b534408512832fde52504ecabb9706bcb6151cf6175e5b64e6793?s=96&d=mm&r=g\",\"caption\":\"QG\"},\"url\":\"https:\/\/vosgesinfo.fr\/gerardmerinfo\/author\/quentin88\/\"}]}<\/script>\n<!-- \/ Yoast SEO plugin. -->","yoast_head_json":{"title":"Sap\u00e9(e) comme jamais pour le bal de promo du lyc\u00e9e Chardin - Gerardmer Info","robots":{"index":"index","follow":"follow","max-snippet":"max-snippet:-1","max-image-preview":"max-image-preview:large","max-video-preview":"max-video-preview:-1"},"canonical":"https:\/\/vosgesinfo.fr\/gerardmerinfo\/2026\/05\/sapee-comme-jamais-pour-le-bal-de-promo-du-lycee-chardin\/","twitter_card":"summary_large_image","twitter_title":"Sap\u00e9(e) comme jamais pour le bal de promo du lyc\u00e9e Chardin - Gerardmer Info","twitter_description":"Mercredi 29 avril, l\u2019Espace LAC de G\u00e9rardmer s\u2019est transform\u00e9 en v\u00e9ritable \u00e9crin festif \u00e0 l\u2019occasion du traditionnel bal de promo [&hellip;]","twitter_image":"https:\/\/vosgesinfo.fr\/app\/uploads\/sites\/6\/2026\/04\/bal-de-promo-chardin-4.jpg","twitter_creator":"@VosgesInfo88","twitter_site":"@VosgesInfo88","twitter_misc":{"\u00c9crit par":"QG","Dur\u00e9e de lecture estim\u00e9e":"2 minutes"},"schema":{"@context":"https:\/\/schema.org","@graph":[{"@type":"Article","@id":"https:\/\/vosgesinfo.fr\/gerardmerinfo\/2026\/05\/sapee-comme-jamais-pour-le-bal-de-promo-du-lycee-chardin\/#article","isPartOf":{"@id":"https:\/\/vosgesinfo.fr\/gerardmerinfo\/2026\/05\/sapee-comme-jamais-pour-le-bal-de-promo-du-lycee-chardin\/"},"author":{"name":"QG","@id":"https:\/\/vosgesinfo.fr\/gerardmerinfo\/#\/schema\/person\/db5605779a843dad16b5368f3e7613a5"},"headline":"Sap\u00e9(e) comme jamais pour le bal de promo du lyc\u00e9e Chardin","datePublished":"2026-05-01T03:59:40+00:00","dateModified":"2026-04-30T20:06:15+00:00","mainEntityOfPage":{"@id":"https:\/\/vosgesinfo.fr\/gerardmerinfo\/2026\/05\/sapee-comme-jamais-pour-le-bal-de-promo-du-lycee-chardin\/"},"wordCount":445,"commentCount":0,"publisher":{"@id":"https:\/\/vosgesinfo.fr\/gerardmerinfo\/#organization"},"image":{"@id":"https:\/\/vosgesinfo.fr\/gerardmerinfo\/2026\/05\/sapee-comme-jamais-pour-le-bal-de-promo-du-lycee-chardin\/#primaryimage"},"thumbnailUrl":"https:\/\/vosgesinfo.fr\/app\/uploads\/sites\/6\/2026\/04\/bal-de-promo-chardin-4.jpg","keywords":["lyc\u00e9e chardin"],"articleSection":["A la une","\u00c9ducation","G\u00e9rardmer","Gerardmer"],"inLanguage":"fr-FR","potentialAction":[{"@type":"CommentAction","name":"Comment","target":["https:\/\/vosgesinfo.fr\/gerardmerinfo\/2026\/05\/sapee-comme-jamais-pour-le-bal-de-promo-du-lycee-chardin\/#respond"]}]},{"@type":"WebPage","@id":"https:\/\/vosgesinfo.fr\/gerardmerinfo\/2026\/05\/sapee-comme-jamais-pour-le-bal-de-promo-du-lycee-chardin\/","url":"https:\/\/vosgesinfo.fr\/gerardmerinfo\/2026\/05\/sapee-comme-jamais-pour-le-bal-de-promo-du-lycee-chardin\/","name":"Sap\u00e9(e) comme jamais pour le bal de promo du lyc\u00e9e Chardin - Gerardmer Info","isPartOf":{"@id":"https:\/\/vosgesinfo.fr\/gerardmerinfo\/#website"},"primaryImageOfPage":{"@id":"https:\/\/vosgesinfo.fr\/gerardmerinfo\/2026\/05\/sapee-comme-jamais-pour-le-bal-de-promo-du-lycee-chardin\/#primaryimage"},"image":{"@id":"https:\/\/vosgesinfo.fr\/gerardmerinfo\/2026\/05\/sapee-comme-jamais-pour-le-bal-de-promo-du-lycee-chardin\/#primaryimage"},"thumbnailUrl":"https:\/\/vosgesinfo.fr\/app\/uploads\/sites\/6\/2026\/04\/bal-de-promo-chardin-4.jpg","datePublished":"2026-05-01T03:59:40+00:00","dateModified":"2026-04-30T20:06:15+00:00","breadcrumb":{"@id":"https:\/\/vosgesinfo.fr\/gerardmerinfo\/2026\/05\/sapee-comme-jamais-pour-le-bal-de-promo-du-lycee-chardin\/#breadcrumb"},"inLanguage":"fr-FR","potentialAction":[{"@type":"ReadAction","target":["https:\/\/vosgesinfo.fr\/gerardmerinfo\/2026\/05\/sapee-comme-jamais-pour-le-bal-de-promo-du-lycee-chardin\/"]}]},{"@type":"ImageObject","inLanguage":"fr-FR","@id":"https:\/\/vosgesinfo.fr\/gerardmerinfo\/2026\/05\/sapee-comme-jamais-pour-le-bal-de-promo-du-lycee-chardin\/#primaryimage","url":"https:\/\/vosgesinfo.fr\/app\/uploads\/sites\/6\/2026\/04\/bal-de-promo-chardin-4.jpg","contentUrl":"https:\/\/vosgesinfo.fr\/app\/uploads\/sites\/6\/2026\/04\/bal-de-promo-chardin-4.jpg","width":1920,"height":1440},{"@type":"BreadcrumbList","@id":"https:\/\/vosgesinfo.fr\/gerardmerinfo\/2026\/05\/sapee-comme-jamais-pour-le-bal-de-promo-du-lycee-chardin\/#breadcrumb","itemListElement":[{"@type":"ListItem","position":1,"name":"Home","item":"https:\/\/vosgesinfo.fr\/gerardmerinfo\/"},{"@type":"ListItem","position":2,"name":"Sap\u00e9(e) comme jamais pour le bal de promo du lyc\u00e9e Chardin"}]},{"@type":"WebSite","@id":"https:\/\/vosgesinfo.fr\/gerardmerinfo\/#website","url":"https:\/\/vosgesinfo.fr\/gerardmerinfo\/","name":"Gerardmer Info","description":"Toute l&#039;actualit\u00e9 de G\u00e9rardmer","publisher":{"@id":"https:\/\/vosgesinfo.fr\/gerardmerinfo\/#organization"},"alternateName":"Toute l'actualit\u00e9 de G\u00e9rardmer","potentialAction":[{"@type":"SearchAction","target":{"@type":"EntryPoint","urlTemplate":"https:\/\/vosgesinfo.fr\/gerardmerinfo\/?s={search_term_string}"},"query-input":"required name=search_term_string"}],"inLanguage":"fr-FR"},{"@type":"Organization","@id":"https:\/\/vosgesinfo.fr\/gerardmerinfo\/#organization","name":"Gerardmer Info","url":"https:\/\/vosgesinfo.fr\/gerardmerinfo\/","logo":{"@type":"ImageObject","inLanguage":"fr-FR","@id":"https:\/\/vosgesinfo.fr\/gerardmerinfo\/#\/schema\/logo\/image\/","url":"https:\/\/vosgesinfo.fr\/app\/uploads\/sites\/6\/2023\/08\/favicon-gerardmerinfo.png","contentUrl":"https:\/\/vosgesinfo.fr\/app\/uploads\/sites\/6\/2023\/08\/favicon-gerardmerinfo.png","width":512,"height":512,"caption":"Gerardmer Info"},"image":{"@id":"https:\/\/vosgesinfo.fr\/gerardmerinfo\/#\/schema\/logo\/image\/"},"sameAs":["https:\/\/www.facebook.com\/profile.php?id=100049475262660","https:\/\/x.com\/VosgesInfo88","https:\/\/www.youtube.com\/@vosgesinfo"]},{"@type":"Person","@id":"https:\/\/vosgesinfo.fr\/gerardmerinfo\/#\/schema\/person\/db5605779a843dad16b5368f3e7613a5","name":"QG","image":{"@type":"ImageObject","inLanguage":"fr-FR","@id":"https:\/\/vosgesinfo.fr\/gerardmerinfo\/#\/schema\/person\/image\/","url":"https:\/\/secure.gravatar.com\/avatar\/ea80c42c204b534408512832fde52504ecabb9706bcb6151cf6175e5b64e6793?s=96&d=mm&r=g","contentUrl":"https:\/\/secure.gravatar.com\/avatar\/ea80c42c204b534408512832fde52504ecabb9706bcb6151cf6175e5b64e6793?s=96&d=mm&r=g","caption":"QG"},"url":"https:\/\/vosgesinfo.fr\/gerardmerinfo\/author\/quentin88\/"}]}},"_links":{"self":[{"href":"https:\/\/vosgesinfo.fr\/gerardmerinfo\/wp-json\/wp\/v2\/posts\/90940","targetHints":{"allow":["GET"]}}],"collection":[{"href":"https:\/\/vosgesinfo.fr\/gerardmerinfo\/wp-json\/wp\/v2\/posts"}],"about":[{"href":"https:\/\/vosgesinfo.fr\/gerardmerinfo\/wp-json\/wp\/v2\/types\/post"}],"author":[{"embeddable":true,"href":"https:\/\/vosgesinfo.fr\/gerardmerinfo\/wp-json\/wp\/v2\/users\/42"}],"replies":[{"embeddable":true,"href":"https:\/\/vosgesinfo.fr\/gerardmerinfo\/wp-json\/wp\/v2\/comments?post=90940"}],"version-history":[{"count":1,"href":"https:\/\/vosgesinfo.fr\/gerardmerinfo\/wp-json\/wp\/v2\/posts\/90940\/revisions"}],"predecessor-version":[{"id":90952,"href":"https:\/\/vosgesinfo.fr\/gerardmerinfo\/wp-json\/wp\/v2\/posts\/90940\/revisions\/90952"}],"wp:featuredmedia":[{"embeddable":true,"href":"https:\/\/vosgesinfo.fr\/gerardmerinfo\/wp-json\/wp\/v2\/media\/90945"}],"wp:attachment":[{"href":"https:\/\/vosgesinfo.fr\/gerardmerinfo\/wp-json\/wp\/v2\/media?parent=90940"}],"wp:term":[{"taxonomy":"category","embeddable":true,"href":"https:\/\/vosgesinfo.fr\/gerardmerinfo\/wp-json\/wp\/v2\/categories?post=90940"},{"taxonomy":"post_tag","embeddable":true,"href":"https:\/\/vosgesinfo.fr\/gerardmerinfo\/wp-json\/wp\/v2\/tags?post=90940"}],"curies":[{"name":"wp","href":"https:\/\/api.w.org\/{rel}","templated":true}]}}