{"id":90953,"date":"2026-05-01T11:58:34","date_gmt":"2026-05-01T09:58:34","guid":{"rendered":"https:\/\/vosgesinfo.fr\/gerardmerinfo\/?p=90953"},"modified":"2026-05-01T12:56:49","modified_gmt":"2026-05-01T10:56:49","slug":"lehpad-lea-andre-inaugur-son-nouveau-parcours-sportif","status":"publish","type":"post","link":"https:\/\/vosgesinfo.fr\/gerardmerinfo\/2026\/05\/lehpad-lea-andre-inaugur-son-nouveau-parcours-sportif\/","title":{"rendered":"L\u2019EHPAD L\u00e9a Andr\u00e9 inaugure son nouveau parcours sportif"},"content":{"rendered":"<p class=\"isSelectedEnd\"><a href=\"https:\/\/vosgesinfo.fr\/app\/uploads\/sites\/6\/2026\/04\/parcours-sportif-ehpad-lea-andre-2.jpg\"><img decoding=\"async\" class=\"aligncenter size-large wp-image-90930\" src=\"https:\/\/vosgesinfo.fr\/app\/uploads\/sites\/6\/2026\/04\/parcours-sportif-ehpad-lea-andre-2-1024x768.jpg\" alt=\"\" width=\"1024\" height=\"768\" srcset=\"https:\/\/vosgesinfo.fr\/app\/uploads\/sites\/6\/2026\/04\/parcours-sportif-ehpad-lea-andre-2-1024x768.jpg 1024w, https:\/\/vosgesinfo.fr\/app\/uploads\/sites\/6\/2026\/04\/parcours-sportif-ehpad-lea-andre-2-300x225.jpg 300w, https:\/\/vosgesinfo.fr\/app\/uploads\/sites\/6\/2026\/04\/parcours-sportif-ehpad-lea-andre-2-768x576.jpg 768w, https:\/\/vosgesinfo.fr\/app\/uploads\/sites\/6\/2026\/04\/parcours-sportif-ehpad-lea-andre-2-1536x1152.jpg 1536w, https:\/\/vosgesinfo.fr\/app\/uploads\/sites\/6\/2026\/04\/parcours-sportif-ehpad-lea-andre-2.jpg 1920w\" sizes=\"(max-width: 1024px) 100vw, 1024px\" \/><\/a><\/p>\n\n\t\t<style type=\"text\/css\">\n\t\t\t#gallery-1 {\n\t\t\t\tmargin: auto;\n\t\t\t}\n\t\t\t#gallery-1 .gallery-item {\n\t\t\t\tfloat: left;\n\t\t\t\tmargin-top: 10px;\n\t\t\t\ttext-align: center;\n\t\t\t\twidth: 50%;\n\t\t\t}\n\t\t\t#gallery-1 img {\n\t\t\t\tborder: 2px solid #cfcfcf;\n\t\t\t}\n\t\t\t#gallery-1 .gallery-caption {\n\t\t\t\tmargin-left: 0;\n\t\t\t}\n\t\t\t\/* see gallery_shortcode() in wp-includes\/media.php *\/\n\t\t<\/style>\n\t\t<div id='gallery-1' class='gallery galleryid-90953 gallery-columns-2 gallery-size-medium'><dl class='gallery-item'>\n\t\t\t<dt class='gallery-icon landscape'>\n\t\t\t\t<a href='https:\/\/vosgesinfo.fr\/app\/uploads\/sites\/6\/2026\/04\/parcours-sportif-ehpad-lea-andre-1.jpg'><img decoding=\"async\" width=\"300\" height=\"225\" src=\"https:\/\/vosgesinfo.fr\/app\/uploads\/sites\/6\/2026\/04\/parcours-sportif-ehpad-lea-andre-1-300x225.jpg\" class=\"attachment-medium size-medium\" alt=\"\" srcset=\"https:\/\/vosgesinfo.fr\/app\/uploads\/sites\/6\/2026\/04\/parcours-sportif-ehpad-lea-andre-1-300x225.jpg 300w, https:\/\/vosgesinfo.fr\/app\/uploads\/sites\/6\/2026\/04\/parcours-sportif-ehpad-lea-andre-1-1024x768.jpg 1024w, https:\/\/vosgesinfo.fr\/app\/uploads\/sites\/6\/2026\/04\/parcours-sportif-ehpad-lea-andre-1-768x576.jpg 768w, https:\/\/vosgesinfo.fr\/app\/uploads\/sites\/6\/2026\/04\/parcours-sportif-ehpad-lea-andre-1-1536x1152.jpg 1536w, https:\/\/vosgesinfo.fr\/app\/uploads\/sites\/6\/2026\/04\/parcours-sportif-ehpad-lea-andre-1.jpg 1920w\" sizes=\"(max-width: 300px) 100vw, 300px\" \/><\/a>\n\t\t\t<\/dt><\/dl><dl class='gallery-item'>\n\t\t\t<dt class='gallery-icon landscape'>\n\t\t\t\t<a href='https:\/\/vosgesinfo.fr\/app\/uploads\/sites\/6\/2026\/05\/jardin-de-lehpad-lea-andre-gerardmer.jpg'><img decoding=\"async\" width=\"300\" height=\"225\" src=\"https:\/\/vosgesinfo.fr\/app\/uploads\/sites\/6\/2026\/05\/jardin-de-lehpad-lea-andre-gerardmer-300x225.jpg\" class=\"attachment-medium size-medium\" alt=\"\" srcset=\"https:\/\/vosgesinfo.fr\/app\/uploads\/sites\/6\/2026\/05\/jardin-de-lehpad-lea-andre-gerardmer-300x225.jpg 300w, https:\/\/vosgesinfo.fr\/app\/uploads\/sites\/6\/2026\/05\/jardin-de-lehpad-lea-andre-gerardmer-1024x768.jpg 1024w, https:\/\/vosgesinfo.fr\/app\/uploads\/sites\/6\/2026\/05\/jardin-de-lehpad-lea-andre-gerardmer-768x576.jpg 768w, https:\/\/vosgesinfo.fr\/app\/uploads\/sites\/6\/2026\/05\/jardin-de-lehpad-lea-andre-gerardmer-1536x1152.jpg 1536w, https:\/\/vosgesinfo.fr\/app\/uploads\/sites\/6\/2026\/05\/jardin-de-lehpad-lea-andre-gerardmer.jpg 1920w\" sizes=\"(max-width: 300px) 100vw, 300px\" \/><\/a>\n\t\t\t<\/dt><\/dl><br style=\"clear: both\" \/>\n\t\t<\/div>\n\n<p class=\"isSelectedEnd\"><strong>Sous un agr\u00e9able soleil printanier, l\u2019EHPAD L\u00e9a Andr\u00e9 de G\u00e9rardmer a inaugur\u00e9 ce jeudi apr\u00e8s-midi son tout nouveau parcours \u00ab\u00a0sportif\u00a0\u00bb, aboutissement d\u2019un projet de longue haleine d\u00e9di\u00e9 au bien-\u00eatre et \u00e0 l\u2019autonomie des r\u00e9sidents.<\/strong><\/p>\n<p class=\"isSelectedEnd\"><a href=\"https:\/\/vosgesinfo.fr\/app\/uploads\/sites\/6\/2026\/04\/parcours-sportif-ehpad-lea-andre-5.jpg\"><img decoding=\"async\" class=\"alignright size-medium wp-image-90933\" src=\"https:\/\/vosgesinfo.fr\/app\/uploads\/sites\/6\/2026\/04\/parcours-sportif-ehpad-lea-andre-5-225x300.jpg\" alt=\"\" width=\"225\" height=\"300\" srcset=\"https:\/\/vosgesinfo.fr\/app\/uploads\/sites\/6\/2026\/04\/parcours-sportif-ehpad-lea-andre-5-225x300.jpg 225w, https:\/\/vosgesinfo.fr\/app\/uploads\/sites\/6\/2026\/04\/parcours-sportif-ehpad-lea-andre-5-768x1024.jpg 768w, https:\/\/vosgesinfo.fr\/app\/uploads\/sites\/6\/2026\/04\/parcours-sportif-ehpad-lea-andre-5-1152x1536.jpg 1152w, https:\/\/vosgesinfo.fr\/app\/uploads\/sites\/6\/2026\/04\/parcours-sportif-ehpad-lea-andre-5.jpg 1440w\" sizes=\"(max-width: 225px) 100vw, 225px\" \/><\/a>L\u2019\u00e9v\u00e9nement s\u2019est d\u00e9roul\u00e9 en pr\u00e9sence de nombreux acteurs ayant contribu\u00e9 \u00e0 cette r\u00e9alisation, parmi lesquels Laure Vukasse, directrice des H\u00f4pitaux du Massif des Vosges. Dans son discours, elle a soulign\u00e9 l\u2019importance de ce projet structurant, inscrit dans une r\u00e9flexion engag\u00e9e depuis plusieurs ann\u00e9es autour de l\u2019am\u00e9nagement des espaces ext\u00e9rieurs de l\u2019\u00e9tablissement.<\/p>\n<p class=\"isSelectedEnd\">\u00ab Depuis longtemps, la question du jardin et de son usage est au c\u0153ur des r\u00e9flexions \u00bb, a-t-elle rappel\u00e9. Relanc\u00e9 sous l\u2019impulsion de Sabine Peign\u00e9, ancienne directrice, le projet visait \u00e0 transformer l\u2019espace vert situ\u00e9 \u00e0 l\u2019arri\u00e8re du b\u00e2timent en un v\u00e9ritable lieu de vie, pens\u00e9 pour r\u00e9pondre aux besoins des r\u00e9sidents.<\/p>\n<p class=\"isSelectedEnd\">Con\u00e7u en plusieurs phases, le programme a permis la cr\u00e9ation d\u2019un parcours sportif dot\u00e9 d\u2019agr\u00e8s adapt\u00e9s, mais aussi l\u2019am\u00e9nagement d\u2019un jardin avec bacs sur\u00e9lev\u00e9s, zones ombrag\u00e9es et espaces de convivialit\u00e9. La terrasse de l\u2019unit\u00e9 prot\u00e9g\u00e9e a \u00e9galement \u00e9t\u00e9 repens\u00e9e, tout comme le patio, d\u00e9sormais s\u00e9curis\u00e9 et propice aux \u00e9changes et aux activit\u00e9s.<\/p>\n<p class=\"isSelectedEnd\"><a href=\"https:\/\/vosgesinfo.fr\/app\/uploads\/sites\/6\/2026\/04\/parcours-sportif-ehpad-lea-andre-3.jpg\"><img decoding=\"async\" class=\"alignright size-medium wp-image-90931\" src=\"https:\/\/vosgesinfo.fr\/app\/uploads\/sites\/6\/2026\/04\/parcours-sportif-ehpad-lea-andre-3-225x300.jpg\" alt=\"\" width=\"225\" height=\"300\" srcset=\"https:\/\/vosgesinfo.fr\/app\/uploads\/sites\/6\/2026\/04\/parcours-sportif-ehpad-lea-andre-3-225x300.jpg 225w, https:\/\/vosgesinfo.fr\/app\/uploads\/sites\/6\/2026\/04\/parcours-sportif-ehpad-lea-andre-3-768x1024.jpg 768w, https:\/\/vosgesinfo.fr\/app\/uploads\/sites\/6\/2026\/04\/parcours-sportif-ehpad-lea-andre-3-1152x1536.jpg 1152w, https:\/\/vosgesinfo.fr\/app\/uploads\/sites\/6\/2026\/04\/parcours-sportif-ehpad-lea-andre-3.jpg 1440w\" sizes=\"(max-width: 225px) 100vw, 225px\" \/><\/a>Pr\u00e9sent\u00e9 d\u00e8s septembre 2022 \u00e0 la municipalit\u00e9 et valid\u00e9 par le Conseil de la Vie Sociale, le projet a connu un temps d\u2019arr\u00eat avant d\u2019\u00eatre relanc\u00e9 avec d\u00e9termination fin 2024, \u00e0 l\u2019arriv\u00e9e de Madame Legrand. Une nouvelle dynamique collective a alors permis de concr\u00e9tiser cette initiative en s\u00e9lectionnant des \u00e9quipements adapt\u00e9s et en identifiant les partenaires n\u00e9cessaires \u00e0 sa r\u00e9alisation.<\/p>\n<p class=\"isSelectedEnd\">Au-del\u00e0 de son aspect fonctionnel, ce parcours sportif se veut un v\u00e9ritable outil th\u00e9rapeutique et social. \u00ab Il constitue un levier essentiel pour le maintien de l\u2019autonomie, le bien-\u00eatre et le lien social \u00bb, a insist\u00e9 la directrice.<\/p>\n<p class=\"isSelectedEnd\">La r\u00e9alisation de cet \u00e9quipement a \u00e9t\u00e9 rendue possible gr\u00e2ce \u00e0 plusieurs soutiens financiers. L\u2019AGSH a ainsi financ\u00e9 l\u2019acquisition des agr\u00e8s \u00e0 hauteur de 11 216,46 \u20ac, compl\u00e9t\u00e9e par un don de 150 \u20ac de la famille d\u2019un r\u00e9sident. Le co\u00fbt global du projet s\u2019\u00e9l\u00e8ve \u00e0 64 548,33 \u20ac.<\/p>\n<p class=\"isSelectedEnd\"><a href=\"https:\/\/vosgesinfo.fr\/app\/uploads\/sites\/6\/2026\/04\/parcours-sportif-ehpad-lea-andre-4.jpg\"><img decoding=\"async\" class=\"alignright size-medium wp-image-90932\" src=\"https:\/\/vosgesinfo.fr\/app\/uploads\/sites\/6\/2026\/04\/parcours-sportif-ehpad-lea-andre-4-225x300.jpg\" alt=\"\" width=\"225\" height=\"300\" srcset=\"https:\/\/vosgesinfo.fr\/app\/uploads\/sites\/6\/2026\/04\/parcours-sportif-ehpad-lea-andre-4-225x300.jpg 225w, https:\/\/vosgesinfo.fr\/app\/uploads\/sites\/6\/2026\/04\/parcours-sportif-ehpad-lea-andre-4-768x1024.jpg 768w, https:\/\/vosgesinfo.fr\/app\/uploads\/sites\/6\/2026\/04\/parcours-sportif-ehpad-lea-andre-4-1152x1536.jpg 1152w, https:\/\/vosgesinfo.fr\/app\/uploads\/sites\/6\/2026\/04\/parcours-sportif-ehpad-lea-andre-4.jpg 1440w\" sizes=\"(max-width: 225px) 100vw, 225px\" \/><\/a>En conclusion, Laure Vukasse a tenu \u00e0 remercier l\u2019ensemble des \u00e9quipes, partenaires et intervenants ayant contribu\u00e9 \u00e0 la r\u00e9ussite de cette initiative, qui illustre une ambition forte : offrir aux r\u00e9sidents un cadre de vie ext\u00e9rieur \u00e0 la fois s\u00e9curis\u00e9, stimulant et agr\u00e9able.<\/p>\n<p>Cette inauguration marque une \u00e9tape importante dans l\u2019am\u00e9lioration continue des conditions d\u2019accueil \u00e0 l\u2019EHPAD L\u00e9a Andr\u00e9, o\u00f9 le mouvement, l\u2019autonomie et le bien-\u00eatre occupent d\u00e9sormais une place centrale.<\/p>\n<p>&nbsp;<\/p>\n","protected":false},"excerpt":{"rendered":"<p>Sous un agr\u00e9able soleil printanier, l\u2019EHPAD L\u00e9a Andr\u00e9 de G\u00e9rardmer a inaugur\u00e9 ce jeudi apr\u00e8s-midi son tout nouveau parcours \u00ab\u00a0sportif\u00a0\u00bb, [&hellip;]<\/p>\n","protected":false},"author":42,"featured_media":90930,"comment_status":"open","ping_status":"open","sticky":false,"template":"","format":"standard","meta":{"footnotes":""},"categories":[20,5647,12],"tags":[95],"class_list":["post-90953","post","type-post","status-publish","format-standard","has-post-thumbnail","hentry","category-a-la-une","category-gerardmer-autres-sites","category-sante","tag-ehpad-lea-andre"],"acf":[],"yoast_head":"<!-- This site is optimized with the Yoast SEO plugin v22.5 - https:\/\/yoast.com\/wordpress\/plugins\/seo\/ -->\n<title>L\u2019EHPAD L\u00e9a Andr\u00e9 inaugure son nouveau parcours sportif - Gerardmer Info<\/title>\n<meta name=\"robots\" content=\"index, follow, max-snippet:-1, max-image-preview:large, max-video-preview:-1\" \/>\n<link rel=\"canonical\" href=\"https:\/\/vosgesinfo.fr\/gerardmerinfo\/2026\/05\/lehpad-lea-andre-inaugur-son-nouveau-parcours-sportif\/\" \/>\n<meta name=\"twitter:card\" content=\"summary_large_image\" \/>\n<meta name=\"twitter:title\" content=\"L\u2019EHPAD L\u00e9a Andr\u00e9 inaugure son nouveau parcours sportif - Gerardmer Info\" \/>\n<meta name=\"twitter:description\" content=\"Sous un agr\u00e9able soleil printanier, l\u2019EHPAD L\u00e9a Andr\u00e9 de G\u00e9rardmer a inaugur\u00e9 ce jeudi apr\u00e8s-midi son tout nouveau parcours \u00ab\u00a0sportif\u00a0\u00bb, [&hellip;]\" \/>\n<meta name=\"twitter:image\" content=\"https:\/\/vosgesinfo.fr\/app\/uploads\/sites\/6\/2026\/04\/parcours-sportif-ehpad-lea-andre-2.jpg\" \/>\n<meta name=\"twitter:creator\" content=\"@VosgesInfo88\" \/>\n<meta name=\"twitter:site\" content=\"@VosgesInfo88\" \/>\n<meta name=\"twitter:label1\" content=\"\u00c9crit par\" \/>\n\t<meta name=\"twitter:data1\" content=\"QG\" \/>\n\t<meta name=\"twitter:label2\" content=\"Dur\u00e9e de lecture estim\u00e9e\" \/>\n\t<meta name=\"twitter:data2\" content=\"4 minutes\" \/>\n<script type=\"application\/ld+json\" class=\"yoast-schema-graph\">{\"@context\":\"https:\/\/schema.org\",\"@graph\":[{\"@type\":\"Article\",\"@id\":\"https:\/\/vosgesinfo.fr\/gerardmerinfo\/2026\/05\/lehpad-lea-andre-inaugur-son-nouveau-parcours-sportif\/#article\",\"isPartOf\":{\"@id\":\"https:\/\/vosgesinfo.fr\/gerardmerinfo\/2026\/05\/lehpad-lea-andre-inaugur-son-nouveau-parcours-sportif\/\"},\"author\":{\"name\":\"QG\",\"@id\":\"https:\/\/vosgesinfo.fr\/gerardmerinfo\/#\/schema\/person\/db5605779a843dad16b5368f3e7613a5\"},\"headline\":\"L\u2019EHPAD L\u00e9a Andr\u00e9 inaugure son nouveau parcours sportif\",\"datePublished\":\"2026-05-01T09:58:34+00:00\",\"dateModified\":\"2026-05-01T10:56:49+00:00\",\"mainEntityOfPage\":{\"@id\":\"https:\/\/vosgesinfo.fr\/gerardmerinfo\/2026\/05\/lehpad-lea-andre-inaugur-son-nouveau-parcours-sportif\/\"},\"wordCount\":493,\"commentCount\":1,\"publisher\":{\"@id\":\"https:\/\/vosgesinfo.fr\/gerardmerinfo\/#organization\"},\"image\":{\"@id\":\"https:\/\/vosgesinfo.fr\/gerardmerinfo\/2026\/05\/lehpad-lea-andre-inaugur-son-nouveau-parcours-sportif\/#primaryimage\"},\"thumbnailUrl\":\"https:\/\/vosgesinfo.fr\/app\/uploads\/sites\/6\/2026\/04\/parcours-sportif-ehpad-lea-andre-2.jpg\",\"keywords\":[\"ehpad l\u00e9a andr\u00e9\"],\"articleSection\":[\"A la une\",\"Gerardmer\",\"Sant\u00e9\"],\"inLanguage\":\"fr-FR\",\"potentialAction\":[{\"@type\":\"CommentAction\",\"name\":\"Comment\",\"target\":[\"https:\/\/vosgesinfo.fr\/gerardmerinfo\/2026\/05\/lehpad-lea-andre-inaugur-son-nouveau-parcours-sportif\/#respond\"]}]},{\"@type\":\"WebPage\",\"@id\":\"https:\/\/vosgesinfo.fr\/gerardmerinfo\/2026\/05\/lehpad-lea-andre-inaugur-son-nouveau-parcours-sportif\/\",\"url\":\"https:\/\/vosgesinfo.fr\/gerardmerinfo\/2026\/05\/lehpad-lea-andre-inaugur-son-nouveau-parcours-sportif\/\",\"name\":\"L\u2019EHPAD L\u00e9a Andr\u00e9 inaugure son nouveau parcours sportif - Gerardmer Info\",\"isPartOf\":{\"@id\":\"https:\/\/vosgesinfo.fr\/gerardmerinfo\/#website\"},\"primaryImageOfPage\":{\"@id\":\"https:\/\/vosgesinfo.fr\/gerardmerinfo\/2026\/05\/lehpad-lea-andre-inaugur-son-nouveau-parcours-sportif\/#primaryimage\"},\"image\":{\"@id\":\"https:\/\/vosgesinfo.fr\/gerardmerinfo\/2026\/05\/lehpad-lea-andre-inaugur-son-nouveau-parcours-sportif\/#primaryimage\"},\"thumbnailUrl\":\"https:\/\/vosgesinfo.fr\/app\/uploads\/sites\/6\/2026\/04\/parcours-sportif-ehpad-lea-andre-2.jpg\",\"datePublished\":\"2026-05-01T09:58:34+00:00\",\"dateModified\":\"2026-05-01T10:56:49+00:00\",\"breadcrumb\":{\"@id\":\"https:\/\/vosgesinfo.fr\/gerardmerinfo\/2026\/05\/lehpad-lea-andre-inaugur-son-nouveau-parcours-sportif\/#breadcrumb\"},\"inLanguage\":\"fr-FR\",\"potentialAction\":[{\"@type\":\"ReadAction\",\"target\":[\"https:\/\/vosgesinfo.fr\/gerardmerinfo\/2026\/05\/lehpad-lea-andre-inaugur-son-nouveau-parcours-sportif\/\"]}]},{\"@type\":\"ImageObject\",\"inLanguage\":\"fr-FR\",\"@id\":\"https:\/\/vosgesinfo.fr\/gerardmerinfo\/2026\/05\/lehpad-lea-andre-inaugur-son-nouveau-parcours-sportif\/#primaryimage\",\"url\":\"https:\/\/vosgesinfo.fr\/app\/uploads\/sites\/6\/2026\/04\/parcours-sportif-ehpad-lea-andre-2.jpg\",\"contentUrl\":\"https:\/\/vosgesinfo.fr\/app\/uploads\/sites\/6\/2026\/04\/parcours-sportif-ehpad-lea-andre-2.jpg\",\"width\":1920,\"height\":1440},{\"@type\":\"BreadcrumbList\",\"@id\":\"https:\/\/vosgesinfo.fr\/gerardmerinfo\/2026\/05\/lehpad-lea-andre-inaugur-son-nouveau-parcours-sportif\/#breadcrumb\",\"itemListElement\":[{\"@type\":\"ListItem\",\"position\":1,\"name\":\"Home\",\"item\":\"https:\/\/vosgesinfo.fr\/gerardmerinfo\/\"},{\"@type\":\"ListItem\",\"position\":2,\"name\":\"L\u2019EHPAD L\u00e9a Andr\u00e9 inaugure son nouveau parcours sportif\"}]},{\"@type\":\"WebSite\",\"@id\":\"https:\/\/vosgesinfo.fr\/gerardmerinfo\/#website\",\"url\":\"https:\/\/vosgesinfo.fr\/gerardmerinfo\/\",\"name\":\"Gerardmer Info\",\"description\":\"Toute l&#039;actualit\u00e9 de G\u00e9rardmer\",\"publisher\":{\"@id\":\"https:\/\/vosgesinfo.fr\/gerardmerinfo\/#organization\"},\"alternateName\":\"Toute l'actualit\u00e9 de G\u00e9rardmer\",\"potentialAction\":[{\"@type\":\"SearchAction\",\"target\":{\"@type\":\"EntryPoint\",\"urlTemplate\":\"https:\/\/vosgesinfo.fr\/gerardmerinfo\/?s={search_term_string}\"},\"query-input\":\"required name=search_term_string\"}],\"inLanguage\":\"fr-FR\"},{\"@type\":\"Organization\",\"@id\":\"https:\/\/vosgesinfo.fr\/gerardmerinfo\/#organization\",\"name\":\"Gerardmer Info\",\"url\":\"https:\/\/vosgesinfo.fr\/gerardmerinfo\/\",\"logo\":{\"@type\":\"ImageObject\",\"inLanguage\":\"fr-FR\",\"@id\":\"https:\/\/vosgesinfo.fr\/gerardmerinfo\/#\/schema\/logo\/image\/\",\"url\":\"https:\/\/vosgesinfo.fr\/app\/uploads\/sites\/6\/2023\/08\/favicon-gerardmerinfo.png\",\"contentUrl\":\"https:\/\/vosgesinfo.fr\/app\/uploads\/sites\/6\/2023\/08\/favicon-gerardmerinfo.png\",\"width\":512,\"height\":512,\"caption\":\"Gerardmer Info\"},\"image\":{\"@id\":\"https:\/\/vosgesinfo.fr\/gerardmerinfo\/#\/schema\/logo\/image\/\"},\"sameAs\":[\"https:\/\/www.facebook.com\/profile.php?id=100049475262660\",\"https:\/\/x.com\/VosgesInfo88\",\"https:\/\/www.youtube.com\/@vosgesinfo\"]},{\"@type\":\"Person\",\"@id\":\"https:\/\/vosgesinfo.fr\/gerardmerinfo\/#\/schema\/person\/db5605779a843dad16b5368f3e7613a5\",\"name\":\"QG\",\"image\":{\"@type\":\"ImageObject\",\"inLanguage\":\"fr-FR\",\"@id\":\"https:\/\/vosgesinfo.fr\/gerardmerinfo\/#\/schema\/person\/image\/\",\"url\":\"https:\/\/secure.gravatar.com\/avatar\/ea80c42c204b534408512832fde52504ecabb9706bcb6151cf6175e5b64e6793?s=96&d=mm&r=g\",\"contentUrl\":\"https:\/\/secure.gravatar.com\/avatar\/ea80c42c204b534408512832fde52504ecabb9706bcb6151cf6175e5b64e6793?s=96&d=mm&r=g\",\"caption\":\"QG\"},\"url\":\"https:\/\/vosgesinfo.fr\/gerardmerinfo\/author\/quentin88\/\"}]}<\/script>\n<!-- \/ Yoast SEO plugin. -->","yoast_head_json":{"title":"L\u2019EHPAD L\u00e9a Andr\u00e9 inaugure son nouveau parcours sportif - Gerardmer Info","robots":{"index":"index","follow":"follow","max-snippet":"max-snippet:-1","max-image-preview":"max-image-preview:large","max-video-preview":"max-video-preview:-1"},"canonical":"https:\/\/vosgesinfo.fr\/gerardmerinfo\/2026\/05\/lehpad-lea-andre-inaugur-son-nouveau-parcours-sportif\/","twitter_card":"summary_large_image","twitter_title":"L\u2019EHPAD L\u00e9a Andr\u00e9 inaugure son nouveau parcours sportif - Gerardmer Info","twitter_description":"Sous un agr\u00e9able soleil printanier, l\u2019EHPAD L\u00e9a Andr\u00e9 de G\u00e9rardmer a inaugur\u00e9 ce jeudi apr\u00e8s-midi son tout nouveau parcours \u00ab\u00a0sportif\u00a0\u00bb, [&hellip;]","twitter_image":"https:\/\/vosgesinfo.fr\/app\/uploads\/sites\/6\/2026\/04\/parcours-sportif-ehpad-lea-andre-2.jpg","twitter_creator":"@VosgesInfo88","twitter_site":"@VosgesInfo88","twitter_misc":{"\u00c9crit par":"QG","Dur\u00e9e de lecture estim\u00e9e":"4 minutes"},"schema":{"@context":"https:\/\/schema.org","@graph":[{"@type":"Article","@id":"https:\/\/vosgesinfo.fr\/gerardmerinfo\/2026\/05\/lehpad-lea-andre-inaugur-son-nouveau-parcours-sportif\/#article","isPartOf":{"@id":"https:\/\/vosgesinfo.fr\/gerardmerinfo\/2026\/05\/lehpad-lea-andre-inaugur-son-nouveau-parcours-sportif\/"},"author":{"name":"QG","@id":"https:\/\/vosgesinfo.fr\/gerardmerinfo\/#\/schema\/person\/db5605779a843dad16b5368f3e7613a5"},"headline":"L\u2019EHPAD L\u00e9a Andr\u00e9 inaugure son nouveau parcours sportif","datePublished":"2026-05-01T09:58:34+00:00","dateModified":"2026-05-01T10:56:49+00:00","mainEntityOfPage":{"@id":"https:\/\/vosgesinfo.fr\/gerardmerinfo\/2026\/05\/lehpad-lea-andre-inaugur-son-nouveau-parcours-sportif\/"},"wordCount":493,"commentCount":1,"publisher":{"@id":"https:\/\/vosgesinfo.fr\/gerardmerinfo\/#organization"},"image":{"@id":"https:\/\/vosgesinfo.fr\/gerardmerinfo\/2026\/05\/lehpad-lea-andre-inaugur-son-nouveau-parcours-sportif\/#primaryimage"},"thumbnailUrl":"https:\/\/vosgesinfo.fr\/app\/uploads\/sites\/6\/2026\/04\/parcours-sportif-ehpad-lea-andre-2.jpg","keywords":["ehpad l\u00e9a andr\u00e9"],"articleSection":["A la une","Gerardmer","Sant\u00e9"],"inLanguage":"fr-FR","potentialAction":[{"@type":"CommentAction","name":"Comment","target":["https:\/\/vosgesinfo.fr\/gerardmerinfo\/2026\/05\/lehpad-lea-andre-inaugur-son-nouveau-parcours-sportif\/#respond"]}]},{"@type":"WebPage","@id":"https:\/\/vosgesinfo.fr\/gerardmerinfo\/2026\/05\/lehpad-lea-andre-inaugur-son-nouveau-parcours-sportif\/","url":"https:\/\/vosgesinfo.fr\/gerardmerinfo\/2026\/05\/lehpad-lea-andre-inaugur-son-nouveau-parcours-sportif\/","name":"L\u2019EHPAD L\u00e9a Andr\u00e9 inaugure son nouveau parcours sportif - Gerardmer Info","isPartOf":{"@id":"https:\/\/vosgesinfo.fr\/gerardmerinfo\/#website"},"primaryImageOfPage":{"@id":"https:\/\/vosgesinfo.fr\/gerardmerinfo\/2026\/05\/lehpad-lea-andre-inaugur-son-nouveau-parcours-sportif\/#primaryimage"},"image":{"@id":"https:\/\/vosgesinfo.fr\/gerardmerinfo\/2026\/05\/lehpad-lea-andre-inaugur-son-nouveau-parcours-sportif\/#primaryimage"},"thumbnailUrl":"https:\/\/vosgesinfo.fr\/app\/uploads\/sites\/6\/2026\/04\/parcours-sportif-ehpad-lea-andre-2.jpg","datePublished":"2026-05-01T09:58:34+00:00","dateModified":"2026-05-01T10:56:49+00:00","breadcrumb":{"@id":"https:\/\/vosgesinfo.fr\/gerardmerinfo\/2026\/05\/lehpad-lea-andre-inaugur-son-nouveau-parcours-sportif\/#breadcrumb"},"inLanguage":"fr-FR","potentialAction":[{"@type":"ReadAction","target":["https:\/\/vosgesinfo.fr\/gerardmerinfo\/2026\/05\/lehpad-lea-andre-inaugur-son-nouveau-parcours-sportif\/"]}]},{"@type":"ImageObject","inLanguage":"fr-FR","@id":"https:\/\/vosgesinfo.fr\/gerardmerinfo\/2026\/05\/lehpad-lea-andre-inaugur-son-nouveau-parcours-sportif\/#primaryimage","url":"https:\/\/vosgesinfo.fr\/app\/uploads\/sites\/6\/2026\/04\/parcours-sportif-ehpad-lea-andre-2.jpg","contentUrl":"https:\/\/vosgesinfo.fr\/app\/uploads\/sites\/6\/2026\/04\/parcours-sportif-ehpad-lea-andre-2.jpg","width":1920,"height":1440},{"@type":"BreadcrumbList","@id":"https:\/\/vosgesinfo.fr\/gerardmerinfo\/2026\/05\/lehpad-lea-andre-inaugur-son-nouveau-parcours-sportif\/#breadcrumb","itemListElement":[{"@type":"ListItem","position":1,"name":"Home","item":"https:\/\/vosgesinfo.fr\/gerardmerinfo\/"},{"@type":"ListItem","position":2,"name":"L\u2019EHPAD L\u00e9a Andr\u00e9 inaugure son nouveau parcours sportif"}]},{"@type":"WebSite","@id":"https:\/\/vosgesinfo.fr\/gerardmerinfo\/#website","url":"https:\/\/vosgesinfo.fr\/gerardmerinfo\/","name":"Gerardmer Info","description":"Toute l&#039;actualit\u00e9 de G\u00e9rardmer","publisher":{"@id":"https:\/\/vosgesinfo.fr\/gerardmerinfo\/#organization"},"alternateName":"Toute l'actualit\u00e9 de G\u00e9rardmer","potentialAction":[{"@type":"SearchAction","target":{"@type":"EntryPoint","urlTemplate":"https:\/\/vosgesinfo.fr\/gerardmerinfo\/?s={search_term_string}"},"query-input":"required name=search_term_string"}],"inLanguage":"fr-FR"},{"@type":"Organization","@id":"https:\/\/vosgesinfo.fr\/gerardmerinfo\/#organization","name":"Gerardmer Info","url":"https:\/\/vosgesinfo.fr\/gerardmerinfo\/","logo":{"@type":"ImageObject","inLanguage":"fr-FR","@id":"https:\/\/vosgesinfo.fr\/gerardmerinfo\/#\/schema\/logo\/image\/","url":"https:\/\/vosgesinfo.fr\/app\/uploads\/sites\/6\/2023\/08\/favicon-gerardmerinfo.png","contentUrl":"https:\/\/vosgesinfo.fr\/app\/uploads\/sites\/6\/2023\/08\/favicon-gerardmerinfo.png","width":512,"height":512,"caption":"Gerardmer Info"},"image":{"@id":"https:\/\/vosgesinfo.fr\/gerardmerinfo\/#\/schema\/logo\/image\/"},"sameAs":["https:\/\/www.facebook.com\/profile.php?id=100049475262660","https:\/\/x.com\/VosgesInfo88","https:\/\/www.youtube.com\/@vosgesinfo"]},{"@type":"Person","@id":"https:\/\/vosgesinfo.fr\/gerardmerinfo\/#\/schema\/person\/db5605779a843dad16b5368f3e7613a5","name":"QG","image":{"@type":"ImageObject","inLanguage":"fr-FR","@id":"https:\/\/vosgesinfo.fr\/gerardmerinfo\/#\/schema\/person\/image\/","url":"https:\/\/secure.gravatar.com\/avatar\/ea80c42c204b534408512832fde52504ecabb9706bcb6151cf6175e5b64e6793?s=96&d=mm&r=g","contentUrl":"https:\/\/secure.gravatar.com\/avatar\/ea80c42c204b534408512832fde52504ecabb9706bcb6151cf6175e5b64e6793?s=96&d=mm&r=g","caption":"QG"},"url":"https:\/\/vosgesinfo.fr\/gerardmerinfo\/author\/quentin88\/"}]}},"_links":{"self":[{"href":"https:\/\/vosgesinfo.fr\/gerardmerinfo\/wp-json\/wp\/v2\/posts\/90953","targetHints":{"allow":["GET"]}}],"collection":[{"href":"https:\/\/vosgesinfo.fr\/gerardmerinfo\/wp-json\/wp\/v2\/posts"}],"about":[{"href":"https:\/\/vosgesinfo.fr\/gerardmerinfo\/wp-json\/wp\/v2\/types\/post"}],"author":[{"embeddable":true,"href":"https:\/\/vosgesinfo.fr\/gerardmerinfo\/wp-json\/wp\/v2\/users\/42"}],"replies":[{"embeddable":true,"href":"https:\/\/vosgesinfo.fr\/gerardmerinfo\/wp-json\/wp\/v2\/comments?post=90953"}],"version-history":[{"count":5,"href":"https:\/\/vosgesinfo.fr\/gerardmerinfo\/wp-json\/wp\/v2\/posts\/90953\/revisions"}],"predecessor-version":[{"id":90964,"href":"https:\/\/vosgesinfo.fr\/gerardmerinfo\/wp-json\/wp\/v2\/posts\/90953\/revisions\/90964"}],"wp:featuredmedia":[{"embeddable":true,"href":"https:\/\/vosgesinfo.fr\/gerardmerinfo\/wp-json\/wp\/v2\/media\/90930"}],"wp:attachment":[{"href":"https:\/\/vosgesinfo.fr\/gerardmerinfo\/wp-json\/wp\/v2\/media?parent=90953"}],"wp:term":[{"taxonomy":"category","embeddable":true,"href":"https:\/\/vosgesinfo.fr\/gerardmerinfo\/wp-json\/wp\/v2\/categories?post=90953"},{"taxonomy":"post_tag","embeddable":true,"href":"https:\/\/vosgesinfo.fr\/gerardmerinfo\/wp-json\/wp\/v2\/tags?post=90953"}],"curies":[{"name":"wp","href":"https:\/\/api.w.org\/{rel}","templated":true}]}}