{"id":90970,"date":"2026-05-02T05:54:25","date_gmt":"2026-05-02T03:54:25","guid":{"rendered":"https:\/\/vosgesinfo.fr\/gerardmerinfo\/?p=90970"},"modified":"2026-05-01T18:47:16","modified_gmt":"2026-05-01T16:47:16","slug":"exposition-le-valtart-bouscule-les-regards-et-invite-au-partage","status":"publish","type":"post","link":"https:\/\/vosgesinfo.fr\/gerardmerinfo\/2026\/05\/exposition-le-valtart-bouscule-les-regards-et-invite-au-partage\/","title":{"rendered":"Exposition &#8211; Le Valt\u2019Art bouscule les regards et invite au partage"},"content":{"rendered":"<p data-start=\"0\" data-end=\"226\"><a href=\"https:\/\/vosgesinfo.fr\/app\/uploads\/sites\/6\/2026\/05\/exposition-valtart-tilleul-3.jpg\"><img decoding=\"async\" class=\"aligncenter size-large wp-image-90973\" src=\"https:\/\/vosgesinfo.fr\/app\/uploads\/sites\/6\/2026\/05\/exposition-valtart-tilleul-3-1024x768.jpg\" alt=\"\" width=\"1024\" height=\"768\" srcset=\"https:\/\/vosgesinfo.fr\/app\/uploads\/sites\/6\/2026\/05\/exposition-valtart-tilleul-3-1024x768.jpg 1024w, https:\/\/vosgesinfo.fr\/app\/uploads\/sites\/6\/2026\/05\/exposition-valtart-tilleul-3-300x225.jpg 300w, https:\/\/vosgesinfo.fr\/app\/uploads\/sites\/6\/2026\/05\/exposition-valtart-tilleul-3-768x576.jpg 768w, https:\/\/vosgesinfo.fr\/app\/uploads\/sites\/6\/2026\/05\/exposition-valtart-tilleul-3-1536x1152.jpg 1536w, https:\/\/vosgesinfo.fr\/app\/uploads\/sites\/6\/2026\/05\/exposition-valtart-tilleul-3.jpg 1920w\" sizes=\"(max-width: 1024px) 100vw, 1024px\" \/><\/a><\/p>\n\n\t\t<style type=\"text\/css\">\n\t\t\t#gallery-1 {\n\t\t\t\tmargin: auto;\n\t\t\t}\n\t\t\t#gallery-1 .gallery-item {\n\t\t\t\tfloat: left;\n\t\t\t\tmargin-top: 10px;\n\t\t\t\ttext-align: center;\n\t\t\t\twidth: 50%;\n\t\t\t}\n\t\t\t#gallery-1 img {\n\t\t\t\tborder: 2px solid #cfcfcf;\n\t\t\t}\n\t\t\t#gallery-1 .gallery-caption {\n\t\t\t\tmargin-left: 0;\n\t\t\t}\n\t\t\t\/* see gallery_shortcode() in wp-includes\/media.php *\/\n\t\t<\/style>\n\t\t<div id='gallery-1' class='gallery galleryid-90970 gallery-columns-2 gallery-size-medium'><dl class='gallery-item'>\n\t\t\t<dt class='gallery-icon landscape'>\n\t\t\t\t<a href='https:\/\/vosgesinfo.fr\/app\/uploads\/sites\/6\/2026\/05\/exposition-valtart-tilleul-1.jpg'><img decoding=\"async\" width=\"300\" height=\"225\" src=\"https:\/\/vosgesinfo.fr\/app\/uploads\/sites\/6\/2026\/05\/exposition-valtart-tilleul-1-300x225.jpg\" class=\"attachment-medium size-medium\" alt=\"\" srcset=\"https:\/\/vosgesinfo.fr\/app\/uploads\/sites\/6\/2026\/05\/exposition-valtart-tilleul-1-300x225.jpg 300w, https:\/\/vosgesinfo.fr\/app\/uploads\/sites\/6\/2026\/05\/exposition-valtart-tilleul-1-1024x768.jpg 1024w, https:\/\/vosgesinfo.fr\/app\/uploads\/sites\/6\/2026\/05\/exposition-valtart-tilleul-1-768x576.jpg 768w, https:\/\/vosgesinfo.fr\/app\/uploads\/sites\/6\/2026\/05\/exposition-valtart-tilleul-1-1536x1152.jpg 1536w, https:\/\/vosgesinfo.fr\/app\/uploads\/sites\/6\/2026\/05\/exposition-valtart-tilleul-1.jpg 1920w\" sizes=\"(max-width: 300px) 100vw, 300px\" \/><\/a>\n\t\t\t<\/dt><\/dl><dl class='gallery-item'>\n\t\t\t<dt class='gallery-icon landscape'>\n\t\t\t\t<a href='https:\/\/vosgesinfo.fr\/app\/uploads\/sites\/6\/2026\/05\/exposition-valtart-tilleul-2.jpg'><img decoding=\"async\" width=\"300\" height=\"225\" src=\"https:\/\/vosgesinfo.fr\/app\/uploads\/sites\/6\/2026\/05\/exposition-valtart-tilleul-2-300x225.jpg\" class=\"attachment-medium size-medium\" alt=\"\" srcset=\"https:\/\/vosgesinfo.fr\/app\/uploads\/sites\/6\/2026\/05\/exposition-valtart-tilleul-2-300x225.jpg 300w, https:\/\/vosgesinfo.fr\/app\/uploads\/sites\/6\/2026\/05\/exposition-valtart-tilleul-2-1024x768.jpg 1024w, https:\/\/vosgesinfo.fr\/app\/uploads\/sites\/6\/2026\/05\/exposition-valtart-tilleul-2-768x576.jpg 768w, https:\/\/vosgesinfo.fr\/app\/uploads\/sites\/6\/2026\/05\/exposition-valtart-tilleul-2-1536x1152.jpg 1536w, https:\/\/vosgesinfo.fr\/app\/uploads\/sites\/6\/2026\/05\/exposition-valtart-tilleul-2.jpg 1920w\" sizes=\"(max-width: 300px) 100vw, 300px\" \/><\/a>\n\t\t\t<\/dt><\/dl><br style=\"clear: both\" \/>\n\t\t<\/div>\n\n<p data-start=\"0\" data-end=\"226\"><strong>L&rsquo;<span class=\"hover:entity-accent entity-underline inline cursor-pointer align-baseline\"><span class=\"whitespace-normal\">association Valt\u2019Art<\/span><\/span> a investi, ce jeudi, l\u2019<span class=\"hover:entity-accent entity-underline inline cursor-pointer align-baseline\"><span class=\"whitespace-normal\">Espace Tilleul<\/span><\/span> pour y installer une exposition qui promet de bousculer les regards jusqu\u2019au 10 mai.<\/strong><\/p>\n<p data-start=\"228\" data-end=\"668\">Sous la pr\u00e9sidence de <span class=\"hover:entity-accent entity-underline inline cursor-pointer align-baseline\"><span class=\"whitespace-normal\">Philippe Conti-Zhendre<\/span><\/span>, cette nouvelle exposition rassemble une douzaine d\u2019artistes venus de Saint-Di\u00e9, d\u2019Alsace et de G\u00e9rardmer. Enseignant \u00e0 l\u2019\u00c9ducation nationale, ancien \u00e9l\u00e8ve des Arts d\u00e9coratifs de Strasbourg et de Paris, directeur de l\u2019\u00e9cole d\u2019art de Saint-Di\u00e9 et fondateur d\u2019une \u00e9cole de stylisme \u00e0 Paris, le pr\u00e9sident a souhait\u00e9 r\u00e9unir ses \u00ab \u00e9l\u00e8ves \u00bb autour d\u2019un projet commun ax\u00e9 sur la libert\u00e9 de cr\u00e9ation.<\/p>\n<p data-start=\"670\" data-end=\"1202\"><a href=\"https:\/\/vosgesinfo.fr\/app\/uploads\/sites\/6\/2026\/05\/du-figuratif-a-labstrait.jpg\"><img decoding=\"async\" class=\"alignright size-medium wp-image-90971\" src=\"https:\/\/vosgesinfo.fr\/app\/uploads\/sites\/6\/2026\/05\/du-figuratif-a-labstrait-300x225.jpg\" alt=\"\" width=\"300\" height=\"225\" srcset=\"https:\/\/vosgesinfo.fr\/app\/uploads\/sites\/6\/2026\/05\/du-figuratif-a-labstrait-300x225.jpg 300w, https:\/\/vosgesinfo.fr\/app\/uploads\/sites\/6\/2026\/05\/du-figuratif-a-labstrait-1024x768.jpg 1024w, https:\/\/vosgesinfo.fr\/app\/uploads\/sites\/6\/2026\/05\/du-figuratif-a-labstrait-768x576.jpg 768w, https:\/\/vosgesinfo.fr\/app\/uploads\/sites\/6\/2026\/05\/du-figuratif-a-labstrait-1536x1152.jpg 1536w, https:\/\/vosgesinfo.fr\/app\/uploads\/sites\/6\/2026\/05\/du-figuratif-a-labstrait.jpg 1920w\" sizes=\"(max-width: 300px) 100vw, 300px\" \/><\/a>D\u00e8s l\u2019installation, le ton est donn\u00e9 : ici, les codes traditionnels de l\u2019exposition sont volontairement bouscul\u00e9s. Les \u0153uvres explorent des axes vari\u00e9s allant du non-figuratif \u00e0 la figuration sugg\u00e9r\u00e9e, jusqu\u2019\u00e0 des formes de transgression artistique qui d\u00e9passent la simple repr\u00e9sentation du r\u00e9el. Cette diversit\u00e9 se retrouve \u00e9galement dans les mat\u00e9riaux utilis\u00e9s, avec notamment l\u2019introduction du Kapamount, une plaque innovante m\u00ealant mousse rigide, aluminium et carton.<\/p>\n<p data-start=\"1204\" data-end=\"1531\">L\u2019exposition se distingue \u00e9galement par un v\u00e9ritable travail sur la libert\u00e9 picturale. Chaque artiste choisit son format, sa technique, son langage. \u00ab La cr\u00e9ativit\u00e9, c\u2019est la libert\u00e9 \u00bb, r\u00e9sume Philippe Conti-Zhendre. Une philosophie qui se traduit par des \u0153uvres \u00e9clectiques, invitant le visiteur \u00e0 un parcours sensoriel et introspectif. Au fil des chevalets, les univers se succ\u00e8dent : une ode \u00e0 la nature sign\u00e9e <span class=\"hover:entity-accent entity-underline inline cursor-pointer align-baseline\"><span class=\"whitespace-normal\">Mich\u00e8le Thirion<\/span><\/span>, une sc\u00e8ne poignante \u00e9voquant la solitude d\u2019une fin de vie accompagn\u00e9e d\u2019un smartphone, ou encore des couchers de soleil vibrants. \u00c0 noter \u00e9galement le travail remarquable d\u2019un peintre octog\u00e9naire capable de naviguer avec aisance entre figuration et abstraction.<\/p>\n<p data-start=\"1911\" data-end=\"2194\">Une invitation au partage, \u00e0 prendre le temps de regarder, de contempler et de se laisser porter par les \u00e9motions.<\/p>\n<p data-start=\"2196\" data-end=\"2326\"><strong data-start=\"2196\" data-end=\"2217\">Infos pratiques :<\/strong><br data-start=\"2217\" data-end=\"2220\" \/>Exposition ouverte tous les jours de 14h00 \u00e0 18h00, jusqu\u2019au 10 mai \u00e0 l\u2019Espace Tilleul.<\/p>\n<p data-start=\"2196\" data-end=\"2326\">Entr\u00e9e libre.<\/p>\n","protected":false},"excerpt":{"rendered":"<p>L&rsquo;association Valt\u2019Art a investi, ce jeudi, l\u2019Espace Tilleul pour y installer une exposition qui promet de bousculer les regards jusqu\u2019au [&hellip;]<\/p>\n","protected":false},"author":42,"featured_media":90973,"comment_status":"open","ping_status":"open","sticky":false,"template":"","format":"standard","meta":{"footnotes":""},"categories":[20,4,5647],"tags":[55,1024],"class_list":["post-90970","post","type-post","status-publish","format-standard","has-post-thumbnail","hentry","category-a-la-une","category-culture","category-gerardmer-autres-sites","tag-espace-tilleul","tag-valtart"],"acf":[],"yoast_head":"<!-- This site is optimized with the Yoast SEO plugin v22.5 - https:\/\/yoast.com\/wordpress\/plugins\/seo\/ -->\n<title>Exposition - Le Valt\u2019Art bouscule les regards et invite au partage - Gerardmer Info<\/title>\n<meta name=\"robots\" content=\"index, follow, max-snippet:-1, max-image-preview:large, max-video-preview:-1\" \/>\n<link rel=\"canonical\" href=\"https:\/\/vosgesinfo.fr\/gerardmerinfo\/2026\/05\/exposition-le-valtart-bouscule-les-regards-et-invite-au-partage\/\" \/>\n<meta name=\"twitter:card\" content=\"summary_large_image\" \/>\n<meta name=\"twitter:title\" content=\"Exposition - Le Valt\u2019Art bouscule les regards et invite au partage - Gerardmer Info\" \/>\n<meta name=\"twitter:description\" content=\"L&rsquo;association Valt\u2019Art a investi, ce jeudi, l\u2019Espace Tilleul pour y installer une exposition qui promet de bousculer les regards jusqu\u2019au [&hellip;]\" \/>\n<meta name=\"twitter:image\" content=\"https:\/\/vosgesinfo.fr\/app\/uploads\/sites\/6\/2026\/05\/exposition-valtart-tilleul-3.jpg\" \/>\n<meta name=\"twitter:creator\" content=\"@VosgesInfo88\" \/>\n<meta name=\"twitter:site\" content=\"@VosgesInfo88\" \/>\n<meta name=\"twitter:label1\" content=\"\u00c9crit par\" \/>\n\t<meta name=\"twitter:data1\" content=\"QG\" \/>\n\t<meta name=\"twitter:label2\" content=\"Dur\u00e9e de lecture estim\u00e9e\" \/>\n\t<meta name=\"twitter:data2\" content=\"3 minutes\" \/>\n<script type=\"application\/ld+json\" class=\"yoast-schema-graph\">{\"@context\":\"https:\/\/schema.org\",\"@graph\":[{\"@type\":\"Article\",\"@id\":\"https:\/\/vosgesinfo.fr\/gerardmerinfo\/2026\/05\/exposition-le-valtart-bouscule-les-regards-et-invite-au-partage\/#article\",\"isPartOf\":{\"@id\":\"https:\/\/vosgesinfo.fr\/gerardmerinfo\/2026\/05\/exposition-le-valtart-bouscule-les-regards-et-invite-au-partage\/\"},\"author\":{\"name\":\"QG\",\"@id\":\"https:\/\/vosgesinfo.fr\/gerardmerinfo\/#\/schema\/person\/db5605779a843dad16b5368f3e7613a5\"},\"headline\":\"Exposition &#8211; Le Valt\u2019Art bouscule les regards et invite au partage\",\"datePublished\":\"2026-05-02T03:54:25+00:00\",\"dateModified\":\"2026-05-01T16:47:16+00:00\",\"mainEntityOfPage\":{\"@id\":\"https:\/\/vosgesinfo.fr\/gerardmerinfo\/2026\/05\/exposition-le-valtart-bouscule-les-regards-et-invite-au-partage\/\"},\"wordCount\":349,\"commentCount\":0,\"publisher\":{\"@id\":\"https:\/\/vosgesinfo.fr\/gerardmerinfo\/#organization\"},\"image\":{\"@id\":\"https:\/\/vosgesinfo.fr\/gerardmerinfo\/2026\/05\/exposition-le-valtart-bouscule-les-regards-et-invite-au-partage\/#primaryimage\"},\"thumbnailUrl\":\"https:\/\/vosgesinfo.fr\/app\/uploads\/sites\/6\/2026\/05\/exposition-valtart-tilleul-3.jpg\",\"keywords\":[\"espace tilleul\",\"Valt'Art\"],\"articleSection\":[\"A la une\",\"Culture\",\"Gerardmer\"],\"inLanguage\":\"fr-FR\",\"potentialAction\":[{\"@type\":\"CommentAction\",\"name\":\"Comment\",\"target\":[\"https:\/\/vosgesinfo.fr\/gerardmerinfo\/2026\/05\/exposition-le-valtart-bouscule-les-regards-et-invite-au-partage\/#respond\"]}]},{\"@type\":\"WebPage\",\"@id\":\"https:\/\/vosgesinfo.fr\/gerardmerinfo\/2026\/05\/exposition-le-valtart-bouscule-les-regards-et-invite-au-partage\/\",\"url\":\"https:\/\/vosgesinfo.fr\/gerardmerinfo\/2026\/05\/exposition-le-valtart-bouscule-les-regards-et-invite-au-partage\/\",\"name\":\"Exposition - Le Valt\u2019Art bouscule les regards et invite au partage - Gerardmer Info\",\"isPartOf\":{\"@id\":\"https:\/\/vosgesinfo.fr\/gerardmerinfo\/#website\"},\"primaryImageOfPage\":{\"@id\":\"https:\/\/vosgesinfo.fr\/gerardmerinfo\/2026\/05\/exposition-le-valtart-bouscule-les-regards-et-invite-au-partage\/#primaryimage\"},\"image\":{\"@id\":\"https:\/\/vosgesinfo.fr\/gerardmerinfo\/2026\/05\/exposition-le-valtart-bouscule-les-regards-et-invite-au-partage\/#primaryimage\"},\"thumbnailUrl\":\"https:\/\/vosgesinfo.fr\/app\/uploads\/sites\/6\/2026\/05\/exposition-valtart-tilleul-3.jpg\",\"datePublished\":\"2026-05-02T03:54:25+00:00\",\"dateModified\":\"2026-05-01T16:47:16+00:00\",\"breadcrumb\":{\"@id\":\"https:\/\/vosgesinfo.fr\/gerardmerinfo\/2026\/05\/exposition-le-valtart-bouscule-les-regards-et-invite-au-partage\/#breadcrumb\"},\"inLanguage\":\"fr-FR\",\"potentialAction\":[{\"@type\":\"ReadAction\",\"target\":[\"https:\/\/vosgesinfo.fr\/gerardmerinfo\/2026\/05\/exposition-le-valtart-bouscule-les-regards-et-invite-au-partage\/\"]}]},{\"@type\":\"ImageObject\",\"inLanguage\":\"fr-FR\",\"@id\":\"https:\/\/vosgesinfo.fr\/gerardmerinfo\/2026\/05\/exposition-le-valtart-bouscule-les-regards-et-invite-au-partage\/#primaryimage\",\"url\":\"https:\/\/vosgesinfo.fr\/app\/uploads\/sites\/6\/2026\/05\/exposition-valtart-tilleul-3.jpg\",\"contentUrl\":\"https:\/\/vosgesinfo.fr\/app\/uploads\/sites\/6\/2026\/05\/exposition-valtart-tilleul-3.jpg\",\"width\":1920,\"height\":1440},{\"@type\":\"BreadcrumbList\",\"@id\":\"https:\/\/vosgesinfo.fr\/gerardmerinfo\/2026\/05\/exposition-le-valtart-bouscule-les-regards-et-invite-au-partage\/#breadcrumb\",\"itemListElement\":[{\"@type\":\"ListItem\",\"position\":1,\"name\":\"Home\",\"item\":\"https:\/\/vosgesinfo.fr\/gerardmerinfo\/\"},{\"@type\":\"ListItem\",\"position\":2,\"name\":\"Exposition &#8211; Le Valt\u2019Art bouscule les regards et invite au partage\"}]},{\"@type\":\"WebSite\",\"@id\":\"https:\/\/vosgesinfo.fr\/gerardmerinfo\/#website\",\"url\":\"https:\/\/vosgesinfo.fr\/gerardmerinfo\/\",\"name\":\"Gerardmer Info\",\"description\":\"Toute l&#039;actualit\u00e9 de G\u00e9rardmer\",\"publisher\":{\"@id\":\"https:\/\/vosgesinfo.fr\/gerardmerinfo\/#organization\"},\"alternateName\":\"Toute l'actualit\u00e9 de G\u00e9rardmer\",\"potentialAction\":[{\"@type\":\"SearchAction\",\"target\":{\"@type\":\"EntryPoint\",\"urlTemplate\":\"https:\/\/vosgesinfo.fr\/gerardmerinfo\/?s={search_term_string}\"},\"query-input\":\"required name=search_term_string\"}],\"inLanguage\":\"fr-FR\"},{\"@type\":\"Organization\",\"@id\":\"https:\/\/vosgesinfo.fr\/gerardmerinfo\/#organization\",\"name\":\"Gerardmer Info\",\"url\":\"https:\/\/vosgesinfo.fr\/gerardmerinfo\/\",\"logo\":{\"@type\":\"ImageObject\",\"inLanguage\":\"fr-FR\",\"@id\":\"https:\/\/vosgesinfo.fr\/gerardmerinfo\/#\/schema\/logo\/image\/\",\"url\":\"https:\/\/vosgesinfo.fr\/app\/uploads\/sites\/6\/2023\/08\/favicon-gerardmerinfo.png\",\"contentUrl\":\"https:\/\/vosgesinfo.fr\/app\/uploads\/sites\/6\/2023\/08\/favicon-gerardmerinfo.png\",\"width\":512,\"height\":512,\"caption\":\"Gerardmer Info\"},\"image\":{\"@id\":\"https:\/\/vosgesinfo.fr\/gerardmerinfo\/#\/schema\/logo\/image\/\"},\"sameAs\":[\"https:\/\/www.facebook.com\/profile.php?id=100049475262660\",\"https:\/\/x.com\/VosgesInfo88\",\"https:\/\/www.youtube.com\/@vosgesinfo\"]},{\"@type\":\"Person\",\"@id\":\"https:\/\/vosgesinfo.fr\/gerardmerinfo\/#\/schema\/person\/db5605779a843dad16b5368f3e7613a5\",\"name\":\"QG\",\"image\":{\"@type\":\"ImageObject\",\"inLanguage\":\"fr-FR\",\"@id\":\"https:\/\/vosgesinfo.fr\/gerardmerinfo\/#\/schema\/person\/image\/\",\"url\":\"https:\/\/secure.gravatar.com\/avatar\/ea80c42c204b534408512832fde52504ecabb9706bcb6151cf6175e5b64e6793?s=96&d=mm&r=g\",\"contentUrl\":\"https:\/\/secure.gravatar.com\/avatar\/ea80c42c204b534408512832fde52504ecabb9706bcb6151cf6175e5b64e6793?s=96&d=mm&r=g\",\"caption\":\"QG\"},\"url\":\"https:\/\/vosgesinfo.fr\/gerardmerinfo\/author\/quentin88\/\"}]}<\/script>\n<!-- \/ Yoast SEO plugin. -->","yoast_head_json":{"title":"Exposition - Le Valt\u2019Art bouscule les regards et invite au partage - Gerardmer Info","robots":{"index":"index","follow":"follow","max-snippet":"max-snippet:-1","max-image-preview":"max-image-preview:large","max-video-preview":"max-video-preview:-1"},"canonical":"https:\/\/vosgesinfo.fr\/gerardmerinfo\/2026\/05\/exposition-le-valtart-bouscule-les-regards-et-invite-au-partage\/","twitter_card":"summary_large_image","twitter_title":"Exposition - Le Valt\u2019Art bouscule les regards et invite au partage - Gerardmer Info","twitter_description":"L&rsquo;association Valt\u2019Art a investi, ce jeudi, l\u2019Espace Tilleul pour y installer une exposition qui promet de bousculer les regards jusqu\u2019au [&hellip;]","twitter_image":"https:\/\/vosgesinfo.fr\/app\/uploads\/sites\/6\/2026\/05\/exposition-valtart-tilleul-3.jpg","twitter_creator":"@VosgesInfo88","twitter_site":"@VosgesInfo88","twitter_misc":{"\u00c9crit par":"QG","Dur\u00e9e de lecture estim\u00e9e":"3 minutes"},"schema":{"@context":"https:\/\/schema.org","@graph":[{"@type":"Article","@id":"https:\/\/vosgesinfo.fr\/gerardmerinfo\/2026\/05\/exposition-le-valtart-bouscule-les-regards-et-invite-au-partage\/#article","isPartOf":{"@id":"https:\/\/vosgesinfo.fr\/gerardmerinfo\/2026\/05\/exposition-le-valtart-bouscule-les-regards-et-invite-au-partage\/"},"author":{"name":"QG","@id":"https:\/\/vosgesinfo.fr\/gerardmerinfo\/#\/schema\/person\/db5605779a843dad16b5368f3e7613a5"},"headline":"Exposition &#8211; Le Valt\u2019Art bouscule les regards et invite au partage","datePublished":"2026-05-02T03:54:25+00:00","dateModified":"2026-05-01T16:47:16+00:00","mainEntityOfPage":{"@id":"https:\/\/vosgesinfo.fr\/gerardmerinfo\/2026\/05\/exposition-le-valtart-bouscule-les-regards-et-invite-au-partage\/"},"wordCount":349,"commentCount":0,"publisher":{"@id":"https:\/\/vosgesinfo.fr\/gerardmerinfo\/#organization"},"image":{"@id":"https:\/\/vosgesinfo.fr\/gerardmerinfo\/2026\/05\/exposition-le-valtart-bouscule-les-regards-et-invite-au-partage\/#primaryimage"},"thumbnailUrl":"https:\/\/vosgesinfo.fr\/app\/uploads\/sites\/6\/2026\/05\/exposition-valtart-tilleul-3.jpg","keywords":["espace tilleul","Valt'Art"],"articleSection":["A la une","Culture","Gerardmer"],"inLanguage":"fr-FR","potentialAction":[{"@type":"CommentAction","name":"Comment","target":["https:\/\/vosgesinfo.fr\/gerardmerinfo\/2026\/05\/exposition-le-valtart-bouscule-les-regards-et-invite-au-partage\/#respond"]}]},{"@type":"WebPage","@id":"https:\/\/vosgesinfo.fr\/gerardmerinfo\/2026\/05\/exposition-le-valtart-bouscule-les-regards-et-invite-au-partage\/","url":"https:\/\/vosgesinfo.fr\/gerardmerinfo\/2026\/05\/exposition-le-valtart-bouscule-les-regards-et-invite-au-partage\/","name":"Exposition - Le Valt\u2019Art bouscule les regards et invite au partage - Gerardmer Info","isPartOf":{"@id":"https:\/\/vosgesinfo.fr\/gerardmerinfo\/#website"},"primaryImageOfPage":{"@id":"https:\/\/vosgesinfo.fr\/gerardmerinfo\/2026\/05\/exposition-le-valtart-bouscule-les-regards-et-invite-au-partage\/#primaryimage"},"image":{"@id":"https:\/\/vosgesinfo.fr\/gerardmerinfo\/2026\/05\/exposition-le-valtart-bouscule-les-regards-et-invite-au-partage\/#primaryimage"},"thumbnailUrl":"https:\/\/vosgesinfo.fr\/app\/uploads\/sites\/6\/2026\/05\/exposition-valtart-tilleul-3.jpg","datePublished":"2026-05-02T03:54:25+00:00","dateModified":"2026-05-01T16:47:16+00:00","breadcrumb":{"@id":"https:\/\/vosgesinfo.fr\/gerardmerinfo\/2026\/05\/exposition-le-valtart-bouscule-les-regards-et-invite-au-partage\/#breadcrumb"},"inLanguage":"fr-FR","potentialAction":[{"@type":"ReadAction","target":["https:\/\/vosgesinfo.fr\/gerardmerinfo\/2026\/05\/exposition-le-valtart-bouscule-les-regards-et-invite-au-partage\/"]}]},{"@type":"ImageObject","inLanguage":"fr-FR","@id":"https:\/\/vosgesinfo.fr\/gerardmerinfo\/2026\/05\/exposition-le-valtart-bouscule-les-regards-et-invite-au-partage\/#primaryimage","url":"https:\/\/vosgesinfo.fr\/app\/uploads\/sites\/6\/2026\/05\/exposition-valtart-tilleul-3.jpg","contentUrl":"https:\/\/vosgesinfo.fr\/app\/uploads\/sites\/6\/2026\/05\/exposition-valtart-tilleul-3.jpg","width":1920,"height":1440},{"@type":"BreadcrumbList","@id":"https:\/\/vosgesinfo.fr\/gerardmerinfo\/2026\/05\/exposition-le-valtart-bouscule-les-regards-et-invite-au-partage\/#breadcrumb","itemListElement":[{"@type":"ListItem","position":1,"name":"Home","item":"https:\/\/vosgesinfo.fr\/gerardmerinfo\/"},{"@type":"ListItem","position":2,"name":"Exposition &#8211; Le Valt\u2019Art bouscule les regards et invite au partage"}]},{"@type":"WebSite","@id":"https:\/\/vosgesinfo.fr\/gerardmerinfo\/#website","url":"https:\/\/vosgesinfo.fr\/gerardmerinfo\/","name":"Gerardmer Info","description":"Toute l&#039;actualit\u00e9 de G\u00e9rardmer","publisher":{"@id":"https:\/\/vosgesinfo.fr\/gerardmerinfo\/#organization"},"alternateName":"Toute l'actualit\u00e9 de G\u00e9rardmer","potentialAction":[{"@type":"SearchAction","target":{"@type":"EntryPoint","urlTemplate":"https:\/\/vosgesinfo.fr\/gerardmerinfo\/?s={search_term_string}"},"query-input":"required name=search_term_string"}],"inLanguage":"fr-FR"},{"@type":"Organization","@id":"https:\/\/vosgesinfo.fr\/gerardmerinfo\/#organization","name":"Gerardmer Info","url":"https:\/\/vosgesinfo.fr\/gerardmerinfo\/","logo":{"@type":"ImageObject","inLanguage":"fr-FR","@id":"https:\/\/vosgesinfo.fr\/gerardmerinfo\/#\/schema\/logo\/image\/","url":"https:\/\/vosgesinfo.fr\/app\/uploads\/sites\/6\/2023\/08\/favicon-gerardmerinfo.png","contentUrl":"https:\/\/vosgesinfo.fr\/app\/uploads\/sites\/6\/2023\/08\/favicon-gerardmerinfo.png","width":512,"height":512,"caption":"Gerardmer Info"},"image":{"@id":"https:\/\/vosgesinfo.fr\/gerardmerinfo\/#\/schema\/logo\/image\/"},"sameAs":["https:\/\/www.facebook.com\/profile.php?id=100049475262660","https:\/\/x.com\/VosgesInfo88","https:\/\/www.youtube.com\/@vosgesinfo"]},{"@type":"Person","@id":"https:\/\/vosgesinfo.fr\/gerardmerinfo\/#\/schema\/person\/db5605779a843dad16b5368f3e7613a5","name":"QG","image":{"@type":"ImageObject","inLanguage":"fr-FR","@id":"https:\/\/vosgesinfo.fr\/gerardmerinfo\/#\/schema\/person\/image\/","url":"https:\/\/secure.gravatar.com\/avatar\/ea80c42c204b534408512832fde52504ecabb9706bcb6151cf6175e5b64e6793?s=96&d=mm&r=g","contentUrl":"https:\/\/secure.gravatar.com\/avatar\/ea80c42c204b534408512832fde52504ecabb9706bcb6151cf6175e5b64e6793?s=96&d=mm&r=g","caption":"QG"},"url":"https:\/\/vosgesinfo.fr\/gerardmerinfo\/author\/quentin88\/"}]}},"_links":{"self":[{"href":"https:\/\/vosgesinfo.fr\/gerardmerinfo\/wp-json\/wp\/v2\/posts\/90970","targetHints":{"allow":["GET"]}}],"collection":[{"href":"https:\/\/vosgesinfo.fr\/gerardmerinfo\/wp-json\/wp\/v2\/posts"}],"about":[{"href":"https:\/\/vosgesinfo.fr\/gerardmerinfo\/wp-json\/wp\/v2\/types\/post"}],"author":[{"embeddable":true,"href":"https:\/\/vosgesinfo.fr\/gerardmerinfo\/wp-json\/wp\/v2\/users\/42"}],"replies":[{"embeddable":true,"href":"https:\/\/vosgesinfo.fr\/gerardmerinfo\/wp-json\/wp\/v2\/comments?post=90970"}],"version-history":[{"count":2,"href":"https:\/\/vosgesinfo.fr\/gerardmerinfo\/wp-json\/wp\/v2\/posts\/90970\/revisions"}],"predecessor-version":[{"id":90976,"href":"https:\/\/vosgesinfo.fr\/gerardmerinfo\/wp-json\/wp\/v2\/posts\/90970\/revisions\/90976"}],"wp:featuredmedia":[{"embeddable":true,"href":"https:\/\/vosgesinfo.fr\/gerardmerinfo\/wp-json\/wp\/v2\/media\/90973"}],"wp:attachment":[{"href":"https:\/\/vosgesinfo.fr\/gerardmerinfo\/wp-json\/wp\/v2\/media?parent=90970"}],"wp:term":[{"taxonomy":"category","embeddable":true,"href":"https:\/\/vosgesinfo.fr\/gerardmerinfo\/wp-json\/wp\/v2\/categories?post=90970"},{"taxonomy":"post_tag","embeddable":true,"href":"https:\/\/vosgesinfo.fr\/gerardmerinfo\/wp-json\/wp\/v2\/tags?post=90970"}],"curies":[{"name":"wp","href":"https:\/\/api.w.org\/{rel}","templated":true}]}}