{"id":95228,"date":"2026-08-31T05:52:16","date_gmt":"2026-08-31T03:52:16","guid":{"rendered":"https:\/\/vosgesinfo.fr\/gerardmerinfo\/?p=95228"},"modified":"2026-08-29T18:46:06","modified_gmt":"2026-08-29T16:46:06","slug":"inscriptions-catechisme-aumonerie","status":"publish","type":"post","link":"https:\/\/vosgesinfo.fr\/gerardmerinfo\/2026\/08\/inscriptions-catechisme-aumonerie\/","title":{"rendered":"INSCRIPTIONS &#8211; CAT\u00c9CHISME &#038; AUM\u00d4NERIE"},"content":{"rendered":"<p class=\"western\" align=\"center\">\n<p class=\"western\" align=\"center\"><span style=\"font-family: Arial, sans-serif;\"><span style=\"font-size: medium;\">PAROISSE SAINT GERARD DE LA VALLEE DES LACS:<\/span><\/span><\/p>\n<p class=\"western\" align=\"center\"><span style=\"font-family: Arial, sans-serif;\"><span style=\"font-size: medium;\">G\u00e9rardmer, Le Tholy, Liezey, Xonrupt.<\/span><\/span><\/p>\n<p class=\"western\" lang=\"en-US\" align=\"justify\"><span style=\"font-family: Arial, sans-serif;\"><span style=\"font-size: medium;\"><span lang=\"fr-FR\">Lors des rencontres de cat\u00e9chisme, les enfants sont r\u00e9partis en 2 groupes: les 5 \u00e0 7 ans avec \u00ab<\/span><\/span><\/span><span style=\"font-family: Arial, sans-serif;\"><span style=\"font-size: medium;\"><span lang=\"fr-FR\"><i>l\u2019\u00e9veil \u00e0 la foi\u00bb, <\/i><\/span><\/span><\/span><span style=\"font-family: Arial, sans-serif;\"><span style=\"font-size: medium;\"><span lang=\"fr-FR\">les 8 \u00e0 10 ans avec<\/span><\/span><\/span><span style=\"font-family: Arial, sans-serif;\"><span style=\"font-size: medium;\"><span lang=\"fr-FR\"><i> \u00able cat\u00e9chisme\u00bb.<\/i><\/span><\/span><\/span><\/p>\n<p class=\"western\" lang=\"en-US\" align=\"justify\"><span style=\"font-family: Arial, sans-serif;\"><span style=\"font-size: medium;\"><a href=\"https:\/\/vosgesinfo.fr\/app\/uploads\/sites\/6\/2026\/08\/forma-a5-inscript-2026.jpg\"><img decoding=\"async\" class=\"alignright size-medium wp-image-95229\" src=\"https:\/\/vosgesinfo.fr\/app\/uploads\/sites\/6\/2026\/08\/forma-a5-inscript-2026-211x300.jpg\" alt=\"\" width=\"211\" height=\"300\" srcset=\"https:\/\/vosgesinfo.fr\/app\/uploads\/sites\/6\/2026\/08\/forma-a5-inscript-2026-211x300.jpg 211w, https:\/\/vosgesinfo.fr\/app\/uploads\/sites\/6\/2026\/08\/forma-a5-inscript-2026-721x1024.jpg 721w, https:\/\/vosgesinfo.fr\/app\/uploads\/sites\/6\/2026\/08\/forma-a5-inscript-2026-768x1090.jpg 768w, https:\/\/vosgesinfo.fr\/app\/uploads\/sites\/6\/2026\/08\/forma-a5-inscript-2026-1082x1536.jpg 1082w, https:\/\/vosgesinfo.fr\/app\/uploads\/sites\/6\/2026\/08\/forma-a5-inscript-2026.jpg 1165w\" sizes=\"(max-width: 211px) 100vw, 211px\" \/><\/a>L\u2019\u00e9veil \u00e0 la foi, est un temps <\/span><\/span><span style=\"font-family: Arial, sans-serif;\"><span style=\"font-size: medium;\"><span lang=\"fr-FR\">de <\/span><\/span><\/span><span style=\"font-family: Arial, sans-serif;\"><span style=\"font-size: medium;\">d\u00e9couv<\/span><\/span><span style=\"font-family: Arial, sans-serif;\"><span style=\"font-size: medium;\"><span lang=\"fr-FR\">erte de<\/span><\/span><\/span><span style=\"font-family: Arial, sans-serif;\"><span style=\"font-size: medium;\"> la foi chr\u00e9tienne d\u2019une mani\u00e8re adapt\u00e9e \u00e0 leur \u00e2ge.<\/span><\/span><\/p>\n<p class=\"western\" lang=\"en-US\" align=\"justify\"><span style=\"font-family: Arial, sans-serif;\"><span style=\"font-size: medium;\">L\u2019objectif est de leur donner des rep\u00e8res et de cr\u00e9er un premier lien avec Dieu, tout en respectant leur rythme et leur capacit\u00e9 de compr\u00e9hension.<\/span><\/span><\/p>\n<p lang=\"en-US\" align=\"justify\"><span style=\"font-family: Times New Roman, serif;\"><span style=\"font-size: medium;\"><span style=\"font-family: Arial, sans-serif;\">Cette ann\u00e9e, l\u2019\u00e9veil \u00e0 la foi sera propos\u00e9 <\/span><span style=\"font-family: Arial, sans-serif;\"><b>un vendredi par mois<\/b><\/span><span style=\"font-family: Arial, sans-serif;\">, de <\/span><span style=\"font-family: Arial, sans-serif;\"><b>16h45 \u00e0 18h00<\/b><\/span><span style=\"font-family: Arial, sans-serif;\"><span lang=\"fr-FR\"><b>.<\/b><\/span><\/span><b> <\/b><span style=\"font-family: Arial, sans-serif;\">ce temps comprend un quart d\u2019heure <\/span><span style=\"font-family: Arial, sans-serif;\"><span lang=\"fr-FR\">de temps de pause et<\/span><\/span><span style=\"font-family: Arial, sans-serif;\"> go\u00fbter .\u00a0<\/span><\/span><\/span><\/p>\n<p align=\"justify\"><span style=\"font-family: Arial, sans-serif;\"><span style=\"font-size: medium;\">Pour les plus grands au cat\u00e9chisme,avec l\u2019aide d\u2019un livret, nous gardons les m\u00eames principes avec un approfondissement adapt\u00e9 \u00e0 leur \u00e2ge afin de pr\u00e9parer les enfants aux sacrements de r\u00e9conciliation et de l\u2019eucharistie ( la communion).<\/span><\/span><\/p>\n<p align=\"justify\"><span style=\"font-family: Arial, sans-serif;\"><span style=\"font-size: medium;\">Les rencontres seront hebdomadaires. L\u2019ann\u00e9e derni\u00e8re, le vendredi de 16h45 \u00e0 18h00 avait \u00e9t\u00e9 retenu. Il permettait au plus grand nombre d\u2019enfants de participer: A voir cette ann\u00e9e?<\/span><\/span><\/p>\n<p align=\"justify\"><span style=\"font-family: Arial, sans-serif;\"><span style=\"font-size: medium;\">Nous essayerons de tenir compte de la disponibilit\u00e9 des enfants pour fixer le jour.<\/span><\/span><\/p>\n<p align=\"justify\"><span style=\"font-family: Arial, sans-serif;\"><span style=\"font-size: medium;\">Pour les jeunes en coll\u00e8ge et lyc\u00e9e, les rencontres d\u2019aum\u00f4nerie seront mensuelles.<\/span><\/span><\/p>\n<p lang=\"en-US\" align=\"justify\"><span style=\"font-family: Times New Roman, serif;\"><span style=\"font-size: medium;\"><span style=\"font-family: Arial, sans-serif;\"><span style=\"font-size: large;\"><b>Les inscriptions <\/b><\/span><\/span><span style=\"font-family: Arial, sans-serif;\"><span style=\"font-size: large;\"><span lang=\"fr-FR\"><b>ont lieu<\/b><\/span><\/span><\/span><span style=\"font-family: Arial, sans-serif;\"><span style=\"font-size: large;\"><b> le 04 septembre entre 16h30 et 18h00 \u00e0 la salle Saint G\u00e9rard <\/b><\/span><\/span><span style=\"font-family: Arial, sans-serif;\"><span style=\"font-size: large;\"><span lang=\"fr-FR\"><b>au 9 rue de l\u2019\u00e9glise \u00e0<\/b><\/span><\/span><\/span><span style=\"font-family: Arial, sans-serif;\"><span style=\"font-size: large;\"><b> G\u00e9rardmer.<\/b><\/span><\/span><span style=\"font-family: Arial, sans-serif;\"><span style=\"font-size: large;\">\u00a0<\/span><\/span><\/span><\/span><\/p>\n<p align=\"justify\"><span style=\"font-family: Arial, sans-serif;\"><span style=\"font-size: medium;\">Une participation de 30 euros sera demand\u00e9e: livrets, photocopies, chauffage des salles, &#8230;<\/span><\/span><\/p>\n<p lang=\"en-US\" align=\"justify\"><span style=\"font-family: Times New Roman, serif;\"><span style=\"font-size: medium;\"><span style=\"font-family: Arial, sans-serif;\"><span style=\"font-size: large;\"><span lang=\"fr-FR\">Petit changement cette ann\u00e9e, <\/span><\/span><\/span><span style=\"font-family: Arial, sans-serif;\"><span style=\"font-size: large;\"><span lang=\"fr-FR\"><b>la b\u00e9n\u00e9diction des cartables aura lieu \u00e0 l\u2019\u00e9cole Notre Dame mardi 15 septembre. <\/b><\/span><\/span><\/span> <span style=\"font-family: Arial, sans-serif;\"><span style=\"font-size: large;\"><span lang=\"fr-FR\"><b>A<\/b><\/span><\/span><\/span> <span style=\"font-family: Arial, sans-serif;\"><span style=\"font-size: large;\"><span lang=\"fr-FR\"><b> 18H30 <\/b><\/span><\/span><\/span><span style=\"font-family: Arial, sans-serif;\"><span style=\"font-size: large;\"><span lang=\"fr-FR\">afin d\u2019accueillir les coll\u00e8giens et lyc\u00e9ens.<\/span><\/span><\/span><\/span><\/span><\/p>\n<p align=\"justify\"><span style=\"font-family: Arial, sans-serif;\"><span style=\"font-size: medium;\">P\u00e8re Gilbert: Cur\u00e9 de notre paroisse, les cat\u00e9chistes.<\/span><\/span><\/p>\n<p align=\"justify\"><span style=\"font-family: Arial, sans-serif;\"><span style=\"font-size: medium;\"><b>CONTACT: 06 88 76 27 13<\/b><\/span><\/span><\/p>\n","protected":false},"excerpt":{"rendered":"<p>PAROISSE SAINT GERARD DE LA VALLEE DES LACS: G\u00e9rardmer, Le Tholy, Liezey, Xonrupt. Lors des rencontres de cat\u00e9chisme, les enfants [&hellip;]<\/p>\n","protected":false},"author":391,"featured_media":95229,"comment_status":"open","ping_status":"open","sticky":false,"template":"","format":"standard","meta":{"footnotes":""},"categories":[20,5647,17],"tags":[],"class_list":["post-95228","post","type-post","status-publish","format-standard","has-post-thumbnail","hentry","category-a-la-une","category-gerardmer-autres-sites","category-vie-associative"],"acf":[],"yoast_head":"<!-- This site is optimized with the Yoast SEO plugin v22.5 - https:\/\/yoast.com\/wordpress\/plugins\/seo\/ -->\n<title>INSCRIPTIONS - CAT\u00c9CHISME &amp; AUM\u00d4NERIE - Gerardmer Info<\/title>\n<meta name=\"robots\" content=\"index, follow, max-snippet:-1, max-image-preview:large, max-video-preview:-1\" \/>\n<link rel=\"canonical\" href=\"https:\/\/vosgesinfo.fr\/gerardmerinfo\/2026\/08\/inscriptions-catechisme-aumonerie\/\" \/>\n<meta name=\"twitter:card\" content=\"summary_large_image\" \/>\n<meta name=\"twitter:title\" content=\"INSCRIPTIONS - CAT\u00c9CHISME &amp; AUM\u00d4NERIE - Gerardmer Info\" \/>\n<meta name=\"twitter:description\" content=\"PAROISSE SAINT GERARD DE LA VALLEE DES LACS: G\u00e9rardmer, Le Tholy, Liezey, Xonrupt. Lors des rencontres de cat\u00e9chisme, les enfants [&hellip;]\" \/>\n<meta name=\"twitter:image\" content=\"https:\/\/vosgesinfo.fr\/app\/uploads\/sites\/6\/2026\/08\/forma-a5-inscript-2026.jpg\" \/>\n<meta name=\"twitter:creator\" content=\"@VosgesInfo88\" \/>\n<meta name=\"twitter:site\" content=\"@VosgesInfo88\" \/>\n<meta name=\"twitter:label1\" content=\"\u00c9crit par\" \/>\n\t<meta name=\"twitter:data1\" content=\"La redaction\" \/>\n\t<meta name=\"twitter:label2\" content=\"Dur\u00e9e de lecture estim\u00e9e\" \/>\n\t<meta name=\"twitter:data2\" content=\"2 minutes\" \/>\n<script type=\"application\/ld+json\" class=\"yoast-schema-graph\">{\"@context\":\"https:\/\/schema.org\",\"@graph\":[{\"@type\":\"Article\",\"@id\":\"https:\/\/vosgesinfo.fr\/gerardmerinfo\/2026\/08\/inscriptions-catechisme-aumonerie\/#article\",\"isPartOf\":{\"@id\":\"https:\/\/vosgesinfo.fr\/gerardmerinfo\/2026\/08\/inscriptions-catechisme-aumonerie\/\"},\"author\":{\"name\":\"La redaction\",\"@id\":\"https:\/\/vosgesinfo.fr\/gerardmerinfo\/#\/schema\/person\/27a3695b06db98895b354c0765cdfc31\"},\"headline\":\"INSCRIPTIONS &#8211; CAT\u00c9CHISME &#038; AUM\u00d4NERIE\",\"datePublished\":\"2026-08-31T03:52:16+00:00\",\"dateModified\":\"2026-08-29T16:46:06+00:00\",\"mainEntityOfPage\":{\"@id\":\"https:\/\/vosgesinfo.fr\/gerardmerinfo\/2026\/08\/inscriptions-catechisme-aumonerie\/\"},\"wordCount\":308,\"commentCount\":0,\"publisher\":{\"@id\":\"https:\/\/vosgesinfo.fr\/gerardmerinfo\/#organization\"},\"image\":{\"@id\":\"https:\/\/vosgesinfo.fr\/gerardmerinfo\/2026\/08\/inscriptions-catechisme-aumonerie\/#primaryimage\"},\"thumbnailUrl\":\"https:\/\/vosgesinfo.fr\/app\/uploads\/sites\/6\/2026\/08\/forma-a5-inscript-2026.jpg\",\"articleSection\":[\"A la une\",\"Gerardmer\",\"Vie Associative\"],\"inLanguage\":\"fr-FR\",\"potentialAction\":[{\"@type\":\"CommentAction\",\"name\":\"Comment\",\"target\":[\"https:\/\/vosgesinfo.fr\/gerardmerinfo\/2026\/08\/inscriptions-catechisme-aumonerie\/#respond\"]}]},{\"@type\":\"WebPage\",\"@id\":\"https:\/\/vosgesinfo.fr\/gerardmerinfo\/2026\/08\/inscriptions-catechisme-aumonerie\/\",\"url\":\"https:\/\/vosgesinfo.fr\/gerardmerinfo\/2026\/08\/inscriptions-catechisme-aumonerie\/\",\"name\":\"INSCRIPTIONS - CAT\u00c9CHISME & AUM\u00d4NERIE - Gerardmer Info\",\"isPartOf\":{\"@id\":\"https:\/\/vosgesinfo.fr\/gerardmerinfo\/#website\"},\"primaryImageOfPage\":{\"@id\":\"https:\/\/vosgesinfo.fr\/gerardmerinfo\/2026\/08\/inscriptions-catechisme-aumonerie\/#primaryimage\"},\"image\":{\"@id\":\"https:\/\/vosgesinfo.fr\/gerardmerinfo\/2026\/08\/inscriptions-catechisme-aumonerie\/#primaryimage\"},\"thumbnailUrl\":\"https:\/\/vosgesinfo.fr\/app\/uploads\/sites\/6\/2026\/08\/forma-a5-inscript-2026.jpg\",\"datePublished\":\"2026-08-31T03:52:16+00:00\",\"dateModified\":\"2026-08-29T16:46:06+00:00\",\"breadcrumb\":{\"@id\":\"https:\/\/vosgesinfo.fr\/gerardmerinfo\/2026\/08\/inscriptions-catechisme-aumonerie\/#breadcrumb\"},\"inLanguage\":\"fr-FR\",\"potentialAction\":[{\"@type\":\"ReadAction\",\"target\":[\"https:\/\/vosgesinfo.fr\/gerardmerinfo\/2026\/08\/inscriptions-catechisme-aumonerie\/\"]}]},{\"@type\":\"ImageObject\",\"inLanguage\":\"fr-FR\",\"@id\":\"https:\/\/vosgesinfo.fr\/gerardmerinfo\/2026\/08\/inscriptions-catechisme-aumonerie\/#primaryimage\",\"url\":\"https:\/\/vosgesinfo.fr\/app\/uploads\/sites\/6\/2026\/08\/forma-a5-inscript-2026.jpg\",\"contentUrl\":\"https:\/\/vosgesinfo.fr\/app\/uploads\/sites\/6\/2026\/08\/forma-a5-inscript-2026.jpg\",\"width\":1165,\"height\":1654},{\"@type\":\"BreadcrumbList\",\"@id\":\"https:\/\/vosgesinfo.fr\/gerardmerinfo\/2026\/08\/inscriptions-catechisme-aumonerie\/#breadcrumb\",\"itemListElement\":[{\"@type\":\"ListItem\",\"position\":1,\"name\":\"Home\",\"item\":\"https:\/\/vosgesinfo.fr\/gerardmerinfo\/\"},{\"@type\":\"ListItem\",\"position\":2,\"name\":\"INSCRIPTIONS &#8211; CAT\u00c9CHISME &#038; AUM\u00d4NERIE\"}]},{\"@type\":\"WebSite\",\"@id\":\"https:\/\/vosgesinfo.fr\/gerardmerinfo\/#website\",\"url\":\"https:\/\/vosgesinfo.fr\/gerardmerinfo\/\",\"name\":\"Gerardmer Info\",\"description\":\"Toute l&#039;actualit\u00e9 de G\u00e9rardmer\",\"publisher\":{\"@id\":\"https:\/\/vosgesinfo.fr\/gerardmerinfo\/#organization\"},\"alternateName\":\"Toute l'actualit\u00e9 de G\u00e9rardmer\",\"potentialAction\":[{\"@type\":\"SearchAction\",\"target\":{\"@type\":\"EntryPoint\",\"urlTemplate\":\"https:\/\/vosgesinfo.fr\/gerardmerinfo\/?s={search_term_string}\"},\"query-input\":\"required name=search_term_string\"}],\"inLanguage\":\"fr-FR\"},{\"@type\":\"Organization\",\"@id\":\"https:\/\/vosgesinfo.fr\/gerardmerinfo\/#organization\",\"name\":\"Gerardmer Info\",\"url\":\"https:\/\/vosgesinfo.fr\/gerardmerinfo\/\",\"logo\":{\"@type\":\"ImageObject\",\"inLanguage\":\"fr-FR\",\"@id\":\"https:\/\/vosgesinfo.fr\/gerardmerinfo\/#\/schema\/logo\/image\/\",\"url\":\"https:\/\/vosgesinfo.fr\/app\/uploads\/sites\/6\/2023\/08\/favicon-gerardmerinfo.png\",\"contentUrl\":\"https:\/\/vosgesinfo.fr\/app\/uploads\/sites\/6\/2023\/08\/favicon-gerardmerinfo.png\",\"width\":512,\"height\":512,\"caption\":\"Gerardmer Info\"},\"image\":{\"@id\":\"https:\/\/vosgesinfo.fr\/gerardmerinfo\/#\/schema\/logo\/image\/\"},\"sameAs\":[\"https:\/\/www.facebook.com\/profile.php?id=100049475262660\",\"https:\/\/x.com\/VosgesInfo88\",\"https:\/\/www.youtube.com\/@vosgesinfo\"]},{\"@type\":\"Person\",\"@id\":\"https:\/\/vosgesinfo.fr\/gerardmerinfo\/#\/schema\/person\/27a3695b06db98895b354c0765cdfc31\",\"name\":\"La redaction\",\"image\":{\"@type\":\"ImageObject\",\"inLanguage\":\"fr-FR\",\"@id\":\"https:\/\/vosgesinfo.fr\/gerardmerinfo\/#\/schema\/person\/image\/\",\"url\":\"https:\/\/secure.gravatar.com\/avatar\/64c76a78e501cedee55736f43f332df901e1896ae9cd8fad269ae2236dd0e8b6?s=96&d=mm&r=g\",\"contentUrl\":\"https:\/\/secure.gravatar.com\/avatar\/64c76a78e501cedee55736f43f332df901e1896ae9cd8fad269ae2236dd0e8b6?s=96&d=mm&r=g\",\"caption\":\"La redaction\"},\"url\":\"https:\/\/vosgesinfo.fr\/gerardmerinfo\/author\/la-redaction\/\"}]}<\/script>\n<!-- \/ Yoast SEO plugin. -->","yoast_head_json":{"title":"INSCRIPTIONS - CAT\u00c9CHISME & AUM\u00d4NERIE - Gerardmer Info","robots":{"index":"index","follow":"follow","max-snippet":"max-snippet:-1","max-image-preview":"max-image-preview:large","max-video-preview":"max-video-preview:-1"},"canonical":"https:\/\/vosgesinfo.fr\/gerardmerinfo\/2026\/08\/inscriptions-catechisme-aumonerie\/","twitter_card":"summary_large_image","twitter_title":"INSCRIPTIONS - CAT\u00c9CHISME & AUM\u00d4NERIE - Gerardmer Info","twitter_description":"PAROISSE SAINT GERARD DE LA VALLEE DES LACS: G\u00e9rardmer, Le Tholy, Liezey, Xonrupt. Lors des rencontres de cat\u00e9chisme, les enfants [&hellip;]","twitter_image":"https:\/\/vosgesinfo.fr\/app\/uploads\/sites\/6\/2026\/08\/forma-a5-inscript-2026.jpg","twitter_creator":"@VosgesInfo88","twitter_site":"@VosgesInfo88","twitter_misc":{"\u00c9crit par":"La redaction","Dur\u00e9e de lecture estim\u00e9e":"2 minutes"},"schema":{"@context":"https:\/\/schema.org","@graph":[{"@type":"Article","@id":"https:\/\/vosgesinfo.fr\/gerardmerinfo\/2026\/08\/inscriptions-catechisme-aumonerie\/#article","isPartOf":{"@id":"https:\/\/vosgesinfo.fr\/gerardmerinfo\/2026\/08\/inscriptions-catechisme-aumonerie\/"},"author":{"name":"La redaction","@id":"https:\/\/vosgesinfo.fr\/gerardmerinfo\/#\/schema\/person\/27a3695b06db98895b354c0765cdfc31"},"headline":"INSCRIPTIONS &#8211; CAT\u00c9CHISME &#038; AUM\u00d4NERIE","datePublished":"2026-08-31T03:52:16+00:00","dateModified":"2026-08-29T16:46:06+00:00","mainEntityOfPage":{"@id":"https:\/\/vosgesinfo.fr\/gerardmerinfo\/2026\/08\/inscriptions-catechisme-aumonerie\/"},"wordCount":308,"commentCount":0,"publisher":{"@id":"https:\/\/vosgesinfo.fr\/gerardmerinfo\/#organization"},"image":{"@id":"https:\/\/vosgesinfo.fr\/gerardmerinfo\/2026\/08\/inscriptions-catechisme-aumonerie\/#primaryimage"},"thumbnailUrl":"https:\/\/vosgesinfo.fr\/app\/uploads\/sites\/6\/2026\/08\/forma-a5-inscript-2026.jpg","articleSection":["A la une","Gerardmer","Vie Associative"],"inLanguage":"fr-FR","potentialAction":[{"@type":"CommentAction","name":"Comment","target":["https:\/\/vosgesinfo.fr\/gerardmerinfo\/2026\/08\/inscriptions-catechisme-aumonerie\/#respond"]}]},{"@type":"WebPage","@id":"https:\/\/vosgesinfo.fr\/gerardmerinfo\/2026\/08\/inscriptions-catechisme-aumonerie\/","url":"https:\/\/vosgesinfo.fr\/gerardmerinfo\/2026\/08\/inscriptions-catechisme-aumonerie\/","name":"INSCRIPTIONS - CAT\u00c9CHISME & AUM\u00d4NERIE - Gerardmer Info","isPartOf":{"@id":"https:\/\/vosgesinfo.fr\/gerardmerinfo\/#website"},"primaryImageOfPage":{"@id":"https:\/\/vosgesinfo.fr\/gerardmerinfo\/2026\/08\/inscriptions-catechisme-aumonerie\/#primaryimage"},"image":{"@id":"https:\/\/vosgesinfo.fr\/gerardmerinfo\/2026\/08\/inscriptions-catechisme-aumonerie\/#primaryimage"},"thumbnailUrl":"https:\/\/vosgesinfo.fr\/app\/uploads\/sites\/6\/2026\/08\/forma-a5-inscript-2026.jpg","datePublished":"2026-08-31T03:52:16+00:00","dateModified":"2026-08-29T16:46:06+00:00","breadcrumb":{"@id":"https:\/\/vosgesinfo.fr\/gerardmerinfo\/2026\/08\/inscriptions-catechisme-aumonerie\/#breadcrumb"},"inLanguage":"fr-FR","potentialAction":[{"@type":"ReadAction","target":["https:\/\/vosgesinfo.fr\/gerardmerinfo\/2026\/08\/inscriptions-catechisme-aumonerie\/"]}]},{"@type":"ImageObject","inLanguage":"fr-FR","@id":"https:\/\/vosgesinfo.fr\/gerardmerinfo\/2026\/08\/inscriptions-catechisme-aumonerie\/#primaryimage","url":"https:\/\/vosgesinfo.fr\/app\/uploads\/sites\/6\/2026\/08\/forma-a5-inscript-2026.jpg","contentUrl":"https:\/\/vosgesinfo.fr\/app\/uploads\/sites\/6\/2026\/08\/forma-a5-inscript-2026.jpg","width":1165,"height":1654},{"@type":"BreadcrumbList","@id":"https:\/\/vosgesinfo.fr\/gerardmerinfo\/2026\/08\/inscriptions-catechisme-aumonerie\/#breadcrumb","itemListElement":[{"@type":"ListItem","position":1,"name":"Home","item":"https:\/\/vosgesinfo.fr\/gerardmerinfo\/"},{"@type":"ListItem","position":2,"name":"INSCRIPTIONS &#8211; CAT\u00c9CHISME &#038; AUM\u00d4NERIE"}]},{"@type":"WebSite","@id":"https:\/\/vosgesinfo.fr\/gerardmerinfo\/#website","url":"https:\/\/vosgesinfo.fr\/gerardmerinfo\/","name":"Gerardmer Info","description":"Toute l&#039;actualit\u00e9 de G\u00e9rardmer","publisher":{"@id":"https:\/\/vosgesinfo.fr\/gerardmerinfo\/#organization"},"alternateName":"Toute l'actualit\u00e9 de G\u00e9rardmer","potentialAction":[{"@type":"SearchAction","target":{"@type":"EntryPoint","urlTemplate":"https:\/\/vosgesinfo.fr\/gerardmerinfo\/?s={search_term_string}"},"query-input":"required name=search_term_string"}],"inLanguage":"fr-FR"},{"@type":"Organization","@id":"https:\/\/vosgesinfo.fr\/gerardmerinfo\/#organization","name":"Gerardmer Info","url":"https:\/\/vosgesinfo.fr\/gerardmerinfo\/","logo":{"@type":"ImageObject","inLanguage":"fr-FR","@id":"https:\/\/vosgesinfo.fr\/gerardmerinfo\/#\/schema\/logo\/image\/","url":"https:\/\/vosgesinfo.fr\/app\/uploads\/sites\/6\/2023\/08\/favicon-gerardmerinfo.png","contentUrl":"https:\/\/vosgesinfo.fr\/app\/uploads\/sites\/6\/2023\/08\/favicon-gerardmerinfo.png","width":512,"height":512,"caption":"Gerardmer Info"},"image":{"@id":"https:\/\/vosgesinfo.fr\/gerardmerinfo\/#\/schema\/logo\/image\/"},"sameAs":["https:\/\/www.facebook.com\/profile.php?id=100049475262660","https:\/\/x.com\/VosgesInfo88","https:\/\/www.youtube.com\/@vosgesinfo"]},{"@type":"Person","@id":"https:\/\/vosgesinfo.fr\/gerardmerinfo\/#\/schema\/person\/27a3695b06db98895b354c0765cdfc31","name":"La redaction","image":{"@type":"ImageObject","inLanguage":"fr-FR","@id":"https:\/\/vosgesinfo.fr\/gerardmerinfo\/#\/schema\/person\/image\/","url":"https:\/\/secure.gravatar.com\/avatar\/64c76a78e501cedee55736f43f332df901e1896ae9cd8fad269ae2236dd0e8b6?s=96&d=mm&r=g","contentUrl":"https:\/\/secure.gravatar.com\/avatar\/64c76a78e501cedee55736f43f332df901e1896ae9cd8fad269ae2236dd0e8b6?s=96&d=mm&r=g","caption":"La redaction"},"url":"https:\/\/vosgesinfo.fr\/gerardmerinfo\/author\/la-redaction\/"}]}},"_links":{"self":[{"href":"https:\/\/vosgesinfo.fr\/gerardmerinfo\/wp-json\/wp\/v2\/posts\/95228","targetHints":{"allow":["GET"]}}],"collection":[{"href":"https:\/\/vosgesinfo.fr\/gerardmerinfo\/wp-json\/wp\/v2\/posts"}],"about":[{"href":"https:\/\/vosgesinfo.fr\/gerardmerinfo\/wp-json\/wp\/v2\/types\/post"}],"author":[{"embeddable":true,"href":"https:\/\/vosgesinfo.fr\/gerardmerinfo\/wp-json\/wp\/v2\/users\/391"}],"replies":[{"embeddable":true,"href":"https:\/\/vosgesinfo.fr\/gerardmerinfo\/wp-json\/wp\/v2\/comments?post=95228"}],"version-history":[{"count":1,"href":"https:\/\/vosgesinfo.fr\/gerardmerinfo\/wp-json\/wp\/v2\/posts\/95228\/revisions"}],"predecessor-version":[{"id":95230,"href":"https:\/\/vosgesinfo.fr\/gerardmerinfo\/wp-json\/wp\/v2\/posts\/95228\/revisions\/95230"}],"wp:featuredmedia":[{"embeddable":true,"href":"https:\/\/vosgesinfo.fr\/gerardmerinfo\/wp-json\/wp\/v2\/media\/95229"}],"wp:attachment":[{"href":"https:\/\/vosgesinfo.fr\/gerardmerinfo\/wp-json\/wp\/v2\/media?parent=95228"}],"wp:term":[{"taxonomy":"category","embeddable":true,"href":"https:\/\/vosgesinfo.fr\/gerardmerinfo\/wp-json\/wp\/v2\/categories?post=95228"},{"taxonomy":"post_tag","embeddable":true,"href":"https:\/\/vosgesinfo.fr\/gerardmerinfo\/wp-json\/wp\/v2\/tags?post=95228"}],"curies":[{"name":"wp","href":"https:\/\/api.w.org\/{rel}","templated":true}]}}