{"id":95231,"date":"2026-08-31T11:00:33","date_gmt":"2026-08-31T09:00:33","guid":{"rendered":"https:\/\/vosgesinfo.fr\/gerardmerinfo\/?p=95231"},"modified":"2026-08-31T11:00:33","modified_gmt":"2026-08-31T09:00:33","slug":"rentree-2026-pres-de-360-000-eleves-attendus-dans-lacademie-de-nancy-metz","status":"publish","type":"post","link":"https:\/\/vosgesinfo.fr\/gerardmerinfo\/2026\/08\/rentree-2026-pres-de-360-000-eleves-attendus-dans-lacademie-de-nancy-metz\/","title":{"rendered":"Rentr\u00e9e 2026 : pr\u00e8s de 360 000 \u00e9l\u00e8ves attendus dans l\u2019acad\u00e9mie de Nancy-Metz"},"content":{"rendered":"<h2 class=\"isSelectedEnd\"><strong><a href=\"https:\/\/vosgesinfo.fr\/app\/uploads\/sites\/3\/2025\/03\/ecole.jpg\"><img decoding=\"async\" class=\"aligncenter size-full wp-image-129231\" src=\"https:\/\/vosgesinfo.fr\/app\/uploads\/sites\/3\/2025\/03\/ecole.jpg\" alt=\"\" width=\"960\" height=\"640\" \/><\/a>La rentr\u00e9e scolaire 2026-2027 s&rsquo;annonce sous le signe de l&rsquo;ambition et de la protection dans l&rsquo;acad\u00e9mie de Nancy-Metz. Pr\u00e8s de 360 000 \u00e9l\u00e8ves reprendront le chemin des classes, dans un contexte marqu\u00e9 par l&rsquo;entr\u00e9e en vigueur de nouveaux programmes et plusieurs \u00e9volutions importantes.<\/strong><\/h2>\n<p class=\"isSelectedEnd\">Au total, <strong>360 099 \u00e9coliers, coll\u00e9giens et lyc\u00e9ens<\/strong> sont attendus pour cette rentr\u00e9e. L&rsquo;acad\u00e9mie compte <strong>182 538 \u00e9l\u00e8ves dans le premier degr\u00e9<\/strong> et <strong>177 561 dans le second degr\u00e9<\/strong>, dont 105 275 coll\u00e9giens et 72 286 lyc\u00e9ens.<\/p>\n<p class=\"isSelectedEnd\">Le territoire s&rsquo;appuie sur <strong>2 271 \u00e9coles et \u00e9tablissements scolaires<\/strong> et compte <strong>29 186 enseignants<\/strong> dans les premier et second degr\u00e9s.<\/p>\n<p class=\"isSelectedEnd\">Cette rentr\u00e9e marque \u00e9galement le lancement du <strong>Projet strat\u00e9gique acad\u00e9mique 2026-2030<\/strong>. L&rsquo;objectif affich\u00e9 est de renforcer les apprentissages, favoriser l&rsquo;\u00e9galit\u00e9 des chances et am\u00e9liorer le bien-\u00eatre des \u00e9l\u00e8ves et des personnels.<\/p>\n<p class=\"isSelectedEnd\">\u00ab L&rsquo;\u00c9cole est l&rsquo;un des lieux o\u00f9 la R\u00e9publique se construit chaque jour \u00bb, souligne Pierre-Fran\u00e7ois Mourier, recteur de la r\u00e9gion acad\u00e9mique Grand Est. \u00ab Notre responsabilit\u00e9 collective est de rep\u00e9rer plus t\u00f4t, d&rsquo;accompagner plus justement, d&rsquo;\u00e9largir les horizons et de donner \u00e0 chaque jeune les moyens d&rsquo;oser. \u00bb<\/p>\n<h3>De nouveaux programmes et dispositifs<\/h3>\n<p class=\"isSelectedEnd\">Plusieurs changements entrent en vigueur \u00e0 cette rentr\u00e9e, avec notamment de <strong>nouveaux programmes \u00e0 l&rsquo;\u00e9cole maternelle et dans plusieurs disciplines de l&rsquo;\u00e9cole \u00e9l\u00e9mentaire et du secondaire<\/strong>.<\/p>\n<p class=\"isSelectedEnd\">L&rsquo;acad\u00e9mie poursuit \u00e9galement le d\u00e9ploiement des plans Fran\u00e7ais et Math\u00e9matiques et met en \u0153uvre un nouveau r\u00e9f\u00e9rentiel pour les directrices et directeurs d&rsquo;\u00e9cole.<\/p>\n<p class=\"isSelectedEnd\">Quatre nouveaux dispositifs d&rsquo;accueil pour les enfants de moins de trois ans ouvrent \u00e9galement \u00e0 <strong>Frouard, Metz, Behren-l\u00e8s-Forbach et \u00c9pinal<\/strong>.<\/p>\n<p>Pour cette nouvelle ann\u00e9e scolaire, l&rsquo;acad\u00e9mie de Nancy-Metz entend ainsi poursuivre une double ambition : <strong>instruire et prot\u00e9ger<\/strong>, tout en s&rsquo;adaptant aux enjeux d\u00e9mographiques, sociaux, num\u00e9riques et environnementaux des territoires.<\/p>\n","protected":false},"excerpt":{"rendered":"<p>La rentr\u00e9e scolaire 2026-2027 s&rsquo;annonce sous le signe de l&rsquo;ambition et de la protection dans l&rsquo;acad\u00e9mie de Nancy-Metz. Pr\u00e8s de [&hellip;]<\/p>\n","protected":false},"author":52,"featured_media":95232,"comment_status":"open","ping_status":"open","sticky":false,"template":"","format":"standard","meta":{"footnotes":""},"categories":[20,6,6178,878,25,328,868,946],"tags":[6611,6172,9600,1173,1863,1873,1732,7402,9598,1392],"class_list":["post-95231","post","type-post","status-publish","format-standard","has-post-thumbnail","hentry","category-a-la-une","category-education","category-enfants","category-epinal","category-gerardmer","category-la-plaine-des-vosges","category-remiremont","category-saint-die","tag-academie-de-nancy-metz","tag-colleges","tag-ecoles","tag-education-nationale","tag-eleves","tag-grand-est","tag-lycees","tag-pierre-francois-mourier","tag-rentree-scolaire-2026","tag-vosges"],"acf":[],"yoast_head":"<!-- This site is optimized with the Yoast SEO plugin v22.5 - https:\/\/yoast.com\/wordpress\/plugins\/seo\/ -->\n<title>Rentr\u00e9e 2026 : pr\u00e8s de 360 000 \u00e9l\u00e8ves attendus dans l\u2019acad\u00e9mie de Nancy-Metz - Gerardmer Info<\/title>\n<meta name=\"robots\" content=\"index, follow, max-snippet:-1, max-image-preview:large, max-video-preview:-1\" \/>\n<link rel=\"canonical\" href=\"https:\/\/vosgesinfo.fr\/gerardmerinfo\/2026\/08\/rentree-2026-pres-de-360-000-eleves-attendus-dans-lacademie-de-nancy-metz\/\" \/>\n<meta name=\"twitter:card\" content=\"summary_large_image\" \/>\n<meta name=\"twitter:title\" content=\"Rentr\u00e9e 2026 : pr\u00e8s de 360 000 \u00e9l\u00e8ves attendus dans l\u2019acad\u00e9mie de Nancy-Metz - Gerardmer Info\" \/>\n<meta name=\"twitter:description\" content=\"La rentr\u00e9e scolaire 2026-2027 s&rsquo;annonce sous le signe de l&rsquo;ambition et de la protection dans l&rsquo;acad\u00e9mie de Nancy-Metz. Pr\u00e8s de [&hellip;]\" \/>\n<meta name=\"twitter:image\" content=\"https:\/\/vosgesinfo.fr\/app\/uploads\/sites\/6\/2026\/08\/ecole.jpg\" \/>\n<meta name=\"twitter:creator\" content=\"@VosgesInfo88\" \/>\n<meta name=\"twitter:site\" content=\"@VosgesInfo88\" \/>\n<meta name=\"twitter:label1\" content=\"\u00c9crit par\" \/>\n\t<meta name=\"twitter:data1\" content=\"C.K.\" \/>\n\t<meta name=\"twitter:label2\" content=\"Dur\u00e9e de lecture estim\u00e9e\" \/>\n\t<meta name=\"twitter:data2\" content=\"2 minutes\" \/>\n<script type=\"application\/ld+json\" class=\"yoast-schema-graph\">{\"@context\":\"https:\/\/schema.org\",\"@graph\":[{\"@type\":\"Article\",\"@id\":\"https:\/\/vosgesinfo.fr\/gerardmerinfo\/2026\/08\/rentree-2026-pres-de-360-000-eleves-attendus-dans-lacademie-de-nancy-metz\/#article\",\"isPartOf\":{\"@id\":\"https:\/\/vosgesinfo.fr\/gerardmerinfo\/2026\/08\/rentree-2026-pres-de-360-000-eleves-attendus-dans-lacademie-de-nancy-metz\/\"},\"author\":{\"name\":\"C.K.\",\"@id\":\"https:\/\/vosgesinfo.fr\/gerardmerinfo\/#\/schema\/person\/6f9a650eeea99d969b6c4ab78fccbe81\"},\"headline\":\"Rentr\u00e9e 2026 : pr\u00e8s de 360 000 \u00e9l\u00e8ves attendus dans l\u2019acad\u00e9mie de Nancy-Metz\",\"datePublished\":\"2026-08-31T09:00:33+00:00\",\"dateModified\":\"2026-08-31T09:00:33+00:00\",\"mainEntityOfPage\":{\"@id\":\"https:\/\/vosgesinfo.fr\/gerardmerinfo\/2026\/08\/rentree-2026-pres-de-360-000-eleves-attendus-dans-lacademie-de-nancy-metz\/\"},\"wordCount\":333,\"commentCount\":0,\"publisher\":{\"@id\":\"https:\/\/vosgesinfo.fr\/gerardmerinfo\/#organization\"},\"image\":{\"@id\":\"https:\/\/vosgesinfo.fr\/gerardmerinfo\/2026\/08\/rentree-2026-pres-de-360-000-eleves-attendus-dans-lacademie-de-nancy-metz\/#primaryimage\"},\"thumbnailUrl\":\"https:\/\/vosgesinfo.fr\/app\/uploads\/sites\/6\/2026\/08\/ecole.jpg\",\"keywords\":[\"acad\u00e9mie de Nancy-Metz\",\"Coll\u00e8ges\",\"\u00e9coles\",\"\u00c9ducation nationale\",\"\u00e9l\u00e8ves\",\"grand est\",\"lyc\u00e9es\",\"Pierre-Fran\u00e7ois MOURIER\",\"rentr\u00e9e scolaire 2026\",\"vosges\"],\"articleSection\":[\"A la une\",\"\u00c9ducation\",\"Enfants\",\"Epinal\",\"G\u00e9rardmer\",\"La plaine des vosges\",\"Remiremont\",\"Saint-di\u00e9\"],\"inLanguage\":\"fr-FR\",\"potentialAction\":[{\"@type\":\"CommentAction\",\"name\":\"Comment\",\"target\":[\"https:\/\/vosgesinfo.fr\/gerardmerinfo\/2026\/08\/rentree-2026-pres-de-360-000-eleves-attendus-dans-lacademie-de-nancy-metz\/#respond\"]}]},{\"@type\":\"WebPage\",\"@id\":\"https:\/\/vosgesinfo.fr\/gerardmerinfo\/2026\/08\/rentree-2026-pres-de-360-000-eleves-attendus-dans-lacademie-de-nancy-metz\/\",\"url\":\"https:\/\/vosgesinfo.fr\/gerardmerinfo\/2026\/08\/rentree-2026-pres-de-360-000-eleves-attendus-dans-lacademie-de-nancy-metz\/\",\"name\":\"Rentr\u00e9e 2026 : pr\u00e8s de 360 000 \u00e9l\u00e8ves attendus dans l\u2019acad\u00e9mie de Nancy-Metz - Gerardmer Info\",\"isPartOf\":{\"@id\":\"https:\/\/vosgesinfo.fr\/gerardmerinfo\/#website\"},\"primaryImageOfPage\":{\"@id\":\"https:\/\/vosgesinfo.fr\/gerardmerinfo\/2026\/08\/rentree-2026-pres-de-360-000-eleves-attendus-dans-lacademie-de-nancy-metz\/#primaryimage\"},\"image\":{\"@id\":\"https:\/\/vosgesinfo.fr\/gerardmerinfo\/2026\/08\/rentree-2026-pres-de-360-000-eleves-attendus-dans-lacademie-de-nancy-metz\/#primaryimage\"},\"thumbnailUrl\":\"https:\/\/vosgesinfo.fr\/app\/uploads\/sites\/6\/2026\/08\/ecole.jpg\",\"datePublished\":\"2026-08-31T09:00:33+00:00\",\"dateModified\":\"2026-08-31T09:00:33+00:00\",\"breadcrumb\":{\"@id\":\"https:\/\/vosgesinfo.fr\/gerardmerinfo\/2026\/08\/rentree-2026-pres-de-360-000-eleves-attendus-dans-lacademie-de-nancy-metz\/#breadcrumb\"},\"inLanguage\":\"fr-FR\",\"potentialAction\":[{\"@type\":\"ReadAction\",\"target\":[\"https:\/\/vosgesinfo.fr\/gerardmerinfo\/2026\/08\/rentree-2026-pres-de-360-000-eleves-attendus-dans-lacademie-de-nancy-metz\/\"]}]},{\"@type\":\"ImageObject\",\"inLanguage\":\"fr-FR\",\"@id\":\"https:\/\/vosgesinfo.fr\/gerardmerinfo\/2026\/08\/rentree-2026-pres-de-360-000-eleves-attendus-dans-lacademie-de-nancy-metz\/#primaryimage\",\"url\":\"https:\/\/vosgesinfo.fr\/app\/uploads\/sites\/6\/2026\/08\/ecole.jpg\",\"contentUrl\":\"https:\/\/vosgesinfo.fr\/app\/uploads\/sites\/6\/2026\/08\/ecole.jpg\",\"width\":960,\"height\":640},{\"@type\":\"BreadcrumbList\",\"@id\":\"https:\/\/vosgesinfo.fr\/gerardmerinfo\/2026\/08\/rentree-2026-pres-de-360-000-eleves-attendus-dans-lacademie-de-nancy-metz\/#breadcrumb\",\"itemListElement\":[{\"@type\":\"ListItem\",\"position\":1,\"name\":\"Home\",\"item\":\"https:\/\/vosgesinfo.fr\/gerardmerinfo\/\"},{\"@type\":\"ListItem\",\"position\":2,\"name\":\"Rentr\u00e9e 2026 : pr\u00e8s de 360 000 \u00e9l\u00e8ves attendus dans l\u2019acad\u00e9mie de Nancy-Metz\"}]},{\"@type\":\"WebSite\",\"@id\":\"https:\/\/vosgesinfo.fr\/gerardmerinfo\/#website\",\"url\":\"https:\/\/vosgesinfo.fr\/gerardmerinfo\/\",\"name\":\"Gerardmer Info\",\"description\":\"Toute l&#039;actualit\u00e9 de G\u00e9rardmer\",\"publisher\":{\"@id\":\"https:\/\/vosgesinfo.fr\/gerardmerinfo\/#organization\"},\"alternateName\":\"Toute l'actualit\u00e9 de G\u00e9rardmer\",\"potentialAction\":[{\"@type\":\"SearchAction\",\"target\":{\"@type\":\"EntryPoint\",\"urlTemplate\":\"https:\/\/vosgesinfo.fr\/gerardmerinfo\/?s={search_term_string}\"},\"query-input\":\"required name=search_term_string\"}],\"inLanguage\":\"fr-FR\"},{\"@type\":\"Organization\",\"@id\":\"https:\/\/vosgesinfo.fr\/gerardmerinfo\/#organization\",\"name\":\"Gerardmer Info\",\"url\":\"https:\/\/vosgesinfo.fr\/gerardmerinfo\/\",\"logo\":{\"@type\":\"ImageObject\",\"inLanguage\":\"fr-FR\",\"@id\":\"https:\/\/vosgesinfo.fr\/gerardmerinfo\/#\/schema\/logo\/image\/\",\"url\":\"https:\/\/vosgesinfo.fr\/app\/uploads\/sites\/6\/2023\/08\/favicon-gerardmerinfo.png\",\"contentUrl\":\"https:\/\/vosgesinfo.fr\/app\/uploads\/sites\/6\/2023\/08\/favicon-gerardmerinfo.png\",\"width\":512,\"height\":512,\"caption\":\"Gerardmer Info\"},\"image\":{\"@id\":\"https:\/\/vosgesinfo.fr\/gerardmerinfo\/#\/schema\/logo\/image\/\"},\"sameAs\":[\"https:\/\/www.facebook.com\/profile.php?id=100049475262660\",\"https:\/\/x.com\/VosgesInfo88\",\"https:\/\/www.youtube.com\/@vosgesinfo\"]},{\"@type\":\"Person\",\"@id\":\"https:\/\/vosgesinfo.fr\/gerardmerinfo\/#\/schema\/person\/6f9a650eeea99d969b6c4ab78fccbe81\",\"name\":\"C.K.\",\"image\":{\"@type\":\"ImageObject\",\"inLanguage\":\"fr-FR\",\"@id\":\"https:\/\/vosgesinfo.fr\/gerardmerinfo\/#\/schema\/person\/image\/\",\"url\":\"https:\/\/secure.gravatar.com\/avatar\/48e3fc7f8421ba8942be6b74a2b7f014ca39bc00dece156b7a8e098ae7dc87bf?s=96&d=mm&r=g\",\"contentUrl\":\"https:\/\/secure.gravatar.com\/avatar\/48e3fc7f8421ba8942be6b74a2b7f014ca39bc00dece156b7a8e098ae7dc87bf?s=96&d=mm&r=g\",\"caption\":\"C.K.\"},\"url\":\"https:\/\/vosgesinfo.fr\/gerardmerinfo\/author\/celia-k-n\/\"}]}<\/script>\n<!-- \/ Yoast SEO plugin. -->","yoast_head_json":{"title":"Rentr\u00e9e 2026 : pr\u00e8s de 360 000 \u00e9l\u00e8ves attendus dans l\u2019acad\u00e9mie de Nancy-Metz - Gerardmer Info","robots":{"index":"index","follow":"follow","max-snippet":"max-snippet:-1","max-image-preview":"max-image-preview:large","max-video-preview":"max-video-preview:-1"},"canonical":"https:\/\/vosgesinfo.fr\/gerardmerinfo\/2026\/08\/rentree-2026-pres-de-360-000-eleves-attendus-dans-lacademie-de-nancy-metz\/","twitter_card":"summary_large_image","twitter_title":"Rentr\u00e9e 2026 : pr\u00e8s de 360 000 \u00e9l\u00e8ves attendus dans l\u2019acad\u00e9mie de Nancy-Metz - Gerardmer Info","twitter_description":"La rentr\u00e9e scolaire 2026-2027 s&rsquo;annonce sous le signe de l&rsquo;ambition et de la protection dans l&rsquo;acad\u00e9mie de Nancy-Metz. Pr\u00e8s de [&hellip;]","twitter_image":"https:\/\/vosgesinfo.fr\/app\/uploads\/sites\/6\/2026\/08\/ecole.jpg","twitter_creator":"@VosgesInfo88","twitter_site":"@VosgesInfo88","twitter_misc":{"\u00c9crit par":"C.K.","Dur\u00e9e de lecture estim\u00e9e":"2 minutes"},"schema":{"@context":"https:\/\/schema.org","@graph":[{"@type":"Article","@id":"https:\/\/vosgesinfo.fr\/gerardmerinfo\/2026\/08\/rentree-2026-pres-de-360-000-eleves-attendus-dans-lacademie-de-nancy-metz\/#article","isPartOf":{"@id":"https:\/\/vosgesinfo.fr\/gerardmerinfo\/2026\/08\/rentree-2026-pres-de-360-000-eleves-attendus-dans-lacademie-de-nancy-metz\/"},"author":{"name":"C.K.","@id":"https:\/\/vosgesinfo.fr\/gerardmerinfo\/#\/schema\/person\/6f9a650eeea99d969b6c4ab78fccbe81"},"headline":"Rentr\u00e9e 2026 : pr\u00e8s de 360 000 \u00e9l\u00e8ves attendus dans l\u2019acad\u00e9mie de Nancy-Metz","datePublished":"2026-08-31T09:00:33+00:00","dateModified":"2026-08-31T09:00:33+00:00","mainEntityOfPage":{"@id":"https:\/\/vosgesinfo.fr\/gerardmerinfo\/2026\/08\/rentree-2026-pres-de-360-000-eleves-attendus-dans-lacademie-de-nancy-metz\/"},"wordCount":333,"commentCount":0,"publisher":{"@id":"https:\/\/vosgesinfo.fr\/gerardmerinfo\/#organization"},"image":{"@id":"https:\/\/vosgesinfo.fr\/gerardmerinfo\/2026\/08\/rentree-2026-pres-de-360-000-eleves-attendus-dans-lacademie-de-nancy-metz\/#primaryimage"},"thumbnailUrl":"https:\/\/vosgesinfo.fr\/app\/uploads\/sites\/6\/2026\/08\/ecole.jpg","keywords":["acad\u00e9mie de Nancy-Metz","Coll\u00e8ges","\u00e9coles","\u00c9ducation nationale","\u00e9l\u00e8ves","grand est","lyc\u00e9es","Pierre-Fran\u00e7ois MOURIER","rentr\u00e9e scolaire 2026","vosges"],"articleSection":["A la une","\u00c9ducation","Enfants","Epinal","G\u00e9rardmer","La plaine des vosges","Remiremont","Saint-di\u00e9"],"inLanguage":"fr-FR","potentialAction":[{"@type":"CommentAction","name":"Comment","target":["https:\/\/vosgesinfo.fr\/gerardmerinfo\/2026\/08\/rentree-2026-pres-de-360-000-eleves-attendus-dans-lacademie-de-nancy-metz\/#respond"]}]},{"@type":"WebPage","@id":"https:\/\/vosgesinfo.fr\/gerardmerinfo\/2026\/08\/rentree-2026-pres-de-360-000-eleves-attendus-dans-lacademie-de-nancy-metz\/","url":"https:\/\/vosgesinfo.fr\/gerardmerinfo\/2026\/08\/rentree-2026-pres-de-360-000-eleves-attendus-dans-lacademie-de-nancy-metz\/","name":"Rentr\u00e9e 2026 : pr\u00e8s de 360 000 \u00e9l\u00e8ves attendus dans l\u2019acad\u00e9mie de Nancy-Metz - Gerardmer Info","isPartOf":{"@id":"https:\/\/vosgesinfo.fr\/gerardmerinfo\/#website"},"primaryImageOfPage":{"@id":"https:\/\/vosgesinfo.fr\/gerardmerinfo\/2026\/08\/rentree-2026-pres-de-360-000-eleves-attendus-dans-lacademie-de-nancy-metz\/#primaryimage"},"image":{"@id":"https:\/\/vosgesinfo.fr\/gerardmerinfo\/2026\/08\/rentree-2026-pres-de-360-000-eleves-attendus-dans-lacademie-de-nancy-metz\/#primaryimage"},"thumbnailUrl":"https:\/\/vosgesinfo.fr\/app\/uploads\/sites\/6\/2026\/08\/ecole.jpg","datePublished":"2026-08-31T09:00:33+00:00","dateModified":"2026-08-31T09:00:33+00:00","breadcrumb":{"@id":"https:\/\/vosgesinfo.fr\/gerardmerinfo\/2026\/08\/rentree-2026-pres-de-360-000-eleves-attendus-dans-lacademie-de-nancy-metz\/#breadcrumb"},"inLanguage":"fr-FR","potentialAction":[{"@type":"ReadAction","target":["https:\/\/vosgesinfo.fr\/gerardmerinfo\/2026\/08\/rentree-2026-pres-de-360-000-eleves-attendus-dans-lacademie-de-nancy-metz\/"]}]},{"@type":"ImageObject","inLanguage":"fr-FR","@id":"https:\/\/vosgesinfo.fr\/gerardmerinfo\/2026\/08\/rentree-2026-pres-de-360-000-eleves-attendus-dans-lacademie-de-nancy-metz\/#primaryimage","url":"https:\/\/vosgesinfo.fr\/app\/uploads\/sites\/6\/2026\/08\/ecole.jpg","contentUrl":"https:\/\/vosgesinfo.fr\/app\/uploads\/sites\/6\/2026\/08\/ecole.jpg","width":960,"height":640},{"@type":"BreadcrumbList","@id":"https:\/\/vosgesinfo.fr\/gerardmerinfo\/2026\/08\/rentree-2026-pres-de-360-000-eleves-attendus-dans-lacademie-de-nancy-metz\/#breadcrumb","itemListElement":[{"@type":"ListItem","position":1,"name":"Home","item":"https:\/\/vosgesinfo.fr\/gerardmerinfo\/"},{"@type":"ListItem","position":2,"name":"Rentr\u00e9e 2026 : pr\u00e8s de 360 000 \u00e9l\u00e8ves attendus dans l\u2019acad\u00e9mie de Nancy-Metz"}]},{"@type":"WebSite","@id":"https:\/\/vosgesinfo.fr\/gerardmerinfo\/#website","url":"https:\/\/vosgesinfo.fr\/gerardmerinfo\/","name":"Gerardmer Info","description":"Toute l&#039;actualit\u00e9 de G\u00e9rardmer","publisher":{"@id":"https:\/\/vosgesinfo.fr\/gerardmerinfo\/#organization"},"alternateName":"Toute l'actualit\u00e9 de G\u00e9rardmer","potentialAction":[{"@type":"SearchAction","target":{"@type":"EntryPoint","urlTemplate":"https:\/\/vosgesinfo.fr\/gerardmerinfo\/?s={search_term_string}"},"query-input":"required name=search_term_string"}],"inLanguage":"fr-FR"},{"@type":"Organization","@id":"https:\/\/vosgesinfo.fr\/gerardmerinfo\/#organization","name":"Gerardmer Info","url":"https:\/\/vosgesinfo.fr\/gerardmerinfo\/","logo":{"@type":"ImageObject","inLanguage":"fr-FR","@id":"https:\/\/vosgesinfo.fr\/gerardmerinfo\/#\/schema\/logo\/image\/","url":"https:\/\/vosgesinfo.fr\/app\/uploads\/sites\/6\/2023\/08\/favicon-gerardmerinfo.png","contentUrl":"https:\/\/vosgesinfo.fr\/app\/uploads\/sites\/6\/2023\/08\/favicon-gerardmerinfo.png","width":512,"height":512,"caption":"Gerardmer Info"},"image":{"@id":"https:\/\/vosgesinfo.fr\/gerardmerinfo\/#\/schema\/logo\/image\/"},"sameAs":["https:\/\/www.facebook.com\/profile.php?id=100049475262660","https:\/\/x.com\/VosgesInfo88","https:\/\/www.youtube.com\/@vosgesinfo"]},{"@type":"Person","@id":"https:\/\/vosgesinfo.fr\/gerardmerinfo\/#\/schema\/person\/6f9a650eeea99d969b6c4ab78fccbe81","name":"C.K.","image":{"@type":"ImageObject","inLanguage":"fr-FR","@id":"https:\/\/vosgesinfo.fr\/gerardmerinfo\/#\/schema\/person\/image\/","url":"https:\/\/secure.gravatar.com\/avatar\/48e3fc7f8421ba8942be6b74a2b7f014ca39bc00dece156b7a8e098ae7dc87bf?s=96&d=mm&r=g","contentUrl":"https:\/\/secure.gravatar.com\/avatar\/48e3fc7f8421ba8942be6b74a2b7f014ca39bc00dece156b7a8e098ae7dc87bf?s=96&d=mm&r=g","caption":"C.K."},"url":"https:\/\/vosgesinfo.fr\/gerardmerinfo\/author\/celia-k-n\/"}]}},"_links":{"self":[{"href":"https:\/\/vosgesinfo.fr\/gerardmerinfo\/wp-json\/wp\/v2\/posts\/95231","targetHints":{"allow":["GET"]}}],"collection":[{"href":"https:\/\/vosgesinfo.fr\/gerardmerinfo\/wp-json\/wp\/v2\/posts"}],"about":[{"href":"https:\/\/vosgesinfo.fr\/gerardmerinfo\/wp-json\/wp\/v2\/types\/post"}],"author":[{"embeddable":true,"href":"https:\/\/vosgesinfo.fr\/gerardmerinfo\/wp-json\/wp\/v2\/users\/52"}],"replies":[{"embeddable":true,"href":"https:\/\/vosgesinfo.fr\/gerardmerinfo\/wp-json\/wp\/v2\/comments?post=95231"}],"version-history":[{"count":1,"href":"https:\/\/vosgesinfo.fr\/gerardmerinfo\/wp-json\/wp\/v2\/posts\/95231\/revisions"}],"predecessor-version":[{"id":95246,"href":"https:\/\/vosgesinfo.fr\/gerardmerinfo\/wp-json\/wp\/v2\/posts\/95231\/revisions\/95246"}],"wp:featuredmedia":[{"embeddable":true,"href":"https:\/\/vosgesinfo.fr\/gerardmerinfo\/wp-json\/wp\/v2\/media\/95232"}],"wp:attachment":[{"href":"https:\/\/vosgesinfo.fr\/gerardmerinfo\/wp-json\/wp\/v2\/media?parent=95231"}],"wp:term":[{"taxonomy":"category","embeddable":true,"href":"https:\/\/vosgesinfo.fr\/gerardmerinfo\/wp-json\/wp\/v2\/categories?post=95231"},{"taxonomy":"post_tag","embeddable":true,"href":"https:\/\/vosgesinfo.fr\/gerardmerinfo\/wp-json\/wp\/v2\/tags?post=95231"}],"curies":[{"name":"wp","href":"https:\/\/api.w.org\/{rel}","templated":true}]}}