{"id":95247,"date":"2026-09-02T05:56:21","date_gmt":"2026-09-02T03:56:21","guid":{"rendered":"https:\/\/vosgesinfo.fr\/gerardmerinfo\/?p=95247"},"modified":"2026-08-31T14:36:57","modified_gmt":"2026-08-31T12:36:57","slug":"le-groupement-espoir-montagne-est-lance","status":"publish","type":"post","link":"https:\/\/vosgesinfo.fr\/gerardmerinfo\/2026\/09\/le-groupement-espoir-montagne-est-lance\/","title":{"rendered":"Football &#8211; Le Groupement Espoir Montagne est lanc\u00e9 !"},"content":{"rendered":"<p><a href=\"https:\/\/vosgesinfo.fr\/app\/uploads\/sites\/6\/2026\/08\/groupement-espoir-montagne-2.jpg\"><img decoding=\"async\" class=\"aligncenter size-full wp-image-95252\" src=\"https:\/\/vosgesinfo.fr\/app\/uploads\/sites\/6\/2026\/08\/groupement-espoir-montagne-2.jpg\" alt=\"\" width=\"640\" height=\"398\" srcset=\"https:\/\/vosgesinfo.fr\/app\/uploads\/sites\/6\/2026\/08\/groupement-espoir-montagne-2.jpg 640w, https:\/\/vosgesinfo.fr\/app\/uploads\/sites\/6\/2026\/08\/groupement-espoir-montagne-2-300x187.jpg 300w\" sizes=\"(max-width: 640px) 100vw, 640px\" \/><\/a><\/p>\n<p>&nbsp;<\/p>\n<h3><\/h3>\n<p>Le\u00a0<strong>Groupement Espoir Montagne (GEM)<\/strong>\u00a0a officiellement pris son envol. Cr\u00e9\u00e9 \u00e0 l\u2019initiative de\u00a0<strong>l\u2019AS G\u00e9rardmer Football, du FC Le Tholy et du FC Granges<\/strong>, ce nouveau groupement a pour ambition de proposer un projet commun autour de la\u00a0<strong>formation et de l\u2019accompagnement des jeunes des \u00e9coles de football des trois clubs<\/strong>.<\/p>\n<p><a href=\"https:\/\/vosgesinfo.fr\/app\/uploads\/sites\/6\/2026\/08\/groupement-espoir-montagne-1.jpg\"><img decoding=\"async\" class=\"alignright size-medium wp-image-95254\" src=\"https:\/\/vosgesinfo.fr\/app\/uploads\/sites\/6\/2026\/08\/groupement-espoir-montagne-1-225x300.jpg\" alt=\"\" width=\"225\" height=\"300\" srcset=\"https:\/\/vosgesinfo.fr\/app\/uploads\/sites\/6\/2026\/08\/groupement-espoir-montagne-1-225x300.jpg 225w, https:\/\/vosgesinfo.fr\/app\/uploads\/sites\/6\/2026\/08\/groupement-espoir-montagne-1.jpg 480w\" sizes=\"(max-width: 225px) 100vw, 225px\" \/><\/a>Une premi\u00e8re \u00e9tape importante a \u00e9t\u00e9 franchie ce\u00a0<strong>samedi 29 ao\u00fbt<\/strong>, avec une journ\u00e9e de travail consacr\u00e9e aux \u00e9ducateurs du GEM. R\u00e9unis toute la journ\u00e9e dans l\u2019enceinte de\u00a0<strong>l\u2019\u00c9chapp\u00e9e Vosgienne<\/strong>, les \u00e9ducateurs des diff\u00e9rentes \u00e9coles de football ont particip\u00e9 \u00e0 une v\u00e9ritable journ\u00e9e de formation et de pr\u00e9paration.<\/p>\n<p>Au programme :\u00a0<strong>travail th\u00e9orique, pr\u00e9paration technique et r\u00e9flexion autour de supports p\u00e9dagogiques<\/strong>, avant de passer \u00e0 la mise en application concr\u00e8te sur le terrain avec diff\u00e9rentes \u00e9quipes de jeunes.<\/p>\n<p>Une trentaine d\u2019\u00e9ducateurs ont particip\u00e9 \u00e0 cette journ\u00e9e, dont une quinzaine dipl\u00f4m\u00e9s. Une mobilisation importante qui d\u00e9montre la volont\u00e9 des trois clubs de construire\u00a0<strong>un encadrement de qualit\u00e9 pour leurs \u00e9coles de football et leurs jeunes licenci\u00e9s<\/strong>.<\/p>\n<p>Les trois pr\u00e9sidents \u00e9taient \u00e9galement pr\u00e9sents pour accompagner et soutenir leurs \u00e9quipes :\u00a0<strong>S\u00e9bastien Dieudonn\u00e9, pr\u00e9sident du FC Granges, Jimmy De j\u00e9sus, pr\u00e9sident du FC Le Tholy, et Fabrice Defranoux, pr\u00e9sident de l\u2019AS G\u00e9rardmer Football<\/strong>.<\/p>\n<p>Cette premi\u00e8re journ\u00e9e s\u2019est d\u00e9roul\u00e9e dans une\u00a0<strong>ambiance \u00e0 la fois studieuse et d\u00e9tendue<\/strong>, permettant aux \u00e9ducateurs des trois clubs de travailler ensemble, d\u2019\u00e9changer sur leurs pratiques et de faire connaissance. Un petit repas partag\u00e9 le midi est venu ponctuer cette journ\u00e9e de travail, toujours dans un esprit de convivialit\u00e9, au c\u0153ur de l\u2019\u00c9chapp\u00e9e Vosgienne.<\/p>\n<p>Le GEM doit ainsi permettre aux\u00a0<strong>\u00e9coles de football de Granges, du Tholy et de G\u00e9rardmer<\/strong>\u00a0de b\u00e9n\u00e9ficier d\u2019une dynamique commune, tout en conservant l\u2019identit\u00e9 et les valeurs propres \u00e0 chacun des clubs.<\/p>\n<blockquote><p><strong><a href=\"https:\/\/vosgesinfo.fr\/app\/uploads\/sites\/6\/2026\/08\/groupement-espoir-montagne-3.jpg\"><img decoding=\"async\" class=\"alignright size-medium wp-image-95253\" src=\"https:\/\/vosgesinfo.fr\/app\/uploads\/sites\/6\/2026\/08\/groupement-espoir-montagne-3-225x300.jpg\" alt=\"\" width=\"225\" height=\"300\" srcset=\"https:\/\/vosgesinfo.fr\/app\/uploads\/sites\/6\/2026\/08\/groupement-espoir-montagne-3-225x300.jpg 225w, https:\/\/vosgesinfo.fr\/app\/uploads\/sites\/6\/2026\/08\/groupement-espoir-montagne-3.jpg 480w\" sizes=\"(max-width: 225px) 100vw, 225px\" \/><\/a>\u00ab Le GEM, ce n\u2019est pas simplement un regroupement de clubs. C\u2019est avant tout un projet construit autour de nos jeunes, avec l\u2019envie de leur proposer un encadrement coh\u00e9rent et de qualit\u00e9, tout en permettant \u00e0 nos \u00e9ducateurs de travailler ensemble. Cette premi\u00e8re journ\u00e9e montre que le projet est d\u00e9sormais bel et bien lanc\u00e9. \u00bb<\/strong><\/p><\/blockquote>\n<h3>Rendez-vous le 11 septembre pour les parents<\/h3>\n<p>Apr\u00e8s cette premi\u00e8re \u00e9tape consacr\u00e9e aux \u00e9ducateurs, le GEM souhaite maintenant aller \u00e0 la rencontre des\u00a0<strong>parents et des jeunes des \u00e9coles de football<\/strong>.<\/p>\n<p>Une\u00a0<strong>r\u00e9union d\u2019information est organis\u00e9e le vendredi 11 septembre \u00e0 17h30 au stade Henri-Millan de G\u00e9rardmer<\/strong>.<\/p>\n<p>Cette rencontre sera l\u2019occasion pour les parents et les jeunes de\u00a0<strong>d\u00e9couvrir le fonctionnement du GEM, de rencontrer les \u00e9ducateurs, de poser leurs questions et de visiter les infrastructures<\/strong>\u00a0pour ceux qui ne les connaissent pas encore.<\/p>\n<p>Le message est donc simple :\u00a0<strong>parents, joueurs et joueuses, n\u2019h\u00e9sitez pas \u00e0 venir rencontrer l\u2019\u00e9quipe du GEM !<\/strong><\/p>\n<p>Cette r\u00e9union permettra \u00e9galement de pr\u00e9senter plus concr\u00e8tement ce nouveau projet qui rassemble\u00a0<strong>Granges-Aumontzey, Le Tholy et G\u00e9rardmer<\/strong>, avec les entra\u00eenements organis\u00e9s au stade Henri-Millan et les rencontres r\u00e9parties sur les diff\u00e9rents terrains des trois clubs.<\/p>\n<p><strong>Le GEM est lanc\u00e9. Une nouvelle aventure commence pour les \u00e9coles de football et surtout pour les jeunes de notre territoire.<\/strong><\/p>\n","protected":false},"excerpt":{"rendered":"<p>&nbsp; Le\u00a0Groupement Espoir Montagne (GEM)\u00a0a officiellement pris son envol. Cr\u00e9\u00e9 \u00e0 l\u2019initiative de\u00a0l\u2019AS G\u00e9rardmer Football, du FC Le Tholy et [&hellip;]<\/p>\n","protected":false},"author":42,"featured_media":95253,"comment_status":"open","ping_status":"open","sticky":false,"template":"","format":"standard","meta":{"footnotes":""},"categories":[20,5647,14,18],"tags":[8954],"class_list":["post-95247","post","type-post","status-publish","format-standard","has-post-thumbnail","hentry","category-a-la-une","category-gerardmer-autres-sites","category-sport","category-vosges","tag-groupement-espoir-montagne"],"acf":[],"yoast_head":"<!-- This site is optimized with the Yoast SEO plugin v22.5 - https:\/\/yoast.com\/wordpress\/plugins\/seo\/ -->\n<title>Football - Le Groupement Espoir Montagne est lanc\u00e9 ! - Gerardmer Info<\/title>\n<meta name=\"robots\" content=\"index, follow, max-snippet:-1, max-image-preview:large, max-video-preview:-1\" \/>\n<link rel=\"canonical\" href=\"https:\/\/vosgesinfo.fr\/gerardmerinfo\/2026\/09\/le-groupement-espoir-montagne-est-lance\/\" \/>\n<meta name=\"twitter:card\" content=\"summary_large_image\" \/>\n<meta name=\"twitter:title\" content=\"Football - Le Groupement Espoir Montagne est lanc\u00e9 ! - Gerardmer Info\" \/>\n<meta name=\"twitter:description\" content=\"&nbsp; Le\u00a0Groupement Espoir Montagne (GEM)\u00a0a officiellement pris son envol. Cr\u00e9\u00e9 \u00e0 l\u2019initiative de\u00a0l\u2019AS G\u00e9rardmer Football, du FC Le Tholy et [&hellip;]\" \/>\n<meta name=\"twitter:image\" content=\"https:\/\/vosgesinfo.fr\/app\/uploads\/sites\/6\/2026\/08\/groupement-espoir-montagne-3.jpg\" \/>\n<meta name=\"twitter:creator\" content=\"@VosgesInfo88\" \/>\n<meta name=\"twitter:site\" content=\"@VosgesInfo88\" \/>\n<meta name=\"twitter:label1\" content=\"\u00c9crit par\" \/>\n\t<meta name=\"twitter:data1\" content=\"QG\" \/>\n\t<meta name=\"twitter:label2\" content=\"Dur\u00e9e de lecture estim\u00e9e\" \/>\n\t<meta name=\"twitter:data2\" content=\"3 minutes\" \/>\n<script type=\"application\/ld+json\" class=\"yoast-schema-graph\">{\"@context\":\"https:\/\/schema.org\",\"@graph\":[{\"@type\":\"Article\",\"@id\":\"https:\/\/vosgesinfo.fr\/gerardmerinfo\/2026\/09\/le-groupement-espoir-montagne-est-lance\/#article\",\"isPartOf\":{\"@id\":\"https:\/\/vosgesinfo.fr\/gerardmerinfo\/2026\/09\/le-groupement-espoir-montagne-est-lance\/\"},\"author\":{\"name\":\"QG\",\"@id\":\"https:\/\/vosgesinfo.fr\/gerardmerinfo\/#\/schema\/person\/db5605779a843dad16b5368f3e7613a5\"},\"headline\":\"Football &#8211; Le Groupement Espoir Montagne est lanc\u00e9 !\",\"datePublished\":\"2026-09-02T03:56:21+00:00\",\"dateModified\":\"2026-08-31T12:36:57+00:00\",\"mainEntityOfPage\":{\"@id\":\"https:\/\/vosgesinfo.fr\/gerardmerinfo\/2026\/09\/le-groupement-espoir-montagne-est-lance\/\"},\"wordCount\":576,\"commentCount\":0,\"publisher\":{\"@id\":\"https:\/\/vosgesinfo.fr\/gerardmerinfo\/#organization\"},\"image\":{\"@id\":\"https:\/\/vosgesinfo.fr\/gerardmerinfo\/2026\/09\/le-groupement-espoir-montagne-est-lance\/#primaryimage\"},\"thumbnailUrl\":\"https:\/\/vosgesinfo.fr\/app\/uploads\/sites\/6\/2026\/08\/groupement-espoir-montagne-3.jpg\",\"keywords\":[\"Groupement Espoir Montagne\"],\"articleSection\":[\"A la une\",\"Gerardmer\",\"Sport\",\"Vosges\"],\"inLanguage\":\"fr-FR\",\"potentialAction\":[{\"@type\":\"CommentAction\",\"name\":\"Comment\",\"target\":[\"https:\/\/vosgesinfo.fr\/gerardmerinfo\/2026\/09\/le-groupement-espoir-montagne-est-lance\/#respond\"]}]},{\"@type\":\"WebPage\",\"@id\":\"https:\/\/vosgesinfo.fr\/gerardmerinfo\/2026\/09\/le-groupement-espoir-montagne-est-lance\/\",\"url\":\"https:\/\/vosgesinfo.fr\/gerardmerinfo\/2026\/09\/le-groupement-espoir-montagne-est-lance\/\",\"name\":\"Football - Le Groupement Espoir Montagne est lanc\u00e9 ! - Gerardmer Info\",\"isPartOf\":{\"@id\":\"https:\/\/vosgesinfo.fr\/gerardmerinfo\/#website\"},\"primaryImageOfPage\":{\"@id\":\"https:\/\/vosgesinfo.fr\/gerardmerinfo\/2026\/09\/le-groupement-espoir-montagne-est-lance\/#primaryimage\"},\"image\":{\"@id\":\"https:\/\/vosgesinfo.fr\/gerardmerinfo\/2026\/09\/le-groupement-espoir-montagne-est-lance\/#primaryimage\"},\"thumbnailUrl\":\"https:\/\/vosgesinfo.fr\/app\/uploads\/sites\/6\/2026\/08\/groupement-espoir-montagne-3.jpg\",\"datePublished\":\"2026-09-02T03:56:21+00:00\",\"dateModified\":\"2026-08-31T12:36:57+00:00\",\"breadcrumb\":{\"@id\":\"https:\/\/vosgesinfo.fr\/gerardmerinfo\/2026\/09\/le-groupement-espoir-montagne-est-lance\/#breadcrumb\"},\"inLanguage\":\"fr-FR\",\"potentialAction\":[{\"@type\":\"ReadAction\",\"target\":[\"https:\/\/vosgesinfo.fr\/gerardmerinfo\/2026\/09\/le-groupement-espoir-montagne-est-lance\/\"]}]},{\"@type\":\"ImageObject\",\"inLanguage\":\"fr-FR\",\"@id\":\"https:\/\/vosgesinfo.fr\/gerardmerinfo\/2026\/09\/le-groupement-espoir-montagne-est-lance\/#primaryimage\",\"url\":\"https:\/\/vosgesinfo.fr\/app\/uploads\/sites\/6\/2026\/08\/groupement-espoir-montagne-3.jpg\",\"contentUrl\":\"https:\/\/vosgesinfo.fr\/app\/uploads\/sites\/6\/2026\/08\/groupement-espoir-montagne-3.jpg\",\"width\":480,\"height\":640},{\"@type\":\"BreadcrumbList\",\"@id\":\"https:\/\/vosgesinfo.fr\/gerardmerinfo\/2026\/09\/le-groupement-espoir-montagne-est-lance\/#breadcrumb\",\"itemListElement\":[{\"@type\":\"ListItem\",\"position\":1,\"name\":\"Home\",\"item\":\"https:\/\/vosgesinfo.fr\/gerardmerinfo\/\"},{\"@type\":\"ListItem\",\"position\":2,\"name\":\"Football &#8211; Le Groupement Espoir Montagne est lanc\u00e9 !\"}]},{\"@type\":\"WebSite\",\"@id\":\"https:\/\/vosgesinfo.fr\/gerardmerinfo\/#website\",\"url\":\"https:\/\/vosgesinfo.fr\/gerardmerinfo\/\",\"name\":\"Gerardmer Info\",\"description\":\"Toute l&#039;actualit\u00e9 de G\u00e9rardmer\",\"publisher\":{\"@id\":\"https:\/\/vosgesinfo.fr\/gerardmerinfo\/#organization\"},\"alternateName\":\"Toute l'actualit\u00e9 de G\u00e9rardmer\",\"potentialAction\":[{\"@type\":\"SearchAction\",\"target\":{\"@type\":\"EntryPoint\",\"urlTemplate\":\"https:\/\/vosgesinfo.fr\/gerardmerinfo\/?s={search_term_string}\"},\"query-input\":\"required name=search_term_string\"}],\"inLanguage\":\"fr-FR\"},{\"@type\":\"Organization\",\"@id\":\"https:\/\/vosgesinfo.fr\/gerardmerinfo\/#organization\",\"name\":\"Gerardmer Info\",\"url\":\"https:\/\/vosgesinfo.fr\/gerardmerinfo\/\",\"logo\":{\"@type\":\"ImageObject\",\"inLanguage\":\"fr-FR\",\"@id\":\"https:\/\/vosgesinfo.fr\/gerardmerinfo\/#\/schema\/logo\/image\/\",\"url\":\"https:\/\/vosgesinfo.fr\/app\/uploads\/sites\/6\/2023\/08\/favicon-gerardmerinfo.png\",\"contentUrl\":\"https:\/\/vosgesinfo.fr\/app\/uploads\/sites\/6\/2023\/08\/favicon-gerardmerinfo.png\",\"width\":512,\"height\":512,\"caption\":\"Gerardmer Info\"},\"image\":{\"@id\":\"https:\/\/vosgesinfo.fr\/gerardmerinfo\/#\/schema\/logo\/image\/\"},\"sameAs\":[\"https:\/\/www.facebook.com\/profile.php?id=100049475262660\",\"https:\/\/x.com\/VosgesInfo88\",\"https:\/\/www.youtube.com\/@vosgesinfo\"]},{\"@type\":\"Person\",\"@id\":\"https:\/\/vosgesinfo.fr\/gerardmerinfo\/#\/schema\/person\/db5605779a843dad16b5368f3e7613a5\",\"name\":\"QG\",\"image\":{\"@type\":\"ImageObject\",\"inLanguage\":\"fr-FR\",\"@id\":\"https:\/\/vosgesinfo.fr\/gerardmerinfo\/#\/schema\/person\/image\/\",\"url\":\"https:\/\/secure.gravatar.com\/avatar\/ea80c42c204b534408512832fde52504ecabb9706bcb6151cf6175e5b64e6793?s=96&d=mm&r=g\",\"contentUrl\":\"https:\/\/secure.gravatar.com\/avatar\/ea80c42c204b534408512832fde52504ecabb9706bcb6151cf6175e5b64e6793?s=96&d=mm&r=g\",\"caption\":\"QG\"},\"url\":\"https:\/\/vosgesinfo.fr\/gerardmerinfo\/author\/quentin88\/\"}]}<\/script>\n<!-- \/ Yoast SEO plugin. -->","yoast_head_json":{"title":"Football - Le Groupement Espoir Montagne est lanc\u00e9 ! - Gerardmer Info","robots":{"index":"index","follow":"follow","max-snippet":"max-snippet:-1","max-image-preview":"max-image-preview:large","max-video-preview":"max-video-preview:-1"},"canonical":"https:\/\/vosgesinfo.fr\/gerardmerinfo\/2026\/09\/le-groupement-espoir-montagne-est-lance\/","twitter_card":"summary_large_image","twitter_title":"Football - Le Groupement Espoir Montagne est lanc\u00e9 ! - Gerardmer Info","twitter_description":"&nbsp; Le\u00a0Groupement Espoir Montagne (GEM)\u00a0a officiellement pris son envol. Cr\u00e9\u00e9 \u00e0 l\u2019initiative de\u00a0l\u2019AS G\u00e9rardmer Football, du FC Le Tholy et [&hellip;]","twitter_image":"https:\/\/vosgesinfo.fr\/app\/uploads\/sites\/6\/2026\/08\/groupement-espoir-montagne-3.jpg","twitter_creator":"@VosgesInfo88","twitter_site":"@VosgesInfo88","twitter_misc":{"\u00c9crit par":"QG","Dur\u00e9e de lecture estim\u00e9e":"3 minutes"},"schema":{"@context":"https:\/\/schema.org","@graph":[{"@type":"Article","@id":"https:\/\/vosgesinfo.fr\/gerardmerinfo\/2026\/09\/le-groupement-espoir-montagne-est-lance\/#article","isPartOf":{"@id":"https:\/\/vosgesinfo.fr\/gerardmerinfo\/2026\/09\/le-groupement-espoir-montagne-est-lance\/"},"author":{"name":"QG","@id":"https:\/\/vosgesinfo.fr\/gerardmerinfo\/#\/schema\/person\/db5605779a843dad16b5368f3e7613a5"},"headline":"Football &#8211; Le Groupement Espoir Montagne est lanc\u00e9 !","datePublished":"2026-09-02T03:56:21+00:00","dateModified":"2026-08-31T12:36:57+00:00","mainEntityOfPage":{"@id":"https:\/\/vosgesinfo.fr\/gerardmerinfo\/2026\/09\/le-groupement-espoir-montagne-est-lance\/"},"wordCount":576,"commentCount":0,"publisher":{"@id":"https:\/\/vosgesinfo.fr\/gerardmerinfo\/#organization"},"image":{"@id":"https:\/\/vosgesinfo.fr\/gerardmerinfo\/2026\/09\/le-groupement-espoir-montagne-est-lance\/#primaryimage"},"thumbnailUrl":"https:\/\/vosgesinfo.fr\/app\/uploads\/sites\/6\/2026\/08\/groupement-espoir-montagne-3.jpg","keywords":["Groupement Espoir Montagne"],"articleSection":["A la une","Gerardmer","Sport","Vosges"],"inLanguage":"fr-FR","potentialAction":[{"@type":"CommentAction","name":"Comment","target":["https:\/\/vosgesinfo.fr\/gerardmerinfo\/2026\/09\/le-groupement-espoir-montagne-est-lance\/#respond"]}]},{"@type":"WebPage","@id":"https:\/\/vosgesinfo.fr\/gerardmerinfo\/2026\/09\/le-groupement-espoir-montagne-est-lance\/","url":"https:\/\/vosgesinfo.fr\/gerardmerinfo\/2026\/09\/le-groupement-espoir-montagne-est-lance\/","name":"Football - Le Groupement Espoir Montagne est lanc\u00e9 ! - Gerardmer Info","isPartOf":{"@id":"https:\/\/vosgesinfo.fr\/gerardmerinfo\/#website"},"primaryImageOfPage":{"@id":"https:\/\/vosgesinfo.fr\/gerardmerinfo\/2026\/09\/le-groupement-espoir-montagne-est-lance\/#primaryimage"},"image":{"@id":"https:\/\/vosgesinfo.fr\/gerardmerinfo\/2026\/09\/le-groupement-espoir-montagne-est-lance\/#primaryimage"},"thumbnailUrl":"https:\/\/vosgesinfo.fr\/app\/uploads\/sites\/6\/2026\/08\/groupement-espoir-montagne-3.jpg","datePublished":"2026-09-02T03:56:21+00:00","dateModified":"2026-08-31T12:36:57+00:00","breadcrumb":{"@id":"https:\/\/vosgesinfo.fr\/gerardmerinfo\/2026\/09\/le-groupement-espoir-montagne-est-lance\/#breadcrumb"},"inLanguage":"fr-FR","potentialAction":[{"@type":"ReadAction","target":["https:\/\/vosgesinfo.fr\/gerardmerinfo\/2026\/09\/le-groupement-espoir-montagne-est-lance\/"]}]},{"@type":"ImageObject","inLanguage":"fr-FR","@id":"https:\/\/vosgesinfo.fr\/gerardmerinfo\/2026\/09\/le-groupement-espoir-montagne-est-lance\/#primaryimage","url":"https:\/\/vosgesinfo.fr\/app\/uploads\/sites\/6\/2026\/08\/groupement-espoir-montagne-3.jpg","contentUrl":"https:\/\/vosgesinfo.fr\/app\/uploads\/sites\/6\/2026\/08\/groupement-espoir-montagne-3.jpg","width":480,"height":640},{"@type":"BreadcrumbList","@id":"https:\/\/vosgesinfo.fr\/gerardmerinfo\/2026\/09\/le-groupement-espoir-montagne-est-lance\/#breadcrumb","itemListElement":[{"@type":"ListItem","position":1,"name":"Home","item":"https:\/\/vosgesinfo.fr\/gerardmerinfo\/"},{"@type":"ListItem","position":2,"name":"Football &#8211; Le Groupement Espoir Montagne est lanc\u00e9 !"}]},{"@type":"WebSite","@id":"https:\/\/vosgesinfo.fr\/gerardmerinfo\/#website","url":"https:\/\/vosgesinfo.fr\/gerardmerinfo\/","name":"Gerardmer Info","description":"Toute l&#039;actualit\u00e9 de G\u00e9rardmer","publisher":{"@id":"https:\/\/vosgesinfo.fr\/gerardmerinfo\/#organization"},"alternateName":"Toute l'actualit\u00e9 de G\u00e9rardmer","potentialAction":[{"@type":"SearchAction","target":{"@type":"EntryPoint","urlTemplate":"https:\/\/vosgesinfo.fr\/gerardmerinfo\/?s={search_term_string}"},"query-input":"required name=search_term_string"}],"inLanguage":"fr-FR"},{"@type":"Organization","@id":"https:\/\/vosgesinfo.fr\/gerardmerinfo\/#organization","name":"Gerardmer Info","url":"https:\/\/vosgesinfo.fr\/gerardmerinfo\/","logo":{"@type":"ImageObject","inLanguage":"fr-FR","@id":"https:\/\/vosgesinfo.fr\/gerardmerinfo\/#\/schema\/logo\/image\/","url":"https:\/\/vosgesinfo.fr\/app\/uploads\/sites\/6\/2023\/08\/favicon-gerardmerinfo.png","contentUrl":"https:\/\/vosgesinfo.fr\/app\/uploads\/sites\/6\/2023\/08\/favicon-gerardmerinfo.png","width":512,"height":512,"caption":"Gerardmer Info"},"image":{"@id":"https:\/\/vosgesinfo.fr\/gerardmerinfo\/#\/schema\/logo\/image\/"},"sameAs":["https:\/\/www.facebook.com\/profile.php?id=100049475262660","https:\/\/x.com\/VosgesInfo88","https:\/\/www.youtube.com\/@vosgesinfo"]},{"@type":"Person","@id":"https:\/\/vosgesinfo.fr\/gerardmerinfo\/#\/schema\/person\/db5605779a843dad16b5368f3e7613a5","name":"QG","image":{"@type":"ImageObject","inLanguage":"fr-FR","@id":"https:\/\/vosgesinfo.fr\/gerardmerinfo\/#\/schema\/person\/image\/","url":"https:\/\/secure.gravatar.com\/avatar\/ea80c42c204b534408512832fde52504ecabb9706bcb6151cf6175e5b64e6793?s=96&d=mm&r=g","contentUrl":"https:\/\/secure.gravatar.com\/avatar\/ea80c42c204b534408512832fde52504ecabb9706bcb6151cf6175e5b64e6793?s=96&d=mm&r=g","caption":"QG"},"url":"https:\/\/vosgesinfo.fr\/gerardmerinfo\/author\/quentin88\/"}]}},"_links":{"self":[{"href":"https:\/\/vosgesinfo.fr\/gerardmerinfo\/wp-json\/wp\/v2\/posts\/95247","targetHints":{"allow":["GET"]}}],"collection":[{"href":"https:\/\/vosgesinfo.fr\/gerardmerinfo\/wp-json\/wp\/v2\/posts"}],"about":[{"href":"https:\/\/vosgesinfo.fr\/gerardmerinfo\/wp-json\/wp\/v2\/types\/post"}],"author":[{"embeddable":true,"href":"https:\/\/vosgesinfo.fr\/gerardmerinfo\/wp-json\/wp\/v2\/users\/42"}],"replies":[{"embeddable":true,"href":"https:\/\/vosgesinfo.fr\/gerardmerinfo\/wp-json\/wp\/v2\/comments?post=95247"}],"version-history":[{"count":3,"href":"https:\/\/vosgesinfo.fr\/gerardmerinfo\/wp-json\/wp\/v2\/posts\/95247\/revisions"}],"predecessor-version":[{"id":95260,"href":"https:\/\/vosgesinfo.fr\/gerardmerinfo\/wp-json\/wp\/v2\/posts\/95247\/revisions\/95260"}],"wp:featuredmedia":[{"embeddable":true,"href":"https:\/\/vosgesinfo.fr\/gerardmerinfo\/wp-json\/wp\/v2\/media\/95253"}],"wp:attachment":[{"href":"https:\/\/vosgesinfo.fr\/gerardmerinfo\/wp-json\/wp\/v2\/media?parent=95247"}],"wp:term":[{"taxonomy":"category","embeddable":true,"href":"https:\/\/vosgesinfo.fr\/gerardmerinfo\/wp-json\/wp\/v2\/categories?post=95247"},{"taxonomy":"post_tag","embeddable":true,"href":"https:\/\/vosgesinfo.fr\/gerardmerinfo\/wp-json\/wp\/v2\/tags?post=95247"}],"curies":[{"name":"wp","href":"https:\/\/api.w.org\/{rel}","templated":true}]}}