{"id":95248,"date":"2026-08-31T13:53:04","date_gmt":"2026-08-31T11:53:04","guid":{"rendered":"https:\/\/vosgesinfo.fr\/gerardmerinfo\/?p=95248"},"modified":"2026-08-31T13:53:04","modified_gmt":"2026-08-31T11:53:04","slug":"corcieux-les-chantiers-eau-et-pierre-ouvrent-leurs-portes-avant-de-changer-didentite","status":"publish","type":"post","link":"https:\/\/vosgesinfo.fr\/gerardmerinfo\/2026\/08\/corcieux-les-chantiers-eau-et-pierre-ouvrent-leurs-portes-avant-de-changer-didentite\/","title":{"rendered":"Corcieux : les Chantiers Eau et Pierre ouvrent leurs portes avant de changer d\u2019identit\u00e9"},"content":{"rendered":"<h2><a href=\"https:\/\/vosgesinfo.fr\/app\/uploads\/sites\/4\/2026\/08\/corcieux-chantiers-eaupierre-logo.jpg\"><img decoding=\"async\" class=\"alignnone size-large wp-image-95569\" src=\"https:\/\/vosgesinfo.fr\/app\/uploads\/sites\/4\/2026\/08\/corcieux-chantiers-eaupierre-logo-1024x576.jpg\" alt=\"\" width=\"1024\" height=\"576\" \/><\/a><\/h2>\n<h2>Les <strong>Chantiers Eau et Pierre de Corcieux<\/strong> changent de nom apr\u00e8s <strong>plus de vingt ans d\u2019activit\u00e9<\/strong>. La structure deviendra officiellement <strong>Brigades Nature Vosges ce jeudi 3 septembre<\/strong>, \u00e0 l\u2019occasion d\u2019une journ\u00e9e <strong>portes ouvertes<\/strong> organis\u00e9e de 10 h 30 \u00e0 16 h 30 (1596, rue de la Gare). Sur place, le public pourra d\u00e9couvrir les \u00e9quipes, leurs activit\u00e9s et les diff\u00e9rents chantiers r\u00e9alis\u00e9s sur le territoire.<\/h2>\n<p><!--more--><\/p>\n<h3><strong>Un nouveau nom \u00e0 partir de ce jeudi<\/strong><\/h3>\n<p>Ce changement d\u2019identit\u00e9 viendra concr\u00e9tiser <strong>l\u2019int\u00e9gration engag\u00e9e en 2025<\/strong> au sein des <strong>Brigades Nature<\/strong>, un r\u00e9seau national regroupant des ateliers et chantiers d\u2019insertion sp\u00e9cialis\u00e9s dans la gestion \u00e9cologique des espaces naturels et des espaces verts.<\/p>\n<p>\u00ab Notre int\u00e9gration aux Brigades Nature a permis <strong>une ouverture \u00e0 un r\u00e9seau national, \u00e0 des outils partag\u00e9s et \u00e0 une culture commune<\/strong> de l\u2019insertion par le travail et de l\u2019engagement environnemental. Nous sommes tr\u00e8s heureux <strong>d\u2019inscrire notre engagement dans ce collectif \u00e0 travers ce changement de nom<\/strong>. \u00bb explique <strong>Nathalie Mougel<\/strong>, directrice des Chantiers Eau et Pierre \/ Brigades Nature Vosges.<\/p>\n<h3><strong>22 salari\u00e9s en insertion<\/strong><\/h3>\n<p><strong>Atelier et Chantier d\u2019Insertion<\/strong>, la structure accompagne actuellement <strong>22 salari\u00e9s en insertion<\/strong>, dont un salari\u00e9 en CDII, avec une \u00e9quipe de <strong>cinq permanents<\/strong>. Elle est conventionn\u00e9e pour 17,5 \u00e9quivalents temps plein d\u2019insertion.<\/p>\n<p>Les \u00e9quipes interviennent notamment dans le <strong>d\u00e9broussaillage et l\u2019entretien des espaces naturels, la cr\u00e9ation et l\u2019entretien de jardins et d\u2019espaces verts, la ma\u00e7onnerie paysag\u00e8re, la restauration du patrimoine ainsi que l\u2019am\u00e9nagement de cours d\u2019eau et de zones humides<\/strong>. Ces chantiers permettent aux salari\u00e9s de <strong>d\u00e9velopper leurs comp\u00e9tences<\/strong> tout en b\u00e9n\u00e9ficiant d\u2019un accompagnement socioprofessionnel vers l\u2019emploi durable.<\/p>\n<h3><strong>Des activit\u00e9s \u00e0 d\u00e9couvrir lors des portes ouvertes<\/strong><\/h3>\n<p>Diff\u00e9rentes activit\u00e9s qui seront pr\u00e9sent\u00e9es au public lors de <strong>la journ\u00e9e portes ouvertes<\/strong>. Celle-ci d\u00e9butera \u00e0 10 h 30 avec <strong>l\u2019accueil des visiteurs et la d\u00e9couverte des activit\u00e9s et des chantiers<\/strong>. Une restauration et une buvette seront disponibles sur place \u00e0 l\u2019heure du d\u00e9jeuner, avant <strong>le lancement officiel de la nouvelle identit\u00e9 \u00e0 15 h 30<\/strong>.<\/p>\n","protected":false},"excerpt":{"rendered":"<p>Les Chantiers Eau et Pierre de Corcieux changent de nom apr\u00e8s plus de vingt ans d\u2019activit\u00e9. La structure deviendra officiellement [&hellip;]<\/p>\n","protected":false},"author":46,"featured_media":95249,"comment_status":"open","ping_status":"open","sticky":false,"template":"","format":"standard","meta":{"footnotes":""},"categories":[20,871,25,17],"tags":[9601,9602,635,8423,9603],"class_list":["post-95248","post","type-post","status-publish","format-standard","has-post-thumbnail","hentry","category-a-la-une","category-deodatie","category-gerardmer","category-vie-associative","tag-brigades-nature-vosges","tag-chantiers-eau-et-pierre","tag-corcieux","tag-insertion-professionnelle","tag-nathalie-mougel"],"acf":[],"yoast_head":"<!-- This site is optimized with the Yoast SEO plugin v22.5 - https:\/\/yoast.com\/wordpress\/plugins\/seo\/ -->\n<title>Corcieux : les Chantiers Eau et Pierre ouvrent leurs portes avant de changer d\u2019identit\u00e9 - Gerardmer Info<\/title>\n<meta name=\"robots\" content=\"index, follow, max-snippet:-1, max-image-preview:large, max-video-preview:-1\" \/>\n<link rel=\"canonical\" href=\"https:\/\/vosgesinfo.fr\/gerardmerinfo\/2026\/08\/corcieux-les-chantiers-eau-et-pierre-ouvrent-leurs-portes-avant-de-changer-didentite\/\" \/>\n<meta name=\"twitter:card\" content=\"summary_large_image\" \/>\n<meta name=\"twitter:title\" content=\"Corcieux : les Chantiers Eau et Pierre ouvrent leurs portes avant de changer d\u2019identit\u00e9 - Gerardmer Info\" \/>\n<meta name=\"twitter:description\" content=\"Les Chantiers Eau et Pierre de Corcieux changent de nom apr\u00e8s plus de vingt ans d\u2019activit\u00e9. La structure deviendra officiellement [&hellip;]\" \/>\n<meta name=\"twitter:image\" content=\"https:\/\/vosgesinfo.fr\/app\/uploads\/sites\/6\/2026\/08\/corcieux-chantiers-eaupierre-logo.jpg\" \/>\n<meta name=\"twitter:creator\" content=\"@VosgesInfo88\" \/>\n<meta name=\"twitter:site\" content=\"@VosgesInfo88\" \/>\n<meta name=\"twitter:label1\" content=\"\u00c9crit par\" \/>\n\t<meta name=\"twitter:data1\" content=\"J.J.\" \/>\n\t<meta name=\"twitter:label2\" content=\"Dur\u00e9e de lecture estim\u00e9e\" \/>\n\t<meta name=\"twitter:data2\" content=\"2 minutes\" \/>\n<script type=\"application\/ld+json\" class=\"yoast-schema-graph\">{\"@context\":\"https:\/\/schema.org\",\"@graph\":[{\"@type\":\"Article\",\"@id\":\"https:\/\/vosgesinfo.fr\/gerardmerinfo\/2026\/08\/corcieux-les-chantiers-eau-et-pierre-ouvrent-leurs-portes-avant-de-changer-didentite\/#article\",\"isPartOf\":{\"@id\":\"https:\/\/vosgesinfo.fr\/gerardmerinfo\/2026\/08\/corcieux-les-chantiers-eau-et-pierre-ouvrent-leurs-portes-avant-de-changer-didentite\/\"},\"author\":{\"name\":\"J.J.\",\"@id\":\"https:\/\/vosgesinfo.fr\/gerardmerinfo\/#\/schema\/person\/fa73e9f726d67bb88f46d5b7943cb572\"},\"headline\":\"Corcieux : les Chantiers Eau et Pierre ouvrent leurs portes avant de changer d\u2019identit\u00e9\",\"datePublished\":\"2026-08-31T11:53:04+00:00\",\"dateModified\":\"2026-08-31T11:53:04+00:00\",\"mainEntityOfPage\":{\"@id\":\"https:\/\/vosgesinfo.fr\/gerardmerinfo\/2026\/08\/corcieux-les-chantiers-eau-et-pierre-ouvrent-leurs-portes-avant-de-changer-didentite\/\"},\"wordCount\":374,\"commentCount\":0,\"publisher\":{\"@id\":\"https:\/\/vosgesinfo.fr\/gerardmerinfo\/#organization\"},\"image\":{\"@id\":\"https:\/\/vosgesinfo.fr\/gerardmerinfo\/2026\/08\/corcieux-les-chantiers-eau-et-pierre-ouvrent-leurs-portes-avant-de-changer-didentite\/#primaryimage\"},\"thumbnailUrl\":\"https:\/\/vosgesinfo.fr\/app\/uploads\/sites\/6\/2026\/08\/corcieux-chantiers-eaupierre-logo.jpg\",\"keywords\":[\"Brigades Nature Vosges\",\"Chantiers Eau et Pierre\",\"corcieux\",\"insertion professionnelle\",\"Nathalie Mougel\"],\"articleSection\":[\"A la une\",\"D\u00e9odatie\",\"G\u00e9rardmer\",\"Vie Associative\"],\"inLanguage\":\"fr-FR\",\"potentialAction\":[{\"@type\":\"CommentAction\",\"name\":\"Comment\",\"target\":[\"https:\/\/vosgesinfo.fr\/gerardmerinfo\/2026\/08\/corcieux-les-chantiers-eau-et-pierre-ouvrent-leurs-portes-avant-de-changer-didentite\/#respond\"]}]},{\"@type\":\"WebPage\",\"@id\":\"https:\/\/vosgesinfo.fr\/gerardmerinfo\/2026\/08\/corcieux-les-chantiers-eau-et-pierre-ouvrent-leurs-portes-avant-de-changer-didentite\/\",\"url\":\"https:\/\/vosgesinfo.fr\/gerardmerinfo\/2026\/08\/corcieux-les-chantiers-eau-et-pierre-ouvrent-leurs-portes-avant-de-changer-didentite\/\",\"name\":\"Corcieux : les Chantiers Eau et Pierre ouvrent leurs portes avant de changer d\u2019identit\u00e9 - Gerardmer Info\",\"isPartOf\":{\"@id\":\"https:\/\/vosgesinfo.fr\/gerardmerinfo\/#website\"},\"primaryImageOfPage\":{\"@id\":\"https:\/\/vosgesinfo.fr\/gerardmerinfo\/2026\/08\/corcieux-les-chantiers-eau-et-pierre-ouvrent-leurs-portes-avant-de-changer-didentite\/#primaryimage\"},\"image\":{\"@id\":\"https:\/\/vosgesinfo.fr\/gerardmerinfo\/2026\/08\/corcieux-les-chantiers-eau-et-pierre-ouvrent-leurs-portes-avant-de-changer-didentite\/#primaryimage\"},\"thumbnailUrl\":\"https:\/\/vosgesinfo.fr\/app\/uploads\/sites\/6\/2026\/08\/corcieux-chantiers-eaupierre-logo.jpg\",\"datePublished\":\"2026-08-31T11:53:04+00:00\",\"dateModified\":\"2026-08-31T11:53:04+00:00\",\"breadcrumb\":{\"@id\":\"https:\/\/vosgesinfo.fr\/gerardmerinfo\/2026\/08\/corcieux-les-chantiers-eau-et-pierre-ouvrent-leurs-portes-avant-de-changer-didentite\/#breadcrumb\"},\"inLanguage\":\"fr-FR\",\"potentialAction\":[{\"@type\":\"ReadAction\",\"target\":[\"https:\/\/vosgesinfo.fr\/gerardmerinfo\/2026\/08\/corcieux-les-chantiers-eau-et-pierre-ouvrent-leurs-portes-avant-de-changer-didentite\/\"]}]},{\"@type\":\"ImageObject\",\"inLanguage\":\"fr-FR\",\"@id\":\"https:\/\/vosgesinfo.fr\/gerardmerinfo\/2026\/08\/corcieux-les-chantiers-eau-et-pierre-ouvrent-leurs-portes-avant-de-changer-didentite\/#primaryimage\",\"url\":\"https:\/\/vosgesinfo.fr\/app\/uploads\/sites\/6\/2026\/08\/corcieux-chantiers-eaupierre-logo.jpg\",\"contentUrl\":\"https:\/\/vosgesinfo.fr\/app\/uploads\/sites\/6\/2026\/08\/corcieux-chantiers-eaupierre-logo.jpg\",\"width\":1672,\"height\":941},{\"@type\":\"BreadcrumbList\",\"@id\":\"https:\/\/vosgesinfo.fr\/gerardmerinfo\/2026\/08\/corcieux-les-chantiers-eau-et-pierre-ouvrent-leurs-portes-avant-de-changer-didentite\/#breadcrumb\",\"itemListElement\":[{\"@type\":\"ListItem\",\"position\":1,\"name\":\"Home\",\"item\":\"https:\/\/vosgesinfo.fr\/gerardmerinfo\/\"},{\"@type\":\"ListItem\",\"position\":2,\"name\":\"Corcieux : les Chantiers Eau et Pierre ouvrent leurs portes avant de changer d\u2019identit\u00e9\"}]},{\"@type\":\"WebSite\",\"@id\":\"https:\/\/vosgesinfo.fr\/gerardmerinfo\/#website\",\"url\":\"https:\/\/vosgesinfo.fr\/gerardmerinfo\/\",\"name\":\"Gerardmer Info\",\"description\":\"Toute l&#039;actualit\u00e9 de G\u00e9rardmer\",\"publisher\":{\"@id\":\"https:\/\/vosgesinfo.fr\/gerardmerinfo\/#organization\"},\"alternateName\":\"Toute l'actualit\u00e9 de G\u00e9rardmer\",\"potentialAction\":[{\"@type\":\"SearchAction\",\"target\":{\"@type\":\"EntryPoint\",\"urlTemplate\":\"https:\/\/vosgesinfo.fr\/gerardmerinfo\/?s={search_term_string}\"},\"query-input\":\"required name=search_term_string\"}],\"inLanguage\":\"fr-FR\"},{\"@type\":\"Organization\",\"@id\":\"https:\/\/vosgesinfo.fr\/gerardmerinfo\/#organization\",\"name\":\"Gerardmer Info\",\"url\":\"https:\/\/vosgesinfo.fr\/gerardmerinfo\/\",\"logo\":{\"@type\":\"ImageObject\",\"inLanguage\":\"fr-FR\",\"@id\":\"https:\/\/vosgesinfo.fr\/gerardmerinfo\/#\/schema\/logo\/image\/\",\"url\":\"https:\/\/vosgesinfo.fr\/app\/uploads\/sites\/6\/2023\/08\/favicon-gerardmerinfo.png\",\"contentUrl\":\"https:\/\/vosgesinfo.fr\/app\/uploads\/sites\/6\/2023\/08\/favicon-gerardmerinfo.png\",\"width\":512,\"height\":512,\"caption\":\"Gerardmer Info\"},\"image\":{\"@id\":\"https:\/\/vosgesinfo.fr\/gerardmerinfo\/#\/schema\/logo\/image\/\"},\"sameAs\":[\"https:\/\/www.facebook.com\/profile.php?id=100049475262660\",\"https:\/\/x.com\/VosgesInfo88\",\"https:\/\/www.youtube.com\/@vosgesinfo\"]},{\"@type\":\"Person\",\"@id\":\"https:\/\/vosgesinfo.fr\/gerardmerinfo\/#\/schema\/person\/fa73e9f726d67bb88f46d5b7943cb572\",\"name\":\"J.J.\",\"image\":{\"@type\":\"ImageObject\",\"inLanguage\":\"fr-FR\",\"@id\":\"https:\/\/vosgesinfo.fr\/gerardmerinfo\/#\/schema\/person\/image\/\",\"url\":\"https:\/\/secure.gravatar.com\/avatar\/219e749e47ffbcca018a360ae4add7d4cdf1cdaaf8bc7676b27efade3fe65615?s=96&d=mm&r=g\",\"contentUrl\":\"https:\/\/secure.gravatar.com\/avatar\/219e749e47ffbcca018a360ae4add7d4cdf1cdaaf8bc7676b27efade3fe65615?s=96&d=mm&r=g\",\"caption\":\"J.J.\"},\"url\":\"https:\/\/vosgesinfo.fr\/gerardmerinfo\/author\/j-j\/\"}]}<\/script>\n<!-- \/ Yoast SEO plugin. -->","yoast_head_json":{"title":"Corcieux : les Chantiers Eau et Pierre ouvrent leurs portes avant de changer d\u2019identit\u00e9 - Gerardmer Info","robots":{"index":"index","follow":"follow","max-snippet":"max-snippet:-1","max-image-preview":"max-image-preview:large","max-video-preview":"max-video-preview:-1"},"canonical":"https:\/\/vosgesinfo.fr\/gerardmerinfo\/2026\/08\/corcieux-les-chantiers-eau-et-pierre-ouvrent-leurs-portes-avant-de-changer-didentite\/","twitter_card":"summary_large_image","twitter_title":"Corcieux : les Chantiers Eau et Pierre ouvrent leurs portes avant de changer d\u2019identit\u00e9 - Gerardmer Info","twitter_description":"Les Chantiers Eau et Pierre de Corcieux changent de nom apr\u00e8s plus de vingt ans d\u2019activit\u00e9. La structure deviendra officiellement [&hellip;]","twitter_image":"https:\/\/vosgesinfo.fr\/app\/uploads\/sites\/6\/2026\/08\/corcieux-chantiers-eaupierre-logo.jpg","twitter_creator":"@VosgesInfo88","twitter_site":"@VosgesInfo88","twitter_misc":{"\u00c9crit par":"J.J.","Dur\u00e9e de lecture estim\u00e9e":"2 minutes"},"schema":{"@context":"https:\/\/schema.org","@graph":[{"@type":"Article","@id":"https:\/\/vosgesinfo.fr\/gerardmerinfo\/2026\/08\/corcieux-les-chantiers-eau-et-pierre-ouvrent-leurs-portes-avant-de-changer-didentite\/#article","isPartOf":{"@id":"https:\/\/vosgesinfo.fr\/gerardmerinfo\/2026\/08\/corcieux-les-chantiers-eau-et-pierre-ouvrent-leurs-portes-avant-de-changer-didentite\/"},"author":{"name":"J.J.","@id":"https:\/\/vosgesinfo.fr\/gerardmerinfo\/#\/schema\/person\/fa73e9f726d67bb88f46d5b7943cb572"},"headline":"Corcieux : les Chantiers Eau et Pierre ouvrent leurs portes avant de changer d\u2019identit\u00e9","datePublished":"2026-08-31T11:53:04+00:00","dateModified":"2026-08-31T11:53:04+00:00","mainEntityOfPage":{"@id":"https:\/\/vosgesinfo.fr\/gerardmerinfo\/2026\/08\/corcieux-les-chantiers-eau-et-pierre-ouvrent-leurs-portes-avant-de-changer-didentite\/"},"wordCount":374,"commentCount":0,"publisher":{"@id":"https:\/\/vosgesinfo.fr\/gerardmerinfo\/#organization"},"image":{"@id":"https:\/\/vosgesinfo.fr\/gerardmerinfo\/2026\/08\/corcieux-les-chantiers-eau-et-pierre-ouvrent-leurs-portes-avant-de-changer-didentite\/#primaryimage"},"thumbnailUrl":"https:\/\/vosgesinfo.fr\/app\/uploads\/sites\/6\/2026\/08\/corcieux-chantiers-eaupierre-logo.jpg","keywords":["Brigades Nature Vosges","Chantiers Eau et Pierre","corcieux","insertion professionnelle","Nathalie Mougel"],"articleSection":["A la une","D\u00e9odatie","G\u00e9rardmer","Vie Associative"],"inLanguage":"fr-FR","potentialAction":[{"@type":"CommentAction","name":"Comment","target":["https:\/\/vosgesinfo.fr\/gerardmerinfo\/2026\/08\/corcieux-les-chantiers-eau-et-pierre-ouvrent-leurs-portes-avant-de-changer-didentite\/#respond"]}]},{"@type":"WebPage","@id":"https:\/\/vosgesinfo.fr\/gerardmerinfo\/2026\/08\/corcieux-les-chantiers-eau-et-pierre-ouvrent-leurs-portes-avant-de-changer-didentite\/","url":"https:\/\/vosgesinfo.fr\/gerardmerinfo\/2026\/08\/corcieux-les-chantiers-eau-et-pierre-ouvrent-leurs-portes-avant-de-changer-didentite\/","name":"Corcieux : les Chantiers Eau et Pierre ouvrent leurs portes avant de changer d\u2019identit\u00e9 - Gerardmer Info","isPartOf":{"@id":"https:\/\/vosgesinfo.fr\/gerardmerinfo\/#website"},"primaryImageOfPage":{"@id":"https:\/\/vosgesinfo.fr\/gerardmerinfo\/2026\/08\/corcieux-les-chantiers-eau-et-pierre-ouvrent-leurs-portes-avant-de-changer-didentite\/#primaryimage"},"image":{"@id":"https:\/\/vosgesinfo.fr\/gerardmerinfo\/2026\/08\/corcieux-les-chantiers-eau-et-pierre-ouvrent-leurs-portes-avant-de-changer-didentite\/#primaryimage"},"thumbnailUrl":"https:\/\/vosgesinfo.fr\/app\/uploads\/sites\/6\/2026\/08\/corcieux-chantiers-eaupierre-logo.jpg","datePublished":"2026-08-31T11:53:04+00:00","dateModified":"2026-08-31T11:53:04+00:00","breadcrumb":{"@id":"https:\/\/vosgesinfo.fr\/gerardmerinfo\/2026\/08\/corcieux-les-chantiers-eau-et-pierre-ouvrent-leurs-portes-avant-de-changer-didentite\/#breadcrumb"},"inLanguage":"fr-FR","potentialAction":[{"@type":"ReadAction","target":["https:\/\/vosgesinfo.fr\/gerardmerinfo\/2026\/08\/corcieux-les-chantiers-eau-et-pierre-ouvrent-leurs-portes-avant-de-changer-didentite\/"]}]},{"@type":"ImageObject","inLanguage":"fr-FR","@id":"https:\/\/vosgesinfo.fr\/gerardmerinfo\/2026\/08\/corcieux-les-chantiers-eau-et-pierre-ouvrent-leurs-portes-avant-de-changer-didentite\/#primaryimage","url":"https:\/\/vosgesinfo.fr\/app\/uploads\/sites\/6\/2026\/08\/corcieux-chantiers-eaupierre-logo.jpg","contentUrl":"https:\/\/vosgesinfo.fr\/app\/uploads\/sites\/6\/2026\/08\/corcieux-chantiers-eaupierre-logo.jpg","width":1672,"height":941},{"@type":"BreadcrumbList","@id":"https:\/\/vosgesinfo.fr\/gerardmerinfo\/2026\/08\/corcieux-les-chantiers-eau-et-pierre-ouvrent-leurs-portes-avant-de-changer-didentite\/#breadcrumb","itemListElement":[{"@type":"ListItem","position":1,"name":"Home","item":"https:\/\/vosgesinfo.fr\/gerardmerinfo\/"},{"@type":"ListItem","position":2,"name":"Corcieux : les Chantiers Eau et Pierre ouvrent leurs portes avant de changer d\u2019identit\u00e9"}]},{"@type":"WebSite","@id":"https:\/\/vosgesinfo.fr\/gerardmerinfo\/#website","url":"https:\/\/vosgesinfo.fr\/gerardmerinfo\/","name":"Gerardmer Info","description":"Toute l&#039;actualit\u00e9 de G\u00e9rardmer","publisher":{"@id":"https:\/\/vosgesinfo.fr\/gerardmerinfo\/#organization"},"alternateName":"Toute l'actualit\u00e9 de G\u00e9rardmer","potentialAction":[{"@type":"SearchAction","target":{"@type":"EntryPoint","urlTemplate":"https:\/\/vosgesinfo.fr\/gerardmerinfo\/?s={search_term_string}"},"query-input":"required name=search_term_string"}],"inLanguage":"fr-FR"},{"@type":"Organization","@id":"https:\/\/vosgesinfo.fr\/gerardmerinfo\/#organization","name":"Gerardmer Info","url":"https:\/\/vosgesinfo.fr\/gerardmerinfo\/","logo":{"@type":"ImageObject","inLanguage":"fr-FR","@id":"https:\/\/vosgesinfo.fr\/gerardmerinfo\/#\/schema\/logo\/image\/","url":"https:\/\/vosgesinfo.fr\/app\/uploads\/sites\/6\/2023\/08\/favicon-gerardmerinfo.png","contentUrl":"https:\/\/vosgesinfo.fr\/app\/uploads\/sites\/6\/2023\/08\/favicon-gerardmerinfo.png","width":512,"height":512,"caption":"Gerardmer Info"},"image":{"@id":"https:\/\/vosgesinfo.fr\/gerardmerinfo\/#\/schema\/logo\/image\/"},"sameAs":["https:\/\/www.facebook.com\/profile.php?id=100049475262660","https:\/\/x.com\/VosgesInfo88","https:\/\/www.youtube.com\/@vosgesinfo"]},{"@type":"Person","@id":"https:\/\/vosgesinfo.fr\/gerardmerinfo\/#\/schema\/person\/fa73e9f726d67bb88f46d5b7943cb572","name":"J.J.","image":{"@type":"ImageObject","inLanguage":"fr-FR","@id":"https:\/\/vosgesinfo.fr\/gerardmerinfo\/#\/schema\/person\/image\/","url":"https:\/\/secure.gravatar.com\/avatar\/219e749e47ffbcca018a360ae4add7d4cdf1cdaaf8bc7676b27efade3fe65615?s=96&d=mm&r=g","contentUrl":"https:\/\/secure.gravatar.com\/avatar\/219e749e47ffbcca018a360ae4add7d4cdf1cdaaf8bc7676b27efade3fe65615?s=96&d=mm&r=g","caption":"J.J."},"url":"https:\/\/vosgesinfo.fr\/gerardmerinfo\/author\/j-j\/"}]}},"_links":{"self":[{"href":"https:\/\/vosgesinfo.fr\/gerardmerinfo\/wp-json\/wp\/v2\/posts\/95248","targetHints":{"allow":["GET"]}}],"collection":[{"href":"https:\/\/vosgesinfo.fr\/gerardmerinfo\/wp-json\/wp\/v2\/posts"}],"about":[{"href":"https:\/\/vosgesinfo.fr\/gerardmerinfo\/wp-json\/wp\/v2\/types\/post"}],"author":[{"embeddable":true,"href":"https:\/\/vosgesinfo.fr\/gerardmerinfo\/wp-json\/wp\/v2\/users\/46"}],"replies":[{"embeddable":true,"href":"https:\/\/vosgesinfo.fr\/gerardmerinfo\/wp-json\/wp\/v2\/comments?post=95248"}],"version-history":[{"count":1,"href":"https:\/\/vosgesinfo.fr\/gerardmerinfo\/wp-json\/wp\/v2\/posts\/95248\/revisions"}],"predecessor-version":[{"id":95256,"href":"https:\/\/vosgesinfo.fr\/gerardmerinfo\/wp-json\/wp\/v2\/posts\/95248\/revisions\/95256"}],"wp:featuredmedia":[{"embeddable":true,"href":"https:\/\/vosgesinfo.fr\/gerardmerinfo\/wp-json\/wp\/v2\/media\/95249"}],"wp:attachment":[{"href":"https:\/\/vosgesinfo.fr\/gerardmerinfo\/wp-json\/wp\/v2\/media?parent=95248"}],"wp:term":[{"taxonomy":"category","embeddable":true,"href":"https:\/\/vosgesinfo.fr\/gerardmerinfo\/wp-json\/wp\/v2\/categories?post=95248"},{"taxonomy":"post_tag","embeddable":true,"href":"https:\/\/vosgesinfo.fr\/gerardmerinfo\/wp-json\/wp\/v2\/tags?post=95248"}],"curies":[{"name":"wp","href":"https:\/\/api.w.org\/{rel}","templated":true}]}}