{"id":95266,"date":"2026-08-31T17:03:37","date_gmt":"2026-08-31T15:03:37","guid":{"rendered":"https:\/\/vosgesinfo.fr\/gerardmerinfo\/?p=95266"},"modified":"2026-08-31T17:03:37","modified_gmt":"2026-08-31T15:03:37","slug":"une-rentree-ludique-facon-cluedo-au-pole-de-formations-paramedicales-deodatien","status":"publish","type":"post","link":"https:\/\/vosgesinfo.fr\/gerardmerinfo\/2026\/08\/une-rentree-ludique-facon-cluedo-au-pole-de-formations-paramedicales-deodatien\/","title":{"rendered":"Une rentr\u00e9e ludique fa\u00e7on \u00ab\u00a0Cluedo\u00a0\u00bb au P\u00f4le de Formations Param\u00e9dicales D\u00e9odatien"},"content":{"rendered":"<h2><a href=\"https:\/\/vosgesinfo.fr\/app\/uploads\/sites\/4\/2026\/08\/rentreejournee-integration-pole-formations-paramedicales-deodatien-2.jpg\"><img decoding=\"async\" class=\"alignnone size-large wp-image-95576\" src=\"https:\/\/vosgesinfo.fr\/app\/uploads\/sites\/4\/2026\/08\/rentreejournee-integration-pole-formations-paramedicales-deodatien-2-1024x771.jpg\" alt=\"\" width=\"1024\" height=\"771\" \/><\/a><\/h2>\n<h2>Le <strong>P\u00f4le de Formations Param\u00e9dicales D\u00e9odatien<\/strong> faisait sa troisi\u00e8me rentr\u00e9e en ce <strong>lundi 31 ao\u00fbt<\/strong>, avec une formule diff\u00e9rente des deux pr\u00e9c\u00e9dentes. Apr\u00e8s une matin\u00e9e consacr\u00e9e \u00e0 la partie institutionnelle, avec une pr\u00e9sentation de l\u2019\u00e9quipe p\u00e9dagogique, de l\u2019\u00e9tablissement et des <strong>H\u00f4pitaux du Massif des Vosges \u2013 HMV<\/strong>, auquel le P\u00f4le est rattach\u00e9 \u2013 place \u00e0 un <strong>apr\u00e8s-midi ludique<\/strong> ce lundi. C\u2019est r\u00e9partis en petits groupes que les \u00e9l\u00e8ves de l\u2019<strong>Institut de Formation d\u2019Aides-Soignants \u2013 IFAS<\/strong> \u2013 et les \u00e9tudiants de l\u2019<strong>Institut de Formation en Soins Infirmiers \u2013 IFSI<\/strong> \u2013 ont ainsi pris part \u00e0 une s\u00e9rie d\u2019ateliers \u00e0 travers un jeu inspir\u00e9 du c\u00e9l\u00e8bre \u00ab\u00a0Cluedo\u00a0\u00bb.<\/h2>\n<p><!--more--><\/p>\n<h3><strong>Une enqu\u00eate pour d\u00e9couvrir le P\u00f4le de Formations Param\u00e9dicales D\u00e9odatien<\/strong><\/h3>\n<p>\u00c0 tour de r\u00f4le, les diff\u00e9rents groupes ont particip\u00e9 \u00e0 des <strong>ateliers d\u2019une dizaine de minutes<\/strong>. Avec \u00e0 chaque fois <strong>\u00e0 la cl\u00e9 un indice<\/strong>. En recollant progressivement les pi\u00e8ces du puzzle et en cumulant les indices obtenus, l\u2019objectif \u00e9tait de <strong>retrouver le nom d\u2019une personne<\/strong>. Ce jeu leur permettait surtout d\u2019en apprendre davantage sur l\u2019\u00e9tablissement, son fonctionnement, les formations et les diff\u00e9rents \u00e9l\u00e9ments qui gravitent autour de leur parcours.<\/p>\n<p>Comme l\u2019explique <strong>Anne Corbiat<\/strong>, directrice du P\u00f4le de Formations Param\u00e9dicales D\u00e9odatien, cette formule ludique devait aussi permettre aux nouveaux arrivants d\u2019appr\u00e9hender leur nouvel environnement de formation avec <strong>un peu moins de stress qu\u2019\u00e0 l\u2019accoutum\u00e9e<\/strong>, tout en cr\u00e9ant <strong>un premier contact entre futur(e)s aides-soignant(e)s et infirmier(e)s<\/strong>.<\/p>\n<h3><strong>Des \u00e9l\u00e8ves et \u00e9tudiants originaires du Grand Est<\/strong><\/h3>\n<p>La rentr\u00e9e des \u00e9l\u00e8ves de l\u2019IFAS a eu lieu <strong>mardi 25 ao\u00fbt<\/strong>, avec <strong>50 \u00e9l\u00e8ves pour 81 dossiers de candidature d\u00e9pos\u00e9s<\/strong>. \u00c0 titre de comparaison, ils \u00e9taient 45 nouveaux entrants pour 75 candidatures en 2025, contre 24 entrants et 37 dossiers en 2024. Du c\u00f4t\u00e9 de l\u2019IFSI, la rentr\u00e9e aura lieu <strong>demain, mardi 1er septembre<\/strong>, avec une <strong>promotion compl\u00e8te de 48 \u00e9tudiants<\/strong>.<\/p>\n<p>Les \u00e9l\u00e8ves et \u00e9tudiants qui font leur rentr\u00e9e cette ann\u00e9e sont originaires de <strong>la D\u00e9odatie, mais aussi du Lun\u00e9villois, de Nancy ou d\u2019Alsace<\/strong>.<\/p>\n<h3><strong><span role=\"text\">L\u2019IFAS et l\u2019IFSI r\u00e9unis sur deux \u00e9tages et 2 000 m\u00b2<\/span><\/strong><\/h3>\n<p>Le P\u00f4le de Formations Param\u00e9dicales D\u00e9odatien a accueilli sa <strong>premi\u00e8re rentr\u00e9e en septembre 2024<\/strong>. Regroupant l\u2019IFAS et l\u2019IFSI sur un m\u00eame site, ce qui n\u2019\u00e9tait pas le cas auparavant, il occupe <strong>2 000 m\u00b2 r\u00e9partis sur les 3e et 4e \u00e9tages<\/strong> d\u2019une aile du <strong>Centre Hospitalier de Saint-Di\u00e9-des-Vosges<\/strong>, rest\u00e9e inoccup\u00e9e depuis 2011.<\/p>\n\n\t\t<style type=\"text\/css\">\n\t\t\t#gallery-1 {\n\t\t\t\tmargin: auto;\n\t\t\t}\n\t\t\t#gallery-1 .gallery-item {\n\t\t\t\tfloat: left;\n\t\t\t\tmargin-top: 10px;\n\t\t\t\ttext-align: center;\n\t\t\t\twidth: 33%;\n\t\t\t}\n\t\t\t#gallery-1 img {\n\t\t\t\tborder: 2px solid #cfcfcf;\n\t\t\t}\n\t\t\t#gallery-1 .gallery-caption {\n\t\t\t\tmargin-left: 0;\n\t\t\t}\n\t\t\t\/* see gallery_shortcode() in wp-includes\/media.php *\/\n\t\t<\/style>\n\t\t<div id='gallery-1' class='gallery galleryid-95266 gallery-columns-3 gallery-size-thumbnail'><dl class='gallery-item'>\n\t\t\t<dt class='gallery-icon landscape'>\n\t\t\t\t<a href='https:\/\/vosgesinfo.fr\/app\/uploads\/sites\/6\/2026\/08\/rentreejournee-integration-pole-formations-paramedicales-deodatien-3.jpg'><img decoding=\"async\" width=\"150\" height=\"150\" src=\"https:\/\/vosgesinfo.fr\/app\/uploads\/sites\/6\/2026\/08\/rentreejournee-integration-pole-formations-paramedicales-deodatien-3-150x150.jpg\" class=\"attachment-thumbnail size-thumbnail\" alt=\"\" \/><\/a>\n\t\t\t<\/dt><\/dl><dl class='gallery-item'>\n\t\t\t<dt class='gallery-icon landscape'>\n\t\t\t\t<a href='https:\/\/vosgesinfo.fr\/app\/uploads\/sites\/6\/2026\/08\/rentreejournee-integration-pole-formations-paramedicales-deodatien-1.jpg'><img decoding=\"async\" width=\"150\" height=\"150\" src=\"https:\/\/vosgesinfo.fr\/app\/uploads\/sites\/6\/2026\/08\/rentreejournee-integration-pole-formations-paramedicales-deodatien-1-150x150.jpg\" class=\"attachment-thumbnail size-thumbnail\" alt=\"\" \/><\/a>\n\t\t\t<\/dt><\/dl>\n\t\t\t<br style='clear: both' \/>\n\t\t<\/div>\n\n","protected":false},"excerpt":{"rendered":"<p>Le P\u00f4le de Formations Param\u00e9dicales D\u00e9odatien faisait sa troisi\u00e8me rentr\u00e9e en ce lundi 31 ao\u00fbt, avec une formule diff\u00e9rente des [&hellip;]<\/p>\n","protected":false},"author":46,"featured_media":95267,"comment_status":"open","ping_status":"open","sticky":false,"template":"","format":"standard","meta":{"footnotes":""},"categories":[20,871,25,875,12],"tags":[9604,5880,1425,9605,4282,6371],"class_list":["post-95266","post","type-post","status-publish","format-standard","has-post-thumbnail","hentry","category-a-la-une","category-deodatie","category-gerardmer","category-saint-die-des-vosges","category-sante","tag-anne-corbiat","tag-centre-hospitalier-de-saint-die-des-vosges","tag-hopitaux-du-massif-des-vosges","tag-ifas","tag-ifsi","tag-pole-de-formations-paramedicales-deodatien"],"acf":[],"yoast_head":"<!-- This site is optimized with the Yoast SEO plugin v22.5 - https:\/\/yoast.com\/wordpress\/plugins\/seo\/ -->\n<title>Une rentr\u00e9e ludique fa\u00e7on &quot;Cluedo&quot; au P\u00f4le de Formations Param\u00e9dicales D\u00e9odatien - Gerardmer Info<\/title>\n<meta name=\"robots\" content=\"index, follow, max-snippet:-1, max-image-preview:large, max-video-preview:-1\" \/>\n<link rel=\"canonical\" href=\"https:\/\/vosgesinfo.fr\/gerardmerinfo\/2026\/08\/une-rentree-ludique-facon-cluedo-au-pole-de-formations-paramedicales-deodatien\/\" \/>\n<meta name=\"twitter:card\" content=\"summary_large_image\" \/>\n<meta name=\"twitter:title\" content=\"Une rentr\u00e9e ludique fa\u00e7on &quot;Cluedo&quot; au P\u00f4le de Formations Param\u00e9dicales D\u00e9odatien - Gerardmer Info\" \/>\n<meta name=\"twitter:description\" content=\"Le P\u00f4le de Formations Param\u00e9dicales D\u00e9odatien faisait sa troisi\u00e8me rentr\u00e9e en ce lundi 31 ao\u00fbt, avec une formule diff\u00e9rente des [&hellip;]\" \/>\n<meta name=\"twitter:image\" content=\"https:\/\/vosgesinfo.fr\/app\/uploads\/sites\/6\/2026\/08\/rentreejournee-integration-pole-formations-paramedicales-deodatien-2.jpg\" \/>\n<meta name=\"twitter:creator\" content=\"@VosgesInfo88\" \/>\n<meta name=\"twitter:site\" content=\"@VosgesInfo88\" \/>\n<meta name=\"twitter:label1\" content=\"\u00c9crit par\" \/>\n\t<meta name=\"twitter:data1\" content=\"J.J.\" \/>\n\t<meta name=\"twitter:label2\" content=\"Dur\u00e9e de lecture estim\u00e9e\" \/>\n\t<meta name=\"twitter:data2\" content=\"2 minutes\" \/>\n<script type=\"application\/ld+json\" class=\"yoast-schema-graph\">{\"@context\":\"https:\/\/schema.org\",\"@graph\":[{\"@type\":\"Article\",\"@id\":\"https:\/\/vosgesinfo.fr\/gerardmerinfo\/2026\/08\/une-rentree-ludique-facon-cluedo-au-pole-de-formations-paramedicales-deodatien\/#article\",\"isPartOf\":{\"@id\":\"https:\/\/vosgesinfo.fr\/gerardmerinfo\/2026\/08\/une-rentree-ludique-facon-cluedo-au-pole-de-formations-paramedicales-deodatien\/\"},\"author\":{\"name\":\"J.J.\",\"@id\":\"https:\/\/vosgesinfo.fr\/gerardmerinfo\/#\/schema\/person\/fa73e9f726d67bb88f46d5b7943cb572\"},\"headline\":\"Une rentr\u00e9e ludique fa\u00e7on \u00ab\u00a0Cluedo\u00a0\u00bb au P\u00f4le de Formations Param\u00e9dicales D\u00e9odatien\",\"datePublished\":\"2026-08-31T15:03:37+00:00\",\"dateModified\":\"2026-08-31T15:03:37+00:00\",\"mainEntityOfPage\":{\"@id\":\"https:\/\/vosgesinfo.fr\/gerardmerinfo\/2026\/08\/une-rentree-ludique-facon-cluedo-au-pole-de-formations-paramedicales-deodatien\/\"},\"wordCount\":468,\"commentCount\":0,\"publisher\":{\"@id\":\"https:\/\/vosgesinfo.fr\/gerardmerinfo\/#organization\"},\"image\":{\"@id\":\"https:\/\/vosgesinfo.fr\/gerardmerinfo\/2026\/08\/une-rentree-ludique-facon-cluedo-au-pole-de-formations-paramedicales-deodatien\/#primaryimage\"},\"thumbnailUrl\":\"https:\/\/vosgesinfo.fr\/app\/uploads\/sites\/6\/2026\/08\/rentreejournee-integration-pole-formations-paramedicales-deodatien-2.jpg\",\"keywords\":[\"Anne Corbiat\",\"Centre Hospitalier de Saint-Di\u00e9-des-Vosges\",\"H\u00f4pitaux du Massif des Vosges\",\"IFAS\",\"IFSI\",\"P\u00f4le de formations param\u00e9dicales d\u00e9odatien\"],\"articleSection\":[\"A la une\",\"D\u00e9odatie\",\"G\u00e9rardmer\",\"Saint-Di\u00e9-des-Vosges\",\"Sant\u00e9\"],\"inLanguage\":\"fr-FR\",\"potentialAction\":[{\"@type\":\"CommentAction\",\"name\":\"Comment\",\"target\":[\"https:\/\/vosgesinfo.fr\/gerardmerinfo\/2026\/08\/une-rentree-ludique-facon-cluedo-au-pole-de-formations-paramedicales-deodatien\/#respond\"]}]},{\"@type\":\"WebPage\",\"@id\":\"https:\/\/vosgesinfo.fr\/gerardmerinfo\/2026\/08\/une-rentree-ludique-facon-cluedo-au-pole-de-formations-paramedicales-deodatien\/\",\"url\":\"https:\/\/vosgesinfo.fr\/gerardmerinfo\/2026\/08\/une-rentree-ludique-facon-cluedo-au-pole-de-formations-paramedicales-deodatien\/\",\"name\":\"Une rentr\u00e9e ludique fa\u00e7on \\\"Cluedo\\\" au P\u00f4le de Formations Param\u00e9dicales D\u00e9odatien - Gerardmer Info\",\"isPartOf\":{\"@id\":\"https:\/\/vosgesinfo.fr\/gerardmerinfo\/#website\"},\"primaryImageOfPage\":{\"@id\":\"https:\/\/vosgesinfo.fr\/gerardmerinfo\/2026\/08\/une-rentree-ludique-facon-cluedo-au-pole-de-formations-paramedicales-deodatien\/#primaryimage\"},\"image\":{\"@id\":\"https:\/\/vosgesinfo.fr\/gerardmerinfo\/2026\/08\/une-rentree-ludique-facon-cluedo-au-pole-de-formations-paramedicales-deodatien\/#primaryimage\"},\"thumbnailUrl\":\"https:\/\/vosgesinfo.fr\/app\/uploads\/sites\/6\/2026\/08\/rentreejournee-integration-pole-formations-paramedicales-deodatien-2.jpg\",\"datePublished\":\"2026-08-31T15:03:37+00:00\",\"dateModified\":\"2026-08-31T15:03:37+00:00\",\"breadcrumb\":{\"@id\":\"https:\/\/vosgesinfo.fr\/gerardmerinfo\/2026\/08\/une-rentree-ludique-facon-cluedo-au-pole-de-formations-paramedicales-deodatien\/#breadcrumb\"},\"inLanguage\":\"fr-FR\",\"potentialAction\":[{\"@type\":\"ReadAction\",\"target\":[\"https:\/\/vosgesinfo.fr\/gerardmerinfo\/2026\/08\/une-rentree-ludique-facon-cluedo-au-pole-de-formations-paramedicales-deodatien\/\"]}]},{\"@type\":\"ImageObject\",\"inLanguage\":\"fr-FR\",\"@id\":\"https:\/\/vosgesinfo.fr\/gerardmerinfo\/2026\/08\/une-rentree-ludique-facon-cluedo-au-pole-de-formations-paramedicales-deodatien\/#primaryimage\",\"url\":\"https:\/\/vosgesinfo.fr\/app\/uploads\/sites\/6\/2026\/08\/rentreejournee-integration-pole-formations-paramedicales-deodatien-2.jpg\",\"contentUrl\":\"https:\/\/vosgesinfo.fr\/app\/uploads\/sites\/6\/2026\/08\/rentreejournee-integration-pole-formations-paramedicales-deodatien-2.jpg\",\"width\":1920,\"height\":1446},{\"@type\":\"BreadcrumbList\",\"@id\":\"https:\/\/vosgesinfo.fr\/gerardmerinfo\/2026\/08\/une-rentree-ludique-facon-cluedo-au-pole-de-formations-paramedicales-deodatien\/#breadcrumb\",\"itemListElement\":[{\"@type\":\"ListItem\",\"position\":1,\"name\":\"Home\",\"item\":\"https:\/\/vosgesinfo.fr\/gerardmerinfo\/\"},{\"@type\":\"ListItem\",\"position\":2,\"name\":\"Une rentr\u00e9e ludique fa\u00e7on \u00ab\u00a0Cluedo\u00a0\u00bb au P\u00f4le de Formations Param\u00e9dicales D\u00e9odatien\"}]},{\"@type\":\"WebSite\",\"@id\":\"https:\/\/vosgesinfo.fr\/gerardmerinfo\/#website\",\"url\":\"https:\/\/vosgesinfo.fr\/gerardmerinfo\/\",\"name\":\"Gerardmer Info\",\"description\":\"Toute l&#039;actualit\u00e9 de G\u00e9rardmer\",\"publisher\":{\"@id\":\"https:\/\/vosgesinfo.fr\/gerardmerinfo\/#organization\"},\"alternateName\":\"Toute l'actualit\u00e9 de G\u00e9rardmer\",\"potentialAction\":[{\"@type\":\"SearchAction\",\"target\":{\"@type\":\"EntryPoint\",\"urlTemplate\":\"https:\/\/vosgesinfo.fr\/gerardmerinfo\/?s={search_term_string}\"},\"query-input\":\"required name=search_term_string\"}],\"inLanguage\":\"fr-FR\"},{\"@type\":\"Organization\",\"@id\":\"https:\/\/vosgesinfo.fr\/gerardmerinfo\/#organization\",\"name\":\"Gerardmer Info\",\"url\":\"https:\/\/vosgesinfo.fr\/gerardmerinfo\/\",\"logo\":{\"@type\":\"ImageObject\",\"inLanguage\":\"fr-FR\",\"@id\":\"https:\/\/vosgesinfo.fr\/gerardmerinfo\/#\/schema\/logo\/image\/\",\"url\":\"https:\/\/vosgesinfo.fr\/app\/uploads\/sites\/6\/2023\/08\/favicon-gerardmerinfo.png\",\"contentUrl\":\"https:\/\/vosgesinfo.fr\/app\/uploads\/sites\/6\/2023\/08\/favicon-gerardmerinfo.png\",\"width\":512,\"height\":512,\"caption\":\"Gerardmer Info\"},\"image\":{\"@id\":\"https:\/\/vosgesinfo.fr\/gerardmerinfo\/#\/schema\/logo\/image\/\"},\"sameAs\":[\"https:\/\/www.facebook.com\/profile.php?id=100049475262660\",\"https:\/\/x.com\/VosgesInfo88\",\"https:\/\/www.youtube.com\/@vosgesinfo\"]},{\"@type\":\"Person\",\"@id\":\"https:\/\/vosgesinfo.fr\/gerardmerinfo\/#\/schema\/person\/fa73e9f726d67bb88f46d5b7943cb572\",\"name\":\"J.J.\",\"image\":{\"@type\":\"ImageObject\",\"inLanguage\":\"fr-FR\",\"@id\":\"https:\/\/vosgesinfo.fr\/gerardmerinfo\/#\/schema\/person\/image\/\",\"url\":\"https:\/\/secure.gravatar.com\/avatar\/219e749e47ffbcca018a360ae4add7d4cdf1cdaaf8bc7676b27efade3fe65615?s=96&d=mm&r=g\",\"contentUrl\":\"https:\/\/secure.gravatar.com\/avatar\/219e749e47ffbcca018a360ae4add7d4cdf1cdaaf8bc7676b27efade3fe65615?s=96&d=mm&r=g\",\"caption\":\"J.J.\"},\"url\":\"https:\/\/vosgesinfo.fr\/gerardmerinfo\/author\/j-j\/\"}]}<\/script>\n<!-- \/ Yoast SEO plugin. -->","yoast_head_json":{"title":"Une rentr\u00e9e ludique fa\u00e7on \"Cluedo\" au P\u00f4le de Formations Param\u00e9dicales D\u00e9odatien - Gerardmer Info","robots":{"index":"index","follow":"follow","max-snippet":"max-snippet:-1","max-image-preview":"max-image-preview:large","max-video-preview":"max-video-preview:-1"},"canonical":"https:\/\/vosgesinfo.fr\/gerardmerinfo\/2026\/08\/une-rentree-ludique-facon-cluedo-au-pole-de-formations-paramedicales-deodatien\/","twitter_card":"summary_large_image","twitter_title":"Une rentr\u00e9e ludique fa\u00e7on \"Cluedo\" au P\u00f4le de Formations Param\u00e9dicales D\u00e9odatien - Gerardmer Info","twitter_description":"Le P\u00f4le de Formations Param\u00e9dicales D\u00e9odatien faisait sa troisi\u00e8me rentr\u00e9e en ce lundi 31 ao\u00fbt, avec une formule diff\u00e9rente des [&hellip;]","twitter_image":"https:\/\/vosgesinfo.fr\/app\/uploads\/sites\/6\/2026\/08\/rentreejournee-integration-pole-formations-paramedicales-deodatien-2.jpg","twitter_creator":"@VosgesInfo88","twitter_site":"@VosgesInfo88","twitter_misc":{"\u00c9crit par":"J.J.","Dur\u00e9e de lecture estim\u00e9e":"2 minutes"},"schema":{"@context":"https:\/\/schema.org","@graph":[{"@type":"Article","@id":"https:\/\/vosgesinfo.fr\/gerardmerinfo\/2026\/08\/une-rentree-ludique-facon-cluedo-au-pole-de-formations-paramedicales-deodatien\/#article","isPartOf":{"@id":"https:\/\/vosgesinfo.fr\/gerardmerinfo\/2026\/08\/une-rentree-ludique-facon-cluedo-au-pole-de-formations-paramedicales-deodatien\/"},"author":{"name":"J.J.","@id":"https:\/\/vosgesinfo.fr\/gerardmerinfo\/#\/schema\/person\/fa73e9f726d67bb88f46d5b7943cb572"},"headline":"Une rentr\u00e9e ludique fa\u00e7on \u00ab\u00a0Cluedo\u00a0\u00bb au P\u00f4le de Formations Param\u00e9dicales D\u00e9odatien","datePublished":"2026-08-31T15:03:37+00:00","dateModified":"2026-08-31T15:03:37+00:00","mainEntityOfPage":{"@id":"https:\/\/vosgesinfo.fr\/gerardmerinfo\/2026\/08\/une-rentree-ludique-facon-cluedo-au-pole-de-formations-paramedicales-deodatien\/"},"wordCount":468,"commentCount":0,"publisher":{"@id":"https:\/\/vosgesinfo.fr\/gerardmerinfo\/#organization"},"image":{"@id":"https:\/\/vosgesinfo.fr\/gerardmerinfo\/2026\/08\/une-rentree-ludique-facon-cluedo-au-pole-de-formations-paramedicales-deodatien\/#primaryimage"},"thumbnailUrl":"https:\/\/vosgesinfo.fr\/app\/uploads\/sites\/6\/2026\/08\/rentreejournee-integration-pole-formations-paramedicales-deodatien-2.jpg","keywords":["Anne Corbiat","Centre Hospitalier de Saint-Di\u00e9-des-Vosges","H\u00f4pitaux du Massif des Vosges","IFAS","IFSI","P\u00f4le de formations param\u00e9dicales d\u00e9odatien"],"articleSection":["A la une","D\u00e9odatie","G\u00e9rardmer","Saint-Di\u00e9-des-Vosges","Sant\u00e9"],"inLanguage":"fr-FR","potentialAction":[{"@type":"CommentAction","name":"Comment","target":["https:\/\/vosgesinfo.fr\/gerardmerinfo\/2026\/08\/une-rentree-ludique-facon-cluedo-au-pole-de-formations-paramedicales-deodatien\/#respond"]}]},{"@type":"WebPage","@id":"https:\/\/vosgesinfo.fr\/gerardmerinfo\/2026\/08\/une-rentree-ludique-facon-cluedo-au-pole-de-formations-paramedicales-deodatien\/","url":"https:\/\/vosgesinfo.fr\/gerardmerinfo\/2026\/08\/une-rentree-ludique-facon-cluedo-au-pole-de-formations-paramedicales-deodatien\/","name":"Une rentr\u00e9e ludique fa\u00e7on \"Cluedo\" au P\u00f4le de Formations Param\u00e9dicales D\u00e9odatien - Gerardmer Info","isPartOf":{"@id":"https:\/\/vosgesinfo.fr\/gerardmerinfo\/#website"},"primaryImageOfPage":{"@id":"https:\/\/vosgesinfo.fr\/gerardmerinfo\/2026\/08\/une-rentree-ludique-facon-cluedo-au-pole-de-formations-paramedicales-deodatien\/#primaryimage"},"image":{"@id":"https:\/\/vosgesinfo.fr\/gerardmerinfo\/2026\/08\/une-rentree-ludique-facon-cluedo-au-pole-de-formations-paramedicales-deodatien\/#primaryimage"},"thumbnailUrl":"https:\/\/vosgesinfo.fr\/app\/uploads\/sites\/6\/2026\/08\/rentreejournee-integration-pole-formations-paramedicales-deodatien-2.jpg","datePublished":"2026-08-31T15:03:37+00:00","dateModified":"2026-08-31T15:03:37+00:00","breadcrumb":{"@id":"https:\/\/vosgesinfo.fr\/gerardmerinfo\/2026\/08\/une-rentree-ludique-facon-cluedo-au-pole-de-formations-paramedicales-deodatien\/#breadcrumb"},"inLanguage":"fr-FR","potentialAction":[{"@type":"ReadAction","target":["https:\/\/vosgesinfo.fr\/gerardmerinfo\/2026\/08\/une-rentree-ludique-facon-cluedo-au-pole-de-formations-paramedicales-deodatien\/"]}]},{"@type":"ImageObject","inLanguage":"fr-FR","@id":"https:\/\/vosgesinfo.fr\/gerardmerinfo\/2026\/08\/une-rentree-ludique-facon-cluedo-au-pole-de-formations-paramedicales-deodatien\/#primaryimage","url":"https:\/\/vosgesinfo.fr\/app\/uploads\/sites\/6\/2026\/08\/rentreejournee-integration-pole-formations-paramedicales-deodatien-2.jpg","contentUrl":"https:\/\/vosgesinfo.fr\/app\/uploads\/sites\/6\/2026\/08\/rentreejournee-integration-pole-formations-paramedicales-deodatien-2.jpg","width":1920,"height":1446},{"@type":"BreadcrumbList","@id":"https:\/\/vosgesinfo.fr\/gerardmerinfo\/2026\/08\/une-rentree-ludique-facon-cluedo-au-pole-de-formations-paramedicales-deodatien\/#breadcrumb","itemListElement":[{"@type":"ListItem","position":1,"name":"Home","item":"https:\/\/vosgesinfo.fr\/gerardmerinfo\/"},{"@type":"ListItem","position":2,"name":"Une rentr\u00e9e ludique fa\u00e7on \u00ab\u00a0Cluedo\u00a0\u00bb au P\u00f4le de Formations Param\u00e9dicales D\u00e9odatien"}]},{"@type":"WebSite","@id":"https:\/\/vosgesinfo.fr\/gerardmerinfo\/#website","url":"https:\/\/vosgesinfo.fr\/gerardmerinfo\/","name":"Gerardmer Info","description":"Toute l&#039;actualit\u00e9 de G\u00e9rardmer","publisher":{"@id":"https:\/\/vosgesinfo.fr\/gerardmerinfo\/#organization"},"alternateName":"Toute l'actualit\u00e9 de G\u00e9rardmer","potentialAction":[{"@type":"SearchAction","target":{"@type":"EntryPoint","urlTemplate":"https:\/\/vosgesinfo.fr\/gerardmerinfo\/?s={search_term_string}"},"query-input":"required name=search_term_string"}],"inLanguage":"fr-FR"},{"@type":"Organization","@id":"https:\/\/vosgesinfo.fr\/gerardmerinfo\/#organization","name":"Gerardmer Info","url":"https:\/\/vosgesinfo.fr\/gerardmerinfo\/","logo":{"@type":"ImageObject","inLanguage":"fr-FR","@id":"https:\/\/vosgesinfo.fr\/gerardmerinfo\/#\/schema\/logo\/image\/","url":"https:\/\/vosgesinfo.fr\/app\/uploads\/sites\/6\/2023\/08\/favicon-gerardmerinfo.png","contentUrl":"https:\/\/vosgesinfo.fr\/app\/uploads\/sites\/6\/2023\/08\/favicon-gerardmerinfo.png","width":512,"height":512,"caption":"Gerardmer Info"},"image":{"@id":"https:\/\/vosgesinfo.fr\/gerardmerinfo\/#\/schema\/logo\/image\/"},"sameAs":["https:\/\/www.facebook.com\/profile.php?id=100049475262660","https:\/\/x.com\/VosgesInfo88","https:\/\/www.youtube.com\/@vosgesinfo"]},{"@type":"Person","@id":"https:\/\/vosgesinfo.fr\/gerardmerinfo\/#\/schema\/person\/fa73e9f726d67bb88f46d5b7943cb572","name":"J.J.","image":{"@type":"ImageObject","inLanguage":"fr-FR","@id":"https:\/\/vosgesinfo.fr\/gerardmerinfo\/#\/schema\/person\/image\/","url":"https:\/\/secure.gravatar.com\/avatar\/219e749e47ffbcca018a360ae4add7d4cdf1cdaaf8bc7676b27efade3fe65615?s=96&d=mm&r=g","contentUrl":"https:\/\/secure.gravatar.com\/avatar\/219e749e47ffbcca018a360ae4add7d4cdf1cdaaf8bc7676b27efade3fe65615?s=96&d=mm&r=g","caption":"J.J."},"url":"https:\/\/vosgesinfo.fr\/gerardmerinfo\/author\/j-j\/"}]}},"_links":{"self":[{"href":"https:\/\/vosgesinfo.fr\/gerardmerinfo\/wp-json\/wp\/v2\/posts\/95266","targetHints":{"allow":["GET"]}}],"collection":[{"href":"https:\/\/vosgesinfo.fr\/gerardmerinfo\/wp-json\/wp\/v2\/posts"}],"about":[{"href":"https:\/\/vosgesinfo.fr\/gerardmerinfo\/wp-json\/wp\/v2\/types\/post"}],"author":[{"embeddable":true,"href":"https:\/\/vosgesinfo.fr\/gerardmerinfo\/wp-json\/wp\/v2\/users\/46"}],"replies":[{"embeddable":true,"href":"https:\/\/vosgesinfo.fr\/gerardmerinfo\/wp-json\/wp\/v2\/comments?post=95266"}],"version-history":[{"count":1,"href":"https:\/\/vosgesinfo.fr\/gerardmerinfo\/wp-json\/wp\/v2\/posts\/95266\/revisions"}],"predecessor-version":[{"id":95268,"href":"https:\/\/vosgesinfo.fr\/gerardmerinfo\/wp-json\/wp\/v2\/posts\/95266\/revisions\/95268"}],"wp:featuredmedia":[{"embeddable":true,"href":"https:\/\/vosgesinfo.fr\/gerardmerinfo\/wp-json\/wp\/v2\/media\/95267"}],"wp:attachment":[{"href":"https:\/\/vosgesinfo.fr\/gerardmerinfo\/wp-json\/wp\/v2\/media?parent=95266"}],"wp:term":[{"taxonomy":"category","embeddable":true,"href":"https:\/\/vosgesinfo.fr\/gerardmerinfo\/wp-json\/wp\/v2\/categories?post=95266"},{"taxonomy":"post_tag","embeddable":true,"href":"https:\/\/vosgesinfo.fr\/gerardmerinfo\/wp-json\/wp\/v2\/tags?post=95266"}],"curies":[{"name":"wp","href":"https:\/\/api.w.org\/{rel}","templated":true}]}}