{"id":95269,"date":"2026-09-05T09:56:27","date_gmt":"2026-09-05T07:56:27","guid":{"rendered":"https:\/\/vosgesinfo.fr\/gerardmerinfo\/?p=95269"},"modified":"2026-09-05T09:56:27","modified_gmt":"2026-09-05T07:56:27","slug":"rentree-scolaire-a-gerardmer-leducation-est-une-responsabilite-collective","status":"publish","type":"post","link":"https:\/\/vosgesinfo.fr\/gerardmerinfo\/2026\/09\/rentree-scolaire-a-gerardmer-leducation-est-une-responsabilite-collective\/","title":{"rendered":"Rentr\u00e9e scolaire \u00e0 G\u00e9rardmer : l&rsquo;\u00e9ducation est une responsabilit\u00e9 collective"},"content":{"rendered":"<div id=\"attachment_95271\" style=\"width: 1034px\" class=\"wp-caption aligncenter\"><a href=\"https:\/\/vosgesinfo.fr\/app\/uploads\/sites\/6\/2026\/08\/rentree-scolaire-2026-gerardmer-1.jpg\"><img decoding=\"async\" aria-describedby=\"caption-attachment-95271\" class=\"wp-image-95271 size-large\" src=\"https:\/\/vosgesinfo.fr\/app\/uploads\/sites\/6\/2026\/08\/rentree-scolaire-2026-gerardmer-1-1024x768.jpg\" alt=\"\" width=\"1024\" height=\"768\" srcset=\"https:\/\/vosgesinfo.fr\/app\/uploads\/sites\/6\/2026\/08\/rentree-scolaire-2026-gerardmer-1-1024x768.jpg 1024w, https:\/\/vosgesinfo.fr\/app\/uploads\/sites\/6\/2026\/08\/rentree-scolaire-2026-gerardmer-1-300x225.jpg 300w, https:\/\/vosgesinfo.fr\/app\/uploads\/sites\/6\/2026\/08\/rentree-scolaire-2026-gerardmer-1-768x576.jpg 768w, https:\/\/vosgesinfo.fr\/app\/uploads\/sites\/6\/2026\/08\/rentree-scolaire-2026-gerardmer-1-1536x1152.jpg 1536w, https:\/\/vosgesinfo.fr\/app\/uploads\/sites\/6\/2026\/08\/rentree-scolaire-2026-gerardmer-1.jpg 1920w\" sizes=\"(max-width: 1024px) 100vw, 1024px\" \/><\/a><p id=\"caption-attachment-95271\" class=\"wp-caption-text\">Nathalie Claude, Val\u00e9rie Valentin, \u00a0Seng Khan LUANGSIVILAY, Lucie Chesneau, Am\u00e9lie Guizot et Thomas Gion.<\/p><\/div>\n<p>&nbsp;<\/p>\n<p data-id=\"aJVYpD\" data-pm-slice=\"1 1 []\"><strong>Ce lundi avait lieu le traditionnel verre de l\u2019amiti\u00e9 organis\u00e9 au Grand Salon de l&rsquo;H\u00f4tel de Ville \u00e0 l\u2019occasion de la rentr\u00e9e scolaire 2026. Un \u00e9v\u00e9nement qui fut l&rsquo;occasion de souhaiter la bienvenue \u00e0 la nouvelle inspectrice de l\u2019\u00c9ducation nationale ainsi qu&rsquo;aux nouveaux enseignants, mais aussi de souhaiter un bon d\u00e9part en retraite \u00e0 Val\u00e9rie VALENTIN.<\/strong><\/p>\n<p data-id=\"K5geo4\"><a href=\"https:\/\/vosgesinfo.fr\/app\/uploads\/sites\/6\/2026\/08\/rentree-scolaire-2026-gerardmer-2.jpg\"><img decoding=\"async\" class=\"alignright size-medium wp-image-95272\" src=\"https:\/\/vosgesinfo.fr\/app\/uploads\/sites\/6\/2026\/08\/rentree-scolaire-2026-gerardmer-2-300x225.jpg\" alt=\"\" width=\"300\" height=\"225\" srcset=\"https:\/\/vosgesinfo.fr\/app\/uploads\/sites\/6\/2026\/08\/rentree-scolaire-2026-gerardmer-2-300x225.jpg 300w, https:\/\/vosgesinfo.fr\/app\/uploads\/sites\/6\/2026\/08\/rentree-scolaire-2026-gerardmer-2-1024x768.jpg 1024w, https:\/\/vosgesinfo.fr\/app\/uploads\/sites\/6\/2026\/08\/rentree-scolaire-2026-gerardmer-2-768x576.jpg 768w, https:\/\/vosgesinfo.fr\/app\/uploads\/sites\/6\/2026\/08\/rentree-scolaire-2026-gerardmer-2-1536x1152.jpg 1536w, https:\/\/vosgesinfo.fr\/app\/uploads\/sites\/6\/2026\/08\/rentree-scolaire-2026-gerardmer-2.jpg 1920w\" sizes=\"(max-width: 300px) 100vw, 300px\" \/><\/a>C&rsquo;est avec plaisir que Thomas GION a donc lanc\u00e9 les r\u00e9jouissances en compagnie de Nathalie Claude, adjointe \u00e0 l&rsquo;\u00e9ducation et \u00e0 la jeunesse. Une premi\u00e8re rentr\u00e9e en tant que premier magistrat qui a notamment tenu \u00e0 remercier l&rsquo;ensemble des \u00e9quipes impliqu\u00e9es dans l&rsquo;\u00e9ducation, la s\u00e9curit\u00e9 et l&rsquo;\u00e9panouissement des enfants, sans oublier les agents de la commune qui \u0153uvrent, parfois jusqu&rsquo;\u00e0 tard le soir, que ce soit en mati\u00e8re d\u2019entretien\/r\u00e9novation des locaux, de transport, etc. \u00ab\u00a0L&rsquo;\u00e9ducation est une responsabilit\u00e9 collective\u00a0\u00bb, ajoutera le maire de G\u00e9rardmer.<\/p>\n<p data-id=\"gp4sNf\"><a href=\"https:\/\/vosgesinfo.fr\/app\/uploads\/sites\/6\/2026\/08\/rentree-scolaire-2026-gerardmer-4.jpg\"><img decoding=\"async\" class=\"alignright size-medium wp-image-95274\" src=\"https:\/\/vosgesinfo.fr\/app\/uploads\/sites\/6\/2026\/08\/rentree-scolaire-2026-gerardmer-4-300x225.jpg\" alt=\"\" width=\"300\" height=\"225\" srcset=\"https:\/\/vosgesinfo.fr\/app\/uploads\/sites\/6\/2026\/08\/rentree-scolaire-2026-gerardmer-4-300x225.jpg 300w, https:\/\/vosgesinfo.fr\/app\/uploads\/sites\/6\/2026\/08\/rentree-scolaire-2026-gerardmer-4-1024x768.jpg 1024w, https:\/\/vosgesinfo.fr\/app\/uploads\/sites\/6\/2026\/08\/rentree-scolaire-2026-gerardmer-4-768x576.jpg 768w, https:\/\/vosgesinfo.fr\/app\/uploads\/sites\/6\/2026\/08\/rentree-scolaire-2026-gerardmer-4-1536x1152.jpg 1536w, https:\/\/vosgesinfo.fr\/app\/uploads\/sites\/6\/2026\/08\/rentree-scolaire-2026-gerardmer-4.jpg 1920w\" sizes=\"(max-width: 300px) 100vw, 300px\" \/><\/a>Des propos que prolongera d&rsquo;ailleurs la nouvelle inspectrice\u00a0Seng Khan LUANGSIVILAY, en provenance de l&rsquo;Acad\u00e9mie de Strasbourg et qui avait choisi la perle des Vosges comme premier choix. Cette derni\u00e8re a eu le plaisir de rencontrer \u00ab\u00a0des \u00e9quipes tr\u00e8s investies\u00a0\u00bb, elle qui aura \u00ab\u00a0\u00e0 c\u0153ur d&rsquo;accompagner les \u00e9quipes, de les aider \u00e0 porter des projets et d&rsquo;\u00eatre au service des \u00e9l\u00e8ves et des familles\u00a0\u00bb. Mme LUANGSIVILAY souhaite construire en s&rsquo;appuyant sur le dialogue et la confiance, elle pourra \u00e0 ce titre compter sur les enseignants, les agents et le service \u00e9ducation-jeunesse sous la houlette de l&rsquo;exp\u00e9riment\u00e9 Jean-Michel Tusa.<\/p>\n<p data-id=\"TjN5qb\"><a href=\"https:\/\/vosgesinfo.fr\/app\/uploads\/sites\/6\/2026\/08\/rentree-scolaire-2026-gerardmer-3.jpg\"><img decoding=\"async\" class=\"alignright size-medium wp-image-95273\" src=\"https:\/\/vosgesinfo.fr\/app\/uploads\/sites\/6\/2026\/08\/rentree-scolaire-2026-gerardmer-3-225x300.jpg\" alt=\"\" width=\"225\" height=\"300\" srcset=\"https:\/\/vosgesinfo.fr\/app\/uploads\/sites\/6\/2026\/08\/rentree-scolaire-2026-gerardmer-3-225x300.jpg 225w, https:\/\/vosgesinfo.fr\/app\/uploads\/sites\/6\/2026\/08\/rentree-scolaire-2026-gerardmer-3-768x1024.jpg 768w, https:\/\/vosgesinfo.fr\/app\/uploads\/sites\/6\/2026\/08\/rentree-scolaire-2026-gerardmer-3-1152x1536.jpg 1152w, https:\/\/vosgesinfo.fr\/app\/uploads\/sites\/6\/2026\/08\/rentree-scolaire-2026-gerardmer-3.jpg 1440w\" sizes=\"(max-width: 225px) 100vw, 225px\" \/><\/a>Enfin, Nathalie Claude a pour sa part souhait\u00e9 placer cette ann\u00e9e scolaire sous le signe de la concertation, de l&rsquo;\u00e9coute et de la r\u00e9flexion, n\u00e9cessaires \u00e0 un bon travail d&rsquo;\u00e9quipe. L&rsquo;adjointe souhaite notamment que l&rsquo;ensemble des acteurs de l&rsquo;\u00e9ducation puissent se r\u00e9unir plusieurs fois dans l&rsquo;ann\u00e9e afin que chacun puisse faire part de ses besoins et de ses envies, mais aussi pour imaginer l&rsquo;\u00e9cole de demain \u00ab\u00a0o\u00f9 il fait bon apprendre et o\u00f9 il fait bon vivre\u00a0\u00bb.<\/p>\n<p>Les nouvelles enseignantes :\u00a0 Am\u00e9lie GUIZOT remplace Val\u00e9rie Valentin aux Bas-Rupts.<\/p>\n<p>Lucie CHESNEAU est la nouvelle directrice de Marie Curie et enseignante des CE2\/CM1, elle remplace S\u00e9bastien Declercq.<\/p>\n<p>Cl\u00e9mence Bardet, nouvelle directrice de l&rsquo;\u00e9cole Notre Dame.<\/p>\n<p>&nbsp;<\/p>\n","protected":false},"excerpt":{"rendered":"<p>&nbsp; Ce lundi avait lieu le traditionnel verre de l\u2019amiti\u00e9 organis\u00e9 au Grand Salon de l&rsquo;H\u00f4tel de Ville \u00e0 l\u2019occasion [&hellip;]<\/p>\n","protected":false},"author":42,"featured_media":95271,"comment_status":"open","ping_status":"open","sticky":false,"template":"","format":"standard","meta":{"footnotes":""},"categories":[20,6,25,5647],"tags":[9606,112,9607],"class_list":["post-95269","post","type-post","status-publish","format-standard","has-post-thumbnail","hentry","category-a-la-une","category-education","category-gerardmer","category-gerardmer-autres-sites","tag-seng-khan-luangsivilay","tag-thomas-gion","tag-vamerie-valentin"],"acf":[],"yoast_head":"<!-- This site is optimized with the Yoast SEO plugin v22.5 - https:\/\/yoast.com\/wordpress\/plugins\/seo\/ -->\n<title>Rentr\u00e9e scolaire \u00e0 G\u00e9rardmer : l&#039;\u00e9ducation est une responsabilit\u00e9 collective - Gerardmer Info<\/title>\n<meta name=\"robots\" content=\"index, follow, max-snippet:-1, max-image-preview:large, max-video-preview:-1\" \/>\n<link rel=\"canonical\" href=\"https:\/\/vosgesinfo.fr\/gerardmerinfo\/?p=95269\" \/>\n<meta name=\"twitter:card\" content=\"summary_large_image\" \/>\n<meta name=\"twitter:title\" content=\"Rentr\u00e9e scolaire \u00e0 G\u00e9rardmer : l&#039;\u00e9ducation est une responsabilit\u00e9 collective - Gerardmer Info\" \/>\n<meta name=\"twitter:description\" content=\"&nbsp; Ce lundi avait lieu le traditionnel verre de l\u2019amiti\u00e9 organis\u00e9 au Grand Salon de l&rsquo;H\u00f4tel de Ville \u00e0 l\u2019occasion [&hellip;]\" \/>\n<meta name=\"twitter:image\" content=\"https:\/\/vosgesinfo.fr\/app\/uploads\/sites\/6\/2026\/08\/rentree-scolaire-2026-gerardmer-1.jpg\" \/>\n<meta name=\"twitter:creator\" content=\"@VosgesInfo88\" \/>\n<meta name=\"twitter:site\" content=\"@VosgesInfo88\" \/>\n<meta name=\"twitter:label1\" content=\"\u00c9crit par\" \/>\n\t<meta name=\"twitter:data1\" content=\"QG\" \/>\n\t<meta name=\"twitter:label2\" content=\"Dur\u00e9e de lecture estim\u00e9e\" \/>\n\t<meta name=\"twitter:data2\" content=\"3 minutes\" \/>\n<script type=\"application\/ld+json\" class=\"yoast-schema-graph\">{\"@context\":\"https:\/\/schema.org\",\"@graph\":[{\"@type\":\"Article\",\"@id\":\"https:\/\/vosgesinfo.fr\/gerardmerinfo\/?p=95269#article\",\"isPartOf\":{\"@id\":\"https:\/\/vosgesinfo.fr\/gerardmerinfo\/?p=95269\"},\"author\":{\"name\":\"QG\",\"@id\":\"https:\/\/vosgesinfo.fr\/gerardmerinfo\/#\/schema\/person\/db5605779a843dad16b5368f3e7613a5\"},\"headline\":\"Rentr\u00e9e scolaire \u00e0 G\u00e9rardmer : l&rsquo;\u00e9ducation est une responsabilit\u00e9 collective\",\"datePublished\":\"2026-09-05T07:56:27+00:00\",\"dateModified\":\"2026-09-05T07:56:27+00:00\",\"mainEntityOfPage\":{\"@id\":\"https:\/\/vosgesinfo.fr\/gerardmerinfo\/?p=95269\"},\"wordCount\":432,\"commentCount\":0,\"publisher\":{\"@id\":\"https:\/\/vosgesinfo.fr\/gerardmerinfo\/#organization\"},\"image\":{\"@id\":\"https:\/\/vosgesinfo.fr\/gerardmerinfo\/?p=95269#primaryimage\"},\"thumbnailUrl\":\"https:\/\/vosgesinfo.fr\/app\/uploads\/sites\/6\/2026\/08\/rentree-scolaire-2026-gerardmer-1.jpg\",\"keywords\":[\"Seng Khan LUANGSIVILAY\",\"Thomas Gion\",\"Vam\u00e9rie Valentin\"],\"articleSection\":[\"A la une\",\"\u00c9ducation\",\"G\u00e9rardmer\",\"Gerardmer\"],\"inLanguage\":\"fr-FR\",\"potentialAction\":[{\"@type\":\"CommentAction\",\"name\":\"Comment\",\"target\":[\"https:\/\/vosgesinfo.fr\/gerardmerinfo\/?p=95269#respond\"]}]},{\"@type\":\"WebPage\",\"@id\":\"https:\/\/vosgesinfo.fr\/gerardmerinfo\/?p=95269\",\"url\":\"https:\/\/vosgesinfo.fr\/gerardmerinfo\/?p=95269\",\"name\":\"Rentr\u00e9e scolaire \u00e0 G\u00e9rardmer : l'\u00e9ducation est une responsabilit\u00e9 collective - Gerardmer Info\",\"isPartOf\":{\"@id\":\"https:\/\/vosgesinfo.fr\/gerardmerinfo\/#website\"},\"primaryImageOfPage\":{\"@id\":\"https:\/\/vosgesinfo.fr\/gerardmerinfo\/?p=95269#primaryimage\"},\"image\":{\"@id\":\"https:\/\/vosgesinfo.fr\/gerardmerinfo\/?p=95269#primaryimage\"},\"thumbnailUrl\":\"https:\/\/vosgesinfo.fr\/app\/uploads\/sites\/6\/2026\/08\/rentree-scolaire-2026-gerardmer-1.jpg\",\"datePublished\":\"2026-09-05T07:56:27+00:00\",\"dateModified\":\"2026-09-05T07:56:27+00:00\",\"breadcrumb\":{\"@id\":\"https:\/\/vosgesinfo.fr\/gerardmerinfo\/?p=95269#breadcrumb\"},\"inLanguage\":\"fr-FR\",\"potentialAction\":[{\"@type\":\"ReadAction\",\"target\":[\"https:\/\/vosgesinfo.fr\/gerardmerinfo\/?p=95269\"]}]},{\"@type\":\"ImageObject\",\"inLanguage\":\"fr-FR\",\"@id\":\"https:\/\/vosgesinfo.fr\/gerardmerinfo\/?p=95269#primaryimage\",\"url\":\"https:\/\/vosgesinfo.fr\/app\/uploads\/sites\/6\/2026\/08\/rentree-scolaire-2026-gerardmer-1.jpg\",\"contentUrl\":\"https:\/\/vosgesinfo.fr\/app\/uploads\/sites\/6\/2026\/08\/rentree-scolaire-2026-gerardmer-1.jpg\",\"width\":1920,\"height\":1440},{\"@type\":\"BreadcrumbList\",\"@id\":\"https:\/\/vosgesinfo.fr\/gerardmerinfo\/?p=95269#breadcrumb\",\"itemListElement\":[{\"@type\":\"ListItem\",\"position\":1,\"name\":\"Home\",\"item\":\"https:\/\/vosgesinfo.fr\/gerardmerinfo\/\"},{\"@type\":\"ListItem\",\"position\":2,\"name\":\"Rentr\u00e9e scolaire \u00e0 G\u00e9rardmer : l&#8217;\u00e9ducation est une responsabilit\u00e9 collective\"}]},{\"@type\":\"WebSite\",\"@id\":\"https:\/\/vosgesinfo.fr\/gerardmerinfo\/#website\",\"url\":\"https:\/\/vosgesinfo.fr\/gerardmerinfo\/\",\"name\":\"Gerardmer Info\",\"description\":\"Toute l&#039;actualit\u00e9 de G\u00e9rardmer\",\"publisher\":{\"@id\":\"https:\/\/vosgesinfo.fr\/gerardmerinfo\/#organization\"},\"alternateName\":\"Toute l'actualit\u00e9 de G\u00e9rardmer\",\"potentialAction\":[{\"@type\":\"SearchAction\",\"target\":{\"@type\":\"EntryPoint\",\"urlTemplate\":\"https:\/\/vosgesinfo.fr\/gerardmerinfo\/?s={search_term_string}\"},\"query-input\":\"required name=search_term_string\"}],\"inLanguage\":\"fr-FR\"},{\"@type\":\"Organization\",\"@id\":\"https:\/\/vosgesinfo.fr\/gerardmerinfo\/#organization\",\"name\":\"Gerardmer Info\",\"url\":\"https:\/\/vosgesinfo.fr\/gerardmerinfo\/\",\"logo\":{\"@type\":\"ImageObject\",\"inLanguage\":\"fr-FR\",\"@id\":\"https:\/\/vosgesinfo.fr\/gerardmerinfo\/#\/schema\/logo\/image\/\",\"url\":\"https:\/\/vosgesinfo.fr\/app\/uploads\/sites\/6\/2023\/08\/favicon-gerardmerinfo.png\",\"contentUrl\":\"https:\/\/vosgesinfo.fr\/app\/uploads\/sites\/6\/2023\/08\/favicon-gerardmerinfo.png\",\"width\":512,\"height\":512,\"caption\":\"Gerardmer Info\"},\"image\":{\"@id\":\"https:\/\/vosgesinfo.fr\/gerardmerinfo\/#\/schema\/logo\/image\/\"},\"sameAs\":[\"https:\/\/www.facebook.com\/profile.php?id=100049475262660\",\"https:\/\/x.com\/VosgesInfo88\",\"https:\/\/www.youtube.com\/@vosgesinfo\"]},{\"@type\":\"Person\",\"@id\":\"https:\/\/vosgesinfo.fr\/gerardmerinfo\/#\/schema\/person\/db5605779a843dad16b5368f3e7613a5\",\"name\":\"QG\",\"image\":{\"@type\":\"ImageObject\",\"inLanguage\":\"fr-FR\",\"@id\":\"https:\/\/vosgesinfo.fr\/gerardmerinfo\/#\/schema\/person\/image\/\",\"url\":\"https:\/\/secure.gravatar.com\/avatar\/ea80c42c204b534408512832fde52504ecabb9706bcb6151cf6175e5b64e6793?s=96&d=mm&r=g\",\"contentUrl\":\"https:\/\/secure.gravatar.com\/avatar\/ea80c42c204b534408512832fde52504ecabb9706bcb6151cf6175e5b64e6793?s=96&d=mm&r=g\",\"caption\":\"QG\"},\"url\":\"https:\/\/vosgesinfo.fr\/gerardmerinfo\/author\/quentin88\/\"}]}<\/script>\n<!-- \/ Yoast SEO plugin. -->","yoast_head_json":{"title":"Rentr\u00e9e scolaire \u00e0 G\u00e9rardmer : l'\u00e9ducation est une responsabilit\u00e9 collective - Gerardmer Info","robots":{"index":"index","follow":"follow","max-snippet":"max-snippet:-1","max-image-preview":"max-image-preview:large","max-video-preview":"max-video-preview:-1"},"canonical":"https:\/\/vosgesinfo.fr\/gerardmerinfo\/?p=95269","twitter_card":"summary_large_image","twitter_title":"Rentr\u00e9e scolaire \u00e0 G\u00e9rardmer : l'\u00e9ducation est une responsabilit\u00e9 collective - Gerardmer Info","twitter_description":"&nbsp; Ce lundi avait lieu le traditionnel verre de l\u2019amiti\u00e9 organis\u00e9 au Grand Salon de l&rsquo;H\u00f4tel de Ville \u00e0 l\u2019occasion [&hellip;]","twitter_image":"https:\/\/vosgesinfo.fr\/app\/uploads\/sites\/6\/2026\/08\/rentree-scolaire-2026-gerardmer-1.jpg","twitter_creator":"@VosgesInfo88","twitter_site":"@VosgesInfo88","twitter_misc":{"\u00c9crit par":"QG","Dur\u00e9e de lecture estim\u00e9e":"3 minutes"},"schema":{"@context":"https:\/\/schema.org","@graph":[{"@type":"Article","@id":"https:\/\/vosgesinfo.fr\/gerardmerinfo\/?p=95269#article","isPartOf":{"@id":"https:\/\/vosgesinfo.fr\/gerardmerinfo\/?p=95269"},"author":{"name":"QG","@id":"https:\/\/vosgesinfo.fr\/gerardmerinfo\/#\/schema\/person\/db5605779a843dad16b5368f3e7613a5"},"headline":"Rentr\u00e9e scolaire \u00e0 G\u00e9rardmer : l&rsquo;\u00e9ducation est une responsabilit\u00e9 collective","datePublished":"2026-09-05T07:56:27+00:00","dateModified":"2026-09-05T07:56:27+00:00","mainEntityOfPage":{"@id":"https:\/\/vosgesinfo.fr\/gerardmerinfo\/?p=95269"},"wordCount":432,"commentCount":0,"publisher":{"@id":"https:\/\/vosgesinfo.fr\/gerardmerinfo\/#organization"},"image":{"@id":"https:\/\/vosgesinfo.fr\/gerardmerinfo\/?p=95269#primaryimage"},"thumbnailUrl":"https:\/\/vosgesinfo.fr\/app\/uploads\/sites\/6\/2026\/08\/rentree-scolaire-2026-gerardmer-1.jpg","keywords":["Seng Khan LUANGSIVILAY","Thomas Gion","Vam\u00e9rie Valentin"],"articleSection":["A la une","\u00c9ducation","G\u00e9rardmer","Gerardmer"],"inLanguage":"fr-FR","potentialAction":[{"@type":"CommentAction","name":"Comment","target":["https:\/\/vosgesinfo.fr\/gerardmerinfo\/?p=95269#respond"]}]},{"@type":"WebPage","@id":"https:\/\/vosgesinfo.fr\/gerardmerinfo\/?p=95269","url":"https:\/\/vosgesinfo.fr\/gerardmerinfo\/?p=95269","name":"Rentr\u00e9e scolaire \u00e0 G\u00e9rardmer : l'\u00e9ducation est une responsabilit\u00e9 collective - Gerardmer Info","isPartOf":{"@id":"https:\/\/vosgesinfo.fr\/gerardmerinfo\/#website"},"primaryImageOfPage":{"@id":"https:\/\/vosgesinfo.fr\/gerardmerinfo\/?p=95269#primaryimage"},"image":{"@id":"https:\/\/vosgesinfo.fr\/gerardmerinfo\/?p=95269#primaryimage"},"thumbnailUrl":"https:\/\/vosgesinfo.fr\/app\/uploads\/sites\/6\/2026\/08\/rentree-scolaire-2026-gerardmer-1.jpg","datePublished":"2026-09-05T07:56:27+00:00","dateModified":"2026-09-05T07:56:27+00:00","breadcrumb":{"@id":"https:\/\/vosgesinfo.fr\/gerardmerinfo\/?p=95269#breadcrumb"},"inLanguage":"fr-FR","potentialAction":[{"@type":"ReadAction","target":["https:\/\/vosgesinfo.fr\/gerardmerinfo\/?p=95269"]}]},{"@type":"ImageObject","inLanguage":"fr-FR","@id":"https:\/\/vosgesinfo.fr\/gerardmerinfo\/?p=95269#primaryimage","url":"https:\/\/vosgesinfo.fr\/app\/uploads\/sites\/6\/2026\/08\/rentree-scolaire-2026-gerardmer-1.jpg","contentUrl":"https:\/\/vosgesinfo.fr\/app\/uploads\/sites\/6\/2026\/08\/rentree-scolaire-2026-gerardmer-1.jpg","width":1920,"height":1440},{"@type":"BreadcrumbList","@id":"https:\/\/vosgesinfo.fr\/gerardmerinfo\/?p=95269#breadcrumb","itemListElement":[{"@type":"ListItem","position":1,"name":"Home","item":"https:\/\/vosgesinfo.fr\/gerardmerinfo\/"},{"@type":"ListItem","position":2,"name":"Rentr\u00e9e scolaire \u00e0 G\u00e9rardmer : l&#8217;\u00e9ducation est une responsabilit\u00e9 collective"}]},{"@type":"WebSite","@id":"https:\/\/vosgesinfo.fr\/gerardmerinfo\/#website","url":"https:\/\/vosgesinfo.fr\/gerardmerinfo\/","name":"Gerardmer Info","description":"Toute l&#039;actualit\u00e9 de G\u00e9rardmer","publisher":{"@id":"https:\/\/vosgesinfo.fr\/gerardmerinfo\/#organization"},"alternateName":"Toute l'actualit\u00e9 de G\u00e9rardmer","potentialAction":[{"@type":"SearchAction","target":{"@type":"EntryPoint","urlTemplate":"https:\/\/vosgesinfo.fr\/gerardmerinfo\/?s={search_term_string}"},"query-input":"required name=search_term_string"}],"inLanguage":"fr-FR"},{"@type":"Organization","@id":"https:\/\/vosgesinfo.fr\/gerardmerinfo\/#organization","name":"Gerardmer Info","url":"https:\/\/vosgesinfo.fr\/gerardmerinfo\/","logo":{"@type":"ImageObject","inLanguage":"fr-FR","@id":"https:\/\/vosgesinfo.fr\/gerardmerinfo\/#\/schema\/logo\/image\/","url":"https:\/\/vosgesinfo.fr\/app\/uploads\/sites\/6\/2023\/08\/favicon-gerardmerinfo.png","contentUrl":"https:\/\/vosgesinfo.fr\/app\/uploads\/sites\/6\/2023\/08\/favicon-gerardmerinfo.png","width":512,"height":512,"caption":"Gerardmer Info"},"image":{"@id":"https:\/\/vosgesinfo.fr\/gerardmerinfo\/#\/schema\/logo\/image\/"},"sameAs":["https:\/\/www.facebook.com\/profile.php?id=100049475262660","https:\/\/x.com\/VosgesInfo88","https:\/\/www.youtube.com\/@vosgesinfo"]},{"@type":"Person","@id":"https:\/\/vosgesinfo.fr\/gerardmerinfo\/#\/schema\/person\/db5605779a843dad16b5368f3e7613a5","name":"QG","image":{"@type":"ImageObject","inLanguage":"fr-FR","@id":"https:\/\/vosgesinfo.fr\/gerardmerinfo\/#\/schema\/person\/image\/","url":"https:\/\/secure.gravatar.com\/avatar\/ea80c42c204b534408512832fde52504ecabb9706bcb6151cf6175e5b64e6793?s=96&d=mm&r=g","contentUrl":"https:\/\/secure.gravatar.com\/avatar\/ea80c42c204b534408512832fde52504ecabb9706bcb6151cf6175e5b64e6793?s=96&d=mm&r=g","caption":"QG"},"url":"https:\/\/vosgesinfo.fr\/gerardmerinfo\/author\/quentin88\/"}]}},"_links":{"self":[{"href":"https:\/\/vosgesinfo.fr\/gerardmerinfo\/wp-json\/wp\/v2\/posts\/95269","targetHints":{"allow":["GET"]}}],"collection":[{"href":"https:\/\/vosgesinfo.fr\/gerardmerinfo\/wp-json\/wp\/v2\/posts"}],"about":[{"href":"https:\/\/vosgesinfo.fr\/gerardmerinfo\/wp-json\/wp\/v2\/types\/post"}],"author":[{"embeddable":true,"href":"https:\/\/vosgesinfo.fr\/gerardmerinfo\/wp-json\/wp\/v2\/users\/42"}],"replies":[{"embeddable":true,"href":"https:\/\/vosgesinfo.fr\/gerardmerinfo\/wp-json\/wp\/v2\/comments?post=95269"}],"version-history":[{"count":3,"href":"https:\/\/vosgesinfo.fr\/gerardmerinfo\/wp-json\/wp\/v2\/posts\/95269\/revisions"}],"predecessor-version":[{"id":95278,"href":"https:\/\/vosgesinfo.fr\/gerardmerinfo\/wp-json\/wp\/v2\/posts\/95269\/revisions\/95278"}],"wp:featuredmedia":[{"embeddable":true,"href":"https:\/\/vosgesinfo.fr\/gerardmerinfo\/wp-json\/wp\/v2\/media\/95271"}],"wp:attachment":[{"href":"https:\/\/vosgesinfo.fr\/gerardmerinfo\/wp-json\/wp\/v2\/media?parent=95269"}],"wp:term":[{"taxonomy":"category","embeddable":true,"href":"https:\/\/vosgesinfo.fr\/gerardmerinfo\/wp-json\/wp\/v2\/categories?post=95269"},{"taxonomy":"post_tag","embeddable":true,"href":"https:\/\/vosgesinfo.fr\/gerardmerinfo\/wp-json\/wp\/v2\/tags?post=95269"}],"curies":[{"name":"wp","href":"https:\/\/api.w.org\/{rel}","templated":true}]}}