{"id":95302,"date":"2026-09-01T11:09:51","date_gmt":"2026-09-01T09:09:51","guid":{"rendered":"https:\/\/vosgesinfo.fr\/gerardmerinfo\/2026\/09\/vosges-la-ferme-du-bois-des-fourrieres-a-mandray-selectionnee-par-la-mission-patrimoine-2026\/"},"modified":"2026-09-01T11:09:51","modified_gmt":"2026-09-01T09:09:51","slug":"vosges-la-ferme-du-bois-des-fourrieres-a-mandray-selectionnee-par-la-mission-patrimoine-2026","status":"publish","type":"post","link":"https:\/\/vosgesinfo.fr\/gerardmerinfo\/2026\/09\/vosges-la-ferme-du-bois-des-fourrieres-a-mandray-selectionnee-par-la-mission-patrimoine-2026\/","title":{"rendered":"Vosges &#8211; La ferme du Bois des Fourri\u00e8res \u00e0 Mandray s\u00e9lectionn\u00e9e par la Mission Patrimoine 2026"},"content":{"rendered":"<h2 class=\"isSelectedEnd\"><strong><a href=\"https:\/\/vosgesinfo.fr\/app\/uploads\/sites\/3\/2026\/09\/capture-decran-2026-09-01-110908.jpg\"><img decoding=\"async\" class=\"aligncenter size-full wp-image-145207\" src=\"https:\/\/vosgesinfo.fr\/app\/uploads\/sites\/3\/2026\/09\/capture-decran-2026-09-01-110908.jpg\" alt=\"\" width=\"665\" height=\"309\" \/><\/a>La Mission Patrimoine pour la sauvegarde du patrimoine en p\u00e9ril, port\u00e9e par St\u00e9phane Bern, a d\u00e9voil\u00e9 ce lundi ses sites d\u00e9partementaux s\u00e9lectionn\u00e9s pour l&rsquo;\u00e9dition 2026. En Lorraine, quatre projets b\u00e9n\u00e9ficieront du soutien financier de cette neuvi\u00e8me \u00e9dition, dont un site vosgien : la ferme du Bois des Fourri\u00e8res, situ\u00e9e \u00e0 Mandray.<\/strong><\/h2>\n<p class=\"isSelectedEnd\">Cette ancienne ferme, t\u00e9moin de l&rsquo;histoire rurale des Hautes-Vosges, rejoint ainsi les trois autres projets lorrains retenus cette ann\u00e9e : le ch\u00e2teau d&rsquo;Harou\u00e9 en Meurthe-et-Moselle, l&rsquo;H\u00f4tel des Fermes \u00e0 Ligny-en-Barrois dans la Meuse et les rochers rupestres sculpt\u00e9s du pays de Bitche en Moselle.<\/p>\n<h2>Un patrimoine rural menac\u00e9 d&rsquo;effondrement<\/h2>\n<p class=\"isSelectedEnd\">Construite en 1813 par Fran\u00e7ois Ruyer, venu s&rsquo;installer \u00e0 Mandray pour cultiver la terre, la ferme du Bois des Fourri\u00e8res constitue un t\u00e9moignage rare de l&rsquo;architecture rurale vosgienne du d\u00e9but du XIXe si\u00e8cle.<\/p>\n<p class=\"isSelectedEnd\">Sa fa\u00e7ade sur rue se distingue notamment par ses encadrements de fen\u00eatres en gr\u00e8s rose, sa porte d&rsquo;entr\u00e9e surmont\u00e9e d&rsquo;une imposte ainsi que ses nombreux d\u00e9cors sculpt\u00e9s. Symboles religieux, r\u00e9f\u00e9rences politiques et \u00e9l\u00e9ments protecteurs se c\u00f4toient sur cet ensemble architectural singulier, o\u00f9 figure \u00e9galement la repr\u00e9sentation originale d&rsquo;un chasseur visant une perdrix.<\/p>\n<p class=\"isSelectedEnd\">Mais aujourd&rsquo;hui, le b\u00e2timent est en danger. Partiellement en ruine, il pr\u00e9sente un risque r\u00e9el d&rsquo;effondrement, notamment au niveau de sa fa\u00e7ade sur rue. Des interventions d&rsquo;urgence ont permis d&rsquo;\u00e9viter le pire, sans toutefois r\u00e9soudre les probl\u00e8mes structurels qui fragilisent l&rsquo;\u00e9difice.<\/p>\n<h2>Un projet pour transmettre l&rsquo;histoire des Hautes-Vosges<\/h2>\n<p class=\"isSelectedEnd\">Port\u00e9 par l&rsquo;association \u00ab Le Haut-Fer \u00bb, le projet pr\u00e9voit en priorit\u00e9 de s\u00e9curiser et restaurer la fa\u00e7ade afin d&rsquo;\u00e9viter sa disparition.<\/p>\n<p class=\"isSelectedEnd\">Les travaux concerneront \u00e9galement la charpente, la couverture et la zinguerie, la stabilisation des ma\u00e7onneries, la pose de nouvelles menuiseries en bois ainsi que la pr\u00e9servation des encadrements en gr\u00e8s rose et des d\u00e9cors sculpt\u00e9s.<\/p>\n<p class=\"isSelectedEnd\">\u00c0 terme, l&rsquo;ambition est de faire de cette ancienne ferme un v\u00e9ritable lieu de transmission du patrimoine rural vosgien. L&rsquo;association souhaite notamment int\u00e9grer le site \u00e0 un ensemble p\u00e9dagogique comprenant un circuit consacr\u00e9 aux fermes de Mandray, un espace mus\u00e9al ainsi qu&rsquo;un lieu d\u00e9di\u00e9 aux techniques de r\u00e9novation du b\u00e2ti ancien.<\/p>\n<p class=\"isSelectedEnd\">Des visites guid\u00e9es, ateliers p\u00e9dagogiques et chantiers participatifs pourraient \u00e9galement y \u00eatre organis\u00e9s autour des savoir-faire traditionnels. Une restitution partielle des \u00e9quipements domestiques du XIXe si\u00e8cle est aussi envisag\u00e9e.<\/p>\n<p class=\"isSelectedEnd\">Habitu\u00e9e \u00e0 valoriser le patrimoine local, l&rsquo;association \u00ab Le Haut-Fer \u00bb g\u00e8re d\u00e9j\u00e0 la scierie hydraulique de Mandray, devenue mus\u00e9e.<\/p>\n<p class=\"isSelectedEnd\">Le chantier de restauration de la ferme du Bois des Fourri\u00e8res devrait d\u00e9buter au printemps 2027 pour une fin des travaux pr\u00e9vue \u00e0 l&rsquo;horizon 2028.<\/p>\n<p class=\"isSelectedEnd\">Depuis son lancement en 2018, la Mission Patrimoine a accompagn\u00e9 la restauration de plus de 1 080 sites en France. En Lorraine, 48 projets ont d\u00e9j\u00e0 b\u00e9n\u00e9fici\u00e9 de ce dispositif, avec plus de 75 % des sites sauv\u00e9s ou en passe de l&rsquo;\u00eatre.<\/p>\n<p>La s\u00e9lection de la ferme de Mandray offre ainsi une nouvelle chance de pr\u00e9server ce t\u00e9moin pr\u00e9cieux de l&rsquo;histoire et de l&rsquo;identit\u00e9 rurale des Hautes-Vosges.<\/p>\n","protected":false},"excerpt":{"rendered":"<p>La Mission Patrimoine pour la sauvegarde du patrimoine en p\u00e9ril, port\u00e9e par St\u00e9phane Bern, a d\u00e9voil\u00e9 ce lundi ses sites [&hellip;]<\/p>\n","protected":false},"author":52,"featured_media":95303,"comment_status":"open","ping_status":"open","sticky":false,"template":"","format":"standard","meta":{"footnotes":""},"categories":[20,878,25,328,868,946],"tags":[9611,9612,9613,7630,1694,642,5363,7748,9614,9615,4919,7751,1392],"class_list":["post-95302","post","type-post","status-publish","format-standard","has-post-thumbnail","hentry","category-a-la-une","category-epinal","category-gerardmer","category-la-plaine-des-vosges","category-remiremont","category-saint-die","tag-architecture-vosgienne","tag-association-le-haut-fer","tag-ferme-du-bois-des-fourrieres","tag-fondation-du-patrimoine","tag-hautes-vosges","tag-loto-du-patrimoine","tag-mandray","tag-mission-patrimoine","tag-patrimoine-en-peril","tag-patrimoine-rural","tag-restauration","tag-stephane-bern","tag-vosges"],"acf":[],"yoast_head":"<!-- This site is optimized with the Yoast SEO plugin v22.5 - https:\/\/yoast.com\/wordpress\/plugins\/seo\/ -->\n<title>Vosges - La ferme du Bois des Fourri\u00e8res \u00e0 Mandray s\u00e9lectionn\u00e9e par la Mission Patrimoine 2026 - Gerardmer Info<\/title>\n<meta name=\"robots\" content=\"index, follow, max-snippet:-1, max-image-preview:large, max-video-preview:-1\" \/>\n<link rel=\"canonical\" href=\"https:\/\/vosgesinfo.fr\/gerardmerinfo\/2026\/09\/vosges-la-ferme-du-bois-des-fourrieres-a-mandray-selectionnee-par-la-mission-patrimoine-2026\/\" \/>\n<meta name=\"twitter:card\" content=\"summary_large_image\" \/>\n<meta name=\"twitter:title\" content=\"Vosges - La ferme du Bois des Fourri\u00e8res \u00e0 Mandray s\u00e9lectionn\u00e9e par la Mission Patrimoine 2026 - Gerardmer Info\" \/>\n<meta name=\"twitter:description\" content=\"La Mission Patrimoine pour la sauvegarde du patrimoine en p\u00e9ril, port\u00e9e par St\u00e9phane Bern, a d\u00e9voil\u00e9 ce lundi ses sites [&hellip;]\" \/>\n<meta name=\"twitter:image\" content=\"https:\/\/vosgesinfo.fr\/app\/uploads\/sites\/6\/2026\/09\/capture-decran-2026-09-01-110908.jpg\" \/>\n<meta name=\"twitter:creator\" content=\"@VosgesInfo88\" \/>\n<meta name=\"twitter:site\" content=\"@VosgesInfo88\" \/>\n<meta name=\"twitter:label1\" content=\"\u00c9crit par\" \/>\n\t<meta name=\"twitter:data1\" content=\"C.K.\" \/>\n\t<meta name=\"twitter:label2\" content=\"Dur\u00e9e de lecture estim\u00e9e\" \/>\n\t<meta name=\"twitter:data2\" content=\"3 minutes\" \/>\n<script type=\"application\/ld+json\" class=\"yoast-schema-graph\">{\"@context\":\"https:\/\/schema.org\",\"@graph\":[{\"@type\":\"Article\",\"@id\":\"https:\/\/vosgesinfo.fr\/gerardmerinfo\/2026\/09\/vosges-la-ferme-du-bois-des-fourrieres-a-mandray-selectionnee-par-la-mission-patrimoine-2026\/#article\",\"isPartOf\":{\"@id\":\"https:\/\/vosgesinfo.fr\/gerardmerinfo\/2026\/09\/vosges-la-ferme-du-bois-des-fourrieres-a-mandray-selectionnee-par-la-mission-patrimoine-2026\/\"},\"author\":{\"name\":\"C.K.\",\"@id\":\"https:\/\/vosgesinfo.fr\/gerardmerinfo\/#\/schema\/person\/6f9a650eeea99d969b6c4ab78fccbe81\"},\"headline\":\"Vosges &#8211; La ferme du Bois des Fourri\u00e8res \u00e0 Mandray s\u00e9lectionn\u00e9e par la Mission Patrimoine 2026\",\"datePublished\":\"2026-09-01T09:09:51+00:00\",\"dateModified\":\"2026-09-01T09:09:51+00:00\",\"mainEntityOfPage\":{\"@id\":\"https:\/\/vosgesinfo.fr\/gerardmerinfo\/2026\/09\/vosges-la-ferme-du-bois-des-fourrieres-a-mandray-selectionnee-par-la-mission-patrimoine-2026\/\"},\"wordCount\":578,\"commentCount\":0,\"publisher\":{\"@id\":\"https:\/\/vosgesinfo.fr\/gerardmerinfo\/#organization\"},\"image\":{\"@id\":\"https:\/\/vosgesinfo.fr\/gerardmerinfo\/2026\/09\/vosges-la-ferme-du-bois-des-fourrieres-a-mandray-selectionnee-par-la-mission-patrimoine-2026\/#primaryimage\"},\"thumbnailUrl\":\"https:\/\/vosgesinfo.fr\/app\/uploads\/sites\/6\/2026\/09\/capture-decran-2026-09-01-110908.jpg\",\"keywords\":[\"architecture vosgienne\",\"association Le Haut-Fer\",\"ferme du Bois des Fourri\u00e8res\",\"Fondation du Patrimoine\",\"hautes Vosges\",\"loto du patrimoine\",\"mandray\",\"Mission Patrimoine\",\"patrimoine en p\u00e9ril\",\"patrimoine rural\",\"restauration\",\"St\u00e9phane Bern\",\"vosges\"],\"articleSection\":[\"A la une\",\"Epinal\",\"G\u00e9rardmer\",\"La plaine des vosges\",\"Remiremont\",\"Saint-di\u00e9\"],\"inLanguage\":\"fr-FR\",\"potentialAction\":[{\"@type\":\"CommentAction\",\"name\":\"Comment\",\"target\":[\"https:\/\/vosgesinfo.fr\/gerardmerinfo\/2026\/09\/vosges-la-ferme-du-bois-des-fourrieres-a-mandray-selectionnee-par-la-mission-patrimoine-2026\/#respond\"]}]},{\"@type\":\"WebPage\",\"@id\":\"https:\/\/vosgesinfo.fr\/gerardmerinfo\/2026\/09\/vosges-la-ferme-du-bois-des-fourrieres-a-mandray-selectionnee-par-la-mission-patrimoine-2026\/\",\"url\":\"https:\/\/vosgesinfo.fr\/gerardmerinfo\/2026\/09\/vosges-la-ferme-du-bois-des-fourrieres-a-mandray-selectionnee-par-la-mission-patrimoine-2026\/\",\"name\":\"Vosges - La ferme du Bois des Fourri\u00e8res \u00e0 Mandray s\u00e9lectionn\u00e9e par la Mission Patrimoine 2026 - Gerardmer Info\",\"isPartOf\":{\"@id\":\"https:\/\/vosgesinfo.fr\/gerardmerinfo\/#website\"},\"primaryImageOfPage\":{\"@id\":\"https:\/\/vosgesinfo.fr\/gerardmerinfo\/2026\/09\/vosges-la-ferme-du-bois-des-fourrieres-a-mandray-selectionnee-par-la-mission-patrimoine-2026\/#primaryimage\"},\"image\":{\"@id\":\"https:\/\/vosgesinfo.fr\/gerardmerinfo\/2026\/09\/vosges-la-ferme-du-bois-des-fourrieres-a-mandray-selectionnee-par-la-mission-patrimoine-2026\/#primaryimage\"},\"thumbnailUrl\":\"https:\/\/vosgesinfo.fr\/app\/uploads\/sites\/6\/2026\/09\/capture-decran-2026-09-01-110908.jpg\",\"datePublished\":\"2026-09-01T09:09:51+00:00\",\"dateModified\":\"2026-09-01T09:09:51+00:00\",\"breadcrumb\":{\"@id\":\"https:\/\/vosgesinfo.fr\/gerardmerinfo\/2026\/09\/vosges-la-ferme-du-bois-des-fourrieres-a-mandray-selectionnee-par-la-mission-patrimoine-2026\/#breadcrumb\"},\"inLanguage\":\"fr-FR\",\"potentialAction\":[{\"@type\":\"ReadAction\",\"target\":[\"https:\/\/vosgesinfo.fr\/gerardmerinfo\/2026\/09\/vosges-la-ferme-du-bois-des-fourrieres-a-mandray-selectionnee-par-la-mission-patrimoine-2026\/\"]}]},{\"@type\":\"ImageObject\",\"inLanguage\":\"fr-FR\",\"@id\":\"https:\/\/vosgesinfo.fr\/gerardmerinfo\/2026\/09\/vosges-la-ferme-du-bois-des-fourrieres-a-mandray-selectionnee-par-la-mission-patrimoine-2026\/#primaryimage\",\"url\":\"https:\/\/vosgesinfo.fr\/app\/uploads\/sites\/6\/2026\/09\/capture-decran-2026-09-01-110908.jpg\",\"contentUrl\":\"https:\/\/vosgesinfo.fr\/app\/uploads\/sites\/6\/2026\/09\/capture-decran-2026-09-01-110908.jpg\",\"width\":665,\"height\":309},{\"@type\":\"BreadcrumbList\",\"@id\":\"https:\/\/vosgesinfo.fr\/gerardmerinfo\/2026\/09\/vosges-la-ferme-du-bois-des-fourrieres-a-mandray-selectionnee-par-la-mission-patrimoine-2026\/#breadcrumb\",\"itemListElement\":[{\"@type\":\"ListItem\",\"position\":1,\"name\":\"Home\",\"item\":\"https:\/\/vosgesinfo.fr\/gerardmerinfo\/\"},{\"@type\":\"ListItem\",\"position\":2,\"name\":\"Vosges &#8211; La ferme du Bois des Fourri\u00e8res \u00e0 Mandray s\u00e9lectionn\u00e9e par la Mission Patrimoine 2026\"}]},{\"@type\":\"WebSite\",\"@id\":\"https:\/\/vosgesinfo.fr\/gerardmerinfo\/#website\",\"url\":\"https:\/\/vosgesinfo.fr\/gerardmerinfo\/\",\"name\":\"Gerardmer Info\",\"description\":\"Toute l&#039;actualit\u00e9 de G\u00e9rardmer\",\"publisher\":{\"@id\":\"https:\/\/vosgesinfo.fr\/gerardmerinfo\/#organization\"},\"alternateName\":\"Toute l'actualit\u00e9 de G\u00e9rardmer\",\"potentialAction\":[{\"@type\":\"SearchAction\",\"target\":{\"@type\":\"EntryPoint\",\"urlTemplate\":\"https:\/\/vosgesinfo.fr\/gerardmerinfo\/?s={search_term_string}\"},\"query-input\":\"required name=search_term_string\"}],\"inLanguage\":\"fr-FR\"},{\"@type\":\"Organization\",\"@id\":\"https:\/\/vosgesinfo.fr\/gerardmerinfo\/#organization\",\"name\":\"Gerardmer Info\",\"url\":\"https:\/\/vosgesinfo.fr\/gerardmerinfo\/\",\"logo\":{\"@type\":\"ImageObject\",\"inLanguage\":\"fr-FR\",\"@id\":\"https:\/\/vosgesinfo.fr\/gerardmerinfo\/#\/schema\/logo\/image\/\",\"url\":\"https:\/\/vosgesinfo.fr\/app\/uploads\/sites\/6\/2023\/08\/favicon-gerardmerinfo.png\",\"contentUrl\":\"https:\/\/vosgesinfo.fr\/app\/uploads\/sites\/6\/2023\/08\/favicon-gerardmerinfo.png\",\"width\":512,\"height\":512,\"caption\":\"Gerardmer Info\"},\"image\":{\"@id\":\"https:\/\/vosgesinfo.fr\/gerardmerinfo\/#\/schema\/logo\/image\/\"},\"sameAs\":[\"https:\/\/www.facebook.com\/profile.php?id=100049475262660\",\"https:\/\/x.com\/VosgesInfo88\",\"https:\/\/www.youtube.com\/@vosgesinfo\"]},{\"@type\":\"Person\",\"@id\":\"https:\/\/vosgesinfo.fr\/gerardmerinfo\/#\/schema\/person\/6f9a650eeea99d969b6c4ab78fccbe81\",\"name\":\"C.K.\",\"image\":{\"@type\":\"ImageObject\",\"inLanguage\":\"fr-FR\",\"@id\":\"https:\/\/vosgesinfo.fr\/gerardmerinfo\/#\/schema\/person\/image\/\",\"url\":\"https:\/\/secure.gravatar.com\/avatar\/48e3fc7f8421ba8942be6b74a2b7f014ca39bc00dece156b7a8e098ae7dc87bf?s=96&d=mm&r=g\",\"contentUrl\":\"https:\/\/secure.gravatar.com\/avatar\/48e3fc7f8421ba8942be6b74a2b7f014ca39bc00dece156b7a8e098ae7dc87bf?s=96&d=mm&r=g\",\"caption\":\"C.K.\"},\"url\":\"https:\/\/vosgesinfo.fr\/gerardmerinfo\/author\/celia-k-n\/\"}]}<\/script>\n<!-- \/ Yoast SEO plugin. -->","yoast_head_json":{"title":"Vosges - La ferme du Bois des Fourri\u00e8res \u00e0 Mandray s\u00e9lectionn\u00e9e par la Mission Patrimoine 2026 - Gerardmer Info","robots":{"index":"index","follow":"follow","max-snippet":"max-snippet:-1","max-image-preview":"max-image-preview:large","max-video-preview":"max-video-preview:-1"},"canonical":"https:\/\/vosgesinfo.fr\/gerardmerinfo\/2026\/09\/vosges-la-ferme-du-bois-des-fourrieres-a-mandray-selectionnee-par-la-mission-patrimoine-2026\/","twitter_card":"summary_large_image","twitter_title":"Vosges - La ferme du Bois des Fourri\u00e8res \u00e0 Mandray s\u00e9lectionn\u00e9e par la Mission Patrimoine 2026 - Gerardmer Info","twitter_description":"La Mission Patrimoine pour la sauvegarde du patrimoine en p\u00e9ril, port\u00e9e par St\u00e9phane Bern, a d\u00e9voil\u00e9 ce lundi ses sites [&hellip;]","twitter_image":"https:\/\/vosgesinfo.fr\/app\/uploads\/sites\/6\/2026\/09\/capture-decran-2026-09-01-110908.jpg","twitter_creator":"@VosgesInfo88","twitter_site":"@VosgesInfo88","twitter_misc":{"\u00c9crit par":"C.K.","Dur\u00e9e de lecture estim\u00e9e":"3 minutes"},"schema":{"@context":"https:\/\/schema.org","@graph":[{"@type":"Article","@id":"https:\/\/vosgesinfo.fr\/gerardmerinfo\/2026\/09\/vosges-la-ferme-du-bois-des-fourrieres-a-mandray-selectionnee-par-la-mission-patrimoine-2026\/#article","isPartOf":{"@id":"https:\/\/vosgesinfo.fr\/gerardmerinfo\/2026\/09\/vosges-la-ferme-du-bois-des-fourrieres-a-mandray-selectionnee-par-la-mission-patrimoine-2026\/"},"author":{"name":"C.K.","@id":"https:\/\/vosgesinfo.fr\/gerardmerinfo\/#\/schema\/person\/6f9a650eeea99d969b6c4ab78fccbe81"},"headline":"Vosges &#8211; La ferme du Bois des Fourri\u00e8res \u00e0 Mandray s\u00e9lectionn\u00e9e par la Mission Patrimoine 2026","datePublished":"2026-09-01T09:09:51+00:00","dateModified":"2026-09-01T09:09:51+00:00","mainEntityOfPage":{"@id":"https:\/\/vosgesinfo.fr\/gerardmerinfo\/2026\/09\/vosges-la-ferme-du-bois-des-fourrieres-a-mandray-selectionnee-par-la-mission-patrimoine-2026\/"},"wordCount":578,"commentCount":0,"publisher":{"@id":"https:\/\/vosgesinfo.fr\/gerardmerinfo\/#organization"},"image":{"@id":"https:\/\/vosgesinfo.fr\/gerardmerinfo\/2026\/09\/vosges-la-ferme-du-bois-des-fourrieres-a-mandray-selectionnee-par-la-mission-patrimoine-2026\/#primaryimage"},"thumbnailUrl":"https:\/\/vosgesinfo.fr\/app\/uploads\/sites\/6\/2026\/09\/capture-decran-2026-09-01-110908.jpg","keywords":["architecture vosgienne","association Le Haut-Fer","ferme du Bois des Fourri\u00e8res","Fondation du Patrimoine","hautes Vosges","loto du patrimoine","mandray","Mission Patrimoine","patrimoine en p\u00e9ril","patrimoine rural","restauration","St\u00e9phane Bern","vosges"],"articleSection":["A la une","Epinal","G\u00e9rardmer","La plaine des vosges","Remiremont","Saint-di\u00e9"],"inLanguage":"fr-FR","potentialAction":[{"@type":"CommentAction","name":"Comment","target":["https:\/\/vosgesinfo.fr\/gerardmerinfo\/2026\/09\/vosges-la-ferme-du-bois-des-fourrieres-a-mandray-selectionnee-par-la-mission-patrimoine-2026\/#respond"]}]},{"@type":"WebPage","@id":"https:\/\/vosgesinfo.fr\/gerardmerinfo\/2026\/09\/vosges-la-ferme-du-bois-des-fourrieres-a-mandray-selectionnee-par-la-mission-patrimoine-2026\/","url":"https:\/\/vosgesinfo.fr\/gerardmerinfo\/2026\/09\/vosges-la-ferme-du-bois-des-fourrieres-a-mandray-selectionnee-par-la-mission-patrimoine-2026\/","name":"Vosges - La ferme du Bois des Fourri\u00e8res \u00e0 Mandray s\u00e9lectionn\u00e9e par la Mission Patrimoine 2026 - Gerardmer Info","isPartOf":{"@id":"https:\/\/vosgesinfo.fr\/gerardmerinfo\/#website"},"primaryImageOfPage":{"@id":"https:\/\/vosgesinfo.fr\/gerardmerinfo\/2026\/09\/vosges-la-ferme-du-bois-des-fourrieres-a-mandray-selectionnee-par-la-mission-patrimoine-2026\/#primaryimage"},"image":{"@id":"https:\/\/vosgesinfo.fr\/gerardmerinfo\/2026\/09\/vosges-la-ferme-du-bois-des-fourrieres-a-mandray-selectionnee-par-la-mission-patrimoine-2026\/#primaryimage"},"thumbnailUrl":"https:\/\/vosgesinfo.fr\/app\/uploads\/sites\/6\/2026\/09\/capture-decran-2026-09-01-110908.jpg","datePublished":"2026-09-01T09:09:51+00:00","dateModified":"2026-09-01T09:09:51+00:00","breadcrumb":{"@id":"https:\/\/vosgesinfo.fr\/gerardmerinfo\/2026\/09\/vosges-la-ferme-du-bois-des-fourrieres-a-mandray-selectionnee-par-la-mission-patrimoine-2026\/#breadcrumb"},"inLanguage":"fr-FR","potentialAction":[{"@type":"ReadAction","target":["https:\/\/vosgesinfo.fr\/gerardmerinfo\/2026\/09\/vosges-la-ferme-du-bois-des-fourrieres-a-mandray-selectionnee-par-la-mission-patrimoine-2026\/"]}]},{"@type":"ImageObject","inLanguage":"fr-FR","@id":"https:\/\/vosgesinfo.fr\/gerardmerinfo\/2026\/09\/vosges-la-ferme-du-bois-des-fourrieres-a-mandray-selectionnee-par-la-mission-patrimoine-2026\/#primaryimage","url":"https:\/\/vosgesinfo.fr\/app\/uploads\/sites\/6\/2026\/09\/capture-decran-2026-09-01-110908.jpg","contentUrl":"https:\/\/vosgesinfo.fr\/app\/uploads\/sites\/6\/2026\/09\/capture-decran-2026-09-01-110908.jpg","width":665,"height":309},{"@type":"BreadcrumbList","@id":"https:\/\/vosgesinfo.fr\/gerardmerinfo\/2026\/09\/vosges-la-ferme-du-bois-des-fourrieres-a-mandray-selectionnee-par-la-mission-patrimoine-2026\/#breadcrumb","itemListElement":[{"@type":"ListItem","position":1,"name":"Home","item":"https:\/\/vosgesinfo.fr\/gerardmerinfo\/"},{"@type":"ListItem","position":2,"name":"Vosges &#8211; La ferme du Bois des Fourri\u00e8res \u00e0 Mandray s\u00e9lectionn\u00e9e par la Mission Patrimoine 2026"}]},{"@type":"WebSite","@id":"https:\/\/vosgesinfo.fr\/gerardmerinfo\/#website","url":"https:\/\/vosgesinfo.fr\/gerardmerinfo\/","name":"Gerardmer Info","description":"Toute l&#039;actualit\u00e9 de G\u00e9rardmer","publisher":{"@id":"https:\/\/vosgesinfo.fr\/gerardmerinfo\/#organization"},"alternateName":"Toute l'actualit\u00e9 de G\u00e9rardmer","potentialAction":[{"@type":"SearchAction","target":{"@type":"EntryPoint","urlTemplate":"https:\/\/vosgesinfo.fr\/gerardmerinfo\/?s={search_term_string}"},"query-input":"required name=search_term_string"}],"inLanguage":"fr-FR"},{"@type":"Organization","@id":"https:\/\/vosgesinfo.fr\/gerardmerinfo\/#organization","name":"Gerardmer Info","url":"https:\/\/vosgesinfo.fr\/gerardmerinfo\/","logo":{"@type":"ImageObject","inLanguage":"fr-FR","@id":"https:\/\/vosgesinfo.fr\/gerardmerinfo\/#\/schema\/logo\/image\/","url":"https:\/\/vosgesinfo.fr\/app\/uploads\/sites\/6\/2023\/08\/favicon-gerardmerinfo.png","contentUrl":"https:\/\/vosgesinfo.fr\/app\/uploads\/sites\/6\/2023\/08\/favicon-gerardmerinfo.png","width":512,"height":512,"caption":"Gerardmer Info"},"image":{"@id":"https:\/\/vosgesinfo.fr\/gerardmerinfo\/#\/schema\/logo\/image\/"},"sameAs":["https:\/\/www.facebook.com\/profile.php?id=100049475262660","https:\/\/x.com\/VosgesInfo88","https:\/\/www.youtube.com\/@vosgesinfo"]},{"@type":"Person","@id":"https:\/\/vosgesinfo.fr\/gerardmerinfo\/#\/schema\/person\/6f9a650eeea99d969b6c4ab78fccbe81","name":"C.K.","image":{"@type":"ImageObject","inLanguage":"fr-FR","@id":"https:\/\/vosgesinfo.fr\/gerardmerinfo\/#\/schema\/person\/image\/","url":"https:\/\/secure.gravatar.com\/avatar\/48e3fc7f8421ba8942be6b74a2b7f014ca39bc00dece156b7a8e098ae7dc87bf?s=96&d=mm&r=g","contentUrl":"https:\/\/secure.gravatar.com\/avatar\/48e3fc7f8421ba8942be6b74a2b7f014ca39bc00dece156b7a8e098ae7dc87bf?s=96&d=mm&r=g","caption":"C.K."},"url":"https:\/\/vosgesinfo.fr\/gerardmerinfo\/author\/celia-k-n\/"}]}},"_links":{"self":[{"href":"https:\/\/vosgesinfo.fr\/gerardmerinfo\/wp-json\/wp\/v2\/posts\/95302","targetHints":{"allow":["GET"]}}],"collection":[{"href":"https:\/\/vosgesinfo.fr\/gerardmerinfo\/wp-json\/wp\/v2\/posts"}],"about":[{"href":"https:\/\/vosgesinfo.fr\/gerardmerinfo\/wp-json\/wp\/v2\/types\/post"}],"author":[{"embeddable":true,"href":"https:\/\/vosgesinfo.fr\/gerardmerinfo\/wp-json\/wp\/v2\/users\/52"}],"replies":[{"embeddable":true,"href":"https:\/\/vosgesinfo.fr\/gerardmerinfo\/wp-json\/wp\/v2\/comments?post=95302"}],"version-history":[{"count":0,"href":"https:\/\/vosgesinfo.fr\/gerardmerinfo\/wp-json\/wp\/v2\/posts\/95302\/revisions"}],"wp:featuredmedia":[{"embeddable":true,"href":"https:\/\/vosgesinfo.fr\/gerardmerinfo\/wp-json\/wp\/v2\/media\/95303"}],"wp:attachment":[{"href":"https:\/\/vosgesinfo.fr\/gerardmerinfo\/wp-json\/wp\/v2\/media?parent=95302"}],"wp:term":[{"taxonomy":"category","embeddable":true,"href":"https:\/\/vosgesinfo.fr\/gerardmerinfo\/wp-json\/wp\/v2\/categories?post=95302"},{"taxonomy":"post_tag","embeddable":true,"href":"https:\/\/vosgesinfo.fr\/gerardmerinfo\/wp-json\/wp\/v2\/tags?post=95302"}],"curies":[{"name":"wp","href":"https:\/\/api.w.org\/{rel}","templated":true}]}}