{"id":95305,"date":"2026-09-02T05:57:51","date_gmt":"2026-09-02T03:57:51","guid":{"rendered":"https:\/\/vosgesinfo.fr\/gerardmerinfo\/?p=95305"},"modified":"2026-09-01T12:35:36","modified_gmt":"2026-09-01T10:35:36","slug":"nouvelle-rentree-nouveaux-projets","status":"publish","type":"post","link":"https:\/\/vosgesinfo.fr\/gerardmerinfo\/2026\/09\/nouvelle-rentree-nouveaux-projets\/","title":{"rendered":"Nouvelle rentr\u00e9e, nouveaux projets"},"content":{"rendered":"<div id=\"attachment_95308\" style=\"width: 1930px\" class=\"wp-caption aligncenter\"><a href=\"https:\/\/vosgesinfo.fr\/app\/uploads\/sites\/6\/2026\/09\/rentree-scolaire-a-gerardmer-3.jpg\"><img decoding=\"async\" aria-describedby=\"caption-attachment-95308\" class=\"wp-image-95308 size-full\" src=\"https:\/\/vosgesinfo.fr\/app\/uploads\/sites\/6\/2026\/09\/rentree-scolaire-a-gerardmer-3.jpg\" alt=\"\" width=\"1920\" height=\"1440\" srcset=\"https:\/\/vosgesinfo.fr\/app\/uploads\/sites\/6\/2026\/09\/rentree-scolaire-a-gerardmer-3.jpg 1920w, https:\/\/vosgesinfo.fr\/app\/uploads\/sites\/6\/2026\/09\/rentree-scolaire-a-gerardmer-3-300x225.jpg 300w, https:\/\/vosgesinfo.fr\/app\/uploads\/sites\/6\/2026\/09\/rentree-scolaire-a-gerardmer-3-1024x768.jpg 1024w, https:\/\/vosgesinfo.fr\/app\/uploads\/sites\/6\/2026\/09\/rentree-scolaire-a-gerardmer-3-768x576.jpg 768w, https:\/\/vosgesinfo.fr\/app\/uploads\/sites\/6\/2026\/09\/rentree-scolaire-a-gerardmer-3-1536x1152.jpg 1536w\" sizes=\"(max-width: 1920px) 100vw, 1920px\" \/><\/a><p id=\"caption-attachment-95308\" class=\"wp-caption-text\">Le maire Thomas Gion et les \u00e9lus ont souhait\u00e9 une bonne rentr\u00e9e aux \u00e9coliers de G\u00e9rardmer.<\/p><\/div>\n\n\t\t<style type=\"text\/css\">\n\t\t\t#gallery-1 {\n\t\t\t\tmargin: auto;\n\t\t\t}\n\t\t\t#gallery-1 .gallery-item {\n\t\t\t\tfloat: left;\n\t\t\t\tmargin-top: 10px;\n\t\t\t\ttext-align: center;\n\t\t\t\twidth: 50%;\n\t\t\t}\n\t\t\t#gallery-1 img {\n\t\t\t\tborder: 2px solid #cfcfcf;\n\t\t\t}\n\t\t\t#gallery-1 .gallery-caption {\n\t\t\t\tmargin-left: 0;\n\t\t\t}\n\t\t\t\/* see gallery_shortcode() in wp-includes\/media.php *\/\n\t\t<\/style>\n\t\t<div id='gallery-1' class='gallery galleryid-95305 gallery-columns-2 gallery-size-medium'><dl class='gallery-item'>\n\t\t\t<dt class='gallery-icon landscape'>\n\t\t\t\t<a href='https:\/\/vosgesinfo.fr\/app\/uploads\/sites\/6\/2026\/09\/rentree-scolaire-a-gerardmer-4.jpg'><img decoding=\"async\" width=\"300\" height=\"225\" src=\"https:\/\/vosgesinfo.fr\/app\/uploads\/sites\/6\/2026\/09\/rentree-scolaire-a-gerardmer-4-300x225.jpg\" class=\"attachment-medium size-medium\" alt=\"\" srcset=\"https:\/\/vosgesinfo.fr\/app\/uploads\/sites\/6\/2026\/09\/rentree-scolaire-a-gerardmer-4-300x225.jpg 300w, https:\/\/vosgesinfo.fr\/app\/uploads\/sites\/6\/2026\/09\/rentree-scolaire-a-gerardmer-4-1024x768.jpg 1024w, https:\/\/vosgesinfo.fr\/app\/uploads\/sites\/6\/2026\/09\/rentree-scolaire-a-gerardmer-4-768x576.jpg 768w, https:\/\/vosgesinfo.fr\/app\/uploads\/sites\/6\/2026\/09\/rentree-scolaire-a-gerardmer-4-1536x1152.jpg 1536w, https:\/\/vosgesinfo.fr\/app\/uploads\/sites\/6\/2026\/09\/rentree-scolaire-a-gerardmer-4.jpg 1920w\" sizes=\"(max-width: 300px) 100vw, 300px\" \/><\/a>\n\t\t\t<\/dt><\/dl><dl class='gallery-item'>\n\t\t\t<dt class='gallery-icon landscape'>\n\t\t\t\t<a href='https:\/\/vosgesinfo.fr\/app\/uploads\/sites\/6\/2026\/09\/rentree-scolaire-a-gerardmer-1.jpg'><img decoding=\"async\" width=\"300\" height=\"225\" src=\"https:\/\/vosgesinfo.fr\/app\/uploads\/sites\/6\/2026\/09\/rentree-scolaire-a-gerardmer-1-300x225.jpg\" class=\"attachment-medium size-medium\" alt=\"\" srcset=\"https:\/\/vosgesinfo.fr\/app\/uploads\/sites\/6\/2026\/09\/rentree-scolaire-a-gerardmer-1-300x225.jpg 300w, https:\/\/vosgesinfo.fr\/app\/uploads\/sites\/6\/2026\/09\/rentree-scolaire-a-gerardmer-1-1024x768.jpg 1024w, https:\/\/vosgesinfo.fr\/app\/uploads\/sites\/6\/2026\/09\/rentree-scolaire-a-gerardmer-1-768x576.jpg 768w, https:\/\/vosgesinfo.fr\/app\/uploads\/sites\/6\/2026\/09\/rentree-scolaire-a-gerardmer-1-1536x1152.jpg 1536w, https:\/\/vosgesinfo.fr\/app\/uploads\/sites\/6\/2026\/09\/rentree-scolaire-a-gerardmer-1.jpg 1920w\" sizes=\"(max-width: 300px) 100vw, 300px\" \/><\/a>\n\t\t\t<\/dt><\/dl><br style=\"clear: both\" \/>\n\t\t<\/div>\n\n<p>&nbsp;<\/p>\n<p data-id=\"2qN5Px\" data-pm-slice=\"1 1 []\"><strong>Le maire de G\u00e9rardmer et les \u00e9lus ont effectu\u00e9 leur traditionnelle tourn\u00e9e des \u00e9coles en ce jour de rentr\u00e9e scolaire. En compagnie de la nouvelle inspectrice Seng Khan LUANGSIVILAY, Thomas Gion et l&rsquo;adjointe \u00e0 l\u2019\u00e9ducation Nathalie Claude ont men\u00e9 le cort\u00e8ge \u00e0 la rencontre des \u00e9coliers et des enseignants.<\/strong><\/p>\n<p data-id=\"YR6htM\">Comme le pr\u00e9cisait Didier Sonet, responsable des services techniques de la commune, pas de gros chantiers cette ann\u00e9e dans les \u00e9coles, mais du rafra\u00eechissement dans les salles de classe, ou la r\u00e9paration d&rsquo;une structure de jeu aux Bas Rupts. N\u00e9anmoins, on peut noter que la cour de l&rsquo;\u00e9cole Jean Mac\u00e9 devrait prendre un nouveau visage dans le sillage du projet \u00ab\u00a0cour du vivant\u00a0\u00bb qui fera la part belle \u00e0 la nature. Un r\u00e9am\u00e9nagement est donc \u00e0 l&rsquo;ordre du jour et fera l&rsquo;objet de nombreux \u00e9changes impliquant enseignants, \u00e9coliers, \u00e9lus et services techniques qui apporteront leur expertise.<\/p>\n<p data-id=\"EekOaq\">Chaque \u00e9cole a donc eu l&rsquo;occasion d&rsquo;\u00e9voquer ses objectifs, ses dol\u00e9ances et ses grands projets, \u00e0 l&rsquo;image de quelques belles sorties scolaires qui sont d\u00e9j\u00e0 inscrites \u00e0 l&rsquo;agenda, \u00e0 l&rsquo;image de la classe de mer de Jean Mac\u00e9 en Bretagne\u2026 <a href=\"https:\/\/vosgesinfo.fr\/app\/uploads\/sites\/6\/2026\/09\/rentree-scolaire-a-gerardmer-2.jpg\"><img decoding=\"async\" class=\"aligncenter size-full wp-image-95307\" src=\"https:\/\/vosgesinfo.fr\/app\/uploads\/sites\/6\/2026\/09\/rentree-scolaire-a-gerardmer-2.jpg\" alt=\"\" width=\"1920\" height=\"1440\" srcset=\"https:\/\/vosgesinfo.fr\/app\/uploads\/sites\/6\/2026\/09\/rentree-scolaire-a-gerardmer-2.jpg 1920w, https:\/\/vosgesinfo.fr\/app\/uploads\/sites\/6\/2026\/09\/rentree-scolaire-a-gerardmer-2-300x225.jpg 300w, https:\/\/vosgesinfo.fr\/app\/uploads\/sites\/6\/2026\/09\/rentree-scolaire-a-gerardmer-2-1024x768.jpg 1024w, https:\/\/vosgesinfo.fr\/app\/uploads\/sites\/6\/2026\/09\/rentree-scolaire-a-gerardmer-2-768x576.jpg 768w, https:\/\/vosgesinfo.fr\/app\/uploads\/sites\/6\/2026\/09\/rentree-scolaire-a-gerardmer-2-1536x1152.jpg 1536w\" sizes=\"(max-width: 1920px) 100vw, 1920px\" \/><\/a><\/p>\n<p data-id=\"EekOaq\">\n","protected":false},"excerpt":{"rendered":"<p>&nbsp; Le maire de G\u00e9rardmer et les \u00e9lus ont effectu\u00e9 leur traditionnelle tourn\u00e9e des \u00e9coles en ce jour de rentr\u00e9e [&hellip;]<\/p>\n","protected":false},"author":42,"featured_media":95308,"comment_status":"open","ping_status":"open","sticky":false,"template":"","format":"standard","meta":{"footnotes":""},"categories":[20,6,25,5647],"tags":[9423,9606,112],"class_list":["post-95305","post","type-post","status-publish","format-standard","has-post-thumbnail","hentry","category-a-la-une","category-education","category-gerardmer","category-gerardmer-autres-sites","tag-nathalie-claude","tag-seng-khan-luangsivilay","tag-thomas-gion"],"acf":[],"yoast_head":"<!-- This site is optimized with the Yoast SEO plugin v22.5 - https:\/\/yoast.com\/wordpress\/plugins\/seo\/ -->\n<title>Nouvelle rentr\u00e9e, nouveaux projets - Gerardmer Info<\/title>\n<meta name=\"robots\" content=\"index, follow, max-snippet:-1, max-image-preview:large, max-video-preview:-1\" \/>\n<link rel=\"canonical\" href=\"https:\/\/vosgesinfo.fr\/gerardmerinfo\/2026\/09\/nouvelle-rentree-nouveaux-projets\/\" \/>\n<meta name=\"twitter:card\" content=\"summary_large_image\" \/>\n<meta name=\"twitter:title\" content=\"Nouvelle rentr\u00e9e, nouveaux projets - Gerardmer Info\" \/>\n<meta name=\"twitter:description\" content=\"&nbsp; Le maire de G\u00e9rardmer et les \u00e9lus ont effectu\u00e9 leur traditionnelle tourn\u00e9e des \u00e9coles en ce jour de rentr\u00e9e [&hellip;]\" \/>\n<meta name=\"twitter:image\" content=\"https:\/\/vosgesinfo.fr\/app\/uploads\/sites\/6\/2026\/09\/rentree-scolaire-a-gerardmer-3.jpg\" \/>\n<meta name=\"twitter:creator\" content=\"@VosgesInfo88\" \/>\n<meta name=\"twitter:site\" content=\"@VosgesInfo88\" \/>\n<meta name=\"twitter:label1\" content=\"\u00c9crit par\" \/>\n\t<meta name=\"twitter:data1\" content=\"QG\" \/>\n\t<meta name=\"twitter:label2\" content=\"Dur\u00e9e de lecture estim\u00e9e\" \/>\n\t<meta name=\"twitter:data2\" content=\"1 minute\" \/>\n<script type=\"application\/ld+json\" class=\"yoast-schema-graph\">{\"@context\":\"https:\/\/schema.org\",\"@graph\":[{\"@type\":\"Article\",\"@id\":\"https:\/\/vosgesinfo.fr\/gerardmerinfo\/2026\/09\/nouvelle-rentree-nouveaux-projets\/#article\",\"isPartOf\":{\"@id\":\"https:\/\/vosgesinfo.fr\/gerardmerinfo\/2026\/09\/nouvelle-rentree-nouveaux-projets\/\"},\"author\":{\"name\":\"QG\",\"@id\":\"https:\/\/vosgesinfo.fr\/gerardmerinfo\/#\/schema\/person\/db5605779a843dad16b5368f3e7613a5\"},\"headline\":\"Nouvelle rentr\u00e9e, nouveaux projets\",\"datePublished\":\"2026-09-02T03:57:51+00:00\",\"dateModified\":\"2026-09-01T10:35:36+00:00\",\"mainEntityOfPage\":{\"@id\":\"https:\/\/vosgesinfo.fr\/gerardmerinfo\/2026\/09\/nouvelle-rentree-nouveaux-projets\/\"},\"wordCount\":240,\"commentCount\":0,\"publisher\":{\"@id\":\"https:\/\/vosgesinfo.fr\/gerardmerinfo\/#organization\"},\"image\":{\"@id\":\"https:\/\/vosgesinfo.fr\/gerardmerinfo\/2026\/09\/nouvelle-rentree-nouveaux-projets\/#primaryimage\"},\"thumbnailUrl\":\"https:\/\/vosgesinfo.fr\/app\/uploads\/sites\/6\/2026\/09\/rentree-scolaire-a-gerardmer-3.jpg\",\"keywords\":[\"Nathalie Claude\",\"Seng Khan LUANGSIVILAY\",\"Thomas Gion\"],\"articleSection\":[\"A la une\",\"\u00c9ducation\",\"G\u00e9rardmer\",\"Gerardmer\"],\"inLanguage\":\"fr-FR\",\"potentialAction\":[{\"@type\":\"CommentAction\",\"name\":\"Comment\",\"target\":[\"https:\/\/vosgesinfo.fr\/gerardmerinfo\/2026\/09\/nouvelle-rentree-nouveaux-projets\/#respond\"]}]},{\"@type\":\"WebPage\",\"@id\":\"https:\/\/vosgesinfo.fr\/gerardmerinfo\/2026\/09\/nouvelle-rentree-nouveaux-projets\/\",\"url\":\"https:\/\/vosgesinfo.fr\/gerardmerinfo\/2026\/09\/nouvelle-rentree-nouveaux-projets\/\",\"name\":\"Nouvelle rentr\u00e9e, nouveaux projets - Gerardmer Info\",\"isPartOf\":{\"@id\":\"https:\/\/vosgesinfo.fr\/gerardmerinfo\/#website\"},\"primaryImageOfPage\":{\"@id\":\"https:\/\/vosgesinfo.fr\/gerardmerinfo\/2026\/09\/nouvelle-rentree-nouveaux-projets\/#primaryimage\"},\"image\":{\"@id\":\"https:\/\/vosgesinfo.fr\/gerardmerinfo\/2026\/09\/nouvelle-rentree-nouveaux-projets\/#primaryimage\"},\"thumbnailUrl\":\"https:\/\/vosgesinfo.fr\/app\/uploads\/sites\/6\/2026\/09\/rentree-scolaire-a-gerardmer-3.jpg\",\"datePublished\":\"2026-09-02T03:57:51+00:00\",\"dateModified\":\"2026-09-01T10:35:36+00:00\",\"breadcrumb\":{\"@id\":\"https:\/\/vosgesinfo.fr\/gerardmerinfo\/2026\/09\/nouvelle-rentree-nouveaux-projets\/#breadcrumb\"},\"inLanguage\":\"fr-FR\",\"potentialAction\":[{\"@type\":\"ReadAction\",\"target\":[\"https:\/\/vosgesinfo.fr\/gerardmerinfo\/2026\/09\/nouvelle-rentree-nouveaux-projets\/\"]}]},{\"@type\":\"ImageObject\",\"inLanguage\":\"fr-FR\",\"@id\":\"https:\/\/vosgesinfo.fr\/gerardmerinfo\/2026\/09\/nouvelle-rentree-nouveaux-projets\/#primaryimage\",\"url\":\"https:\/\/vosgesinfo.fr\/app\/uploads\/sites\/6\/2026\/09\/rentree-scolaire-a-gerardmer-3.jpg\",\"contentUrl\":\"https:\/\/vosgesinfo.fr\/app\/uploads\/sites\/6\/2026\/09\/rentree-scolaire-a-gerardmer-3.jpg\",\"width\":1920,\"height\":1440},{\"@type\":\"BreadcrumbList\",\"@id\":\"https:\/\/vosgesinfo.fr\/gerardmerinfo\/2026\/09\/nouvelle-rentree-nouveaux-projets\/#breadcrumb\",\"itemListElement\":[{\"@type\":\"ListItem\",\"position\":1,\"name\":\"Home\",\"item\":\"https:\/\/vosgesinfo.fr\/gerardmerinfo\/\"},{\"@type\":\"ListItem\",\"position\":2,\"name\":\"Nouvelle rentr\u00e9e, nouveaux projets\"}]},{\"@type\":\"WebSite\",\"@id\":\"https:\/\/vosgesinfo.fr\/gerardmerinfo\/#website\",\"url\":\"https:\/\/vosgesinfo.fr\/gerardmerinfo\/\",\"name\":\"Gerardmer Info\",\"description\":\"Toute l&#039;actualit\u00e9 de G\u00e9rardmer\",\"publisher\":{\"@id\":\"https:\/\/vosgesinfo.fr\/gerardmerinfo\/#organization\"},\"alternateName\":\"Toute l'actualit\u00e9 de G\u00e9rardmer\",\"potentialAction\":[{\"@type\":\"SearchAction\",\"target\":{\"@type\":\"EntryPoint\",\"urlTemplate\":\"https:\/\/vosgesinfo.fr\/gerardmerinfo\/?s={search_term_string}\"},\"query-input\":\"required name=search_term_string\"}],\"inLanguage\":\"fr-FR\"},{\"@type\":\"Organization\",\"@id\":\"https:\/\/vosgesinfo.fr\/gerardmerinfo\/#organization\",\"name\":\"Gerardmer Info\",\"url\":\"https:\/\/vosgesinfo.fr\/gerardmerinfo\/\",\"logo\":{\"@type\":\"ImageObject\",\"inLanguage\":\"fr-FR\",\"@id\":\"https:\/\/vosgesinfo.fr\/gerardmerinfo\/#\/schema\/logo\/image\/\",\"url\":\"https:\/\/vosgesinfo.fr\/app\/uploads\/sites\/6\/2023\/08\/favicon-gerardmerinfo.png\",\"contentUrl\":\"https:\/\/vosgesinfo.fr\/app\/uploads\/sites\/6\/2023\/08\/favicon-gerardmerinfo.png\",\"width\":512,\"height\":512,\"caption\":\"Gerardmer Info\"},\"image\":{\"@id\":\"https:\/\/vosgesinfo.fr\/gerardmerinfo\/#\/schema\/logo\/image\/\"},\"sameAs\":[\"https:\/\/www.facebook.com\/profile.php?id=100049475262660\",\"https:\/\/x.com\/VosgesInfo88\",\"https:\/\/www.youtube.com\/@vosgesinfo\"]},{\"@type\":\"Person\",\"@id\":\"https:\/\/vosgesinfo.fr\/gerardmerinfo\/#\/schema\/person\/db5605779a843dad16b5368f3e7613a5\",\"name\":\"QG\",\"image\":{\"@type\":\"ImageObject\",\"inLanguage\":\"fr-FR\",\"@id\":\"https:\/\/vosgesinfo.fr\/gerardmerinfo\/#\/schema\/person\/image\/\",\"url\":\"https:\/\/secure.gravatar.com\/avatar\/ea80c42c204b534408512832fde52504ecabb9706bcb6151cf6175e5b64e6793?s=96&d=mm&r=g\",\"contentUrl\":\"https:\/\/secure.gravatar.com\/avatar\/ea80c42c204b534408512832fde52504ecabb9706bcb6151cf6175e5b64e6793?s=96&d=mm&r=g\",\"caption\":\"QG\"},\"url\":\"https:\/\/vosgesinfo.fr\/gerardmerinfo\/author\/quentin88\/\"}]}<\/script>\n<!-- \/ Yoast SEO plugin. -->","yoast_head_json":{"title":"Nouvelle rentr\u00e9e, nouveaux projets - Gerardmer Info","robots":{"index":"index","follow":"follow","max-snippet":"max-snippet:-1","max-image-preview":"max-image-preview:large","max-video-preview":"max-video-preview:-1"},"canonical":"https:\/\/vosgesinfo.fr\/gerardmerinfo\/2026\/09\/nouvelle-rentree-nouveaux-projets\/","twitter_card":"summary_large_image","twitter_title":"Nouvelle rentr\u00e9e, nouveaux projets - Gerardmer Info","twitter_description":"&nbsp; Le maire de G\u00e9rardmer et les \u00e9lus ont effectu\u00e9 leur traditionnelle tourn\u00e9e des \u00e9coles en ce jour de rentr\u00e9e [&hellip;]","twitter_image":"https:\/\/vosgesinfo.fr\/app\/uploads\/sites\/6\/2026\/09\/rentree-scolaire-a-gerardmer-3.jpg","twitter_creator":"@VosgesInfo88","twitter_site":"@VosgesInfo88","twitter_misc":{"\u00c9crit par":"QG","Dur\u00e9e de lecture estim\u00e9e":"1 minute"},"schema":{"@context":"https:\/\/schema.org","@graph":[{"@type":"Article","@id":"https:\/\/vosgesinfo.fr\/gerardmerinfo\/2026\/09\/nouvelle-rentree-nouveaux-projets\/#article","isPartOf":{"@id":"https:\/\/vosgesinfo.fr\/gerardmerinfo\/2026\/09\/nouvelle-rentree-nouveaux-projets\/"},"author":{"name":"QG","@id":"https:\/\/vosgesinfo.fr\/gerardmerinfo\/#\/schema\/person\/db5605779a843dad16b5368f3e7613a5"},"headline":"Nouvelle rentr\u00e9e, nouveaux projets","datePublished":"2026-09-02T03:57:51+00:00","dateModified":"2026-09-01T10:35:36+00:00","mainEntityOfPage":{"@id":"https:\/\/vosgesinfo.fr\/gerardmerinfo\/2026\/09\/nouvelle-rentree-nouveaux-projets\/"},"wordCount":240,"commentCount":0,"publisher":{"@id":"https:\/\/vosgesinfo.fr\/gerardmerinfo\/#organization"},"image":{"@id":"https:\/\/vosgesinfo.fr\/gerardmerinfo\/2026\/09\/nouvelle-rentree-nouveaux-projets\/#primaryimage"},"thumbnailUrl":"https:\/\/vosgesinfo.fr\/app\/uploads\/sites\/6\/2026\/09\/rentree-scolaire-a-gerardmer-3.jpg","keywords":["Nathalie Claude","Seng Khan LUANGSIVILAY","Thomas Gion"],"articleSection":["A la une","\u00c9ducation","G\u00e9rardmer","Gerardmer"],"inLanguage":"fr-FR","potentialAction":[{"@type":"CommentAction","name":"Comment","target":["https:\/\/vosgesinfo.fr\/gerardmerinfo\/2026\/09\/nouvelle-rentree-nouveaux-projets\/#respond"]}]},{"@type":"WebPage","@id":"https:\/\/vosgesinfo.fr\/gerardmerinfo\/2026\/09\/nouvelle-rentree-nouveaux-projets\/","url":"https:\/\/vosgesinfo.fr\/gerardmerinfo\/2026\/09\/nouvelle-rentree-nouveaux-projets\/","name":"Nouvelle rentr\u00e9e, nouveaux projets - Gerardmer Info","isPartOf":{"@id":"https:\/\/vosgesinfo.fr\/gerardmerinfo\/#website"},"primaryImageOfPage":{"@id":"https:\/\/vosgesinfo.fr\/gerardmerinfo\/2026\/09\/nouvelle-rentree-nouveaux-projets\/#primaryimage"},"image":{"@id":"https:\/\/vosgesinfo.fr\/gerardmerinfo\/2026\/09\/nouvelle-rentree-nouveaux-projets\/#primaryimage"},"thumbnailUrl":"https:\/\/vosgesinfo.fr\/app\/uploads\/sites\/6\/2026\/09\/rentree-scolaire-a-gerardmer-3.jpg","datePublished":"2026-09-02T03:57:51+00:00","dateModified":"2026-09-01T10:35:36+00:00","breadcrumb":{"@id":"https:\/\/vosgesinfo.fr\/gerardmerinfo\/2026\/09\/nouvelle-rentree-nouveaux-projets\/#breadcrumb"},"inLanguage":"fr-FR","potentialAction":[{"@type":"ReadAction","target":["https:\/\/vosgesinfo.fr\/gerardmerinfo\/2026\/09\/nouvelle-rentree-nouveaux-projets\/"]}]},{"@type":"ImageObject","inLanguage":"fr-FR","@id":"https:\/\/vosgesinfo.fr\/gerardmerinfo\/2026\/09\/nouvelle-rentree-nouveaux-projets\/#primaryimage","url":"https:\/\/vosgesinfo.fr\/app\/uploads\/sites\/6\/2026\/09\/rentree-scolaire-a-gerardmer-3.jpg","contentUrl":"https:\/\/vosgesinfo.fr\/app\/uploads\/sites\/6\/2026\/09\/rentree-scolaire-a-gerardmer-3.jpg","width":1920,"height":1440},{"@type":"BreadcrumbList","@id":"https:\/\/vosgesinfo.fr\/gerardmerinfo\/2026\/09\/nouvelle-rentree-nouveaux-projets\/#breadcrumb","itemListElement":[{"@type":"ListItem","position":1,"name":"Home","item":"https:\/\/vosgesinfo.fr\/gerardmerinfo\/"},{"@type":"ListItem","position":2,"name":"Nouvelle rentr\u00e9e, nouveaux projets"}]},{"@type":"WebSite","@id":"https:\/\/vosgesinfo.fr\/gerardmerinfo\/#website","url":"https:\/\/vosgesinfo.fr\/gerardmerinfo\/","name":"Gerardmer Info","description":"Toute l&#039;actualit\u00e9 de G\u00e9rardmer","publisher":{"@id":"https:\/\/vosgesinfo.fr\/gerardmerinfo\/#organization"},"alternateName":"Toute l'actualit\u00e9 de G\u00e9rardmer","potentialAction":[{"@type":"SearchAction","target":{"@type":"EntryPoint","urlTemplate":"https:\/\/vosgesinfo.fr\/gerardmerinfo\/?s={search_term_string}"},"query-input":"required name=search_term_string"}],"inLanguage":"fr-FR"},{"@type":"Organization","@id":"https:\/\/vosgesinfo.fr\/gerardmerinfo\/#organization","name":"Gerardmer Info","url":"https:\/\/vosgesinfo.fr\/gerardmerinfo\/","logo":{"@type":"ImageObject","inLanguage":"fr-FR","@id":"https:\/\/vosgesinfo.fr\/gerardmerinfo\/#\/schema\/logo\/image\/","url":"https:\/\/vosgesinfo.fr\/app\/uploads\/sites\/6\/2023\/08\/favicon-gerardmerinfo.png","contentUrl":"https:\/\/vosgesinfo.fr\/app\/uploads\/sites\/6\/2023\/08\/favicon-gerardmerinfo.png","width":512,"height":512,"caption":"Gerardmer Info"},"image":{"@id":"https:\/\/vosgesinfo.fr\/gerardmerinfo\/#\/schema\/logo\/image\/"},"sameAs":["https:\/\/www.facebook.com\/profile.php?id=100049475262660","https:\/\/x.com\/VosgesInfo88","https:\/\/www.youtube.com\/@vosgesinfo"]},{"@type":"Person","@id":"https:\/\/vosgesinfo.fr\/gerardmerinfo\/#\/schema\/person\/db5605779a843dad16b5368f3e7613a5","name":"QG","image":{"@type":"ImageObject","inLanguage":"fr-FR","@id":"https:\/\/vosgesinfo.fr\/gerardmerinfo\/#\/schema\/person\/image\/","url":"https:\/\/secure.gravatar.com\/avatar\/ea80c42c204b534408512832fde52504ecabb9706bcb6151cf6175e5b64e6793?s=96&d=mm&r=g","contentUrl":"https:\/\/secure.gravatar.com\/avatar\/ea80c42c204b534408512832fde52504ecabb9706bcb6151cf6175e5b64e6793?s=96&d=mm&r=g","caption":"QG"},"url":"https:\/\/vosgesinfo.fr\/gerardmerinfo\/author\/quentin88\/"}]}},"_links":{"self":[{"href":"https:\/\/vosgesinfo.fr\/gerardmerinfo\/wp-json\/wp\/v2\/posts\/95305","targetHints":{"allow":["GET"]}}],"collection":[{"href":"https:\/\/vosgesinfo.fr\/gerardmerinfo\/wp-json\/wp\/v2\/posts"}],"about":[{"href":"https:\/\/vosgesinfo.fr\/gerardmerinfo\/wp-json\/wp\/v2\/types\/post"}],"author":[{"embeddable":true,"href":"https:\/\/vosgesinfo.fr\/gerardmerinfo\/wp-json\/wp\/v2\/users\/42"}],"replies":[{"embeddable":true,"href":"https:\/\/vosgesinfo.fr\/gerardmerinfo\/wp-json\/wp\/v2\/comments?post=95305"}],"version-history":[{"count":1,"href":"https:\/\/vosgesinfo.fr\/gerardmerinfo\/wp-json\/wp\/v2\/posts\/95305\/revisions"}],"predecessor-version":[{"id":95310,"href":"https:\/\/vosgesinfo.fr\/gerardmerinfo\/wp-json\/wp\/v2\/posts\/95305\/revisions\/95310"}],"wp:featuredmedia":[{"embeddable":true,"href":"https:\/\/vosgesinfo.fr\/gerardmerinfo\/wp-json\/wp\/v2\/media\/95308"}],"wp:attachment":[{"href":"https:\/\/vosgesinfo.fr\/gerardmerinfo\/wp-json\/wp\/v2\/media?parent=95305"}],"wp:term":[{"taxonomy":"category","embeddable":true,"href":"https:\/\/vosgesinfo.fr\/gerardmerinfo\/wp-json\/wp\/v2\/categories?post=95305"},{"taxonomy":"post_tag","embeddable":true,"href":"https:\/\/vosgesinfo.fr\/gerardmerinfo\/wp-json\/wp\/v2\/tags?post=95305"}],"curies":[{"name":"wp","href":"https:\/\/api.w.org\/{rel}","templated":true}]}}