{"id":95313,"date":"2026-09-01T17:30:24","date_gmt":"2026-09-01T15:30:24","guid":{"rendered":"https:\/\/vosgesinfo.fr\/gerardmerinfo\/?p=95313"},"modified":"2026-09-01T17:30:24","modified_gmt":"2026-09-01T15:30:24","slug":"les-vosges-accueilleront-les-journees-parlementaires-du-groupe-liot","status":"publish","type":"post","link":"https:\/\/vosgesinfo.fr\/gerardmerinfo\/2026\/09\/les-vosges-accueilleront-les-journees-parlementaires-du-groupe-liot\/","title":{"rendered":"Les Vosges accueilleront les journ\u00e9es parlementaires du groupe LIOT"},"content":{"rendered":"<div id=\"attachment_95316\" style=\"width: 1034px\" class=\"wp-caption aligncenter\"><a href=\"https:\/\/vosgesinfo.fr\/app\/uploads\/sites\/6\/2026\/09\/christophe-naegelen-et-stephane-viry.jpg\"><img decoding=\"async\" aria-describedby=\"caption-attachment-95316\" class=\"size-large wp-image-95316\" src=\"https:\/\/vosgesinfo.fr\/app\/uploads\/sites\/6\/2026\/09\/christophe-naegelen-et-stephane-viry-1024x768.jpg\" alt=\"\" width=\"1024\" height=\"768\" srcset=\"https:\/\/vosgesinfo.fr\/app\/uploads\/sites\/6\/2026\/09\/christophe-naegelen-et-stephane-viry-1024x768.jpg 1024w, https:\/\/vosgesinfo.fr\/app\/uploads\/sites\/6\/2026\/09\/christophe-naegelen-et-stephane-viry-300x225.jpg 300w, https:\/\/vosgesinfo.fr\/app\/uploads\/sites\/6\/2026\/09\/christophe-naegelen-et-stephane-viry-768x576.jpg 768w, https:\/\/vosgesinfo.fr\/app\/uploads\/sites\/6\/2026\/09\/christophe-naegelen-et-stephane-viry-1536x1152.jpg 1536w, https:\/\/vosgesinfo.fr\/app\/uploads\/sites\/6\/2026\/09\/christophe-naegelen-et-stephane-viry.jpg 2048w\" sizes=\"(max-width: 1024px) 100vw, 1024px\" \/><\/a><p id=\"caption-attachment-95316\" class=\"wp-caption-text\">Christophe NAEGELEN et St\u00e9phane VIRY<\/p><\/div>\n<p>&nbsp;<\/p>\n<p>&nbsp;<\/p>\n<p data-id=\"WwplxT\" data-pm-slice=\"1 1 []\">Les d\u00e9put\u00e9s Christophe NAEGELEN et St\u00e9phane VIRY avaient invit\u00e9 la presse afin d&rsquo;\u00e9voquer leur rentr\u00e9e parlementaire et de pr\u00e9senter l\u2019organisation des futures journ\u00e9es parlementaires du groupe LIOT qui se tiendront dans les Vosges du 8 au 10 septembre 2026. Un moment de coh\u00e9sion pour ces d\u00e9put\u00e9s de sensibilit\u00e9s diverses, ce qui fait la richesse de ce groupe.<\/p>\n<p data-id=\"zJBVnH\">C&rsquo;est donc une grande premi\u00e8re pour le d\u00e9partement qui n&rsquo;avait plus accueilli un tel \u00e9v\u00e8nement (tous groupes confondus) depuis les journ\u00e9es parlementaires RPR\/UDF qui s&rsquo;\u00e9taient tenues en octobre 1986 \u00e0 Vittel en pr\u00e9sence du Premier ministre Jacques Chirac et de Philippe S\u00e9guin, d\u00e9put\u00e9 des Vosges. C&rsquo;est donc avec une certaine fiert\u00e9 que les d\u00e9put\u00e9s des 1\u02b3\u1d49 et 3\u1d49 circonscriptions des Vosges ont annonc\u00e9 la nouvelle en pr\u00e9cisant que la quasi-totalit\u00e9 des d\u00e9put\u00e9s de leur groupe parlementaire seraient pr\u00e9sents, accompagn\u00e9s d&rsquo;une dizaine de collaborateurs qui d\u00e9couvriront le territoire et ses richesses.<\/p>\n<p data-id=\"RP0lMS\">Mais ces journ\u00e9es seront avant tout un moment de travail, comme le rappelle Christophe Naegelen, pr\u00e9sident du groupe : \u00ab\u00a0Le groupe LIOT est un groupe d&rsquo;opposition constructive, attach\u00e9 \u00e0 une proximit\u00e9 avec les territoires. C&rsquo;est aussi pour \u00e7a que j&rsquo;ai propos\u00e9 de faire ces journ\u00e9es de travail et de d\u00e9couvertes dans les Vosges. Les \u00e9lus seront donc bas\u00e9s \u00e0 Remiremont et effectueront notamment des visites \u00e0 \u00c9pinal sur le th\u00e8me de l&rsquo;\u00e9conomie, la r\u00e9industrialisation : \u00ab\u00a0Nous irons sur le site de Golbey afin d&rsquo;\u00e9voquer le concept Green Valley et les r\u00e9sultats obtenus en vue de revitaliser le territoire.\u00a0\u00bb Le groupe passera \u00e9galement chez le groupe Honor\u00e9, une r\u00e9f\u00e9rence au niveau mondial, afin d&rsquo;\u00e9changer autour de l&rsquo;industrie et de la fiscalit\u00e9.<\/p>\n<p data-id=\"vBXxPO\">Pour \u00ab\u00a0le c\u00f4t\u00e9 montagne\u00a0\u00bb, un passage est \u00e9galement pr\u00e9vu \u00e0 la confiserie Bressaude et dans une exploitation agricole \u00e0 Basse-sur-le-Rupt, chez Christophe Claudel. Outre les acteurs \u00e9conomiques, ces journ\u00e9es permettront \u00e9galement d&rsquo;\u00e9changer avec les \u00e9lus locaux, associatifs et institutionnels vosgiens. \u00ab\u00a0Elles seront aussi l&rsquo;occasion de fixer les principaux enjeux et pr\u00e9occupations de nos territoires de France hexagonale et ultramarine, afin de les porter \u00e0 l\u2019Assembl\u00e9e nationale lors de la rentr\u00e9e parlementaire, et notamment dans le cadre de l\u2019examen prochain du budget\u00a0\u00bb, pr\u00e9cisent les d\u00e9put\u00e9s vosgiens.<\/p>\n<p data-id=\"KXjNzT\">Et d&rsquo;ajouter : \u00ab\u00a0Nous nous attendons \u00e0 une rentr\u00e9e parlementaire \u00e2pre. (&#8230;) Nous allons \u00e9tudier les amendements et les id\u00e9es \u00e0 porter, comment se positionner sur les futures propositions du Gouvernement, notamment en mati\u00e8re de budget, tout en gardant \u00e0 l&rsquo;esprit que notre priorit\u00e9 c&rsquo;est la France et nos territoires. Nous regardons ce qui est propos\u00e9, pas par qui c&rsquo;est propos\u00e9. Nous voulons \u00eatre force de proposition dans une assembl\u00e9e qui est actuellement malmen\u00e9e. Du fait de notre proximit\u00e9 avec les territoires, nous sommes des d\u00e9centralisateurs et nous consid\u00e9rons que l\u2019intelligence est locale.\u00a0 C&rsquo;est donc dans cet \u00e9tat d&rsquo;esprit que le groupe LIOT abordera ces journ\u00e9es vosgiennes, studieuses, avec sans doute une pointe de convivialit\u00e9 qui caract\u00e9rise le territoire et ses habitants\u2026<\/p>\n","protected":false},"excerpt":{"rendered":"<p>&nbsp; &nbsp; Les d\u00e9put\u00e9s Christophe NAEGELEN et St\u00e9phane VIRY avaient invit\u00e9 la presse afin d&rsquo;\u00e9voquer leur rentr\u00e9e parlementaire et de [&hellip;]<\/p>\n","protected":false},"author":42,"featured_media":95316,"comment_status":"open","ping_status":"open","sticky":false,"template":"","format":"standard","meta":{"footnotes":""},"categories":[20,878,5647,10,868,18],"tags":[110,7931,821],"class_list":["post-95313","post","type-post","status-publish","format-standard","has-post-thumbnail","hentry","category-a-la-une","category-epinal","category-gerardmer-autres-sites","category-politique","category-remiremont","category-vosges","tag-christophe-naegelen","tag-groupe-liot","tag-stephane-viry-depute"],"acf":[],"yoast_head":"<!-- This site is optimized with the Yoast SEO plugin v22.5 - https:\/\/yoast.com\/wordpress\/plugins\/seo\/ -->\n<title>Les Vosges accueilleront les journ\u00e9es parlementaires du groupe LIOT - Gerardmer Info<\/title>\n<meta name=\"robots\" content=\"index, follow, max-snippet:-1, max-image-preview:large, max-video-preview:-1\" \/>\n<link rel=\"canonical\" href=\"https:\/\/vosgesinfo.fr\/gerardmerinfo\/?p=95313\" \/>\n<meta name=\"twitter:card\" content=\"summary_large_image\" \/>\n<meta name=\"twitter:title\" content=\"Les Vosges accueilleront les journ\u00e9es parlementaires du groupe LIOT - Gerardmer Info\" \/>\n<meta name=\"twitter:description\" content=\"&nbsp; &nbsp; Les d\u00e9put\u00e9s Christophe NAEGELEN et St\u00e9phane VIRY avaient invit\u00e9 la presse afin d&rsquo;\u00e9voquer leur rentr\u00e9e parlementaire et de [&hellip;]\" \/>\n<meta name=\"twitter:image\" content=\"https:\/\/vosgesinfo.fr\/app\/uploads\/sites\/6\/2026\/09\/christophe-naegelen-et-stephane-viry-1024x768.jpg\" \/>\n<meta name=\"twitter:creator\" content=\"@VosgesInfo88\" \/>\n<meta name=\"twitter:site\" content=\"@VosgesInfo88\" \/>\n<meta name=\"twitter:label1\" content=\"\u00c9crit par\" \/>\n\t<meta name=\"twitter:data1\" content=\"QG\" \/>\n\t<meta name=\"twitter:label2\" content=\"Dur\u00e9e de lecture estim\u00e9e\" \/>\n\t<meta name=\"twitter:data2\" content=\"1 minute\" \/>\n<script type=\"application\/ld+json\" class=\"yoast-schema-graph\">{\"@context\":\"https:\/\/schema.org\",\"@graph\":[{\"@type\":\"Article\",\"@id\":\"https:\/\/vosgesinfo.fr\/gerardmerinfo\/?p=95313#article\",\"isPartOf\":{\"@id\":\"https:\/\/vosgesinfo.fr\/gerardmerinfo\/?p=95313\"},\"author\":{\"name\":\"QG\",\"@id\":\"https:\/\/vosgesinfo.fr\/gerardmerinfo\/#\/schema\/person\/db5605779a843dad16b5368f3e7613a5\"},\"headline\":\"Les Vosges accueilleront les journ\u00e9es parlementaires du groupe LIOT\",\"datePublished\":\"2026-09-01T15:30:24+00:00\",\"dateModified\":\"2026-09-01T15:30:24+00:00\",\"mainEntityOfPage\":{\"@id\":\"https:\/\/vosgesinfo.fr\/gerardmerinfo\/?p=95313\"},\"wordCount\":558,\"commentCount\":0,\"publisher\":{\"@id\":\"https:\/\/vosgesinfo.fr\/gerardmerinfo\/#organization\"},\"image\":{\"@id\":\"https:\/\/vosgesinfo.fr\/gerardmerinfo\/?p=95313#primaryimage\"},\"thumbnailUrl\":\"https:\/\/vosgesinfo.fr\/app\/uploads\/sites\/6\/2026\/09\/christophe-naegelen-et-stephane-viry.jpg\",\"keywords\":[\"christophe Naegelen\",\"Groupe LIOT\",\"stephane viry d\u00e9put\u00e9\"],\"articleSection\":[\"A la une\",\"Epinal\",\"Gerardmer\",\"Politique\",\"Remiremont\",\"Vosges\"],\"inLanguage\":\"fr-FR\",\"potentialAction\":[{\"@type\":\"CommentAction\",\"name\":\"Comment\",\"target\":[\"https:\/\/vosgesinfo.fr\/gerardmerinfo\/?p=95313#respond\"]}]},{\"@type\":\"WebPage\",\"@id\":\"https:\/\/vosgesinfo.fr\/gerardmerinfo\/?p=95313\",\"url\":\"https:\/\/vosgesinfo.fr\/gerardmerinfo\/?p=95313\",\"name\":\"Les Vosges accueilleront les journ\u00e9es parlementaires du groupe LIOT - Gerardmer Info\",\"isPartOf\":{\"@id\":\"https:\/\/vosgesinfo.fr\/gerardmerinfo\/#website\"},\"primaryImageOfPage\":{\"@id\":\"https:\/\/vosgesinfo.fr\/gerardmerinfo\/?p=95313#primaryimage\"},\"image\":{\"@id\":\"https:\/\/vosgesinfo.fr\/gerardmerinfo\/?p=95313#primaryimage\"},\"thumbnailUrl\":\"https:\/\/vosgesinfo.fr\/app\/uploads\/sites\/6\/2026\/09\/christophe-naegelen-et-stephane-viry.jpg\",\"datePublished\":\"2026-09-01T15:30:24+00:00\",\"dateModified\":\"2026-09-01T15:30:24+00:00\",\"breadcrumb\":{\"@id\":\"https:\/\/vosgesinfo.fr\/gerardmerinfo\/?p=95313#breadcrumb\"},\"inLanguage\":\"fr-FR\",\"potentialAction\":[{\"@type\":\"ReadAction\",\"target\":[\"https:\/\/vosgesinfo.fr\/gerardmerinfo\/?p=95313\"]}]},{\"@type\":\"ImageObject\",\"inLanguage\":\"fr-FR\",\"@id\":\"https:\/\/vosgesinfo.fr\/gerardmerinfo\/?p=95313#primaryimage\",\"url\":\"https:\/\/vosgesinfo.fr\/app\/uploads\/sites\/6\/2026\/09\/christophe-naegelen-et-stephane-viry.jpg\",\"contentUrl\":\"https:\/\/vosgesinfo.fr\/app\/uploads\/sites\/6\/2026\/09\/christophe-naegelen-et-stephane-viry.jpg\",\"width\":2048,\"height\":1536,\"caption\":\"Christophe NAEGELEN et St\u00e9phane VIRY\"},{\"@type\":\"BreadcrumbList\",\"@id\":\"https:\/\/vosgesinfo.fr\/gerardmerinfo\/?p=95313#breadcrumb\",\"itemListElement\":[{\"@type\":\"ListItem\",\"position\":1,\"name\":\"Home\",\"item\":\"https:\/\/vosgesinfo.fr\/gerardmerinfo\/\"},{\"@type\":\"ListItem\",\"position\":2,\"name\":\"Les Vosges accueilleront les journ\u00e9es parlementaires du groupe LIOT\"}]},{\"@type\":\"WebSite\",\"@id\":\"https:\/\/vosgesinfo.fr\/gerardmerinfo\/#website\",\"url\":\"https:\/\/vosgesinfo.fr\/gerardmerinfo\/\",\"name\":\"Gerardmer Info\",\"description\":\"Toute l&#039;actualit\u00e9 de G\u00e9rardmer\",\"publisher\":{\"@id\":\"https:\/\/vosgesinfo.fr\/gerardmerinfo\/#organization\"},\"alternateName\":\"Toute l'actualit\u00e9 de G\u00e9rardmer\",\"potentialAction\":[{\"@type\":\"SearchAction\",\"target\":{\"@type\":\"EntryPoint\",\"urlTemplate\":\"https:\/\/vosgesinfo.fr\/gerardmerinfo\/?s={search_term_string}\"},\"query-input\":\"required name=search_term_string\"}],\"inLanguage\":\"fr-FR\"},{\"@type\":\"Organization\",\"@id\":\"https:\/\/vosgesinfo.fr\/gerardmerinfo\/#organization\",\"name\":\"Gerardmer Info\",\"url\":\"https:\/\/vosgesinfo.fr\/gerardmerinfo\/\",\"logo\":{\"@type\":\"ImageObject\",\"inLanguage\":\"fr-FR\",\"@id\":\"https:\/\/vosgesinfo.fr\/gerardmerinfo\/#\/schema\/logo\/image\/\",\"url\":\"https:\/\/vosgesinfo.fr\/app\/uploads\/sites\/6\/2023\/08\/favicon-gerardmerinfo.png\",\"contentUrl\":\"https:\/\/vosgesinfo.fr\/app\/uploads\/sites\/6\/2023\/08\/favicon-gerardmerinfo.png\",\"width\":512,\"height\":512,\"caption\":\"Gerardmer Info\"},\"image\":{\"@id\":\"https:\/\/vosgesinfo.fr\/gerardmerinfo\/#\/schema\/logo\/image\/\"},\"sameAs\":[\"https:\/\/www.facebook.com\/profile.php?id=100049475262660\",\"https:\/\/x.com\/VosgesInfo88\",\"https:\/\/www.youtube.com\/@vosgesinfo\"]},{\"@type\":\"Person\",\"@id\":\"https:\/\/vosgesinfo.fr\/gerardmerinfo\/#\/schema\/person\/db5605779a843dad16b5368f3e7613a5\",\"name\":\"QG\",\"image\":{\"@type\":\"ImageObject\",\"inLanguage\":\"fr-FR\",\"@id\":\"https:\/\/vosgesinfo.fr\/gerardmerinfo\/#\/schema\/person\/image\/\",\"url\":\"https:\/\/secure.gravatar.com\/avatar\/ea80c42c204b534408512832fde52504ecabb9706bcb6151cf6175e5b64e6793?s=96&d=mm&r=g\",\"contentUrl\":\"https:\/\/secure.gravatar.com\/avatar\/ea80c42c204b534408512832fde52504ecabb9706bcb6151cf6175e5b64e6793?s=96&d=mm&r=g\",\"caption\":\"QG\"},\"url\":\"https:\/\/vosgesinfo.fr\/gerardmerinfo\/author\/quentin88\/\"}]}<\/script>\n<!-- \/ Yoast SEO plugin. -->","yoast_head_json":{"title":"Les Vosges accueilleront les journ\u00e9es parlementaires du groupe LIOT - Gerardmer Info","robots":{"index":"index","follow":"follow","max-snippet":"max-snippet:-1","max-image-preview":"max-image-preview:large","max-video-preview":"max-video-preview:-1"},"canonical":"https:\/\/vosgesinfo.fr\/gerardmerinfo\/?p=95313","twitter_card":"summary_large_image","twitter_title":"Les Vosges accueilleront les journ\u00e9es parlementaires du groupe LIOT - Gerardmer Info","twitter_description":"&nbsp; &nbsp; Les d\u00e9put\u00e9s Christophe NAEGELEN et St\u00e9phane VIRY avaient invit\u00e9 la presse afin d&rsquo;\u00e9voquer leur rentr\u00e9e parlementaire et de [&hellip;]","twitter_image":"https:\/\/vosgesinfo.fr\/app\/uploads\/sites\/6\/2026\/09\/christophe-naegelen-et-stephane-viry-1024x768.jpg","twitter_creator":"@VosgesInfo88","twitter_site":"@VosgesInfo88","twitter_misc":{"\u00c9crit par":"QG","Dur\u00e9e de lecture estim\u00e9e":"1 minute"},"schema":{"@context":"https:\/\/schema.org","@graph":[{"@type":"Article","@id":"https:\/\/vosgesinfo.fr\/gerardmerinfo\/?p=95313#article","isPartOf":{"@id":"https:\/\/vosgesinfo.fr\/gerardmerinfo\/?p=95313"},"author":{"name":"QG","@id":"https:\/\/vosgesinfo.fr\/gerardmerinfo\/#\/schema\/person\/db5605779a843dad16b5368f3e7613a5"},"headline":"Les Vosges accueilleront les journ\u00e9es parlementaires du groupe LIOT","datePublished":"2026-09-01T15:30:24+00:00","dateModified":"2026-09-01T15:30:24+00:00","mainEntityOfPage":{"@id":"https:\/\/vosgesinfo.fr\/gerardmerinfo\/?p=95313"},"wordCount":558,"commentCount":0,"publisher":{"@id":"https:\/\/vosgesinfo.fr\/gerardmerinfo\/#organization"},"image":{"@id":"https:\/\/vosgesinfo.fr\/gerardmerinfo\/?p=95313#primaryimage"},"thumbnailUrl":"https:\/\/vosgesinfo.fr\/app\/uploads\/sites\/6\/2026\/09\/christophe-naegelen-et-stephane-viry.jpg","keywords":["christophe Naegelen","Groupe LIOT","stephane viry d\u00e9put\u00e9"],"articleSection":["A la une","Epinal","Gerardmer","Politique","Remiremont","Vosges"],"inLanguage":"fr-FR","potentialAction":[{"@type":"CommentAction","name":"Comment","target":["https:\/\/vosgesinfo.fr\/gerardmerinfo\/?p=95313#respond"]}]},{"@type":"WebPage","@id":"https:\/\/vosgesinfo.fr\/gerardmerinfo\/?p=95313","url":"https:\/\/vosgesinfo.fr\/gerardmerinfo\/?p=95313","name":"Les Vosges accueilleront les journ\u00e9es parlementaires du groupe LIOT - Gerardmer Info","isPartOf":{"@id":"https:\/\/vosgesinfo.fr\/gerardmerinfo\/#website"},"primaryImageOfPage":{"@id":"https:\/\/vosgesinfo.fr\/gerardmerinfo\/?p=95313#primaryimage"},"image":{"@id":"https:\/\/vosgesinfo.fr\/gerardmerinfo\/?p=95313#primaryimage"},"thumbnailUrl":"https:\/\/vosgesinfo.fr\/app\/uploads\/sites\/6\/2026\/09\/christophe-naegelen-et-stephane-viry.jpg","datePublished":"2026-09-01T15:30:24+00:00","dateModified":"2026-09-01T15:30:24+00:00","breadcrumb":{"@id":"https:\/\/vosgesinfo.fr\/gerardmerinfo\/?p=95313#breadcrumb"},"inLanguage":"fr-FR","potentialAction":[{"@type":"ReadAction","target":["https:\/\/vosgesinfo.fr\/gerardmerinfo\/?p=95313"]}]},{"@type":"ImageObject","inLanguage":"fr-FR","@id":"https:\/\/vosgesinfo.fr\/gerardmerinfo\/?p=95313#primaryimage","url":"https:\/\/vosgesinfo.fr\/app\/uploads\/sites\/6\/2026\/09\/christophe-naegelen-et-stephane-viry.jpg","contentUrl":"https:\/\/vosgesinfo.fr\/app\/uploads\/sites\/6\/2026\/09\/christophe-naegelen-et-stephane-viry.jpg","width":2048,"height":1536,"caption":"Christophe NAEGELEN et St\u00e9phane VIRY"},{"@type":"BreadcrumbList","@id":"https:\/\/vosgesinfo.fr\/gerardmerinfo\/?p=95313#breadcrumb","itemListElement":[{"@type":"ListItem","position":1,"name":"Home","item":"https:\/\/vosgesinfo.fr\/gerardmerinfo\/"},{"@type":"ListItem","position":2,"name":"Les Vosges accueilleront les journ\u00e9es parlementaires du groupe LIOT"}]},{"@type":"WebSite","@id":"https:\/\/vosgesinfo.fr\/gerardmerinfo\/#website","url":"https:\/\/vosgesinfo.fr\/gerardmerinfo\/","name":"Gerardmer Info","description":"Toute l&#039;actualit\u00e9 de G\u00e9rardmer","publisher":{"@id":"https:\/\/vosgesinfo.fr\/gerardmerinfo\/#organization"},"alternateName":"Toute l'actualit\u00e9 de G\u00e9rardmer","potentialAction":[{"@type":"SearchAction","target":{"@type":"EntryPoint","urlTemplate":"https:\/\/vosgesinfo.fr\/gerardmerinfo\/?s={search_term_string}"},"query-input":"required name=search_term_string"}],"inLanguage":"fr-FR"},{"@type":"Organization","@id":"https:\/\/vosgesinfo.fr\/gerardmerinfo\/#organization","name":"Gerardmer Info","url":"https:\/\/vosgesinfo.fr\/gerardmerinfo\/","logo":{"@type":"ImageObject","inLanguage":"fr-FR","@id":"https:\/\/vosgesinfo.fr\/gerardmerinfo\/#\/schema\/logo\/image\/","url":"https:\/\/vosgesinfo.fr\/app\/uploads\/sites\/6\/2023\/08\/favicon-gerardmerinfo.png","contentUrl":"https:\/\/vosgesinfo.fr\/app\/uploads\/sites\/6\/2023\/08\/favicon-gerardmerinfo.png","width":512,"height":512,"caption":"Gerardmer Info"},"image":{"@id":"https:\/\/vosgesinfo.fr\/gerardmerinfo\/#\/schema\/logo\/image\/"},"sameAs":["https:\/\/www.facebook.com\/profile.php?id=100049475262660","https:\/\/x.com\/VosgesInfo88","https:\/\/www.youtube.com\/@vosgesinfo"]},{"@type":"Person","@id":"https:\/\/vosgesinfo.fr\/gerardmerinfo\/#\/schema\/person\/db5605779a843dad16b5368f3e7613a5","name":"QG","image":{"@type":"ImageObject","inLanguage":"fr-FR","@id":"https:\/\/vosgesinfo.fr\/gerardmerinfo\/#\/schema\/person\/image\/","url":"https:\/\/secure.gravatar.com\/avatar\/ea80c42c204b534408512832fde52504ecabb9706bcb6151cf6175e5b64e6793?s=96&d=mm&r=g","contentUrl":"https:\/\/secure.gravatar.com\/avatar\/ea80c42c204b534408512832fde52504ecabb9706bcb6151cf6175e5b64e6793?s=96&d=mm&r=g","caption":"QG"},"url":"https:\/\/vosgesinfo.fr\/gerardmerinfo\/author\/quentin88\/"}]}},"_links":{"self":[{"href":"https:\/\/vosgesinfo.fr\/gerardmerinfo\/wp-json\/wp\/v2\/posts\/95313","targetHints":{"allow":["GET"]}}],"collection":[{"href":"https:\/\/vosgesinfo.fr\/gerardmerinfo\/wp-json\/wp\/v2\/posts"}],"about":[{"href":"https:\/\/vosgesinfo.fr\/gerardmerinfo\/wp-json\/wp\/v2\/types\/post"}],"author":[{"embeddable":true,"href":"https:\/\/vosgesinfo.fr\/gerardmerinfo\/wp-json\/wp\/v2\/users\/42"}],"replies":[{"embeddable":true,"href":"https:\/\/vosgesinfo.fr\/gerardmerinfo\/wp-json\/wp\/v2\/comments?post=95313"}],"version-history":[{"count":3,"href":"https:\/\/vosgesinfo.fr\/gerardmerinfo\/wp-json\/wp\/v2\/posts\/95313\/revisions"}],"predecessor-version":[{"id":95317,"href":"https:\/\/vosgesinfo.fr\/gerardmerinfo\/wp-json\/wp\/v2\/posts\/95313\/revisions\/95317"}],"wp:featuredmedia":[{"embeddable":true,"href":"https:\/\/vosgesinfo.fr\/gerardmerinfo\/wp-json\/wp\/v2\/media\/95316"}],"wp:attachment":[{"href":"https:\/\/vosgesinfo.fr\/gerardmerinfo\/wp-json\/wp\/v2\/media?parent=95313"}],"wp:term":[{"taxonomy":"category","embeddable":true,"href":"https:\/\/vosgesinfo.fr\/gerardmerinfo\/wp-json\/wp\/v2\/categories?post=95313"},{"taxonomy":"post_tag","embeddable":true,"href":"https:\/\/vosgesinfo.fr\/gerardmerinfo\/wp-json\/wp\/v2\/tags?post=95313"}],"curies":[{"name":"wp","href":"https:\/\/api.w.org\/{rel}","templated":true}]}}