{"id":95324,"date":"2026-09-02T05:56:35","date_gmt":"2026-09-02T03:56:35","guid":{"rendered":"https:\/\/vosgesinfo.fr\/gerardmerinfo\/?p=95324"},"modified":"2026-09-01T20:31:36","modified_gmt":"2026-09-01T18:31:36","slug":"rd8-620-000-e-de-travaux-entre-xonrupt-longemer-et-anould-a-partir-du-7-septembre","status":"publish","type":"post","link":"https:\/\/vosgesinfo.fr\/gerardmerinfo\/2026\/09\/rd8-620-000-e-de-travaux-entre-xonrupt-longemer-et-anould-a-partir-du-7-septembre\/","title":{"rendered":"RD8 : 620 000 \u20ac de travaux entre Xonrupt-Longemer et Anould \u00e0 partir du 7 septembre"},"content":{"rendered":"<p>Dans le cadre de sa politique d&rsquo;entretien et de modernisation du r\u00e9seau routier d\u00e9partemental, le Conseil d\u00e9partemental des Vosges r\u00e9alisera, \u00e0 compter du 7 septembre 2026, d&rsquo;importants travaux de r\u00e9fection de la chauss\u00e9e sur la RD8. Ces travaux concernent le renouvellement des enrob\u00e9s ainsi que la r\u00e9fection des caniveaux pour un montant total de 620 000 euros.<br \/>\nAfin de garantir la s\u00e9curit\u00e9 des usagers et des \u00e9quipes intervenant sur le chantier, la circulation devra \u00eatre totalement interrompue sur la section concern\u00e9e pendant toute la dur\u00e9e des travaux, estim\u00e9e \u00e0 trois semaines, sous r\u00e9serve des conditions m\u00e9t\u00e9orologiques. Aucun r\u00e9tablissement de la circulation ne sera possible en soir\u00e9e ni durant les week-ends.<br \/>\nCette op\u00e9ration impactera l&rsquo;axe reliant G\u00e9rardmer \u00e0 Saint-Di\u00e9-des-Vosges via Anould, un itin\u00e9raire particuli\u00e8rement fr\u00e9quent\u00e9, notamment en p\u00e9riode touristique.<br \/>\nDes itin\u00e9raires de d\u00e9viation mis en place<br \/>\nPendant toute la dur\u00e9e du chantier, des d\u00e9viations seront mises en \u0153uvre.<\/p>\n<p><strong>Sens Anould \u2192 G\u00e9rardmer<\/strong><br \/>\n\u00c0 partir du carrefour RD8 \/ RD60 (Col du Plafond) :<br \/>\n\u2022 RD60 jusqu&rsquo;au carrefour RD60 \/ RD31 ;<br \/>\n\u2022 RD31 jusqu&rsquo;au carrefour RD31 \/ RD423 ;<br \/>\n\u2022 RD423 jusqu&rsquo;au carrefour RD423 \/ RD417 ;<br \/>\n\u2022 RD417 jusqu&rsquo;au carrefour RD417 \/ RD8 ;<br \/>\n\u2022 RD8 vers le secteur du Saut des Cuves.<\/p>\n<p><strong>Sens G\u00e9rardmer \u2192 Anould<\/strong><br \/>\n\u00c0 partir du carrefour RD8 \/ RD417 (Saut des Cuves) :<br \/>\n\u2022 RD417 jusqu&rsquo;au carrefour RD417 \/ RD23 ;<br \/>\n\u2022 RD23 jusqu&rsquo;au carrefour RD23 \/ RD73 ;<br \/>\n\u2022 RD73 jusqu&rsquo;au carrefour RD73 \/ RD415 ;<br \/>\n\u2022 RD415 jusqu&rsquo;au carrefour RD415 \/ RD8 ;<br \/>\n\u2022 RD8 vers le Col du Plafond.<br \/>\nCes itin\u00e9raires seront emprunt\u00e9s dans les deux sens de circulation.<br \/>\nLe D\u00e9partement des Vosges remercie les automobilistes, les riverains et l&rsquo;ensemble des usagers pour leur compr\u00e9hension face aux d\u00e9sagr\u00e9ments occasionn\u00e9s par cette op\u00e9ration indispensable au maintien d&rsquo;infrastructures routi\u00e8res s\u00fbres, confortables et durables.<br \/>\nInformations pratiques<br \/>\n\u2022 D\u00e9but des travaux : 7 septembre 2026<br \/>\n\u2022 Dur\u00e9e pr\u00e9visionnelle : 3 semaines<br \/>\n\u2022 Montant de l&rsquo;op\u00e9ration : 620 000 \u20ac<br \/>\n\u2022 Circulation : route barr\u00e9e 24h\/24, sans r\u00e9ouverture le soir ni les week-ends<br \/>\n\u2022 Commune concern\u00e9e : Xonrupt-Longemer<br \/>\n\u2022 Axe concern\u00e9 : RD8 entre G\u00e9rardmer et Anould.<\/p>\n","protected":false},"excerpt":{"rendered":"<p>Dans le cadre de sa politique d&rsquo;entretien et de modernisation du r\u00e9seau routier d\u00e9partemental, le Conseil d\u00e9partemental des Vosges r\u00e9alisera, [&hellip;]<\/p>\n","protected":false},"author":391,"featured_media":95104,"comment_status":"open","ping_status":"open","sticky":false,"template":"","format":"standard","meta":{"footnotes":""},"categories":[20,5647,946,5797,16],"tags":[1052,7496,9618],"class_list":["post-95324","post","type-post","status-publish","format-standard","has-post-thumbnail","hentry","category-a-la-une","category-gerardmer-autres-sites","category-saint-die","category-travaux","category-urbanisme","tag-anould","tag-col-du-plafond","tag-rd8"],"acf":[],"yoast_head":"<!-- This site is optimized with the Yoast SEO plugin v22.5 - https:\/\/yoast.com\/wordpress\/plugins\/seo\/ -->\n<title>RD8 : 620 000 \u20ac de travaux entre Xonrupt-Longemer et Anould \u00e0 partir du 7 septembre - Gerardmer Info<\/title>\n<meta name=\"robots\" content=\"index, follow, max-snippet:-1, max-image-preview:large, max-video-preview:-1\" \/>\n<link rel=\"canonical\" href=\"https:\/\/vosgesinfo.fr\/gerardmerinfo\/2026\/09\/rd8-620-000-e-de-travaux-entre-xonrupt-longemer-et-anould-a-partir-du-7-septembre\/\" \/>\n<meta name=\"twitter:card\" content=\"summary_large_image\" \/>\n<meta name=\"twitter:title\" content=\"RD8 : 620 000 \u20ac de travaux entre Xonrupt-Longemer et Anould \u00e0 partir du 7 septembre - Gerardmer Info\" \/>\n<meta name=\"twitter:description\" content=\"Dans le cadre de sa politique d&rsquo;entretien et de modernisation du r\u00e9seau routier d\u00e9partemental, le Conseil d\u00e9partemental des Vosges r\u00e9alisera, [&hellip;]\" \/>\n<meta name=\"twitter:image\" content=\"https:\/\/vosgesinfo.fr\/app\/uploads\/sites\/6\/2026\/08\/travaux-1-1-1.jpg\" \/>\n<meta name=\"twitter:creator\" content=\"@VosgesInfo88\" \/>\n<meta name=\"twitter:site\" content=\"@VosgesInfo88\" \/>\n<meta name=\"twitter:label1\" content=\"\u00c9crit par\" \/>\n\t<meta name=\"twitter:data1\" content=\"La redaction\" \/>\n\t<meta name=\"twitter:label2\" content=\"Dur\u00e9e de lecture estim\u00e9e\" \/>\n\t<meta name=\"twitter:data2\" content=\"2 minutes\" \/>\n<script type=\"application\/ld+json\" class=\"yoast-schema-graph\">{\"@context\":\"https:\/\/schema.org\",\"@graph\":[{\"@type\":\"Article\",\"@id\":\"https:\/\/vosgesinfo.fr\/gerardmerinfo\/2026\/09\/rd8-620-000-e-de-travaux-entre-xonrupt-longemer-et-anould-a-partir-du-7-septembre\/#article\",\"isPartOf\":{\"@id\":\"https:\/\/vosgesinfo.fr\/gerardmerinfo\/2026\/09\/rd8-620-000-e-de-travaux-entre-xonrupt-longemer-et-anould-a-partir-du-7-septembre\/\"},\"author\":{\"name\":\"La redaction\",\"@id\":\"https:\/\/vosgesinfo.fr\/gerardmerinfo\/#\/schema\/person\/27a3695b06db98895b354c0765cdfc31\"},\"headline\":\"RD8 : 620 000 \u20ac de travaux entre Xonrupt-Longemer et Anould \u00e0 partir du 7 septembre\",\"datePublished\":\"2026-09-02T03:56:35+00:00\",\"dateModified\":\"2026-09-01T18:31:36+00:00\",\"mainEntityOfPage\":{\"@id\":\"https:\/\/vosgesinfo.fr\/gerardmerinfo\/2026\/09\/rd8-620-000-e-de-travaux-entre-xonrupt-longemer-et-anould-a-partir-du-7-septembre\/\"},\"wordCount\":363,\"commentCount\":0,\"publisher\":{\"@id\":\"https:\/\/vosgesinfo.fr\/gerardmerinfo\/#organization\"},\"image\":{\"@id\":\"https:\/\/vosgesinfo.fr\/gerardmerinfo\/2026\/09\/rd8-620-000-e-de-travaux-entre-xonrupt-longemer-et-anould-a-partir-du-7-septembre\/#primaryimage\"},\"thumbnailUrl\":\"https:\/\/vosgesinfo.fr\/app\/uploads\/sites\/6\/2026\/08\/travaux-1-1-1.jpg\",\"keywords\":[\"Anould\",\"col du Plafond\",\"RD8\"],\"articleSection\":[\"A la une\",\"Gerardmer\",\"Saint-di\u00e9\",\"Travaux\",\"Urbanisme\"],\"inLanguage\":\"fr-FR\",\"potentialAction\":[{\"@type\":\"CommentAction\",\"name\":\"Comment\",\"target\":[\"https:\/\/vosgesinfo.fr\/gerardmerinfo\/2026\/09\/rd8-620-000-e-de-travaux-entre-xonrupt-longemer-et-anould-a-partir-du-7-septembre\/#respond\"]}]},{\"@type\":\"WebPage\",\"@id\":\"https:\/\/vosgesinfo.fr\/gerardmerinfo\/2026\/09\/rd8-620-000-e-de-travaux-entre-xonrupt-longemer-et-anould-a-partir-du-7-septembre\/\",\"url\":\"https:\/\/vosgesinfo.fr\/gerardmerinfo\/2026\/09\/rd8-620-000-e-de-travaux-entre-xonrupt-longemer-et-anould-a-partir-du-7-septembre\/\",\"name\":\"RD8 : 620 000 \u20ac de travaux entre Xonrupt-Longemer et Anould \u00e0 partir du 7 septembre - Gerardmer Info\",\"isPartOf\":{\"@id\":\"https:\/\/vosgesinfo.fr\/gerardmerinfo\/#website\"},\"primaryImageOfPage\":{\"@id\":\"https:\/\/vosgesinfo.fr\/gerardmerinfo\/2026\/09\/rd8-620-000-e-de-travaux-entre-xonrupt-longemer-et-anould-a-partir-du-7-septembre\/#primaryimage\"},\"image\":{\"@id\":\"https:\/\/vosgesinfo.fr\/gerardmerinfo\/2026\/09\/rd8-620-000-e-de-travaux-entre-xonrupt-longemer-et-anould-a-partir-du-7-septembre\/#primaryimage\"},\"thumbnailUrl\":\"https:\/\/vosgesinfo.fr\/app\/uploads\/sites\/6\/2026\/08\/travaux-1-1-1.jpg\",\"datePublished\":\"2026-09-02T03:56:35+00:00\",\"dateModified\":\"2026-09-01T18:31:36+00:00\",\"breadcrumb\":{\"@id\":\"https:\/\/vosgesinfo.fr\/gerardmerinfo\/2026\/09\/rd8-620-000-e-de-travaux-entre-xonrupt-longemer-et-anould-a-partir-du-7-septembre\/#breadcrumb\"},\"inLanguage\":\"fr-FR\",\"potentialAction\":[{\"@type\":\"ReadAction\",\"target\":[\"https:\/\/vosgesinfo.fr\/gerardmerinfo\/2026\/09\/rd8-620-000-e-de-travaux-entre-xonrupt-longemer-et-anould-a-partir-du-7-septembre\/\"]}]},{\"@type\":\"ImageObject\",\"inLanguage\":\"fr-FR\",\"@id\":\"https:\/\/vosgesinfo.fr\/gerardmerinfo\/2026\/09\/rd8-620-000-e-de-travaux-entre-xonrupt-longemer-et-anould-a-partir-du-7-septembre\/#primaryimage\",\"url\":\"https:\/\/vosgesinfo.fr\/app\/uploads\/sites\/6\/2026\/08\/travaux-1-1-1.jpg\",\"contentUrl\":\"https:\/\/vosgesinfo.fr\/app\/uploads\/sites\/6\/2026\/08\/travaux-1-1-1.jpg\",\"width\":960,\"height\":636},{\"@type\":\"BreadcrumbList\",\"@id\":\"https:\/\/vosgesinfo.fr\/gerardmerinfo\/2026\/09\/rd8-620-000-e-de-travaux-entre-xonrupt-longemer-et-anould-a-partir-du-7-septembre\/#breadcrumb\",\"itemListElement\":[{\"@type\":\"ListItem\",\"position\":1,\"name\":\"Home\",\"item\":\"https:\/\/vosgesinfo.fr\/gerardmerinfo\/\"},{\"@type\":\"ListItem\",\"position\":2,\"name\":\"RD8 : 620 000 \u20ac de travaux entre Xonrupt-Longemer et Anould \u00e0 partir du 7 septembre\"}]},{\"@type\":\"WebSite\",\"@id\":\"https:\/\/vosgesinfo.fr\/gerardmerinfo\/#website\",\"url\":\"https:\/\/vosgesinfo.fr\/gerardmerinfo\/\",\"name\":\"Gerardmer Info\",\"description\":\"Toute l&#039;actualit\u00e9 de G\u00e9rardmer\",\"publisher\":{\"@id\":\"https:\/\/vosgesinfo.fr\/gerardmerinfo\/#organization\"},\"alternateName\":\"Toute l'actualit\u00e9 de G\u00e9rardmer\",\"potentialAction\":[{\"@type\":\"SearchAction\",\"target\":{\"@type\":\"EntryPoint\",\"urlTemplate\":\"https:\/\/vosgesinfo.fr\/gerardmerinfo\/?s={search_term_string}\"},\"query-input\":\"required name=search_term_string\"}],\"inLanguage\":\"fr-FR\"},{\"@type\":\"Organization\",\"@id\":\"https:\/\/vosgesinfo.fr\/gerardmerinfo\/#organization\",\"name\":\"Gerardmer Info\",\"url\":\"https:\/\/vosgesinfo.fr\/gerardmerinfo\/\",\"logo\":{\"@type\":\"ImageObject\",\"inLanguage\":\"fr-FR\",\"@id\":\"https:\/\/vosgesinfo.fr\/gerardmerinfo\/#\/schema\/logo\/image\/\",\"url\":\"https:\/\/vosgesinfo.fr\/app\/uploads\/sites\/6\/2023\/08\/favicon-gerardmerinfo.png\",\"contentUrl\":\"https:\/\/vosgesinfo.fr\/app\/uploads\/sites\/6\/2023\/08\/favicon-gerardmerinfo.png\",\"width\":512,\"height\":512,\"caption\":\"Gerardmer Info\"},\"image\":{\"@id\":\"https:\/\/vosgesinfo.fr\/gerardmerinfo\/#\/schema\/logo\/image\/\"},\"sameAs\":[\"https:\/\/www.facebook.com\/profile.php?id=100049475262660\",\"https:\/\/x.com\/VosgesInfo88\",\"https:\/\/www.youtube.com\/@vosgesinfo\"]},{\"@type\":\"Person\",\"@id\":\"https:\/\/vosgesinfo.fr\/gerardmerinfo\/#\/schema\/person\/27a3695b06db98895b354c0765cdfc31\",\"name\":\"La redaction\",\"image\":{\"@type\":\"ImageObject\",\"inLanguage\":\"fr-FR\",\"@id\":\"https:\/\/vosgesinfo.fr\/gerardmerinfo\/#\/schema\/person\/image\/\",\"url\":\"https:\/\/secure.gravatar.com\/avatar\/64c76a78e501cedee55736f43f332df901e1896ae9cd8fad269ae2236dd0e8b6?s=96&d=mm&r=g\",\"contentUrl\":\"https:\/\/secure.gravatar.com\/avatar\/64c76a78e501cedee55736f43f332df901e1896ae9cd8fad269ae2236dd0e8b6?s=96&d=mm&r=g\",\"caption\":\"La redaction\"},\"url\":\"https:\/\/vosgesinfo.fr\/gerardmerinfo\/author\/la-redaction\/\"}]}<\/script>\n<!-- \/ Yoast SEO plugin. -->","yoast_head_json":{"title":"RD8 : 620 000 \u20ac de travaux entre Xonrupt-Longemer et Anould \u00e0 partir du 7 septembre - Gerardmer Info","robots":{"index":"index","follow":"follow","max-snippet":"max-snippet:-1","max-image-preview":"max-image-preview:large","max-video-preview":"max-video-preview:-1"},"canonical":"https:\/\/vosgesinfo.fr\/gerardmerinfo\/2026\/09\/rd8-620-000-e-de-travaux-entre-xonrupt-longemer-et-anould-a-partir-du-7-septembre\/","twitter_card":"summary_large_image","twitter_title":"RD8 : 620 000 \u20ac de travaux entre Xonrupt-Longemer et Anould \u00e0 partir du 7 septembre - Gerardmer Info","twitter_description":"Dans le cadre de sa politique d&rsquo;entretien et de modernisation du r\u00e9seau routier d\u00e9partemental, le Conseil d\u00e9partemental des Vosges r\u00e9alisera, [&hellip;]","twitter_image":"https:\/\/vosgesinfo.fr\/app\/uploads\/sites\/6\/2026\/08\/travaux-1-1-1.jpg","twitter_creator":"@VosgesInfo88","twitter_site":"@VosgesInfo88","twitter_misc":{"\u00c9crit par":"La redaction","Dur\u00e9e de lecture estim\u00e9e":"2 minutes"},"schema":{"@context":"https:\/\/schema.org","@graph":[{"@type":"Article","@id":"https:\/\/vosgesinfo.fr\/gerardmerinfo\/2026\/09\/rd8-620-000-e-de-travaux-entre-xonrupt-longemer-et-anould-a-partir-du-7-septembre\/#article","isPartOf":{"@id":"https:\/\/vosgesinfo.fr\/gerardmerinfo\/2026\/09\/rd8-620-000-e-de-travaux-entre-xonrupt-longemer-et-anould-a-partir-du-7-septembre\/"},"author":{"name":"La redaction","@id":"https:\/\/vosgesinfo.fr\/gerardmerinfo\/#\/schema\/person\/27a3695b06db98895b354c0765cdfc31"},"headline":"RD8 : 620 000 \u20ac de travaux entre Xonrupt-Longemer et Anould \u00e0 partir du 7 septembre","datePublished":"2026-09-02T03:56:35+00:00","dateModified":"2026-09-01T18:31:36+00:00","mainEntityOfPage":{"@id":"https:\/\/vosgesinfo.fr\/gerardmerinfo\/2026\/09\/rd8-620-000-e-de-travaux-entre-xonrupt-longemer-et-anould-a-partir-du-7-septembre\/"},"wordCount":363,"commentCount":0,"publisher":{"@id":"https:\/\/vosgesinfo.fr\/gerardmerinfo\/#organization"},"image":{"@id":"https:\/\/vosgesinfo.fr\/gerardmerinfo\/2026\/09\/rd8-620-000-e-de-travaux-entre-xonrupt-longemer-et-anould-a-partir-du-7-septembre\/#primaryimage"},"thumbnailUrl":"https:\/\/vosgesinfo.fr\/app\/uploads\/sites\/6\/2026\/08\/travaux-1-1-1.jpg","keywords":["Anould","col du Plafond","RD8"],"articleSection":["A la une","Gerardmer","Saint-di\u00e9","Travaux","Urbanisme"],"inLanguage":"fr-FR","potentialAction":[{"@type":"CommentAction","name":"Comment","target":["https:\/\/vosgesinfo.fr\/gerardmerinfo\/2026\/09\/rd8-620-000-e-de-travaux-entre-xonrupt-longemer-et-anould-a-partir-du-7-septembre\/#respond"]}]},{"@type":"WebPage","@id":"https:\/\/vosgesinfo.fr\/gerardmerinfo\/2026\/09\/rd8-620-000-e-de-travaux-entre-xonrupt-longemer-et-anould-a-partir-du-7-septembre\/","url":"https:\/\/vosgesinfo.fr\/gerardmerinfo\/2026\/09\/rd8-620-000-e-de-travaux-entre-xonrupt-longemer-et-anould-a-partir-du-7-septembre\/","name":"RD8 : 620 000 \u20ac de travaux entre Xonrupt-Longemer et Anould \u00e0 partir du 7 septembre - Gerardmer Info","isPartOf":{"@id":"https:\/\/vosgesinfo.fr\/gerardmerinfo\/#website"},"primaryImageOfPage":{"@id":"https:\/\/vosgesinfo.fr\/gerardmerinfo\/2026\/09\/rd8-620-000-e-de-travaux-entre-xonrupt-longemer-et-anould-a-partir-du-7-septembre\/#primaryimage"},"image":{"@id":"https:\/\/vosgesinfo.fr\/gerardmerinfo\/2026\/09\/rd8-620-000-e-de-travaux-entre-xonrupt-longemer-et-anould-a-partir-du-7-septembre\/#primaryimage"},"thumbnailUrl":"https:\/\/vosgesinfo.fr\/app\/uploads\/sites\/6\/2026\/08\/travaux-1-1-1.jpg","datePublished":"2026-09-02T03:56:35+00:00","dateModified":"2026-09-01T18:31:36+00:00","breadcrumb":{"@id":"https:\/\/vosgesinfo.fr\/gerardmerinfo\/2026\/09\/rd8-620-000-e-de-travaux-entre-xonrupt-longemer-et-anould-a-partir-du-7-septembre\/#breadcrumb"},"inLanguage":"fr-FR","potentialAction":[{"@type":"ReadAction","target":["https:\/\/vosgesinfo.fr\/gerardmerinfo\/2026\/09\/rd8-620-000-e-de-travaux-entre-xonrupt-longemer-et-anould-a-partir-du-7-septembre\/"]}]},{"@type":"ImageObject","inLanguage":"fr-FR","@id":"https:\/\/vosgesinfo.fr\/gerardmerinfo\/2026\/09\/rd8-620-000-e-de-travaux-entre-xonrupt-longemer-et-anould-a-partir-du-7-septembre\/#primaryimage","url":"https:\/\/vosgesinfo.fr\/app\/uploads\/sites\/6\/2026\/08\/travaux-1-1-1.jpg","contentUrl":"https:\/\/vosgesinfo.fr\/app\/uploads\/sites\/6\/2026\/08\/travaux-1-1-1.jpg","width":960,"height":636},{"@type":"BreadcrumbList","@id":"https:\/\/vosgesinfo.fr\/gerardmerinfo\/2026\/09\/rd8-620-000-e-de-travaux-entre-xonrupt-longemer-et-anould-a-partir-du-7-septembre\/#breadcrumb","itemListElement":[{"@type":"ListItem","position":1,"name":"Home","item":"https:\/\/vosgesinfo.fr\/gerardmerinfo\/"},{"@type":"ListItem","position":2,"name":"RD8 : 620 000 \u20ac de travaux entre Xonrupt-Longemer et Anould \u00e0 partir du 7 septembre"}]},{"@type":"WebSite","@id":"https:\/\/vosgesinfo.fr\/gerardmerinfo\/#website","url":"https:\/\/vosgesinfo.fr\/gerardmerinfo\/","name":"Gerardmer Info","description":"Toute l&#039;actualit\u00e9 de G\u00e9rardmer","publisher":{"@id":"https:\/\/vosgesinfo.fr\/gerardmerinfo\/#organization"},"alternateName":"Toute l'actualit\u00e9 de G\u00e9rardmer","potentialAction":[{"@type":"SearchAction","target":{"@type":"EntryPoint","urlTemplate":"https:\/\/vosgesinfo.fr\/gerardmerinfo\/?s={search_term_string}"},"query-input":"required name=search_term_string"}],"inLanguage":"fr-FR"},{"@type":"Organization","@id":"https:\/\/vosgesinfo.fr\/gerardmerinfo\/#organization","name":"Gerardmer Info","url":"https:\/\/vosgesinfo.fr\/gerardmerinfo\/","logo":{"@type":"ImageObject","inLanguage":"fr-FR","@id":"https:\/\/vosgesinfo.fr\/gerardmerinfo\/#\/schema\/logo\/image\/","url":"https:\/\/vosgesinfo.fr\/app\/uploads\/sites\/6\/2023\/08\/favicon-gerardmerinfo.png","contentUrl":"https:\/\/vosgesinfo.fr\/app\/uploads\/sites\/6\/2023\/08\/favicon-gerardmerinfo.png","width":512,"height":512,"caption":"Gerardmer Info"},"image":{"@id":"https:\/\/vosgesinfo.fr\/gerardmerinfo\/#\/schema\/logo\/image\/"},"sameAs":["https:\/\/www.facebook.com\/profile.php?id=100049475262660","https:\/\/x.com\/VosgesInfo88","https:\/\/www.youtube.com\/@vosgesinfo"]},{"@type":"Person","@id":"https:\/\/vosgesinfo.fr\/gerardmerinfo\/#\/schema\/person\/27a3695b06db98895b354c0765cdfc31","name":"La redaction","image":{"@type":"ImageObject","inLanguage":"fr-FR","@id":"https:\/\/vosgesinfo.fr\/gerardmerinfo\/#\/schema\/person\/image\/","url":"https:\/\/secure.gravatar.com\/avatar\/64c76a78e501cedee55736f43f332df901e1896ae9cd8fad269ae2236dd0e8b6?s=96&d=mm&r=g","contentUrl":"https:\/\/secure.gravatar.com\/avatar\/64c76a78e501cedee55736f43f332df901e1896ae9cd8fad269ae2236dd0e8b6?s=96&d=mm&r=g","caption":"La redaction"},"url":"https:\/\/vosgesinfo.fr\/gerardmerinfo\/author\/la-redaction\/"}]}},"_links":{"self":[{"href":"https:\/\/vosgesinfo.fr\/gerardmerinfo\/wp-json\/wp\/v2\/posts\/95324","targetHints":{"allow":["GET"]}}],"collection":[{"href":"https:\/\/vosgesinfo.fr\/gerardmerinfo\/wp-json\/wp\/v2\/posts"}],"about":[{"href":"https:\/\/vosgesinfo.fr\/gerardmerinfo\/wp-json\/wp\/v2\/types\/post"}],"author":[{"embeddable":true,"href":"https:\/\/vosgesinfo.fr\/gerardmerinfo\/wp-json\/wp\/v2\/users\/391"}],"replies":[{"embeddable":true,"href":"https:\/\/vosgesinfo.fr\/gerardmerinfo\/wp-json\/wp\/v2\/comments?post=95324"}],"version-history":[{"count":1,"href":"https:\/\/vosgesinfo.fr\/gerardmerinfo\/wp-json\/wp\/v2\/posts\/95324\/revisions"}],"predecessor-version":[{"id":95325,"href":"https:\/\/vosgesinfo.fr\/gerardmerinfo\/wp-json\/wp\/v2\/posts\/95324\/revisions\/95325"}],"wp:featuredmedia":[{"embeddable":true,"href":"https:\/\/vosgesinfo.fr\/gerardmerinfo\/wp-json\/wp\/v2\/media\/95104"}],"wp:attachment":[{"href":"https:\/\/vosgesinfo.fr\/gerardmerinfo\/wp-json\/wp\/v2\/media?parent=95324"}],"wp:term":[{"taxonomy":"category","embeddable":true,"href":"https:\/\/vosgesinfo.fr\/gerardmerinfo\/wp-json\/wp\/v2\/categories?post=95324"},{"taxonomy":"post_tag","embeddable":true,"href":"https:\/\/vosgesinfo.fr\/gerardmerinfo\/wp-json\/wp\/v2\/tags?post=95324"}],"curies":[{"name":"wp","href":"https:\/\/api.w.org\/{rel}","templated":true}]}}