{"id":95326,"date":"2026-09-04T05:55:26","date_gmt":"2026-09-04T03:55:26","guid":{"rendered":"https:\/\/vosgesinfo.fr\/gerardmerinfo\/?p=95326"},"modified":"2026-09-01T22:14:26","modified_gmt":"2026-09-01T20:14:26","slug":"larbre-du-village-au-grattoir-un-conte-de-lartiste-a-la-craie","status":"publish","type":"post","link":"https:\/\/vosgesinfo.fr\/gerardmerinfo\/2026\/09\/larbre-du-village-au-grattoir-un-conte-de-lartiste-a-la-craie\/","title":{"rendered":"\u00a0\u00bbL&rsquo;arbre du village\u00a0\u00bb au Grattoir &#8211; un conte de \u00ab l\u2019Artiste \u00e0 la Craie \u00bb"},"content":{"rendered":"<p>Vendredi 11 septembre au grattoir \u00e0 20h30<\/p>\n<p><strong>\u00ab\u00a0L&rsquo;arbre du village\u00a0\u00bb<\/strong><\/p>\n<p><strong>Par Fran\u00e7ois Bergeron, \u00ab\u00a0l\u2019Artiste \u00e0 la Craie\u00a0\u00bb<\/strong><\/p>\n<p><em>Un voyage visuel et cont\u00e9 au c\u0153ur de l\u2019\u00e2me d\u2019un tout petit village du Qu\u00e9bec.<\/em><\/p>\n<p><a href=\"https:\/\/vosgesinfo.fr\/app\/uploads\/sites\/6\/2026\/09\/bergeron-grattoir-1787216244.jpg\"><img decoding=\"async\" class=\"alignright size-medium wp-image-95327\" src=\"https:\/\/vosgesinfo.fr\/app\/uploads\/sites\/6\/2026\/09\/bergeron-grattoir-1787216244-213x300.jpg\" alt=\"\" width=\"213\" height=\"300\" srcset=\"https:\/\/vosgesinfo.fr\/app\/uploads\/sites\/6\/2026\/09\/bergeron-grattoir-1787216244-213x300.jpg 213w, https:\/\/vosgesinfo.fr\/app\/uploads\/sites\/6\/2026\/09\/bergeron-grattoir-1787216244-728x1024.jpg 728w, https:\/\/vosgesinfo.fr\/app\/uploads\/sites\/6\/2026\/09\/bergeron-grattoir-1787216244-768x1081.jpg 768w, https:\/\/vosgesinfo.fr\/app\/uploads\/sites\/6\/2026\/09\/bergeron-grattoir-1787216244-1091x1536.jpg 1091w, https:\/\/vosgesinfo.fr\/app\/uploads\/sites\/6\/2026\/09\/bergeron-grattoir-1787216244.jpg 1279w\" sizes=\"(max-width: 213px) 100vw, 213px\" \/><\/a>Traversez l\u2019Atlantique sans quitter G\u00e9rardmer\u00a0! L\u2019artiste et conteur qu\u00e9b\u00e9cois Fran\u00e7ois Bergeron vous ouvre les portes de son atelier d\u2019artiste. Avec son accent chantant et son hospitalit\u00e9 l\u00e9gendaire, il vous invite\u00a0:<\/p>\n<p>Au c\u0153ur du village de l\u2019artiste, poussez la porte sans faire de bruit. Venez vous asseoir dans son atelier o\u00f9, comme par magie, le temps s\u2019arr\u00eate. Alors que les projecteurs s\u2019allument et qu\u2019un l\u00e9ger nuage de craie plane dans l\u2019air, laissez-vous transporter devant ses toiles g\u00e9antes. En temps r\u00e9el, cet artiste-conteur illustre et raconte simultan\u00e9ment son histoire, vous faisant voyager \u00e0 travers un petit village du Qu\u00e9bec pour y d\u00e9couvrir ce qui en fait l\u2019\u00e2me\u00a0: ses habitants\u00a0!<\/p>\n<p>Ce conte jongle avec notre course folle entre la vitesse et la lenteur, nous rappelant que c\u2019est lorsqu\u2019on s\u2019arr\u00eate que se passent les choses les plus extraordinaires.<\/p>\n<p><strong>Apr\u00e8s tout, l\u2019arbre qui pousse le plus haut est celui qui prend le temps de mieux s\u2019enraciner.<\/strong><\/p>\n<p><em>Libre participation aux frais.<\/em><\/p>\n<p>&nbsp;<\/p>\n","protected":false},"excerpt":{"rendered":"<p>Vendredi 11 septembre au grattoir \u00e0 20h30 \u00ab\u00a0L&rsquo;arbre du village\u00a0\u00bb Par Fran\u00e7ois Bergeron, \u00ab\u00a0l\u2019Artiste \u00e0 la Craie\u00a0\u00bb Un voyage visuel [&hellip;]<\/p>\n","protected":false},"author":391,"featured_media":95327,"comment_status":"open","ping_status":"open","sticky":false,"template":"","format":"standard","meta":{"footnotes":""},"categories":[20,4,25,5647,17],"tags":[9619],"class_list":["post-95326","post","type-post","status-publish","format-standard","has-post-thumbnail","hentry","category-a-la-une","category-culture","category-gerardmer","category-gerardmer-autres-sites","category-vie-associative","tag-francois-bergeron"],"acf":[],"yoast_head":"<!-- This site is optimized with the Yoast SEO plugin v22.5 - https:\/\/yoast.com\/wordpress\/plugins\/seo\/ -->\n<title>&#039;&#039;L&#039;arbre du village&#039;&#039; au Grattoir - un conte de \u00ab l\u2019Artiste \u00e0 la Craie \u00bb - Gerardmer Info<\/title>\n<meta name=\"robots\" content=\"index, follow, max-snippet:-1, max-image-preview:large, max-video-preview:-1\" \/>\n<link rel=\"canonical\" href=\"https:\/\/vosgesinfo.fr\/gerardmerinfo\/2026\/09\/larbre-du-village-au-grattoir-un-conte-de-lartiste-a-la-craie\/\" \/>\n<meta name=\"twitter:card\" content=\"summary_large_image\" \/>\n<meta name=\"twitter:title\" content=\"&#039;&#039;L&#039;arbre du village&#039;&#039; au Grattoir - un conte de \u00ab l\u2019Artiste \u00e0 la Craie \u00bb - Gerardmer Info\" \/>\n<meta name=\"twitter:description\" content=\"Vendredi 11 septembre au grattoir \u00e0 20h30 \u00ab\u00a0L&rsquo;arbre du village\u00a0\u00bb Par Fran\u00e7ois Bergeron, \u00ab\u00a0l\u2019Artiste \u00e0 la Craie\u00a0\u00bb Un voyage visuel [&hellip;]\" \/>\n<meta name=\"twitter:image\" content=\"https:\/\/vosgesinfo.fr\/app\/uploads\/sites\/6\/2026\/09\/bergeron-grattoir-1787216244.jpg\" \/>\n<meta name=\"twitter:creator\" content=\"@VosgesInfo88\" \/>\n<meta name=\"twitter:site\" content=\"@VosgesInfo88\" \/>\n<meta name=\"twitter:label1\" content=\"\u00c9crit par\" \/>\n\t<meta name=\"twitter:data1\" content=\"La redaction\" \/>\n\t<meta name=\"twitter:label2\" content=\"Dur\u00e9e de lecture estim\u00e9e\" \/>\n\t<meta name=\"twitter:data2\" content=\"1 minute\" \/>\n<script type=\"application\/ld+json\" class=\"yoast-schema-graph\">{\"@context\":\"https:\/\/schema.org\",\"@graph\":[{\"@type\":\"Article\",\"@id\":\"https:\/\/vosgesinfo.fr\/gerardmerinfo\/2026\/09\/larbre-du-village-au-grattoir-un-conte-de-lartiste-a-la-craie\/#article\",\"isPartOf\":{\"@id\":\"https:\/\/vosgesinfo.fr\/gerardmerinfo\/2026\/09\/larbre-du-village-au-grattoir-un-conte-de-lartiste-a-la-craie\/\"},\"author\":{\"name\":\"La redaction\",\"@id\":\"https:\/\/vosgesinfo.fr\/gerardmerinfo\/#\/schema\/person\/27a3695b06db98895b354c0765cdfc31\"},\"headline\":\"\u00a0\u00bbL&rsquo;arbre du village\u00a0\u00bb au Grattoir &#8211; un conte de \u00ab l\u2019Artiste \u00e0 la Craie \u00bb\",\"datePublished\":\"2026-09-04T03:55:26+00:00\",\"dateModified\":\"2026-09-01T20:14:26+00:00\",\"mainEntityOfPage\":{\"@id\":\"https:\/\/vosgesinfo.fr\/gerardmerinfo\/2026\/09\/larbre-du-village-au-grattoir-un-conte-de-lartiste-a-la-craie\/\"},\"wordCount\":234,\"commentCount\":0,\"publisher\":{\"@id\":\"https:\/\/vosgesinfo.fr\/gerardmerinfo\/#organization\"},\"image\":{\"@id\":\"https:\/\/vosgesinfo.fr\/gerardmerinfo\/2026\/09\/larbre-du-village-au-grattoir-un-conte-de-lartiste-a-la-craie\/#primaryimage\"},\"thumbnailUrl\":\"https:\/\/vosgesinfo.fr\/app\/uploads\/sites\/6\/2026\/09\/bergeron-grattoir-1787216244.jpg\",\"keywords\":[\"Fran\u00e7ois Bergeron\"],\"articleSection\":[\"A la une\",\"Culture\",\"G\u00e9rardmer\",\"Gerardmer\",\"Vie Associative\"],\"inLanguage\":\"fr-FR\",\"potentialAction\":[{\"@type\":\"CommentAction\",\"name\":\"Comment\",\"target\":[\"https:\/\/vosgesinfo.fr\/gerardmerinfo\/2026\/09\/larbre-du-village-au-grattoir-un-conte-de-lartiste-a-la-craie\/#respond\"]}]},{\"@type\":\"WebPage\",\"@id\":\"https:\/\/vosgesinfo.fr\/gerardmerinfo\/2026\/09\/larbre-du-village-au-grattoir-un-conte-de-lartiste-a-la-craie\/\",\"url\":\"https:\/\/vosgesinfo.fr\/gerardmerinfo\/2026\/09\/larbre-du-village-au-grattoir-un-conte-de-lartiste-a-la-craie\/\",\"name\":\"''L'arbre du village'' au Grattoir - un conte de \u00ab l\u2019Artiste \u00e0 la Craie \u00bb - Gerardmer Info\",\"isPartOf\":{\"@id\":\"https:\/\/vosgesinfo.fr\/gerardmerinfo\/#website\"},\"primaryImageOfPage\":{\"@id\":\"https:\/\/vosgesinfo.fr\/gerardmerinfo\/2026\/09\/larbre-du-village-au-grattoir-un-conte-de-lartiste-a-la-craie\/#primaryimage\"},\"image\":{\"@id\":\"https:\/\/vosgesinfo.fr\/gerardmerinfo\/2026\/09\/larbre-du-village-au-grattoir-un-conte-de-lartiste-a-la-craie\/#primaryimage\"},\"thumbnailUrl\":\"https:\/\/vosgesinfo.fr\/app\/uploads\/sites\/6\/2026\/09\/bergeron-grattoir-1787216244.jpg\",\"datePublished\":\"2026-09-04T03:55:26+00:00\",\"dateModified\":\"2026-09-01T20:14:26+00:00\",\"breadcrumb\":{\"@id\":\"https:\/\/vosgesinfo.fr\/gerardmerinfo\/2026\/09\/larbre-du-village-au-grattoir-un-conte-de-lartiste-a-la-craie\/#breadcrumb\"},\"inLanguage\":\"fr-FR\",\"potentialAction\":[{\"@type\":\"ReadAction\",\"target\":[\"https:\/\/vosgesinfo.fr\/gerardmerinfo\/2026\/09\/larbre-du-village-au-grattoir-un-conte-de-lartiste-a-la-craie\/\"]}]},{\"@type\":\"ImageObject\",\"inLanguage\":\"fr-FR\",\"@id\":\"https:\/\/vosgesinfo.fr\/gerardmerinfo\/2026\/09\/larbre-du-village-au-grattoir-un-conte-de-lartiste-a-la-craie\/#primaryimage\",\"url\":\"https:\/\/vosgesinfo.fr\/app\/uploads\/sites\/6\/2026\/09\/bergeron-grattoir-1787216244.jpg\",\"contentUrl\":\"https:\/\/vosgesinfo.fr\/app\/uploads\/sites\/6\/2026\/09\/bergeron-grattoir-1787216244.jpg\",\"width\":1279,\"height\":1800},{\"@type\":\"BreadcrumbList\",\"@id\":\"https:\/\/vosgesinfo.fr\/gerardmerinfo\/2026\/09\/larbre-du-village-au-grattoir-un-conte-de-lartiste-a-la-craie\/#breadcrumb\",\"itemListElement\":[{\"@type\":\"ListItem\",\"position\":1,\"name\":\"Home\",\"item\":\"https:\/\/vosgesinfo.fr\/gerardmerinfo\/\"},{\"@type\":\"ListItem\",\"position\":2,\"name\":\"\u00a0\u00bbL&rsquo;arbre du village\u00a0\u00bb au Grattoir &#8211; un conte de \u00ab l\u2019Artiste \u00e0 la Craie \u00bb\"}]},{\"@type\":\"WebSite\",\"@id\":\"https:\/\/vosgesinfo.fr\/gerardmerinfo\/#website\",\"url\":\"https:\/\/vosgesinfo.fr\/gerardmerinfo\/\",\"name\":\"Gerardmer Info\",\"description\":\"Toute l&#039;actualit\u00e9 de G\u00e9rardmer\",\"publisher\":{\"@id\":\"https:\/\/vosgesinfo.fr\/gerardmerinfo\/#organization\"},\"alternateName\":\"Toute l'actualit\u00e9 de G\u00e9rardmer\",\"potentialAction\":[{\"@type\":\"SearchAction\",\"target\":{\"@type\":\"EntryPoint\",\"urlTemplate\":\"https:\/\/vosgesinfo.fr\/gerardmerinfo\/?s={search_term_string}\"},\"query-input\":\"required name=search_term_string\"}],\"inLanguage\":\"fr-FR\"},{\"@type\":\"Organization\",\"@id\":\"https:\/\/vosgesinfo.fr\/gerardmerinfo\/#organization\",\"name\":\"Gerardmer Info\",\"url\":\"https:\/\/vosgesinfo.fr\/gerardmerinfo\/\",\"logo\":{\"@type\":\"ImageObject\",\"inLanguage\":\"fr-FR\",\"@id\":\"https:\/\/vosgesinfo.fr\/gerardmerinfo\/#\/schema\/logo\/image\/\",\"url\":\"https:\/\/vosgesinfo.fr\/app\/uploads\/sites\/6\/2023\/08\/favicon-gerardmerinfo.png\",\"contentUrl\":\"https:\/\/vosgesinfo.fr\/app\/uploads\/sites\/6\/2023\/08\/favicon-gerardmerinfo.png\",\"width\":512,\"height\":512,\"caption\":\"Gerardmer Info\"},\"image\":{\"@id\":\"https:\/\/vosgesinfo.fr\/gerardmerinfo\/#\/schema\/logo\/image\/\"},\"sameAs\":[\"https:\/\/www.facebook.com\/profile.php?id=100049475262660\",\"https:\/\/x.com\/VosgesInfo88\",\"https:\/\/www.youtube.com\/@vosgesinfo\"]},{\"@type\":\"Person\",\"@id\":\"https:\/\/vosgesinfo.fr\/gerardmerinfo\/#\/schema\/person\/27a3695b06db98895b354c0765cdfc31\",\"name\":\"La redaction\",\"image\":{\"@type\":\"ImageObject\",\"inLanguage\":\"fr-FR\",\"@id\":\"https:\/\/vosgesinfo.fr\/gerardmerinfo\/#\/schema\/person\/image\/\",\"url\":\"https:\/\/secure.gravatar.com\/avatar\/64c76a78e501cedee55736f43f332df901e1896ae9cd8fad269ae2236dd0e8b6?s=96&d=mm&r=g\",\"contentUrl\":\"https:\/\/secure.gravatar.com\/avatar\/64c76a78e501cedee55736f43f332df901e1896ae9cd8fad269ae2236dd0e8b6?s=96&d=mm&r=g\",\"caption\":\"La redaction\"},\"url\":\"https:\/\/vosgesinfo.fr\/gerardmerinfo\/author\/la-redaction\/\"}]}<\/script>\n<!-- \/ Yoast SEO plugin. -->","yoast_head_json":{"title":"''L'arbre du village'' au Grattoir - un conte de \u00ab l\u2019Artiste \u00e0 la Craie \u00bb - Gerardmer Info","robots":{"index":"index","follow":"follow","max-snippet":"max-snippet:-1","max-image-preview":"max-image-preview:large","max-video-preview":"max-video-preview:-1"},"canonical":"https:\/\/vosgesinfo.fr\/gerardmerinfo\/2026\/09\/larbre-du-village-au-grattoir-un-conte-de-lartiste-a-la-craie\/","twitter_card":"summary_large_image","twitter_title":"''L'arbre du village'' au Grattoir - un conte de \u00ab l\u2019Artiste \u00e0 la Craie \u00bb - Gerardmer Info","twitter_description":"Vendredi 11 septembre au grattoir \u00e0 20h30 \u00ab\u00a0L&rsquo;arbre du village\u00a0\u00bb Par Fran\u00e7ois Bergeron, \u00ab\u00a0l\u2019Artiste \u00e0 la Craie\u00a0\u00bb Un voyage visuel [&hellip;]","twitter_image":"https:\/\/vosgesinfo.fr\/app\/uploads\/sites\/6\/2026\/09\/bergeron-grattoir-1787216244.jpg","twitter_creator":"@VosgesInfo88","twitter_site":"@VosgesInfo88","twitter_misc":{"\u00c9crit par":"La redaction","Dur\u00e9e de lecture estim\u00e9e":"1 minute"},"schema":{"@context":"https:\/\/schema.org","@graph":[{"@type":"Article","@id":"https:\/\/vosgesinfo.fr\/gerardmerinfo\/2026\/09\/larbre-du-village-au-grattoir-un-conte-de-lartiste-a-la-craie\/#article","isPartOf":{"@id":"https:\/\/vosgesinfo.fr\/gerardmerinfo\/2026\/09\/larbre-du-village-au-grattoir-un-conte-de-lartiste-a-la-craie\/"},"author":{"name":"La redaction","@id":"https:\/\/vosgesinfo.fr\/gerardmerinfo\/#\/schema\/person\/27a3695b06db98895b354c0765cdfc31"},"headline":"\u00a0\u00bbL&rsquo;arbre du village\u00a0\u00bb au Grattoir &#8211; un conte de \u00ab l\u2019Artiste \u00e0 la Craie \u00bb","datePublished":"2026-09-04T03:55:26+00:00","dateModified":"2026-09-01T20:14:26+00:00","mainEntityOfPage":{"@id":"https:\/\/vosgesinfo.fr\/gerardmerinfo\/2026\/09\/larbre-du-village-au-grattoir-un-conte-de-lartiste-a-la-craie\/"},"wordCount":234,"commentCount":0,"publisher":{"@id":"https:\/\/vosgesinfo.fr\/gerardmerinfo\/#organization"},"image":{"@id":"https:\/\/vosgesinfo.fr\/gerardmerinfo\/2026\/09\/larbre-du-village-au-grattoir-un-conte-de-lartiste-a-la-craie\/#primaryimage"},"thumbnailUrl":"https:\/\/vosgesinfo.fr\/app\/uploads\/sites\/6\/2026\/09\/bergeron-grattoir-1787216244.jpg","keywords":["Fran\u00e7ois Bergeron"],"articleSection":["A la une","Culture","G\u00e9rardmer","Gerardmer","Vie Associative"],"inLanguage":"fr-FR","potentialAction":[{"@type":"CommentAction","name":"Comment","target":["https:\/\/vosgesinfo.fr\/gerardmerinfo\/2026\/09\/larbre-du-village-au-grattoir-un-conte-de-lartiste-a-la-craie\/#respond"]}]},{"@type":"WebPage","@id":"https:\/\/vosgesinfo.fr\/gerardmerinfo\/2026\/09\/larbre-du-village-au-grattoir-un-conte-de-lartiste-a-la-craie\/","url":"https:\/\/vosgesinfo.fr\/gerardmerinfo\/2026\/09\/larbre-du-village-au-grattoir-un-conte-de-lartiste-a-la-craie\/","name":"''L'arbre du village'' au Grattoir - un conte de \u00ab l\u2019Artiste \u00e0 la Craie \u00bb - Gerardmer Info","isPartOf":{"@id":"https:\/\/vosgesinfo.fr\/gerardmerinfo\/#website"},"primaryImageOfPage":{"@id":"https:\/\/vosgesinfo.fr\/gerardmerinfo\/2026\/09\/larbre-du-village-au-grattoir-un-conte-de-lartiste-a-la-craie\/#primaryimage"},"image":{"@id":"https:\/\/vosgesinfo.fr\/gerardmerinfo\/2026\/09\/larbre-du-village-au-grattoir-un-conte-de-lartiste-a-la-craie\/#primaryimage"},"thumbnailUrl":"https:\/\/vosgesinfo.fr\/app\/uploads\/sites\/6\/2026\/09\/bergeron-grattoir-1787216244.jpg","datePublished":"2026-09-04T03:55:26+00:00","dateModified":"2026-09-01T20:14:26+00:00","breadcrumb":{"@id":"https:\/\/vosgesinfo.fr\/gerardmerinfo\/2026\/09\/larbre-du-village-au-grattoir-un-conte-de-lartiste-a-la-craie\/#breadcrumb"},"inLanguage":"fr-FR","potentialAction":[{"@type":"ReadAction","target":["https:\/\/vosgesinfo.fr\/gerardmerinfo\/2026\/09\/larbre-du-village-au-grattoir-un-conte-de-lartiste-a-la-craie\/"]}]},{"@type":"ImageObject","inLanguage":"fr-FR","@id":"https:\/\/vosgesinfo.fr\/gerardmerinfo\/2026\/09\/larbre-du-village-au-grattoir-un-conte-de-lartiste-a-la-craie\/#primaryimage","url":"https:\/\/vosgesinfo.fr\/app\/uploads\/sites\/6\/2026\/09\/bergeron-grattoir-1787216244.jpg","contentUrl":"https:\/\/vosgesinfo.fr\/app\/uploads\/sites\/6\/2026\/09\/bergeron-grattoir-1787216244.jpg","width":1279,"height":1800},{"@type":"BreadcrumbList","@id":"https:\/\/vosgesinfo.fr\/gerardmerinfo\/2026\/09\/larbre-du-village-au-grattoir-un-conte-de-lartiste-a-la-craie\/#breadcrumb","itemListElement":[{"@type":"ListItem","position":1,"name":"Home","item":"https:\/\/vosgesinfo.fr\/gerardmerinfo\/"},{"@type":"ListItem","position":2,"name":"\u00a0\u00bbL&rsquo;arbre du village\u00a0\u00bb au Grattoir &#8211; un conte de \u00ab l\u2019Artiste \u00e0 la Craie \u00bb"}]},{"@type":"WebSite","@id":"https:\/\/vosgesinfo.fr\/gerardmerinfo\/#website","url":"https:\/\/vosgesinfo.fr\/gerardmerinfo\/","name":"Gerardmer Info","description":"Toute l&#039;actualit\u00e9 de G\u00e9rardmer","publisher":{"@id":"https:\/\/vosgesinfo.fr\/gerardmerinfo\/#organization"},"alternateName":"Toute l'actualit\u00e9 de G\u00e9rardmer","potentialAction":[{"@type":"SearchAction","target":{"@type":"EntryPoint","urlTemplate":"https:\/\/vosgesinfo.fr\/gerardmerinfo\/?s={search_term_string}"},"query-input":"required name=search_term_string"}],"inLanguage":"fr-FR"},{"@type":"Organization","@id":"https:\/\/vosgesinfo.fr\/gerardmerinfo\/#organization","name":"Gerardmer Info","url":"https:\/\/vosgesinfo.fr\/gerardmerinfo\/","logo":{"@type":"ImageObject","inLanguage":"fr-FR","@id":"https:\/\/vosgesinfo.fr\/gerardmerinfo\/#\/schema\/logo\/image\/","url":"https:\/\/vosgesinfo.fr\/app\/uploads\/sites\/6\/2023\/08\/favicon-gerardmerinfo.png","contentUrl":"https:\/\/vosgesinfo.fr\/app\/uploads\/sites\/6\/2023\/08\/favicon-gerardmerinfo.png","width":512,"height":512,"caption":"Gerardmer Info"},"image":{"@id":"https:\/\/vosgesinfo.fr\/gerardmerinfo\/#\/schema\/logo\/image\/"},"sameAs":["https:\/\/www.facebook.com\/profile.php?id=100049475262660","https:\/\/x.com\/VosgesInfo88","https:\/\/www.youtube.com\/@vosgesinfo"]},{"@type":"Person","@id":"https:\/\/vosgesinfo.fr\/gerardmerinfo\/#\/schema\/person\/27a3695b06db98895b354c0765cdfc31","name":"La redaction","image":{"@type":"ImageObject","inLanguage":"fr-FR","@id":"https:\/\/vosgesinfo.fr\/gerardmerinfo\/#\/schema\/person\/image\/","url":"https:\/\/secure.gravatar.com\/avatar\/64c76a78e501cedee55736f43f332df901e1896ae9cd8fad269ae2236dd0e8b6?s=96&d=mm&r=g","contentUrl":"https:\/\/secure.gravatar.com\/avatar\/64c76a78e501cedee55736f43f332df901e1896ae9cd8fad269ae2236dd0e8b6?s=96&d=mm&r=g","caption":"La redaction"},"url":"https:\/\/vosgesinfo.fr\/gerardmerinfo\/author\/la-redaction\/"}]}},"_links":{"self":[{"href":"https:\/\/vosgesinfo.fr\/gerardmerinfo\/wp-json\/wp\/v2\/posts\/95326","targetHints":{"allow":["GET"]}}],"collection":[{"href":"https:\/\/vosgesinfo.fr\/gerardmerinfo\/wp-json\/wp\/v2\/posts"}],"about":[{"href":"https:\/\/vosgesinfo.fr\/gerardmerinfo\/wp-json\/wp\/v2\/types\/post"}],"author":[{"embeddable":true,"href":"https:\/\/vosgesinfo.fr\/gerardmerinfo\/wp-json\/wp\/v2\/users\/391"}],"replies":[{"embeddable":true,"href":"https:\/\/vosgesinfo.fr\/gerardmerinfo\/wp-json\/wp\/v2\/comments?post=95326"}],"version-history":[{"count":1,"href":"https:\/\/vosgesinfo.fr\/gerardmerinfo\/wp-json\/wp\/v2\/posts\/95326\/revisions"}],"predecessor-version":[{"id":95328,"href":"https:\/\/vosgesinfo.fr\/gerardmerinfo\/wp-json\/wp\/v2\/posts\/95326\/revisions\/95328"}],"wp:featuredmedia":[{"embeddable":true,"href":"https:\/\/vosgesinfo.fr\/gerardmerinfo\/wp-json\/wp\/v2\/media\/95327"}],"wp:attachment":[{"href":"https:\/\/vosgesinfo.fr\/gerardmerinfo\/wp-json\/wp\/v2\/media?parent=95326"}],"wp:term":[{"taxonomy":"category","embeddable":true,"href":"https:\/\/vosgesinfo.fr\/gerardmerinfo\/wp-json\/wp\/v2\/categories?post=95326"},{"taxonomy":"post_tag","embeddable":true,"href":"https:\/\/vosgesinfo.fr\/gerardmerinfo\/wp-json\/wp\/v2\/tags?post=95326"}],"curies":[{"name":"wp","href":"https:\/\/api.w.org\/{rel}","templated":true}]}}