{"id":95334,"date":"2026-09-03T05:58:08","date_gmt":"2026-09-03T03:58:08","guid":{"rendered":"https:\/\/vosgesinfo.fr\/gerardmerinfo\/?p=95334"},"modified":"2026-09-02T12:10:44","modified_gmt":"2026-09-02T10:10:44","slug":"conference-agriculture-de-montagne-et-fermes-auberges-un-hommage-aux-paysans-des-hautes-vosges","status":"publish","type":"post","link":"https:\/\/vosgesinfo.fr\/gerardmerinfo\/2026\/09\/conference-agriculture-de-montagne-et-fermes-auberges-un-hommage-aux-paysans-des-hautes-vosges\/","title":{"rendered":"Conf\u00e9rence \u00ab\u00a0Agriculture de montagne et fermes-auberges\u00a0\u00bb : un hommage aux paysans des Hautes Vosges"},"content":{"rendered":"<p class=\"x_MsoNormal\">\u00c0 travers leurs troupeaux, leurs prairies et leur savoir-faire, les agriculteurs de montagne fa\u00e7onnent depuis des g\u00e9n\u00e9rations les paysages des Hautes Vosges. Ils entretiennent les espaces ouverts des Hautes Chaumes, participent \u00e0 la pr\u00e9servation d\u2019une biodiversit\u00e9 remarquable et font vivre une \u00e9conomie montagnarde intimement li\u00e9e aux traditions.<\/p>\n<p class=\"x_MsoNormal\"><a href=\"https:\/\/vosgesinfo.fr\/app\/uploads\/sites\/6\/2026\/09\/affiche-confe\u0301rence-ferme-auberge.jpg\"><img decoding=\"async\" class=\"alignright size-medium wp-image-95335\" src=\"https:\/\/vosgesinfo.fr\/app\/uploads\/sites\/6\/2026\/09\/affiche-confe\u0301rence-ferme-auberge-213x300.jpg\" alt=\"\" width=\"213\" height=\"300\" srcset=\"https:\/\/vosgesinfo.fr\/app\/uploads\/sites\/6\/2026\/09\/affiche-confe\u0301rence-ferme-auberge-213x300.jpg 213w, https:\/\/vosgesinfo.fr\/app\/uploads\/sites\/6\/2026\/09\/affiche-confe\u0301rence-ferme-auberge-726x1024.jpg 726w, https:\/\/vosgesinfo.fr\/app\/uploads\/sites\/6\/2026\/09\/affiche-confe\u0301rence-ferme-auberge-768x1083.jpg 768w, https:\/\/vosgesinfo.fr\/app\/uploads\/sites\/6\/2026\/09\/affiche-confe\u0301rence-ferme-auberge-1090x1536.jpg 1090w, https:\/\/vosgesinfo.fr\/app\/uploads\/sites\/6\/2026\/09\/affiche-confe\u0301rence-ferme-auberge.jpg 1362w\" sizes=\"(max-width: 213px) 100vw, 213px\" \/><\/a>A l\u2019initiative de l\u2019Office de Tourisme G\u00e9rardmer Hautes-Vosges, c\u2019est cette histoire humaine et ce patrimoine vivant que Richard Brionne, surnomm\u00e9 \u00ab Le Vieux Montagnard \u00bb, viendra raconter lors d\u2019une conf\u00e9rence consacr\u00e9e \u00e0 \u00ab l\u2019agriculture de montagne et ses fermes-auberges \u00bb, vendredi 11 septembre \u00e0 20 h, \u00e0 la salle Jeanne d\u2019Arc de G\u00e9rardmer.<\/p>\n<p class=\"x_MsoNormal\" aria-hidden=\"true\">\n<p class=\"x_MsoNormal\">Passionn\u00e9 par le Massif des Vosges, Richard Brionne arpente, depuis des ann\u00e9es, les chemins de montagne \u00e0 la rencontre de celles et ceux qui la font vivre. Il prend le temps d\u2019\u00e9changer, d\u2019\u00e9couter, de comprendre leurs parcours et leur quotidien, puis de les immortaliser dans de magnifiques photographies et dans les nombreux ouvrages qu\u2019il leur consacre. Son regard est avant tout celui d\u2019un amoureux des gens et de la montagne, attach\u00e9 \u00e0 la parole de ces femmes et de ces hommes dont le travail contribue \u00e0 pr\u00e9server une identit\u00e9 et des paysages uniques.<\/p>\n<p class=\"x_MsoNormal\" aria-hidden=\"true\">\n<p class=\"x_MsoNormal\">Au fil de ses rencontres, \u00ab Le Vieux Montagnard \u00bb s\u2019est impos\u00e9 comme un ardent d\u00e9fenseur de l\u2019agriculture de montagne. Pour lui, les paysans montagnards ne sont pas seulement les gardiens de traditions anciennes : ils sont aussi des acteurs essentiels de l\u2019\u00e9quilibre des paysages et de la vitalit\u00e9 \u00e9conomique du territoire. Le p\u00e2turage et l\u2019entretien des prairies contribuent notamment au maintien des paysages ouverts des Hautes Chaumes, v\u00e9ritables r\u00e9servoirs de biodiversit\u00e9.<\/p>\n<p class=\"x_MsoNormal\" aria-hidden=\"true\">\n<p class=\"x_MsoNormal\">La conf\u00e9rence permettra \u00e9galement de mettre en lumi\u00e8re un \u00e9l\u00e9ment embl\u00e9matique de cette \u00e9conomie et de cette culture montagnardes : les fermes-auberges. Ces \u00e9tablissements sont bien davantage que des lieux o\u00f9 l\u2019on vient d\u00e9guster les sp\u00e9cialit\u00e9s vosgiennes. Ils racontent une mani\u00e8re de vivre la montagne, transmettent des savoir-faire et permettent aux agriculteurs de valoriser directement le fruit de leur travail. \u00c0 travers elles, se perp\u00e9tue une relation \u00e9troite entre agriculture, gastronomie, accueil et patrimoine.<\/p>\n<p class=\"x_MsoNormal\" aria-hidden=\"true\">\n<p class=\"x_MsoNormal\">Avec ses photographies et les r\u00e9cits recueillis au fil de ses rencontres, Richard Brionne proposera ainsi une plong\u00e9e sensible dans cet univers. Une occasion de d\u00e9couvrir ou red\u00e9couvrir celles et ceux qui, souvent loin des projecteurs, entretiennent au quotidien les paysages des Hautes Vosges et contribuent \u00e0 faire vivre leur montagne.<\/p>\n<p class=\"x_MsoNormal\" aria-hidden=\"true\">\n<p class=\"x_MsoNormal\"><b>C\u00f4t\u00e9 pratique<\/b><\/p>\n<p class=\"x_MsoNormal\">Conf\u00e9rence \u00ab L\u2019agriculture de montagne et ses fermes-auberges \u00bb<\/p>\n<p class=\"x_MsoNormal\">Par Richard Brionne<\/p>\n<p class=\"x_MsoNormal\">Vendredi 11 septembre 2026 \u00e0 20 h<\/p>\n<p class=\"x_MsoNormal\">Salle Jeanne d\u2019Arc \u2013 G\u00e9rardmer<\/p>\n<p class=\"x_MsoNormal\">Entr\u00e9e libre<\/p>\n<p class=\"x_MsoNormal\">Organisation\u00a0: Office de Tourisme Communautaire G\u00e9rardmer Hautes-Vosges<\/p>\n","protected":false},"excerpt":{"rendered":"<p>\u00c0 travers leurs troupeaux, leurs prairies et leur savoir-faire, les agriculteurs de montagne fa\u00e7onnent depuis des g\u00e9n\u00e9rations les paysages des [&hellip;]<\/p>\n","protected":false},"author":391,"featured_media":95335,"comment_status":"open","ping_status":"open","sticky":false,"template":"","format":"standard","meta":{"footnotes":""},"categories":[20,23,5647],"tags":[],"class_list":["post-95334","post","type-post","status-publish","format-standard","has-post-thumbnail","hentry","category-a-la-une","category-agriculture","category-gerardmer-autres-sites"],"acf":[],"yoast_head":"<!-- This site is optimized with the Yoast SEO plugin v22.5 - https:\/\/yoast.com\/wordpress\/plugins\/seo\/ -->\n<title>Conf\u00e9rence &quot;Agriculture de montagne et fermes-auberges&quot; : un hommage aux paysans des Hautes Vosges - Gerardmer Info<\/title>\n<meta name=\"robots\" content=\"index, follow, max-snippet:-1, max-image-preview:large, max-video-preview:-1\" \/>\n<link rel=\"canonical\" href=\"https:\/\/vosgesinfo.fr\/gerardmerinfo\/2026\/09\/conference-agriculture-de-montagne-et-fermes-auberges-un-hommage-aux-paysans-des-hautes-vosges\/\" \/>\n<meta name=\"twitter:card\" content=\"summary_large_image\" \/>\n<meta name=\"twitter:title\" content=\"Conf\u00e9rence &quot;Agriculture de montagne et fermes-auberges&quot; : un hommage aux paysans des Hautes Vosges - Gerardmer Info\" \/>\n<meta name=\"twitter:description\" content=\"\u00c0 travers leurs troupeaux, leurs prairies et leur savoir-faire, les agriculteurs de montagne fa\u00e7onnent depuis des g\u00e9n\u00e9rations les paysages des [&hellip;]\" \/>\n<meta name=\"twitter:image\" content=\"https:\/\/vosgesinfo.fr\/app\/uploads\/sites\/6\/2026\/09\/affiche-confe\u0301rence-ferme-auberge.jpg\" \/>\n<meta name=\"twitter:creator\" content=\"@VosgesInfo88\" \/>\n<meta name=\"twitter:site\" content=\"@VosgesInfo88\" \/>\n<meta name=\"twitter:label1\" content=\"\u00c9crit par\" \/>\n\t<meta name=\"twitter:data1\" content=\"La redaction\" \/>\n\t<meta name=\"twitter:label2\" content=\"Dur\u00e9e de lecture estim\u00e9e\" \/>\n\t<meta name=\"twitter:data2\" content=\"2 minutes\" \/>\n<script type=\"application\/ld+json\" class=\"yoast-schema-graph\">{\"@context\":\"https:\/\/schema.org\",\"@graph\":[{\"@type\":\"Article\",\"@id\":\"https:\/\/vosgesinfo.fr\/gerardmerinfo\/2026\/09\/conference-agriculture-de-montagne-et-fermes-auberges-un-hommage-aux-paysans-des-hautes-vosges\/#article\",\"isPartOf\":{\"@id\":\"https:\/\/vosgesinfo.fr\/gerardmerinfo\/2026\/09\/conference-agriculture-de-montagne-et-fermes-auberges-un-hommage-aux-paysans-des-hautes-vosges\/\"},\"author\":{\"name\":\"La redaction\",\"@id\":\"https:\/\/vosgesinfo.fr\/gerardmerinfo\/#\/schema\/person\/27a3695b06db98895b354c0765cdfc31\"},\"headline\":\"Conf\u00e9rence \u00ab\u00a0Agriculture de montagne et fermes-auberges\u00a0\u00bb : un hommage aux paysans des Hautes Vosges\",\"datePublished\":\"2026-09-03T03:58:08+00:00\",\"dateModified\":\"2026-09-02T10:10:44+00:00\",\"mainEntityOfPage\":{\"@id\":\"https:\/\/vosgesinfo.fr\/gerardmerinfo\/2026\/09\/conference-agriculture-de-montagne-et-fermes-auberges-un-hommage-aux-paysans-des-hautes-vosges\/\"},\"wordCount\":463,\"commentCount\":0,\"publisher\":{\"@id\":\"https:\/\/vosgesinfo.fr\/gerardmerinfo\/#organization\"},\"image\":{\"@id\":\"https:\/\/vosgesinfo.fr\/gerardmerinfo\/2026\/09\/conference-agriculture-de-montagne-et-fermes-auberges-un-hommage-aux-paysans-des-hautes-vosges\/#primaryimage\"},\"thumbnailUrl\":\"https:\/\/vosgesinfo.fr\/app\/uploads\/sites\/6\/2026\/09\/affiche-confe\u0301rence-ferme-auberge.jpg\",\"articleSection\":[\"A la une\",\"agriculture\",\"Gerardmer\"],\"inLanguage\":\"fr-FR\",\"potentialAction\":[{\"@type\":\"CommentAction\",\"name\":\"Comment\",\"target\":[\"https:\/\/vosgesinfo.fr\/gerardmerinfo\/2026\/09\/conference-agriculture-de-montagne-et-fermes-auberges-un-hommage-aux-paysans-des-hautes-vosges\/#respond\"]}]},{\"@type\":\"WebPage\",\"@id\":\"https:\/\/vosgesinfo.fr\/gerardmerinfo\/2026\/09\/conference-agriculture-de-montagne-et-fermes-auberges-un-hommage-aux-paysans-des-hautes-vosges\/\",\"url\":\"https:\/\/vosgesinfo.fr\/gerardmerinfo\/2026\/09\/conference-agriculture-de-montagne-et-fermes-auberges-un-hommage-aux-paysans-des-hautes-vosges\/\",\"name\":\"Conf\u00e9rence \\\"Agriculture de montagne et fermes-auberges\\\" : un hommage aux paysans des Hautes Vosges - Gerardmer Info\",\"isPartOf\":{\"@id\":\"https:\/\/vosgesinfo.fr\/gerardmerinfo\/#website\"},\"primaryImageOfPage\":{\"@id\":\"https:\/\/vosgesinfo.fr\/gerardmerinfo\/2026\/09\/conference-agriculture-de-montagne-et-fermes-auberges-un-hommage-aux-paysans-des-hautes-vosges\/#primaryimage\"},\"image\":{\"@id\":\"https:\/\/vosgesinfo.fr\/gerardmerinfo\/2026\/09\/conference-agriculture-de-montagne-et-fermes-auberges-un-hommage-aux-paysans-des-hautes-vosges\/#primaryimage\"},\"thumbnailUrl\":\"https:\/\/vosgesinfo.fr\/app\/uploads\/sites\/6\/2026\/09\/affiche-confe\u0301rence-ferme-auberge.jpg\",\"datePublished\":\"2026-09-03T03:58:08+00:00\",\"dateModified\":\"2026-09-02T10:10:44+00:00\",\"breadcrumb\":{\"@id\":\"https:\/\/vosgesinfo.fr\/gerardmerinfo\/2026\/09\/conference-agriculture-de-montagne-et-fermes-auberges-un-hommage-aux-paysans-des-hautes-vosges\/#breadcrumb\"},\"inLanguage\":\"fr-FR\",\"potentialAction\":[{\"@type\":\"ReadAction\",\"target\":[\"https:\/\/vosgesinfo.fr\/gerardmerinfo\/2026\/09\/conference-agriculture-de-montagne-et-fermes-auberges-un-hommage-aux-paysans-des-hautes-vosges\/\"]}]},{\"@type\":\"ImageObject\",\"inLanguage\":\"fr-FR\",\"@id\":\"https:\/\/vosgesinfo.fr\/gerardmerinfo\/2026\/09\/conference-agriculture-de-montagne-et-fermes-auberges-un-hommage-aux-paysans-des-hautes-vosges\/#primaryimage\",\"url\":\"https:\/\/vosgesinfo.fr\/app\/uploads\/sites\/6\/2026\/09\/affiche-confe\u0301rence-ferme-auberge.jpg\",\"contentUrl\":\"https:\/\/vosgesinfo.fr\/app\/uploads\/sites\/6\/2026\/09\/affiche-confe\u0301rence-ferme-auberge.jpg\",\"width\":1362,\"height\":1920},{\"@type\":\"BreadcrumbList\",\"@id\":\"https:\/\/vosgesinfo.fr\/gerardmerinfo\/2026\/09\/conference-agriculture-de-montagne-et-fermes-auberges-un-hommage-aux-paysans-des-hautes-vosges\/#breadcrumb\",\"itemListElement\":[{\"@type\":\"ListItem\",\"position\":1,\"name\":\"Home\",\"item\":\"https:\/\/vosgesinfo.fr\/gerardmerinfo\/\"},{\"@type\":\"ListItem\",\"position\":2,\"name\":\"Conf\u00e9rence \u00ab\u00a0Agriculture de montagne et fermes-auberges\u00a0\u00bb : un hommage aux paysans des Hautes Vosges\"}]},{\"@type\":\"WebSite\",\"@id\":\"https:\/\/vosgesinfo.fr\/gerardmerinfo\/#website\",\"url\":\"https:\/\/vosgesinfo.fr\/gerardmerinfo\/\",\"name\":\"Gerardmer Info\",\"description\":\"Toute l&#039;actualit\u00e9 de G\u00e9rardmer\",\"publisher\":{\"@id\":\"https:\/\/vosgesinfo.fr\/gerardmerinfo\/#organization\"},\"alternateName\":\"Toute l'actualit\u00e9 de G\u00e9rardmer\",\"potentialAction\":[{\"@type\":\"SearchAction\",\"target\":{\"@type\":\"EntryPoint\",\"urlTemplate\":\"https:\/\/vosgesinfo.fr\/gerardmerinfo\/?s={search_term_string}\"},\"query-input\":\"required name=search_term_string\"}],\"inLanguage\":\"fr-FR\"},{\"@type\":\"Organization\",\"@id\":\"https:\/\/vosgesinfo.fr\/gerardmerinfo\/#organization\",\"name\":\"Gerardmer Info\",\"url\":\"https:\/\/vosgesinfo.fr\/gerardmerinfo\/\",\"logo\":{\"@type\":\"ImageObject\",\"inLanguage\":\"fr-FR\",\"@id\":\"https:\/\/vosgesinfo.fr\/gerardmerinfo\/#\/schema\/logo\/image\/\",\"url\":\"https:\/\/vosgesinfo.fr\/app\/uploads\/sites\/6\/2023\/08\/favicon-gerardmerinfo.png\",\"contentUrl\":\"https:\/\/vosgesinfo.fr\/app\/uploads\/sites\/6\/2023\/08\/favicon-gerardmerinfo.png\",\"width\":512,\"height\":512,\"caption\":\"Gerardmer Info\"},\"image\":{\"@id\":\"https:\/\/vosgesinfo.fr\/gerardmerinfo\/#\/schema\/logo\/image\/\"},\"sameAs\":[\"https:\/\/www.facebook.com\/profile.php?id=100049475262660\",\"https:\/\/x.com\/VosgesInfo88\",\"https:\/\/www.youtube.com\/@vosgesinfo\"]},{\"@type\":\"Person\",\"@id\":\"https:\/\/vosgesinfo.fr\/gerardmerinfo\/#\/schema\/person\/27a3695b06db98895b354c0765cdfc31\",\"name\":\"La redaction\",\"image\":{\"@type\":\"ImageObject\",\"inLanguage\":\"fr-FR\",\"@id\":\"https:\/\/vosgesinfo.fr\/gerardmerinfo\/#\/schema\/person\/image\/\",\"url\":\"https:\/\/secure.gravatar.com\/avatar\/64c76a78e501cedee55736f43f332df901e1896ae9cd8fad269ae2236dd0e8b6?s=96&d=mm&r=g\",\"contentUrl\":\"https:\/\/secure.gravatar.com\/avatar\/64c76a78e501cedee55736f43f332df901e1896ae9cd8fad269ae2236dd0e8b6?s=96&d=mm&r=g\",\"caption\":\"La redaction\"},\"url\":\"https:\/\/vosgesinfo.fr\/gerardmerinfo\/author\/la-redaction\/\"}]}<\/script>\n<!-- \/ Yoast SEO plugin. -->","yoast_head_json":{"title":"Conf\u00e9rence \"Agriculture de montagne et fermes-auberges\" : un hommage aux paysans des Hautes Vosges - Gerardmer Info","robots":{"index":"index","follow":"follow","max-snippet":"max-snippet:-1","max-image-preview":"max-image-preview:large","max-video-preview":"max-video-preview:-1"},"canonical":"https:\/\/vosgesinfo.fr\/gerardmerinfo\/2026\/09\/conference-agriculture-de-montagne-et-fermes-auberges-un-hommage-aux-paysans-des-hautes-vosges\/","twitter_card":"summary_large_image","twitter_title":"Conf\u00e9rence \"Agriculture de montagne et fermes-auberges\" : un hommage aux paysans des Hautes Vosges - Gerardmer Info","twitter_description":"\u00c0 travers leurs troupeaux, leurs prairies et leur savoir-faire, les agriculteurs de montagne fa\u00e7onnent depuis des g\u00e9n\u00e9rations les paysages des [&hellip;]","twitter_image":"https:\/\/vosgesinfo.fr\/app\/uploads\/sites\/6\/2026\/09\/affiche-confe\u0301rence-ferme-auberge.jpg","twitter_creator":"@VosgesInfo88","twitter_site":"@VosgesInfo88","twitter_misc":{"\u00c9crit par":"La redaction","Dur\u00e9e de lecture estim\u00e9e":"2 minutes"},"schema":{"@context":"https:\/\/schema.org","@graph":[{"@type":"Article","@id":"https:\/\/vosgesinfo.fr\/gerardmerinfo\/2026\/09\/conference-agriculture-de-montagne-et-fermes-auberges-un-hommage-aux-paysans-des-hautes-vosges\/#article","isPartOf":{"@id":"https:\/\/vosgesinfo.fr\/gerardmerinfo\/2026\/09\/conference-agriculture-de-montagne-et-fermes-auberges-un-hommage-aux-paysans-des-hautes-vosges\/"},"author":{"name":"La redaction","@id":"https:\/\/vosgesinfo.fr\/gerardmerinfo\/#\/schema\/person\/27a3695b06db98895b354c0765cdfc31"},"headline":"Conf\u00e9rence \u00ab\u00a0Agriculture de montagne et fermes-auberges\u00a0\u00bb : un hommage aux paysans des Hautes Vosges","datePublished":"2026-09-03T03:58:08+00:00","dateModified":"2026-09-02T10:10:44+00:00","mainEntityOfPage":{"@id":"https:\/\/vosgesinfo.fr\/gerardmerinfo\/2026\/09\/conference-agriculture-de-montagne-et-fermes-auberges-un-hommage-aux-paysans-des-hautes-vosges\/"},"wordCount":463,"commentCount":0,"publisher":{"@id":"https:\/\/vosgesinfo.fr\/gerardmerinfo\/#organization"},"image":{"@id":"https:\/\/vosgesinfo.fr\/gerardmerinfo\/2026\/09\/conference-agriculture-de-montagne-et-fermes-auberges-un-hommage-aux-paysans-des-hautes-vosges\/#primaryimage"},"thumbnailUrl":"https:\/\/vosgesinfo.fr\/app\/uploads\/sites\/6\/2026\/09\/affiche-confe\u0301rence-ferme-auberge.jpg","articleSection":["A la une","agriculture","Gerardmer"],"inLanguage":"fr-FR","potentialAction":[{"@type":"CommentAction","name":"Comment","target":["https:\/\/vosgesinfo.fr\/gerardmerinfo\/2026\/09\/conference-agriculture-de-montagne-et-fermes-auberges-un-hommage-aux-paysans-des-hautes-vosges\/#respond"]}]},{"@type":"WebPage","@id":"https:\/\/vosgesinfo.fr\/gerardmerinfo\/2026\/09\/conference-agriculture-de-montagne-et-fermes-auberges-un-hommage-aux-paysans-des-hautes-vosges\/","url":"https:\/\/vosgesinfo.fr\/gerardmerinfo\/2026\/09\/conference-agriculture-de-montagne-et-fermes-auberges-un-hommage-aux-paysans-des-hautes-vosges\/","name":"Conf\u00e9rence \"Agriculture de montagne et fermes-auberges\" : un hommage aux paysans des Hautes Vosges - Gerardmer Info","isPartOf":{"@id":"https:\/\/vosgesinfo.fr\/gerardmerinfo\/#website"},"primaryImageOfPage":{"@id":"https:\/\/vosgesinfo.fr\/gerardmerinfo\/2026\/09\/conference-agriculture-de-montagne-et-fermes-auberges-un-hommage-aux-paysans-des-hautes-vosges\/#primaryimage"},"image":{"@id":"https:\/\/vosgesinfo.fr\/gerardmerinfo\/2026\/09\/conference-agriculture-de-montagne-et-fermes-auberges-un-hommage-aux-paysans-des-hautes-vosges\/#primaryimage"},"thumbnailUrl":"https:\/\/vosgesinfo.fr\/app\/uploads\/sites\/6\/2026\/09\/affiche-confe\u0301rence-ferme-auberge.jpg","datePublished":"2026-09-03T03:58:08+00:00","dateModified":"2026-09-02T10:10:44+00:00","breadcrumb":{"@id":"https:\/\/vosgesinfo.fr\/gerardmerinfo\/2026\/09\/conference-agriculture-de-montagne-et-fermes-auberges-un-hommage-aux-paysans-des-hautes-vosges\/#breadcrumb"},"inLanguage":"fr-FR","potentialAction":[{"@type":"ReadAction","target":["https:\/\/vosgesinfo.fr\/gerardmerinfo\/2026\/09\/conference-agriculture-de-montagne-et-fermes-auberges-un-hommage-aux-paysans-des-hautes-vosges\/"]}]},{"@type":"ImageObject","inLanguage":"fr-FR","@id":"https:\/\/vosgesinfo.fr\/gerardmerinfo\/2026\/09\/conference-agriculture-de-montagne-et-fermes-auberges-un-hommage-aux-paysans-des-hautes-vosges\/#primaryimage","url":"https:\/\/vosgesinfo.fr\/app\/uploads\/sites\/6\/2026\/09\/affiche-confe\u0301rence-ferme-auberge.jpg","contentUrl":"https:\/\/vosgesinfo.fr\/app\/uploads\/sites\/6\/2026\/09\/affiche-confe\u0301rence-ferme-auberge.jpg","width":1362,"height":1920},{"@type":"BreadcrumbList","@id":"https:\/\/vosgesinfo.fr\/gerardmerinfo\/2026\/09\/conference-agriculture-de-montagne-et-fermes-auberges-un-hommage-aux-paysans-des-hautes-vosges\/#breadcrumb","itemListElement":[{"@type":"ListItem","position":1,"name":"Home","item":"https:\/\/vosgesinfo.fr\/gerardmerinfo\/"},{"@type":"ListItem","position":2,"name":"Conf\u00e9rence \u00ab\u00a0Agriculture de montagne et fermes-auberges\u00a0\u00bb : un hommage aux paysans des Hautes Vosges"}]},{"@type":"WebSite","@id":"https:\/\/vosgesinfo.fr\/gerardmerinfo\/#website","url":"https:\/\/vosgesinfo.fr\/gerardmerinfo\/","name":"Gerardmer Info","description":"Toute l&#039;actualit\u00e9 de G\u00e9rardmer","publisher":{"@id":"https:\/\/vosgesinfo.fr\/gerardmerinfo\/#organization"},"alternateName":"Toute l'actualit\u00e9 de G\u00e9rardmer","potentialAction":[{"@type":"SearchAction","target":{"@type":"EntryPoint","urlTemplate":"https:\/\/vosgesinfo.fr\/gerardmerinfo\/?s={search_term_string}"},"query-input":"required name=search_term_string"}],"inLanguage":"fr-FR"},{"@type":"Organization","@id":"https:\/\/vosgesinfo.fr\/gerardmerinfo\/#organization","name":"Gerardmer Info","url":"https:\/\/vosgesinfo.fr\/gerardmerinfo\/","logo":{"@type":"ImageObject","inLanguage":"fr-FR","@id":"https:\/\/vosgesinfo.fr\/gerardmerinfo\/#\/schema\/logo\/image\/","url":"https:\/\/vosgesinfo.fr\/app\/uploads\/sites\/6\/2023\/08\/favicon-gerardmerinfo.png","contentUrl":"https:\/\/vosgesinfo.fr\/app\/uploads\/sites\/6\/2023\/08\/favicon-gerardmerinfo.png","width":512,"height":512,"caption":"Gerardmer Info"},"image":{"@id":"https:\/\/vosgesinfo.fr\/gerardmerinfo\/#\/schema\/logo\/image\/"},"sameAs":["https:\/\/www.facebook.com\/profile.php?id=100049475262660","https:\/\/x.com\/VosgesInfo88","https:\/\/www.youtube.com\/@vosgesinfo"]},{"@type":"Person","@id":"https:\/\/vosgesinfo.fr\/gerardmerinfo\/#\/schema\/person\/27a3695b06db98895b354c0765cdfc31","name":"La redaction","image":{"@type":"ImageObject","inLanguage":"fr-FR","@id":"https:\/\/vosgesinfo.fr\/gerardmerinfo\/#\/schema\/person\/image\/","url":"https:\/\/secure.gravatar.com\/avatar\/64c76a78e501cedee55736f43f332df901e1896ae9cd8fad269ae2236dd0e8b6?s=96&d=mm&r=g","contentUrl":"https:\/\/secure.gravatar.com\/avatar\/64c76a78e501cedee55736f43f332df901e1896ae9cd8fad269ae2236dd0e8b6?s=96&d=mm&r=g","caption":"La redaction"},"url":"https:\/\/vosgesinfo.fr\/gerardmerinfo\/author\/la-redaction\/"}]}},"_links":{"self":[{"href":"https:\/\/vosgesinfo.fr\/gerardmerinfo\/wp-json\/wp\/v2\/posts\/95334","targetHints":{"allow":["GET"]}}],"collection":[{"href":"https:\/\/vosgesinfo.fr\/gerardmerinfo\/wp-json\/wp\/v2\/posts"}],"about":[{"href":"https:\/\/vosgesinfo.fr\/gerardmerinfo\/wp-json\/wp\/v2\/types\/post"}],"author":[{"embeddable":true,"href":"https:\/\/vosgesinfo.fr\/gerardmerinfo\/wp-json\/wp\/v2\/users\/391"}],"replies":[{"embeddable":true,"href":"https:\/\/vosgesinfo.fr\/gerardmerinfo\/wp-json\/wp\/v2\/comments?post=95334"}],"version-history":[{"count":1,"href":"https:\/\/vosgesinfo.fr\/gerardmerinfo\/wp-json\/wp\/v2\/posts\/95334\/revisions"}],"predecessor-version":[{"id":95336,"href":"https:\/\/vosgesinfo.fr\/gerardmerinfo\/wp-json\/wp\/v2\/posts\/95334\/revisions\/95336"}],"wp:featuredmedia":[{"embeddable":true,"href":"https:\/\/vosgesinfo.fr\/gerardmerinfo\/wp-json\/wp\/v2\/media\/95335"}],"wp:attachment":[{"href":"https:\/\/vosgesinfo.fr\/gerardmerinfo\/wp-json\/wp\/v2\/media?parent=95334"}],"wp:term":[{"taxonomy":"category","embeddable":true,"href":"https:\/\/vosgesinfo.fr\/gerardmerinfo\/wp-json\/wp\/v2\/categories?post=95334"},{"taxonomy":"post_tag","embeddable":true,"href":"https:\/\/vosgesinfo.fr\/gerardmerinfo\/wp-json\/wp\/v2\/tags?post=95334"}],"curies":[{"name":"wp","href":"https:\/\/api.w.org\/{rel}","templated":true}]}}